{"id":184014,"date":"2015-08-13T19:06:00","date_gmt":"2015-08-13T19:06:00","guid":{"rendered":"https:\/\/www.webdo.tn\/fr\/actualite\/blog\/a-partir-daujourdhui-13-aout-2015-lhumanite-vit-au-dessus-de-ses-moyens\/184014\/"},"modified":"2025-05-22T12:52:58","modified_gmt":"2025-05-22T12:52:58","slug":"a-partir-daujourdhui-13-aout-2015-lhumanite-vit-au-dessus-de-ses-moyens","status":"publish","type":"post","link":"https:\/\/www.webdo.tn\/fr\/actualite\/international\/a-partir-daujourdhui-13-aout-2015-lhumanite-vit-au-dessus-de-ses-moyens\/184014\/","title":{"rendered":"A partir d&rsquo;aujourd&rsquo;hui 13 ao\u00fbt 2015, l\u2019humanit\u00e9 vit au-dessus de ses moyens"},"content":{"rendered":"<p>En moins de huit mois, l\u2019humanit\u00e9 a d\u00e9j\u00e0 consomm\u00e9 toutes les ressources naturelles renouvelables que la plan\u00e8te peut produire en un an. L\u2019organisation Global Footprint Network surveille notre consommation chaque ann\u00e9e, \u00e0 l&rsquo;\u00e9chelle plan\u00e9taire.<\/p>\n<p>Elle\u00a0compare l\u2019exploitation des ressources naturelles de la Terre par l\u2019homme, avec la capacit\u00e9 de notre plan\u00e8te\u00a0\u00e0 r\u00e9g\u00e9n\u00e9rer ses ressources et \u00e0 absorber les d\u00e9chets.<\/p>\n<p>Aujourd&rsquo;hui, 13 ao\u00fbt 2015, nous avons officiellement outrepass\u00e9 le point o\u00f9 la terre se r\u00e9g\u00e9n\u00e9rait.<\/p>\n<p>Cette date fatidique arrive plus t\u00f4t \u00e0 mesure que les ann\u00e9es passent. En 1975, par exemple, c&rsquo;\u00e9tait \u00e0 la fin novembre, en 2005, au tout d\u00e9but\u00a0de\u00a0septembre.<\/p>\n<p>L\u2019humanit\u00e9 augmente de plus en plus\u00a0sa consommation de ressources, alors que cela fait des ann\u00e9es qu\u2019elle vit d\u00e9j\u00e0 \u00e0 cr\u00e9dit. Notre dette \u00e9cologique devient de plus en plus importante. \u00a0Cette dette a un prix tr\u00e8s \u00e9lev\u00e9 : d\u00e9forestation, baisse des r\u00e9serves d\u2019eau, accumulation de d\u00e9chets et de gaz \u00e0 effet de serre\u2026<\/p>\n<p>Bien s\u00fbr l\u2019accroissement de la population mondiale est un facteur aggravant. Il faudrait 1,6 plan\u00e8te pour r\u00e9pondre aux besoins de l\u2019humanit\u00e9, \u00a0et si rien ne change d&rsquo;ici 2030, il nous en faudra deux.<\/p>\n<p>Donc soit on change notre mode de fonctionnement, soit on colonise d&rsquo;autres plan\u00e8tes !<\/p>\n","protected":false},"excerpt":{"rendered":"<p>A partir d&rsquo;aujourd&rsquo;hui 13 ao\u00fbt 2015, l\u2019humanit\u00e9 vit au-dessus de ses moyens<\/p>\n","protected":false},"author":3222,"featured_media":351890,"comment_status":"open","ping_status":"closed","sticky":false,"template":"","format":"standard","meta":{"footnotes":""},"categories":[2598],"tags":[],"class_list":["post-184014","post","type-post","status-publish","format-standard","has-post-thumbnail","hentry","category-international"],"yoast_head":"<!-- This site is optimized with the Yoast SEO Premium plugin v27.5 (Yoast SEO v27.5) - https:\/\/yoast.com\/product\/yoast-seo-premium-wordpress\/ -->\n<title>A partir d&#039;aujourd&#039;hui 13 ao\u00fbt 2015, l\u2019humanit\u00e9 vit au-dessus de ses moyens<\/title>\n<meta name=\"description\" content=\"A partir d&#039;aujourd&#039;hui 13 ao\u00fbt 2015, l\u2019humanit\u00e9 vit au-dessus de ses moyens\" \/>\n<link rel=\"canonical\" href=\"https:\/\/www.webdo.tn\/fr\/actualite\/international\/a-partir-daujourdhui-13-aout-2015-lhumanite-vit-au-dessus-de-ses-moyens\/184014\/\" \/>\n<meta property=\"og:locale\" content=\"fr_FR\" \/>\n<meta property=\"og:type\" content=\"article\" \/>\n<meta property=\"og:title\" content=\"A partir d&#039;aujourd&#039;hui 13 ao\u00fbt 2015, l\u2019humanit\u00e9 vit au-dessus de ses moyens\" \/>\n<meta property=\"og:description\" content=\"A partir d&#039;aujourd&#039;hui 13 ao\u00fbt 2015, l\u2019humanit\u00e9 vit au-dessus de ses moyens\" \/>\n<meta property=\"og:url\" content=\"https:\/\/www.webdo.tn\/fr\/actualite\/international\/a-partir-daujourdhui-13-aout-2015-lhumanite-vit-au-dessus-de-ses-moyens\/184014\/\" \/>\n<meta property=\"og:site_name\" content=\"webdo\" \/>\n<meta property=\"article:publisher\" content=\"https:\/\/www.facebook.com\/webdotn\" \/>\n<meta property=\"article:published_time\" content=\"2015-08-13T19:06:00+00:00\" \/>\n<meta property=\"article:modified_time\" content=\"2025-05-22T12:52:58+00:00\" \/>\n<meta property=\"og:image\" content=\"https:\/\/www.webdo.tn\/fr\/wp-content\/uploads\/2015\/08\/terre-300x300-1.jpg\" \/>\n\t<meta property=\"og:image:width\" content=\"300\" \/>\n\t<meta property=\"og:image:height\" content=\"300\" \/>\n\t<meta property=\"og:image:type\" content=\"image\/jpeg\" \/>\n<meta name=\"author\" content=\"webdo.tn\" \/>\n<meta name=\"twitter:card\" content=\"summary_large_image\" \/>\n<meta name=\"twitter:creator\" content=\"@webdo_tn\" \/>\n<meta name=\"twitter:site\" content=\"@webdo_tn\" \/>\n<meta name=\"twitter:label1\" content=\"\u00c9crit par\" \/>\n\t<meta name=\"twitter:data1\" content=\"webdo.tn\" \/>\n\t<meta name=\"twitter:label2\" content=\"Dur\u00e9e de lecture estim\u00e9e\" \/>\n\t<meta name=\"twitter:data2\" content=\"1 minute\" \/>\n<script type=\"application\/ld+json\" class=\"yoast-schema-graph\">{\"@context\":\"https:\\\/\\\/schema.org\",\"@graph\":[{\"@type\":\"NewsArticle\",\"@id\":\"https:\\\/\\\/www.webdo.tn\\\/fr\\\/actualite\\\/international\\\/a-partir-daujourdhui-13-aout-2015-lhumanite-vit-au-dessus-de-ses-moyens\\\/184014\\\/#article\",\"isPartOf\":{\"@id\":\"https:\\\/\\\/www.webdo.tn\\\/fr\\\/actualite\\\/international\\\/a-partir-daujourdhui-13-aout-2015-lhumanite-vit-au-dessus-de-ses-moyens\\\/184014\\\/\"},\"author\":{\"name\":\"webdo.tn\",\"@id\":\"https:\\\/\\\/www.webdo.tn\\\/fr\\\/#\\\/schema\\\/person\\\/9a9c6118d687c117df8ef3cc36a4d175\"},\"headline\":\"A partir d&rsquo;aujourd&rsquo;hui 13 ao\u00fbt 2015, l\u2019humanit\u00e9 vit au-dessus de ses moyens\",\"datePublished\":\"2015-08-13T19:06:00+00:00\",\"dateModified\":\"2025-05-22T12:52:58+00:00\",\"mainEntityOfPage\":{\"@id\":\"https:\\\/\\\/www.webdo.tn\\\/fr\\\/actualite\\\/international\\\/a-partir-daujourdhui-13-aout-2015-lhumanite-vit-au-dessus-de-ses-moyens\\\/184014\\\/\"},\"wordCount\":243,\"commentCount\":0,\"publisher\":{\"@id\":\"https:\\\/\\\/www.webdo.tn\\\/fr\\\/#organization\"},\"image\":{\"@id\":\"https:\\\/\\\/www.webdo.tn\\\/fr\\\/actualite\\\/international\\\/a-partir-daujourdhui-13-aout-2015-lhumanite-vit-au-dessus-de-ses-moyens\\\/184014\\\/#primaryimage\"},\"thumbnailUrl\":\"https:\\\/\\\/www.webdo.tn\\\/fr\\\/wp-content\\\/uploads\\\/2015\\\/08\\\/terre-300x300-1.jpg\",\"articleSection\":[\"International\"],\"inLanguage\":\"fr-FR\"},{\"@type\":\"WebPage\",\"@id\":\"https:\\\/\\\/www.webdo.tn\\\/fr\\\/actualite\\\/international\\\/a-partir-daujourdhui-13-aout-2015-lhumanite-vit-au-dessus-de-ses-moyens\\\/184014\\\/\",\"url\":\"https:\\\/\\\/www.webdo.tn\\\/fr\\\/actualite\\\/international\\\/a-partir-daujourdhui-13-aout-2015-lhumanite-vit-au-dessus-de-ses-moyens\\\/184014\\\/\",\"name\":\"A partir d'aujourd'hui 13 ao\u00fbt 2015, l\u2019humanit\u00e9 vit au-dessus de ses moyens\",\"isPartOf\":{\"@id\":\"https:\\\/\\\/www.webdo.tn\\\/fr\\\/#website\"},\"primaryImageOfPage\":{\"@id\":\"https:\\\/\\\/www.webdo.tn\\\/fr\\\/actualite\\\/international\\\/a-partir-daujourdhui-13-aout-2015-lhumanite-vit-au-dessus-de-ses-moyens\\\/184014\\\/#primaryimage\"},\"image\":{\"@id\":\"https:\\\/\\\/www.webdo.tn\\\/fr\\\/actualite\\\/international\\\/a-partir-daujourdhui-13-aout-2015-lhumanite-vit-au-dessus-de-ses-moyens\\\/184014\\\/#primaryimage\"},\"thumbnailUrl\":\"https:\\\/\\\/www.webdo.tn\\\/fr\\\/wp-content\\\/uploads\\\/2015\\\/08\\\/terre-300x300-1.jpg\",\"datePublished\":\"2015-08-13T19:06:00+00:00\",\"dateModified\":\"2025-05-22T12:52:58+00:00\",\"description\":\"A partir d'aujourd'hui 13 ao\u00fbt 2015, l\u2019humanit\u00e9 vit au-dessus de ses moyens\",\"breadcrumb\":{\"@id\":\"https:\\\/\\\/www.webdo.tn\\\/fr\\\/actualite\\\/international\\\/a-partir-daujourdhui-13-aout-2015-lhumanite-vit-au-dessus-de-ses-moyens\\\/184014\\\/#breadcrumb\"},\"inLanguage\":\"fr-FR\",\"potentialAction\":[{\"@type\":\"ReadAction\",\"target\":[\"https:\\\/\\\/www.webdo.tn\\\/fr\\\/actualite\\\/international\\\/a-partir-daujourdhui-13-aout-2015-lhumanite-vit-au-dessus-de-ses-moyens\\\/184014\\\/\"]}]},{\"@type\":\"ImageObject\",\"inLanguage\":\"fr-FR\",\"@id\":\"https:\\\/\\\/www.webdo.tn\\\/fr\\\/actualite\\\/international\\\/a-partir-daujourdhui-13-aout-2015-lhumanite-vit-au-dessus-de-ses-moyens\\\/184014\\\/#primaryimage\",\"url\":\"https:\\\/\\\/www.webdo.tn\\\/fr\\\/wp-content\\\/uploads\\\/2015\\\/08\\\/terre-300x300-1.jpg\",\"contentUrl\":\"https:\\\/\\\/www.webdo.tn\\\/fr\\\/wp-content\\\/uploads\\\/2015\\\/08\\\/terre-300x300-1.jpg\",\"width\":300,\"height\":300,\"caption\":\"A partir d'aujourd'hui 13 ao\u00fbt 2015, l\u2019humanit\u00e9 vit au-dessus de ses moyens\"},{\"@type\":\"BreadcrumbList\",\"@id\":\"https:\\\/\\\/www.webdo.tn\\\/fr\\\/actualite\\\/international\\\/a-partir-daujourdhui-13-aout-2015-lhumanite-vit-au-dessus-de-ses-moyens\\\/184014\\\/#breadcrumb\",\"itemListElement\":[{\"@type\":\"ListItem\",\"position\":1,\"name\":\"Accueil\",\"item\":\"https:\\\/\\\/www.webdo.tn\\\/fr\\\/\"},{\"@type\":\"ListItem\",\"position\":2,\"name\":\"A partir d&rsquo;aujourd&rsquo;hui 13 ao\u00fbt 2015, l\u2019humanit\u00e9 vit au-dessus de ses moyens\"}]},{\"@type\":\"WebSite\",\"@id\":\"https:\\\/\\\/www.webdo.tn\\\/fr\\\/#website\",\"url\":\"https:\\\/\\\/www.webdo.tn\\\/fr\\\/\",\"name\":\"webdo\",\"description\":\"Tunisie - News en Tunisie et \u00e0 l&#039;international sur Webdo.tn\",\"publisher\":{\"@id\":\"https:\\\/\\\/www.webdo.tn\\\/fr\\\/#organization\"},\"potentialAction\":[{\"@type\":\"SearchAction\",\"target\":{\"@type\":\"EntryPoint\",\"urlTemplate\":\"https:\\\/\\\/www.webdo.tn\\\/fr\\\/?s={search_term_string}\"},\"query-input\":{\"@type\":\"PropertyValueSpecification\",\"valueRequired\":true,\"valueName\":\"search_term_string\"}}],\"inLanguage\":\"fr-FR\"},{\"@type\":\"Organization\",\"@id\":\"https:\\\/\\\/www.webdo.tn\\\/fr\\\/#organization\",\"name\":\"Webdo\",\"alternateName\":\"Webdo.tn\",\"url\":\"https:\\\/\\\/www.webdo.tn\\\/fr\\\/\",\"logo\":{\"@type\":\"ImageObject\",\"inLanguage\":\"fr-FR\",\"@id\":\"https:\\\/\\\/www.webdo.tn\\\/fr\\\/#\\\/schema\\\/logo\\\/image\\\/\",\"url\":\"https:\\\/\\\/www.webdo.tn\\\/fr\\\/wp-content\\\/uploads\\\/2025\\\/06\\\/Webdo-Tunisie_168377.jpg\",\"contentUrl\":\"https:\\\/\\\/www.webdo.tn\\\/fr\\\/wp-content\\\/uploads\\\/2025\\\/06\\\/Webdo-Tunisie_168377.jpg\",\"width\":301,\"height\":301,\"caption\":\"Webdo\"},\"image\":{\"@id\":\"https:\\\/\\\/www.webdo.tn\\\/fr\\\/#\\\/schema\\\/logo\\\/image\\\/\"},\"sameAs\":[\"https:\\\/\\\/www.facebook.com\\\/webdotn\",\"https:\\\/\\\/x.com\\\/webdo_tn\"],\"description\":\"Webdo est un m\u00e9dia num\u00e9rique tunisien fond\u00e9 en 2010, sp\u00e9cialis\u00e9 dans l\u2019actualit\u00e9 nationale et internationale, l\u2019\u00e9conomie, la soci\u00e9t\u00e9 et les analyses politiques. Le site s\u2019adresse \u00e0 un large public francophone et couvre l\u2019information tunisienne en temps r\u00e9el.\",\"email\":\"redac@webdo.tn\",\"legalName\":\"YNJ SARL\",\"foundingDate\":\"2010-09-06\",\"numberOfEmployees\":{\"@type\":\"QuantitativeValue\",\"minValue\":\"11\",\"maxValue\":\"50\"}},{\"@type\":\"Person\",\"@id\":\"https:\\\/\\\/www.webdo.tn\\\/fr\\\/#\\\/schema\\\/person\\\/9a9c6118d687c117df8ef3cc36a4d175\",\"name\":\"webdo.tn\",\"image\":{\"@type\":\"ImageObject\",\"inLanguage\":\"fr-FR\",\"@id\":\"https:\\\/\\\/secure.gravatar.com\\\/avatar\\\/7ce1f28c0c3bbac99ff550b85ef8e44a6950c6ee24514fb6a5489e51d06f0298?s=96&d=mm&r=g\",\"url\":\"https:\\\/\\\/secure.gravatar.com\\\/avatar\\\/7ce1f28c0c3bbac99ff550b85ef8e44a6950c6ee24514fb6a5489e51d06f0298?s=96&d=mm&r=g\",\"contentUrl\":\"https:\\\/\\\/secure.gravatar.com\\\/avatar\\\/7ce1f28c0c3bbac99ff550b85ef8e44a6950c6ee24514fb6a5489e51d06f0298?s=96&d=mm&r=g\",\"caption\":\"webdo.tn\"},\"url\":\"https:\\\/\\\/www.webdo.tn\\\/fr\\\/actualite\\\/author\\\/webdotn\\\/\"}]}<\/script>\n<!-- \/ Yoast SEO Premium plugin. -->","yoast_head_json":{"title":"A partir d'aujourd'hui 13 ao\u00fbt 2015, l\u2019humanit\u00e9 vit au-dessus de ses moyens","description":"A partir d'aujourd'hui 13 ao\u00fbt 2015, l\u2019humanit\u00e9 vit au-dessus de ses moyens","canonical":"https:\/\/www.webdo.tn\/fr\/actualite\/international\/a-partir-daujourdhui-13-aout-2015-lhumanite-vit-au-dessus-de-ses-moyens\/184014\/","og_locale":"fr_FR","og_type":"article","og_title":"A partir d'aujourd'hui 13 ao\u00fbt 2015, l\u2019humanit\u00e9 vit au-dessus de ses moyens","og_description":"A partir d'aujourd'hui 13 ao\u00fbt 2015, l\u2019humanit\u00e9 vit au-dessus de ses moyens","og_url":"https:\/\/www.webdo.tn\/fr\/actualite\/international\/a-partir-daujourdhui-13-aout-2015-lhumanite-vit-au-dessus-de-ses-moyens\/184014\/","og_site_name":"webdo","article_publisher":"https:\/\/www.facebook.com\/webdotn","article_published_time":"2015-08-13T19:06:00+00:00","article_modified_time":"2025-05-22T12:52:58+00:00","og_image":[{"width":300,"height":300,"url":"https:\/\/www.webdo.tn\/fr\/wp-content\/uploads\/2015\/08\/terre-300x300-1.jpg","type":"image\/jpeg"}],"author":"webdo.tn","twitter_card":"summary_large_image","twitter_creator":"@webdo_tn","twitter_site":"@webdo_tn","twitter_misc":{"\u00c9crit par":"webdo.tn","Dur\u00e9e de lecture estim\u00e9e":"1 minute"},"schema":{"@context":"https:\/\/schema.org","@graph":[{"@type":"NewsArticle","@id":"https:\/\/www.webdo.tn\/fr\/actualite\/international\/a-partir-daujourdhui-13-aout-2015-lhumanite-vit-au-dessus-de-ses-moyens\/184014\/#article","isPartOf":{"@id":"https:\/\/www.webdo.tn\/fr\/actualite\/international\/a-partir-daujourdhui-13-aout-2015-lhumanite-vit-au-dessus-de-ses-moyens\/184014\/"},"author":{"name":"webdo.tn","@id":"https:\/\/www.webdo.tn\/fr\/#\/schema\/person\/9a9c6118d687c117df8ef3cc36a4d175"},"headline":"A partir d&rsquo;aujourd&rsquo;hui 13 ao\u00fbt 2015, l\u2019humanit\u00e9 vit au-dessus de ses moyens","datePublished":"2015-08-13T19:06:00+00:00","dateModified":"2025-05-22T12:52:58+00:00","mainEntityOfPage":{"@id":"https:\/\/www.webdo.tn\/fr\/actualite\/international\/a-partir-daujourdhui-13-aout-2015-lhumanite-vit-au-dessus-de-ses-moyens\/184014\/"},"wordCount":243,"commentCount":0,"publisher":{"@id":"https:\/\/www.webdo.tn\/fr\/#organization"},"image":{"@id":"https:\/\/www.webdo.tn\/fr\/actualite\/international\/a-partir-daujourdhui-13-aout-2015-lhumanite-vit-au-dessus-de-ses-moyens\/184014\/#primaryimage"},"thumbnailUrl":"https:\/\/www.webdo.tn\/fr\/wp-content\/uploads\/2015\/08\/terre-300x300-1.jpg","articleSection":["International"],"inLanguage":"fr-FR"},{"@type":"WebPage","@id":"https:\/\/www.webdo.tn\/fr\/actualite\/international\/a-partir-daujourdhui-13-aout-2015-lhumanite-vit-au-dessus-de-ses-moyens\/184014\/","url":"https:\/\/www.webdo.tn\/fr\/actualite\/international\/a-partir-daujourdhui-13-aout-2015-lhumanite-vit-au-dessus-de-ses-moyens\/184014\/","name":"A partir d'aujourd'hui 13 ao\u00fbt 2015, l\u2019humanit\u00e9 vit au-dessus de ses moyens","isPartOf":{"@id":"https:\/\/www.webdo.tn\/fr\/#website"},"primaryImageOfPage":{"@id":"https:\/\/www.webdo.tn\/fr\/actualite\/international\/a-partir-daujourdhui-13-aout-2015-lhumanite-vit-au-dessus-de-ses-moyens\/184014\/#primaryimage"},"image":{"@id":"https:\/\/www.webdo.tn\/fr\/actualite\/international\/a-partir-daujourdhui-13-aout-2015-lhumanite-vit-au-dessus-de-ses-moyens\/184014\/#primaryimage"},"thumbnailUrl":"https:\/\/www.webdo.tn\/fr\/wp-content\/uploads\/2015\/08\/terre-300x300-1.jpg","datePublished":"2015-08-13T19:06:00+00:00","dateModified":"2025-05-22T12:52:58+00:00","description":"A partir d'aujourd'hui 13 ao\u00fbt 2015, l\u2019humanit\u00e9 vit au-dessus de ses moyens","breadcrumb":{"@id":"https:\/\/www.webdo.tn\/fr\/actualite\/international\/a-partir-daujourdhui-13-aout-2015-lhumanite-vit-au-dessus-de-ses-moyens\/184014\/#breadcrumb"},"inLanguage":"fr-FR","potentialAction":[{"@type":"ReadAction","target":["https:\/\/www.webdo.tn\/fr\/actualite\/international\/a-partir-daujourdhui-13-aout-2015-lhumanite-vit-au-dessus-de-ses-moyens\/184014\/"]}]},{"@type":"ImageObject","inLanguage":"fr-FR","@id":"https:\/\/www.webdo.tn\/fr\/actualite\/international\/a-partir-daujourdhui-13-aout-2015-lhumanite-vit-au-dessus-de-ses-moyens\/184014\/#primaryimage","url":"https:\/\/www.webdo.tn\/fr\/wp-content\/uploads\/2015\/08\/terre-300x300-1.jpg","contentUrl":"https:\/\/www.webdo.tn\/fr\/wp-content\/uploads\/2015\/08\/terre-300x300-1.jpg","width":300,"height":300,"caption":"A partir d'aujourd'hui 13 ao\u00fbt 2015, l\u2019humanit\u00e9 vit au-dessus de ses moyens"},{"@type":"BreadcrumbList","@id":"https:\/\/www.webdo.tn\/fr\/actualite\/international\/a-partir-daujourdhui-13-aout-2015-lhumanite-vit-au-dessus-de-ses-moyens\/184014\/#breadcrumb","itemListElement":[{"@type":"ListItem","position":1,"name":"Accueil","item":"https:\/\/www.webdo.tn\/fr\/"},{"@type":"ListItem","position":2,"name":"A partir d&rsquo;aujourd&rsquo;hui 13 ao\u00fbt 2015, l\u2019humanit\u00e9 vit au-dessus de ses moyens"}]},{"@type":"WebSite","@id":"https:\/\/www.webdo.tn\/fr\/#website","url":"https:\/\/www.webdo.tn\/fr\/","name":"webdo","description":"Tunisie - News en Tunisie et \u00e0 l&#039;international sur Webdo.tn","publisher":{"@id":"https:\/\/www.webdo.tn\/fr\/#organization"},"potentialAction":[{"@type":"SearchAction","target":{"@type":"EntryPoint","urlTemplate":"https:\/\/www.webdo.tn\/fr\/?s={search_term_string}"},"query-input":{"@type":"PropertyValueSpecification","valueRequired":true,"valueName":"search_term_string"}}],"inLanguage":"fr-FR"},{"@type":"Organization","@id":"https:\/\/www.webdo.tn\/fr\/#organization","name":"Webdo","alternateName":"Webdo.tn","url":"https:\/\/www.webdo.tn\/fr\/","logo":{"@type":"ImageObject","inLanguage":"fr-FR","@id":"https:\/\/www.webdo.tn\/fr\/#\/schema\/logo\/image\/","url":"https:\/\/www.webdo.tn\/fr\/wp-content\/uploads\/2025\/06\/Webdo-Tunisie_168377.jpg","contentUrl":"https:\/\/www.webdo.tn\/fr\/wp-content\/uploads\/2025\/06\/Webdo-Tunisie_168377.jpg","width":301,"height":301,"caption":"Webdo"},"image":{"@id":"https:\/\/www.webdo.tn\/fr\/#\/schema\/logo\/image\/"},"sameAs":["https:\/\/www.facebook.com\/webdotn","https:\/\/x.com\/webdo_tn"],"description":"Webdo est un m\u00e9dia num\u00e9rique tunisien fond\u00e9 en 2010, sp\u00e9cialis\u00e9 dans l\u2019actualit\u00e9 nationale et internationale, l\u2019\u00e9conomie, la soci\u00e9t\u00e9 et les analyses politiques. Le site s\u2019adresse \u00e0 un large public francophone et couvre l\u2019information tunisienne en temps r\u00e9el.","email":"redac@webdo.tn","legalName":"YNJ SARL","foundingDate":"2010-09-06","numberOfEmployees":{"@type":"QuantitativeValue","minValue":"11","maxValue":"50"}},{"@type":"Person","@id":"https:\/\/www.webdo.tn\/fr\/#\/schema\/person\/9a9c6118d687c117df8ef3cc36a4d175","name":"webdo.tn","image":{"@type":"ImageObject","inLanguage":"fr-FR","@id":"https:\/\/secure.gravatar.com\/avatar\/7ce1f28c0c3bbac99ff550b85ef8e44a6950c6ee24514fb6a5489e51d06f0298?s=96&d=mm&r=g","url":"https:\/\/secure.gravatar.com\/avatar\/7ce1f28c0c3bbac99ff550b85ef8e44a6950c6ee24514fb6a5489e51d06f0298?s=96&d=mm&r=g","contentUrl":"https:\/\/secure.gravatar.com\/avatar\/7ce1f28c0c3bbac99ff550b85ef8e44a6950c6ee24514fb6a5489e51d06f0298?s=96&d=mm&r=g","caption":"webdo.tn"},"url":"https:\/\/www.webdo.tn\/fr\/actualite\/author\/webdotn\/"}]}},"_links":{"self":[{"href":"https:\/\/www.webdo.tn\/fr\/wp-json\/wp\/v2\/posts\/184014","targetHints":{"allow":["GET"]}}],"collection":[{"href":"https:\/\/www.webdo.tn\/fr\/wp-json\/wp\/v2\/posts"}],"about":[{"href":"https:\/\/www.webdo.tn\/fr\/wp-json\/wp\/v2\/types\/post"}],"author":[{"embeddable":true,"href":"https:\/\/www.webdo.tn\/fr\/wp-json\/wp\/v2\/users\/3222"}],"replies":[{"embeddable":true,"href":"https:\/\/www.webdo.tn\/fr\/wp-json\/wp\/v2\/comments?post=184014"}],"version-history":[{"count":0,"href":"https:\/\/www.webdo.tn\/fr\/wp-json\/wp\/v2\/posts\/184014\/revisions"}],"wp:featuredmedia":[{"embeddable":true,"href":"https:\/\/www.webdo.tn\/fr\/wp-json\/wp\/v2\/media\/351890"}],"wp:attachment":[{"href":"https:\/\/www.webdo.tn\/fr\/wp-json\/wp\/v2\/media?parent=184014"}],"wp:term":[{"taxonomy":"category","embeddable":true,"href":"https:\/\/www.webdo.tn\/fr\/wp-json\/wp\/v2\/categories?post=184014"},{"taxonomy":"post_tag","embeddable":true,"href":"https:\/\/www.webdo.tn\/fr\/wp-json\/wp\/v2\/tags?post=184014"}],"curies":[{"name":"wp","href":"https:\/\/api.w.org\/{rel}","templated":true}]}}