{"id":184013,"date":"2015-08-14T12:25:00","date_gmt":"2015-08-14T12:25:00","guid":{"rendered":"https:\/\/www.webdo.tn\/fr\/blog\/video-des-gardes-cotes-grecs-tentent-de-couler-un-bateau-de-migrants\/184013\/"},"modified":"2015-08-14T12:25:00","modified_gmt":"2015-08-14T12:25:00","slug":"video-des-gardes-cotes-grecs-tentent-de-couler-un-bateau-de-migrants","status":"publish","type":"post","link":"https:\/\/www.webdo.tn\/fr\/actualite\/international\/video-des-gardes-cotes-grecs-tentent-de-couler-un-bateau-de-migrants\/184013\/","title":{"rendered":"Vid\u00e9o : Des gardes-c\u00f4tes grecs tentent de couler un bateau de migrants"},"content":{"rendered":"<p>Des p\u00eacheurs turcs ont film\u00e9, il y a quelques jours, des gardes-c\u00f4tes grecs tentant de couler un bateau plein de migrants, entre la c\u00f4te turque et l&rsquo;archipel grec du Dod\u00e9can\u00e8se.<\/p>\n<p>On y voit les gardes-c\u00f4tes grecs crever le canot gonflable surcharg\u00e9 de migrants \u00e0 l&rsquo;aide d&rsquo;une longue perche, avant de s&rsquo;\u00e9loigner et de laisser le bateau couler.<\/p>\n<p>Ce sont finalement les p\u00eacheurs turcs qui ont sauv\u00e9 les migrants, dont plusieurs \u00e9taient \u00e0 l&rsquo;eau. Parmi eux, des femmes et des enfants qu&rsquo;on peut entendre crier \u00e0 l&rsquo;aide en arabe.<\/p>\n<p>Selon le Haut commissariat aux r\u00e9fugi\u00e9s des Nations unies (HCR), pour le seul mois de juillet 2015, 50.000 migrants ont accost\u00e9 sur les \u00eeles de la mer \u00c9g\u00e9e. La plupart viennent de Syrie et d&rsquo;Afghanistan.<\/p>\n","protected":false},"excerpt":{"rendered":"<p>Vid\u00e9o : Des gardes-c\u00f4tes grecs tentent de couler un bateau de migrants<\/p>\n","protected":false},"author":3222,"featured_media":336169,"comment_status":"open","ping_status":"closed","sticky":false,"template":"","format":"standard","meta":{"footnotes":""},"categories":[2598],"tags":[2600],"class_list":["post-184013","post","type-post","status-publish","format-standard","has-post-thumbnail","hentry","category-international","tag-guerre"],"yoast_head":"<!-- This site is optimized with the Yoast SEO Premium plugin v27.5 (Yoast SEO v27.5) - https:\/\/yoast.com\/product\/yoast-seo-premium-wordpress\/ -->\n<title>Vid\u00e9o : Des gardes-c\u00f4tes grecs tentent de couler un bateau de migrants<\/title>\n<meta name=\"description\" content=\"Vid\u00e9o : Des gardes-c\u00f4tes grecs tentent de couler un bateau de migrants\" \/>\n<link rel=\"canonical\" href=\"https:\/\/www.webdo.tn\/fr\/actualite\/international\/video-des-gardes-cotes-grecs-tentent-de-couler-un-bateau-de-migrants\/184013\/\" \/>\n<meta property=\"og:locale\" content=\"fr_FR\" \/>\n<meta property=\"og:type\" content=\"article\" \/>\n<meta property=\"og:title\" content=\"Vid\u00e9o : Des gardes-c\u00f4tes grecs tentent de couler un bateau de migrants\" \/>\n<meta property=\"og:description\" content=\"Vid\u00e9o : Des gardes-c\u00f4tes grecs tentent de couler un bateau de migrants\" \/>\n<meta property=\"og:url\" content=\"https:\/\/www.webdo.tn\/fr\/actualite\/international\/video-des-gardes-cotes-grecs-tentent-de-couler-un-bateau-de-migrants\/184013\/\" \/>\n<meta property=\"og:site_name\" content=\"webdo\" \/>\n<meta property=\"article:publisher\" content=\"https:\/\/www.facebook.com\/webdotn\" \/>\n<meta property=\"article:published_time\" content=\"2015-08-14T12:25:00+00:00\" \/>\n<meta property=\"og:image\" content=\"https:\/\/www.webdo.tn\/fr\/wp-content\/uploads\/2015\/08\/capture-ecran-bateau-migrants-grece-turquie-e1439551215135.jpg\" \/>\n\t<meta property=\"og:image:width\" content=\"450\" \/>\n\t<meta property=\"og:image:height\" content=\"254\" \/>\n\t<meta property=\"og:image:type\" content=\"image\/jpeg\" \/>\n<meta name=\"author\" content=\"webdo.tn\" \/>\n<meta name=\"twitter:card\" content=\"summary_large_image\" \/>\n<meta name=\"twitter:creator\" content=\"@webdo_tn\" \/>\n<meta name=\"twitter:site\" content=\"@webdo_tn\" \/>\n<meta name=\"twitter:label1\" content=\"\u00c9crit par\" \/>\n\t<meta name=\"twitter:data1\" content=\"webdo.tn\" \/>\n\t<meta name=\"twitter:label2\" content=\"Dur\u00e9e de lecture estim\u00e9e\" \/>\n\t<meta name=\"twitter:data2\" content=\"1 minute\" \/>\n<script type=\"application\/ld+json\" class=\"yoast-schema-graph\">{\"@context\":\"https:\\\/\\\/schema.org\",\"@graph\":[{\"@type\":\"NewsArticle\",\"@id\":\"https:\\\/\\\/www.webdo.tn\\\/fr\\\/actualite\\\/international\\\/video-des-gardes-cotes-grecs-tentent-de-couler-un-bateau-de-migrants\\\/184013\\\/#article\",\"isPartOf\":{\"@id\":\"https:\\\/\\\/www.webdo.tn\\\/fr\\\/actualite\\\/international\\\/video-des-gardes-cotes-grecs-tentent-de-couler-un-bateau-de-migrants\\\/184013\\\/\"},\"author\":{\"name\":\"webdo.tn\",\"@id\":\"https:\\\/\\\/www.webdo.tn\\\/fr\\\/#\\\/schema\\\/person\\\/9a9c6118d687c117df8ef3cc36a4d175\"},\"headline\":\"Vid\u00e9o : Des gardes-c\u00f4tes grecs tentent de couler un bateau de migrants\",\"datePublished\":\"2015-08-14T12:25:00+00:00\",\"mainEntityOfPage\":{\"@id\":\"https:\\\/\\\/www.webdo.tn\\\/fr\\\/actualite\\\/international\\\/video-des-gardes-cotes-grecs-tentent-de-couler-un-bateau-de-migrants\\\/184013\\\/\"},\"wordCount\":149,\"commentCount\":0,\"publisher\":{\"@id\":\"https:\\\/\\\/www.webdo.tn\\\/fr\\\/#organization\"},\"image\":{\"@id\":\"https:\\\/\\\/www.webdo.tn\\\/fr\\\/actualite\\\/international\\\/video-des-gardes-cotes-grecs-tentent-de-couler-un-bateau-de-migrants\\\/184013\\\/#primaryimage\"},\"thumbnailUrl\":\"https:\\\/\\\/www.webdo.tn\\\/fr\\\/wp-content\\\/uploads\\\/2015\\\/08\\\/capture-ecran-bateau-migrants-grece-turquie-e1439551215135.jpg\",\"keywords\":[\"guerre\"],\"articleSection\":[\"International\"],\"inLanguage\":\"fr-FR\"},{\"@type\":\"WebPage\",\"@id\":\"https:\\\/\\\/www.webdo.tn\\\/fr\\\/actualite\\\/international\\\/video-des-gardes-cotes-grecs-tentent-de-couler-un-bateau-de-migrants\\\/184013\\\/\",\"url\":\"https:\\\/\\\/www.webdo.tn\\\/fr\\\/actualite\\\/international\\\/video-des-gardes-cotes-grecs-tentent-de-couler-un-bateau-de-migrants\\\/184013\\\/\",\"name\":\"Vid\u00e9o : Des gardes-c\u00f4tes grecs tentent de couler un bateau de migrants\",\"isPartOf\":{\"@id\":\"https:\\\/\\\/www.webdo.tn\\\/fr\\\/#website\"},\"primaryImageOfPage\":{\"@id\":\"https:\\\/\\\/www.webdo.tn\\\/fr\\\/actualite\\\/international\\\/video-des-gardes-cotes-grecs-tentent-de-couler-un-bateau-de-migrants\\\/184013\\\/#primaryimage\"},\"image\":{\"@id\":\"https:\\\/\\\/www.webdo.tn\\\/fr\\\/actualite\\\/international\\\/video-des-gardes-cotes-grecs-tentent-de-couler-un-bateau-de-migrants\\\/184013\\\/#primaryimage\"},\"thumbnailUrl\":\"https:\\\/\\\/www.webdo.tn\\\/fr\\\/wp-content\\\/uploads\\\/2015\\\/08\\\/capture-ecran-bateau-migrants-grece-turquie-e1439551215135.jpg\",\"datePublished\":\"2015-08-14T12:25:00+00:00\",\"description\":\"Vid\u00e9o : Des gardes-c\u00f4tes grecs tentent de couler un bateau de migrants\",\"breadcrumb\":{\"@id\":\"https:\\\/\\\/www.webdo.tn\\\/fr\\\/actualite\\\/international\\\/video-des-gardes-cotes-grecs-tentent-de-couler-un-bateau-de-migrants\\\/184013\\\/#breadcrumb\"},\"inLanguage\":\"fr-FR\",\"potentialAction\":[{\"@type\":\"ReadAction\",\"target\":[\"https:\\\/\\\/www.webdo.tn\\\/fr\\\/actualite\\\/international\\\/video-des-gardes-cotes-grecs-tentent-de-couler-un-bateau-de-migrants\\\/184013\\\/\"]}]},{\"@type\":\"ImageObject\",\"inLanguage\":\"fr-FR\",\"@id\":\"https:\\\/\\\/www.webdo.tn\\\/fr\\\/actualite\\\/international\\\/video-des-gardes-cotes-grecs-tentent-de-couler-un-bateau-de-migrants\\\/184013\\\/#primaryimage\",\"url\":\"https:\\\/\\\/www.webdo.tn\\\/fr\\\/wp-content\\\/uploads\\\/2015\\\/08\\\/capture-ecran-bateau-migrants-grece-turquie-e1439551215135.jpg\",\"contentUrl\":\"https:\\\/\\\/www.webdo.tn\\\/fr\\\/wp-content\\\/uploads\\\/2015\\\/08\\\/capture-ecran-bateau-migrants-grece-turquie-e1439551215135.jpg\",\"width\":450,\"height\":254,\"caption\":\"Vid\u00e9o : Des gardes-c\u00f4tes grecs tentent de couler un bateau de migrants\"},{\"@type\":\"BreadcrumbList\",\"@id\":\"https:\\\/\\\/www.webdo.tn\\\/fr\\\/actualite\\\/international\\\/video-des-gardes-cotes-grecs-tentent-de-couler-un-bateau-de-migrants\\\/184013\\\/#breadcrumb\",\"itemListElement\":[{\"@type\":\"ListItem\",\"position\":1,\"name\":\"Accueil\",\"item\":\"https:\\\/\\\/www.webdo.tn\\\/fr\\\/\"},{\"@type\":\"ListItem\",\"position\":2,\"name\":\"Vid\u00e9o : Des gardes-c\u00f4tes grecs tentent de couler un bateau de migrants\"}]},{\"@type\":\"WebSite\",\"@id\":\"https:\\\/\\\/www.webdo.tn\\\/fr\\\/#website\",\"url\":\"https:\\\/\\\/www.webdo.tn\\\/fr\\\/\",\"name\":\"webdo\",\"description\":\"Tunisie - News en Tunisie et \u00e0 l&#039;international sur Webdo.tn\",\"publisher\":{\"@id\":\"https:\\\/\\\/www.webdo.tn\\\/fr\\\/#organization\"},\"potentialAction\":[{\"@type\":\"SearchAction\",\"target\":{\"@type\":\"EntryPoint\",\"urlTemplate\":\"https:\\\/\\\/www.webdo.tn\\\/fr\\\/?s={search_term_string}\"},\"query-input\":{\"@type\":\"PropertyValueSpecification\",\"valueRequired\":true,\"valueName\":\"search_term_string\"}}],\"inLanguage\":\"fr-FR\"},{\"@type\":\"Organization\",\"@id\":\"https:\\\/\\\/www.webdo.tn\\\/fr\\\/#organization\",\"name\":\"Webdo\",\"alternateName\":\"Webdo.tn\",\"url\":\"https:\\\/\\\/www.webdo.tn\\\/fr\\\/\",\"logo\":{\"@type\":\"ImageObject\",\"inLanguage\":\"fr-FR\",\"@id\":\"https:\\\/\\\/www.webdo.tn\\\/fr\\\/#\\\/schema\\\/logo\\\/image\\\/\",\"url\":\"https:\\\/\\\/www.webdo.tn\\\/fr\\\/wp-content\\\/uploads\\\/2025\\\/06\\\/Webdo-Tunisie_168377.jpg\",\"contentUrl\":\"https:\\\/\\\/www.webdo.tn\\\/fr\\\/wp-content\\\/uploads\\\/2025\\\/06\\\/Webdo-Tunisie_168377.jpg\",\"width\":301,\"height\":301,\"caption\":\"Webdo\"},\"image\":{\"@id\":\"https:\\\/\\\/www.webdo.tn\\\/fr\\\/#\\\/schema\\\/logo\\\/image\\\/\"},\"sameAs\":[\"https:\\\/\\\/www.facebook.com\\\/webdotn\",\"https:\\\/\\\/x.com\\\/webdo_tn\"],\"description\":\"Webdo est un m\u00e9dia num\u00e9rique tunisien fond\u00e9 en 2010, sp\u00e9cialis\u00e9 dans l\u2019actualit\u00e9 nationale et internationale, l\u2019\u00e9conomie, la soci\u00e9t\u00e9 et les analyses politiques. Le site s\u2019adresse \u00e0 un large public francophone et couvre l\u2019information tunisienne en temps r\u00e9el.\",\"email\":\"redac@webdo.tn\",\"legalName\":\"YNJ SARL\",\"foundingDate\":\"2010-09-06\",\"numberOfEmployees\":{\"@type\":\"QuantitativeValue\",\"minValue\":\"11\",\"maxValue\":\"50\"}},{\"@type\":\"Person\",\"@id\":\"https:\\\/\\\/www.webdo.tn\\\/fr\\\/#\\\/schema\\\/person\\\/9a9c6118d687c117df8ef3cc36a4d175\",\"name\":\"webdo.tn\",\"image\":{\"@type\":\"ImageObject\",\"inLanguage\":\"fr-FR\",\"@id\":\"https:\\\/\\\/secure.gravatar.com\\\/avatar\\\/7ce1f28c0c3bbac99ff550b85ef8e44a6950c6ee24514fb6a5489e51d06f0298?s=96&d=mm&r=g\",\"url\":\"https:\\\/\\\/secure.gravatar.com\\\/avatar\\\/7ce1f28c0c3bbac99ff550b85ef8e44a6950c6ee24514fb6a5489e51d06f0298?s=96&d=mm&r=g\",\"contentUrl\":\"https:\\\/\\\/secure.gravatar.com\\\/avatar\\\/7ce1f28c0c3bbac99ff550b85ef8e44a6950c6ee24514fb6a5489e51d06f0298?s=96&d=mm&r=g\",\"caption\":\"webdo.tn\"},\"url\":\"https:\\\/\\\/www.webdo.tn\\\/fr\\\/actualite\\\/author\\\/webdotn\\\/\"}]}<\/script>\n<!-- \/ Yoast SEO Premium plugin. -->","yoast_head_json":{"title":"Vid\u00e9o : Des gardes-c\u00f4tes grecs tentent de couler un bateau de migrants","description":"Vid\u00e9o : Des gardes-c\u00f4tes grecs tentent de couler un bateau de migrants","canonical":"https:\/\/www.webdo.tn\/fr\/actualite\/international\/video-des-gardes-cotes-grecs-tentent-de-couler-un-bateau-de-migrants\/184013\/","og_locale":"fr_FR","og_type":"article","og_title":"Vid\u00e9o : Des gardes-c\u00f4tes grecs tentent de couler un bateau de migrants","og_description":"Vid\u00e9o : Des gardes-c\u00f4tes grecs tentent de couler un bateau de migrants","og_url":"https:\/\/www.webdo.tn\/fr\/actualite\/international\/video-des-gardes-cotes-grecs-tentent-de-couler-un-bateau-de-migrants\/184013\/","og_site_name":"webdo","article_publisher":"https:\/\/www.facebook.com\/webdotn","article_published_time":"2015-08-14T12:25:00+00:00","og_image":[{"width":450,"height":254,"url":"https:\/\/www.webdo.tn\/fr\/wp-content\/uploads\/2015\/08\/capture-ecran-bateau-migrants-grece-turquie-e1439551215135.jpg","type":"image\/jpeg"}],"author":"webdo.tn","twitter_card":"summary_large_image","twitter_creator":"@webdo_tn","twitter_site":"@webdo_tn","twitter_misc":{"\u00c9crit par":"webdo.tn","Dur\u00e9e de lecture estim\u00e9e":"1 minute"},"schema":{"@context":"https:\/\/schema.org","@graph":[{"@type":"NewsArticle","@id":"https:\/\/www.webdo.tn\/fr\/actualite\/international\/video-des-gardes-cotes-grecs-tentent-de-couler-un-bateau-de-migrants\/184013\/#article","isPartOf":{"@id":"https:\/\/www.webdo.tn\/fr\/actualite\/international\/video-des-gardes-cotes-grecs-tentent-de-couler-un-bateau-de-migrants\/184013\/"},"author":{"name":"webdo.tn","@id":"https:\/\/www.webdo.tn\/fr\/#\/schema\/person\/9a9c6118d687c117df8ef3cc36a4d175"},"headline":"Vid\u00e9o : Des gardes-c\u00f4tes grecs tentent de couler un bateau de migrants","datePublished":"2015-08-14T12:25:00+00:00","mainEntityOfPage":{"@id":"https:\/\/www.webdo.tn\/fr\/actualite\/international\/video-des-gardes-cotes-grecs-tentent-de-couler-un-bateau-de-migrants\/184013\/"},"wordCount":149,"commentCount":0,"publisher":{"@id":"https:\/\/www.webdo.tn\/fr\/#organization"},"image":{"@id":"https:\/\/www.webdo.tn\/fr\/actualite\/international\/video-des-gardes-cotes-grecs-tentent-de-couler-un-bateau-de-migrants\/184013\/#primaryimage"},"thumbnailUrl":"https:\/\/www.webdo.tn\/fr\/wp-content\/uploads\/2015\/08\/capture-ecran-bateau-migrants-grece-turquie-e1439551215135.jpg","keywords":["guerre"],"articleSection":["International"],"inLanguage":"fr-FR"},{"@type":"WebPage","@id":"https:\/\/www.webdo.tn\/fr\/actualite\/international\/video-des-gardes-cotes-grecs-tentent-de-couler-un-bateau-de-migrants\/184013\/","url":"https:\/\/www.webdo.tn\/fr\/actualite\/international\/video-des-gardes-cotes-grecs-tentent-de-couler-un-bateau-de-migrants\/184013\/","name":"Vid\u00e9o : Des gardes-c\u00f4tes grecs tentent de couler un bateau de migrants","isPartOf":{"@id":"https:\/\/www.webdo.tn\/fr\/#website"},"primaryImageOfPage":{"@id":"https:\/\/www.webdo.tn\/fr\/actualite\/international\/video-des-gardes-cotes-grecs-tentent-de-couler-un-bateau-de-migrants\/184013\/#primaryimage"},"image":{"@id":"https:\/\/www.webdo.tn\/fr\/actualite\/international\/video-des-gardes-cotes-grecs-tentent-de-couler-un-bateau-de-migrants\/184013\/#primaryimage"},"thumbnailUrl":"https:\/\/www.webdo.tn\/fr\/wp-content\/uploads\/2015\/08\/capture-ecran-bateau-migrants-grece-turquie-e1439551215135.jpg","datePublished":"2015-08-14T12:25:00+00:00","description":"Vid\u00e9o : Des gardes-c\u00f4tes grecs tentent de couler un bateau de migrants","breadcrumb":{"@id":"https:\/\/www.webdo.tn\/fr\/actualite\/international\/video-des-gardes-cotes-grecs-tentent-de-couler-un-bateau-de-migrants\/184013\/#breadcrumb"},"inLanguage":"fr-FR","potentialAction":[{"@type":"ReadAction","target":["https:\/\/www.webdo.tn\/fr\/actualite\/international\/video-des-gardes-cotes-grecs-tentent-de-couler-un-bateau-de-migrants\/184013\/"]}]},{"@type":"ImageObject","inLanguage":"fr-FR","@id":"https:\/\/www.webdo.tn\/fr\/actualite\/international\/video-des-gardes-cotes-grecs-tentent-de-couler-un-bateau-de-migrants\/184013\/#primaryimage","url":"https:\/\/www.webdo.tn\/fr\/wp-content\/uploads\/2015\/08\/capture-ecran-bateau-migrants-grece-turquie-e1439551215135.jpg","contentUrl":"https:\/\/www.webdo.tn\/fr\/wp-content\/uploads\/2015\/08\/capture-ecran-bateau-migrants-grece-turquie-e1439551215135.jpg","width":450,"height":254,"caption":"Vid\u00e9o : Des gardes-c\u00f4tes grecs tentent de couler un bateau de migrants"},{"@type":"BreadcrumbList","@id":"https:\/\/www.webdo.tn\/fr\/actualite\/international\/video-des-gardes-cotes-grecs-tentent-de-couler-un-bateau-de-migrants\/184013\/#breadcrumb","itemListElement":[{"@type":"ListItem","position":1,"name":"Accueil","item":"https:\/\/www.webdo.tn\/fr\/"},{"@type":"ListItem","position":2,"name":"Vid\u00e9o : Des gardes-c\u00f4tes grecs tentent de couler un bateau de migrants"}]},{"@type":"WebSite","@id":"https:\/\/www.webdo.tn\/fr\/#website","url":"https:\/\/www.webdo.tn\/fr\/","name":"webdo","description":"Tunisie - News en Tunisie et \u00e0 l&#039;international sur Webdo.tn","publisher":{"@id":"https:\/\/www.webdo.tn\/fr\/#organization"},"potentialAction":[{"@type":"SearchAction","target":{"@type":"EntryPoint","urlTemplate":"https:\/\/www.webdo.tn\/fr\/?s={search_term_string}"},"query-input":{"@type":"PropertyValueSpecification","valueRequired":true,"valueName":"search_term_string"}}],"inLanguage":"fr-FR"},{"@type":"Organization","@id":"https:\/\/www.webdo.tn\/fr\/#organization","name":"Webdo","alternateName":"Webdo.tn","url":"https:\/\/www.webdo.tn\/fr\/","logo":{"@type":"ImageObject","inLanguage":"fr-FR","@id":"https:\/\/www.webdo.tn\/fr\/#\/schema\/logo\/image\/","url":"https:\/\/www.webdo.tn\/fr\/wp-content\/uploads\/2025\/06\/Webdo-Tunisie_168377.jpg","contentUrl":"https:\/\/www.webdo.tn\/fr\/wp-content\/uploads\/2025\/06\/Webdo-Tunisie_168377.jpg","width":301,"height":301,"caption":"Webdo"},"image":{"@id":"https:\/\/www.webdo.tn\/fr\/#\/schema\/logo\/image\/"},"sameAs":["https:\/\/www.facebook.com\/webdotn","https:\/\/x.com\/webdo_tn"],"description":"Webdo est un m\u00e9dia num\u00e9rique tunisien fond\u00e9 en 2010, sp\u00e9cialis\u00e9 dans l\u2019actualit\u00e9 nationale et internationale, l\u2019\u00e9conomie, la soci\u00e9t\u00e9 et les analyses politiques. Le site s\u2019adresse \u00e0 un large public francophone et couvre l\u2019information tunisienne en temps r\u00e9el.","email":"redac@webdo.tn","legalName":"YNJ SARL","foundingDate":"2010-09-06","numberOfEmployees":{"@type":"QuantitativeValue","minValue":"11","maxValue":"50"}},{"@type":"Person","@id":"https:\/\/www.webdo.tn\/fr\/#\/schema\/person\/9a9c6118d687c117df8ef3cc36a4d175","name":"webdo.tn","image":{"@type":"ImageObject","inLanguage":"fr-FR","@id":"https:\/\/secure.gravatar.com\/avatar\/7ce1f28c0c3bbac99ff550b85ef8e44a6950c6ee24514fb6a5489e51d06f0298?s=96&d=mm&r=g","url":"https:\/\/secure.gravatar.com\/avatar\/7ce1f28c0c3bbac99ff550b85ef8e44a6950c6ee24514fb6a5489e51d06f0298?s=96&d=mm&r=g","contentUrl":"https:\/\/secure.gravatar.com\/avatar\/7ce1f28c0c3bbac99ff550b85ef8e44a6950c6ee24514fb6a5489e51d06f0298?s=96&d=mm&r=g","caption":"webdo.tn"},"url":"https:\/\/www.webdo.tn\/fr\/actualite\/author\/webdotn\/"}]}},"_links":{"self":[{"href":"https:\/\/www.webdo.tn\/fr\/wp-json\/wp\/v2\/posts\/184013","targetHints":{"allow":["GET"]}}],"collection":[{"href":"https:\/\/www.webdo.tn\/fr\/wp-json\/wp\/v2\/posts"}],"about":[{"href":"https:\/\/www.webdo.tn\/fr\/wp-json\/wp\/v2\/types\/post"}],"author":[{"embeddable":true,"href":"https:\/\/www.webdo.tn\/fr\/wp-json\/wp\/v2\/users\/3222"}],"replies":[{"embeddable":true,"href":"https:\/\/www.webdo.tn\/fr\/wp-json\/wp\/v2\/comments?post=184013"}],"version-history":[{"count":0,"href":"https:\/\/www.webdo.tn\/fr\/wp-json\/wp\/v2\/posts\/184013\/revisions"}],"wp:featuredmedia":[{"embeddable":true,"href":"https:\/\/www.webdo.tn\/fr\/wp-json\/wp\/v2\/media\/336169"}],"wp:attachment":[{"href":"https:\/\/www.webdo.tn\/fr\/wp-json\/wp\/v2\/media?parent=184013"}],"wp:term":[{"taxonomy":"category","embeddable":true,"href":"https:\/\/www.webdo.tn\/fr\/wp-json\/wp\/v2\/categories?post=184013"},{"taxonomy":"post_tag","embeddable":true,"href":"https:\/\/www.webdo.tn\/fr\/wp-json\/wp\/v2\/tags?post=184013"}],"curies":[{"name":"wp","href":"https:\/\/api.w.org\/{rel}","templated":true}]}}