{"id":184010,"date":"2015-08-15T23:55:00","date_gmt":"2015-08-15T23:55:00","guid":{"rendered":"https:\/\/www.webdo.tn\/fr\/blog\/al-baghdadi-aurait-abuse-sexuellement-de-lotage-americaine-kayla-mueller-propriete-tunisien-abu-sayyaf\/184010\/"},"modified":"2025-05-19T10:10:11","modified_gmt":"2025-05-19T10:10:11","slug":"al-baghdadi-aurait-abuse-sexuellement-de-lotage-americaine-kayla-mueller-propriete-tunisien-abu-sayyaf","status":"publish","type":"post","link":"https:\/\/www.webdo.tn\/fr\/actualite\/international\/al-baghdadi-aurait-abuse-sexuellement-de-lotage-americaine-kayla-mueller-propriete-tunisien-abu-sayyaf\/184010\/","title":{"rendered":"Al Baghdadi aurait abus\u00e9 sexuellement de l\u2019otage am\u00e9ricaine Kayla Mueller dans la propri\u00e9t\u00e9 du Tunisien Abu Sayyaf !"},"content":{"rendered":"<p>Selon le m\u00e9dia am\u00e9ricain ABC News, le chef de l\u2019\u00c9tat islamique Abu Bakr Al-Baghdadi, aurait abus\u00e9 sexuellement de l&rsquo;otage am\u00e9ricaine Kayla Mueller, tu\u00e9e en d\u00e9but d&rsquo;ann\u00e9e.<\/p>\n<p>Le gouvernement am\u00e9ricain avait inform\u00e9 en juin les parents de Kayla que leur fille avait \u00e9t\u00e9 tortur\u00e9e et qu\u2019elle \u00e9tait la propri\u00e9t\u00e9 d\u2019Al-Baghdadi.<\/p>\n<p>L&rsquo;information a \u00e9t\u00e9 confirm\u00e9e par les services de renseignements am\u00e9ricains \u00e0 la famille.<\/p>\n<p>Citant des sources am\u00e9ricaines, le m\u00e9dia ajoute qu\u2019Al-Baghdadi a fait venir l&rsquo;otage dans une propri\u00e9t\u00e9 d&rsquo;Abu Sayyaf, un Tunisien, responsable des finances du groupe terroriste, tu\u00e9 dans un raid de la coalition anti-djihadistes \u00e0 la mi-mai.<\/p>\n<p>Kayla Mueller, jeune humanitaire am\u00e9ricaine, avait \u00e9t\u00e9 enlev\u00e9e \u00e0 Alep en ao\u00fbt 2013 et tu\u00e9e dans un bombardement de la coalition en Syrie le 10 f\u00e9vrier 2015 apr\u00e8s deux ans et demi de d\u00e9tention.<\/p>\n<p>Selon ABC News, ce sont les t\u00e9moignages d\u2019Umm Sayyaf, la veuve d&rsquo;Abou Sayyaf, et celles de deux adolescentes yazidies d\u00e9tenues dans la villa d&rsquo;Abou Sayyaf qui ont permis de conna\u00eetre les abus dont l&rsquo;otage am\u00e9ricaine a \u00e9t\u00e9 victime durant sa d\u00e9tention.<\/p>\n<p>Umm Sayyaf a \u00e9t\u00e9 remise d\u00e9but ao\u00fbt aux autorit\u00e9s irakiennes, une d\u00e9cision que le s\u00e9nateur John McCain, originaire de l&rsquo;Arizona (sud-ouest) comme la famille Mueller, conteste.<\/p>\n<p>Il a demand\u00e9, hier, vendredi 14 ao\u00fbt, au gouvernement Obama pourquoi Umm Sayyaf, la veuve d&rsquo;Abou Sayyaf, n&rsquo;\u00e9tait pas extrad\u00e9e aux \u00c9tats-Unis pour y \u00eatre jug\u00e9e.<br \/>\nC.C.<\/p>\n","protected":false},"excerpt":{"rendered":"<p>Al Baghdadi aurait abus\u00e9 sexuellement de l\u2019otage am\u00e9ricaine Kayla Mueller dans la propri\u00e9t\u00e9 du Tunisien Abu Sayyaf !<\/p>\n","protected":false},"author":3222,"featured_media":317520,"comment_status":"open","ping_status":"closed","sticky":false,"template":"","format":"standard","meta":{"footnotes":""},"categories":[2598],"tags":[2600],"class_list":["post-184010","post","type-post","status-publish","format-standard","has-post-thumbnail","hentry","category-international","tag-guerre"],"yoast_head":"<!-- This site is optimized with the Yoast SEO Premium plugin v27.5 (Yoast SEO v27.5) - https:\/\/yoast.com\/product\/yoast-seo-premium-wordpress\/ -->\n<title>Al Baghdadi aurait abus\u00e9 sexuellement de l\u2019otage am\u00e9ricaine Kayla Mueller dans la propri\u00e9t\u00e9 du Tunisien Abu Sayyaf !<\/title>\n<meta name=\"description\" content=\"Al Baghdadi aurait abus\u00e9 sexuellement de l\u2019otage am\u00e9ricaine Kayla Mueller dans la propri\u00e9t\u00e9 du Tunisien Abu Sayyaf !\" \/>\n<link rel=\"canonical\" href=\"https:\/\/www.webdo.tn\/fr\/actualite\/international\/al-baghdadi-aurait-abuse-sexuellement-de-lotage-americaine-kayla-mueller-propriete-tunisien-abu-sayyaf\/184010\/\" \/>\n<meta property=\"og:locale\" content=\"fr_FR\" \/>\n<meta property=\"og:type\" content=\"article\" \/>\n<meta property=\"og:title\" content=\"Al Baghdadi aurait abus\u00e9 sexuellement de l\u2019otage am\u00e9ricaine Kayla Mueller dans la propri\u00e9t\u00e9 du Tunisien Abu Sayyaf !\" \/>\n<meta property=\"og:description\" content=\"Al Baghdadi aurait abus\u00e9 sexuellement de l\u2019otage am\u00e9ricaine Kayla Mueller dans la propri\u00e9t\u00e9 du Tunisien Abu Sayyaf !\" \/>\n<meta property=\"og:url\" content=\"https:\/\/www.webdo.tn\/fr\/actualite\/international\/al-baghdadi-aurait-abuse-sexuellement-de-lotage-americaine-kayla-mueller-propriete-tunisien-abu-sayyaf\/184010\/\" \/>\n<meta property=\"og:site_name\" content=\"webdo\" \/>\n<meta property=\"article:publisher\" content=\"https:\/\/www.facebook.com\/webdotn\" \/>\n<meta property=\"article:published_time\" content=\"2015-08-15T23:55:00+00:00\" \/>\n<meta property=\"article:modified_time\" content=\"2025-05-19T10:10:11+00:00\" \/>\n<meta property=\"og:image\" content=\"https:\/\/www.webdo.tn\/fr\/wp-content\/uploads\/2015\/08\/kayla1-300x173-1.jpg\" \/>\n\t<meta property=\"og:image:width\" content=\"300\" \/>\n\t<meta property=\"og:image:height\" content=\"173\" \/>\n\t<meta property=\"og:image:type\" content=\"image\/jpeg\" \/>\n<meta name=\"author\" content=\"webdo.tn\" \/>\n<meta name=\"twitter:card\" content=\"summary_large_image\" \/>\n<meta name=\"twitter:creator\" content=\"@webdo_tn\" \/>\n<meta name=\"twitter:site\" content=\"@webdo_tn\" \/>\n<meta name=\"twitter:label1\" content=\"\u00c9crit par\" \/>\n\t<meta name=\"twitter:data1\" content=\"webdo.tn\" \/>\n\t<meta name=\"twitter:label2\" content=\"Dur\u00e9e de lecture estim\u00e9e\" \/>\n\t<meta name=\"twitter:data2\" content=\"1 minute\" \/>\n<script type=\"application\/ld+json\" class=\"yoast-schema-graph\">{\"@context\":\"https:\\\/\\\/schema.org\",\"@graph\":[{\"@type\":\"NewsArticle\",\"@id\":\"https:\\\/\\\/www.webdo.tn\\\/fr\\\/actualite\\\/international\\\/al-baghdadi-aurait-abuse-sexuellement-de-lotage-americaine-kayla-mueller-propriete-tunisien-abu-sayyaf\\\/184010\\\/#article\",\"isPartOf\":{\"@id\":\"https:\\\/\\\/www.webdo.tn\\\/fr\\\/actualite\\\/international\\\/al-baghdadi-aurait-abuse-sexuellement-de-lotage-americaine-kayla-mueller-propriete-tunisien-abu-sayyaf\\\/184010\\\/\"},\"author\":{\"name\":\"webdo.tn\",\"@id\":\"https:\\\/\\\/www.webdo.tn\\\/fr\\\/#\\\/schema\\\/person\\\/9a9c6118d687c117df8ef3cc36a4d175\"},\"headline\":\"Al Baghdadi aurait abus\u00e9 sexuellement de l\u2019otage am\u00e9ricaine Kayla Mueller dans la propri\u00e9t\u00e9 du Tunisien Abu Sayyaf !\",\"datePublished\":\"2015-08-15T23:55:00+00:00\",\"dateModified\":\"2025-05-19T10:10:11+00:00\",\"mainEntityOfPage\":{\"@id\":\"https:\\\/\\\/www.webdo.tn\\\/fr\\\/actualite\\\/international\\\/al-baghdadi-aurait-abuse-sexuellement-de-lotage-americaine-kayla-mueller-propriete-tunisien-abu-sayyaf\\\/184010\\\/\"},\"wordCount\":290,\"commentCount\":0,\"publisher\":{\"@id\":\"https:\\\/\\\/www.webdo.tn\\\/fr\\\/#organization\"},\"image\":{\"@id\":\"https:\\\/\\\/www.webdo.tn\\\/fr\\\/actualite\\\/international\\\/al-baghdadi-aurait-abuse-sexuellement-de-lotage-americaine-kayla-mueller-propriete-tunisien-abu-sayyaf\\\/184010\\\/#primaryimage\"},\"thumbnailUrl\":\"https:\\\/\\\/www.webdo.tn\\\/fr\\\/wp-content\\\/uploads\\\/2015\\\/08\\\/kayla1-300x173-1.jpg\",\"keywords\":[\"guerre\"],\"articleSection\":[\"International\"],\"inLanguage\":\"fr-FR\"},{\"@type\":\"WebPage\",\"@id\":\"https:\\\/\\\/www.webdo.tn\\\/fr\\\/actualite\\\/international\\\/al-baghdadi-aurait-abuse-sexuellement-de-lotage-americaine-kayla-mueller-propriete-tunisien-abu-sayyaf\\\/184010\\\/\",\"url\":\"https:\\\/\\\/www.webdo.tn\\\/fr\\\/actualite\\\/international\\\/al-baghdadi-aurait-abuse-sexuellement-de-lotage-americaine-kayla-mueller-propriete-tunisien-abu-sayyaf\\\/184010\\\/\",\"name\":\"Al Baghdadi aurait abus\u00e9 sexuellement de l\u2019otage am\u00e9ricaine Kayla Mueller dans la propri\u00e9t\u00e9 du Tunisien Abu Sayyaf !\",\"isPartOf\":{\"@id\":\"https:\\\/\\\/www.webdo.tn\\\/fr\\\/#website\"},\"primaryImageOfPage\":{\"@id\":\"https:\\\/\\\/www.webdo.tn\\\/fr\\\/actualite\\\/international\\\/al-baghdadi-aurait-abuse-sexuellement-de-lotage-americaine-kayla-mueller-propriete-tunisien-abu-sayyaf\\\/184010\\\/#primaryimage\"},\"image\":{\"@id\":\"https:\\\/\\\/www.webdo.tn\\\/fr\\\/actualite\\\/international\\\/al-baghdadi-aurait-abuse-sexuellement-de-lotage-americaine-kayla-mueller-propriete-tunisien-abu-sayyaf\\\/184010\\\/#primaryimage\"},\"thumbnailUrl\":\"https:\\\/\\\/www.webdo.tn\\\/fr\\\/wp-content\\\/uploads\\\/2015\\\/08\\\/kayla1-300x173-1.jpg\",\"datePublished\":\"2015-08-15T23:55:00+00:00\",\"dateModified\":\"2025-05-19T10:10:11+00:00\",\"description\":\"Al Baghdadi aurait abus\u00e9 sexuellement de l\u2019otage am\u00e9ricaine Kayla Mueller dans la propri\u00e9t\u00e9 du Tunisien Abu Sayyaf !\",\"breadcrumb\":{\"@id\":\"https:\\\/\\\/www.webdo.tn\\\/fr\\\/actualite\\\/international\\\/al-baghdadi-aurait-abuse-sexuellement-de-lotage-americaine-kayla-mueller-propriete-tunisien-abu-sayyaf\\\/184010\\\/#breadcrumb\"},\"inLanguage\":\"fr-FR\",\"potentialAction\":[{\"@type\":\"ReadAction\",\"target\":[\"https:\\\/\\\/www.webdo.tn\\\/fr\\\/actualite\\\/international\\\/al-baghdadi-aurait-abuse-sexuellement-de-lotage-americaine-kayla-mueller-propriete-tunisien-abu-sayyaf\\\/184010\\\/\"]}]},{\"@type\":\"ImageObject\",\"inLanguage\":\"fr-FR\",\"@id\":\"https:\\\/\\\/www.webdo.tn\\\/fr\\\/actualite\\\/international\\\/al-baghdadi-aurait-abuse-sexuellement-de-lotage-americaine-kayla-mueller-propriete-tunisien-abu-sayyaf\\\/184010\\\/#primaryimage\",\"url\":\"https:\\\/\\\/www.webdo.tn\\\/fr\\\/wp-content\\\/uploads\\\/2015\\\/08\\\/kayla1-300x173-1.jpg\",\"contentUrl\":\"https:\\\/\\\/www.webdo.tn\\\/fr\\\/wp-content\\\/uploads\\\/2015\\\/08\\\/kayla1-300x173-1.jpg\",\"width\":300,\"height\":173,\"caption\":\"Al Baghdadi aurait abus\u00e9 sexuellement de l\u2019otage am\u00e9ricaine Kayla Mueller dans la propri\u00e9t\u00e9 du Tunisien Abu Sayyaf !\"},{\"@type\":\"BreadcrumbList\",\"@id\":\"https:\\\/\\\/www.webdo.tn\\\/fr\\\/actualite\\\/international\\\/al-baghdadi-aurait-abuse-sexuellement-de-lotage-americaine-kayla-mueller-propriete-tunisien-abu-sayyaf\\\/184010\\\/#breadcrumb\",\"itemListElement\":[{\"@type\":\"ListItem\",\"position\":1,\"name\":\"Accueil\",\"item\":\"https:\\\/\\\/www.webdo.tn\\\/fr\\\/\"},{\"@type\":\"ListItem\",\"position\":2,\"name\":\"Al Baghdadi aurait abus\u00e9 sexuellement de l\u2019otage am\u00e9ricaine Kayla Mueller dans la propri\u00e9t\u00e9 du Tunisien Abu Sayyaf !\"}]},{\"@type\":\"WebSite\",\"@id\":\"https:\\\/\\\/www.webdo.tn\\\/fr\\\/#website\",\"url\":\"https:\\\/\\\/www.webdo.tn\\\/fr\\\/\",\"name\":\"webdo\",\"description\":\"Tunisie - News en Tunisie et \u00e0 l&#039;international sur Webdo.tn\",\"publisher\":{\"@id\":\"https:\\\/\\\/www.webdo.tn\\\/fr\\\/#organization\"},\"potentialAction\":[{\"@type\":\"SearchAction\",\"target\":{\"@type\":\"EntryPoint\",\"urlTemplate\":\"https:\\\/\\\/www.webdo.tn\\\/fr\\\/?s={search_term_string}\"},\"query-input\":{\"@type\":\"PropertyValueSpecification\",\"valueRequired\":true,\"valueName\":\"search_term_string\"}}],\"inLanguage\":\"fr-FR\"},{\"@type\":\"Organization\",\"@id\":\"https:\\\/\\\/www.webdo.tn\\\/fr\\\/#organization\",\"name\":\"Webdo\",\"alternateName\":\"Webdo.tn\",\"url\":\"https:\\\/\\\/www.webdo.tn\\\/fr\\\/\",\"logo\":{\"@type\":\"ImageObject\",\"inLanguage\":\"fr-FR\",\"@id\":\"https:\\\/\\\/www.webdo.tn\\\/fr\\\/#\\\/schema\\\/logo\\\/image\\\/\",\"url\":\"https:\\\/\\\/www.webdo.tn\\\/fr\\\/wp-content\\\/uploads\\\/2025\\\/06\\\/Webdo-Tunisie_168377.jpg\",\"contentUrl\":\"https:\\\/\\\/www.webdo.tn\\\/fr\\\/wp-content\\\/uploads\\\/2025\\\/06\\\/Webdo-Tunisie_168377.jpg\",\"width\":301,\"height\":301,\"caption\":\"Webdo\"},\"image\":{\"@id\":\"https:\\\/\\\/www.webdo.tn\\\/fr\\\/#\\\/schema\\\/logo\\\/image\\\/\"},\"sameAs\":[\"https:\\\/\\\/www.facebook.com\\\/webdotn\",\"https:\\\/\\\/x.com\\\/webdo_tn\"],\"description\":\"Webdo est un m\u00e9dia num\u00e9rique tunisien fond\u00e9 en 2010, sp\u00e9cialis\u00e9 dans l\u2019actualit\u00e9 nationale et internationale, l\u2019\u00e9conomie, la soci\u00e9t\u00e9 et les analyses politiques. Le site s\u2019adresse \u00e0 un large public francophone et couvre l\u2019information tunisienne en temps r\u00e9el.\",\"email\":\"redac@webdo.tn\",\"legalName\":\"YNJ SARL\",\"foundingDate\":\"2010-09-06\",\"numberOfEmployees\":{\"@type\":\"QuantitativeValue\",\"minValue\":\"11\",\"maxValue\":\"50\"}},{\"@type\":\"Person\",\"@id\":\"https:\\\/\\\/www.webdo.tn\\\/fr\\\/#\\\/schema\\\/person\\\/9a9c6118d687c117df8ef3cc36a4d175\",\"name\":\"webdo.tn\",\"image\":{\"@type\":\"ImageObject\",\"inLanguage\":\"fr-FR\",\"@id\":\"https:\\\/\\\/secure.gravatar.com\\\/avatar\\\/7ce1f28c0c3bbac99ff550b85ef8e44a6950c6ee24514fb6a5489e51d06f0298?s=96&d=mm&r=g\",\"url\":\"https:\\\/\\\/secure.gravatar.com\\\/avatar\\\/7ce1f28c0c3bbac99ff550b85ef8e44a6950c6ee24514fb6a5489e51d06f0298?s=96&d=mm&r=g\",\"contentUrl\":\"https:\\\/\\\/secure.gravatar.com\\\/avatar\\\/7ce1f28c0c3bbac99ff550b85ef8e44a6950c6ee24514fb6a5489e51d06f0298?s=96&d=mm&r=g\",\"caption\":\"webdo.tn\"},\"url\":\"https:\\\/\\\/www.webdo.tn\\\/fr\\\/actualite\\\/author\\\/webdotn\\\/\"}]}<\/script>\n<!-- \/ Yoast SEO Premium plugin. -->","yoast_head_json":{"title":"Al Baghdadi aurait abus\u00e9 sexuellement de l\u2019otage am\u00e9ricaine Kayla Mueller dans la propri\u00e9t\u00e9 du Tunisien Abu Sayyaf !","description":"Al Baghdadi aurait abus\u00e9 sexuellement de l\u2019otage am\u00e9ricaine Kayla Mueller dans la propri\u00e9t\u00e9 du Tunisien Abu Sayyaf !","canonical":"https:\/\/www.webdo.tn\/fr\/actualite\/international\/al-baghdadi-aurait-abuse-sexuellement-de-lotage-americaine-kayla-mueller-propriete-tunisien-abu-sayyaf\/184010\/","og_locale":"fr_FR","og_type":"article","og_title":"Al Baghdadi aurait abus\u00e9 sexuellement de l\u2019otage am\u00e9ricaine Kayla Mueller dans la propri\u00e9t\u00e9 du Tunisien Abu Sayyaf !","og_description":"Al Baghdadi aurait abus\u00e9 sexuellement de l\u2019otage am\u00e9ricaine Kayla Mueller dans la propri\u00e9t\u00e9 du Tunisien Abu Sayyaf !","og_url":"https:\/\/www.webdo.tn\/fr\/actualite\/international\/al-baghdadi-aurait-abuse-sexuellement-de-lotage-americaine-kayla-mueller-propriete-tunisien-abu-sayyaf\/184010\/","og_site_name":"webdo","article_publisher":"https:\/\/www.facebook.com\/webdotn","article_published_time":"2015-08-15T23:55:00+00:00","article_modified_time":"2025-05-19T10:10:11+00:00","og_image":[{"width":300,"height":173,"url":"https:\/\/www.webdo.tn\/fr\/wp-content\/uploads\/2015\/08\/kayla1-300x173-1.jpg","type":"image\/jpeg"}],"author":"webdo.tn","twitter_card":"summary_large_image","twitter_creator":"@webdo_tn","twitter_site":"@webdo_tn","twitter_misc":{"\u00c9crit par":"webdo.tn","Dur\u00e9e de lecture estim\u00e9e":"1 minute"},"schema":{"@context":"https:\/\/schema.org","@graph":[{"@type":"NewsArticle","@id":"https:\/\/www.webdo.tn\/fr\/actualite\/international\/al-baghdadi-aurait-abuse-sexuellement-de-lotage-americaine-kayla-mueller-propriete-tunisien-abu-sayyaf\/184010\/#article","isPartOf":{"@id":"https:\/\/www.webdo.tn\/fr\/actualite\/international\/al-baghdadi-aurait-abuse-sexuellement-de-lotage-americaine-kayla-mueller-propriete-tunisien-abu-sayyaf\/184010\/"},"author":{"name":"webdo.tn","@id":"https:\/\/www.webdo.tn\/fr\/#\/schema\/person\/9a9c6118d687c117df8ef3cc36a4d175"},"headline":"Al Baghdadi aurait abus\u00e9 sexuellement de l\u2019otage am\u00e9ricaine Kayla Mueller dans la propri\u00e9t\u00e9 du Tunisien Abu Sayyaf !","datePublished":"2015-08-15T23:55:00+00:00","dateModified":"2025-05-19T10:10:11+00:00","mainEntityOfPage":{"@id":"https:\/\/www.webdo.tn\/fr\/actualite\/international\/al-baghdadi-aurait-abuse-sexuellement-de-lotage-americaine-kayla-mueller-propriete-tunisien-abu-sayyaf\/184010\/"},"wordCount":290,"commentCount":0,"publisher":{"@id":"https:\/\/www.webdo.tn\/fr\/#organization"},"image":{"@id":"https:\/\/www.webdo.tn\/fr\/actualite\/international\/al-baghdadi-aurait-abuse-sexuellement-de-lotage-americaine-kayla-mueller-propriete-tunisien-abu-sayyaf\/184010\/#primaryimage"},"thumbnailUrl":"https:\/\/www.webdo.tn\/fr\/wp-content\/uploads\/2015\/08\/kayla1-300x173-1.jpg","keywords":["guerre"],"articleSection":["International"],"inLanguage":"fr-FR"},{"@type":"WebPage","@id":"https:\/\/www.webdo.tn\/fr\/actualite\/international\/al-baghdadi-aurait-abuse-sexuellement-de-lotage-americaine-kayla-mueller-propriete-tunisien-abu-sayyaf\/184010\/","url":"https:\/\/www.webdo.tn\/fr\/actualite\/international\/al-baghdadi-aurait-abuse-sexuellement-de-lotage-americaine-kayla-mueller-propriete-tunisien-abu-sayyaf\/184010\/","name":"Al Baghdadi aurait abus\u00e9 sexuellement de l\u2019otage am\u00e9ricaine Kayla Mueller dans la propri\u00e9t\u00e9 du Tunisien Abu Sayyaf !","isPartOf":{"@id":"https:\/\/www.webdo.tn\/fr\/#website"},"primaryImageOfPage":{"@id":"https:\/\/www.webdo.tn\/fr\/actualite\/international\/al-baghdadi-aurait-abuse-sexuellement-de-lotage-americaine-kayla-mueller-propriete-tunisien-abu-sayyaf\/184010\/#primaryimage"},"image":{"@id":"https:\/\/www.webdo.tn\/fr\/actualite\/international\/al-baghdadi-aurait-abuse-sexuellement-de-lotage-americaine-kayla-mueller-propriete-tunisien-abu-sayyaf\/184010\/#primaryimage"},"thumbnailUrl":"https:\/\/www.webdo.tn\/fr\/wp-content\/uploads\/2015\/08\/kayla1-300x173-1.jpg","datePublished":"2015-08-15T23:55:00+00:00","dateModified":"2025-05-19T10:10:11+00:00","description":"Al Baghdadi aurait abus\u00e9 sexuellement de l\u2019otage am\u00e9ricaine Kayla Mueller dans la propri\u00e9t\u00e9 du Tunisien Abu Sayyaf !","breadcrumb":{"@id":"https:\/\/www.webdo.tn\/fr\/actualite\/international\/al-baghdadi-aurait-abuse-sexuellement-de-lotage-americaine-kayla-mueller-propriete-tunisien-abu-sayyaf\/184010\/#breadcrumb"},"inLanguage":"fr-FR","potentialAction":[{"@type":"ReadAction","target":["https:\/\/www.webdo.tn\/fr\/actualite\/international\/al-baghdadi-aurait-abuse-sexuellement-de-lotage-americaine-kayla-mueller-propriete-tunisien-abu-sayyaf\/184010\/"]}]},{"@type":"ImageObject","inLanguage":"fr-FR","@id":"https:\/\/www.webdo.tn\/fr\/actualite\/international\/al-baghdadi-aurait-abuse-sexuellement-de-lotage-americaine-kayla-mueller-propriete-tunisien-abu-sayyaf\/184010\/#primaryimage","url":"https:\/\/www.webdo.tn\/fr\/wp-content\/uploads\/2015\/08\/kayla1-300x173-1.jpg","contentUrl":"https:\/\/www.webdo.tn\/fr\/wp-content\/uploads\/2015\/08\/kayla1-300x173-1.jpg","width":300,"height":173,"caption":"Al Baghdadi aurait abus\u00e9 sexuellement de l\u2019otage am\u00e9ricaine Kayla Mueller dans la propri\u00e9t\u00e9 du Tunisien Abu Sayyaf !"},{"@type":"BreadcrumbList","@id":"https:\/\/www.webdo.tn\/fr\/actualite\/international\/al-baghdadi-aurait-abuse-sexuellement-de-lotage-americaine-kayla-mueller-propriete-tunisien-abu-sayyaf\/184010\/#breadcrumb","itemListElement":[{"@type":"ListItem","position":1,"name":"Accueil","item":"https:\/\/www.webdo.tn\/fr\/"},{"@type":"ListItem","position":2,"name":"Al Baghdadi aurait abus\u00e9 sexuellement de l\u2019otage am\u00e9ricaine Kayla Mueller dans la propri\u00e9t\u00e9 du Tunisien Abu Sayyaf !"}]},{"@type":"WebSite","@id":"https:\/\/www.webdo.tn\/fr\/#website","url":"https:\/\/www.webdo.tn\/fr\/","name":"webdo","description":"Tunisie - News en Tunisie et \u00e0 l&#039;international sur Webdo.tn","publisher":{"@id":"https:\/\/www.webdo.tn\/fr\/#organization"},"potentialAction":[{"@type":"SearchAction","target":{"@type":"EntryPoint","urlTemplate":"https:\/\/www.webdo.tn\/fr\/?s={search_term_string}"},"query-input":{"@type":"PropertyValueSpecification","valueRequired":true,"valueName":"search_term_string"}}],"inLanguage":"fr-FR"},{"@type":"Organization","@id":"https:\/\/www.webdo.tn\/fr\/#organization","name":"Webdo","alternateName":"Webdo.tn","url":"https:\/\/www.webdo.tn\/fr\/","logo":{"@type":"ImageObject","inLanguage":"fr-FR","@id":"https:\/\/www.webdo.tn\/fr\/#\/schema\/logo\/image\/","url":"https:\/\/www.webdo.tn\/fr\/wp-content\/uploads\/2025\/06\/Webdo-Tunisie_168377.jpg","contentUrl":"https:\/\/www.webdo.tn\/fr\/wp-content\/uploads\/2025\/06\/Webdo-Tunisie_168377.jpg","width":301,"height":301,"caption":"Webdo"},"image":{"@id":"https:\/\/www.webdo.tn\/fr\/#\/schema\/logo\/image\/"},"sameAs":["https:\/\/www.facebook.com\/webdotn","https:\/\/x.com\/webdo_tn"],"description":"Webdo est un m\u00e9dia num\u00e9rique tunisien fond\u00e9 en 2010, sp\u00e9cialis\u00e9 dans l\u2019actualit\u00e9 nationale et internationale, l\u2019\u00e9conomie, la soci\u00e9t\u00e9 et les analyses politiques. Le site s\u2019adresse \u00e0 un large public francophone et couvre l\u2019information tunisienne en temps r\u00e9el.","email":"redac@webdo.tn","legalName":"YNJ SARL","foundingDate":"2010-09-06","numberOfEmployees":{"@type":"QuantitativeValue","minValue":"11","maxValue":"50"}},{"@type":"Person","@id":"https:\/\/www.webdo.tn\/fr\/#\/schema\/person\/9a9c6118d687c117df8ef3cc36a4d175","name":"webdo.tn","image":{"@type":"ImageObject","inLanguage":"fr-FR","@id":"https:\/\/secure.gravatar.com\/avatar\/7ce1f28c0c3bbac99ff550b85ef8e44a6950c6ee24514fb6a5489e51d06f0298?s=96&d=mm&r=g","url":"https:\/\/secure.gravatar.com\/avatar\/7ce1f28c0c3bbac99ff550b85ef8e44a6950c6ee24514fb6a5489e51d06f0298?s=96&d=mm&r=g","contentUrl":"https:\/\/secure.gravatar.com\/avatar\/7ce1f28c0c3bbac99ff550b85ef8e44a6950c6ee24514fb6a5489e51d06f0298?s=96&d=mm&r=g","caption":"webdo.tn"},"url":"https:\/\/www.webdo.tn\/fr\/actualite\/author\/webdotn\/"}]}},"_links":{"self":[{"href":"https:\/\/www.webdo.tn\/fr\/wp-json\/wp\/v2\/posts\/184010","targetHints":{"allow":["GET"]}}],"collection":[{"href":"https:\/\/www.webdo.tn\/fr\/wp-json\/wp\/v2\/posts"}],"about":[{"href":"https:\/\/www.webdo.tn\/fr\/wp-json\/wp\/v2\/types\/post"}],"author":[{"embeddable":true,"href":"https:\/\/www.webdo.tn\/fr\/wp-json\/wp\/v2\/users\/3222"}],"replies":[{"embeddable":true,"href":"https:\/\/www.webdo.tn\/fr\/wp-json\/wp\/v2\/comments?post=184010"}],"version-history":[{"count":0,"href":"https:\/\/www.webdo.tn\/fr\/wp-json\/wp\/v2\/posts\/184010\/revisions"}],"wp:featuredmedia":[{"embeddable":true,"href":"https:\/\/www.webdo.tn\/fr\/wp-json\/wp\/v2\/media\/317520"}],"wp:attachment":[{"href":"https:\/\/www.webdo.tn\/fr\/wp-json\/wp\/v2\/media?parent=184010"}],"wp:term":[{"taxonomy":"category","embeddable":true,"href":"https:\/\/www.webdo.tn\/fr\/wp-json\/wp\/v2\/categories?post=184010"},{"taxonomy":"post_tag","embeddable":true,"href":"https:\/\/www.webdo.tn\/fr\/wp-json\/wp\/v2\/tags?post=184010"}],"curies":[{"name":"wp","href":"https:\/\/api.w.org\/{rel}","templated":true}]}}