{"id":184007,"date":"2015-08-16T20:55:00","date_gmt":"2015-08-16T20:55:00","guid":{"rendered":"https:\/\/www.webdo.tn\/fr\/blog\/lun-des-volcans-les-plus-dangereux-du-monde-sest-reveille\/184007\/"},"modified":"2025-05-19T10:10:16","modified_gmt":"2025-05-19T10:10:16","slug":"lun-des-volcans-les-plus-dangereux-du-monde-sest-reveille","status":"publish","type":"post","link":"https:\/\/www.webdo.tn\/fr\/actualite\/international\/lun-des-volcans-les-plus-dangereux-du-monde-sest-reveille\/184007\/","title":{"rendered":"\u00c9quateur : L&rsquo;un des volcans les plus dangereux du monde s&rsquo;est r\u00e9veill\u00e9"},"content":{"rendered":"<p>L&rsquo;\u00c9quateur se pr\u00e9pare au pire apr\u00e8s le r\u00e9veil du\u00a0Cotopaxi, hier samedi 15 ao\u00fbt 2015, l&rsquo;un des volcans les plus dangereux au monde.<\/p>\n<p>Le gouvernement a d\u00e9cid\u00e9 de d\u00e9clarer l&rsquo;\u00e9tat d&rsquo;exception, c&rsquo;est \u00e0 dire la possibilit\u00e9 d&rsquo;utiliser toutes les ressources o\u00f9 qu&rsquo;elles soient, mis \u00e0 part celles de l&rsquo;\u00e9ducation, afin de r\u00e9pondre \u00e0\u00a0l&rsquo;urgence, y compris les ressources militaires.<\/p>\n<p>Cet \u00e9tat d&rsquo;exception pr\u00e9voit entre autres une \u00ab\u00a0censure pr\u00e9ventive\u00a0\u00bb de toutes les informations sur le volcan. Les journalistes \u00e9quatoriens n&rsquo;ont donc pas le droit de s&rsquo;exprimer sur le sujet, except\u00e9 pour relayer les communiqu\u00e9s officiels.<br \/>\n325.000 personnes menac\u00e9es<br \/>\nPlusieurs localit\u00e9s \u00e0 proximit\u00e9 du volcan ont \u00e9t\u00e9 \u00e9vacu\u00e9es,\u00a0pr\u00e9ventivement, en cas de coul\u00e9es de boue. En tout, 325.000 personnes sont menac\u00e9es.<\/p>\n<p>Cotopaxi\u00a0se\u00a0situe \u00e0 45 km au sud de Quito, dans le centre du pays, \u00e0\u00a0pr\u00e8s de 6000\u00a0m\u00e8tres d&rsquo;altitude. Les explosions ont envoy\u00e9 dans les airs\u00a0des morceaux\u00a0incandescents et\u00a0une\u00a0colonne de cendres de\u00a08 kilom\u00e8tres de haut s&rsquo;est form\u00e9e.<\/p>\n<p>Le volcan n&rsquo;avait pas connu d&rsquo;\u00e9ruption depuis 1877.<\/p>\n","protected":false},"excerpt":{"rendered":"<p>\u00c9quateur : L&rsquo;un des volcans les plus dangereux du monde s&rsquo;est r\u00e9veill\u00e9<\/p>\n","protected":false},"author":3222,"featured_media":317529,"comment_status":"open","ping_status":"closed","sticky":false,"template":"","format":"standard","meta":{"footnotes":""},"categories":[2598],"tags":[2600],"class_list":["post-184007","post","type-post","status-publish","format-standard","has-post-thumbnail","hentry","category-international","tag-guerre"],"yoast_head":"<!-- This site is optimized with the Yoast SEO Premium plugin v27.5 (Yoast SEO v27.5) - https:\/\/yoast.com\/product\/yoast-seo-premium-wordpress\/ -->\n<title>\u00c9quateur : L&#039;un des volcans les plus dangereux du monde s&#039;est r\u00e9veill\u00e9<\/title>\n<meta name=\"description\" content=\"\u00c9quateur : L&#039;un des volcans les plus dangereux du monde s&#039;est r\u00e9veill\u00e9\" \/>\n<link rel=\"canonical\" href=\"https:\/\/www.webdo.tn\/fr\/actualite\/international\/lun-des-volcans-les-plus-dangereux-du-monde-sest-reveille\/184007\/\" \/>\n<meta property=\"og:locale\" content=\"fr_FR\" \/>\n<meta property=\"og:type\" content=\"article\" \/>\n<meta property=\"og:title\" content=\"\u00c9quateur : L&#039;un des volcans les plus dangereux du monde s&#039;est r\u00e9veill\u00e9\" \/>\n<meta property=\"og:description\" content=\"\u00c9quateur : L&#039;un des volcans les plus dangereux du monde s&#039;est r\u00e9veill\u00e9\" \/>\n<meta property=\"og:url\" content=\"https:\/\/www.webdo.tn\/fr\/actualite\/international\/lun-des-volcans-les-plus-dangereux-du-monde-sest-reveille\/184007\/\" \/>\n<meta property=\"og:site_name\" content=\"webdo\" \/>\n<meta property=\"article:publisher\" content=\"https:\/\/www.facebook.com\/webdotn\" \/>\n<meta property=\"article:published_time\" content=\"2015-08-16T20:55:00+00:00\" \/>\n<meta property=\"article:modified_time\" content=\"2025-05-19T10:10:16+00:00\" \/>\n<meta property=\"og:image\" content=\"https:\/\/www.webdo.tn\/fr\/wp-content\/uploads\/2015\/08\/volcan-1-300x196-1.jpg\" \/>\n\t<meta property=\"og:image:width\" content=\"300\" \/>\n\t<meta property=\"og:image:height\" content=\"196\" \/>\n\t<meta property=\"og:image:type\" content=\"image\/jpeg\" \/>\n<meta name=\"author\" content=\"webdo.tn\" \/>\n<meta name=\"twitter:card\" content=\"summary_large_image\" \/>\n<meta name=\"twitter:creator\" content=\"@webdo_tn\" \/>\n<meta name=\"twitter:site\" content=\"@webdo_tn\" \/>\n<meta name=\"twitter:label1\" content=\"\u00c9crit par\" \/>\n\t<meta name=\"twitter:data1\" content=\"webdo.tn\" \/>\n\t<meta name=\"twitter:label2\" content=\"Dur\u00e9e de lecture estim\u00e9e\" \/>\n\t<meta name=\"twitter:data2\" content=\"1 minute\" \/>\n<script type=\"application\/ld+json\" class=\"yoast-schema-graph\">{\"@context\":\"https:\\\/\\\/schema.org\",\"@graph\":[{\"@type\":\"NewsArticle\",\"@id\":\"https:\\\/\\\/www.webdo.tn\\\/fr\\\/actualite\\\/international\\\/lun-des-volcans-les-plus-dangereux-du-monde-sest-reveille\\\/184007\\\/#article\",\"isPartOf\":{\"@id\":\"https:\\\/\\\/www.webdo.tn\\\/fr\\\/actualite\\\/international\\\/lun-des-volcans-les-plus-dangereux-du-monde-sest-reveille\\\/184007\\\/\"},\"author\":{\"name\":\"webdo.tn\",\"@id\":\"https:\\\/\\\/www.webdo.tn\\\/fr\\\/#\\\/schema\\\/person\\\/9a9c6118d687c117df8ef3cc36a4d175\"},\"headline\":\"\u00c9quateur : L&rsquo;un des volcans les plus dangereux du monde s&rsquo;est r\u00e9veill\u00e9\",\"datePublished\":\"2015-08-16T20:55:00+00:00\",\"dateModified\":\"2025-05-19T10:10:16+00:00\",\"mainEntityOfPage\":{\"@id\":\"https:\\\/\\\/www.webdo.tn\\\/fr\\\/actualite\\\/international\\\/lun-des-volcans-les-plus-dangereux-du-monde-sest-reveille\\\/184007\\\/\"},\"wordCount\":206,\"commentCount\":0,\"publisher\":{\"@id\":\"https:\\\/\\\/www.webdo.tn\\\/fr\\\/#organization\"},\"image\":{\"@id\":\"https:\\\/\\\/www.webdo.tn\\\/fr\\\/actualite\\\/international\\\/lun-des-volcans-les-plus-dangereux-du-monde-sest-reveille\\\/184007\\\/#primaryimage\"},\"thumbnailUrl\":\"https:\\\/\\\/www.webdo.tn\\\/fr\\\/wp-content\\\/uploads\\\/2015\\\/08\\\/volcan-1-300x196-1.jpg\",\"keywords\":[\"guerre\"],\"articleSection\":[\"International\"],\"inLanguage\":\"fr-FR\"},{\"@type\":\"WebPage\",\"@id\":\"https:\\\/\\\/www.webdo.tn\\\/fr\\\/actualite\\\/international\\\/lun-des-volcans-les-plus-dangereux-du-monde-sest-reveille\\\/184007\\\/\",\"url\":\"https:\\\/\\\/www.webdo.tn\\\/fr\\\/actualite\\\/international\\\/lun-des-volcans-les-plus-dangereux-du-monde-sest-reveille\\\/184007\\\/\",\"name\":\"\u00c9quateur : L'un des volcans les plus dangereux du monde s'est r\u00e9veill\u00e9\",\"isPartOf\":{\"@id\":\"https:\\\/\\\/www.webdo.tn\\\/fr\\\/#website\"},\"primaryImageOfPage\":{\"@id\":\"https:\\\/\\\/www.webdo.tn\\\/fr\\\/actualite\\\/international\\\/lun-des-volcans-les-plus-dangereux-du-monde-sest-reveille\\\/184007\\\/#primaryimage\"},\"image\":{\"@id\":\"https:\\\/\\\/www.webdo.tn\\\/fr\\\/actualite\\\/international\\\/lun-des-volcans-les-plus-dangereux-du-monde-sest-reveille\\\/184007\\\/#primaryimage\"},\"thumbnailUrl\":\"https:\\\/\\\/www.webdo.tn\\\/fr\\\/wp-content\\\/uploads\\\/2015\\\/08\\\/volcan-1-300x196-1.jpg\",\"datePublished\":\"2015-08-16T20:55:00+00:00\",\"dateModified\":\"2025-05-19T10:10:16+00:00\",\"description\":\"\u00c9quateur : L'un des volcans les plus dangereux du monde s'est r\u00e9veill\u00e9\",\"breadcrumb\":{\"@id\":\"https:\\\/\\\/www.webdo.tn\\\/fr\\\/actualite\\\/international\\\/lun-des-volcans-les-plus-dangereux-du-monde-sest-reveille\\\/184007\\\/#breadcrumb\"},\"inLanguage\":\"fr-FR\",\"potentialAction\":[{\"@type\":\"ReadAction\",\"target\":[\"https:\\\/\\\/www.webdo.tn\\\/fr\\\/actualite\\\/international\\\/lun-des-volcans-les-plus-dangereux-du-monde-sest-reveille\\\/184007\\\/\"]}]},{\"@type\":\"ImageObject\",\"inLanguage\":\"fr-FR\",\"@id\":\"https:\\\/\\\/www.webdo.tn\\\/fr\\\/actualite\\\/international\\\/lun-des-volcans-les-plus-dangereux-du-monde-sest-reveille\\\/184007\\\/#primaryimage\",\"url\":\"https:\\\/\\\/www.webdo.tn\\\/fr\\\/wp-content\\\/uploads\\\/2015\\\/08\\\/volcan-1-300x196-1.jpg\",\"contentUrl\":\"https:\\\/\\\/www.webdo.tn\\\/fr\\\/wp-content\\\/uploads\\\/2015\\\/08\\\/volcan-1-300x196-1.jpg\",\"width\":300,\"height\":196,\"caption\":\"\u00c9quateur : L'un des volcans les plus dangereux du monde s'est r\u00e9veill\u00e9\"},{\"@type\":\"BreadcrumbList\",\"@id\":\"https:\\\/\\\/www.webdo.tn\\\/fr\\\/actualite\\\/international\\\/lun-des-volcans-les-plus-dangereux-du-monde-sest-reveille\\\/184007\\\/#breadcrumb\",\"itemListElement\":[{\"@type\":\"ListItem\",\"position\":1,\"name\":\"Accueil\",\"item\":\"https:\\\/\\\/www.webdo.tn\\\/fr\\\/\"},{\"@type\":\"ListItem\",\"position\":2,\"name\":\"\u00c9quateur : L&rsquo;un des volcans les plus dangereux du monde s&rsquo;est r\u00e9veill\u00e9\"}]},{\"@type\":\"WebSite\",\"@id\":\"https:\\\/\\\/www.webdo.tn\\\/fr\\\/#website\",\"url\":\"https:\\\/\\\/www.webdo.tn\\\/fr\\\/\",\"name\":\"webdo\",\"description\":\"Tunisie - News en Tunisie et \u00e0 l&#039;international sur Webdo.tn\",\"publisher\":{\"@id\":\"https:\\\/\\\/www.webdo.tn\\\/fr\\\/#organization\"},\"potentialAction\":[{\"@type\":\"SearchAction\",\"target\":{\"@type\":\"EntryPoint\",\"urlTemplate\":\"https:\\\/\\\/www.webdo.tn\\\/fr\\\/?s={search_term_string}\"},\"query-input\":{\"@type\":\"PropertyValueSpecification\",\"valueRequired\":true,\"valueName\":\"search_term_string\"}}],\"inLanguage\":\"fr-FR\"},{\"@type\":\"Organization\",\"@id\":\"https:\\\/\\\/www.webdo.tn\\\/fr\\\/#organization\",\"name\":\"Webdo\",\"alternateName\":\"Webdo.tn\",\"url\":\"https:\\\/\\\/www.webdo.tn\\\/fr\\\/\",\"logo\":{\"@type\":\"ImageObject\",\"inLanguage\":\"fr-FR\",\"@id\":\"https:\\\/\\\/www.webdo.tn\\\/fr\\\/#\\\/schema\\\/logo\\\/image\\\/\",\"url\":\"https:\\\/\\\/www.webdo.tn\\\/fr\\\/wp-content\\\/uploads\\\/2025\\\/06\\\/Webdo-Tunisie_168377.jpg\",\"contentUrl\":\"https:\\\/\\\/www.webdo.tn\\\/fr\\\/wp-content\\\/uploads\\\/2025\\\/06\\\/Webdo-Tunisie_168377.jpg\",\"width\":301,\"height\":301,\"caption\":\"Webdo\"},\"image\":{\"@id\":\"https:\\\/\\\/www.webdo.tn\\\/fr\\\/#\\\/schema\\\/logo\\\/image\\\/\"},\"sameAs\":[\"https:\\\/\\\/www.facebook.com\\\/webdotn\",\"https:\\\/\\\/x.com\\\/webdo_tn\"],\"description\":\"Webdo est un m\u00e9dia num\u00e9rique tunisien fond\u00e9 en 2010, sp\u00e9cialis\u00e9 dans l\u2019actualit\u00e9 nationale et internationale, l\u2019\u00e9conomie, la soci\u00e9t\u00e9 et les analyses politiques. Le site s\u2019adresse \u00e0 un large public francophone et couvre l\u2019information tunisienne en temps r\u00e9el.\",\"email\":\"redac@webdo.tn\",\"legalName\":\"YNJ SARL\",\"foundingDate\":\"2010-09-06\",\"numberOfEmployees\":{\"@type\":\"QuantitativeValue\",\"minValue\":\"11\",\"maxValue\":\"50\"}},{\"@type\":\"Person\",\"@id\":\"https:\\\/\\\/www.webdo.tn\\\/fr\\\/#\\\/schema\\\/person\\\/9a9c6118d687c117df8ef3cc36a4d175\",\"name\":\"webdo.tn\",\"image\":{\"@type\":\"ImageObject\",\"inLanguage\":\"fr-FR\",\"@id\":\"https:\\\/\\\/secure.gravatar.com\\\/avatar\\\/7ce1f28c0c3bbac99ff550b85ef8e44a6950c6ee24514fb6a5489e51d06f0298?s=96&d=mm&r=g\",\"url\":\"https:\\\/\\\/secure.gravatar.com\\\/avatar\\\/7ce1f28c0c3bbac99ff550b85ef8e44a6950c6ee24514fb6a5489e51d06f0298?s=96&d=mm&r=g\",\"contentUrl\":\"https:\\\/\\\/secure.gravatar.com\\\/avatar\\\/7ce1f28c0c3bbac99ff550b85ef8e44a6950c6ee24514fb6a5489e51d06f0298?s=96&d=mm&r=g\",\"caption\":\"webdo.tn\"},\"url\":\"https:\\\/\\\/www.webdo.tn\\\/fr\\\/actualite\\\/author\\\/webdotn\\\/\"}]}<\/script>\n<!-- \/ Yoast SEO Premium plugin. -->","yoast_head_json":{"title":"\u00c9quateur : L'un des volcans les plus dangereux du monde s'est r\u00e9veill\u00e9","description":"\u00c9quateur : L'un des volcans les plus dangereux du monde s'est r\u00e9veill\u00e9","canonical":"https:\/\/www.webdo.tn\/fr\/actualite\/international\/lun-des-volcans-les-plus-dangereux-du-monde-sest-reveille\/184007\/","og_locale":"fr_FR","og_type":"article","og_title":"\u00c9quateur : L'un des volcans les plus dangereux du monde s'est r\u00e9veill\u00e9","og_description":"\u00c9quateur : L'un des volcans les plus dangereux du monde s'est r\u00e9veill\u00e9","og_url":"https:\/\/www.webdo.tn\/fr\/actualite\/international\/lun-des-volcans-les-plus-dangereux-du-monde-sest-reveille\/184007\/","og_site_name":"webdo","article_publisher":"https:\/\/www.facebook.com\/webdotn","article_published_time":"2015-08-16T20:55:00+00:00","article_modified_time":"2025-05-19T10:10:16+00:00","og_image":[{"width":300,"height":196,"url":"https:\/\/www.webdo.tn\/fr\/wp-content\/uploads\/2015\/08\/volcan-1-300x196-1.jpg","type":"image\/jpeg"}],"author":"webdo.tn","twitter_card":"summary_large_image","twitter_creator":"@webdo_tn","twitter_site":"@webdo_tn","twitter_misc":{"\u00c9crit par":"webdo.tn","Dur\u00e9e de lecture estim\u00e9e":"1 minute"},"schema":{"@context":"https:\/\/schema.org","@graph":[{"@type":"NewsArticle","@id":"https:\/\/www.webdo.tn\/fr\/actualite\/international\/lun-des-volcans-les-plus-dangereux-du-monde-sest-reveille\/184007\/#article","isPartOf":{"@id":"https:\/\/www.webdo.tn\/fr\/actualite\/international\/lun-des-volcans-les-plus-dangereux-du-monde-sest-reveille\/184007\/"},"author":{"name":"webdo.tn","@id":"https:\/\/www.webdo.tn\/fr\/#\/schema\/person\/9a9c6118d687c117df8ef3cc36a4d175"},"headline":"\u00c9quateur : L&rsquo;un des volcans les plus dangereux du monde s&rsquo;est r\u00e9veill\u00e9","datePublished":"2015-08-16T20:55:00+00:00","dateModified":"2025-05-19T10:10:16+00:00","mainEntityOfPage":{"@id":"https:\/\/www.webdo.tn\/fr\/actualite\/international\/lun-des-volcans-les-plus-dangereux-du-monde-sest-reveille\/184007\/"},"wordCount":206,"commentCount":0,"publisher":{"@id":"https:\/\/www.webdo.tn\/fr\/#organization"},"image":{"@id":"https:\/\/www.webdo.tn\/fr\/actualite\/international\/lun-des-volcans-les-plus-dangereux-du-monde-sest-reveille\/184007\/#primaryimage"},"thumbnailUrl":"https:\/\/www.webdo.tn\/fr\/wp-content\/uploads\/2015\/08\/volcan-1-300x196-1.jpg","keywords":["guerre"],"articleSection":["International"],"inLanguage":"fr-FR"},{"@type":"WebPage","@id":"https:\/\/www.webdo.tn\/fr\/actualite\/international\/lun-des-volcans-les-plus-dangereux-du-monde-sest-reveille\/184007\/","url":"https:\/\/www.webdo.tn\/fr\/actualite\/international\/lun-des-volcans-les-plus-dangereux-du-monde-sest-reveille\/184007\/","name":"\u00c9quateur : L'un des volcans les plus dangereux du monde s'est r\u00e9veill\u00e9","isPartOf":{"@id":"https:\/\/www.webdo.tn\/fr\/#website"},"primaryImageOfPage":{"@id":"https:\/\/www.webdo.tn\/fr\/actualite\/international\/lun-des-volcans-les-plus-dangereux-du-monde-sest-reveille\/184007\/#primaryimage"},"image":{"@id":"https:\/\/www.webdo.tn\/fr\/actualite\/international\/lun-des-volcans-les-plus-dangereux-du-monde-sest-reveille\/184007\/#primaryimage"},"thumbnailUrl":"https:\/\/www.webdo.tn\/fr\/wp-content\/uploads\/2015\/08\/volcan-1-300x196-1.jpg","datePublished":"2015-08-16T20:55:00+00:00","dateModified":"2025-05-19T10:10:16+00:00","description":"\u00c9quateur : L'un des volcans les plus dangereux du monde s'est r\u00e9veill\u00e9","breadcrumb":{"@id":"https:\/\/www.webdo.tn\/fr\/actualite\/international\/lun-des-volcans-les-plus-dangereux-du-monde-sest-reveille\/184007\/#breadcrumb"},"inLanguage":"fr-FR","potentialAction":[{"@type":"ReadAction","target":["https:\/\/www.webdo.tn\/fr\/actualite\/international\/lun-des-volcans-les-plus-dangereux-du-monde-sest-reveille\/184007\/"]}]},{"@type":"ImageObject","inLanguage":"fr-FR","@id":"https:\/\/www.webdo.tn\/fr\/actualite\/international\/lun-des-volcans-les-plus-dangereux-du-monde-sest-reveille\/184007\/#primaryimage","url":"https:\/\/www.webdo.tn\/fr\/wp-content\/uploads\/2015\/08\/volcan-1-300x196-1.jpg","contentUrl":"https:\/\/www.webdo.tn\/fr\/wp-content\/uploads\/2015\/08\/volcan-1-300x196-1.jpg","width":300,"height":196,"caption":"\u00c9quateur : L'un des volcans les plus dangereux du monde s'est r\u00e9veill\u00e9"},{"@type":"BreadcrumbList","@id":"https:\/\/www.webdo.tn\/fr\/actualite\/international\/lun-des-volcans-les-plus-dangereux-du-monde-sest-reveille\/184007\/#breadcrumb","itemListElement":[{"@type":"ListItem","position":1,"name":"Accueil","item":"https:\/\/www.webdo.tn\/fr\/"},{"@type":"ListItem","position":2,"name":"\u00c9quateur : L&rsquo;un des volcans les plus dangereux du monde s&rsquo;est r\u00e9veill\u00e9"}]},{"@type":"WebSite","@id":"https:\/\/www.webdo.tn\/fr\/#website","url":"https:\/\/www.webdo.tn\/fr\/","name":"webdo","description":"Tunisie - News en Tunisie et \u00e0 l&#039;international sur Webdo.tn","publisher":{"@id":"https:\/\/www.webdo.tn\/fr\/#organization"},"potentialAction":[{"@type":"SearchAction","target":{"@type":"EntryPoint","urlTemplate":"https:\/\/www.webdo.tn\/fr\/?s={search_term_string}"},"query-input":{"@type":"PropertyValueSpecification","valueRequired":true,"valueName":"search_term_string"}}],"inLanguage":"fr-FR"},{"@type":"Organization","@id":"https:\/\/www.webdo.tn\/fr\/#organization","name":"Webdo","alternateName":"Webdo.tn","url":"https:\/\/www.webdo.tn\/fr\/","logo":{"@type":"ImageObject","inLanguage":"fr-FR","@id":"https:\/\/www.webdo.tn\/fr\/#\/schema\/logo\/image\/","url":"https:\/\/www.webdo.tn\/fr\/wp-content\/uploads\/2025\/06\/Webdo-Tunisie_168377.jpg","contentUrl":"https:\/\/www.webdo.tn\/fr\/wp-content\/uploads\/2025\/06\/Webdo-Tunisie_168377.jpg","width":301,"height":301,"caption":"Webdo"},"image":{"@id":"https:\/\/www.webdo.tn\/fr\/#\/schema\/logo\/image\/"},"sameAs":["https:\/\/www.facebook.com\/webdotn","https:\/\/x.com\/webdo_tn"],"description":"Webdo est un m\u00e9dia num\u00e9rique tunisien fond\u00e9 en 2010, sp\u00e9cialis\u00e9 dans l\u2019actualit\u00e9 nationale et internationale, l\u2019\u00e9conomie, la soci\u00e9t\u00e9 et les analyses politiques. Le site s\u2019adresse \u00e0 un large public francophone et couvre l\u2019information tunisienne en temps r\u00e9el.","email":"redac@webdo.tn","legalName":"YNJ SARL","foundingDate":"2010-09-06","numberOfEmployees":{"@type":"QuantitativeValue","minValue":"11","maxValue":"50"}},{"@type":"Person","@id":"https:\/\/www.webdo.tn\/fr\/#\/schema\/person\/9a9c6118d687c117df8ef3cc36a4d175","name":"webdo.tn","image":{"@type":"ImageObject","inLanguage":"fr-FR","@id":"https:\/\/secure.gravatar.com\/avatar\/7ce1f28c0c3bbac99ff550b85ef8e44a6950c6ee24514fb6a5489e51d06f0298?s=96&d=mm&r=g","url":"https:\/\/secure.gravatar.com\/avatar\/7ce1f28c0c3bbac99ff550b85ef8e44a6950c6ee24514fb6a5489e51d06f0298?s=96&d=mm&r=g","contentUrl":"https:\/\/secure.gravatar.com\/avatar\/7ce1f28c0c3bbac99ff550b85ef8e44a6950c6ee24514fb6a5489e51d06f0298?s=96&d=mm&r=g","caption":"webdo.tn"},"url":"https:\/\/www.webdo.tn\/fr\/actualite\/author\/webdotn\/"}]}},"_links":{"self":[{"href":"https:\/\/www.webdo.tn\/fr\/wp-json\/wp\/v2\/posts\/184007","targetHints":{"allow":["GET"]}}],"collection":[{"href":"https:\/\/www.webdo.tn\/fr\/wp-json\/wp\/v2\/posts"}],"about":[{"href":"https:\/\/www.webdo.tn\/fr\/wp-json\/wp\/v2\/types\/post"}],"author":[{"embeddable":true,"href":"https:\/\/www.webdo.tn\/fr\/wp-json\/wp\/v2\/users\/3222"}],"replies":[{"embeddable":true,"href":"https:\/\/www.webdo.tn\/fr\/wp-json\/wp\/v2\/comments?post=184007"}],"version-history":[{"count":0,"href":"https:\/\/www.webdo.tn\/fr\/wp-json\/wp\/v2\/posts\/184007\/revisions"}],"wp:featuredmedia":[{"embeddable":true,"href":"https:\/\/www.webdo.tn\/fr\/wp-json\/wp\/v2\/media\/317529"}],"wp:attachment":[{"href":"https:\/\/www.webdo.tn\/fr\/wp-json\/wp\/v2\/media?parent=184007"}],"wp:term":[{"taxonomy":"category","embeddable":true,"href":"https:\/\/www.webdo.tn\/fr\/wp-json\/wp\/v2\/categories?post=184007"},{"taxonomy":"post_tag","embeddable":true,"href":"https:\/\/www.webdo.tn\/fr\/wp-json\/wp\/v2\/tags?post=184007"}],"curies":[{"name":"wp","href":"https:\/\/api.w.org\/{rel}","templated":true}]}}