{"id":184004,"date":"2015-08-17T23:27:00","date_gmt":"2015-08-17T23:27:00","guid":{"rendered":"https:\/\/www.webdo.tn\/fr\/blog\/israel-propose-de-liberer-un-prisonnier-palestinien-dans-le-coma-sil-quitte-le-pays\/184004\/"},"modified":"2025-05-19T10:10:05","modified_gmt":"2025-05-19T10:10:05","slug":"israel-propose-de-liberer-un-prisonnier-palestinien-dans-le-coma-sil-quitte-le-pays","status":"publish","type":"post","link":"https:\/\/www.webdo.tn\/fr\/actualite\/international\/israel-propose-de-liberer-un-prisonnier-palestinien-dans-le-coma-sil-quitte-le-pays\/184004\/","title":{"rendered":"Isra\u00ebl propose de lib\u00e9rer un prisonnier palestinien dans le coma s&rsquo;il quitte le pays"},"content":{"rendered":"<p>Mohammed Allan, 31 ans, avocat, est d\u00e9tenu dans les prisons isra\u00e9liennes depuis novembre 2014. Il est en d\u00e9tention administrative, ce qui en clair veut dire qu&rsquo;il a \u00e9t\u00e9 arr\u00eat\u00e9 sans inculpation pour 6 mois renouvelables, ind\u00e9finiment.<\/p>\n<p>En protestation contre cette arrestation abusive, Mohammed Allan est en gr\u00e8ve de la faim depuis le 18 juin, ne prenant que de l&rsquo;eau. Il a sombr\u00e9 dans le coma vendredi dernier, devenant soudain un symbole de l&rsquo;injustice de ce type de d\u00e9tention.<\/p>\n<p>Dimanche, des affrontements ont \u00e9clat\u00e9 devant l\u2019h\u00f4pital o\u00f9 il se trouve entre manifestants des deux bords. Lundi 17 ao\u00fbt, le minist\u00e8re de la Justice isra\u00e9lien a propos\u00e9 de le faire lib\u00e9rer en \u00e9change de son exil pendant quatre ans. Son avocat a refus\u00e9 et a saisi la cour supr\u00eame pour obtenir la lib\u00e9ration de son client pour raisons m\u00e9dicales. La cour devrait statuer mercredi prochain.<\/p>\n","protected":false},"excerpt":{"rendered":"<p>Isra\u00ebl propose de lib\u00e9rer un prisonnier palestinien dans le coma s&rsquo;il quitte le pays<\/p>\n","protected":false},"author":3222,"featured_media":317509,"comment_status":"open","ping_status":"closed","sticky":false,"template":"","format":"standard","meta":{"footnotes":""},"categories":[2598],"tags":[2600],"class_list":["post-184004","post","type-post","status-publish","format-standard","has-post-thumbnail","hentry","category-international","tag-guerre"],"yoast_head":"<!-- This site is optimized with the Yoast SEO Premium plugin v27.5 (Yoast SEO v27.5) - https:\/\/yoast.com\/product\/yoast-seo-premium-wordpress\/ -->\n<title>Isra\u00ebl propose de lib\u00e9rer un prisonnier palestinien dans le coma s&#039;il quitte le pays<\/title>\n<meta name=\"description\" content=\"Isra\u00ebl propose de lib\u00e9rer un prisonnier palestinien dans le coma s&#039;il quitte le pays\" \/>\n<link rel=\"canonical\" href=\"https:\/\/www.webdo.tn\/fr\/actualite\/international\/israel-propose-de-liberer-un-prisonnier-palestinien-dans-le-coma-sil-quitte-le-pays\/184004\/\" \/>\n<meta property=\"og:locale\" content=\"fr_FR\" \/>\n<meta property=\"og:type\" content=\"article\" \/>\n<meta property=\"og:title\" content=\"Isra\u00ebl propose de lib\u00e9rer un prisonnier palestinien dans le coma s&#039;il quitte le pays\" \/>\n<meta property=\"og:description\" content=\"Isra\u00ebl propose de lib\u00e9rer un prisonnier palestinien dans le coma s&#039;il quitte le pays\" \/>\n<meta property=\"og:url\" content=\"https:\/\/www.webdo.tn\/fr\/actualite\/international\/israel-propose-de-liberer-un-prisonnier-palestinien-dans-le-coma-sil-quitte-le-pays\/184004\/\" \/>\n<meta property=\"og:site_name\" content=\"webdo\" \/>\n<meta property=\"article:publisher\" content=\"https:\/\/www.facebook.com\/webdotn\" \/>\n<meta property=\"article:published_time\" content=\"2015-08-17T23:27:00+00:00\" \/>\n<meta property=\"article:modified_time\" content=\"2025-05-19T10:10:05+00:00\" \/>\n<meta property=\"og:image\" content=\"https:\/\/www.webdo.tn\/fr\/wp-content\/uploads\/2015\/08\/Palestine-300x165-1.jpg\" \/>\n\t<meta property=\"og:image:width\" content=\"300\" \/>\n\t<meta property=\"og:image:height\" content=\"165\" \/>\n\t<meta property=\"og:image:type\" content=\"image\/jpeg\" \/>\n<meta name=\"author\" content=\"webdo.tn\" \/>\n<meta name=\"twitter:card\" content=\"summary_large_image\" \/>\n<meta name=\"twitter:creator\" content=\"@webdo_tn\" \/>\n<meta name=\"twitter:site\" content=\"@webdo_tn\" \/>\n<meta name=\"twitter:label1\" content=\"\u00c9crit par\" \/>\n\t<meta name=\"twitter:data1\" content=\"webdo.tn\" \/>\n\t<meta name=\"twitter:label2\" content=\"Dur\u00e9e de lecture estim\u00e9e\" \/>\n\t<meta name=\"twitter:data2\" content=\"1 minute\" \/>\n<script type=\"application\/ld+json\" class=\"yoast-schema-graph\">{\"@context\":\"https:\\\/\\\/schema.org\",\"@graph\":[{\"@type\":\"NewsArticle\",\"@id\":\"https:\\\/\\\/www.webdo.tn\\\/fr\\\/actualite\\\/international\\\/israel-propose-de-liberer-un-prisonnier-palestinien-dans-le-coma-sil-quitte-le-pays\\\/184004\\\/#article\",\"isPartOf\":{\"@id\":\"https:\\\/\\\/www.webdo.tn\\\/fr\\\/actualite\\\/international\\\/israel-propose-de-liberer-un-prisonnier-palestinien-dans-le-coma-sil-quitte-le-pays\\\/184004\\\/\"},\"author\":{\"name\":\"webdo.tn\",\"@id\":\"https:\\\/\\\/www.webdo.tn\\\/fr\\\/#\\\/schema\\\/person\\\/9a9c6118d687c117df8ef3cc36a4d175\"},\"headline\":\"Isra\u00ebl propose de lib\u00e9rer un prisonnier palestinien dans le coma s&rsquo;il quitte le pays\",\"datePublished\":\"2015-08-17T23:27:00+00:00\",\"dateModified\":\"2025-05-19T10:10:05+00:00\",\"mainEntityOfPage\":{\"@id\":\"https:\\\/\\\/www.webdo.tn\\\/fr\\\/actualite\\\/international\\\/israel-propose-de-liberer-un-prisonnier-palestinien-dans-le-coma-sil-quitte-le-pays\\\/184004\\\/\"},\"wordCount\":174,\"commentCount\":0,\"publisher\":{\"@id\":\"https:\\\/\\\/www.webdo.tn\\\/fr\\\/#organization\"},\"image\":{\"@id\":\"https:\\\/\\\/www.webdo.tn\\\/fr\\\/actualite\\\/international\\\/israel-propose-de-liberer-un-prisonnier-palestinien-dans-le-coma-sil-quitte-le-pays\\\/184004\\\/#primaryimage\"},\"thumbnailUrl\":\"https:\\\/\\\/www.webdo.tn\\\/fr\\\/wp-content\\\/uploads\\\/2015\\\/08\\\/Palestine-300x165-1.jpg\",\"keywords\":[\"guerre\"],\"articleSection\":[\"International\"],\"inLanguage\":\"fr-FR\"},{\"@type\":\"WebPage\",\"@id\":\"https:\\\/\\\/www.webdo.tn\\\/fr\\\/actualite\\\/international\\\/israel-propose-de-liberer-un-prisonnier-palestinien-dans-le-coma-sil-quitte-le-pays\\\/184004\\\/\",\"url\":\"https:\\\/\\\/www.webdo.tn\\\/fr\\\/actualite\\\/international\\\/israel-propose-de-liberer-un-prisonnier-palestinien-dans-le-coma-sil-quitte-le-pays\\\/184004\\\/\",\"name\":\"Isra\u00ebl propose de lib\u00e9rer un prisonnier palestinien dans le coma s'il quitte le pays\",\"isPartOf\":{\"@id\":\"https:\\\/\\\/www.webdo.tn\\\/fr\\\/#website\"},\"primaryImageOfPage\":{\"@id\":\"https:\\\/\\\/www.webdo.tn\\\/fr\\\/actualite\\\/international\\\/israel-propose-de-liberer-un-prisonnier-palestinien-dans-le-coma-sil-quitte-le-pays\\\/184004\\\/#primaryimage\"},\"image\":{\"@id\":\"https:\\\/\\\/www.webdo.tn\\\/fr\\\/actualite\\\/international\\\/israel-propose-de-liberer-un-prisonnier-palestinien-dans-le-coma-sil-quitte-le-pays\\\/184004\\\/#primaryimage\"},\"thumbnailUrl\":\"https:\\\/\\\/www.webdo.tn\\\/fr\\\/wp-content\\\/uploads\\\/2015\\\/08\\\/Palestine-300x165-1.jpg\",\"datePublished\":\"2015-08-17T23:27:00+00:00\",\"dateModified\":\"2025-05-19T10:10:05+00:00\",\"description\":\"Isra\u00ebl propose de lib\u00e9rer un prisonnier palestinien dans le coma s'il quitte le pays\",\"breadcrumb\":{\"@id\":\"https:\\\/\\\/www.webdo.tn\\\/fr\\\/actualite\\\/international\\\/israel-propose-de-liberer-un-prisonnier-palestinien-dans-le-coma-sil-quitte-le-pays\\\/184004\\\/#breadcrumb\"},\"inLanguage\":\"fr-FR\",\"potentialAction\":[{\"@type\":\"ReadAction\",\"target\":[\"https:\\\/\\\/www.webdo.tn\\\/fr\\\/actualite\\\/international\\\/israel-propose-de-liberer-un-prisonnier-palestinien-dans-le-coma-sil-quitte-le-pays\\\/184004\\\/\"]}]},{\"@type\":\"ImageObject\",\"inLanguage\":\"fr-FR\",\"@id\":\"https:\\\/\\\/www.webdo.tn\\\/fr\\\/actualite\\\/international\\\/israel-propose-de-liberer-un-prisonnier-palestinien-dans-le-coma-sil-quitte-le-pays\\\/184004\\\/#primaryimage\",\"url\":\"https:\\\/\\\/www.webdo.tn\\\/fr\\\/wp-content\\\/uploads\\\/2015\\\/08\\\/Palestine-300x165-1.jpg\",\"contentUrl\":\"https:\\\/\\\/www.webdo.tn\\\/fr\\\/wp-content\\\/uploads\\\/2015\\\/08\\\/Palestine-300x165-1.jpg\",\"width\":300,\"height\":165,\"caption\":\"Isra\u00ebl propose de lib\u00e9rer un prisonnier palestinien dans le coma s'il quitte le pays\"},{\"@type\":\"BreadcrumbList\",\"@id\":\"https:\\\/\\\/www.webdo.tn\\\/fr\\\/actualite\\\/international\\\/israel-propose-de-liberer-un-prisonnier-palestinien-dans-le-coma-sil-quitte-le-pays\\\/184004\\\/#breadcrumb\",\"itemListElement\":[{\"@type\":\"ListItem\",\"position\":1,\"name\":\"Accueil\",\"item\":\"https:\\\/\\\/www.webdo.tn\\\/fr\\\/\"},{\"@type\":\"ListItem\",\"position\":2,\"name\":\"Isra\u00ebl propose de lib\u00e9rer un prisonnier palestinien dans le coma s&rsquo;il quitte le pays\"}]},{\"@type\":\"WebSite\",\"@id\":\"https:\\\/\\\/www.webdo.tn\\\/fr\\\/#website\",\"url\":\"https:\\\/\\\/www.webdo.tn\\\/fr\\\/\",\"name\":\"webdo\",\"description\":\"Tunisie - News en Tunisie et \u00e0 l&#039;international sur Webdo.tn\",\"publisher\":{\"@id\":\"https:\\\/\\\/www.webdo.tn\\\/fr\\\/#organization\"},\"potentialAction\":[{\"@type\":\"SearchAction\",\"target\":{\"@type\":\"EntryPoint\",\"urlTemplate\":\"https:\\\/\\\/www.webdo.tn\\\/fr\\\/?s={search_term_string}\"},\"query-input\":{\"@type\":\"PropertyValueSpecification\",\"valueRequired\":true,\"valueName\":\"search_term_string\"}}],\"inLanguage\":\"fr-FR\"},{\"@type\":\"Organization\",\"@id\":\"https:\\\/\\\/www.webdo.tn\\\/fr\\\/#organization\",\"name\":\"Webdo\",\"alternateName\":\"Webdo.tn\",\"url\":\"https:\\\/\\\/www.webdo.tn\\\/fr\\\/\",\"logo\":{\"@type\":\"ImageObject\",\"inLanguage\":\"fr-FR\",\"@id\":\"https:\\\/\\\/www.webdo.tn\\\/fr\\\/#\\\/schema\\\/logo\\\/image\\\/\",\"url\":\"https:\\\/\\\/www.webdo.tn\\\/fr\\\/wp-content\\\/uploads\\\/2025\\\/06\\\/Webdo-Tunisie_168377.jpg\",\"contentUrl\":\"https:\\\/\\\/www.webdo.tn\\\/fr\\\/wp-content\\\/uploads\\\/2025\\\/06\\\/Webdo-Tunisie_168377.jpg\",\"width\":301,\"height\":301,\"caption\":\"Webdo\"},\"image\":{\"@id\":\"https:\\\/\\\/www.webdo.tn\\\/fr\\\/#\\\/schema\\\/logo\\\/image\\\/\"},\"sameAs\":[\"https:\\\/\\\/www.facebook.com\\\/webdotn\",\"https:\\\/\\\/x.com\\\/webdo_tn\"],\"description\":\"Webdo est un m\u00e9dia num\u00e9rique tunisien fond\u00e9 en 2010, sp\u00e9cialis\u00e9 dans l\u2019actualit\u00e9 nationale et internationale, l\u2019\u00e9conomie, la soci\u00e9t\u00e9 et les analyses politiques. Le site s\u2019adresse \u00e0 un large public francophone et couvre l\u2019information tunisienne en temps r\u00e9el.\",\"email\":\"redac@webdo.tn\",\"legalName\":\"YNJ SARL\",\"foundingDate\":\"2010-09-06\",\"numberOfEmployees\":{\"@type\":\"QuantitativeValue\",\"minValue\":\"11\",\"maxValue\":\"50\"}},{\"@type\":\"Person\",\"@id\":\"https:\\\/\\\/www.webdo.tn\\\/fr\\\/#\\\/schema\\\/person\\\/9a9c6118d687c117df8ef3cc36a4d175\",\"name\":\"webdo.tn\",\"image\":{\"@type\":\"ImageObject\",\"inLanguage\":\"fr-FR\",\"@id\":\"https:\\\/\\\/secure.gravatar.com\\\/avatar\\\/7ce1f28c0c3bbac99ff550b85ef8e44a6950c6ee24514fb6a5489e51d06f0298?s=96&d=mm&r=g\",\"url\":\"https:\\\/\\\/secure.gravatar.com\\\/avatar\\\/7ce1f28c0c3bbac99ff550b85ef8e44a6950c6ee24514fb6a5489e51d06f0298?s=96&d=mm&r=g\",\"contentUrl\":\"https:\\\/\\\/secure.gravatar.com\\\/avatar\\\/7ce1f28c0c3bbac99ff550b85ef8e44a6950c6ee24514fb6a5489e51d06f0298?s=96&d=mm&r=g\",\"caption\":\"webdo.tn\"},\"url\":\"https:\\\/\\\/www.webdo.tn\\\/fr\\\/actualite\\\/author\\\/webdotn\\\/\"}]}<\/script>\n<!-- \/ Yoast SEO Premium plugin. -->","yoast_head_json":{"title":"Isra\u00ebl propose de lib\u00e9rer un prisonnier palestinien dans le coma s'il quitte le pays","description":"Isra\u00ebl propose de lib\u00e9rer un prisonnier palestinien dans le coma s'il quitte le pays","canonical":"https:\/\/www.webdo.tn\/fr\/actualite\/international\/israel-propose-de-liberer-un-prisonnier-palestinien-dans-le-coma-sil-quitte-le-pays\/184004\/","og_locale":"fr_FR","og_type":"article","og_title":"Isra\u00ebl propose de lib\u00e9rer un prisonnier palestinien dans le coma s'il quitte le pays","og_description":"Isra\u00ebl propose de lib\u00e9rer un prisonnier palestinien dans le coma s'il quitte le pays","og_url":"https:\/\/www.webdo.tn\/fr\/actualite\/international\/israel-propose-de-liberer-un-prisonnier-palestinien-dans-le-coma-sil-quitte-le-pays\/184004\/","og_site_name":"webdo","article_publisher":"https:\/\/www.facebook.com\/webdotn","article_published_time":"2015-08-17T23:27:00+00:00","article_modified_time":"2025-05-19T10:10:05+00:00","og_image":[{"width":300,"height":165,"url":"https:\/\/www.webdo.tn\/fr\/wp-content\/uploads\/2015\/08\/Palestine-300x165-1.jpg","type":"image\/jpeg"}],"author":"webdo.tn","twitter_card":"summary_large_image","twitter_creator":"@webdo_tn","twitter_site":"@webdo_tn","twitter_misc":{"\u00c9crit par":"webdo.tn","Dur\u00e9e de lecture estim\u00e9e":"1 minute"},"schema":{"@context":"https:\/\/schema.org","@graph":[{"@type":"NewsArticle","@id":"https:\/\/www.webdo.tn\/fr\/actualite\/international\/israel-propose-de-liberer-un-prisonnier-palestinien-dans-le-coma-sil-quitte-le-pays\/184004\/#article","isPartOf":{"@id":"https:\/\/www.webdo.tn\/fr\/actualite\/international\/israel-propose-de-liberer-un-prisonnier-palestinien-dans-le-coma-sil-quitte-le-pays\/184004\/"},"author":{"name":"webdo.tn","@id":"https:\/\/www.webdo.tn\/fr\/#\/schema\/person\/9a9c6118d687c117df8ef3cc36a4d175"},"headline":"Isra\u00ebl propose de lib\u00e9rer un prisonnier palestinien dans le coma s&rsquo;il quitte le pays","datePublished":"2015-08-17T23:27:00+00:00","dateModified":"2025-05-19T10:10:05+00:00","mainEntityOfPage":{"@id":"https:\/\/www.webdo.tn\/fr\/actualite\/international\/israel-propose-de-liberer-un-prisonnier-palestinien-dans-le-coma-sil-quitte-le-pays\/184004\/"},"wordCount":174,"commentCount":0,"publisher":{"@id":"https:\/\/www.webdo.tn\/fr\/#organization"},"image":{"@id":"https:\/\/www.webdo.tn\/fr\/actualite\/international\/israel-propose-de-liberer-un-prisonnier-palestinien-dans-le-coma-sil-quitte-le-pays\/184004\/#primaryimage"},"thumbnailUrl":"https:\/\/www.webdo.tn\/fr\/wp-content\/uploads\/2015\/08\/Palestine-300x165-1.jpg","keywords":["guerre"],"articleSection":["International"],"inLanguage":"fr-FR"},{"@type":"WebPage","@id":"https:\/\/www.webdo.tn\/fr\/actualite\/international\/israel-propose-de-liberer-un-prisonnier-palestinien-dans-le-coma-sil-quitte-le-pays\/184004\/","url":"https:\/\/www.webdo.tn\/fr\/actualite\/international\/israel-propose-de-liberer-un-prisonnier-palestinien-dans-le-coma-sil-quitte-le-pays\/184004\/","name":"Isra\u00ebl propose de lib\u00e9rer un prisonnier palestinien dans le coma s'il quitte le pays","isPartOf":{"@id":"https:\/\/www.webdo.tn\/fr\/#website"},"primaryImageOfPage":{"@id":"https:\/\/www.webdo.tn\/fr\/actualite\/international\/israel-propose-de-liberer-un-prisonnier-palestinien-dans-le-coma-sil-quitte-le-pays\/184004\/#primaryimage"},"image":{"@id":"https:\/\/www.webdo.tn\/fr\/actualite\/international\/israel-propose-de-liberer-un-prisonnier-palestinien-dans-le-coma-sil-quitte-le-pays\/184004\/#primaryimage"},"thumbnailUrl":"https:\/\/www.webdo.tn\/fr\/wp-content\/uploads\/2015\/08\/Palestine-300x165-1.jpg","datePublished":"2015-08-17T23:27:00+00:00","dateModified":"2025-05-19T10:10:05+00:00","description":"Isra\u00ebl propose de lib\u00e9rer un prisonnier palestinien dans le coma s'il quitte le pays","breadcrumb":{"@id":"https:\/\/www.webdo.tn\/fr\/actualite\/international\/israel-propose-de-liberer-un-prisonnier-palestinien-dans-le-coma-sil-quitte-le-pays\/184004\/#breadcrumb"},"inLanguage":"fr-FR","potentialAction":[{"@type":"ReadAction","target":["https:\/\/www.webdo.tn\/fr\/actualite\/international\/israel-propose-de-liberer-un-prisonnier-palestinien-dans-le-coma-sil-quitte-le-pays\/184004\/"]}]},{"@type":"ImageObject","inLanguage":"fr-FR","@id":"https:\/\/www.webdo.tn\/fr\/actualite\/international\/israel-propose-de-liberer-un-prisonnier-palestinien-dans-le-coma-sil-quitte-le-pays\/184004\/#primaryimage","url":"https:\/\/www.webdo.tn\/fr\/wp-content\/uploads\/2015\/08\/Palestine-300x165-1.jpg","contentUrl":"https:\/\/www.webdo.tn\/fr\/wp-content\/uploads\/2015\/08\/Palestine-300x165-1.jpg","width":300,"height":165,"caption":"Isra\u00ebl propose de lib\u00e9rer un prisonnier palestinien dans le coma s'il quitte le pays"},{"@type":"BreadcrumbList","@id":"https:\/\/www.webdo.tn\/fr\/actualite\/international\/israel-propose-de-liberer-un-prisonnier-palestinien-dans-le-coma-sil-quitte-le-pays\/184004\/#breadcrumb","itemListElement":[{"@type":"ListItem","position":1,"name":"Accueil","item":"https:\/\/www.webdo.tn\/fr\/"},{"@type":"ListItem","position":2,"name":"Isra\u00ebl propose de lib\u00e9rer un prisonnier palestinien dans le coma s&rsquo;il quitte le pays"}]},{"@type":"WebSite","@id":"https:\/\/www.webdo.tn\/fr\/#website","url":"https:\/\/www.webdo.tn\/fr\/","name":"webdo","description":"Tunisie - News en Tunisie et \u00e0 l&#039;international sur Webdo.tn","publisher":{"@id":"https:\/\/www.webdo.tn\/fr\/#organization"},"potentialAction":[{"@type":"SearchAction","target":{"@type":"EntryPoint","urlTemplate":"https:\/\/www.webdo.tn\/fr\/?s={search_term_string}"},"query-input":{"@type":"PropertyValueSpecification","valueRequired":true,"valueName":"search_term_string"}}],"inLanguage":"fr-FR"},{"@type":"Organization","@id":"https:\/\/www.webdo.tn\/fr\/#organization","name":"Webdo","alternateName":"Webdo.tn","url":"https:\/\/www.webdo.tn\/fr\/","logo":{"@type":"ImageObject","inLanguage":"fr-FR","@id":"https:\/\/www.webdo.tn\/fr\/#\/schema\/logo\/image\/","url":"https:\/\/www.webdo.tn\/fr\/wp-content\/uploads\/2025\/06\/Webdo-Tunisie_168377.jpg","contentUrl":"https:\/\/www.webdo.tn\/fr\/wp-content\/uploads\/2025\/06\/Webdo-Tunisie_168377.jpg","width":301,"height":301,"caption":"Webdo"},"image":{"@id":"https:\/\/www.webdo.tn\/fr\/#\/schema\/logo\/image\/"},"sameAs":["https:\/\/www.facebook.com\/webdotn","https:\/\/x.com\/webdo_tn"],"description":"Webdo est un m\u00e9dia num\u00e9rique tunisien fond\u00e9 en 2010, sp\u00e9cialis\u00e9 dans l\u2019actualit\u00e9 nationale et internationale, l\u2019\u00e9conomie, la soci\u00e9t\u00e9 et les analyses politiques. Le site s\u2019adresse \u00e0 un large public francophone et couvre l\u2019information tunisienne en temps r\u00e9el.","email":"redac@webdo.tn","legalName":"YNJ SARL","foundingDate":"2010-09-06","numberOfEmployees":{"@type":"QuantitativeValue","minValue":"11","maxValue":"50"}},{"@type":"Person","@id":"https:\/\/www.webdo.tn\/fr\/#\/schema\/person\/9a9c6118d687c117df8ef3cc36a4d175","name":"webdo.tn","image":{"@type":"ImageObject","inLanguage":"fr-FR","@id":"https:\/\/secure.gravatar.com\/avatar\/7ce1f28c0c3bbac99ff550b85ef8e44a6950c6ee24514fb6a5489e51d06f0298?s=96&d=mm&r=g","url":"https:\/\/secure.gravatar.com\/avatar\/7ce1f28c0c3bbac99ff550b85ef8e44a6950c6ee24514fb6a5489e51d06f0298?s=96&d=mm&r=g","contentUrl":"https:\/\/secure.gravatar.com\/avatar\/7ce1f28c0c3bbac99ff550b85ef8e44a6950c6ee24514fb6a5489e51d06f0298?s=96&d=mm&r=g","caption":"webdo.tn"},"url":"https:\/\/www.webdo.tn\/fr\/actualite\/author\/webdotn\/"}]}},"_links":{"self":[{"href":"https:\/\/www.webdo.tn\/fr\/wp-json\/wp\/v2\/posts\/184004","targetHints":{"allow":["GET"]}}],"collection":[{"href":"https:\/\/www.webdo.tn\/fr\/wp-json\/wp\/v2\/posts"}],"about":[{"href":"https:\/\/www.webdo.tn\/fr\/wp-json\/wp\/v2\/types\/post"}],"author":[{"embeddable":true,"href":"https:\/\/www.webdo.tn\/fr\/wp-json\/wp\/v2\/users\/3222"}],"replies":[{"embeddable":true,"href":"https:\/\/www.webdo.tn\/fr\/wp-json\/wp\/v2\/comments?post=184004"}],"version-history":[{"count":0,"href":"https:\/\/www.webdo.tn\/fr\/wp-json\/wp\/v2\/posts\/184004\/revisions"}],"wp:featuredmedia":[{"embeddable":true,"href":"https:\/\/www.webdo.tn\/fr\/wp-json\/wp\/v2\/media\/317509"}],"wp:attachment":[{"href":"https:\/\/www.webdo.tn\/fr\/wp-json\/wp\/v2\/media?parent=184004"}],"wp:term":[{"taxonomy":"category","embeddable":true,"href":"https:\/\/www.webdo.tn\/fr\/wp-json\/wp\/v2\/categories?post=184004"},{"taxonomy":"post_tag","embeddable":true,"href":"https:\/\/www.webdo.tn\/fr\/wp-json\/wp\/v2\/tags?post=184004"}],"curies":[{"name":"wp","href":"https:\/\/api.w.org\/{rel}","templated":true}]}}