{"id":184003,"date":"2015-08-18T09:58:00","date_gmt":"2015-08-18T09:58:00","guid":{"rendered":"https:\/\/www.webdo.tn\/fr\/blog\/thailande-un-suspect-recherche-apres-lattentat-de-bangkok\/184003\/"},"modified":"2025-05-19T10:10:08","modified_gmt":"2025-05-19T10:10:08","slug":"thailande-un-suspect-recherche-apres-lattentat-de-bangkok","status":"publish","type":"post","link":"https:\/\/www.webdo.tn\/fr\/actualite\/international\/thailande-un-suspect-recherche-apres-lattentat-de-bangkok\/184003\/","title":{"rendered":"Tha\u00eflande : Un suspect recherch\u00e9 apr\u00e8s l&rsquo;attentat de Bangkok"},"content":{"rendered":"<p>La police tha\u00eflandaise recherche ce mardi 18 ao\u00fbt un \u00ab\u00a0suspect\u00a0\u00bb apr\u00e8s l&rsquo;attentat \u00e0 la bombe de Bangkok, survenu hier, et qui a fait 20 morts et plus de 120 bless\u00e9s.<\/p>\n<p>D&rsquo;apr\u00e8s le chef de la junte au pouvoir, Prayut Chan-O-Cha, le suspect aurait \u00e9t\u00e9 identifi\u00e9 gr\u00e2ce \u00e0 des images de vid\u00e9o-surveillance, et il serait \u00ab\u00a0originaire du nord-est du pays et membre d&rsquo;un groupe oppos\u00e9 \u00e0 la junte\u00a0\u00bb. Selon la police, l&rsquo;homme portait un t-shirt jaune et un sac \u00e0 dos.Les auteurs de l&rsquo;attaque auraient voulu viser les \u00ab\u00a0\u00e9trangers\u00a0\u00bb et \u00ab\u00a0porter atteinte au tourisme\u00a0\u00bb en visant un sanctuaire tr\u00e8s fr\u00e9quent\u00e9.<\/p>\n<p>\u00ab\u00a0Ils veulent d\u00e9truire notre \u00e9conomie\u00a0\u00bb, a d\u00e9clar\u00e9 Prayut Chan-O-Cha, affirmant que cette attaque \u00e9tait \u00ab\u00a0la pire jamais commise en Tha\u00eflande\u00a0\u00bb.<br \/>\nUne deuxi\u00e8me explosion a eu lieu, mais sans faire de bless\u00e9s<br \/>\nUne nouvelle explosion a par ailleurs eu lieu ce mardi 18 ao\u00fbt, mais sans faire de victimes. Un petit engin explosif a en effet \u00e9t\u00e9 lanc\u00e9 sur des passants pr\u00e8s d&rsquo;une station de m\u00e9tro a\u00e9rien dans le centre de Bangkok, dans une zone touristique de la capitale, a indiqu\u00e9 la police tha\u00eflandaise.<\/p>\n<p>La police est actuellement en train d&rsquo;enqu\u00eater sur cet incident.<\/p>\n","protected":false},"excerpt":{"rendered":"<p>Tha\u00eflande : Un suspect recherch\u00e9 apr\u00e8s l&rsquo;attentat de Bangkok<\/p>\n","protected":false},"author":3222,"featured_media":317515,"comment_status":"open","ping_status":"closed","sticky":false,"template":"","format":"standard","meta":{"footnotes":""},"categories":[2598],"tags":[2600],"class_list":["post-184003","post","type-post","status-publish","format-standard","has-post-thumbnail","hentry","category-international","tag-guerre"],"yoast_head":"<!-- This site is optimized with the Yoast SEO Premium plugin v27.5 (Yoast SEO v27.5) - https:\/\/yoast.com\/product\/yoast-seo-premium-wordpress\/ -->\n<title>Tha\u00eflande : Un suspect recherch\u00e9 apr\u00e8s l&#039;attentat de Bangkok<\/title>\n<meta name=\"description\" content=\"Tha\u00eflande : Un suspect recherch\u00e9 apr\u00e8s l&#039;attentat de Bangkok\" \/>\n<link rel=\"canonical\" href=\"https:\/\/www.webdo.tn\/fr\/actualite\/international\/thailande-un-suspect-recherche-apres-lattentat-de-bangkok\/184003\/\" \/>\n<meta property=\"og:locale\" content=\"fr_FR\" \/>\n<meta property=\"og:type\" content=\"article\" \/>\n<meta property=\"og:title\" content=\"Tha\u00eflande : Un suspect recherch\u00e9 apr\u00e8s l&#039;attentat de Bangkok\" \/>\n<meta property=\"og:description\" content=\"Tha\u00eflande : Un suspect recherch\u00e9 apr\u00e8s l&#039;attentat de Bangkok\" \/>\n<meta property=\"og:url\" content=\"https:\/\/www.webdo.tn\/fr\/actualite\/international\/thailande-un-suspect-recherche-apres-lattentat-de-bangkok\/184003\/\" \/>\n<meta property=\"og:site_name\" content=\"webdo\" \/>\n<meta property=\"article:publisher\" content=\"https:\/\/www.facebook.com\/webdotn\" \/>\n<meta property=\"article:published_time\" content=\"2015-08-18T09:58:00+00:00\" \/>\n<meta property=\"article:modified_time\" content=\"2025-05-19T10:10:08+00:00\" \/>\n<meta property=\"og:image\" content=\"https:\/\/www.webdo.tn\/fr\/wp-content\/uploads\/2015\/08\/Screenshot-from-2015-08-18-095022-e1439888223593.png\" \/>\n\t<meta property=\"og:image:width\" content=\"600\" \/>\n\t<meta property=\"og:image:height\" content=\"337\" \/>\n\t<meta property=\"og:image:type\" content=\"image\/png\" \/>\n<meta name=\"author\" content=\"webdo.tn\" \/>\n<meta name=\"twitter:card\" content=\"summary_large_image\" \/>\n<meta name=\"twitter:creator\" content=\"@webdo_tn\" \/>\n<meta name=\"twitter:site\" content=\"@webdo_tn\" \/>\n<meta name=\"twitter:label1\" content=\"\u00c9crit par\" \/>\n\t<meta name=\"twitter:data1\" content=\"webdo.tn\" \/>\n\t<meta name=\"twitter:label2\" content=\"Dur\u00e9e de lecture estim\u00e9e\" \/>\n\t<meta name=\"twitter:data2\" content=\"1 minute\" \/>\n<script type=\"application\/ld+json\" class=\"yoast-schema-graph\">{\"@context\":\"https:\\\/\\\/schema.org\",\"@graph\":[{\"@type\":\"NewsArticle\",\"@id\":\"https:\\\/\\\/www.webdo.tn\\\/fr\\\/actualite\\\/international\\\/thailande-un-suspect-recherche-apres-lattentat-de-bangkok\\\/184003\\\/#article\",\"isPartOf\":{\"@id\":\"https:\\\/\\\/www.webdo.tn\\\/fr\\\/actualite\\\/international\\\/thailande-un-suspect-recherche-apres-lattentat-de-bangkok\\\/184003\\\/\"},\"author\":{\"name\":\"webdo.tn\",\"@id\":\"https:\\\/\\\/www.webdo.tn\\\/fr\\\/#\\\/schema\\\/person\\\/9a9c6118d687c117df8ef3cc36a4d175\"},\"headline\":\"Tha\u00eflande : Un suspect recherch\u00e9 apr\u00e8s l&rsquo;attentat de Bangkok\",\"datePublished\":\"2015-08-18T09:58:00+00:00\",\"dateModified\":\"2025-05-19T10:10:08+00:00\",\"mainEntityOfPage\":{\"@id\":\"https:\\\/\\\/www.webdo.tn\\\/fr\\\/actualite\\\/international\\\/thailande-un-suspect-recherche-apres-lattentat-de-bangkok\\\/184003\\\/\"},\"wordCount\":223,\"commentCount\":0,\"publisher\":{\"@id\":\"https:\\\/\\\/www.webdo.tn\\\/fr\\\/#organization\"},\"image\":{\"@id\":\"https:\\\/\\\/www.webdo.tn\\\/fr\\\/actualite\\\/international\\\/thailande-un-suspect-recherche-apres-lattentat-de-bangkok\\\/184003\\\/#primaryimage\"},\"thumbnailUrl\":\"https:\\\/\\\/www.webdo.tn\\\/fr\\\/wp-content\\\/uploads\\\/2015\\\/08\\\/Screenshot-from-2015-08-18-095022-e1439888223593.png\",\"keywords\":[\"guerre\"],\"articleSection\":[\"International\"],\"inLanguage\":\"fr-FR\"},{\"@type\":\"WebPage\",\"@id\":\"https:\\\/\\\/www.webdo.tn\\\/fr\\\/actualite\\\/international\\\/thailande-un-suspect-recherche-apres-lattentat-de-bangkok\\\/184003\\\/\",\"url\":\"https:\\\/\\\/www.webdo.tn\\\/fr\\\/actualite\\\/international\\\/thailande-un-suspect-recherche-apres-lattentat-de-bangkok\\\/184003\\\/\",\"name\":\"Tha\u00eflande : Un suspect recherch\u00e9 apr\u00e8s l'attentat de Bangkok\",\"isPartOf\":{\"@id\":\"https:\\\/\\\/www.webdo.tn\\\/fr\\\/#website\"},\"primaryImageOfPage\":{\"@id\":\"https:\\\/\\\/www.webdo.tn\\\/fr\\\/actualite\\\/international\\\/thailande-un-suspect-recherche-apres-lattentat-de-bangkok\\\/184003\\\/#primaryimage\"},\"image\":{\"@id\":\"https:\\\/\\\/www.webdo.tn\\\/fr\\\/actualite\\\/international\\\/thailande-un-suspect-recherche-apres-lattentat-de-bangkok\\\/184003\\\/#primaryimage\"},\"thumbnailUrl\":\"https:\\\/\\\/www.webdo.tn\\\/fr\\\/wp-content\\\/uploads\\\/2015\\\/08\\\/Screenshot-from-2015-08-18-095022-e1439888223593.png\",\"datePublished\":\"2015-08-18T09:58:00+00:00\",\"dateModified\":\"2025-05-19T10:10:08+00:00\",\"description\":\"Tha\u00eflande : Un suspect recherch\u00e9 apr\u00e8s l'attentat de Bangkok\",\"breadcrumb\":{\"@id\":\"https:\\\/\\\/www.webdo.tn\\\/fr\\\/actualite\\\/international\\\/thailande-un-suspect-recherche-apres-lattentat-de-bangkok\\\/184003\\\/#breadcrumb\"},\"inLanguage\":\"fr-FR\",\"potentialAction\":[{\"@type\":\"ReadAction\",\"target\":[\"https:\\\/\\\/www.webdo.tn\\\/fr\\\/actualite\\\/international\\\/thailande-un-suspect-recherche-apres-lattentat-de-bangkok\\\/184003\\\/\"]}]},{\"@type\":\"ImageObject\",\"inLanguage\":\"fr-FR\",\"@id\":\"https:\\\/\\\/www.webdo.tn\\\/fr\\\/actualite\\\/international\\\/thailande-un-suspect-recherche-apres-lattentat-de-bangkok\\\/184003\\\/#primaryimage\",\"url\":\"https:\\\/\\\/www.webdo.tn\\\/fr\\\/wp-content\\\/uploads\\\/2015\\\/08\\\/Screenshot-from-2015-08-18-095022-e1439888223593.png\",\"contentUrl\":\"https:\\\/\\\/www.webdo.tn\\\/fr\\\/wp-content\\\/uploads\\\/2015\\\/08\\\/Screenshot-from-2015-08-18-095022-e1439888223593.png\",\"width\":600,\"height\":337,\"caption\":\"Tha\u00eflande : Un suspect recherch\u00e9 apr\u00e8s l'attentat de Bangkok\"},{\"@type\":\"BreadcrumbList\",\"@id\":\"https:\\\/\\\/www.webdo.tn\\\/fr\\\/actualite\\\/international\\\/thailande-un-suspect-recherche-apres-lattentat-de-bangkok\\\/184003\\\/#breadcrumb\",\"itemListElement\":[{\"@type\":\"ListItem\",\"position\":1,\"name\":\"Accueil\",\"item\":\"https:\\\/\\\/www.webdo.tn\\\/fr\\\/\"},{\"@type\":\"ListItem\",\"position\":2,\"name\":\"Tha\u00eflande : Un suspect recherch\u00e9 apr\u00e8s l&rsquo;attentat de Bangkok\"}]},{\"@type\":\"WebSite\",\"@id\":\"https:\\\/\\\/www.webdo.tn\\\/fr\\\/#website\",\"url\":\"https:\\\/\\\/www.webdo.tn\\\/fr\\\/\",\"name\":\"webdo\",\"description\":\"Tunisie - News en Tunisie et \u00e0 l&#039;international sur Webdo.tn\",\"publisher\":{\"@id\":\"https:\\\/\\\/www.webdo.tn\\\/fr\\\/#organization\"},\"potentialAction\":[{\"@type\":\"SearchAction\",\"target\":{\"@type\":\"EntryPoint\",\"urlTemplate\":\"https:\\\/\\\/www.webdo.tn\\\/fr\\\/?s={search_term_string}\"},\"query-input\":{\"@type\":\"PropertyValueSpecification\",\"valueRequired\":true,\"valueName\":\"search_term_string\"}}],\"inLanguage\":\"fr-FR\"},{\"@type\":\"Organization\",\"@id\":\"https:\\\/\\\/www.webdo.tn\\\/fr\\\/#organization\",\"name\":\"Webdo\",\"alternateName\":\"Webdo.tn\",\"url\":\"https:\\\/\\\/www.webdo.tn\\\/fr\\\/\",\"logo\":{\"@type\":\"ImageObject\",\"inLanguage\":\"fr-FR\",\"@id\":\"https:\\\/\\\/www.webdo.tn\\\/fr\\\/#\\\/schema\\\/logo\\\/image\\\/\",\"url\":\"https:\\\/\\\/www.webdo.tn\\\/fr\\\/wp-content\\\/uploads\\\/2025\\\/06\\\/Webdo-Tunisie_168377.jpg\",\"contentUrl\":\"https:\\\/\\\/www.webdo.tn\\\/fr\\\/wp-content\\\/uploads\\\/2025\\\/06\\\/Webdo-Tunisie_168377.jpg\",\"width\":301,\"height\":301,\"caption\":\"Webdo\"},\"image\":{\"@id\":\"https:\\\/\\\/www.webdo.tn\\\/fr\\\/#\\\/schema\\\/logo\\\/image\\\/\"},\"sameAs\":[\"https:\\\/\\\/www.facebook.com\\\/webdotn\",\"https:\\\/\\\/x.com\\\/webdo_tn\"],\"description\":\"Webdo est un m\u00e9dia num\u00e9rique tunisien fond\u00e9 en 2010, sp\u00e9cialis\u00e9 dans l\u2019actualit\u00e9 nationale et internationale, l\u2019\u00e9conomie, la soci\u00e9t\u00e9 et les analyses politiques. Le site s\u2019adresse \u00e0 un large public francophone et couvre l\u2019information tunisienne en temps r\u00e9el.\",\"email\":\"redac@webdo.tn\",\"legalName\":\"YNJ SARL\",\"foundingDate\":\"2010-09-06\",\"numberOfEmployees\":{\"@type\":\"QuantitativeValue\",\"minValue\":\"11\",\"maxValue\":\"50\"}},{\"@type\":\"Person\",\"@id\":\"https:\\\/\\\/www.webdo.tn\\\/fr\\\/#\\\/schema\\\/person\\\/9a9c6118d687c117df8ef3cc36a4d175\",\"name\":\"webdo.tn\",\"image\":{\"@type\":\"ImageObject\",\"inLanguage\":\"fr-FR\",\"@id\":\"https:\\\/\\\/secure.gravatar.com\\\/avatar\\\/7ce1f28c0c3bbac99ff550b85ef8e44a6950c6ee24514fb6a5489e51d06f0298?s=96&d=mm&r=g\",\"url\":\"https:\\\/\\\/secure.gravatar.com\\\/avatar\\\/7ce1f28c0c3bbac99ff550b85ef8e44a6950c6ee24514fb6a5489e51d06f0298?s=96&d=mm&r=g\",\"contentUrl\":\"https:\\\/\\\/secure.gravatar.com\\\/avatar\\\/7ce1f28c0c3bbac99ff550b85ef8e44a6950c6ee24514fb6a5489e51d06f0298?s=96&d=mm&r=g\",\"caption\":\"webdo.tn\"},\"url\":\"https:\\\/\\\/www.webdo.tn\\\/fr\\\/actualite\\\/author\\\/webdotn\\\/\"}]}<\/script>\n<!-- \/ Yoast SEO Premium plugin. -->","yoast_head_json":{"title":"Tha\u00eflande : Un suspect recherch\u00e9 apr\u00e8s l'attentat de Bangkok","description":"Tha\u00eflande : Un suspect recherch\u00e9 apr\u00e8s l'attentat de Bangkok","canonical":"https:\/\/www.webdo.tn\/fr\/actualite\/international\/thailande-un-suspect-recherche-apres-lattentat-de-bangkok\/184003\/","og_locale":"fr_FR","og_type":"article","og_title":"Tha\u00eflande : Un suspect recherch\u00e9 apr\u00e8s l'attentat de Bangkok","og_description":"Tha\u00eflande : Un suspect recherch\u00e9 apr\u00e8s l'attentat de Bangkok","og_url":"https:\/\/www.webdo.tn\/fr\/actualite\/international\/thailande-un-suspect-recherche-apres-lattentat-de-bangkok\/184003\/","og_site_name":"webdo","article_publisher":"https:\/\/www.facebook.com\/webdotn","article_published_time":"2015-08-18T09:58:00+00:00","article_modified_time":"2025-05-19T10:10:08+00:00","og_image":[{"width":600,"height":337,"url":"https:\/\/www.webdo.tn\/fr\/wp-content\/uploads\/2015\/08\/Screenshot-from-2015-08-18-095022-e1439888223593.png","type":"image\/png"}],"author":"webdo.tn","twitter_card":"summary_large_image","twitter_creator":"@webdo_tn","twitter_site":"@webdo_tn","twitter_misc":{"\u00c9crit par":"webdo.tn","Dur\u00e9e de lecture estim\u00e9e":"1 minute"},"schema":{"@context":"https:\/\/schema.org","@graph":[{"@type":"NewsArticle","@id":"https:\/\/www.webdo.tn\/fr\/actualite\/international\/thailande-un-suspect-recherche-apres-lattentat-de-bangkok\/184003\/#article","isPartOf":{"@id":"https:\/\/www.webdo.tn\/fr\/actualite\/international\/thailande-un-suspect-recherche-apres-lattentat-de-bangkok\/184003\/"},"author":{"name":"webdo.tn","@id":"https:\/\/www.webdo.tn\/fr\/#\/schema\/person\/9a9c6118d687c117df8ef3cc36a4d175"},"headline":"Tha\u00eflande : Un suspect recherch\u00e9 apr\u00e8s l&rsquo;attentat de Bangkok","datePublished":"2015-08-18T09:58:00+00:00","dateModified":"2025-05-19T10:10:08+00:00","mainEntityOfPage":{"@id":"https:\/\/www.webdo.tn\/fr\/actualite\/international\/thailande-un-suspect-recherche-apres-lattentat-de-bangkok\/184003\/"},"wordCount":223,"commentCount":0,"publisher":{"@id":"https:\/\/www.webdo.tn\/fr\/#organization"},"image":{"@id":"https:\/\/www.webdo.tn\/fr\/actualite\/international\/thailande-un-suspect-recherche-apres-lattentat-de-bangkok\/184003\/#primaryimage"},"thumbnailUrl":"https:\/\/www.webdo.tn\/fr\/wp-content\/uploads\/2015\/08\/Screenshot-from-2015-08-18-095022-e1439888223593.png","keywords":["guerre"],"articleSection":["International"],"inLanguage":"fr-FR"},{"@type":"WebPage","@id":"https:\/\/www.webdo.tn\/fr\/actualite\/international\/thailande-un-suspect-recherche-apres-lattentat-de-bangkok\/184003\/","url":"https:\/\/www.webdo.tn\/fr\/actualite\/international\/thailande-un-suspect-recherche-apres-lattentat-de-bangkok\/184003\/","name":"Tha\u00eflande : Un suspect recherch\u00e9 apr\u00e8s l'attentat de Bangkok","isPartOf":{"@id":"https:\/\/www.webdo.tn\/fr\/#website"},"primaryImageOfPage":{"@id":"https:\/\/www.webdo.tn\/fr\/actualite\/international\/thailande-un-suspect-recherche-apres-lattentat-de-bangkok\/184003\/#primaryimage"},"image":{"@id":"https:\/\/www.webdo.tn\/fr\/actualite\/international\/thailande-un-suspect-recherche-apres-lattentat-de-bangkok\/184003\/#primaryimage"},"thumbnailUrl":"https:\/\/www.webdo.tn\/fr\/wp-content\/uploads\/2015\/08\/Screenshot-from-2015-08-18-095022-e1439888223593.png","datePublished":"2015-08-18T09:58:00+00:00","dateModified":"2025-05-19T10:10:08+00:00","description":"Tha\u00eflande : Un suspect recherch\u00e9 apr\u00e8s l'attentat de Bangkok","breadcrumb":{"@id":"https:\/\/www.webdo.tn\/fr\/actualite\/international\/thailande-un-suspect-recherche-apres-lattentat-de-bangkok\/184003\/#breadcrumb"},"inLanguage":"fr-FR","potentialAction":[{"@type":"ReadAction","target":["https:\/\/www.webdo.tn\/fr\/actualite\/international\/thailande-un-suspect-recherche-apres-lattentat-de-bangkok\/184003\/"]}]},{"@type":"ImageObject","inLanguage":"fr-FR","@id":"https:\/\/www.webdo.tn\/fr\/actualite\/international\/thailande-un-suspect-recherche-apres-lattentat-de-bangkok\/184003\/#primaryimage","url":"https:\/\/www.webdo.tn\/fr\/wp-content\/uploads\/2015\/08\/Screenshot-from-2015-08-18-095022-e1439888223593.png","contentUrl":"https:\/\/www.webdo.tn\/fr\/wp-content\/uploads\/2015\/08\/Screenshot-from-2015-08-18-095022-e1439888223593.png","width":600,"height":337,"caption":"Tha\u00eflande : Un suspect recherch\u00e9 apr\u00e8s l'attentat de Bangkok"},{"@type":"BreadcrumbList","@id":"https:\/\/www.webdo.tn\/fr\/actualite\/international\/thailande-un-suspect-recherche-apres-lattentat-de-bangkok\/184003\/#breadcrumb","itemListElement":[{"@type":"ListItem","position":1,"name":"Accueil","item":"https:\/\/www.webdo.tn\/fr\/"},{"@type":"ListItem","position":2,"name":"Tha\u00eflande : Un suspect recherch\u00e9 apr\u00e8s l&rsquo;attentat de Bangkok"}]},{"@type":"WebSite","@id":"https:\/\/www.webdo.tn\/fr\/#website","url":"https:\/\/www.webdo.tn\/fr\/","name":"webdo","description":"Tunisie - News en Tunisie et \u00e0 l&#039;international sur Webdo.tn","publisher":{"@id":"https:\/\/www.webdo.tn\/fr\/#organization"},"potentialAction":[{"@type":"SearchAction","target":{"@type":"EntryPoint","urlTemplate":"https:\/\/www.webdo.tn\/fr\/?s={search_term_string}"},"query-input":{"@type":"PropertyValueSpecification","valueRequired":true,"valueName":"search_term_string"}}],"inLanguage":"fr-FR"},{"@type":"Organization","@id":"https:\/\/www.webdo.tn\/fr\/#organization","name":"Webdo","alternateName":"Webdo.tn","url":"https:\/\/www.webdo.tn\/fr\/","logo":{"@type":"ImageObject","inLanguage":"fr-FR","@id":"https:\/\/www.webdo.tn\/fr\/#\/schema\/logo\/image\/","url":"https:\/\/www.webdo.tn\/fr\/wp-content\/uploads\/2025\/06\/Webdo-Tunisie_168377.jpg","contentUrl":"https:\/\/www.webdo.tn\/fr\/wp-content\/uploads\/2025\/06\/Webdo-Tunisie_168377.jpg","width":301,"height":301,"caption":"Webdo"},"image":{"@id":"https:\/\/www.webdo.tn\/fr\/#\/schema\/logo\/image\/"},"sameAs":["https:\/\/www.facebook.com\/webdotn","https:\/\/x.com\/webdo_tn"],"description":"Webdo est un m\u00e9dia num\u00e9rique tunisien fond\u00e9 en 2010, sp\u00e9cialis\u00e9 dans l\u2019actualit\u00e9 nationale et internationale, l\u2019\u00e9conomie, la soci\u00e9t\u00e9 et les analyses politiques. Le site s\u2019adresse \u00e0 un large public francophone et couvre l\u2019information tunisienne en temps r\u00e9el.","email":"redac@webdo.tn","legalName":"YNJ SARL","foundingDate":"2010-09-06","numberOfEmployees":{"@type":"QuantitativeValue","minValue":"11","maxValue":"50"}},{"@type":"Person","@id":"https:\/\/www.webdo.tn\/fr\/#\/schema\/person\/9a9c6118d687c117df8ef3cc36a4d175","name":"webdo.tn","image":{"@type":"ImageObject","inLanguage":"fr-FR","@id":"https:\/\/secure.gravatar.com\/avatar\/7ce1f28c0c3bbac99ff550b85ef8e44a6950c6ee24514fb6a5489e51d06f0298?s=96&d=mm&r=g","url":"https:\/\/secure.gravatar.com\/avatar\/7ce1f28c0c3bbac99ff550b85ef8e44a6950c6ee24514fb6a5489e51d06f0298?s=96&d=mm&r=g","contentUrl":"https:\/\/secure.gravatar.com\/avatar\/7ce1f28c0c3bbac99ff550b85ef8e44a6950c6ee24514fb6a5489e51d06f0298?s=96&d=mm&r=g","caption":"webdo.tn"},"url":"https:\/\/www.webdo.tn\/fr\/actualite\/author\/webdotn\/"}]}},"_links":{"self":[{"href":"https:\/\/www.webdo.tn\/fr\/wp-json\/wp\/v2\/posts\/184003","targetHints":{"allow":["GET"]}}],"collection":[{"href":"https:\/\/www.webdo.tn\/fr\/wp-json\/wp\/v2\/posts"}],"about":[{"href":"https:\/\/www.webdo.tn\/fr\/wp-json\/wp\/v2\/types\/post"}],"author":[{"embeddable":true,"href":"https:\/\/www.webdo.tn\/fr\/wp-json\/wp\/v2\/users\/3222"}],"replies":[{"embeddable":true,"href":"https:\/\/www.webdo.tn\/fr\/wp-json\/wp\/v2\/comments?post=184003"}],"version-history":[{"count":0,"href":"https:\/\/www.webdo.tn\/fr\/wp-json\/wp\/v2\/posts\/184003\/revisions"}],"wp:featuredmedia":[{"embeddable":true,"href":"https:\/\/www.webdo.tn\/fr\/wp-json\/wp\/v2\/media\/317515"}],"wp:attachment":[{"href":"https:\/\/www.webdo.tn\/fr\/wp-json\/wp\/v2\/media?parent=184003"}],"wp:term":[{"taxonomy":"category","embeddable":true,"href":"https:\/\/www.webdo.tn\/fr\/wp-json\/wp\/v2\/categories?post=184003"},{"taxonomy":"post_tag","embeddable":true,"href":"https:\/\/www.webdo.tn\/fr\/wp-json\/wp\/v2\/tags?post=184003"}],"curies":[{"name":"wp","href":"https:\/\/api.w.org\/{rel}","templated":true}]}}