{"id":184002,"date":"2015-08-18T13:33:00","date_gmt":"2015-08-18T13:33:00","guid":{"rendered":"https:\/\/www.webdo.tn\/fr\/blog\/libye-le-premier-ministre-abdallah-al-theni-renonce-a-demissionner\/184002\/"},"modified":"2015-08-18T13:33:00","modified_gmt":"2015-08-18T13:33:00","slug":"libye-le-premier-ministre-abdallah-al-theni-renonce-a-demissionner","status":"publish","type":"post","link":"https:\/\/www.webdo.tn\/fr\/actualite\/international\/libye-le-premier-ministre-abdallah-al-theni-renonce-a-demissionner\/184002\/","title":{"rendered":"Libye : Le Premier ministre Abdallah Al-Theni renonce \u00e0 d\u00e9missionner"},"content":{"rendered":"<p>Le Premier ministre libyen reconnu par la communaut\u00e9 internationale ne d\u00e9missionnera finalement pas. Une semaine apr\u00e8s avoir menac\u00e9, en direct \u00e0 la t\u00e9l\u00e9vision, de d\u00e9missionner, Abdallah Al-Theni a en effet chang\u00e9 d&rsquo;avis.<\/p>\n<p>\u00ab\u00a0Le Premier ministre n&rsquo;avait pas remis sa d\u00e9mission. Il est revenu [sur son intention de d\u00e9missionner] annonc\u00e9e auparavant\u00a0\u00bb, a d\u00e9clar\u00e9 hier, lundi 17 ao\u00fbt, \u00e0 l&rsquo;AFP, le porte-parole du gouvernement de Tobrouk Hatem Al-Ouraybi.<\/p>\n<p>Abdallah Al-Theni avait \u00e9t\u00e9 vivement critiqu\u00e9 par les t\u00e9l\u00e9spectateurs \u00e0 propos de l\u2019incomp\u00e9tence du\u00a0gouvernement, qui n\u2019arrivait pas \u00e0 assurer la s\u00e9curit\u00e9 des citoyens ni m\u00eame \u00e0\u00a0fournir\u00a0des services de base comme\u00a0l\u2019\u00e9lectricit\u00e9.<\/p>\n<p>Apr\u00e8s\u00a0la chute du r\u00e9gime de Kadhafi, la Libye\u00a0s\u2019est retrouv\u00e9e avec\u00a0deux gouvernements et\u00a0deux parlements, l\u2019un bas\u00e9 \u00e0 Tripoli sous le contr\u00f4le\u00a0des milices de Fajr Libya, et l\u2019autre dans l\u2019est du pays, \u00e0 Tobrouk, reconnu par la communaut\u00e9 internationale.<\/p>\n","protected":false},"excerpt":{"rendered":"<p>Libye : Le Premier ministre Abdallah Al-Theni renonce \u00e0 d\u00e9missionner<\/p>\n","protected":false},"author":3222,"featured_media":336190,"comment_status":"open","ping_status":"closed","sticky":false,"template":"","format":"standard","meta":{"footnotes":""},"categories":[2598],"tags":[2600],"class_list":["post-184002","post","type-post","status-publish","format-standard","has-post-thumbnail","hentry","category-international","tag-guerre"],"yoast_head":"<!-- This site is optimized with the Yoast SEO Premium plugin v27.5 (Yoast SEO v27.5) - https:\/\/yoast.com\/product\/yoast-seo-premium-wordpress\/ -->\n<title>Libye : Le Premier ministre Abdallah Al-Theni renonce \u00e0 d\u00e9missionner<\/title>\n<meta name=\"description\" content=\"Libye : Le Premier ministre Abdallah Al-Theni renonce \u00e0 d\u00e9missionner\" \/>\n<link rel=\"canonical\" href=\"https:\/\/www.webdo.tn\/fr\/actualite\/international\/libye-le-premier-ministre-abdallah-al-theni-renonce-a-demissionner\/184002\/\" \/>\n<meta property=\"og:locale\" content=\"fr_FR\" \/>\n<meta property=\"og:type\" content=\"article\" \/>\n<meta property=\"og:title\" content=\"Libye : Le Premier ministre Abdallah Al-Theni renonce \u00e0 d\u00e9missionner\" \/>\n<meta property=\"og:description\" content=\"Libye : Le Premier ministre Abdallah Al-Theni renonce \u00e0 d\u00e9missionner\" \/>\n<meta property=\"og:url\" content=\"https:\/\/www.webdo.tn\/fr\/actualite\/international\/libye-le-premier-ministre-abdallah-al-theni-renonce-a-demissionner\/184002\/\" \/>\n<meta property=\"og:site_name\" content=\"webdo\" \/>\n<meta property=\"article:publisher\" content=\"https:\/\/www.facebook.com\/webdotn\" \/>\n<meta property=\"article:published_time\" content=\"2015-08-18T13:33:00+00:00\" \/>\n<meta property=\"og:image\" content=\"https:\/\/www.webdo.tn\/fr\/wp-content\/uploads\/2015\/08\/theni-300x194-2.jpg\" \/>\n\t<meta property=\"og:image:width\" content=\"300\" \/>\n\t<meta property=\"og:image:height\" content=\"194\" \/>\n\t<meta property=\"og:image:type\" content=\"image\/jpeg\" \/>\n<meta name=\"author\" content=\"webdo.tn\" \/>\n<meta name=\"twitter:card\" content=\"summary_large_image\" \/>\n<meta name=\"twitter:creator\" content=\"@webdo_tn\" \/>\n<meta name=\"twitter:site\" content=\"@webdo_tn\" \/>\n<meta name=\"twitter:label1\" content=\"\u00c9crit par\" \/>\n\t<meta name=\"twitter:data1\" content=\"webdo.tn\" \/>\n\t<meta name=\"twitter:label2\" content=\"Dur\u00e9e de lecture estim\u00e9e\" \/>\n\t<meta name=\"twitter:data2\" content=\"1 minute\" \/>\n<script type=\"application\/ld+json\" class=\"yoast-schema-graph\">{\"@context\":\"https:\\\/\\\/schema.org\",\"@graph\":[{\"@type\":\"NewsArticle\",\"@id\":\"https:\\\/\\\/www.webdo.tn\\\/fr\\\/actualite\\\/international\\\/libye-le-premier-ministre-abdallah-al-theni-renonce-a-demissionner\\\/184002\\\/#article\",\"isPartOf\":{\"@id\":\"https:\\\/\\\/www.webdo.tn\\\/fr\\\/actualite\\\/international\\\/libye-le-premier-ministre-abdallah-al-theni-renonce-a-demissionner\\\/184002\\\/\"},\"author\":{\"name\":\"webdo.tn\",\"@id\":\"https:\\\/\\\/www.webdo.tn\\\/fr\\\/#\\\/schema\\\/person\\\/9a9c6118d687c117df8ef3cc36a4d175\"},\"headline\":\"Libye : Le Premier ministre Abdallah Al-Theni renonce \u00e0 d\u00e9missionner\",\"datePublished\":\"2015-08-18T13:33:00+00:00\",\"mainEntityOfPage\":{\"@id\":\"https:\\\/\\\/www.webdo.tn\\\/fr\\\/actualite\\\/international\\\/libye-le-premier-ministre-abdallah-al-theni-renonce-a-demissionner\\\/184002\\\/\"},\"wordCount\":172,\"commentCount\":0,\"publisher\":{\"@id\":\"https:\\\/\\\/www.webdo.tn\\\/fr\\\/#organization\"},\"image\":{\"@id\":\"https:\\\/\\\/www.webdo.tn\\\/fr\\\/actualite\\\/international\\\/libye-le-premier-ministre-abdallah-al-theni-renonce-a-demissionner\\\/184002\\\/#primaryimage\"},\"thumbnailUrl\":\"https:\\\/\\\/www.webdo.tn\\\/fr\\\/wp-content\\\/uploads\\\/2015\\\/08\\\/theni-300x194-2.jpg\",\"keywords\":[\"guerre\"],\"articleSection\":[\"International\"],\"inLanguage\":\"fr-FR\"},{\"@type\":\"WebPage\",\"@id\":\"https:\\\/\\\/www.webdo.tn\\\/fr\\\/actualite\\\/international\\\/libye-le-premier-ministre-abdallah-al-theni-renonce-a-demissionner\\\/184002\\\/\",\"url\":\"https:\\\/\\\/www.webdo.tn\\\/fr\\\/actualite\\\/international\\\/libye-le-premier-ministre-abdallah-al-theni-renonce-a-demissionner\\\/184002\\\/\",\"name\":\"Libye : Le Premier ministre Abdallah Al-Theni renonce \u00e0 d\u00e9missionner\",\"isPartOf\":{\"@id\":\"https:\\\/\\\/www.webdo.tn\\\/fr\\\/#website\"},\"primaryImageOfPage\":{\"@id\":\"https:\\\/\\\/www.webdo.tn\\\/fr\\\/actualite\\\/international\\\/libye-le-premier-ministre-abdallah-al-theni-renonce-a-demissionner\\\/184002\\\/#primaryimage\"},\"image\":{\"@id\":\"https:\\\/\\\/www.webdo.tn\\\/fr\\\/actualite\\\/international\\\/libye-le-premier-ministre-abdallah-al-theni-renonce-a-demissionner\\\/184002\\\/#primaryimage\"},\"thumbnailUrl\":\"https:\\\/\\\/www.webdo.tn\\\/fr\\\/wp-content\\\/uploads\\\/2015\\\/08\\\/theni-300x194-2.jpg\",\"datePublished\":\"2015-08-18T13:33:00+00:00\",\"description\":\"Libye : Le Premier ministre Abdallah Al-Theni renonce \u00e0 d\u00e9missionner\",\"breadcrumb\":{\"@id\":\"https:\\\/\\\/www.webdo.tn\\\/fr\\\/actualite\\\/international\\\/libye-le-premier-ministre-abdallah-al-theni-renonce-a-demissionner\\\/184002\\\/#breadcrumb\"},\"inLanguage\":\"fr-FR\",\"potentialAction\":[{\"@type\":\"ReadAction\",\"target\":[\"https:\\\/\\\/www.webdo.tn\\\/fr\\\/actualite\\\/international\\\/libye-le-premier-ministre-abdallah-al-theni-renonce-a-demissionner\\\/184002\\\/\"]}]},{\"@type\":\"ImageObject\",\"inLanguage\":\"fr-FR\",\"@id\":\"https:\\\/\\\/www.webdo.tn\\\/fr\\\/actualite\\\/international\\\/libye-le-premier-ministre-abdallah-al-theni-renonce-a-demissionner\\\/184002\\\/#primaryimage\",\"url\":\"https:\\\/\\\/www.webdo.tn\\\/fr\\\/wp-content\\\/uploads\\\/2015\\\/08\\\/theni-300x194-2.jpg\",\"contentUrl\":\"https:\\\/\\\/www.webdo.tn\\\/fr\\\/wp-content\\\/uploads\\\/2015\\\/08\\\/theni-300x194-2.jpg\",\"width\":300,\"height\":194,\"caption\":\"Libye : Le Premier ministre Abdallah Al-Theni renonce \u00e0 d\u00e9missionner\"},{\"@type\":\"BreadcrumbList\",\"@id\":\"https:\\\/\\\/www.webdo.tn\\\/fr\\\/actualite\\\/international\\\/libye-le-premier-ministre-abdallah-al-theni-renonce-a-demissionner\\\/184002\\\/#breadcrumb\",\"itemListElement\":[{\"@type\":\"ListItem\",\"position\":1,\"name\":\"Accueil\",\"item\":\"https:\\\/\\\/www.webdo.tn\\\/fr\\\/\"},{\"@type\":\"ListItem\",\"position\":2,\"name\":\"Libye : Le Premier ministre Abdallah Al-Theni renonce \u00e0 d\u00e9missionner\"}]},{\"@type\":\"WebSite\",\"@id\":\"https:\\\/\\\/www.webdo.tn\\\/fr\\\/#website\",\"url\":\"https:\\\/\\\/www.webdo.tn\\\/fr\\\/\",\"name\":\"webdo\",\"description\":\"Tunisie - News en Tunisie et \u00e0 l&#039;international sur Webdo.tn\",\"publisher\":{\"@id\":\"https:\\\/\\\/www.webdo.tn\\\/fr\\\/#organization\"},\"potentialAction\":[{\"@type\":\"SearchAction\",\"target\":{\"@type\":\"EntryPoint\",\"urlTemplate\":\"https:\\\/\\\/www.webdo.tn\\\/fr\\\/?s={search_term_string}\"},\"query-input\":{\"@type\":\"PropertyValueSpecification\",\"valueRequired\":true,\"valueName\":\"search_term_string\"}}],\"inLanguage\":\"fr-FR\"},{\"@type\":\"Organization\",\"@id\":\"https:\\\/\\\/www.webdo.tn\\\/fr\\\/#organization\",\"name\":\"Webdo\",\"alternateName\":\"Webdo.tn\",\"url\":\"https:\\\/\\\/www.webdo.tn\\\/fr\\\/\",\"logo\":{\"@type\":\"ImageObject\",\"inLanguage\":\"fr-FR\",\"@id\":\"https:\\\/\\\/www.webdo.tn\\\/fr\\\/#\\\/schema\\\/logo\\\/image\\\/\",\"url\":\"https:\\\/\\\/www.webdo.tn\\\/fr\\\/wp-content\\\/uploads\\\/2025\\\/06\\\/Webdo-Tunisie_168377.jpg\",\"contentUrl\":\"https:\\\/\\\/www.webdo.tn\\\/fr\\\/wp-content\\\/uploads\\\/2025\\\/06\\\/Webdo-Tunisie_168377.jpg\",\"width\":301,\"height\":301,\"caption\":\"Webdo\"},\"image\":{\"@id\":\"https:\\\/\\\/www.webdo.tn\\\/fr\\\/#\\\/schema\\\/logo\\\/image\\\/\"},\"sameAs\":[\"https:\\\/\\\/www.facebook.com\\\/webdotn\",\"https:\\\/\\\/x.com\\\/webdo_tn\"],\"description\":\"Webdo est un m\u00e9dia num\u00e9rique tunisien fond\u00e9 en 2010, sp\u00e9cialis\u00e9 dans l\u2019actualit\u00e9 nationale et internationale, l\u2019\u00e9conomie, la soci\u00e9t\u00e9 et les analyses politiques. Le site s\u2019adresse \u00e0 un large public francophone et couvre l\u2019information tunisienne en temps r\u00e9el.\",\"email\":\"redac@webdo.tn\",\"legalName\":\"YNJ SARL\",\"foundingDate\":\"2010-09-06\",\"numberOfEmployees\":{\"@type\":\"QuantitativeValue\",\"minValue\":\"11\",\"maxValue\":\"50\"}},{\"@type\":\"Person\",\"@id\":\"https:\\\/\\\/www.webdo.tn\\\/fr\\\/#\\\/schema\\\/person\\\/9a9c6118d687c117df8ef3cc36a4d175\",\"name\":\"webdo.tn\",\"image\":{\"@type\":\"ImageObject\",\"inLanguage\":\"fr-FR\",\"@id\":\"https:\\\/\\\/secure.gravatar.com\\\/avatar\\\/7ce1f28c0c3bbac99ff550b85ef8e44a6950c6ee24514fb6a5489e51d06f0298?s=96&d=mm&r=g\",\"url\":\"https:\\\/\\\/secure.gravatar.com\\\/avatar\\\/7ce1f28c0c3bbac99ff550b85ef8e44a6950c6ee24514fb6a5489e51d06f0298?s=96&d=mm&r=g\",\"contentUrl\":\"https:\\\/\\\/secure.gravatar.com\\\/avatar\\\/7ce1f28c0c3bbac99ff550b85ef8e44a6950c6ee24514fb6a5489e51d06f0298?s=96&d=mm&r=g\",\"caption\":\"webdo.tn\"},\"url\":\"https:\\\/\\\/www.webdo.tn\\\/fr\\\/actualite\\\/author\\\/webdotn\\\/\"}]}<\/script>\n<!-- \/ Yoast SEO Premium plugin. -->","yoast_head_json":{"title":"Libye : Le Premier ministre Abdallah Al-Theni renonce \u00e0 d\u00e9missionner","description":"Libye : Le Premier ministre Abdallah Al-Theni renonce \u00e0 d\u00e9missionner","canonical":"https:\/\/www.webdo.tn\/fr\/actualite\/international\/libye-le-premier-ministre-abdallah-al-theni-renonce-a-demissionner\/184002\/","og_locale":"fr_FR","og_type":"article","og_title":"Libye : Le Premier ministre Abdallah Al-Theni renonce \u00e0 d\u00e9missionner","og_description":"Libye : Le Premier ministre Abdallah Al-Theni renonce \u00e0 d\u00e9missionner","og_url":"https:\/\/www.webdo.tn\/fr\/actualite\/international\/libye-le-premier-ministre-abdallah-al-theni-renonce-a-demissionner\/184002\/","og_site_name":"webdo","article_publisher":"https:\/\/www.facebook.com\/webdotn","article_published_time":"2015-08-18T13:33:00+00:00","og_image":[{"width":300,"height":194,"url":"https:\/\/www.webdo.tn\/fr\/wp-content\/uploads\/2015\/08\/theni-300x194-2.jpg","type":"image\/jpeg"}],"author":"webdo.tn","twitter_card":"summary_large_image","twitter_creator":"@webdo_tn","twitter_site":"@webdo_tn","twitter_misc":{"\u00c9crit par":"webdo.tn","Dur\u00e9e de lecture estim\u00e9e":"1 minute"},"schema":{"@context":"https:\/\/schema.org","@graph":[{"@type":"NewsArticle","@id":"https:\/\/www.webdo.tn\/fr\/actualite\/international\/libye-le-premier-ministre-abdallah-al-theni-renonce-a-demissionner\/184002\/#article","isPartOf":{"@id":"https:\/\/www.webdo.tn\/fr\/actualite\/international\/libye-le-premier-ministre-abdallah-al-theni-renonce-a-demissionner\/184002\/"},"author":{"name":"webdo.tn","@id":"https:\/\/www.webdo.tn\/fr\/#\/schema\/person\/9a9c6118d687c117df8ef3cc36a4d175"},"headline":"Libye : Le Premier ministre Abdallah Al-Theni renonce \u00e0 d\u00e9missionner","datePublished":"2015-08-18T13:33:00+00:00","mainEntityOfPage":{"@id":"https:\/\/www.webdo.tn\/fr\/actualite\/international\/libye-le-premier-ministre-abdallah-al-theni-renonce-a-demissionner\/184002\/"},"wordCount":172,"commentCount":0,"publisher":{"@id":"https:\/\/www.webdo.tn\/fr\/#organization"},"image":{"@id":"https:\/\/www.webdo.tn\/fr\/actualite\/international\/libye-le-premier-ministre-abdallah-al-theni-renonce-a-demissionner\/184002\/#primaryimage"},"thumbnailUrl":"https:\/\/www.webdo.tn\/fr\/wp-content\/uploads\/2015\/08\/theni-300x194-2.jpg","keywords":["guerre"],"articleSection":["International"],"inLanguage":"fr-FR"},{"@type":"WebPage","@id":"https:\/\/www.webdo.tn\/fr\/actualite\/international\/libye-le-premier-ministre-abdallah-al-theni-renonce-a-demissionner\/184002\/","url":"https:\/\/www.webdo.tn\/fr\/actualite\/international\/libye-le-premier-ministre-abdallah-al-theni-renonce-a-demissionner\/184002\/","name":"Libye : Le Premier ministre Abdallah Al-Theni renonce \u00e0 d\u00e9missionner","isPartOf":{"@id":"https:\/\/www.webdo.tn\/fr\/#website"},"primaryImageOfPage":{"@id":"https:\/\/www.webdo.tn\/fr\/actualite\/international\/libye-le-premier-ministre-abdallah-al-theni-renonce-a-demissionner\/184002\/#primaryimage"},"image":{"@id":"https:\/\/www.webdo.tn\/fr\/actualite\/international\/libye-le-premier-ministre-abdallah-al-theni-renonce-a-demissionner\/184002\/#primaryimage"},"thumbnailUrl":"https:\/\/www.webdo.tn\/fr\/wp-content\/uploads\/2015\/08\/theni-300x194-2.jpg","datePublished":"2015-08-18T13:33:00+00:00","description":"Libye : Le Premier ministre Abdallah Al-Theni renonce \u00e0 d\u00e9missionner","breadcrumb":{"@id":"https:\/\/www.webdo.tn\/fr\/actualite\/international\/libye-le-premier-ministre-abdallah-al-theni-renonce-a-demissionner\/184002\/#breadcrumb"},"inLanguage":"fr-FR","potentialAction":[{"@type":"ReadAction","target":["https:\/\/www.webdo.tn\/fr\/actualite\/international\/libye-le-premier-ministre-abdallah-al-theni-renonce-a-demissionner\/184002\/"]}]},{"@type":"ImageObject","inLanguage":"fr-FR","@id":"https:\/\/www.webdo.tn\/fr\/actualite\/international\/libye-le-premier-ministre-abdallah-al-theni-renonce-a-demissionner\/184002\/#primaryimage","url":"https:\/\/www.webdo.tn\/fr\/wp-content\/uploads\/2015\/08\/theni-300x194-2.jpg","contentUrl":"https:\/\/www.webdo.tn\/fr\/wp-content\/uploads\/2015\/08\/theni-300x194-2.jpg","width":300,"height":194,"caption":"Libye : Le Premier ministre Abdallah Al-Theni renonce \u00e0 d\u00e9missionner"},{"@type":"BreadcrumbList","@id":"https:\/\/www.webdo.tn\/fr\/actualite\/international\/libye-le-premier-ministre-abdallah-al-theni-renonce-a-demissionner\/184002\/#breadcrumb","itemListElement":[{"@type":"ListItem","position":1,"name":"Accueil","item":"https:\/\/www.webdo.tn\/fr\/"},{"@type":"ListItem","position":2,"name":"Libye : Le Premier ministre Abdallah Al-Theni renonce \u00e0 d\u00e9missionner"}]},{"@type":"WebSite","@id":"https:\/\/www.webdo.tn\/fr\/#website","url":"https:\/\/www.webdo.tn\/fr\/","name":"webdo","description":"Tunisie - News en Tunisie et \u00e0 l&#039;international sur Webdo.tn","publisher":{"@id":"https:\/\/www.webdo.tn\/fr\/#organization"},"potentialAction":[{"@type":"SearchAction","target":{"@type":"EntryPoint","urlTemplate":"https:\/\/www.webdo.tn\/fr\/?s={search_term_string}"},"query-input":{"@type":"PropertyValueSpecification","valueRequired":true,"valueName":"search_term_string"}}],"inLanguage":"fr-FR"},{"@type":"Organization","@id":"https:\/\/www.webdo.tn\/fr\/#organization","name":"Webdo","alternateName":"Webdo.tn","url":"https:\/\/www.webdo.tn\/fr\/","logo":{"@type":"ImageObject","inLanguage":"fr-FR","@id":"https:\/\/www.webdo.tn\/fr\/#\/schema\/logo\/image\/","url":"https:\/\/www.webdo.tn\/fr\/wp-content\/uploads\/2025\/06\/Webdo-Tunisie_168377.jpg","contentUrl":"https:\/\/www.webdo.tn\/fr\/wp-content\/uploads\/2025\/06\/Webdo-Tunisie_168377.jpg","width":301,"height":301,"caption":"Webdo"},"image":{"@id":"https:\/\/www.webdo.tn\/fr\/#\/schema\/logo\/image\/"},"sameAs":["https:\/\/www.facebook.com\/webdotn","https:\/\/x.com\/webdo_tn"],"description":"Webdo est un m\u00e9dia num\u00e9rique tunisien fond\u00e9 en 2010, sp\u00e9cialis\u00e9 dans l\u2019actualit\u00e9 nationale et internationale, l\u2019\u00e9conomie, la soci\u00e9t\u00e9 et les analyses politiques. Le site s\u2019adresse \u00e0 un large public francophone et couvre l\u2019information tunisienne en temps r\u00e9el.","email":"redac@webdo.tn","legalName":"YNJ SARL","foundingDate":"2010-09-06","numberOfEmployees":{"@type":"QuantitativeValue","minValue":"11","maxValue":"50"}},{"@type":"Person","@id":"https:\/\/www.webdo.tn\/fr\/#\/schema\/person\/9a9c6118d687c117df8ef3cc36a4d175","name":"webdo.tn","image":{"@type":"ImageObject","inLanguage":"fr-FR","@id":"https:\/\/secure.gravatar.com\/avatar\/7ce1f28c0c3bbac99ff550b85ef8e44a6950c6ee24514fb6a5489e51d06f0298?s=96&d=mm&r=g","url":"https:\/\/secure.gravatar.com\/avatar\/7ce1f28c0c3bbac99ff550b85ef8e44a6950c6ee24514fb6a5489e51d06f0298?s=96&d=mm&r=g","contentUrl":"https:\/\/secure.gravatar.com\/avatar\/7ce1f28c0c3bbac99ff550b85ef8e44a6950c6ee24514fb6a5489e51d06f0298?s=96&d=mm&r=g","caption":"webdo.tn"},"url":"https:\/\/www.webdo.tn\/fr\/actualite\/author\/webdotn\/"}]}},"_links":{"self":[{"href":"https:\/\/www.webdo.tn\/fr\/wp-json\/wp\/v2\/posts\/184002","targetHints":{"allow":["GET"]}}],"collection":[{"href":"https:\/\/www.webdo.tn\/fr\/wp-json\/wp\/v2\/posts"}],"about":[{"href":"https:\/\/www.webdo.tn\/fr\/wp-json\/wp\/v2\/types\/post"}],"author":[{"embeddable":true,"href":"https:\/\/www.webdo.tn\/fr\/wp-json\/wp\/v2\/users\/3222"}],"replies":[{"embeddable":true,"href":"https:\/\/www.webdo.tn\/fr\/wp-json\/wp\/v2\/comments?post=184002"}],"version-history":[{"count":0,"href":"https:\/\/www.webdo.tn\/fr\/wp-json\/wp\/v2\/posts\/184002\/revisions"}],"wp:featuredmedia":[{"embeddable":true,"href":"https:\/\/www.webdo.tn\/fr\/wp-json\/wp\/v2\/media\/336190"}],"wp:attachment":[{"href":"https:\/\/www.webdo.tn\/fr\/wp-json\/wp\/v2\/media?parent=184002"}],"wp:term":[{"taxonomy":"category","embeddable":true,"href":"https:\/\/www.webdo.tn\/fr\/wp-json\/wp\/v2\/categories?post=184002"},{"taxonomy":"post_tag","embeddable":true,"href":"https:\/\/www.webdo.tn\/fr\/wp-json\/wp\/v2\/tags?post=184002"}],"curies":[{"name":"wp","href":"https:\/\/api.w.org\/{rel}","templated":true}]}}