{"id":184000,"date":"2015-08-18T15:03:00","date_gmt":"2015-08-18T15:03:00","guid":{"rendered":"https:\/\/www.webdo.tn\/fr\/blog\/france-maxence-6-ans-beneficie-dune-prothese-de-main-par-impression-3d\/184000\/"},"modified":"2025-05-19T10:09:52","modified_gmt":"2025-05-19T10:09:52","slug":"france-maxence-6-ans-beneficie-dune-prothese-de-main-par-impression-3d","status":"publish","type":"post","link":"https:\/\/www.webdo.tn\/fr\/actualite\/international\/france-maxence-6-ans-beneficie-dune-prothese-de-main-par-impression-3d\/184000\/","title":{"rendered":"France : Maxence, 6 ans, b\u00e9n\u00e9ficie d&rsquo;une proth\u00e8se de main par impression 3D"},"content":{"rendered":"<p>En France, Maxence, un petit gar\u00e7on de 6 ans n\u00e9 sans main droite, a re\u00e7u hier, lundi 17 ao\u00fbt, une proth\u00e8se r\u00e9alis\u00e9e \u00e0 l&rsquo;aide d&rsquo;une imprimante 3D.<\/p>\n<p>Maxence est le premier en France \u00e0 recevoir ce type de proth\u00e8se, qui lui a \u00e9t\u00e9 offerte par une association.<\/p>\n<p>Deux mille proth\u00e8ses fabriqu\u00e9es par impression 3D ont d\u00e9j\u00e0 \u00e9t\u00e9 pos\u00e9es dans le monde \u00e0 des enfants, mais aussi \u00e0 des adultes amput\u00e9s.<\/p>\n","protected":false},"excerpt":{"rendered":"<p>France : Maxence, 6 ans, b\u00e9n\u00e9ficie d&rsquo;une proth\u00e8se de main par impression 3D<\/p>\n","protected":false},"author":3222,"featured_media":317479,"comment_status":"open","ping_status":"closed","sticky":false,"template":"","format":"standard","meta":{"footnotes":""},"categories":[2598],"tags":[2600],"class_list":["post-184000","post","type-post","status-publish","format-standard","has-post-thumbnail","hentry","category-international","tag-guerre"],"yoast_head":"<!-- This site is optimized with the Yoast SEO Premium plugin v27.5 (Yoast SEO v27.5) - https:\/\/yoast.com\/product\/yoast-seo-premium-wordpress\/ -->\n<title>France : Maxence, 6 ans, b\u00e9n\u00e9ficie d&#039;une proth\u00e8se de main par impression 3D<\/title>\n<meta name=\"description\" content=\"France : Maxence, 6 ans, b\u00e9n\u00e9ficie d&#039;une proth\u00e8se de main par impression 3D\" \/>\n<link rel=\"canonical\" href=\"https:\/\/www.webdo.tn\/fr\/actualite\/international\/france-maxence-6-ans-beneficie-dune-prothese-de-main-par-impression-3d\/184000\/\" \/>\n<meta property=\"og:locale\" content=\"fr_FR\" \/>\n<meta property=\"og:type\" content=\"article\" \/>\n<meta property=\"og:title\" content=\"France : Maxence, 6 ans, b\u00e9n\u00e9ficie d&#039;une proth\u00e8se de main par impression 3D\" \/>\n<meta property=\"og:description\" content=\"France : Maxence, 6 ans, b\u00e9n\u00e9ficie d&#039;une proth\u00e8se de main par impression 3D\" \/>\n<meta property=\"og:url\" content=\"https:\/\/www.webdo.tn\/fr\/actualite\/international\/france-maxence-6-ans-beneficie-dune-prothese-de-main-par-impression-3d\/184000\/\" \/>\n<meta property=\"og:site_name\" content=\"webdo\" \/>\n<meta property=\"article:publisher\" content=\"https:\/\/www.facebook.com\/webdotn\" \/>\n<meta property=\"article:published_time\" content=\"2015-08-18T15:03:00+00:00\" \/>\n<meta property=\"article:modified_time\" content=\"2025-05-19T10:09:52+00:00\" \/>\n<meta property=\"og:image\" content=\"https:\/\/www.webdo.tn\/fr\/wp-content\/uploads\/2015\/08\/main-3d-e1439906293845.png\" \/>\n\t<meta property=\"og:image:width\" content=\"600\" \/>\n\t<meta property=\"og:image:height\" content=\"337\" \/>\n\t<meta property=\"og:image:type\" content=\"image\/png\" \/>\n<meta name=\"author\" content=\"webdo.tn\" \/>\n<meta name=\"twitter:card\" content=\"summary_large_image\" \/>\n<meta name=\"twitter:creator\" content=\"@webdo_tn\" \/>\n<meta name=\"twitter:site\" content=\"@webdo_tn\" \/>\n<meta name=\"twitter:label1\" content=\"\u00c9crit par\" \/>\n\t<meta name=\"twitter:data1\" content=\"webdo.tn\" \/>\n<script type=\"application\/ld+json\" class=\"yoast-schema-graph\">{\"@context\":\"https:\\\/\\\/schema.org\",\"@graph\":[{\"@type\":\"NewsArticle\",\"@id\":\"https:\\\/\\\/www.webdo.tn\\\/fr\\\/actualite\\\/international\\\/france-maxence-6-ans-beneficie-dune-prothese-de-main-par-impression-3d\\\/184000\\\/#article\",\"isPartOf\":{\"@id\":\"https:\\\/\\\/www.webdo.tn\\\/fr\\\/actualite\\\/international\\\/france-maxence-6-ans-beneficie-dune-prothese-de-main-par-impression-3d\\\/184000\\\/\"},\"author\":{\"name\":\"webdo.tn\",\"@id\":\"https:\\\/\\\/www.webdo.tn\\\/fr\\\/#\\\/schema\\\/person\\\/9a9c6118d687c117df8ef3cc36a4d175\"},\"headline\":\"France : Maxence, 6 ans, b\u00e9n\u00e9ficie d&rsquo;une proth\u00e8se de main par impression 3D\",\"datePublished\":\"2015-08-18T15:03:00+00:00\",\"dateModified\":\"2025-05-19T10:09:52+00:00\",\"mainEntityOfPage\":{\"@id\":\"https:\\\/\\\/www.webdo.tn\\\/fr\\\/actualite\\\/international\\\/france-maxence-6-ans-beneficie-dune-prothese-de-main-par-impression-3d\\\/184000\\\/\"},\"wordCount\":93,\"commentCount\":0,\"publisher\":{\"@id\":\"https:\\\/\\\/www.webdo.tn\\\/fr\\\/#organization\"},\"image\":{\"@id\":\"https:\\\/\\\/www.webdo.tn\\\/fr\\\/actualite\\\/international\\\/france-maxence-6-ans-beneficie-dune-prothese-de-main-par-impression-3d\\\/184000\\\/#primaryimage\"},\"thumbnailUrl\":\"https:\\\/\\\/www.webdo.tn\\\/fr\\\/wp-content\\\/uploads\\\/2015\\\/08\\\/main-3d-e1439906293845.png\",\"keywords\":[\"guerre\"],\"articleSection\":[\"International\"],\"inLanguage\":\"fr-FR\"},{\"@type\":\"WebPage\",\"@id\":\"https:\\\/\\\/www.webdo.tn\\\/fr\\\/actualite\\\/international\\\/france-maxence-6-ans-beneficie-dune-prothese-de-main-par-impression-3d\\\/184000\\\/\",\"url\":\"https:\\\/\\\/www.webdo.tn\\\/fr\\\/actualite\\\/international\\\/france-maxence-6-ans-beneficie-dune-prothese-de-main-par-impression-3d\\\/184000\\\/\",\"name\":\"France : Maxence, 6 ans, b\u00e9n\u00e9ficie d'une proth\u00e8se de main par impression 3D\",\"isPartOf\":{\"@id\":\"https:\\\/\\\/www.webdo.tn\\\/fr\\\/#website\"},\"primaryImageOfPage\":{\"@id\":\"https:\\\/\\\/www.webdo.tn\\\/fr\\\/actualite\\\/international\\\/france-maxence-6-ans-beneficie-dune-prothese-de-main-par-impression-3d\\\/184000\\\/#primaryimage\"},\"image\":{\"@id\":\"https:\\\/\\\/www.webdo.tn\\\/fr\\\/actualite\\\/international\\\/france-maxence-6-ans-beneficie-dune-prothese-de-main-par-impression-3d\\\/184000\\\/#primaryimage\"},\"thumbnailUrl\":\"https:\\\/\\\/www.webdo.tn\\\/fr\\\/wp-content\\\/uploads\\\/2015\\\/08\\\/main-3d-e1439906293845.png\",\"datePublished\":\"2015-08-18T15:03:00+00:00\",\"dateModified\":\"2025-05-19T10:09:52+00:00\",\"description\":\"France : Maxence, 6 ans, b\u00e9n\u00e9ficie d'une proth\u00e8se de main par impression 3D\",\"breadcrumb\":{\"@id\":\"https:\\\/\\\/www.webdo.tn\\\/fr\\\/actualite\\\/international\\\/france-maxence-6-ans-beneficie-dune-prothese-de-main-par-impression-3d\\\/184000\\\/#breadcrumb\"},\"inLanguage\":\"fr-FR\",\"potentialAction\":[{\"@type\":\"ReadAction\",\"target\":[\"https:\\\/\\\/www.webdo.tn\\\/fr\\\/actualite\\\/international\\\/france-maxence-6-ans-beneficie-dune-prothese-de-main-par-impression-3d\\\/184000\\\/\"]}]},{\"@type\":\"ImageObject\",\"inLanguage\":\"fr-FR\",\"@id\":\"https:\\\/\\\/www.webdo.tn\\\/fr\\\/actualite\\\/international\\\/france-maxence-6-ans-beneficie-dune-prothese-de-main-par-impression-3d\\\/184000\\\/#primaryimage\",\"url\":\"https:\\\/\\\/www.webdo.tn\\\/fr\\\/wp-content\\\/uploads\\\/2015\\\/08\\\/main-3d-e1439906293845.png\",\"contentUrl\":\"https:\\\/\\\/www.webdo.tn\\\/fr\\\/wp-content\\\/uploads\\\/2015\\\/08\\\/main-3d-e1439906293845.png\",\"width\":600,\"height\":337,\"caption\":\"France : Maxence, 6 ans, b\u00e9n\u00e9ficie d'une proth\u00e8se de main par impression 3D\"},{\"@type\":\"BreadcrumbList\",\"@id\":\"https:\\\/\\\/www.webdo.tn\\\/fr\\\/actualite\\\/international\\\/france-maxence-6-ans-beneficie-dune-prothese-de-main-par-impression-3d\\\/184000\\\/#breadcrumb\",\"itemListElement\":[{\"@type\":\"ListItem\",\"position\":1,\"name\":\"Accueil\",\"item\":\"https:\\\/\\\/www.webdo.tn\\\/fr\\\/\"},{\"@type\":\"ListItem\",\"position\":2,\"name\":\"France : Maxence, 6 ans, b\u00e9n\u00e9ficie d&rsquo;une proth\u00e8se de main par impression 3D\"}]},{\"@type\":\"WebSite\",\"@id\":\"https:\\\/\\\/www.webdo.tn\\\/fr\\\/#website\",\"url\":\"https:\\\/\\\/www.webdo.tn\\\/fr\\\/\",\"name\":\"webdo\",\"description\":\"Tunisie - News en Tunisie et \u00e0 l&#039;international sur Webdo.tn\",\"publisher\":{\"@id\":\"https:\\\/\\\/www.webdo.tn\\\/fr\\\/#organization\"},\"potentialAction\":[{\"@type\":\"SearchAction\",\"target\":{\"@type\":\"EntryPoint\",\"urlTemplate\":\"https:\\\/\\\/www.webdo.tn\\\/fr\\\/?s={search_term_string}\"},\"query-input\":{\"@type\":\"PropertyValueSpecification\",\"valueRequired\":true,\"valueName\":\"search_term_string\"}}],\"inLanguage\":\"fr-FR\"},{\"@type\":\"Organization\",\"@id\":\"https:\\\/\\\/www.webdo.tn\\\/fr\\\/#organization\",\"name\":\"Webdo\",\"alternateName\":\"Webdo.tn\",\"url\":\"https:\\\/\\\/www.webdo.tn\\\/fr\\\/\",\"logo\":{\"@type\":\"ImageObject\",\"inLanguage\":\"fr-FR\",\"@id\":\"https:\\\/\\\/www.webdo.tn\\\/fr\\\/#\\\/schema\\\/logo\\\/image\\\/\",\"url\":\"https:\\\/\\\/www.webdo.tn\\\/fr\\\/wp-content\\\/uploads\\\/2025\\\/06\\\/Webdo-Tunisie_168377.jpg\",\"contentUrl\":\"https:\\\/\\\/www.webdo.tn\\\/fr\\\/wp-content\\\/uploads\\\/2025\\\/06\\\/Webdo-Tunisie_168377.jpg\",\"width\":301,\"height\":301,\"caption\":\"Webdo\"},\"image\":{\"@id\":\"https:\\\/\\\/www.webdo.tn\\\/fr\\\/#\\\/schema\\\/logo\\\/image\\\/\"},\"sameAs\":[\"https:\\\/\\\/www.facebook.com\\\/webdotn\",\"https:\\\/\\\/x.com\\\/webdo_tn\"],\"description\":\"Webdo est un m\u00e9dia num\u00e9rique tunisien fond\u00e9 en 2010, sp\u00e9cialis\u00e9 dans l\u2019actualit\u00e9 nationale et internationale, l\u2019\u00e9conomie, la soci\u00e9t\u00e9 et les analyses politiques. Le site s\u2019adresse \u00e0 un large public francophone et couvre l\u2019information tunisienne en temps r\u00e9el.\",\"email\":\"redac@webdo.tn\",\"legalName\":\"YNJ SARL\",\"foundingDate\":\"2010-09-06\",\"numberOfEmployees\":{\"@type\":\"QuantitativeValue\",\"minValue\":\"11\",\"maxValue\":\"50\"}},{\"@type\":\"Person\",\"@id\":\"https:\\\/\\\/www.webdo.tn\\\/fr\\\/#\\\/schema\\\/person\\\/9a9c6118d687c117df8ef3cc36a4d175\",\"name\":\"webdo.tn\",\"image\":{\"@type\":\"ImageObject\",\"inLanguage\":\"fr-FR\",\"@id\":\"https:\\\/\\\/secure.gravatar.com\\\/avatar\\\/7ce1f28c0c3bbac99ff550b85ef8e44a6950c6ee24514fb6a5489e51d06f0298?s=96&d=mm&r=g\",\"url\":\"https:\\\/\\\/secure.gravatar.com\\\/avatar\\\/7ce1f28c0c3bbac99ff550b85ef8e44a6950c6ee24514fb6a5489e51d06f0298?s=96&d=mm&r=g\",\"contentUrl\":\"https:\\\/\\\/secure.gravatar.com\\\/avatar\\\/7ce1f28c0c3bbac99ff550b85ef8e44a6950c6ee24514fb6a5489e51d06f0298?s=96&d=mm&r=g\",\"caption\":\"webdo.tn\"},\"url\":\"https:\\\/\\\/www.webdo.tn\\\/fr\\\/actualite\\\/author\\\/webdotn\\\/\"}]}<\/script>\n<!-- \/ Yoast SEO Premium plugin. -->","yoast_head_json":{"title":"France : Maxence, 6 ans, b\u00e9n\u00e9ficie d'une proth\u00e8se de main par impression 3D","description":"France : Maxence, 6 ans, b\u00e9n\u00e9ficie d'une proth\u00e8se de main par impression 3D","canonical":"https:\/\/www.webdo.tn\/fr\/actualite\/international\/france-maxence-6-ans-beneficie-dune-prothese-de-main-par-impression-3d\/184000\/","og_locale":"fr_FR","og_type":"article","og_title":"France : Maxence, 6 ans, b\u00e9n\u00e9ficie d'une proth\u00e8se de main par impression 3D","og_description":"France : Maxence, 6 ans, b\u00e9n\u00e9ficie d'une proth\u00e8se de main par impression 3D","og_url":"https:\/\/www.webdo.tn\/fr\/actualite\/international\/france-maxence-6-ans-beneficie-dune-prothese-de-main-par-impression-3d\/184000\/","og_site_name":"webdo","article_publisher":"https:\/\/www.facebook.com\/webdotn","article_published_time":"2015-08-18T15:03:00+00:00","article_modified_time":"2025-05-19T10:09:52+00:00","og_image":[{"width":600,"height":337,"url":"https:\/\/www.webdo.tn\/fr\/wp-content\/uploads\/2015\/08\/main-3d-e1439906293845.png","type":"image\/png"}],"author":"webdo.tn","twitter_card":"summary_large_image","twitter_creator":"@webdo_tn","twitter_site":"@webdo_tn","twitter_misc":{"\u00c9crit par":"webdo.tn"},"schema":{"@context":"https:\/\/schema.org","@graph":[{"@type":"NewsArticle","@id":"https:\/\/www.webdo.tn\/fr\/actualite\/international\/france-maxence-6-ans-beneficie-dune-prothese-de-main-par-impression-3d\/184000\/#article","isPartOf":{"@id":"https:\/\/www.webdo.tn\/fr\/actualite\/international\/france-maxence-6-ans-beneficie-dune-prothese-de-main-par-impression-3d\/184000\/"},"author":{"name":"webdo.tn","@id":"https:\/\/www.webdo.tn\/fr\/#\/schema\/person\/9a9c6118d687c117df8ef3cc36a4d175"},"headline":"France : Maxence, 6 ans, b\u00e9n\u00e9ficie d&rsquo;une proth\u00e8se de main par impression 3D","datePublished":"2015-08-18T15:03:00+00:00","dateModified":"2025-05-19T10:09:52+00:00","mainEntityOfPage":{"@id":"https:\/\/www.webdo.tn\/fr\/actualite\/international\/france-maxence-6-ans-beneficie-dune-prothese-de-main-par-impression-3d\/184000\/"},"wordCount":93,"commentCount":0,"publisher":{"@id":"https:\/\/www.webdo.tn\/fr\/#organization"},"image":{"@id":"https:\/\/www.webdo.tn\/fr\/actualite\/international\/france-maxence-6-ans-beneficie-dune-prothese-de-main-par-impression-3d\/184000\/#primaryimage"},"thumbnailUrl":"https:\/\/www.webdo.tn\/fr\/wp-content\/uploads\/2015\/08\/main-3d-e1439906293845.png","keywords":["guerre"],"articleSection":["International"],"inLanguage":"fr-FR"},{"@type":"WebPage","@id":"https:\/\/www.webdo.tn\/fr\/actualite\/international\/france-maxence-6-ans-beneficie-dune-prothese-de-main-par-impression-3d\/184000\/","url":"https:\/\/www.webdo.tn\/fr\/actualite\/international\/france-maxence-6-ans-beneficie-dune-prothese-de-main-par-impression-3d\/184000\/","name":"France : Maxence, 6 ans, b\u00e9n\u00e9ficie d'une proth\u00e8se de main par impression 3D","isPartOf":{"@id":"https:\/\/www.webdo.tn\/fr\/#website"},"primaryImageOfPage":{"@id":"https:\/\/www.webdo.tn\/fr\/actualite\/international\/france-maxence-6-ans-beneficie-dune-prothese-de-main-par-impression-3d\/184000\/#primaryimage"},"image":{"@id":"https:\/\/www.webdo.tn\/fr\/actualite\/international\/france-maxence-6-ans-beneficie-dune-prothese-de-main-par-impression-3d\/184000\/#primaryimage"},"thumbnailUrl":"https:\/\/www.webdo.tn\/fr\/wp-content\/uploads\/2015\/08\/main-3d-e1439906293845.png","datePublished":"2015-08-18T15:03:00+00:00","dateModified":"2025-05-19T10:09:52+00:00","description":"France : Maxence, 6 ans, b\u00e9n\u00e9ficie d'une proth\u00e8se de main par impression 3D","breadcrumb":{"@id":"https:\/\/www.webdo.tn\/fr\/actualite\/international\/france-maxence-6-ans-beneficie-dune-prothese-de-main-par-impression-3d\/184000\/#breadcrumb"},"inLanguage":"fr-FR","potentialAction":[{"@type":"ReadAction","target":["https:\/\/www.webdo.tn\/fr\/actualite\/international\/france-maxence-6-ans-beneficie-dune-prothese-de-main-par-impression-3d\/184000\/"]}]},{"@type":"ImageObject","inLanguage":"fr-FR","@id":"https:\/\/www.webdo.tn\/fr\/actualite\/international\/france-maxence-6-ans-beneficie-dune-prothese-de-main-par-impression-3d\/184000\/#primaryimage","url":"https:\/\/www.webdo.tn\/fr\/wp-content\/uploads\/2015\/08\/main-3d-e1439906293845.png","contentUrl":"https:\/\/www.webdo.tn\/fr\/wp-content\/uploads\/2015\/08\/main-3d-e1439906293845.png","width":600,"height":337,"caption":"France : Maxence, 6 ans, b\u00e9n\u00e9ficie d'une proth\u00e8se de main par impression 3D"},{"@type":"BreadcrumbList","@id":"https:\/\/www.webdo.tn\/fr\/actualite\/international\/france-maxence-6-ans-beneficie-dune-prothese-de-main-par-impression-3d\/184000\/#breadcrumb","itemListElement":[{"@type":"ListItem","position":1,"name":"Accueil","item":"https:\/\/www.webdo.tn\/fr\/"},{"@type":"ListItem","position":2,"name":"France : Maxence, 6 ans, b\u00e9n\u00e9ficie d&rsquo;une proth\u00e8se de main par impression 3D"}]},{"@type":"WebSite","@id":"https:\/\/www.webdo.tn\/fr\/#website","url":"https:\/\/www.webdo.tn\/fr\/","name":"webdo","description":"Tunisie - News en Tunisie et \u00e0 l&#039;international sur Webdo.tn","publisher":{"@id":"https:\/\/www.webdo.tn\/fr\/#organization"},"potentialAction":[{"@type":"SearchAction","target":{"@type":"EntryPoint","urlTemplate":"https:\/\/www.webdo.tn\/fr\/?s={search_term_string}"},"query-input":{"@type":"PropertyValueSpecification","valueRequired":true,"valueName":"search_term_string"}}],"inLanguage":"fr-FR"},{"@type":"Organization","@id":"https:\/\/www.webdo.tn\/fr\/#organization","name":"Webdo","alternateName":"Webdo.tn","url":"https:\/\/www.webdo.tn\/fr\/","logo":{"@type":"ImageObject","inLanguage":"fr-FR","@id":"https:\/\/www.webdo.tn\/fr\/#\/schema\/logo\/image\/","url":"https:\/\/www.webdo.tn\/fr\/wp-content\/uploads\/2025\/06\/Webdo-Tunisie_168377.jpg","contentUrl":"https:\/\/www.webdo.tn\/fr\/wp-content\/uploads\/2025\/06\/Webdo-Tunisie_168377.jpg","width":301,"height":301,"caption":"Webdo"},"image":{"@id":"https:\/\/www.webdo.tn\/fr\/#\/schema\/logo\/image\/"},"sameAs":["https:\/\/www.facebook.com\/webdotn","https:\/\/x.com\/webdo_tn"],"description":"Webdo est un m\u00e9dia num\u00e9rique tunisien fond\u00e9 en 2010, sp\u00e9cialis\u00e9 dans l\u2019actualit\u00e9 nationale et internationale, l\u2019\u00e9conomie, la soci\u00e9t\u00e9 et les analyses politiques. Le site s\u2019adresse \u00e0 un large public francophone et couvre l\u2019information tunisienne en temps r\u00e9el.","email":"redac@webdo.tn","legalName":"YNJ SARL","foundingDate":"2010-09-06","numberOfEmployees":{"@type":"QuantitativeValue","minValue":"11","maxValue":"50"}},{"@type":"Person","@id":"https:\/\/www.webdo.tn\/fr\/#\/schema\/person\/9a9c6118d687c117df8ef3cc36a4d175","name":"webdo.tn","image":{"@type":"ImageObject","inLanguage":"fr-FR","@id":"https:\/\/secure.gravatar.com\/avatar\/7ce1f28c0c3bbac99ff550b85ef8e44a6950c6ee24514fb6a5489e51d06f0298?s=96&d=mm&r=g","url":"https:\/\/secure.gravatar.com\/avatar\/7ce1f28c0c3bbac99ff550b85ef8e44a6950c6ee24514fb6a5489e51d06f0298?s=96&d=mm&r=g","contentUrl":"https:\/\/secure.gravatar.com\/avatar\/7ce1f28c0c3bbac99ff550b85ef8e44a6950c6ee24514fb6a5489e51d06f0298?s=96&d=mm&r=g","caption":"webdo.tn"},"url":"https:\/\/www.webdo.tn\/fr\/actualite\/author\/webdotn\/"}]}},"_links":{"self":[{"href":"https:\/\/www.webdo.tn\/fr\/wp-json\/wp\/v2\/posts\/184000","targetHints":{"allow":["GET"]}}],"collection":[{"href":"https:\/\/www.webdo.tn\/fr\/wp-json\/wp\/v2\/posts"}],"about":[{"href":"https:\/\/www.webdo.tn\/fr\/wp-json\/wp\/v2\/types\/post"}],"author":[{"embeddable":true,"href":"https:\/\/www.webdo.tn\/fr\/wp-json\/wp\/v2\/users\/3222"}],"replies":[{"embeddable":true,"href":"https:\/\/www.webdo.tn\/fr\/wp-json\/wp\/v2\/comments?post=184000"}],"version-history":[{"count":0,"href":"https:\/\/www.webdo.tn\/fr\/wp-json\/wp\/v2\/posts\/184000\/revisions"}],"wp:featuredmedia":[{"embeddable":true,"href":"https:\/\/www.webdo.tn\/fr\/wp-json\/wp\/v2\/media\/317479"}],"wp:attachment":[{"href":"https:\/\/www.webdo.tn\/fr\/wp-json\/wp\/v2\/media?parent=184000"}],"wp:term":[{"taxonomy":"category","embeddable":true,"href":"https:\/\/www.webdo.tn\/fr\/wp-json\/wp\/v2\/categories?post=184000"},{"taxonomy":"post_tag","embeddable":true,"href":"https:\/\/www.webdo.tn\/fr\/wp-json\/wp\/v2\/tags?post=184000"}],"curies":[{"name":"wp","href":"https:\/\/api.w.org\/{rel}","templated":true}]}}