{"id":183999,"date":"2015-08-18T19:03:00","date_gmt":"2015-08-18T19:03:00","guid":{"rendered":"https:\/\/www.webdo.tn\/fr\/blog\/la-libye-demande-aux-pays-arabes-des-frappes-aeriennes-contre-daesh-la-ligue-arabe-temporise\/183999\/"},"modified":"2025-05-19T10:09:52","modified_gmt":"2025-05-19T10:09:52","slug":"la-libye-demande-aux-pays-arabes-des-frappes-aeriennes-contre-daesh-la-ligue-arabe-temporise","status":"publish","type":"post","link":"https:\/\/www.webdo.tn\/fr\/actualite\/international\/la-libye-demande-aux-pays-arabes-des-frappes-aeriennes-contre-daesh-la-ligue-arabe-temporise\/183999\/","title":{"rendered":"La Libye demande aux pays arabes des frappes a\u00e9riennes contre Daesh. La ligue arabe temporise"},"content":{"rendered":"<p>La Ligue arabe s\u2019est r\u00e9unie en urgence au Caire, \u00e0 la demande du gouvernement libyen qui, le 15 ao\u00fbt, suite aux\u00a0violents affrontements \u00e0 Syrte, a demand\u00e9 l&rsquo;aide des pays arabes pour lutter contre Daesh en Libye.<\/p>\n<p>La Ligue arabe bien qu&rsquo;ayant appel\u00e9 \u00e0 mettre sur pied une strat\u00e9gie r\u00e9gionale pour aider le gouvernement libyen, n&rsquo;a pas \u00e9voqu\u00e9 pour le moment de frappes a\u00e9riennes ou d&rsquo;actions concr\u00e8tes.<\/p>\n<p>Selon le correspondant sur place d&rsquo;Euronews, les pays arabes sont tr\u00e8s inquiets de l&rsquo;ampleur qu&rsquo;est en train de prendre l\u2019\u00c9tat islamique dans la r\u00e9gion, notamment en Libye et demande l\u2019aide de l\u2019Europe pour y faire face.<\/p>\n","protected":false},"excerpt":{"rendered":"<p>La Libye demande aux pays arabes des frappes a\u00e9riennes contre Daesh. La ligue arabe temporise<\/p>\n","protected":false},"author":3222,"featured_media":317482,"comment_status":"open","ping_status":"closed","sticky":false,"template":"","format":"standard","meta":{"footnotes":""},"categories":[2598],"tags":[2600],"class_list":["post-183999","post","type-post","status-publish","format-standard","has-post-thumbnail","hentry","category-international","tag-guerre"],"yoast_head":"<!-- This site is optimized with the Yoast SEO Premium plugin v27.5 (Yoast SEO v27.5) - https:\/\/yoast.com\/product\/yoast-seo-premium-wordpress\/ -->\n<title>La Libye demande aux pays arabes des frappes a\u00e9riennes contre Daesh. La ligue arabe temporise<\/title>\n<meta name=\"description\" content=\"La Libye demande aux pays arabes des frappes a\u00e9riennes contre Daesh. La ligue arabe temporise\" \/>\n<link rel=\"canonical\" href=\"https:\/\/www.webdo.tn\/fr\/actualite\/international\/la-libye-demande-aux-pays-arabes-des-frappes-aeriennes-contre-daesh-la-ligue-arabe-temporise\/183999\/\" \/>\n<meta property=\"og:locale\" content=\"fr_FR\" \/>\n<meta property=\"og:type\" content=\"article\" \/>\n<meta property=\"og:title\" content=\"La Libye demande aux pays arabes des frappes a\u00e9riennes contre Daesh. La ligue arabe temporise\" \/>\n<meta property=\"og:description\" content=\"La Libye demande aux pays arabes des frappes a\u00e9riennes contre Daesh. La ligue arabe temporise\" \/>\n<meta property=\"og:url\" content=\"https:\/\/www.webdo.tn\/fr\/actualite\/international\/la-libye-demande-aux-pays-arabes-des-frappes-aeriennes-contre-daesh-la-ligue-arabe-temporise\/183999\/\" \/>\n<meta property=\"og:site_name\" content=\"webdo\" \/>\n<meta property=\"article:publisher\" content=\"https:\/\/www.facebook.com\/webdotn\" \/>\n<meta property=\"article:published_time\" content=\"2015-08-18T19:03:00+00:00\" \/>\n<meta property=\"article:modified_time\" content=\"2025-05-19T10:09:52+00:00\" \/>\n<meta property=\"og:image\" content=\"https:\/\/www.webdo.tn\/fr\/wp-content\/uploads\/2015\/08\/ligue-arabe-300x197-1.jpg\" \/>\n\t<meta property=\"og:image:width\" content=\"300\" \/>\n\t<meta property=\"og:image:height\" content=\"197\" \/>\n\t<meta property=\"og:image:type\" content=\"image\/jpeg\" \/>\n<meta name=\"author\" content=\"webdo.tn\" \/>\n<meta name=\"twitter:card\" content=\"summary_large_image\" \/>\n<meta name=\"twitter:creator\" content=\"@webdo_tn\" \/>\n<meta name=\"twitter:site\" content=\"@webdo_tn\" \/>\n<meta name=\"twitter:label1\" content=\"\u00c9crit par\" \/>\n\t<meta name=\"twitter:data1\" content=\"webdo.tn\" \/>\n\t<meta name=\"twitter:label2\" content=\"Dur\u00e9e de lecture estim\u00e9e\" \/>\n\t<meta name=\"twitter:data2\" content=\"1 minute\" \/>\n<script type=\"application\/ld+json\" class=\"yoast-schema-graph\">{\"@context\":\"https:\\\/\\\/schema.org\",\"@graph\":[{\"@type\":\"NewsArticle\",\"@id\":\"https:\\\/\\\/www.webdo.tn\\\/fr\\\/actualite\\\/international\\\/la-libye-demande-aux-pays-arabes-des-frappes-aeriennes-contre-daesh-la-ligue-arabe-temporise\\\/183999\\\/#article\",\"isPartOf\":{\"@id\":\"https:\\\/\\\/www.webdo.tn\\\/fr\\\/actualite\\\/international\\\/la-libye-demande-aux-pays-arabes-des-frappes-aeriennes-contre-daesh-la-ligue-arabe-temporise\\\/183999\\\/\"},\"author\":{\"name\":\"webdo.tn\",\"@id\":\"https:\\\/\\\/www.webdo.tn\\\/fr\\\/#\\\/schema\\\/person\\\/9a9c6118d687c117df8ef3cc36a4d175\"},\"headline\":\"La Libye demande aux pays arabes des frappes a\u00e9riennes contre Daesh. La ligue arabe temporise\",\"datePublished\":\"2015-08-18T19:03:00+00:00\",\"dateModified\":\"2025-05-19T10:09:52+00:00\",\"mainEntityOfPage\":{\"@id\":\"https:\\\/\\\/www.webdo.tn\\\/fr\\\/actualite\\\/international\\\/la-libye-demande-aux-pays-arabes-des-frappes-aeriennes-contre-daesh-la-ligue-arabe-temporise\\\/183999\\\/\"},\"wordCount\":134,\"commentCount\":0,\"publisher\":{\"@id\":\"https:\\\/\\\/www.webdo.tn\\\/fr\\\/#organization\"},\"image\":{\"@id\":\"https:\\\/\\\/www.webdo.tn\\\/fr\\\/actualite\\\/international\\\/la-libye-demande-aux-pays-arabes-des-frappes-aeriennes-contre-daesh-la-ligue-arabe-temporise\\\/183999\\\/#primaryimage\"},\"thumbnailUrl\":\"https:\\\/\\\/www.webdo.tn\\\/fr\\\/wp-content\\\/uploads\\\/2015\\\/08\\\/ligue-arabe-300x197-1.jpg\",\"keywords\":[\"guerre\"],\"articleSection\":[\"International\"],\"inLanguage\":\"fr-FR\"},{\"@type\":\"WebPage\",\"@id\":\"https:\\\/\\\/www.webdo.tn\\\/fr\\\/actualite\\\/international\\\/la-libye-demande-aux-pays-arabes-des-frappes-aeriennes-contre-daesh-la-ligue-arabe-temporise\\\/183999\\\/\",\"url\":\"https:\\\/\\\/www.webdo.tn\\\/fr\\\/actualite\\\/international\\\/la-libye-demande-aux-pays-arabes-des-frappes-aeriennes-contre-daesh-la-ligue-arabe-temporise\\\/183999\\\/\",\"name\":\"La Libye demande aux pays arabes des frappes a\u00e9riennes contre Daesh. La ligue arabe temporise\",\"isPartOf\":{\"@id\":\"https:\\\/\\\/www.webdo.tn\\\/fr\\\/#website\"},\"primaryImageOfPage\":{\"@id\":\"https:\\\/\\\/www.webdo.tn\\\/fr\\\/actualite\\\/international\\\/la-libye-demande-aux-pays-arabes-des-frappes-aeriennes-contre-daesh-la-ligue-arabe-temporise\\\/183999\\\/#primaryimage\"},\"image\":{\"@id\":\"https:\\\/\\\/www.webdo.tn\\\/fr\\\/actualite\\\/international\\\/la-libye-demande-aux-pays-arabes-des-frappes-aeriennes-contre-daesh-la-ligue-arabe-temporise\\\/183999\\\/#primaryimage\"},\"thumbnailUrl\":\"https:\\\/\\\/www.webdo.tn\\\/fr\\\/wp-content\\\/uploads\\\/2015\\\/08\\\/ligue-arabe-300x197-1.jpg\",\"datePublished\":\"2015-08-18T19:03:00+00:00\",\"dateModified\":\"2025-05-19T10:09:52+00:00\",\"description\":\"La Libye demande aux pays arabes des frappes a\u00e9riennes contre Daesh. La ligue arabe temporise\",\"breadcrumb\":{\"@id\":\"https:\\\/\\\/www.webdo.tn\\\/fr\\\/actualite\\\/international\\\/la-libye-demande-aux-pays-arabes-des-frappes-aeriennes-contre-daesh-la-ligue-arabe-temporise\\\/183999\\\/#breadcrumb\"},\"inLanguage\":\"fr-FR\",\"potentialAction\":[{\"@type\":\"ReadAction\",\"target\":[\"https:\\\/\\\/www.webdo.tn\\\/fr\\\/actualite\\\/international\\\/la-libye-demande-aux-pays-arabes-des-frappes-aeriennes-contre-daesh-la-ligue-arabe-temporise\\\/183999\\\/\"]}]},{\"@type\":\"ImageObject\",\"inLanguage\":\"fr-FR\",\"@id\":\"https:\\\/\\\/www.webdo.tn\\\/fr\\\/actualite\\\/international\\\/la-libye-demande-aux-pays-arabes-des-frappes-aeriennes-contre-daesh-la-ligue-arabe-temporise\\\/183999\\\/#primaryimage\",\"url\":\"https:\\\/\\\/www.webdo.tn\\\/fr\\\/wp-content\\\/uploads\\\/2015\\\/08\\\/ligue-arabe-300x197-1.jpg\",\"contentUrl\":\"https:\\\/\\\/www.webdo.tn\\\/fr\\\/wp-content\\\/uploads\\\/2015\\\/08\\\/ligue-arabe-300x197-1.jpg\",\"width\":300,\"height\":197,\"caption\":\"La Libye demande aux pays arabes des frappes a\u00e9riennes contre Daesh. La ligue arabe temporise\"},{\"@type\":\"BreadcrumbList\",\"@id\":\"https:\\\/\\\/www.webdo.tn\\\/fr\\\/actualite\\\/international\\\/la-libye-demande-aux-pays-arabes-des-frappes-aeriennes-contre-daesh-la-ligue-arabe-temporise\\\/183999\\\/#breadcrumb\",\"itemListElement\":[{\"@type\":\"ListItem\",\"position\":1,\"name\":\"Accueil\",\"item\":\"https:\\\/\\\/www.webdo.tn\\\/fr\\\/\"},{\"@type\":\"ListItem\",\"position\":2,\"name\":\"La Libye demande aux pays arabes des frappes a\u00e9riennes contre Daesh. La ligue arabe temporise\"}]},{\"@type\":\"WebSite\",\"@id\":\"https:\\\/\\\/www.webdo.tn\\\/fr\\\/#website\",\"url\":\"https:\\\/\\\/www.webdo.tn\\\/fr\\\/\",\"name\":\"webdo\",\"description\":\"Tunisie - News en Tunisie et \u00e0 l&#039;international sur Webdo.tn\",\"publisher\":{\"@id\":\"https:\\\/\\\/www.webdo.tn\\\/fr\\\/#organization\"},\"potentialAction\":[{\"@type\":\"SearchAction\",\"target\":{\"@type\":\"EntryPoint\",\"urlTemplate\":\"https:\\\/\\\/www.webdo.tn\\\/fr\\\/?s={search_term_string}\"},\"query-input\":{\"@type\":\"PropertyValueSpecification\",\"valueRequired\":true,\"valueName\":\"search_term_string\"}}],\"inLanguage\":\"fr-FR\"},{\"@type\":\"Organization\",\"@id\":\"https:\\\/\\\/www.webdo.tn\\\/fr\\\/#organization\",\"name\":\"Webdo\",\"alternateName\":\"Webdo.tn\",\"url\":\"https:\\\/\\\/www.webdo.tn\\\/fr\\\/\",\"logo\":{\"@type\":\"ImageObject\",\"inLanguage\":\"fr-FR\",\"@id\":\"https:\\\/\\\/www.webdo.tn\\\/fr\\\/#\\\/schema\\\/logo\\\/image\\\/\",\"url\":\"https:\\\/\\\/www.webdo.tn\\\/fr\\\/wp-content\\\/uploads\\\/2025\\\/06\\\/Webdo-Tunisie_168377.jpg\",\"contentUrl\":\"https:\\\/\\\/www.webdo.tn\\\/fr\\\/wp-content\\\/uploads\\\/2025\\\/06\\\/Webdo-Tunisie_168377.jpg\",\"width\":301,\"height\":301,\"caption\":\"Webdo\"},\"image\":{\"@id\":\"https:\\\/\\\/www.webdo.tn\\\/fr\\\/#\\\/schema\\\/logo\\\/image\\\/\"},\"sameAs\":[\"https:\\\/\\\/www.facebook.com\\\/webdotn\",\"https:\\\/\\\/x.com\\\/webdo_tn\"],\"description\":\"Webdo est un m\u00e9dia num\u00e9rique tunisien fond\u00e9 en 2010, sp\u00e9cialis\u00e9 dans l\u2019actualit\u00e9 nationale et internationale, l\u2019\u00e9conomie, la soci\u00e9t\u00e9 et les analyses politiques. Le site s\u2019adresse \u00e0 un large public francophone et couvre l\u2019information tunisienne en temps r\u00e9el.\",\"email\":\"redac@webdo.tn\",\"legalName\":\"YNJ SARL\",\"foundingDate\":\"2010-09-06\",\"numberOfEmployees\":{\"@type\":\"QuantitativeValue\",\"minValue\":\"11\",\"maxValue\":\"50\"}},{\"@type\":\"Person\",\"@id\":\"https:\\\/\\\/www.webdo.tn\\\/fr\\\/#\\\/schema\\\/person\\\/9a9c6118d687c117df8ef3cc36a4d175\",\"name\":\"webdo.tn\",\"image\":{\"@type\":\"ImageObject\",\"inLanguage\":\"fr-FR\",\"@id\":\"https:\\\/\\\/secure.gravatar.com\\\/avatar\\\/7ce1f28c0c3bbac99ff550b85ef8e44a6950c6ee24514fb6a5489e51d06f0298?s=96&d=mm&r=g\",\"url\":\"https:\\\/\\\/secure.gravatar.com\\\/avatar\\\/7ce1f28c0c3bbac99ff550b85ef8e44a6950c6ee24514fb6a5489e51d06f0298?s=96&d=mm&r=g\",\"contentUrl\":\"https:\\\/\\\/secure.gravatar.com\\\/avatar\\\/7ce1f28c0c3bbac99ff550b85ef8e44a6950c6ee24514fb6a5489e51d06f0298?s=96&d=mm&r=g\",\"caption\":\"webdo.tn\"},\"url\":\"https:\\\/\\\/www.webdo.tn\\\/fr\\\/actualite\\\/author\\\/webdotn\\\/\"}]}<\/script>\n<!-- \/ Yoast SEO Premium plugin. -->","yoast_head_json":{"title":"La Libye demande aux pays arabes des frappes a\u00e9riennes contre Daesh. La ligue arabe temporise","description":"La Libye demande aux pays arabes des frappes a\u00e9riennes contre Daesh. La ligue arabe temporise","canonical":"https:\/\/www.webdo.tn\/fr\/actualite\/international\/la-libye-demande-aux-pays-arabes-des-frappes-aeriennes-contre-daesh-la-ligue-arabe-temporise\/183999\/","og_locale":"fr_FR","og_type":"article","og_title":"La Libye demande aux pays arabes des frappes a\u00e9riennes contre Daesh. La ligue arabe temporise","og_description":"La Libye demande aux pays arabes des frappes a\u00e9riennes contre Daesh. La ligue arabe temporise","og_url":"https:\/\/www.webdo.tn\/fr\/actualite\/international\/la-libye-demande-aux-pays-arabes-des-frappes-aeriennes-contre-daesh-la-ligue-arabe-temporise\/183999\/","og_site_name":"webdo","article_publisher":"https:\/\/www.facebook.com\/webdotn","article_published_time":"2015-08-18T19:03:00+00:00","article_modified_time":"2025-05-19T10:09:52+00:00","og_image":[{"width":300,"height":197,"url":"https:\/\/www.webdo.tn\/fr\/wp-content\/uploads\/2015\/08\/ligue-arabe-300x197-1.jpg","type":"image\/jpeg"}],"author":"webdo.tn","twitter_card":"summary_large_image","twitter_creator":"@webdo_tn","twitter_site":"@webdo_tn","twitter_misc":{"\u00c9crit par":"webdo.tn","Dur\u00e9e de lecture estim\u00e9e":"1 minute"},"schema":{"@context":"https:\/\/schema.org","@graph":[{"@type":"NewsArticle","@id":"https:\/\/www.webdo.tn\/fr\/actualite\/international\/la-libye-demande-aux-pays-arabes-des-frappes-aeriennes-contre-daesh-la-ligue-arabe-temporise\/183999\/#article","isPartOf":{"@id":"https:\/\/www.webdo.tn\/fr\/actualite\/international\/la-libye-demande-aux-pays-arabes-des-frappes-aeriennes-contre-daesh-la-ligue-arabe-temporise\/183999\/"},"author":{"name":"webdo.tn","@id":"https:\/\/www.webdo.tn\/fr\/#\/schema\/person\/9a9c6118d687c117df8ef3cc36a4d175"},"headline":"La Libye demande aux pays arabes des frappes a\u00e9riennes contre Daesh. La ligue arabe temporise","datePublished":"2015-08-18T19:03:00+00:00","dateModified":"2025-05-19T10:09:52+00:00","mainEntityOfPage":{"@id":"https:\/\/www.webdo.tn\/fr\/actualite\/international\/la-libye-demande-aux-pays-arabes-des-frappes-aeriennes-contre-daesh-la-ligue-arabe-temporise\/183999\/"},"wordCount":134,"commentCount":0,"publisher":{"@id":"https:\/\/www.webdo.tn\/fr\/#organization"},"image":{"@id":"https:\/\/www.webdo.tn\/fr\/actualite\/international\/la-libye-demande-aux-pays-arabes-des-frappes-aeriennes-contre-daesh-la-ligue-arabe-temporise\/183999\/#primaryimage"},"thumbnailUrl":"https:\/\/www.webdo.tn\/fr\/wp-content\/uploads\/2015\/08\/ligue-arabe-300x197-1.jpg","keywords":["guerre"],"articleSection":["International"],"inLanguage":"fr-FR"},{"@type":"WebPage","@id":"https:\/\/www.webdo.tn\/fr\/actualite\/international\/la-libye-demande-aux-pays-arabes-des-frappes-aeriennes-contre-daesh-la-ligue-arabe-temporise\/183999\/","url":"https:\/\/www.webdo.tn\/fr\/actualite\/international\/la-libye-demande-aux-pays-arabes-des-frappes-aeriennes-contre-daesh-la-ligue-arabe-temporise\/183999\/","name":"La Libye demande aux pays arabes des frappes a\u00e9riennes contre Daesh. La ligue arabe temporise","isPartOf":{"@id":"https:\/\/www.webdo.tn\/fr\/#website"},"primaryImageOfPage":{"@id":"https:\/\/www.webdo.tn\/fr\/actualite\/international\/la-libye-demande-aux-pays-arabes-des-frappes-aeriennes-contre-daesh-la-ligue-arabe-temporise\/183999\/#primaryimage"},"image":{"@id":"https:\/\/www.webdo.tn\/fr\/actualite\/international\/la-libye-demande-aux-pays-arabes-des-frappes-aeriennes-contre-daesh-la-ligue-arabe-temporise\/183999\/#primaryimage"},"thumbnailUrl":"https:\/\/www.webdo.tn\/fr\/wp-content\/uploads\/2015\/08\/ligue-arabe-300x197-1.jpg","datePublished":"2015-08-18T19:03:00+00:00","dateModified":"2025-05-19T10:09:52+00:00","description":"La Libye demande aux pays arabes des frappes a\u00e9riennes contre Daesh. La ligue arabe temporise","breadcrumb":{"@id":"https:\/\/www.webdo.tn\/fr\/actualite\/international\/la-libye-demande-aux-pays-arabes-des-frappes-aeriennes-contre-daesh-la-ligue-arabe-temporise\/183999\/#breadcrumb"},"inLanguage":"fr-FR","potentialAction":[{"@type":"ReadAction","target":["https:\/\/www.webdo.tn\/fr\/actualite\/international\/la-libye-demande-aux-pays-arabes-des-frappes-aeriennes-contre-daesh-la-ligue-arabe-temporise\/183999\/"]}]},{"@type":"ImageObject","inLanguage":"fr-FR","@id":"https:\/\/www.webdo.tn\/fr\/actualite\/international\/la-libye-demande-aux-pays-arabes-des-frappes-aeriennes-contre-daesh-la-ligue-arabe-temporise\/183999\/#primaryimage","url":"https:\/\/www.webdo.tn\/fr\/wp-content\/uploads\/2015\/08\/ligue-arabe-300x197-1.jpg","contentUrl":"https:\/\/www.webdo.tn\/fr\/wp-content\/uploads\/2015\/08\/ligue-arabe-300x197-1.jpg","width":300,"height":197,"caption":"La Libye demande aux pays arabes des frappes a\u00e9riennes contre Daesh. La ligue arabe temporise"},{"@type":"BreadcrumbList","@id":"https:\/\/www.webdo.tn\/fr\/actualite\/international\/la-libye-demande-aux-pays-arabes-des-frappes-aeriennes-contre-daesh-la-ligue-arabe-temporise\/183999\/#breadcrumb","itemListElement":[{"@type":"ListItem","position":1,"name":"Accueil","item":"https:\/\/www.webdo.tn\/fr\/"},{"@type":"ListItem","position":2,"name":"La Libye demande aux pays arabes des frappes a\u00e9riennes contre Daesh. La ligue arabe temporise"}]},{"@type":"WebSite","@id":"https:\/\/www.webdo.tn\/fr\/#website","url":"https:\/\/www.webdo.tn\/fr\/","name":"webdo","description":"Tunisie - News en Tunisie et \u00e0 l&#039;international sur Webdo.tn","publisher":{"@id":"https:\/\/www.webdo.tn\/fr\/#organization"},"potentialAction":[{"@type":"SearchAction","target":{"@type":"EntryPoint","urlTemplate":"https:\/\/www.webdo.tn\/fr\/?s={search_term_string}"},"query-input":{"@type":"PropertyValueSpecification","valueRequired":true,"valueName":"search_term_string"}}],"inLanguage":"fr-FR"},{"@type":"Organization","@id":"https:\/\/www.webdo.tn\/fr\/#organization","name":"Webdo","alternateName":"Webdo.tn","url":"https:\/\/www.webdo.tn\/fr\/","logo":{"@type":"ImageObject","inLanguage":"fr-FR","@id":"https:\/\/www.webdo.tn\/fr\/#\/schema\/logo\/image\/","url":"https:\/\/www.webdo.tn\/fr\/wp-content\/uploads\/2025\/06\/Webdo-Tunisie_168377.jpg","contentUrl":"https:\/\/www.webdo.tn\/fr\/wp-content\/uploads\/2025\/06\/Webdo-Tunisie_168377.jpg","width":301,"height":301,"caption":"Webdo"},"image":{"@id":"https:\/\/www.webdo.tn\/fr\/#\/schema\/logo\/image\/"},"sameAs":["https:\/\/www.facebook.com\/webdotn","https:\/\/x.com\/webdo_tn"],"description":"Webdo est un m\u00e9dia num\u00e9rique tunisien fond\u00e9 en 2010, sp\u00e9cialis\u00e9 dans l\u2019actualit\u00e9 nationale et internationale, l\u2019\u00e9conomie, la soci\u00e9t\u00e9 et les analyses politiques. Le site s\u2019adresse \u00e0 un large public francophone et couvre l\u2019information tunisienne en temps r\u00e9el.","email":"redac@webdo.tn","legalName":"YNJ SARL","foundingDate":"2010-09-06","numberOfEmployees":{"@type":"QuantitativeValue","minValue":"11","maxValue":"50"}},{"@type":"Person","@id":"https:\/\/www.webdo.tn\/fr\/#\/schema\/person\/9a9c6118d687c117df8ef3cc36a4d175","name":"webdo.tn","image":{"@type":"ImageObject","inLanguage":"fr-FR","@id":"https:\/\/secure.gravatar.com\/avatar\/7ce1f28c0c3bbac99ff550b85ef8e44a6950c6ee24514fb6a5489e51d06f0298?s=96&d=mm&r=g","url":"https:\/\/secure.gravatar.com\/avatar\/7ce1f28c0c3bbac99ff550b85ef8e44a6950c6ee24514fb6a5489e51d06f0298?s=96&d=mm&r=g","contentUrl":"https:\/\/secure.gravatar.com\/avatar\/7ce1f28c0c3bbac99ff550b85ef8e44a6950c6ee24514fb6a5489e51d06f0298?s=96&d=mm&r=g","caption":"webdo.tn"},"url":"https:\/\/www.webdo.tn\/fr\/actualite\/author\/webdotn\/"}]}},"_links":{"self":[{"href":"https:\/\/www.webdo.tn\/fr\/wp-json\/wp\/v2\/posts\/183999","targetHints":{"allow":["GET"]}}],"collection":[{"href":"https:\/\/www.webdo.tn\/fr\/wp-json\/wp\/v2\/posts"}],"about":[{"href":"https:\/\/www.webdo.tn\/fr\/wp-json\/wp\/v2\/types\/post"}],"author":[{"embeddable":true,"href":"https:\/\/www.webdo.tn\/fr\/wp-json\/wp\/v2\/users\/3222"}],"replies":[{"embeddable":true,"href":"https:\/\/www.webdo.tn\/fr\/wp-json\/wp\/v2\/comments?post=183999"}],"version-history":[{"count":0,"href":"https:\/\/www.webdo.tn\/fr\/wp-json\/wp\/v2\/posts\/183999\/revisions"}],"wp:featuredmedia":[{"embeddable":true,"href":"https:\/\/www.webdo.tn\/fr\/wp-json\/wp\/v2\/media\/317482"}],"wp:attachment":[{"href":"https:\/\/www.webdo.tn\/fr\/wp-json\/wp\/v2\/media?parent=183999"}],"wp:term":[{"taxonomy":"category","embeddable":true,"href":"https:\/\/www.webdo.tn\/fr\/wp-json\/wp\/v2\/categories?post=183999"},{"taxonomy":"post_tag","embeddable":true,"href":"https:\/\/www.webdo.tn\/fr\/wp-json\/wp\/v2\/tags?post=183999"}],"curies":[{"name":"wp","href":"https:\/\/api.w.org\/{rel}","templated":true}]}}