{"id":183997,"date":"2015-08-18T21:10:00","date_gmt":"2015-08-18T21:10:00","guid":{"rendered":"https:\/\/www.webdo.tn\/fr\/blog\/maroc-accident-entre-un-avion-militaire-et-des-oiseaux-oiseaux-1-avion-0\/183997\/"},"modified":"2025-05-19T10:09:53","modified_gmt":"2025-05-19T10:09:53","slug":"maroc-accident-entre-un-avion-militaire-et-des-oiseaux-oiseaux-1-avion-0","status":"publish","type":"post","link":"https:\/\/www.webdo.tn\/fr\/actualite\/international\/maroc-accident-entre-un-avion-militaire-et-des-oiseaux-oiseaux-1-avion-0\/183997\/","title":{"rendered":"Maroc : Accident entre un avion militaire et des oiseaux. Oiseaux, 1 &#8211; Avion, 0"},"content":{"rendered":"<p>Dans une collision entre un avion et un oiseau, ce n&rsquo;est pas toujours l&rsquo;avion qui gagne. En est t\u00e9moin ce malheureux pilote marocain qui a du s&rsquo;\u00e9jecter de son avion et qui heureusement, est sain et sauf.<\/p>\n<p>Le Mirage F1 de l\u2019arm\u00e9e de l\u2019air marocaine ne peut pas en dire autant, par contre.<\/p>\n<p>Le lundi 17 ao\u00fbt 2015, le pilote effectuait un entra\u00eenement de routine, \u00e0 proximit\u00e9 de la base militaire de Sidi Slimane et s&rsquo;appr\u00eatait \u00e0 atterrir quand un groupe d&rsquo;oiseaux, d\u00e9crits par lui comme \u00e9tant \u00ab\u00a0de grande taille\u00a0\u00bb, est entr\u00e9 en collision avec l&rsquo;avion.<\/p>\n<p>Le choc \u00e9tait tellement violent qu&rsquo;il a provoqu\u00e9 l\u2019extinction du moteur faisant crasher l&rsquo;appareil, par chance, dans une zone inhabit\u00e9e. Il n&rsquo;y pas eu de victime, sauf parmi les volatiles, \u00e9videmment.<\/p>\n","protected":false},"excerpt":{"rendered":"<p>Maroc : Accident entre un avion militaire et des oiseaux. Oiseaux, 1 &#8211; Avion, 0<\/p>\n","protected":false},"author":3222,"featured_media":317485,"comment_status":"open","ping_status":"closed","sticky":false,"template":"","format":"standard","meta":{"footnotes":""},"categories":[2598],"tags":[2600],"class_list":["post-183997","post","type-post","status-publish","format-standard","has-post-thumbnail","hentry","category-international","tag-guerre"],"yoast_head":"<!-- This site is optimized with the Yoast SEO Premium plugin v27.5 (Yoast SEO v27.5) - https:\/\/yoast.com\/product\/yoast-seo-premium-wordpress\/ -->\n<title>Maroc : Accident entre un avion militaire et des oiseaux. Oiseaux, 1 - Avion, 0<\/title>\n<meta name=\"description\" content=\"Maroc : Accident entre un avion militaire et des oiseaux. Oiseaux, 1 - Avion, 0\" \/>\n<link rel=\"canonical\" href=\"https:\/\/www.webdo.tn\/fr\/actualite\/international\/maroc-accident-entre-un-avion-militaire-et-des-oiseaux-oiseaux-1-avion-0\/183997\/\" \/>\n<meta property=\"og:locale\" content=\"fr_FR\" \/>\n<meta property=\"og:type\" content=\"article\" \/>\n<meta property=\"og:title\" content=\"Maroc : Accident entre un avion militaire et des oiseaux. Oiseaux, 1 - Avion, 0\" \/>\n<meta property=\"og:description\" content=\"Maroc : Accident entre un avion militaire et des oiseaux. Oiseaux, 1 - Avion, 0\" \/>\n<meta property=\"og:url\" content=\"https:\/\/www.webdo.tn\/fr\/actualite\/international\/maroc-accident-entre-un-avion-militaire-et-des-oiseaux-oiseaux-1-avion-0\/183997\/\" \/>\n<meta property=\"og:site_name\" content=\"webdo\" \/>\n<meta property=\"article:publisher\" content=\"https:\/\/www.facebook.com\/webdotn\" \/>\n<meta property=\"article:published_time\" content=\"2015-08-18T21:10:00+00:00\" \/>\n<meta property=\"article:modified_time\" content=\"2025-05-19T10:09:53+00:00\" \/>\n<meta property=\"og:image\" content=\"https:\/\/www.webdo.tn\/fr\/wp-content\/uploads\/2015\/08\/avion-oiseaux-300x199-1.jpg\" \/>\n\t<meta property=\"og:image:width\" content=\"300\" \/>\n\t<meta property=\"og:image:height\" content=\"199\" \/>\n\t<meta property=\"og:image:type\" content=\"image\/jpeg\" \/>\n<meta name=\"author\" content=\"webdo.tn\" \/>\n<meta name=\"twitter:card\" content=\"summary_large_image\" \/>\n<meta name=\"twitter:creator\" content=\"@webdo_tn\" \/>\n<meta name=\"twitter:site\" content=\"@webdo_tn\" \/>\n<meta name=\"twitter:label1\" content=\"\u00c9crit par\" \/>\n\t<meta name=\"twitter:data1\" content=\"webdo.tn\" \/>\n\t<meta name=\"twitter:label2\" content=\"Dur\u00e9e de lecture estim\u00e9e\" \/>\n\t<meta name=\"twitter:data2\" content=\"1 minute\" \/>\n<script type=\"application\/ld+json\" class=\"yoast-schema-graph\">{\"@context\":\"https:\\\/\\\/schema.org\",\"@graph\":[{\"@type\":\"NewsArticle\",\"@id\":\"https:\\\/\\\/www.webdo.tn\\\/fr\\\/actualite\\\/international\\\/maroc-accident-entre-un-avion-militaire-et-des-oiseaux-oiseaux-1-avion-0\\\/183997\\\/#article\",\"isPartOf\":{\"@id\":\"https:\\\/\\\/www.webdo.tn\\\/fr\\\/actualite\\\/international\\\/maroc-accident-entre-un-avion-militaire-et-des-oiseaux-oiseaux-1-avion-0\\\/183997\\\/\"},\"author\":{\"name\":\"webdo.tn\",\"@id\":\"https:\\\/\\\/www.webdo.tn\\\/fr\\\/#\\\/schema\\\/person\\\/9a9c6118d687c117df8ef3cc36a4d175\"},\"headline\":\"Maroc : Accident entre un avion militaire et des oiseaux. Oiseaux, 1 &#8211; Avion, 0\",\"datePublished\":\"2015-08-18T21:10:00+00:00\",\"dateModified\":\"2025-05-19T10:09:53+00:00\",\"mainEntityOfPage\":{\"@id\":\"https:\\\/\\\/www.webdo.tn\\\/fr\\\/actualite\\\/international\\\/maroc-accident-entre-un-avion-militaire-et-des-oiseaux-oiseaux-1-avion-0\\\/183997\\\/\"},\"wordCount\":154,\"commentCount\":0,\"publisher\":{\"@id\":\"https:\\\/\\\/www.webdo.tn\\\/fr\\\/#organization\"},\"image\":{\"@id\":\"https:\\\/\\\/www.webdo.tn\\\/fr\\\/actualite\\\/international\\\/maroc-accident-entre-un-avion-militaire-et-des-oiseaux-oiseaux-1-avion-0\\\/183997\\\/#primaryimage\"},\"thumbnailUrl\":\"https:\\\/\\\/www.webdo.tn\\\/fr\\\/wp-content\\\/uploads\\\/2015\\\/08\\\/avion-oiseaux-300x199-1.jpg\",\"keywords\":[\"guerre\"],\"articleSection\":[\"International\"],\"inLanguage\":\"fr-FR\"},{\"@type\":\"WebPage\",\"@id\":\"https:\\\/\\\/www.webdo.tn\\\/fr\\\/actualite\\\/international\\\/maroc-accident-entre-un-avion-militaire-et-des-oiseaux-oiseaux-1-avion-0\\\/183997\\\/\",\"url\":\"https:\\\/\\\/www.webdo.tn\\\/fr\\\/actualite\\\/international\\\/maroc-accident-entre-un-avion-militaire-et-des-oiseaux-oiseaux-1-avion-0\\\/183997\\\/\",\"name\":\"Maroc : Accident entre un avion militaire et des oiseaux. Oiseaux, 1 - Avion, 0\",\"isPartOf\":{\"@id\":\"https:\\\/\\\/www.webdo.tn\\\/fr\\\/#website\"},\"primaryImageOfPage\":{\"@id\":\"https:\\\/\\\/www.webdo.tn\\\/fr\\\/actualite\\\/international\\\/maroc-accident-entre-un-avion-militaire-et-des-oiseaux-oiseaux-1-avion-0\\\/183997\\\/#primaryimage\"},\"image\":{\"@id\":\"https:\\\/\\\/www.webdo.tn\\\/fr\\\/actualite\\\/international\\\/maroc-accident-entre-un-avion-militaire-et-des-oiseaux-oiseaux-1-avion-0\\\/183997\\\/#primaryimage\"},\"thumbnailUrl\":\"https:\\\/\\\/www.webdo.tn\\\/fr\\\/wp-content\\\/uploads\\\/2015\\\/08\\\/avion-oiseaux-300x199-1.jpg\",\"datePublished\":\"2015-08-18T21:10:00+00:00\",\"dateModified\":\"2025-05-19T10:09:53+00:00\",\"description\":\"Maroc : Accident entre un avion militaire et des oiseaux. Oiseaux, 1 - Avion, 0\",\"breadcrumb\":{\"@id\":\"https:\\\/\\\/www.webdo.tn\\\/fr\\\/actualite\\\/international\\\/maroc-accident-entre-un-avion-militaire-et-des-oiseaux-oiseaux-1-avion-0\\\/183997\\\/#breadcrumb\"},\"inLanguage\":\"fr-FR\",\"potentialAction\":[{\"@type\":\"ReadAction\",\"target\":[\"https:\\\/\\\/www.webdo.tn\\\/fr\\\/actualite\\\/international\\\/maroc-accident-entre-un-avion-militaire-et-des-oiseaux-oiseaux-1-avion-0\\\/183997\\\/\"]}]},{\"@type\":\"ImageObject\",\"inLanguage\":\"fr-FR\",\"@id\":\"https:\\\/\\\/www.webdo.tn\\\/fr\\\/actualite\\\/international\\\/maroc-accident-entre-un-avion-militaire-et-des-oiseaux-oiseaux-1-avion-0\\\/183997\\\/#primaryimage\",\"url\":\"https:\\\/\\\/www.webdo.tn\\\/fr\\\/wp-content\\\/uploads\\\/2015\\\/08\\\/avion-oiseaux-300x199-1.jpg\",\"contentUrl\":\"https:\\\/\\\/www.webdo.tn\\\/fr\\\/wp-content\\\/uploads\\\/2015\\\/08\\\/avion-oiseaux-300x199-1.jpg\",\"width\":300,\"height\":199,\"caption\":\"Maroc : Accident entre un avion militaire et des oiseaux. Oiseaux, 1 - Avion, 0\"},{\"@type\":\"BreadcrumbList\",\"@id\":\"https:\\\/\\\/www.webdo.tn\\\/fr\\\/actualite\\\/international\\\/maroc-accident-entre-un-avion-militaire-et-des-oiseaux-oiseaux-1-avion-0\\\/183997\\\/#breadcrumb\",\"itemListElement\":[{\"@type\":\"ListItem\",\"position\":1,\"name\":\"Accueil\",\"item\":\"https:\\\/\\\/www.webdo.tn\\\/fr\\\/\"},{\"@type\":\"ListItem\",\"position\":2,\"name\":\"Maroc : Accident entre un avion militaire et des oiseaux. Oiseaux, 1 &#8211; Avion, 0\"}]},{\"@type\":\"WebSite\",\"@id\":\"https:\\\/\\\/www.webdo.tn\\\/fr\\\/#website\",\"url\":\"https:\\\/\\\/www.webdo.tn\\\/fr\\\/\",\"name\":\"webdo\",\"description\":\"Tunisie - News en Tunisie et \u00e0 l&#039;international sur Webdo.tn\",\"publisher\":{\"@id\":\"https:\\\/\\\/www.webdo.tn\\\/fr\\\/#organization\"},\"potentialAction\":[{\"@type\":\"SearchAction\",\"target\":{\"@type\":\"EntryPoint\",\"urlTemplate\":\"https:\\\/\\\/www.webdo.tn\\\/fr\\\/?s={search_term_string}\"},\"query-input\":{\"@type\":\"PropertyValueSpecification\",\"valueRequired\":true,\"valueName\":\"search_term_string\"}}],\"inLanguage\":\"fr-FR\"},{\"@type\":\"Organization\",\"@id\":\"https:\\\/\\\/www.webdo.tn\\\/fr\\\/#organization\",\"name\":\"Webdo\",\"alternateName\":\"Webdo.tn\",\"url\":\"https:\\\/\\\/www.webdo.tn\\\/fr\\\/\",\"logo\":{\"@type\":\"ImageObject\",\"inLanguage\":\"fr-FR\",\"@id\":\"https:\\\/\\\/www.webdo.tn\\\/fr\\\/#\\\/schema\\\/logo\\\/image\\\/\",\"url\":\"https:\\\/\\\/www.webdo.tn\\\/fr\\\/wp-content\\\/uploads\\\/2025\\\/06\\\/Webdo-Tunisie_168377.jpg\",\"contentUrl\":\"https:\\\/\\\/www.webdo.tn\\\/fr\\\/wp-content\\\/uploads\\\/2025\\\/06\\\/Webdo-Tunisie_168377.jpg\",\"width\":301,\"height\":301,\"caption\":\"Webdo\"},\"image\":{\"@id\":\"https:\\\/\\\/www.webdo.tn\\\/fr\\\/#\\\/schema\\\/logo\\\/image\\\/\"},\"sameAs\":[\"https:\\\/\\\/www.facebook.com\\\/webdotn\",\"https:\\\/\\\/x.com\\\/webdo_tn\"],\"description\":\"Webdo est un m\u00e9dia num\u00e9rique tunisien fond\u00e9 en 2010, sp\u00e9cialis\u00e9 dans l\u2019actualit\u00e9 nationale et internationale, l\u2019\u00e9conomie, la soci\u00e9t\u00e9 et les analyses politiques. Le site s\u2019adresse \u00e0 un large public francophone et couvre l\u2019information tunisienne en temps r\u00e9el.\",\"email\":\"redac@webdo.tn\",\"legalName\":\"YNJ SARL\",\"foundingDate\":\"2010-09-06\",\"numberOfEmployees\":{\"@type\":\"QuantitativeValue\",\"minValue\":\"11\",\"maxValue\":\"50\"}},{\"@type\":\"Person\",\"@id\":\"https:\\\/\\\/www.webdo.tn\\\/fr\\\/#\\\/schema\\\/person\\\/9a9c6118d687c117df8ef3cc36a4d175\",\"name\":\"webdo.tn\",\"image\":{\"@type\":\"ImageObject\",\"inLanguage\":\"fr-FR\",\"@id\":\"https:\\\/\\\/secure.gravatar.com\\\/avatar\\\/7ce1f28c0c3bbac99ff550b85ef8e44a6950c6ee24514fb6a5489e51d06f0298?s=96&d=mm&r=g\",\"url\":\"https:\\\/\\\/secure.gravatar.com\\\/avatar\\\/7ce1f28c0c3bbac99ff550b85ef8e44a6950c6ee24514fb6a5489e51d06f0298?s=96&d=mm&r=g\",\"contentUrl\":\"https:\\\/\\\/secure.gravatar.com\\\/avatar\\\/7ce1f28c0c3bbac99ff550b85ef8e44a6950c6ee24514fb6a5489e51d06f0298?s=96&d=mm&r=g\",\"caption\":\"webdo.tn\"},\"url\":\"https:\\\/\\\/www.webdo.tn\\\/fr\\\/actualite\\\/author\\\/webdotn\\\/\"}]}<\/script>\n<!-- \/ Yoast SEO Premium plugin. -->","yoast_head_json":{"title":"Maroc : Accident entre un avion militaire et des oiseaux. Oiseaux, 1 - Avion, 0","description":"Maroc : Accident entre un avion militaire et des oiseaux. Oiseaux, 1 - Avion, 0","canonical":"https:\/\/www.webdo.tn\/fr\/actualite\/international\/maroc-accident-entre-un-avion-militaire-et-des-oiseaux-oiseaux-1-avion-0\/183997\/","og_locale":"fr_FR","og_type":"article","og_title":"Maroc : Accident entre un avion militaire et des oiseaux. Oiseaux, 1 - Avion, 0","og_description":"Maroc : Accident entre un avion militaire et des oiseaux. Oiseaux, 1 - Avion, 0","og_url":"https:\/\/www.webdo.tn\/fr\/actualite\/international\/maroc-accident-entre-un-avion-militaire-et-des-oiseaux-oiseaux-1-avion-0\/183997\/","og_site_name":"webdo","article_publisher":"https:\/\/www.facebook.com\/webdotn","article_published_time":"2015-08-18T21:10:00+00:00","article_modified_time":"2025-05-19T10:09:53+00:00","og_image":[{"width":300,"height":199,"url":"https:\/\/www.webdo.tn\/fr\/wp-content\/uploads\/2015\/08\/avion-oiseaux-300x199-1.jpg","type":"image\/jpeg"}],"author":"webdo.tn","twitter_card":"summary_large_image","twitter_creator":"@webdo_tn","twitter_site":"@webdo_tn","twitter_misc":{"\u00c9crit par":"webdo.tn","Dur\u00e9e de lecture estim\u00e9e":"1 minute"},"schema":{"@context":"https:\/\/schema.org","@graph":[{"@type":"NewsArticle","@id":"https:\/\/www.webdo.tn\/fr\/actualite\/international\/maroc-accident-entre-un-avion-militaire-et-des-oiseaux-oiseaux-1-avion-0\/183997\/#article","isPartOf":{"@id":"https:\/\/www.webdo.tn\/fr\/actualite\/international\/maroc-accident-entre-un-avion-militaire-et-des-oiseaux-oiseaux-1-avion-0\/183997\/"},"author":{"name":"webdo.tn","@id":"https:\/\/www.webdo.tn\/fr\/#\/schema\/person\/9a9c6118d687c117df8ef3cc36a4d175"},"headline":"Maroc : Accident entre un avion militaire et des oiseaux. Oiseaux, 1 &#8211; Avion, 0","datePublished":"2015-08-18T21:10:00+00:00","dateModified":"2025-05-19T10:09:53+00:00","mainEntityOfPage":{"@id":"https:\/\/www.webdo.tn\/fr\/actualite\/international\/maroc-accident-entre-un-avion-militaire-et-des-oiseaux-oiseaux-1-avion-0\/183997\/"},"wordCount":154,"commentCount":0,"publisher":{"@id":"https:\/\/www.webdo.tn\/fr\/#organization"},"image":{"@id":"https:\/\/www.webdo.tn\/fr\/actualite\/international\/maroc-accident-entre-un-avion-militaire-et-des-oiseaux-oiseaux-1-avion-0\/183997\/#primaryimage"},"thumbnailUrl":"https:\/\/www.webdo.tn\/fr\/wp-content\/uploads\/2015\/08\/avion-oiseaux-300x199-1.jpg","keywords":["guerre"],"articleSection":["International"],"inLanguage":"fr-FR"},{"@type":"WebPage","@id":"https:\/\/www.webdo.tn\/fr\/actualite\/international\/maroc-accident-entre-un-avion-militaire-et-des-oiseaux-oiseaux-1-avion-0\/183997\/","url":"https:\/\/www.webdo.tn\/fr\/actualite\/international\/maroc-accident-entre-un-avion-militaire-et-des-oiseaux-oiseaux-1-avion-0\/183997\/","name":"Maroc : Accident entre un avion militaire et des oiseaux. Oiseaux, 1 - Avion, 0","isPartOf":{"@id":"https:\/\/www.webdo.tn\/fr\/#website"},"primaryImageOfPage":{"@id":"https:\/\/www.webdo.tn\/fr\/actualite\/international\/maroc-accident-entre-un-avion-militaire-et-des-oiseaux-oiseaux-1-avion-0\/183997\/#primaryimage"},"image":{"@id":"https:\/\/www.webdo.tn\/fr\/actualite\/international\/maroc-accident-entre-un-avion-militaire-et-des-oiseaux-oiseaux-1-avion-0\/183997\/#primaryimage"},"thumbnailUrl":"https:\/\/www.webdo.tn\/fr\/wp-content\/uploads\/2015\/08\/avion-oiseaux-300x199-1.jpg","datePublished":"2015-08-18T21:10:00+00:00","dateModified":"2025-05-19T10:09:53+00:00","description":"Maroc : Accident entre un avion militaire et des oiseaux. Oiseaux, 1 - Avion, 0","breadcrumb":{"@id":"https:\/\/www.webdo.tn\/fr\/actualite\/international\/maroc-accident-entre-un-avion-militaire-et-des-oiseaux-oiseaux-1-avion-0\/183997\/#breadcrumb"},"inLanguage":"fr-FR","potentialAction":[{"@type":"ReadAction","target":["https:\/\/www.webdo.tn\/fr\/actualite\/international\/maroc-accident-entre-un-avion-militaire-et-des-oiseaux-oiseaux-1-avion-0\/183997\/"]}]},{"@type":"ImageObject","inLanguage":"fr-FR","@id":"https:\/\/www.webdo.tn\/fr\/actualite\/international\/maroc-accident-entre-un-avion-militaire-et-des-oiseaux-oiseaux-1-avion-0\/183997\/#primaryimage","url":"https:\/\/www.webdo.tn\/fr\/wp-content\/uploads\/2015\/08\/avion-oiseaux-300x199-1.jpg","contentUrl":"https:\/\/www.webdo.tn\/fr\/wp-content\/uploads\/2015\/08\/avion-oiseaux-300x199-1.jpg","width":300,"height":199,"caption":"Maroc : Accident entre un avion militaire et des oiseaux. Oiseaux, 1 - Avion, 0"},{"@type":"BreadcrumbList","@id":"https:\/\/www.webdo.tn\/fr\/actualite\/international\/maroc-accident-entre-un-avion-militaire-et-des-oiseaux-oiseaux-1-avion-0\/183997\/#breadcrumb","itemListElement":[{"@type":"ListItem","position":1,"name":"Accueil","item":"https:\/\/www.webdo.tn\/fr\/"},{"@type":"ListItem","position":2,"name":"Maroc : Accident entre un avion militaire et des oiseaux. Oiseaux, 1 &#8211; Avion, 0"}]},{"@type":"WebSite","@id":"https:\/\/www.webdo.tn\/fr\/#website","url":"https:\/\/www.webdo.tn\/fr\/","name":"webdo","description":"Tunisie - News en Tunisie et \u00e0 l&#039;international sur Webdo.tn","publisher":{"@id":"https:\/\/www.webdo.tn\/fr\/#organization"},"potentialAction":[{"@type":"SearchAction","target":{"@type":"EntryPoint","urlTemplate":"https:\/\/www.webdo.tn\/fr\/?s={search_term_string}"},"query-input":{"@type":"PropertyValueSpecification","valueRequired":true,"valueName":"search_term_string"}}],"inLanguage":"fr-FR"},{"@type":"Organization","@id":"https:\/\/www.webdo.tn\/fr\/#organization","name":"Webdo","alternateName":"Webdo.tn","url":"https:\/\/www.webdo.tn\/fr\/","logo":{"@type":"ImageObject","inLanguage":"fr-FR","@id":"https:\/\/www.webdo.tn\/fr\/#\/schema\/logo\/image\/","url":"https:\/\/www.webdo.tn\/fr\/wp-content\/uploads\/2025\/06\/Webdo-Tunisie_168377.jpg","contentUrl":"https:\/\/www.webdo.tn\/fr\/wp-content\/uploads\/2025\/06\/Webdo-Tunisie_168377.jpg","width":301,"height":301,"caption":"Webdo"},"image":{"@id":"https:\/\/www.webdo.tn\/fr\/#\/schema\/logo\/image\/"},"sameAs":["https:\/\/www.facebook.com\/webdotn","https:\/\/x.com\/webdo_tn"],"description":"Webdo est un m\u00e9dia num\u00e9rique tunisien fond\u00e9 en 2010, sp\u00e9cialis\u00e9 dans l\u2019actualit\u00e9 nationale et internationale, l\u2019\u00e9conomie, la soci\u00e9t\u00e9 et les analyses politiques. Le site s\u2019adresse \u00e0 un large public francophone et couvre l\u2019information tunisienne en temps r\u00e9el.","email":"redac@webdo.tn","legalName":"YNJ SARL","foundingDate":"2010-09-06","numberOfEmployees":{"@type":"QuantitativeValue","minValue":"11","maxValue":"50"}},{"@type":"Person","@id":"https:\/\/www.webdo.tn\/fr\/#\/schema\/person\/9a9c6118d687c117df8ef3cc36a4d175","name":"webdo.tn","image":{"@type":"ImageObject","inLanguage":"fr-FR","@id":"https:\/\/secure.gravatar.com\/avatar\/7ce1f28c0c3bbac99ff550b85ef8e44a6950c6ee24514fb6a5489e51d06f0298?s=96&d=mm&r=g","url":"https:\/\/secure.gravatar.com\/avatar\/7ce1f28c0c3bbac99ff550b85ef8e44a6950c6ee24514fb6a5489e51d06f0298?s=96&d=mm&r=g","contentUrl":"https:\/\/secure.gravatar.com\/avatar\/7ce1f28c0c3bbac99ff550b85ef8e44a6950c6ee24514fb6a5489e51d06f0298?s=96&d=mm&r=g","caption":"webdo.tn"},"url":"https:\/\/www.webdo.tn\/fr\/actualite\/author\/webdotn\/"}]}},"_links":{"self":[{"href":"https:\/\/www.webdo.tn\/fr\/wp-json\/wp\/v2\/posts\/183997","targetHints":{"allow":["GET"]}}],"collection":[{"href":"https:\/\/www.webdo.tn\/fr\/wp-json\/wp\/v2\/posts"}],"about":[{"href":"https:\/\/www.webdo.tn\/fr\/wp-json\/wp\/v2\/types\/post"}],"author":[{"embeddable":true,"href":"https:\/\/www.webdo.tn\/fr\/wp-json\/wp\/v2\/users\/3222"}],"replies":[{"embeddable":true,"href":"https:\/\/www.webdo.tn\/fr\/wp-json\/wp\/v2\/comments?post=183997"}],"version-history":[{"count":0,"href":"https:\/\/www.webdo.tn\/fr\/wp-json\/wp\/v2\/posts\/183997\/revisions"}],"wp:featuredmedia":[{"embeddable":true,"href":"https:\/\/www.webdo.tn\/fr\/wp-json\/wp\/v2\/media\/317485"}],"wp:attachment":[{"href":"https:\/\/www.webdo.tn\/fr\/wp-json\/wp\/v2\/media?parent=183997"}],"wp:term":[{"taxonomy":"category","embeddable":true,"href":"https:\/\/www.webdo.tn\/fr\/wp-json\/wp\/v2\/categories?post=183997"},{"taxonomy":"post_tag","embeddable":true,"href":"https:\/\/www.webdo.tn\/fr\/wp-json\/wp\/v2\/tags?post=183997"}],"curies":[{"name":"wp","href":"https:\/\/api.w.org\/{rel}","templated":true}]}}