{"id":183996,"date":"2015-08-19T13:45:00","date_gmt":"2015-08-19T13:45:00","guid":{"rendered":"https:\/\/www.webdo.tn\/fr\/actualite\/blog\/turquie-fusillade-a-istanbul-pres-des-bureaux-du-premier-ministre\/183996\/"},"modified":"2025-05-22T12:52:32","modified_gmt":"2025-05-22T12:52:32","slug":"turquie-fusillade-a-istanbul-pres-des-bureaux-du-premier-ministre","status":"publish","type":"post","link":"https:\/\/www.webdo.tn\/fr\/actualite\/international\/turquie-fusillade-a-istanbul-pres-des-bureaux-du-premier-ministre\/183996\/","title":{"rendered":"Turquie : Fusillade \u00e0 Istanbul, pr\u00e8s des bureaux du Premier ministre"},"content":{"rendered":"<p>Des coups de feu ont \u00e9t\u00e9 entendus ce mercredi 19 ao\u00fbt \u00e0 Istanbul, en Turquie, pr\u00e8s du Palais de Dolmabah\u00e7e, tr\u00e8s fr\u00e9quent\u00e9 par les touristes et qui h\u00e9berge \u00e9galement les bureaux du Premier ministre.<\/p>\n<p>Des ambulances ont \u00e9t\u00e9 envoy\u00e9es sur les lieux de la fusillade, qui n&rsquo;a pas fait de victimes, et la police turque dit avoir arr\u00eat\u00e9 deux hommes arm\u00e9s.<\/p>\n<p>Selon l&rsquo;agence de presse turque Dogan, les assaillants auraient tir\u00e9 sur les policiers qui gardaient le palais.<\/p>\n","protected":false},"excerpt":{"rendered":"<p>Turquie : Fusillade \u00e0 Istanbul, pr\u00e8s des bureaux du Premier ministre<\/p>\n","protected":false},"author":3222,"featured_media":351867,"comment_status":"open","ping_status":"closed","sticky":false,"template":"","format":"standard","meta":{"footnotes":""},"categories":[2598],"tags":[],"class_list":["post-183996","post","type-post","status-publish","format-standard","has-post-thumbnail","hentry","category-international"],"yoast_head":"<!-- This site is optimized with the Yoast SEO Premium plugin v27.5 (Yoast SEO v27.5) - https:\/\/yoast.com\/product\/yoast-seo-premium-wordpress\/ -->\n<title>Turquie : Fusillade \u00e0 Istanbul, pr\u00e8s des bureaux du Premier ministre<\/title>\n<meta name=\"description\" content=\"Turquie : Fusillade \u00e0 Istanbul, pr\u00e8s des bureaux du Premier ministre\" \/>\n<link rel=\"canonical\" href=\"https:\/\/www.webdo.tn\/fr\/actualite\/international\/turquie-fusillade-a-istanbul-pres-des-bureaux-du-premier-ministre\/183996\/\" \/>\n<meta property=\"og:locale\" content=\"fr_FR\" \/>\n<meta property=\"og:type\" content=\"article\" \/>\n<meta property=\"og:title\" content=\"Turquie : Fusillade \u00e0 Istanbul, pr\u00e8s des bureaux du Premier ministre\" \/>\n<meta property=\"og:description\" content=\"Turquie : Fusillade \u00e0 Istanbul, pr\u00e8s des bureaux du Premier ministre\" \/>\n<meta property=\"og:url\" content=\"https:\/\/www.webdo.tn\/fr\/actualite\/international\/turquie-fusillade-a-istanbul-pres-des-bureaux-du-premier-ministre\/183996\/\" \/>\n<meta property=\"og:site_name\" content=\"webdo\" \/>\n<meta property=\"article:publisher\" content=\"https:\/\/www.facebook.com\/webdotn\" \/>\n<meta property=\"article:published_time\" content=\"2015-08-19T13:45:00+00:00\" \/>\n<meta property=\"article:modified_time\" content=\"2025-05-22T12:52:32+00:00\" \/>\n<meta property=\"og:image\" content=\"https:\/\/www.webdo.tn\/fr\/wp-content\/uploads\/2015\/08\/palais-dolmabahce-e1439988119141.jpg\" \/>\n\t<meta property=\"og:image:width\" content=\"600\" \/>\n\t<meta property=\"og:image:height\" content=\"400\" \/>\n\t<meta property=\"og:image:type\" content=\"image\/jpeg\" \/>\n<meta name=\"author\" content=\"webdo.tn\" \/>\n<meta name=\"twitter:card\" content=\"summary_large_image\" \/>\n<meta name=\"twitter:creator\" content=\"@webdo_tn\" \/>\n<meta name=\"twitter:site\" content=\"@webdo_tn\" \/>\n<meta name=\"twitter:label1\" content=\"\u00c9crit par\" \/>\n\t<meta name=\"twitter:data1\" content=\"webdo.tn\" \/>\n<script type=\"application\/ld+json\" class=\"yoast-schema-graph\">{\"@context\":\"https:\\\/\\\/schema.org\",\"@graph\":[{\"@type\":\"NewsArticle\",\"@id\":\"https:\\\/\\\/www.webdo.tn\\\/fr\\\/actualite\\\/international\\\/turquie-fusillade-a-istanbul-pres-des-bureaux-du-premier-ministre\\\/183996\\\/#article\",\"isPartOf\":{\"@id\":\"https:\\\/\\\/www.webdo.tn\\\/fr\\\/actualite\\\/international\\\/turquie-fusillade-a-istanbul-pres-des-bureaux-du-premier-ministre\\\/183996\\\/\"},\"author\":{\"name\":\"webdo.tn\",\"@id\":\"https:\\\/\\\/www.webdo.tn\\\/fr\\\/#\\\/schema\\\/person\\\/9a9c6118d687c117df8ef3cc36a4d175\"},\"headline\":\"Turquie : Fusillade \u00e0 Istanbul, pr\u00e8s des bureaux du Premier ministre\",\"datePublished\":\"2015-08-19T13:45:00+00:00\",\"dateModified\":\"2025-05-22T12:52:32+00:00\",\"mainEntityOfPage\":{\"@id\":\"https:\\\/\\\/www.webdo.tn\\\/fr\\\/actualite\\\/international\\\/turquie-fusillade-a-istanbul-pres-des-bureaux-du-premier-ministre\\\/183996\\\/\"},\"wordCount\":97,\"commentCount\":0,\"publisher\":{\"@id\":\"https:\\\/\\\/www.webdo.tn\\\/fr\\\/#organization\"},\"image\":{\"@id\":\"https:\\\/\\\/www.webdo.tn\\\/fr\\\/actualite\\\/international\\\/turquie-fusillade-a-istanbul-pres-des-bureaux-du-premier-ministre\\\/183996\\\/#primaryimage\"},\"thumbnailUrl\":\"https:\\\/\\\/www.webdo.tn\\\/fr\\\/wp-content\\\/uploads\\\/2015\\\/08\\\/palais-dolmabahce-e1439988119141.jpg\",\"articleSection\":[\"International\"],\"inLanguage\":\"fr-FR\"},{\"@type\":\"WebPage\",\"@id\":\"https:\\\/\\\/www.webdo.tn\\\/fr\\\/actualite\\\/international\\\/turquie-fusillade-a-istanbul-pres-des-bureaux-du-premier-ministre\\\/183996\\\/\",\"url\":\"https:\\\/\\\/www.webdo.tn\\\/fr\\\/actualite\\\/international\\\/turquie-fusillade-a-istanbul-pres-des-bureaux-du-premier-ministre\\\/183996\\\/\",\"name\":\"Turquie : Fusillade \u00e0 Istanbul, pr\u00e8s des bureaux du Premier ministre\",\"isPartOf\":{\"@id\":\"https:\\\/\\\/www.webdo.tn\\\/fr\\\/#website\"},\"primaryImageOfPage\":{\"@id\":\"https:\\\/\\\/www.webdo.tn\\\/fr\\\/actualite\\\/international\\\/turquie-fusillade-a-istanbul-pres-des-bureaux-du-premier-ministre\\\/183996\\\/#primaryimage\"},\"image\":{\"@id\":\"https:\\\/\\\/www.webdo.tn\\\/fr\\\/actualite\\\/international\\\/turquie-fusillade-a-istanbul-pres-des-bureaux-du-premier-ministre\\\/183996\\\/#primaryimage\"},\"thumbnailUrl\":\"https:\\\/\\\/www.webdo.tn\\\/fr\\\/wp-content\\\/uploads\\\/2015\\\/08\\\/palais-dolmabahce-e1439988119141.jpg\",\"datePublished\":\"2015-08-19T13:45:00+00:00\",\"dateModified\":\"2025-05-22T12:52:32+00:00\",\"description\":\"Turquie : Fusillade \u00e0 Istanbul, pr\u00e8s des bureaux du Premier ministre\",\"breadcrumb\":{\"@id\":\"https:\\\/\\\/www.webdo.tn\\\/fr\\\/actualite\\\/international\\\/turquie-fusillade-a-istanbul-pres-des-bureaux-du-premier-ministre\\\/183996\\\/#breadcrumb\"},\"inLanguage\":\"fr-FR\",\"potentialAction\":[{\"@type\":\"ReadAction\",\"target\":[\"https:\\\/\\\/www.webdo.tn\\\/fr\\\/actualite\\\/international\\\/turquie-fusillade-a-istanbul-pres-des-bureaux-du-premier-ministre\\\/183996\\\/\"]}]},{\"@type\":\"ImageObject\",\"inLanguage\":\"fr-FR\",\"@id\":\"https:\\\/\\\/www.webdo.tn\\\/fr\\\/actualite\\\/international\\\/turquie-fusillade-a-istanbul-pres-des-bureaux-du-premier-ministre\\\/183996\\\/#primaryimage\",\"url\":\"https:\\\/\\\/www.webdo.tn\\\/fr\\\/wp-content\\\/uploads\\\/2015\\\/08\\\/palais-dolmabahce-e1439988119141.jpg\",\"contentUrl\":\"https:\\\/\\\/www.webdo.tn\\\/fr\\\/wp-content\\\/uploads\\\/2015\\\/08\\\/palais-dolmabahce-e1439988119141.jpg\",\"width\":600,\"height\":400,\"caption\":\"Turquie : Fusillade \u00e0 Istanbul, pr\u00e8s des bureaux du Premier ministre\"},{\"@type\":\"BreadcrumbList\",\"@id\":\"https:\\\/\\\/www.webdo.tn\\\/fr\\\/actualite\\\/international\\\/turquie-fusillade-a-istanbul-pres-des-bureaux-du-premier-ministre\\\/183996\\\/#breadcrumb\",\"itemListElement\":[{\"@type\":\"ListItem\",\"position\":1,\"name\":\"Accueil\",\"item\":\"https:\\\/\\\/www.webdo.tn\\\/fr\\\/\"},{\"@type\":\"ListItem\",\"position\":2,\"name\":\"Turquie : Fusillade \u00e0 Istanbul, pr\u00e8s des bureaux du Premier ministre\"}]},{\"@type\":\"WebSite\",\"@id\":\"https:\\\/\\\/www.webdo.tn\\\/fr\\\/#website\",\"url\":\"https:\\\/\\\/www.webdo.tn\\\/fr\\\/\",\"name\":\"webdo\",\"description\":\"Tunisie - News en Tunisie et \u00e0 l&#039;international sur Webdo.tn\",\"publisher\":{\"@id\":\"https:\\\/\\\/www.webdo.tn\\\/fr\\\/#organization\"},\"potentialAction\":[{\"@type\":\"SearchAction\",\"target\":{\"@type\":\"EntryPoint\",\"urlTemplate\":\"https:\\\/\\\/www.webdo.tn\\\/fr\\\/?s={search_term_string}\"},\"query-input\":{\"@type\":\"PropertyValueSpecification\",\"valueRequired\":true,\"valueName\":\"search_term_string\"}}],\"inLanguage\":\"fr-FR\"},{\"@type\":\"Organization\",\"@id\":\"https:\\\/\\\/www.webdo.tn\\\/fr\\\/#organization\",\"name\":\"Webdo\",\"alternateName\":\"Webdo.tn\",\"url\":\"https:\\\/\\\/www.webdo.tn\\\/fr\\\/\",\"logo\":{\"@type\":\"ImageObject\",\"inLanguage\":\"fr-FR\",\"@id\":\"https:\\\/\\\/www.webdo.tn\\\/fr\\\/#\\\/schema\\\/logo\\\/image\\\/\",\"url\":\"https:\\\/\\\/www.webdo.tn\\\/fr\\\/wp-content\\\/uploads\\\/2025\\\/06\\\/Webdo-Tunisie_168377.jpg\",\"contentUrl\":\"https:\\\/\\\/www.webdo.tn\\\/fr\\\/wp-content\\\/uploads\\\/2025\\\/06\\\/Webdo-Tunisie_168377.jpg\",\"width\":301,\"height\":301,\"caption\":\"Webdo\"},\"image\":{\"@id\":\"https:\\\/\\\/www.webdo.tn\\\/fr\\\/#\\\/schema\\\/logo\\\/image\\\/\"},\"sameAs\":[\"https:\\\/\\\/www.facebook.com\\\/webdotn\",\"https:\\\/\\\/x.com\\\/webdo_tn\"],\"description\":\"Webdo est un m\u00e9dia num\u00e9rique tunisien fond\u00e9 en 2010, sp\u00e9cialis\u00e9 dans l\u2019actualit\u00e9 nationale et internationale, l\u2019\u00e9conomie, la soci\u00e9t\u00e9 et les analyses politiques. Le site s\u2019adresse \u00e0 un large public francophone et couvre l\u2019information tunisienne en temps r\u00e9el.\",\"email\":\"redac@webdo.tn\",\"legalName\":\"YNJ SARL\",\"foundingDate\":\"2010-09-06\",\"numberOfEmployees\":{\"@type\":\"QuantitativeValue\",\"minValue\":\"11\",\"maxValue\":\"50\"}},{\"@type\":\"Person\",\"@id\":\"https:\\\/\\\/www.webdo.tn\\\/fr\\\/#\\\/schema\\\/person\\\/9a9c6118d687c117df8ef3cc36a4d175\",\"name\":\"webdo.tn\",\"image\":{\"@type\":\"ImageObject\",\"inLanguage\":\"fr-FR\",\"@id\":\"https:\\\/\\\/secure.gravatar.com\\\/avatar\\\/7ce1f28c0c3bbac99ff550b85ef8e44a6950c6ee24514fb6a5489e51d06f0298?s=96&d=mm&r=g\",\"url\":\"https:\\\/\\\/secure.gravatar.com\\\/avatar\\\/7ce1f28c0c3bbac99ff550b85ef8e44a6950c6ee24514fb6a5489e51d06f0298?s=96&d=mm&r=g\",\"contentUrl\":\"https:\\\/\\\/secure.gravatar.com\\\/avatar\\\/7ce1f28c0c3bbac99ff550b85ef8e44a6950c6ee24514fb6a5489e51d06f0298?s=96&d=mm&r=g\",\"caption\":\"webdo.tn\"},\"url\":\"https:\\\/\\\/www.webdo.tn\\\/fr\\\/actualite\\\/author\\\/webdotn\\\/\"}]}<\/script>\n<!-- \/ Yoast SEO Premium plugin. -->","yoast_head_json":{"title":"Turquie : Fusillade \u00e0 Istanbul, pr\u00e8s des bureaux du Premier ministre","description":"Turquie : Fusillade \u00e0 Istanbul, pr\u00e8s des bureaux du Premier ministre","canonical":"https:\/\/www.webdo.tn\/fr\/actualite\/international\/turquie-fusillade-a-istanbul-pres-des-bureaux-du-premier-ministre\/183996\/","og_locale":"fr_FR","og_type":"article","og_title":"Turquie : Fusillade \u00e0 Istanbul, pr\u00e8s des bureaux du Premier ministre","og_description":"Turquie : Fusillade \u00e0 Istanbul, pr\u00e8s des bureaux du Premier ministre","og_url":"https:\/\/www.webdo.tn\/fr\/actualite\/international\/turquie-fusillade-a-istanbul-pres-des-bureaux-du-premier-ministre\/183996\/","og_site_name":"webdo","article_publisher":"https:\/\/www.facebook.com\/webdotn","article_published_time":"2015-08-19T13:45:00+00:00","article_modified_time":"2025-05-22T12:52:32+00:00","og_image":[{"width":600,"height":400,"url":"https:\/\/www.webdo.tn\/fr\/wp-content\/uploads\/2015\/08\/palais-dolmabahce-e1439988119141.jpg","type":"image\/jpeg"}],"author":"webdo.tn","twitter_card":"summary_large_image","twitter_creator":"@webdo_tn","twitter_site":"@webdo_tn","twitter_misc":{"\u00c9crit par":"webdo.tn"},"schema":{"@context":"https:\/\/schema.org","@graph":[{"@type":"NewsArticle","@id":"https:\/\/www.webdo.tn\/fr\/actualite\/international\/turquie-fusillade-a-istanbul-pres-des-bureaux-du-premier-ministre\/183996\/#article","isPartOf":{"@id":"https:\/\/www.webdo.tn\/fr\/actualite\/international\/turquie-fusillade-a-istanbul-pres-des-bureaux-du-premier-ministre\/183996\/"},"author":{"name":"webdo.tn","@id":"https:\/\/www.webdo.tn\/fr\/#\/schema\/person\/9a9c6118d687c117df8ef3cc36a4d175"},"headline":"Turquie : Fusillade \u00e0 Istanbul, pr\u00e8s des bureaux du Premier ministre","datePublished":"2015-08-19T13:45:00+00:00","dateModified":"2025-05-22T12:52:32+00:00","mainEntityOfPage":{"@id":"https:\/\/www.webdo.tn\/fr\/actualite\/international\/turquie-fusillade-a-istanbul-pres-des-bureaux-du-premier-ministre\/183996\/"},"wordCount":97,"commentCount":0,"publisher":{"@id":"https:\/\/www.webdo.tn\/fr\/#organization"},"image":{"@id":"https:\/\/www.webdo.tn\/fr\/actualite\/international\/turquie-fusillade-a-istanbul-pres-des-bureaux-du-premier-ministre\/183996\/#primaryimage"},"thumbnailUrl":"https:\/\/www.webdo.tn\/fr\/wp-content\/uploads\/2015\/08\/palais-dolmabahce-e1439988119141.jpg","articleSection":["International"],"inLanguage":"fr-FR"},{"@type":"WebPage","@id":"https:\/\/www.webdo.tn\/fr\/actualite\/international\/turquie-fusillade-a-istanbul-pres-des-bureaux-du-premier-ministre\/183996\/","url":"https:\/\/www.webdo.tn\/fr\/actualite\/international\/turquie-fusillade-a-istanbul-pres-des-bureaux-du-premier-ministre\/183996\/","name":"Turquie : Fusillade \u00e0 Istanbul, pr\u00e8s des bureaux du Premier ministre","isPartOf":{"@id":"https:\/\/www.webdo.tn\/fr\/#website"},"primaryImageOfPage":{"@id":"https:\/\/www.webdo.tn\/fr\/actualite\/international\/turquie-fusillade-a-istanbul-pres-des-bureaux-du-premier-ministre\/183996\/#primaryimage"},"image":{"@id":"https:\/\/www.webdo.tn\/fr\/actualite\/international\/turquie-fusillade-a-istanbul-pres-des-bureaux-du-premier-ministre\/183996\/#primaryimage"},"thumbnailUrl":"https:\/\/www.webdo.tn\/fr\/wp-content\/uploads\/2015\/08\/palais-dolmabahce-e1439988119141.jpg","datePublished":"2015-08-19T13:45:00+00:00","dateModified":"2025-05-22T12:52:32+00:00","description":"Turquie : Fusillade \u00e0 Istanbul, pr\u00e8s des bureaux du Premier ministre","breadcrumb":{"@id":"https:\/\/www.webdo.tn\/fr\/actualite\/international\/turquie-fusillade-a-istanbul-pres-des-bureaux-du-premier-ministre\/183996\/#breadcrumb"},"inLanguage":"fr-FR","potentialAction":[{"@type":"ReadAction","target":["https:\/\/www.webdo.tn\/fr\/actualite\/international\/turquie-fusillade-a-istanbul-pres-des-bureaux-du-premier-ministre\/183996\/"]}]},{"@type":"ImageObject","inLanguage":"fr-FR","@id":"https:\/\/www.webdo.tn\/fr\/actualite\/international\/turquie-fusillade-a-istanbul-pres-des-bureaux-du-premier-ministre\/183996\/#primaryimage","url":"https:\/\/www.webdo.tn\/fr\/wp-content\/uploads\/2015\/08\/palais-dolmabahce-e1439988119141.jpg","contentUrl":"https:\/\/www.webdo.tn\/fr\/wp-content\/uploads\/2015\/08\/palais-dolmabahce-e1439988119141.jpg","width":600,"height":400,"caption":"Turquie : Fusillade \u00e0 Istanbul, pr\u00e8s des bureaux du Premier ministre"},{"@type":"BreadcrumbList","@id":"https:\/\/www.webdo.tn\/fr\/actualite\/international\/turquie-fusillade-a-istanbul-pres-des-bureaux-du-premier-ministre\/183996\/#breadcrumb","itemListElement":[{"@type":"ListItem","position":1,"name":"Accueil","item":"https:\/\/www.webdo.tn\/fr\/"},{"@type":"ListItem","position":2,"name":"Turquie : Fusillade \u00e0 Istanbul, pr\u00e8s des bureaux du Premier ministre"}]},{"@type":"WebSite","@id":"https:\/\/www.webdo.tn\/fr\/#website","url":"https:\/\/www.webdo.tn\/fr\/","name":"webdo","description":"Tunisie - News en Tunisie et \u00e0 l&#039;international sur Webdo.tn","publisher":{"@id":"https:\/\/www.webdo.tn\/fr\/#organization"},"potentialAction":[{"@type":"SearchAction","target":{"@type":"EntryPoint","urlTemplate":"https:\/\/www.webdo.tn\/fr\/?s={search_term_string}"},"query-input":{"@type":"PropertyValueSpecification","valueRequired":true,"valueName":"search_term_string"}}],"inLanguage":"fr-FR"},{"@type":"Organization","@id":"https:\/\/www.webdo.tn\/fr\/#organization","name":"Webdo","alternateName":"Webdo.tn","url":"https:\/\/www.webdo.tn\/fr\/","logo":{"@type":"ImageObject","inLanguage":"fr-FR","@id":"https:\/\/www.webdo.tn\/fr\/#\/schema\/logo\/image\/","url":"https:\/\/www.webdo.tn\/fr\/wp-content\/uploads\/2025\/06\/Webdo-Tunisie_168377.jpg","contentUrl":"https:\/\/www.webdo.tn\/fr\/wp-content\/uploads\/2025\/06\/Webdo-Tunisie_168377.jpg","width":301,"height":301,"caption":"Webdo"},"image":{"@id":"https:\/\/www.webdo.tn\/fr\/#\/schema\/logo\/image\/"},"sameAs":["https:\/\/www.facebook.com\/webdotn","https:\/\/x.com\/webdo_tn"],"description":"Webdo est un m\u00e9dia num\u00e9rique tunisien fond\u00e9 en 2010, sp\u00e9cialis\u00e9 dans l\u2019actualit\u00e9 nationale et internationale, l\u2019\u00e9conomie, la soci\u00e9t\u00e9 et les analyses politiques. Le site s\u2019adresse \u00e0 un large public francophone et couvre l\u2019information tunisienne en temps r\u00e9el.","email":"redac@webdo.tn","legalName":"YNJ SARL","foundingDate":"2010-09-06","numberOfEmployees":{"@type":"QuantitativeValue","minValue":"11","maxValue":"50"}},{"@type":"Person","@id":"https:\/\/www.webdo.tn\/fr\/#\/schema\/person\/9a9c6118d687c117df8ef3cc36a4d175","name":"webdo.tn","image":{"@type":"ImageObject","inLanguage":"fr-FR","@id":"https:\/\/secure.gravatar.com\/avatar\/7ce1f28c0c3bbac99ff550b85ef8e44a6950c6ee24514fb6a5489e51d06f0298?s=96&d=mm&r=g","url":"https:\/\/secure.gravatar.com\/avatar\/7ce1f28c0c3bbac99ff550b85ef8e44a6950c6ee24514fb6a5489e51d06f0298?s=96&d=mm&r=g","contentUrl":"https:\/\/secure.gravatar.com\/avatar\/7ce1f28c0c3bbac99ff550b85ef8e44a6950c6ee24514fb6a5489e51d06f0298?s=96&d=mm&r=g","caption":"webdo.tn"},"url":"https:\/\/www.webdo.tn\/fr\/actualite\/author\/webdotn\/"}]}},"_links":{"self":[{"href":"https:\/\/www.webdo.tn\/fr\/wp-json\/wp\/v2\/posts\/183996","targetHints":{"allow":["GET"]}}],"collection":[{"href":"https:\/\/www.webdo.tn\/fr\/wp-json\/wp\/v2\/posts"}],"about":[{"href":"https:\/\/www.webdo.tn\/fr\/wp-json\/wp\/v2\/types\/post"}],"author":[{"embeddable":true,"href":"https:\/\/www.webdo.tn\/fr\/wp-json\/wp\/v2\/users\/3222"}],"replies":[{"embeddable":true,"href":"https:\/\/www.webdo.tn\/fr\/wp-json\/wp\/v2\/comments?post=183996"}],"version-history":[{"count":0,"href":"https:\/\/www.webdo.tn\/fr\/wp-json\/wp\/v2\/posts\/183996\/revisions"}],"wp:featuredmedia":[{"embeddable":true,"href":"https:\/\/www.webdo.tn\/fr\/wp-json\/wp\/v2\/media\/351867"}],"wp:attachment":[{"href":"https:\/\/www.webdo.tn\/fr\/wp-json\/wp\/v2\/media?parent=183996"}],"wp:term":[{"taxonomy":"category","embeddable":true,"href":"https:\/\/www.webdo.tn\/fr\/wp-json\/wp\/v2\/categories?post=183996"},{"taxonomy":"post_tag","embeddable":true,"href":"https:\/\/www.webdo.tn\/fr\/wp-json\/wp\/v2\/tags?post=183996"}],"curies":[{"name":"wp","href":"https:\/\/api.w.org\/{rel}","templated":true}]}}