{"id":183995,"date":"2015-08-19T14:23:00","date_gmt":"2015-08-19T14:23:00","guid":{"rendered":"https:\/\/www.webdo.tn\/fr\/actualite\/blog\/huit-soldats-tues-dans-un-attentat-a-la-bombe-dans-le-sud-est-de-la-turquie\/183995\/"},"modified":"2025-05-22T12:52:33","modified_gmt":"2025-05-22T12:52:33","slug":"huit-soldats-tues-dans-un-attentat-a-la-bombe-dans-le-sud-est-de-la-turquie","status":"publish","type":"post","link":"https:\/\/www.webdo.tn\/fr\/actualite\/international\/huit-soldats-tues-dans-un-attentat-a-la-bombe-dans-le-sud-est-de-la-turquie\/183995\/","title":{"rendered":"Huit soldats tu\u00e9s dans un attentat \u00e0 la bombe dans le sud-est de la Turquie"},"content":{"rendered":"<p>L&rsquo;agence de presse officielle turque, Anadolu, a annonc\u00e9 la mort d&rsquo;au moins huit soldats ce mercredi 19 ao\u00fbt apr\u00e8s un attentat \u00e0 la bombe dans le sud-est du pays. La bombe aurait explos\u00e9 sur une autoroute au passage du v\u00e9hicule transportant les militaires.<\/p>\n<p>L&rsquo;attaque, qui a eu lieu dans la province de Siirt, majoritairement kurde, est attribu\u00e9e par l&rsquo;agence pro-gouvernementale aux rebelles du Parti des travailleurs du Kurdistan (PKK), interdit en Turquie.<\/p>\n<p>Elle intervient alors que la Turquie conna\u00eet un regain de violences depuis le mois de juillet, avec des affrontements entre les membres du PKK et les forces de s\u00e9curit\u00e9, qui ont d\u00e9j\u00e0 fait plusieurs dizaines de morts, principalement des soldats et des policiers.<\/p>\n","protected":false},"excerpt":{"rendered":"<p>Huit soldats tu\u00e9s dans un attentat \u00e0 la bombe dans le sud-est de la Turquie<\/p>\n","protected":false},"author":3222,"featured_media":351868,"comment_status":"open","ping_status":"closed","sticky":false,"template":"","format":"standard","meta":{"footnotes":""},"categories":[2598],"tags":[],"class_list":["post-183995","post","type-post","status-publish","format-standard","has-post-thumbnail","hentry","category-international"],"yoast_head":"<!-- This site is optimized with the Yoast SEO Premium plugin v27.5 (Yoast SEO v27.5) - https:\/\/yoast.com\/product\/yoast-seo-premium-wordpress\/ -->\n<title>Huit soldats tu\u00e9s dans un attentat \u00e0 la bombe dans le sud-est de la Turquie<\/title>\n<meta name=\"description\" content=\"Huit soldats tu\u00e9s dans un attentat \u00e0 la bombe dans le sud-est de la Turquie\" \/>\n<link rel=\"canonical\" href=\"https:\/\/www.webdo.tn\/fr\/actualite\/international\/huit-soldats-tues-dans-un-attentat-a-la-bombe-dans-le-sud-est-de-la-turquie\/183995\/\" \/>\n<meta property=\"og:locale\" content=\"fr_FR\" \/>\n<meta property=\"og:type\" content=\"article\" \/>\n<meta property=\"og:title\" content=\"Huit soldats tu\u00e9s dans un attentat \u00e0 la bombe dans le sud-est de la Turquie\" \/>\n<meta property=\"og:description\" content=\"Huit soldats tu\u00e9s dans un attentat \u00e0 la bombe dans le sud-est de la Turquie\" \/>\n<meta property=\"og:url\" content=\"https:\/\/www.webdo.tn\/fr\/actualite\/international\/huit-soldats-tues-dans-un-attentat-a-la-bombe-dans-le-sud-est-de-la-turquie\/183995\/\" \/>\n<meta property=\"og:site_name\" content=\"webdo\" \/>\n<meta property=\"article:publisher\" content=\"https:\/\/www.facebook.com\/webdotn\" \/>\n<meta property=\"article:published_time\" content=\"2015-08-19T14:23:00+00:00\" \/>\n<meta property=\"article:modified_time\" content=\"2025-05-22T12:52:33+00:00\" \/>\n<meta property=\"og:image\" content=\"https:\/\/www.webdo.tn\/fr\/wp-content\/uploads\/2015\/08\/turquie-e1439295156364.png\" \/>\n\t<meta property=\"og:image:width\" content=\"600\" \/>\n\t<meta property=\"og:image:height\" content=\"305\" \/>\n\t<meta property=\"og:image:type\" content=\"image\/png\" \/>\n<meta name=\"author\" content=\"webdo.tn\" \/>\n<meta name=\"twitter:card\" content=\"summary_large_image\" \/>\n<meta name=\"twitter:creator\" content=\"@webdo_tn\" \/>\n<meta name=\"twitter:site\" content=\"@webdo_tn\" \/>\n<meta name=\"twitter:label1\" content=\"\u00c9crit par\" \/>\n\t<meta name=\"twitter:data1\" content=\"webdo.tn\" \/>\n\t<meta name=\"twitter:label2\" content=\"Dur\u00e9e de lecture estim\u00e9e\" \/>\n\t<meta name=\"twitter:data2\" content=\"1 minute\" \/>\n<script type=\"application\/ld+json\" class=\"yoast-schema-graph\">{\"@context\":\"https:\\\/\\\/schema.org\",\"@graph\":[{\"@type\":\"NewsArticle\",\"@id\":\"https:\\\/\\\/www.webdo.tn\\\/fr\\\/actualite\\\/international\\\/huit-soldats-tues-dans-un-attentat-a-la-bombe-dans-le-sud-est-de-la-turquie\\\/183995\\\/#article\",\"isPartOf\":{\"@id\":\"https:\\\/\\\/www.webdo.tn\\\/fr\\\/actualite\\\/international\\\/huit-soldats-tues-dans-un-attentat-a-la-bombe-dans-le-sud-est-de-la-turquie\\\/183995\\\/\"},\"author\":{\"name\":\"webdo.tn\",\"@id\":\"https:\\\/\\\/www.webdo.tn\\\/fr\\\/#\\\/schema\\\/person\\\/9a9c6118d687c117df8ef3cc36a4d175\"},\"headline\":\"Huit soldats tu\u00e9s dans un attentat \u00e0 la bombe dans le sud-est de la Turquie\",\"datePublished\":\"2015-08-19T14:23:00+00:00\",\"dateModified\":\"2025-05-22T12:52:33+00:00\",\"mainEntityOfPage\":{\"@id\":\"https:\\\/\\\/www.webdo.tn\\\/fr\\\/actualite\\\/international\\\/huit-soldats-tues-dans-un-attentat-a-la-bombe-dans-le-sud-est-de-la-turquie\\\/183995\\\/\"},\"wordCount\":139,\"commentCount\":0,\"publisher\":{\"@id\":\"https:\\\/\\\/www.webdo.tn\\\/fr\\\/#organization\"},\"image\":{\"@id\":\"https:\\\/\\\/www.webdo.tn\\\/fr\\\/actualite\\\/international\\\/huit-soldats-tues-dans-un-attentat-a-la-bombe-dans-le-sud-est-de-la-turquie\\\/183995\\\/#primaryimage\"},\"thumbnailUrl\":\"https:\\\/\\\/www.webdo.tn\\\/fr\\\/wp-content\\\/uploads\\\/2015\\\/08\\\/turquie-e1439295156364.png\",\"articleSection\":[\"International\"],\"inLanguage\":\"fr-FR\"},{\"@type\":\"WebPage\",\"@id\":\"https:\\\/\\\/www.webdo.tn\\\/fr\\\/actualite\\\/international\\\/huit-soldats-tues-dans-un-attentat-a-la-bombe-dans-le-sud-est-de-la-turquie\\\/183995\\\/\",\"url\":\"https:\\\/\\\/www.webdo.tn\\\/fr\\\/actualite\\\/international\\\/huit-soldats-tues-dans-un-attentat-a-la-bombe-dans-le-sud-est-de-la-turquie\\\/183995\\\/\",\"name\":\"Huit soldats tu\u00e9s dans un attentat \u00e0 la bombe dans le sud-est de la Turquie\",\"isPartOf\":{\"@id\":\"https:\\\/\\\/www.webdo.tn\\\/fr\\\/#website\"},\"primaryImageOfPage\":{\"@id\":\"https:\\\/\\\/www.webdo.tn\\\/fr\\\/actualite\\\/international\\\/huit-soldats-tues-dans-un-attentat-a-la-bombe-dans-le-sud-est-de-la-turquie\\\/183995\\\/#primaryimage\"},\"image\":{\"@id\":\"https:\\\/\\\/www.webdo.tn\\\/fr\\\/actualite\\\/international\\\/huit-soldats-tues-dans-un-attentat-a-la-bombe-dans-le-sud-est-de-la-turquie\\\/183995\\\/#primaryimage\"},\"thumbnailUrl\":\"https:\\\/\\\/www.webdo.tn\\\/fr\\\/wp-content\\\/uploads\\\/2015\\\/08\\\/turquie-e1439295156364.png\",\"datePublished\":\"2015-08-19T14:23:00+00:00\",\"dateModified\":\"2025-05-22T12:52:33+00:00\",\"description\":\"Huit soldats tu\u00e9s dans un attentat \u00e0 la bombe dans le sud-est de la Turquie\",\"breadcrumb\":{\"@id\":\"https:\\\/\\\/www.webdo.tn\\\/fr\\\/actualite\\\/international\\\/huit-soldats-tues-dans-un-attentat-a-la-bombe-dans-le-sud-est-de-la-turquie\\\/183995\\\/#breadcrumb\"},\"inLanguage\":\"fr-FR\",\"potentialAction\":[{\"@type\":\"ReadAction\",\"target\":[\"https:\\\/\\\/www.webdo.tn\\\/fr\\\/actualite\\\/international\\\/huit-soldats-tues-dans-un-attentat-a-la-bombe-dans-le-sud-est-de-la-turquie\\\/183995\\\/\"]}]},{\"@type\":\"ImageObject\",\"inLanguage\":\"fr-FR\",\"@id\":\"https:\\\/\\\/www.webdo.tn\\\/fr\\\/actualite\\\/international\\\/huit-soldats-tues-dans-un-attentat-a-la-bombe-dans-le-sud-est-de-la-turquie\\\/183995\\\/#primaryimage\",\"url\":\"https:\\\/\\\/www.webdo.tn\\\/fr\\\/wp-content\\\/uploads\\\/2015\\\/08\\\/turquie-e1439295156364.png\",\"contentUrl\":\"https:\\\/\\\/www.webdo.tn\\\/fr\\\/wp-content\\\/uploads\\\/2015\\\/08\\\/turquie-e1439295156364.png\",\"width\":600,\"height\":305,\"caption\":\"Huit soldats tu\u00e9s dans un attentat \u00e0 la bombe dans le sud-est de la Turquie\"},{\"@type\":\"BreadcrumbList\",\"@id\":\"https:\\\/\\\/www.webdo.tn\\\/fr\\\/actualite\\\/international\\\/huit-soldats-tues-dans-un-attentat-a-la-bombe-dans-le-sud-est-de-la-turquie\\\/183995\\\/#breadcrumb\",\"itemListElement\":[{\"@type\":\"ListItem\",\"position\":1,\"name\":\"Accueil\",\"item\":\"https:\\\/\\\/www.webdo.tn\\\/fr\\\/\"},{\"@type\":\"ListItem\",\"position\":2,\"name\":\"Huit soldats tu\u00e9s dans un attentat \u00e0 la bombe dans le sud-est de la Turquie\"}]},{\"@type\":\"WebSite\",\"@id\":\"https:\\\/\\\/www.webdo.tn\\\/fr\\\/#website\",\"url\":\"https:\\\/\\\/www.webdo.tn\\\/fr\\\/\",\"name\":\"webdo\",\"description\":\"Tunisie - News en Tunisie et \u00e0 l&#039;international sur Webdo.tn\",\"publisher\":{\"@id\":\"https:\\\/\\\/www.webdo.tn\\\/fr\\\/#organization\"},\"potentialAction\":[{\"@type\":\"SearchAction\",\"target\":{\"@type\":\"EntryPoint\",\"urlTemplate\":\"https:\\\/\\\/www.webdo.tn\\\/fr\\\/?s={search_term_string}\"},\"query-input\":{\"@type\":\"PropertyValueSpecification\",\"valueRequired\":true,\"valueName\":\"search_term_string\"}}],\"inLanguage\":\"fr-FR\"},{\"@type\":\"Organization\",\"@id\":\"https:\\\/\\\/www.webdo.tn\\\/fr\\\/#organization\",\"name\":\"Webdo\",\"alternateName\":\"Webdo.tn\",\"url\":\"https:\\\/\\\/www.webdo.tn\\\/fr\\\/\",\"logo\":{\"@type\":\"ImageObject\",\"inLanguage\":\"fr-FR\",\"@id\":\"https:\\\/\\\/www.webdo.tn\\\/fr\\\/#\\\/schema\\\/logo\\\/image\\\/\",\"url\":\"https:\\\/\\\/www.webdo.tn\\\/fr\\\/wp-content\\\/uploads\\\/2025\\\/06\\\/Webdo-Tunisie_168377.jpg\",\"contentUrl\":\"https:\\\/\\\/www.webdo.tn\\\/fr\\\/wp-content\\\/uploads\\\/2025\\\/06\\\/Webdo-Tunisie_168377.jpg\",\"width\":301,\"height\":301,\"caption\":\"Webdo\"},\"image\":{\"@id\":\"https:\\\/\\\/www.webdo.tn\\\/fr\\\/#\\\/schema\\\/logo\\\/image\\\/\"},\"sameAs\":[\"https:\\\/\\\/www.facebook.com\\\/webdotn\",\"https:\\\/\\\/x.com\\\/webdo_tn\"],\"description\":\"Webdo est un m\u00e9dia num\u00e9rique tunisien fond\u00e9 en 2010, sp\u00e9cialis\u00e9 dans l\u2019actualit\u00e9 nationale et internationale, l\u2019\u00e9conomie, la soci\u00e9t\u00e9 et les analyses politiques. Le site s\u2019adresse \u00e0 un large public francophone et couvre l\u2019information tunisienne en temps r\u00e9el.\",\"email\":\"redac@webdo.tn\",\"legalName\":\"YNJ SARL\",\"foundingDate\":\"2010-09-06\",\"numberOfEmployees\":{\"@type\":\"QuantitativeValue\",\"minValue\":\"11\",\"maxValue\":\"50\"}},{\"@type\":\"Person\",\"@id\":\"https:\\\/\\\/www.webdo.tn\\\/fr\\\/#\\\/schema\\\/person\\\/9a9c6118d687c117df8ef3cc36a4d175\",\"name\":\"webdo.tn\",\"image\":{\"@type\":\"ImageObject\",\"inLanguage\":\"fr-FR\",\"@id\":\"https:\\\/\\\/secure.gravatar.com\\\/avatar\\\/7ce1f28c0c3bbac99ff550b85ef8e44a6950c6ee24514fb6a5489e51d06f0298?s=96&d=mm&r=g\",\"url\":\"https:\\\/\\\/secure.gravatar.com\\\/avatar\\\/7ce1f28c0c3bbac99ff550b85ef8e44a6950c6ee24514fb6a5489e51d06f0298?s=96&d=mm&r=g\",\"contentUrl\":\"https:\\\/\\\/secure.gravatar.com\\\/avatar\\\/7ce1f28c0c3bbac99ff550b85ef8e44a6950c6ee24514fb6a5489e51d06f0298?s=96&d=mm&r=g\",\"caption\":\"webdo.tn\"},\"url\":\"https:\\\/\\\/www.webdo.tn\\\/fr\\\/actualite\\\/author\\\/webdotn\\\/\"}]}<\/script>\n<!-- \/ Yoast SEO Premium plugin. -->","yoast_head_json":{"title":"Huit soldats tu\u00e9s dans un attentat \u00e0 la bombe dans le sud-est de la Turquie","description":"Huit soldats tu\u00e9s dans un attentat \u00e0 la bombe dans le sud-est de la Turquie","canonical":"https:\/\/www.webdo.tn\/fr\/actualite\/international\/huit-soldats-tues-dans-un-attentat-a-la-bombe-dans-le-sud-est-de-la-turquie\/183995\/","og_locale":"fr_FR","og_type":"article","og_title":"Huit soldats tu\u00e9s dans un attentat \u00e0 la bombe dans le sud-est de la Turquie","og_description":"Huit soldats tu\u00e9s dans un attentat \u00e0 la bombe dans le sud-est de la Turquie","og_url":"https:\/\/www.webdo.tn\/fr\/actualite\/international\/huit-soldats-tues-dans-un-attentat-a-la-bombe-dans-le-sud-est-de-la-turquie\/183995\/","og_site_name":"webdo","article_publisher":"https:\/\/www.facebook.com\/webdotn","article_published_time":"2015-08-19T14:23:00+00:00","article_modified_time":"2025-05-22T12:52:33+00:00","og_image":[{"width":600,"height":305,"url":"https:\/\/www.webdo.tn\/fr\/wp-content\/uploads\/2015\/08\/turquie-e1439295156364.png","type":"image\/png"}],"author":"webdo.tn","twitter_card":"summary_large_image","twitter_creator":"@webdo_tn","twitter_site":"@webdo_tn","twitter_misc":{"\u00c9crit par":"webdo.tn","Dur\u00e9e de lecture estim\u00e9e":"1 minute"},"schema":{"@context":"https:\/\/schema.org","@graph":[{"@type":"NewsArticle","@id":"https:\/\/www.webdo.tn\/fr\/actualite\/international\/huit-soldats-tues-dans-un-attentat-a-la-bombe-dans-le-sud-est-de-la-turquie\/183995\/#article","isPartOf":{"@id":"https:\/\/www.webdo.tn\/fr\/actualite\/international\/huit-soldats-tues-dans-un-attentat-a-la-bombe-dans-le-sud-est-de-la-turquie\/183995\/"},"author":{"name":"webdo.tn","@id":"https:\/\/www.webdo.tn\/fr\/#\/schema\/person\/9a9c6118d687c117df8ef3cc36a4d175"},"headline":"Huit soldats tu\u00e9s dans un attentat \u00e0 la bombe dans le sud-est de la Turquie","datePublished":"2015-08-19T14:23:00+00:00","dateModified":"2025-05-22T12:52:33+00:00","mainEntityOfPage":{"@id":"https:\/\/www.webdo.tn\/fr\/actualite\/international\/huit-soldats-tues-dans-un-attentat-a-la-bombe-dans-le-sud-est-de-la-turquie\/183995\/"},"wordCount":139,"commentCount":0,"publisher":{"@id":"https:\/\/www.webdo.tn\/fr\/#organization"},"image":{"@id":"https:\/\/www.webdo.tn\/fr\/actualite\/international\/huit-soldats-tues-dans-un-attentat-a-la-bombe-dans-le-sud-est-de-la-turquie\/183995\/#primaryimage"},"thumbnailUrl":"https:\/\/www.webdo.tn\/fr\/wp-content\/uploads\/2015\/08\/turquie-e1439295156364.png","articleSection":["International"],"inLanguage":"fr-FR"},{"@type":"WebPage","@id":"https:\/\/www.webdo.tn\/fr\/actualite\/international\/huit-soldats-tues-dans-un-attentat-a-la-bombe-dans-le-sud-est-de-la-turquie\/183995\/","url":"https:\/\/www.webdo.tn\/fr\/actualite\/international\/huit-soldats-tues-dans-un-attentat-a-la-bombe-dans-le-sud-est-de-la-turquie\/183995\/","name":"Huit soldats tu\u00e9s dans un attentat \u00e0 la bombe dans le sud-est de la Turquie","isPartOf":{"@id":"https:\/\/www.webdo.tn\/fr\/#website"},"primaryImageOfPage":{"@id":"https:\/\/www.webdo.tn\/fr\/actualite\/international\/huit-soldats-tues-dans-un-attentat-a-la-bombe-dans-le-sud-est-de-la-turquie\/183995\/#primaryimage"},"image":{"@id":"https:\/\/www.webdo.tn\/fr\/actualite\/international\/huit-soldats-tues-dans-un-attentat-a-la-bombe-dans-le-sud-est-de-la-turquie\/183995\/#primaryimage"},"thumbnailUrl":"https:\/\/www.webdo.tn\/fr\/wp-content\/uploads\/2015\/08\/turquie-e1439295156364.png","datePublished":"2015-08-19T14:23:00+00:00","dateModified":"2025-05-22T12:52:33+00:00","description":"Huit soldats tu\u00e9s dans un attentat \u00e0 la bombe dans le sud-est de la Turquie","breadcrumb":{"@id":"https:\/\/www.webdo.tn\/fr\/actualite\/international\/huit-soldats-tues-dans-un-attentat-a-la-bombe-dans-le-sud-est-de-la-turquie\/183995\/#breadcrumb"},"inLanguage":"fr-FR","potentialAction":[{"@type":"ReadAction","target":["https:\/\/www.webdo.tn\/fr\/actualite\/international\/huit-soldats-tues-dans-un-attentat-a-la-bombe-dans-le-sud-est-de-la-turquie\/183995\/"]}]},{"@type":"ImageObject","inLanguage":"fr-FR","@id":"https:\/\/www.webdo.tn\/fr\/actualite\/international\/huit-soldats-tues-dans-un-attentat-a-la-bombe-dans-le-sud-est-de-la-turquie\/183995\/#primaryimage","url":"https:\/\/www.webdo.tn\/fr\/wp-content\/uploads\/2015\/08\/turquie-e1439295156364.png","contentUrl":"https:\/\/www.webdo.tn\/fr\/wp-content\/uploads\/2015\/08\/turquie-e1439295156364.png","width":600,"height":305,"caption":"Huit soldats tu\u00e9s dans un attentat \u00e0 la bombe dans le sud-est de la Turquie"},{"@type":"BreadcrumbList","@id":"https:\/\/www.webdo.tn\/fr\/actualite\/international\/huit-soldats-tues-dans-un-attentat-a-la-bombe-dans-le-sud-est-de-la-turquie\/183995\/#breadcrumb","itemListElement":[{"@type":"ListItem","position":1,"name":"Accueil","item":"https:\/\/www.webdo.tn\/fr\/"},{"@type":"ListItem","position":2,"name":"Huit soldats tu\u00e9s dans un attentat \u00e0 la bombe dans le sud-est de la Turquie"}]},{"@type":"WebSite","@id":"https:\/\/www.webdo.tn\/fr\/#website","url":"https:\/\/www.webdo.tn\/fr\/","name":"webdo","description":"Tunisie - News en Tunisie et \u00e0 l&#039;international sur Webdo.tn","publisher":{"@id":"https:\/\/www.webdo.tn\/fr\/#organization"},"potentialAction":[{"@type":"SearchAction","target":{"@type":"EntryPoint","urlTemplate":"https:\/\/www.webdo.tn\/fr\/?s={search_term_string}"},"query-input":{"@type":"PropertyValueSpecification","valueRequired":true,"valueName":"search_term_string"}}],"inLanguage":"fr-FR"},{"@type":"Organization","@id":"https:\/\/www.webdo.tn\/fr\/#organization","name":"Webdo","alternateName":"Webdo.tn","url":"https:\/\/www.webdo.tn\/fr\/","logo":{"@type":"ImageObject","inLanguage":"fr-FR","@id":"https:\/\/www.webdo.tn\/fr\/#\/schema\/logo\/image\/","url":"https:\/\/www.webdo.tn\/fr\/wp-content\/uploads\/2025\/06\/Webdo-Tunisie_168377.jpg","contentUrl":"https:\/\/www.webdo.tn\/fr\/wp-content\/uploads\/2025\/06\/Webdo-Tunisie_168377.jpg","width":301,"height":301,"caption":"Webdo"},"image":{"@id":"https:\/\/www.webdo.tn\/fr\/#\/schema\/logo\/image\/"},"sameAs":["https:\/\/www.facebook.com\/webdotn","https:\/\/x.com\/webdo_tn"],"description":"Webdo est un m\u00e9dia num\u00e9rique tunisien fond\u00e9 en 2010, sp\u00e9cialis\u00e9 dans l\u2019actualit\u00e9 nationale et internationale, l\u2019\u00e9conomie, la soci\u00e9t\u00e9 et les analyses politiques. Le site s\u2019adresse \u00e0 un large public francophone et couvre l\u2019information tunisienne en temps r\u00e9el.","email":"redac@webdo.tn","legalName":"YNJ SARL","foundingDate":"2010-09-06","numberOfEmployees":{"@type":"QuantitativeValue","minValue":"11","maxValue":"50"}},{"@type":"Person","@id":"https:\/\/www.webdo.tn\/fr\/#\/schema\/person\/9a9c6118d687c117df8ef3cc36a4d175","name":"webdo.tn","image":{"@type":"ImageObject","inLanguage":"fr-FR","@id":"https:\/\/secure.gravatar.com\/avatar\/7ce1f28c0c3bbac99ff550b85ef8e44a6950c6ee24514fb6a5489e51d06f0298?s=96&d=mm&r=g","url":"https:\/\/secure.gravatar.com\/avatar\/7ce1f28c0c3bbac99ff550b85ef8e44a6950c6ee24514fb6a5489e51d06f0298?s=96&d=mm&r=g","contentUrl":"https:\/\/secure.gravatar.com\/avatar\/7ce1f28c0c3bbac99ff550b85ef8e44a6950c6ee24514fb6a5489e51d06f0298?s=96&d=mm&r=g","caption":"webdo.tn"},"url":"https:\/\/www.webdo.tn\/fr\/actualite\/author\/webdotn\/"}]}},"_links":{"self":[{"href":"https:\/\/www.webdo.tn\/fr\/wp-json\/wp\/v2\/posts\/183995","targetHints":{"allow":["GET"]}}],"collection":[{"href":"https:\/\/www.webdo.tn\/fr\/wp-json\/wp\/v2\/posts"}],"about":[{"href":"https:\/\/www.webdo.tn\/fr\/wp-json\/wp\/v2\/types\/post"}],"author":[{"embeddable":true,"href":"https:\/\/www.webdo.tn\/fr\/wp-json\/wp\/v2\/users\/3222"}],"replies":[{"embeddable":true,"href":"https:\/\/www.webdo.tn\/fr\/wp-json\/wp\/v2\/comments?post=183995"}],"version-history":[{"count":0,"href":"https:\/\/www.webdo.tn\/fr\/wp-json\/wp\/v2\/posts\/183995\/revisions"}],"wp:featuredmedia":[{"embeddable":true,"href":"https:\/\/www.webdo.tn\/fr\/wp-json\/wp\/v2\/media\/351868"}],"wp:attachment":[{"href":"https:\/\/www.webdo.tn\/fr\/wp-json\/wp\/v2\/media?parent=183995"}],"wp:term":[{"taxonomy":"category","embeddable":true,"href":"https:\/\/www.webdo.tn\/fr\/wp-json\/wp\/v2\/categories?post=183995"},{"taxonomy":"post_tag","embeddable":true,"href":"https:\/\/www.webdo.tn\/fr\/wp-json\/wp\/v2\/tags?post=183995"}],"curies":[{"name":"wp","href":"https:\/\/api.w.org\/{rel}","templated":true}]}}