{"id":183991,"date":"2015-08-23T15:19:00","date_gmt":"2015-08-23T15:19:00","guid":{"rendered":"https:\/\/www.webdo.tn\/fr\/blog\/un-blogueur-mauritanien-va-mourir-dans-lindifference-generale\/183991\/"},"modified":"2025-05-18T22:07:26","modified_gmt":"2025-05-18T22:07:26","slug":"un-blogueur-mauritanien-va-mourir-dans-lindifference-generale","status":"publish","type":"post","link":"https:\/\/www.webdo.tn\/fr\/actualite\/international\/un-blogueur-mauritanien-va-mourir-dans-lindifference-generale\/183991\/","title":{"rendered":"Un blogueur mauritanien va mourir dans l&rsquo;indiff\u00e9rence g\u00e9n\u00e9rale"},"content":{"rendered":"<p>Il est \u00e9trange qu&rsquo;entre histoires similaires, certaines soient m\u00e9diatis\u00e9es et d&rsquo;autres restent totalement invisibles au regard de l&rsquo;opinion publique.\u00a0Mohamed Ould Cheikh M&rsquo;Kheitir fait partie de ces invisibles dont personne ne prend la d\u00e9fense, pour qui personne n&rsquo;est \u00ab\u00a0Charlie\u00a0\u00bb et pour qui personne n&rsquo;organise de comit\u00e9 de d\u00e9fense.<\/p>\n<p>Pourtant le seul crime de ce blogueur mauritanien de 30 ans est d&rsquo;avoir\u00a0publi\u00e9 sur son blog\u00a0\u00ab\u00a0Religions et Religiosit\u00e9\u00a0\u00bb, article qui parlait de la diff\u00e9rence que\u00a0le proph\u00e8te Mohamed faisait entre les juifs et les arabes lorsqu&rsquo;il s&rsquo;agissait de traiter les violations de la loi. Selon\u00a0Mohamed Cheikh, le proph\u00e8te \u00e9tait nettement plus indulgent avec son peuple.<\/p>\n<p>Ce qu&rsquo;il voulait avec cet article, c&rsquo;est faire le parall\u00e8le avec la fa\u00e7on dont en Mauritanie on traitait son peuple parce qu&rsquo;ils avaient \u00e9t\u00e9 esclaves et d\u00e9montrer que la religion joue un grand r\u00f4le dans la hi\u00e9rarchisation des classes et la discrimination entre les diverses ethnies.<\/p>\n<p>\u00a0<\/p>\n<p>L&rsquo;article a \u00e9t\u00e9 consid\u00e9r\u00e9 comme un blasph\u00e8me et\u00a0Mohamed Cheikh a \u00e9t\u00e9 arr\u00eat\u00e9. En d\u00e9cembre 2014 il a \u00e9t\u00e9 condamn\u00e9 \u00e0 mort et depuis il est dans le couloir de la mort attendant l\u2019ex\u00e9cution de la sentence. Son avocat d\u00e9nonce des conditions de d\u00e9tention inhumaine ainsi que des actes de torture.<\/p>\n<p>Mohamed Cheikh a \u00e9t\u00e9 jug\u00e9 selon l&rsquo;article 306 du code p\u00e9nal mauritanien:<\/p>\n<p>\u00ab\u00a0Tout Musulman coupable du crime d&rsquo;apostasie, soit par parole, soit par action de fa\u00e7on apparente ou \u00e9vidente, sera invit\u00e9 \u00e0 se repentir dans un d\u00e9lai de trois jours. S&rsquo;il ne se repent pas dans ce d\u00e9lai, il est condamn\u00e9 \u00e0 mort en tant qu&rsquo;apostat, et ses biens seront confisqu\u00e9s au profit du Tr\u00e9sor. S&rsquo;il se repent avant l&rsquo;ex\u00e9cution de cette sentence, le parquet saisira la Cour supr\u00eame, \u00e0 l&rsquo;effet de sa r\u00e9habilitation dans tous ses droits, sans pr\u00e9judice d&rsquo;une peine correctionnelle pr\u00e9vue au 1er paragraphe du pr\u00e9sent article\u00a0\u00bb.<\/p>\n<p>Lors de son jugement, Mohamed Cheikh a pourtant bien fait des excuses \u00e0 la cour pour son texte, expliquant que lui m\u00eame \u00e9tait musulman et faisant la profession de foi (chahada). Cela n&rsquo;a pas fait changer le juge d&rsquo;avis et la sentence de mort a \u00e9t\u00e9 quand m\u00eame prononc\u00e9e,\u00a0en d\u00e9pit de l&rsquo;article de loi.<\/p>\n<p>Source: The independent<\/p>\n","protected":false},"excerpt":{"rendered":"<p>Un blogueur mauritanien va mourir dans l&rsquo;indiff\u00e9rence g\u00e9n\u00e9rale<\/p>\n","protected":false},"author":3222,"featured_media":317454,"comment_status":"open","ping_status":"closed","sticky":false,"template":"","format":"standard","meta":{"footnotes":""},"categories":[2598],"tags":[2600],"class_list":["post-183991","post","type-post","status-publish","format-standard","has-post-thumbnail","hentry","category-international","tag-guerre"],"yoast_head":"<!-- This site is optimized with the Yoast SEO Premium plugin v27.5 (Yoast SEO v27.5) - https:\/\/yoast.com\/product\/yoast-seo-premium-wordpress\/ -->\n<title>Un blogueur mauritanien va mourir dans l&#039;indiff\u00e9rence g\u00e9n\u00e9rale<\/title>\n<meta name=\"description\" content=\"Un blogueur mauritanien va mourir dans l&#039;indiff\u00e9rence g\u00e9n\u00e9rale\" \/>\n<link rel=\"canonical\" href=\"https:\/\/www.webdo.tn\/fr\/actualite\/international\/un-blogueur-mauritanien-va-mourir-dans-lindifference-generale\/183991\/\" \/>\n<meta property=\"og:locale\" content=\"fr_FR\" \/>\n<meta property=\"og:type\" content=\"article\" \/>\n<meta property=\"og:title\" content=\"Un blogueur mauritanien va mourir dans l&#039;indiff\u00e9rence g\u00e9n\u00e9rale\" \/>\n<meta property=\"og:description\" content=\"Un blogueur mauritanien va mourir dans l&#039;indiff\u00e9rence g\u00e9n\u00e9rale\" \/>\n<meta property=\"og:url\" content=\"https:\/\/www.webdo.tn\/fr\/actualite\/international\/un-blogueur-mauritanien-va-mourir-dans-lindifference-generale\/183991\/\" \/>\n<meta property=\"og:site_name\" content=\"webdo\" \/>\n<meta property=\"article:publisher\" content=\"https:\/\/www.facebook.com\/webdotn\" \/>\n<meta property=\"article:published_time\" content=\"2015-08-23T15:19:00+00:00\" \/>\n<meta property=\"article:modified_time\" content=\"2025-05-18T22:07:26+00:00\" \/>\n<meta property=\"og:image\" content=\"https:\/\/www.webdo.tn\/fr\/wp-content\/uploads\/2015\/08\/nouakchott_tribunal-300x247-1.jpg\" \/>\n\t<meta property=\"og:image:width\" content=\"300\" \/>\n\t<meta property=\"og:image:height\" content=\"247\" \/>\n\t<meta property=\"og:image:type\" content=\"image\/jpeg\" \/>\n<meta name=\"author\" content=\"webdo.tn\" \/>\n<meta name=\"twitter:card\" content=\"summary_large_image\" \/>\n<meta name=\"twitter:creator\" content=\"@webdo_tn\" \/>\n<meta name=\"twitter:site\" content=\"@webdo_tn\" \/>\n<meta name=\"twitter:label1\" content=\"\u00c9crit par\" \/>\n\t<meta name=\"twitter:data1\" content=\"webdo.tn\" \/>\n\t<meta name=\"twitter:label2\" content=\"Dur\u00e9e de lecture estim\u00e9e\" \/>\n\t<meta name=\"twitter:data2\" content=\"2 minutes\" \/>\n<script type=\"application\/ld+json\" class=\"yoast-schema-graph\">{\"@context\":\"https:\\\/\\\/schema.org\",\"@graph\":[{\"@type\":\"NewsArticle\",\"@id\":\"https:\\\/\\\/www.webdo.tn\\\/fr\\\/actualite\\\/international\\\/un-blogueur-mauritanien-va-mourir-dans-lindifference-generale\\\/183991\\\/#article\",\"isPartOf\":{\"@id\":\"https:\\\/\\\/www.webdo.tn\\\/fr\\\/actualite\\\/international\\\/un-blogueur-mauritanien-va-mourir-dans-lindifference-generale\\\/183991\\\/\"},\"author\":{\"name\":\"webdo.tn\",\"@id\":\"https:\\\/\\\/www.webdo.tn\\\/fr\\\/#\\\/schema\\\/person\\\/9a9c6118d687c117df8ef3cc36a4d175\"},\"headline\":\"Un blogueur mauritanien va mourir dans l&rsquo;indiff\u00e9rence g\u00e9n\u00e9rale\",\"datePublished\":\"2015-08-23T15:19:00+00:00\",\"dateModified\":\"2025-05-18T22:07:26+00:00\",\"mainEntityOfPage\":{\"@id\":\"https:\\\/\\\/www.webdo.tn\\\/fr\\\/actualite\\\/international\\\/un-blogueur-mauritanien-va-mourir-dans-lindifference-generale\\\/183991\\\/\"},\"wordCount\":425,\"commentCount\":0,\"publisher\":{\"@id\":\"https:\\\/\\\/www.webdo.tn\\\/fr\\\/#organization\"},\"image\":{\"@id\":\"https:\\\/\\\/www.webdo.tn\\\/fr\\\/actualite\\\/international\\\/un-blogueur-mauritanien-va-mourir-dans-lindifference-generale\\\/183991\\\/#primaryimage\"},\"thumbnailUrl\":\"https:\\\/\\\/www.webdo.tn\\\/fr\\\/wp-content\\\/uploads\\\/2015\\\/08\\\/nouakchott_tribunal-300x247-1.jpg\",\"keywords\":[\"guerre\"],\"articleSection\":[\"International\"],\"inLanguage\":\"fr-FR\"},{\"@type\":\"WebPage\",\"@id\":\"https:\\\/\\\/www.webdo.tn\\\/fr\\\/actualite\\\/international\\\/un-blogueur-mauritanien-va-mourir-dans-lindifference-generale\\\/183991\\\/\",\"url\":\"https:\\\/\\\/www.webdo.tn\\\/fr\\\/actualite\\\/international\\\/un-blogueur-mauritanien-va-mourir-dans-lindifference-generale\\\/183991\\\/\",\"name\":\"Un blogueur mauritanien va mourir dans l'indiff\u00e9rence g\u00e9n\u00e9rale\",\"isPartOf\":{\"@id\":\"https:\\\/\\\/www.webdo.tn\\\/fr\\\/#website\"},\"primaryImageOfPage\":{\"@id\":\"https:\\\/\\\/www.webdo.tn\\\/fr\\\/actualite\\\/international\\\/un-blogueur-mauritanien-va-mourir-dans-lindifference-generale\\\/183991\\\/#primaryimage\"},\"image\":{\"@id\":\"https:\\\/\\\/www.webdo.tn\\\/fr\\\/actualite\\\/international\\\/un-blogueur-mauritanien-va-mourir-dans-lindifference-generale\\\/183991\\\/#primaryimage\"},\"thumbnailUrl\":\"https:\\\/\\\/www.webdo.tn\\\/fr\\\/wp-content\\\/uploads\\\/2015\\\/08\\\/nouakchott_tribunal-300x247-1.jpg\",\"datePublished\":\"2015-08-23T15:19:00+00:00\",\"dateModified\":\"2025-05-18T22:07:26+00:00\",\"description\":\"Un blogueur mauritanien va mourir dans l'indiff\u00e9rence g\u00e9n\u00e9rale\",\"breadcrumb\":{\"@id\":\"https:\\\/\\\/www.webdo.tn\\\/fr\\\/actualite\\\/international\\\/un-blogueur-mauritanien-va-mourir-dans-lindifference-generale\\\/183991\\\/#breadcrumb\"},\"inLanguage\":\"fr-FR\",\"potentialAction\":[{\"@type\":\"ReadAction\",\"target\":[\"https:\\\/\\\/www.webdo.tn\\\/fr\\\/actualite\\\/international\\\/un-blogueur-mauritanien-va-mourir-dans-lindifference-generale\\\/183991\\\/\"]}]},{\"@type\":\"ImageObject\",\"inLanguage\":\"fr-FR\",\"@id\":\"https:\\\/\\\/www.webdo.tn\\\/fr\\\/actualite\\\/international\\\/un-blogueur-mauritanien-va-mourir-dans-lindifference-generale\\\/183991\\\/#primaryimage\",\"url\":\"https:\\\/\\\/www.webdo.tn\\\/fr\\\/wp-content\\\/uploads\\\/2015\\\/08\\\/nouakchott_tribunal-300x247-1.jpg\",\"contentUrl\":\"https:\\\/\\\/www.webdo.tn\\\/fr\\\/wp-content\\\/uploads\\\/2015\\\/08\\\/nouakchott_tribunal-300x247-1.jpg\",\"width\":300,\"height\":247,\"caption\":\"Un blogueur mauritanien va mourir dans l'indiff\u00e9rence g\u00e9n\u00e9rale\"},{\"@type\":\"BreadcrumbList\",\"@id\":\"https:\\\/\\\/www.webdo.tn\\\/fr\\\/actualite\\\/international\\\/un-blogueur-mauritanien-va-mourir-dans-lindifference-generale\\\/183991\\\/#breadcrumb\",\"itemListElement\":[{\"@type\":\"ListItem\",\"position\":1,\"name\":\"Accueil\",\"item\":\"https:\\\/\\\/www.webdo.tn\\\/fr\\\/\"},{\"@type\":\"ListItem\",\"position\":2,\"name\":\"Un blogueur mauritanien va mourir dans l&rsquo;indiff\u00e9rence g\u00e9n\u00e9rale\"}]},{\"@type\":\"WebSite\",\"@id\":\"https:\\\/\\\/www.webdo.tn\\\/fr\\\/#website\",\"url\":\"https:\\\/\\\/www.webdo.tn\\\/fr\\\/\",\"name\":\"webdo\",\"description\":\"Tunisie - News en Tunisie et \u00e0 l&#039;international sur Webdo.tn\",\"publisher\":{\"@id\":\"https:\\\/\\\/www.webdo.tn\\\/fr\\\/#organization\"},\"potentialAction\":[{\"@type\":\"SearchAction\",\"target\":{\"@type\":\"EntryPoint\",\"urlTemplate\":\"https:\\\/\\\/www.webdo.tn\\\/fr\\\/?s={search_term_string}\"},\"query-input\":{\"@type\":\"PropertyValueSpecification\",\"valueRequired\":true,\"valueName\":\"search_term_string\"}}],\"inLanguage\":\"fr-FR\"},{\"@type\":\"Organization\",\"@id\":\"https:\\\/\\\/www.webdo.tn\\\/fr\\\/#organization\",\"name\":\"Webdo\",\"alternateName\":\"Webdo.tn\",\"url\":\"https:\\\/\\\/www.webdo.tn\\\/fr\\\/\",\"logo\":{\"@type\":\"ImageObject\",\"inLanguage\":\"fr-FR\",\"@id\":\"https:\\\/\\\/www.webdo.tn\\\/fr\\\/#\\\/schema\\\/logo\\\/image\\\/\",\"url\":\"https:\\\/\\\/www.webdo.tn\\\/fr\\\/wp-content\\\/uploads\\\/2025\\\/06\\\/Webdo-Tunisie_168377.jpg\",\"contentUrl\":\"https:\\\/\\\/www.webdo.tn\\\/fr\\\/wp-content\\\/uploads\\\/2025\\\/06\\\/Webdo-Tunisie_168377.jpg\",\"width\":301,\"height\":301,\"caption\":\"Webdo\"},\"image\":{\"@id\":\"https:\\\/\\\/www.webdo.tn\\\/fr\\\/#\\\/schema\\\/logo\\\/image\\\/\"},\"sameAs\":[\"https:\\\/\\\/www.facebook.com\\\/webdotn\",\"https:\\\/\\\/x.com\\\/webdo_tn\"],\"description\":\"Webdo est un m\u00e9dia num\u00e9rique tunisien fond\u00e9 en 2010, sp\u00e9cialis\u00e9 dans l\u2019actualit\u00e9 nationale et internationale, l\u2019\u00e9conomie, la soci\u00e9t\u00e9 et les analyses politiques. Le site s\u2019adresse \u00e0 un large public francophone et couvre l\u2019information tunisienne en temps r\u00e9el.\",\"email\":\"redac@webdo.tn\",\"legalName\":\"YNJ SARL\",\"foundingDate\":\"2010-09-06\",\"numberOfEmployees\":{\"@type\":\"QuantitativeValue\",\"minValue\":\"11\",\"maxValue\":\"50\"}},{\"@type\":\"Person\",\"@id\":\"https:\\\/\\\/www.webdo.tn\\\/fr\\\/#\\\/schema\\\/person\\\/9a9c6118d687c117df8ef3cc36a4d175\",\"name\":\"webdo.tn\",\"image\":{\"@type\":\"ImageObject\",\"inLanguage\":\"fr-FR\",\"@id\":\"https:\\\/\\\/secure.gravatar.com\\\/avatar\\\/7ce1f28c0c3bbac99ff550b85ef8e44a6950c6ee24514fb6a5489e51d06f0298?s=96&d=mm&r=g\",\"url\":\"https:\\\/\\\/secure.gravatar.com\\\/avatar\\\/7ce1f28c0c3bbac99ff550b85ef8e44a6950c6ee24514fb6a5489e51d06f0298?s=96&d=mm&r=g\",\"contentUrl\":\"https:\\\/\\\/secure.gravatar.com\\\/avatar\\\/7ce1f28c0c3bbac99ff550b85ef8e44a6950c6ee24514fb6a5489e51d06f0298?s=96&d=mm&r=g\",\"caption\":\"webdo.tn\"},\"url\":\"https:\\\/\\\/www.webdo.tn\\\/fr\\\/actualite\\\/author\\\/webdotn\\\/\"}]}<\/script>\n<!-- \/ Yoast SEO Premium plugin. -->","yoast_head_json":{"title":"Un blogueur mauritanien va mourir dans l'indiff\u00e9rence g\u00e9n\u00e9rale","description":"Un blogueur mauritanien va mourir dans l'indiff\u00e9rence g\u00e9n\u00e9rale","canonical":"https:\/\/www.webdo.tn\/fr\/actualite\/international\/un-blogueur-mauritanien-va-mourir-dans-lindifference-generale\/183991\/","og_locale":"fr_FR","og_type":"article","og_title":"Un blogueur mauritanien va mourir dans l'indiff\u00e9rence g\u00e9n\u00e9rale","og_description":"Un blogueur mauritanien va mourir dans l'indiff\u00e9rence g\u00e9n\u00e9rale","og_url":"https:\/\/www.webdo.tn\/fr\/actualite\/international\/un-blogueur-mauritanien-va-mourir-dans-lindifference-generale\/183991\/","og_site_name":"webdo","article_publisher":"https:\/\/www.facebook.com\/webdotn","article_published_time":"2015-08-23T15:19:00+00:00","article_modified_time":"2025-05-18T22:07:26+00:00","og_image":[{"width":300,"height":247,"url":"https:\/\/www.webdo.tn\/fr\/wp-content\/uploads\/2015\/08\/nouakchott_tribunal-300x247-1.jpg","type":"image\/jpeg"}],"author":"webdo.tn","twitter_card":"summary_large_image","twitter_creator":"@webdo_tn","twitter_site":"@webdo_tn","twitter_misc":{"\u00c9crit par":"webdo.tn","Dur\u00e9e de lecture estim\u00e9e":"2 minutes"},"schema":{"@context":"https:\/\/schema.org","@graph":[{"@type":"NewsArticle","@id":"https:\/\/www.webdo.tn\/fr\/actualite\/international\/un-blogueur-mauritanien-va-mourir-dans-lindifference-generale\/183991\/#article","isPartOf":{"@id":"https:\/\/www.webdo.tn\/fr\/actualite\/international\/un-blogueur-mauritanien-va-mourir-dans-lindifference-generale\/183991\/"},"author":{"name":"webdo.tn","@id":"https:\/\/www.webdo.tn\/fr\/#\/schema\/person\/9a9c6118d687c117df8ef3cc36a4d175"},"headline":"Un blogueur mauritanien va mourir dans l&rsquo;indiff\u00e9rence g\u00e9n\u00e9rale","datePublished":"2015-08-23T15:19:00+00:00","dateModified":"2025-05-18T22:07:26+00:00","mainEntityOfPage":{"@id":"https:\/\/www.webdo.tn\/fr\/actualite\/international\/un-blogueur-mauritanien-va-mourir-dans-lindifference-generale\/183991\/"},"wordCount":425,"commentCount":0,"publisher":{"@id":"https:\/\/www.webdo.tn\/fr\/#organization"},"image":{"@id":"https:\/\/www.webdo.tn\/fr\/actualite\/international\/un-blogueur-mauritanien-va-mourir-dans-lindifference-generale\/183991\/#primaryimage"},"thumbnailUrl":"https:\/\/www.webdo.tn\/fr\/wp-content\/uploads\/2015\/08\/nouakchott_tribunal-300x247-1.jpg","keywords":["guerre"],"articleSection":["International"],"inLanguage":"fr-FR"},{"@type":"WebPage","@id":"https:\/\/www.webdo.tn\/fr\/actualite\/international\/un-blogueur-mauritanien-va-mourir-dans-lindifference-generale\/183991\/","url":"https:\/\/www.webdo.tn\/fr\/actualite\/international\/un-blogueur-mauritanien-va-mourir-dans-lindifference-generale\/183991\/","name":"Un blogueur mauritanien va mourir dans l'indiff\u00e9rence g\u00e9n\u00e9rale","isPartOf":{"@id":"https:\/\/www.webdo.tn\/fr\/#website"},"primaryImageOfPage":{"@id":"https:\/\/www.webdo.tn\/fr\/actualite\/international\/un-blogueur-mauritanien-va-mourir-dans-lindifference-generale\/183991\/#primaryimage"},"image":{"@id":"https:\/\/www.webdo.tn\/fr\/actualite\/international\/un-blogueur-mauritanien-va-mourir-dans-lindifference-generale\/183991\/#primaryimage"},"thumbnailUrl":"https:\/\/www.webdo.tn\/fr\/wp-content\/uploads\/2015\/08\/nouakchott_tribunal-300x247-1.jpg","datePublished":"2015-08-23T15:19:00+00:00","dateModified":"2025-05-18T22:07:26+00:00","description":"Un blogueur mauritanien va mourir dans l'indiff\u00e9rence g\u00e9n\u00e9rale","breadcrumb":{"@id":"https:\/\/www.webdo.tn\/fr\/actualite\/international\/un-blogueur-mauritanien-va-mourir-dans-lindifference-generale\/183991\/#breadcrumb"},"inLanguage":"fr-FR","potentialAction":[{"@type":"ReadAction","target":["https:\/\/www.webdo.tn\/fr\/actualite\/international\/un-blogueur-mauritanien-va-mourir-dans-lindifference-generale\/183991\/"]}]},{"@type":"ImageObject","inLanguage":"fr-FR","@id":"https:\/\/www.webdo.tn\/fr\/actualite\/international\/un-blogueur-mauritanien-va-mourir-dans-lindifference-generale\/183991\/#primaryimage","url":"https:\/\/www.webdo.tn\/fr\/wp-content\/uploads\/2015\/08\/nouakchott_tribunal-300x247-1.jpg","contentUrl":"https:\/\/www.webdo.tn\/fr\/wp-content\/uploads\/2015\/08\/nouakchott_tribunal-300x247-1.jpg","width":300,"height":247,"caption":"Un blogueur mauritanien va mourir dans l'indiff\u00e9rence g\u00e9n\u00e9rale"},{"@type":"BreadcrumbList","@id":"https:\/\/www.webdo.tn\/fr\/actualite\/international\/un-blogueur-mauritanien-va-mourir-dans-lindifference-generale\/183991\/#breadcrumb","itemListElement":[{"@type":"ListItem","position":1,"name":"Accueil","item":"https:\/\/www.webdo.tn\/fr\/"},{"@type":"ListItem","position":2,"name":"Un blogueur mauritanien va mourir dans l&rsquo;indiff\u00e9rence g\u00e9n\u00e9rale"}]},{"@type":"WebSite","@id":"https:\/\/www.webdo.tn\/fr\/#website","url":"https:\/\/www.webdo.tn\/fr\/","name":"webdo","description":"Tunisie - News en Tunisie et \u00e0 l&#039;international sur Webdo.tn","publisher":{"@id":"https:\/\/www.webdo.tn\/fr\/#organization"},"potentialAction":[{"@type":"SearchAction","target":{"@type":"EntryPoint","urlTemplate":"https:\/\/www.webdo.tn\/fr\/?s={search_term_string}"},"query-input":{"@type":"PropertyValueSpecification","valueRequired":true,"valueName":"search_term_string"}}],"inLanguage":"fr-FR"},{"@type":"Organization","@id":"https:\/\/www.webdo.tn\/fr\/#organization","name":"Webdo","alternateName":"Webdo.tn","url":"https:\/\/www.webdo.tn\/fr\/","logo":{"@type":"ImageObject","inLanguage":"fr-FR","@id":"https:\/\/www.webdo.tn\/fr\/#\/schema\/logo\/image\/","url":"https:\/\/www.webdo.tn\/fr\/wp-content\/uploads\/2025\/06\/Webdo-Tunisie_168377.jpg","contentUrl":"https:\/\/www.webdo.tn\/fr\/wp-content\/uploads\/2025\/06\/Webdo-Tunisie_168377.jpg","width":301,"height":301,"caption":"Webdo"},"image":{"@id":"https:\/\/www.webdo.tn\/fr\/#\/schema\/logo\/image\/"},"sameAs":["https:\/\/www.facebook.com\/webdotn","https:\/\/x.com\/webdo_tn"],"description":"Webdo est un m\u00e9dia num\u00e9rique tunisien fond\u00e9 en 2010, sp\u00e9cialis\u00e9 dans l\u2019actualit\u00e9 nationale et internationale, l\u2019\u00e9conomie, la soci\u00e9t\u00e9 et les analyses politiques. Le site s\u2019adresse \u00e0 un large public francophone et couvre l\u2019information tunisienne en temps r\u00e9el.","email":"redac@webdo.tn","legalName":"YNJ SARL","foundingDate":"2010-09-06","numberOfEmployees":{"@type":"QuantitativeValue","minValue":"11","maxValue":"50"}},{"@type":"Person","@id":"https:\/\/www.webdo.tn\/fr\/#\/schema\/person\/9a9c6118d687c117df8ef3cc36a4d175","name":"webdo.tn","image":{"@type":"ImageObject","inLanguage":"fr-FR","@id":"https:\/\/secure.gravatar.com\/avatar\/7ce1f28c0c3bbac99ff550b85ef8e44a6950c6ee24514fb6a5489e51d06f0298?s=96&d=mm&r=g","url":"https:\/\/secure.gravatar.com\/avatar\/7ce1f28c0c3bbac99ff550b85ef8e44a6950c6ee24514fb6a5489e51d06f0298?s=96&d=mm&r=g","contentUrl":"https:\/\/secure.gravatar.com\/avatar\/7ce1f28c0c3bbac99ff550b85ef8e44a6950c6ee24514fb6a5489e51d06f0298?s=96&d=mm&r=g","caption":"webdo.tn"},"url":"https:\/\/www.webdo.tn\/fr\/actualite\/author\/webdotn\/"}]}},"_links":{"self":[{"href":"https:\/\/www.webdo.tn\/fr\/wp-json\/wp\/v2\/posts\/183991","targetHints":{"allow":["GET"]}}],"collection":[{"href":"https:\/\/www.webdo.tn\/fr\/wp-json\/wp\/v2\/posts"}],"about":[{"href":"https:\/\/www.webdo.tn\/fr\/wp-json\/wp\/v2\/types\/post"}],"author":[{"embeddable":true,"href":"https:\/\/www.webdo.tn\/fr\/wp-json\/wp\/v2\/users\/3222"}],"replies":[{"embeddable":true,"href":"https:\/\/www.webdo.tn\/fr\/wp-json\/wp\/v2\/comments?post=183991"}],"version-history":[{"count":0,"href":"https:\/\/www.webdo.tn\/fr\/wp-json\/wp\/v2\/posts\/183991\/revisions"}],"wp:featuredmedia":[{"embeddable":true,"href":"https:\/\/www.webdo.tn\/fr\/wp-json\/wp\/v2\/media\/317454"}],"wp:attachment":[{"href":"https:\/\/www.webdo.tn\/fr\/wp-json\/wp\/v2\/media?parent=183991"}],"wp:term":[{"taxonomy":"category","embeddable":true,"href":"https:\/\/www.webdo.tn\/fr\/wp-json\/wp\/v2\/categories?post=183991"},{"taxonomy":"post_tag","embeddable":true,"href":"https:\/\/www.webdo.tn\/fr\/wp-json\/wp\/v2\/tags?post=183991"}],"curies":[{"name":"wp","href":"https:\/\/api.w.org\/{rel}","templated":true}]}}