{"id":183987,"date":"2015-08-26T17:16:00","date_gmt":"2015-08-26T17:16:00","guid":{"rendered":"https:\/\/www.webdo.tn\/fr\/blog\/il-a-9-ans-et-va-deja-a-luniversite\/183987\/"},"modified":"2025-05-19T10:09:29","modified_gmt":"2025-05-19T10:09:29","slug":"il-a-9-ans-et-va-deja-a-luniversite","status":"publish","type":"post","link":"https:\/\/www.webdo.tn\/fr\/actualite\/international\/il-a-9-ans-et-va-deja-a-luniversite\/183987\/","title":{"rendered":"Il a 9 ans et va d\u00e9j\u00e0 \u00e0 l&rsquo;universit\u00e9!"},"content":{"rendered":"<p>Carlos Santamar\u00eda D\u00edaz a 9 ans et encore quelques dents de lait et il fait d\u00e9j\u00e0 des \u00e9tudes de biochimie et d&rsquo;\u00e9nergie mol\u00e9culaire \u00e0 l\u2019universit\u00e9.<\/p>\n<p>Pourtant, \u00e0 l&rsquo;\u00e9cole primaire, ses enseignants pensaient qu\u2019il souffrait de troubles de l&rsquo;attention. En fait, le petit s&rsquo;ennuyait ferme. Tout lui semblait trop facile, rien ne l&rsquo;int\u00e9ressait vraiment, \u00e0 tel point qu&rsquo;il lui arrivait de s&rsquo;endormir en classe.<\/p>\n<p>Son p\u00e8re remarque que Carlos lit les livres du niveau du lyc\u00e9e avec aisance et qu&rsquo;il assimile tr\u00e8s vite les informations. Il lui donne alors des manuels universitaires, puis en fonction de ce qui semble l&rsquo;int\u00e9resser le plus, un livre de biochimie pour les \u00e9tudiants en m\u00e9decine. Carlos lit, comprend et assimile ces concepts \u00e0 une vitesse impressionnante !<\/p>\n<p>Carlos a pour la chimie une r\u00e9elle passion. Il commence \u00e0 prendre des cours particuliers aupr\u00e8s d&rsquo;une professeure et chercheuse de chimie qui encourage ses parents \u00e0 le sortir du primaire o\u00f9 il risque de d\u00e9crocher totalement et perdre le go\u00fbt des \u00e9tudes.<\/p>\n<p>Les parents d\u00e9cident d&rsquo;aller frapper \u00e0 la porte de l&rsquo;Universit\u00e9 Nationale Autonome de Mexico. Au bout de 15 minutes de conversation, Eduardo Rodr\u00edguez, docteur en sciences chimiques accepte Carlos dans son cursus universitaire.<\/p>\n<p>\u00ab\u00a0Je me suis un gar\u00e7on normal comme les autres gar\u00e7ons, j&rsquo;ai juste quelques capacit\u00e9s diff\u00e9rentes. J&rsquo;aime faire du v\u00e9lo, jouer avec mes cousins, surtout aux jeux vid\u00e9o et surtout \u00e0 Mario. Je ne sais pas ce que je veux faire quand je serai grand, mais je sais que ce sera li\u00e9 \u00e0 la science.\u00a0\u00bb<\/p>\n<p>Prochaine \u00e9tape, chercheur biochimiste \u00e0 14 ans?<\/p>\n","protected":false},"excerpt":{"rendered":"<p>Il a 9 ans et va d\u00e9j\u00e0 \u00e0 l&rsquo;universit\u00e9!<\/p>\n","protected":false},"author":3222,"featured_media":317396,"comment_status":"open","ping_status":"closed","sticky":false,"template":"","format":"standard","meta":{"footnotes":""},"categories":[2598],"tags":[2600],"class_list":["post-183987","post","type-post","status-publish","format-standard","has-post-thumbnail","hentry","category-international","tag-guerre"],"yoast_head":"<!-- This site is optimized with the Yoast SEO Premium plugin v27.5 (Yoast SEO v27.5) - https:\/\/yoast.com\/product\/yoast-seo-premium-wordpress\/ -->\n<title>Il a 9 ans et va d\u00e9j\u00e0 \u00e0 l&#039;universit\u00e9!<\/title>\n<meta name=\"description\" content=\"Il a 9 ans et va d\u00e9j\u00e0 \u00e0 l&#039;universit\u00e9!\" \/>\n<link rel=\"canonical\" href=\"https:\/\/www.webdo.tn\/fr\/actualite\/international\/il-a-9-ans-et-va-deja-a-luniversite\/183987\/\" \/>\n<meta property=\"og:locale\" content=\"fr_FR\" \/>\n<meta property=\"og:type\" content=\"article\" \/>\n<meta property=\"og:title\" content=\"Il a 9 ans et va d\u00e9j\u00e0 \u00e0 l&#039;universit\u00e9!\" \/>\n<meta property=\"og:description\" content=\"Il a 9 ans et va d\u00e9j\u00e0 \u00e0 l&#039;universit\u00e9!\" \/>\n<meta property=\"og:url\" content=\"https:\/\/www.webdo.tn\/fr\/actualite\/international\/il-a-9-ans-et-va-deja-a-luniversite\/183987\/\" \/>\n<meta property=\"og:site_name\" content=\"webdo\" \/>\n<meta property=\"article:publisher\" content=\"https:\/\/www.facebook.com\/webdotn\" \/>\n<meta property=\"article:published_time\" content=\"2015-08-26T17:16:00+00:00\" \/>\n<meta property=\"article:modified_time\" content=\"2025-05-19T10:09:29+00:00\" \/>\n<meta property=\"og:image\" content=\"https:\/\/www.webdo.tn\/fr\/wp-content\/uploads\/2015\/08\/genie-300x188-1.jpg\" \/>\n\t<meta property=\"og:image:width\" content=\"300\" \/>\n\t<meta property=\"og:image:height\" content=\"188\" \/>\n\t<meta property=\"og:image:type\" content=\"image\/jpeg\" \/>\n<meta name=\"author\" content=\"webdo.tn\" \/>\n<meta name=\"twitter:card\" content=\"summary_large_image\" \/>\n<meta name=\"twitter:creator\" content=\"@webdo_tn\" \/>\n<meta name=\"twitter:site\" content=\"@webdo_tn\" \/>\n<meta name=\"twitter:label1\" content=\"\u00c9crit par\" \/>\n\t<meta name=\"twitter:data1\" content=\"webdo.tn\" \/>\n\t<meta name=\"twitter:label2\" content=\"Dur\u00e9e de lecture estim\u00e9e\" \/>\n\t<meta name=\"twitter:data2\" content=\"1 minute\" \/>\n<script type=\"application\/ld+json\" class=\"yoast-schema-graph\">{\"@context\":\"https:\\\/\\\/schema.org\",\"@graph\":[{\"@type\":\"NewsArticle\",\"@id\":\"https:\\\/\\\/www.webdo.tn\\\/fr\\\/actualite\\\/international\\\/il-a-9-ans-et-va-deja-a-luniversite\\\/183987\\\/#article\",\"isPartOf\":{\"@id\":\"https:\\\/\\\/www.webdo.tn\\\/fr\\\/actualite\\\/international\\\/il-a-9-ans-et-va-deja-a-luniversite\\\/183987\\\/\"},\"author\":{\"name\":\"webdo.tn\",\"@id\":\"https:\\\/\\\/www.webdo.tn\\\/fr\\\/#\\\/schema\\\/person\\\/9a9c6118d687c117df8ef3cc36a4d175\"},\"headline\":\"Il a 9 ans et va d\u00e9j\u00e0 \u00e0 l&rsquo;universit\u00e9!\",\"datePublished\":\"2015-08-26T17:16:00+00:00\",\"dateModified\":\"2025-05-19T10:09:29+00:00\",\"mainEntityOfPage\":{\"@id\":\"https:\\\/\\\/www.webdo.tn\\\/fr\\\/actualite\\\/international\\\/il-a-9-ans-et-va-deja-a-luniversite\\\/183987\\\/\"},\"wordCount\":292,\"commentCount\":0,\"publisher\":{\"@id\":\"https:\\\/\\\/www.webdo.tn\\\/fr\\\/#organization\"},\"image\":{\"@id\":\"https:\\\/\\\/www.webdo.tn\\\/fr\\\/actualite\\\/international\\\/il-a-9-ans-et-va-deja-a-luniversite\\\/183987\\\/#primaryimage\"},\"thumbnailUrl\":\"https:\\\/\\\/www.webdo.tn\\\/fr\\\/wp-content\\\/uploads\\\/2015\\\/08\\\/genie-300x188-1.jpg\",\"keywords\":[\"guerre\"],\"articleSection\":[\"International\"],\"inLanguage\":\"fr-FR\"},{\"@type\":\"WebPage\",\"@id\":\"https:\\\/\\\/www.webdo.tn\\\/fr\\\/actualite\\\/international\\\/il-a-9-ans-et-va-deja-a-luniversite\\\/183987\\\/\",\"url\":\"https:\\\/\\\/www.webdo.tn\\\/fr\\\/actualite\\\/international\\\/il-a-9-ans-et-va-deja-a-luniversite\\\/183987\\\/\",\"name\":\"Il a 9 ans et va d\u00e9j\u00e0 \u00e0 l'universit\u00e9!\",\"isPartOf\":{\"@id\":\"https:\\\/\\\/www.webdo.tn\\\/fr\\\/#website\"},\"primaryImageOfPage\":{\"@id\":\"https:\\\/\\\/www.webdo.tn\\\/fr\\\/actualite\\\/international\\\/il-a-9-ans-et-va-deja-a-luniversite\\\/183987\\\/#primaryimage\"},\"image\":{\"@id\":\"https:\\\/\\\/www.webdo.tn\\\/fr\\\/actualite\\\/international\\\/il-a-9-ans-et-va-deja-a-luniversite\\\/183987\\\/#primaryimage\"},\"thumbnailUrl\":\"https:\\\/\\\/www.webdo.tn\\\/fr\\\/wp-content\\\/uploads\\\/2015\\\/08\\\/genie-300x188-1.jpg\",\"datePublished\":\"2015-08-26T17:16:00+00:00\",\"dateModified\":\"2025-05-19T10:09:29+00:00\",\"description\":\"Il a 9 ans et va d\u00e9j\u00e0 \u00e0 l'universit\u00e9!\",\"breadcrumb\":{\"@id\":\"https:\\\/\\\/www.webdo.tn\\\/fr\\\/actualite\\\/international\\\/il-a-9-ans-et-va-deja-a-luniversite\\\/183987\\\/#breadcrumb\"},\"inLanguage\":\"fr-FR\",\"potentialAction\":[{\"@type\":\"ReadAction\",\"target\":[\"https:\\\/\\\/www.webdo.tn\\\/fr\\\/actualite\\\/international\\\/il-a-9-ans-et-va-deja-a-luniversite\\\/183987\\\/\"]}]},{\"@type\":\"ImageObject\",\"inLanguage\":\"fr-FR\",\"@id\":\"https:\\\/\\\/www.webdo.tn\\\/fr\\\/actualite\\\/international\\\/il-a-9-ans-et-va-deja-a-luniversite\\\/183987\\\/#primaryimage\",\"url\":\"https:\\\/\\\/www.webdo.tn\\\/fr\\\/wp-content\\\/uploads\\\/2015\\\/08\\\/genie-300x188-1.jpg\",\"contentUrl\":\"https:\\\/\\\/www.webdo.tn\\\/fr\\\/wp-content\\\/uploads\\\/2015\\\/08\\\/genie-300x188-1.jpg\",\"width\":300,\"height\":188,\"caption\":\"Il a 9 ans et va d\u00e9j\u00e0 \u00e0 l'universit\u00e9!\"},{\"@type\":\"BreadcrumbList\",\"@id\":\"https:\\\/\\\/www.webdo.tn\\\/fr\\\/actualite\\\/international\\\/il-a-9-ans-et-va-deja-a-luniversite\\\/183987\\\/#breadcrumb\",\"itemListElement\":[{\"@type\":\"ListItem\",\"position\":1,\"name\":\"Accueil\",\"item\":\"https:\\\/\\\/www.webdo.tn\\\/fr\\\/\"},{\"@type\":\"ListItem\",\"position\":2,\"name\":\"Il a 9 ans et va d\u00e9j\u00e0 \u00e0 l&rsquo;universit\u00e9!\"}]},{\"@type\":\"WebSite\",\"@id\":\"https:\\\/\\\/www.webdo.tn\\\/fr\\\/#website\",\"url\":\"https:\\\/\\\/www.webdo.tn\\\/fr\\\/\",\"name\":\"webdo\",\"description\":\"Tunisie - News en Tunisie et \u00e0 l&#039;international sur Webdo.tn\",\"publisher\":{\"@id\":\"https:\\\/\\\/www.webdo.tn\\\/fr\\\/#organization\"},\"potentialAction\":[{\"@type\":\"SearchAction\",\"target\":{\"@type\":\"EntryPoint\",\"urlTemplate\":\"https:\\\/\\\/www.webdo.tn\\\/fr\\\/?s={search_term_string}\"},\"query-input\":{\"@type\":\"PropertyValueSpecification\",\"valueRequired\":true,\"valueName\":\"search_term_string\"}}],\"inLanguage\":\"fr-FR\"},{\"@type\":\"Organization\",\"@id\":\"https:\\\/\\\/www.webdo.tn\\\/fr\\\/#organization\",\"name\":\"Webdo\",\"alternateName\":\"Webdo.tn\",\"url\":\"https:\\\/\\\/www.webdo.tn\\\/fr\\\/\",\"logo\":{\"@type\":\"ImageObject\",\"inLanguage\":\"fr-FR\",\"@id\":\"https:\\\/\\\/www.webdo.tn\\\/fr\\\/#\\\/schema\\\/logo\\\/image\\\/\",\"url\":\"https:\\\/\\\/www.webdo.tn\\\/fr\\\/wp-content\\\/uploads\\\/2025\\\/06\\\/Webdo-Tunisie_168377.jpg\",\"contentUrl\":\"https:\\\/\\\/www.webdo.tn\\\/fr\\\/wp-content\\\/uploads\\\/2025\\\/06\\\/Webdo-Tunisie_168377.jpg\",\"width\":301,\"height\":301,\"caption\":\"Webdo\"},\"image\":{\"@id\":\"https:\\\/\\\/www.webdo.tn\\\/fr\\\/#\\\/schema\\\/logo\\\/image\\\/\"},\"sameAs\":[\"https:\\\/\\\/www.facebook.com\\\/webdotn\",\"https:\\\/\\\/x.com\\\/webdo_tn\"],\"description\":\"Webdo est un m\u00e9dia num\u00e9rique tunisien fond\u00e9 en 2010, sp\u00e9cialis\u00e9 dans l\u2019actualit\u00e9 nationale et internationale, l\u2019\u00e9conomie, la soci\u00e9t\u00e9 et les analyses politiques. Le site s\u2019adresse \u00e0 un large public francophone et couvre l\u2019information tunisienne en temps r\u00e9el.\",\"email\":\"redac@webdo.tn\",\"legalName\":\"YNJ SARL\",\"foundingDate\":\"2010-09-06\",\"numberOfEmployees\":{\"@type\":\"QuantitativeValue\",\"minValue\":\"11\",\"maxValue\":\"50\"}},{\"@type\":\"Person\",\"@id\":\"https:\\\/\\\/www.webdo.tn\\\/fr\\\/#\\\/schema\\\/person\\\/9a9c6118d687c117df8ef3cc36a4d175\",\"name\":\"webdo.tn\",\"image\":{\"@type\":\"ImageObject\",\"inLanguage\":\"fr-FR\",\"@id\":\"https:\\\/\\\/secure.gravatar.com\\\/avatar\\\/7ce1f28c0c3bbac99ff550b85ef8e44a6950c6ee24514fb6a5489e51d06f0298?s=96&d=mm&r=g\",\"url\":\"https:\\\/\\\/secure.gravatar.com\\\/avatar\\\/7ce1f28c0c3bbac99ff550b85ef8e44a6950c6ee24514fb6a5489e51d06f0298?s=96&d=mm&r=g\",\"contentUrl\":\"https:\\\/\\\/secure.gravatar.com\\\/avatar\\\/7ce1f28c0c3bbac99ff550b85ef8e44a6950c6ee24514fb6a5489e51d06f0298?s=96&d=mm&r=g\",\"caption\":\"webdo.tn\"},\"url\":\"https:\\\/\\\/www.webdo.tn\\\/fr\\\/actualite\\\/author\\\/webdotn\\\/\"}]}<\/script>\n<!-- \/ Yoast SEO Premium plugin. -->","yoast_head_json":{"title":"Il a 9 ans et va d\u00e9j\u00e0 \u00e0 l'universit\u00e9!","description":"Il a 9 ans et va d\u00e9j\u00e0 \u00e0 l'universit\u00e9!","canonical":"https:\/\/www.webdo.tn\/fr\/actualite\/international\/il-a-9-ans-et-va-deja-a-luniversite\/183987\/","og_locale":"fr_FR","og_type":"article","og_title":"Il a 9 ans et va d\u00e9j\u00e0 \u00e0 l'universit\u00e9!","og_description":"Il a 9 ans et va d\u00e9j\u00e0 \u00e0 l'universit\u00e9!","og_url":"https:\/\/www.webdo.tn\/fr\/actualite\/international\/il-a-9-ans-et-va-deja-a-luniversite\/183987\/","og_site_name":"webdo","article_publisher":"https:\/\/www.facebook.com\/webdotn","article_published_time":"2015-08-26T17:16:00+00:00","article_modified_time":"2025-05-19T10:09:29+00:00","og_image":[{"width":300,"height":188,"url":"https:\/\/www.webdo.tn\/fr\/wp-content\/uploads\/2015\/08\/genie-300x188-1.jpg","type":"image\/jpeg"}],"author":"webdo.tn","twitter_card":"summary_large_image","twitter_creator":"@webdo_tn","twitter_site":"@webdo_tn","twitter_misc":{"\u00c9crit par":"webdo.tn","Dur\u00e9e de lecture estim\u00e9e":"1 minute"},"schema":{"@context":"https:\/\/schema.org","@graph":[{"@type":"NewsArticle","@id":"https:\/\/www.webdo.tn\/fr\/actualite\/international\/il-a-9-ans-et-va-deja-a-luniversite\/183987\/#article","isPartOf":{"@id":"https:\/\/www.webdo.tn\/fr\/actualite\/international\/il-a-9-ans-et-va-deja-a-luniversite\/183987\/"},"author":{"name":"webdo.tn","@id":"https:\/\/www.webdo.tn\/fr\/#\/schema\/person\/9a9c6118d687c117df8ef3cc36a4d175"},"headline":"Il a 9 ans et va d\u00e9j\u00e0 \u00e0 l&rsquo;universit\u00e9!","datePublished":"2015-08-26T17:16:00+00:00","dateModified":"2025-05-19T10:09:29+00:00","mainEntityOfPage":{"@id":"https:\/\/www.webdo.tn\/fr\/actualite\/international\/il-a-9-ans-et-va-deja-a-luniversite\/183987\/"},"wordCount":292,"commentCount":0,"publisher":{"@id":"https:\/\/www.webdo.tn\/fr\/#organization"},"image":{"@id":"https:\/\/www.webdo.tn\/fr\/actualite\/international\/il-a-9-ans-et-va-deja-a-luniversite\/183987\/#primaryimage"},"thumbnailUrl":"https:\/\/www.webdo.tn\/fr\/wp-content\/uploads\/2015\/08\/genie-300x188-1.jpg","keywords":["guerre"],"articleSection":["International"],"inLanguage":"fr-FR"},{"@type":"WebPage","@id":"https:\/\/www.webdo.tn\/fr\/actualite\/international\/il-a-9-ans-et-va-deja-a-luniversite\/183987\/","url":"https:\/\/www.webdo.tn\/fr\/actualite\/international\/il-a-9-ans-et-va-deja-a-luniversite\/183987\/","name":"Il a 9 ans et va d\u00e9j\u00e0 \u00e0 l'universit\u00e9!","isPartOf":{"@id":"https:\/\/www.webdo.tn\/fr\/#website"},"primaryImageOfPage":{"@id":"https:\/\/www.webdo.tn\/fr\/actualite\/international\/il-a-9-ans-et-va-deja-a-luniversite\/183987\/#primaryimage"},"image":{"@id":"https:\/\/www.webdo.tn\/fr\/actualite\/international\/il-a-9-ans-et-va-deja-a-luniversite\/183987\/#primaryimage"},"thumbnailUrl":"https:\/\/www.webdo.tn\/fr\/wp-content\/uploads\/2015\/08\/genie-300x188-1.jpg","datePublished":"2015-08-26T17:16:00+00:00","dateModified":"2025-05-19T10:09:29+00:00","description":"Il a 9 ans et va d\u00e9j\u00e0 \u00e0 l'universit\u00e9!","breadcrumb":{"@id":"https:\/\/www.webdo.tn\/fr\/actualite\/international\/il-a-9-ans-et-va-deja-a-luniversite\/183987\/#breadcrumb"},"inLanguage":"fr-FR","potentialAction":[{"@type":"ReadAction","target":["https:\/\/www.webdo.tn\/fr\/actualite\/international\/il-a-9-ans-et-va-deja-a-luniversite\/183987\/"]}]},{"@type":"ImageObject","inLanguage":"fr-FR","@id":"https:\/\/www.webdo.tn\/fr\/actualite\/international\/il-a-9-ans-et-va-deja-a-luniversite\/183987\/#primaryimage","url":"https:\/\/www.webdo.tn\/fr\/wp-content\/uploads\/2015\/08\/genie-300x188-1.jpg","contentUrl":"https:\/\/www.webdo.tn\/fr\/wp-content\/uploads\/2015\/08\/genie-300x188-1.jpg","width":300,"height":188,"caption":"Il a 9 ans et va d\u00e9j\u00e0 \u00e0 l'universit\u00e9!"},{"@type":"BreadcrumbList","@id":"https:\/\/www.webdo.tn\/fr\/actualite\/international\/il-a-9-ans-et-va-deja-a-luniversite\/183987\/#breadcrumb","itemListElement":[{"@type":"ListItem","position":1,"name":"Accueil","item":"https:\/\/www.webdo.tn\/fr\/"},{"@type":"ListItem","position":2,"name":"Il a 9 ans et va d\u00e9j\u00e0 \u00e0 l&rsquo;universit\u00e9!"}]},{"@type":"WebSite","@id":"https:\/\/www.webdo.tn\/fr\/#website","url":"https:\/\/www.webdo.tn\/fr\/","name":"webdo","description":"Tunisie - News en Tunisie et \u00e0 l&#039;international sur Webdo.tn","publisher":{"@id":"https:\/\/www.webdo.tn\/fr\/#organization"},"potentialAction":[{"@type":"SearchAction","target":{"@type":"EntryPoint","urlTemplate":"https:\/\/www.webdo.tn\/fr\/?s={search_term_string}"},"query-input":{"@type":"PropertyValueSpecification","valueRequired":true,"valueName":"search_term_string"}}],"inLanguage":"fr-FR"},{"@type":"Organization","@id":"https:\/\/www.webdo.tn\/fr\/#organization","name":"Webdo","alternateName":"Webdo.tn","url":"https:\/\/www.webdo.tn\/fr\/","logo":{"@type":"ImageObject","inLanguage":"fr-FR","@id":"https:\/\/www.webdo.tn\/fr\/#\/schema\/logo\/image\/","url":"https:\/\/www.webdo.tn\/fr\/wp-content\/uploads\/2025\/06\/Webdo-Tunisie_168377.jpg","contentUrl":"https:\/\/www.webdo.tn\/fr\/wp-content\/uploads\/2025\/06\/Webdo-Tunisie_168377.jpg","width":301,"height":301,"caption":"Webdo"},"image":{"@id":"https:\/\/www.webdo.tn\/fr\/#\/schema\/logo\/image\/"},"sameAs":["https:\/\/www.facebook.com\/webdotn","https:\/\/x.com\/webdo_tn"],"description":"Webdo est un m\u00e9dia num\u00e9rique tunisien fond\u00e9 en 2010, sp\u00e9cialis\u00e9 dans l\u2019actualit\u00e9 nationale et internationale, l\u2019\u00e9conomie, la soci\u00e9t\u00e9 et les analyses politiques. Le site s\u2019adresse \u00e0 un large public francophone et couvre l\u2019information tunisienne en temps r\u00e9el.","email":"redac@webdo.tn","legalName":"YNJ SARL","foundingDate":"2010-09-06","numberOfEmployees":{"@type":"QuantitativeValue","minValue":"11","maxValue":"50"}},{"@type":"Person","@id":"https:\/\/www.webdo.tn\/fr\/#\/schema\/person\/9a9c6118d687c117df8ef3cc36a4d175","name":"webdo.tn","image":{"@type":"ImageObject","inLanguage":"fr-FR","@id":"https:\/\/secure.gravatar.com\/avatar\/7ce1f28c0c3bbac99ff550b85ef8e44a6950c6ee24514fb6a5489e51d06f0298?s=96&d=mm&r=g","url":"https:\/\/secure.gravatar.com\/avatar\/7ce1f28c0c3bbac99ff550b85ef8e44a6950c6ee24514fb6a5489e51d06f0298?s=96&d=mm&r=g","contentUrl":"https:\/\/secure.gravatar.com\/avatar\/7ce1f28c0c3bbac99ff550b85ef8e44a6950c6ee24514fb6a5489e51d06f0298?s=96&d=mm&r=g","caption":"webdo.tn"},"url":"https:\/\/www.webdo.tn\/fr\/actualite\/author\/webdotn\/"}]}},"_links":{"self":[{"href":"https:\/\/www.webdo.tn\/fr\/wp-json\/wp\/v2\/posts\/183987","targetHints":{"allow":["GET"]}}],"collection":[{"href":"https:\/\/www.webdo.tn\/fr\/wp-json\/wp\/v2\/posts"}],"about":[{"href":"https:\/\/www.webdo.tn\/fr\/wp-json\/wp\/v2\/types\/post"}],"author":[{"embeddable":true,"href":"https:\/\/www.webdo.tn\/fr\/wp-json\/wp\/v2\/users\/3222"}],"replies":[{"embeddable":true,"href":"https:\/\/www.webdo.tn\/fr\/wp-json\/wp\/v2\/comments?post=183987"}],"version-history":[{"count":0,"href":"https:\/\/www.webdo.tn\/fr\/wp-json\/wp\/v2\/posts\/183987\/revisions"}],"wp:featuredmedia":[{"embeddable":true,"href":"https:\/\/www.webdo.tn\/fr\/wp-json\/wp\/v2\/media\/317396"}],"wp:attachment":[{"href":"https:\/\/www.webdo.tn\/fr\/wp-json\/wp\/v2\/media?parent=183987"}],"wp:term":[{"taxonomy":"category","embeddable":true,"href":"https:\/\/www.webdo.tn\/fr\/wp-json\/wp\/v2\/categories?post=183987"},{"taxonomy":"post_tag","embeddable":true,"href":"https:\/\/www.webdo.tn\/fr\/wp-json\/wp\/v2\/tags?post=183987"}],"curies":[{"name":"wp","href":"https:\/\/api.w.org\/{rel}","templated":true}]}}