{"id":183985,"date":"2015-08-27T23:59:00","date_gmt":"2015-08-27T23:59:00","guid":{"rendered":"https:\/\/www.webdo.tn\/fr\/blog\/les-medias-parlent-de-la-possibilite-dun-11-septembre-francais\/183985\/"},"modified":"2015-08-27T23:59:00","modified_gmt":"2015-08-27T23:59:00","slug":"les-medias-parlent-de-la-possibilite-dun-11-septembre-francais","status":"publish","type":"post","link":"https:\/\/www.webdo.tn\/fr\/actualite\/international\/les-medias-parlent-de-la-possibilite-dun-11-septembre-francais\/183985\/","title":{"rendered":"Les m\u00e9dias parlent de la possibilit\u00e9 d&rsquo;un \u00ab\u00a011 septembre\u00a0\u00bb fran\u00e7ais"},"content":{"rendered":"<p>The Telegraph, citant des sources qui veulent rester anonymes parle de risques terroristes en France, une sorte de \u00ab\u00a011 septembre fran\u00e7ais\u00a0\u00bb.<\/p>\n<p>Il \u00e9voque m\u00eame une attaque par missile contre un avion de ligne, affirmant que les services de renseignement auraient pr\u00e9venu les compagnies a\u00e9riennes.<\/p>\n<p>Selon les journalistes du Telegraph, il leur a \u00e9t\u00e9 rapport\u00e9 par leurs sources que des fusils d&rsquo;assaut de type Kalachnikov ainsi que des missiles anti-tanks \u00e9taient maintenant facilement disponibles en France.<\/p>\n<p>Ils auraient \u00e9t\u00e9 introduits depuis l&rsquo;ex-Yougoslavie et ce depuis les ann\u00e9es 90. D&rsquo;autres armes seraient \u00e9galement arriv\u00e9es de Libye.<\/p>\n","protected":false},"excerpt":{"rendered":"<p>Les m\u00e9dias parlent de la possibilit\u00e9 d&rsquo;un  11 septembre  fran\u00e7ais<\/p>\n","protected":false},"author":3222,"featured_media":329590,"comment_status":"open","ping_status":"closed","sticky":false,"template":"","format":"standard","meta":{"footnotes":""},"categories":[2598],"tags":[2600],"class_list":["post-183985","post","type-post","status-publish","format-standard","has-post-thumbnail","hentry","category-international","tag-guerre"],"yoast_head":"<!-- This site is optimized with the Yoast SEO Premium plugin v27.5 (Yoast SEO v27.5) - https:\/\/yoast.com\/product\/yoast-seo-premium-wordpress\/ -->\n<title>Les m\u00e9dias parlent de la possibilit\u00e9 d&#039;un 11 septembre fran\u00e7ais<\/title>\n<meta name=\"description\" content=\"Les m\u00e9dias parlent de la possibilit\u00e9 d&#039;un 11 septembre fran\u00e7ais\" \/>\n<link rel=\"canonical\" href=\"https:\/\/www.webdo.tn\/fr\/actualite\/international\/les-medias-parlent-de-la-possibilite-dun-11-septembre-francais\/183985\/\" \/>\n<meta property=\"og:locale\" content=\"fr_FR\" \/>\n<meta property=\"og:type\" content=\"article\" \/>\n<meta property=\"og:title\" content=\"Les m\u00e9dias parlent de la possibilit\u00e9 d&#039;un &quot;11 septembre&quot; fran\u00e7ais\" \/>\n<meta property=\"og:description\" content=\"Les m\u00e9dias parlent de la possibilit\u00e9 d&#039;un 11 septembre fran\u00e7ais\" \/>\n<meta property=\"og:url\" content=\"https:\/\/www.webdo.tn\/fr\/actualite\/international\/les-medias-parlent-de-la-possibilite-dun-11-septembre-francais\/183985\/\" \/>\n<meta property=\"og:site_name\" content=\"webdo\" \/>\n<meta property=\"article:publisher\" content=\"https:\/\/www.facebook.com\/webdotn\" \/>\n<meta property=\"article:published_time\" content=\"2015-08-27T23:59:00+00:00\" \/>\n<meta property=\"og:image\" content=\"https:\/\/www.webdo.tn\/fr\/wp-content\/uploads\/2015\/08\/france-terrorisme-300x200-1.jpg\" \/>\n\t<meta property=\"og:image:width\" content=\"300\" \/>\n\t<meta property=\"og:image:height\" content=\"200\" \/>\n\t<meta property=\"og:image:type\" content=\"image\/jpeg\" \/>\n<meta name=\"author\" content=\"webdo.tn\" \/>\n<meta name=\"twitter:card\" content=\"summary_large_image\" \/>\n<meta name=\"twitter:creator\" content=\"@webdo_tn\" \/>\n<meta name=\"twitter:site\" content=\"@webdo_tn\" \/>\n<meta name=\"twitter:label1\" content=\"\u00c9crit par\" \/>\n\t<meta name=\"twitter:data1\" content=\"webdo.tn\" \/>\n<script type=\"application\/ld+json\" class=\"yoast-schema-graph\">{\"@context\":\"https:\\\/\\\/schema.org\",\"@graph\":[{\"@type\":\"NewsArticle\",\"@id\":\"https:\\\/\\\/www.webdo.tn\\\/fr\\\/actualite\\\/international\\\/les-medias-parlent-de-la-possibilite-dun-11-septembre-francais\\\/183985\\\/#article\",\"isPartOf\":{\"@id\":\"https:\\\/\\\/www.webdo.tn\\\/fr\\\/actualite\\\/international\\\/les-medias-parlent-de-la-possibilite-dun-11-septembre-francais\\\/183985\\\/\"},\"author\":{\"name\":\"webdo.tn\",\"@id\":\"https:\\\/\\\/www.webdo.tn\\\/fr\\\/#\\\/schema\\\/person\\\/9a9c6118d687c117df8ef3cc36a4d175\"},\"headline\":\"Les m\u00e9dias parlent de la possibilit\u00e9 d&rsquo;un \u00ab\u00a011 septembre\u00a0\u00bb fran\u00e7ais\",\"datePublished\":\"2015-08-27T23:59:00+00:00\",\"mainEntityOfPage\":{\"@id\":\"https:\\\/\\\/www.webdo.tn\\\/fr\\\/actualite\\\/international\\\/les-medias-parlent-de-la-possibilite-dun-11-septembre-francais\\\/183985\\\/\"},\"wordCount\":113,\"commentCount\":0,\"publisher\":{\"@id\":\"https:\\\/\\\/www.webdo.tn\\\/fr\\\/#organization\"},\"image\":{\"@id\":\"https:\\\/\\\/www.webdo.tn\\\/fr\\\/actualite\\\/international\\\/les-medias-parlent-de-la-possibilite-dun-11-septembre-francais\\\/183985\\\/#primaryimage\"},\"thumbnailUrl\":\"https:\\\/\\\/www.webdo.tn\\\/fr\\\/wp-content\\\/uploads\\\/2015\\\/08\\\/france-terrorisme-300x200-1.jpg\",\"keywords\":[\"guerre\"],\"articleSection\":[\"International\"],\"inLanguage\":\"fr-FR\"},{\"@type\":\"WebPage\",\"@id\":\"https:\\\/\\\/www.webdo.tn\\\/fr\\\/actualite\\\/international\\\/les-medias-parlent-de-la-possibilite-dun-11-septembre-francais\\\/183985\\\/\",\"url\":\"https:\\\/\\\/www.webdo.tn\\\/fr\\\/actualite\\\/international\\\/les-medias-parlent-de-la-possibilite-dun-11-septembre-francais\\\/183985\\\/\",\"name\":\"Les m\u00e9dias parlent de la possibilit\u00e9 d'un 11 septembre fran\u00e7ais\",\"isPartOf\":{\"@id\":\"https:\\\/\\\/www.webdo.tn\\\/fr\\\/#website\"},\"primaryImageOfPage\":{\"@id\":\"https:\\\/\\\/www.webdo.tn\\\/fr\\\/actualite\\\/international\\\/les-medias-parlent-de-la-possibilite-dun-11-septembre-francais\\\/183985\\\/#primaryimage\"},\"image\":{\"@id\":\"https:\\\/\\\/www.webdo.tn\\\/fr\\\/actualite\\\/international\\\/les-medias-parlent-de-la-possibilite-dun-11-septembre-francais\\\/183985\\\/#primaryimage\"},\"thumbnailUrl\":\"https:\\\/\\\/www.webdo.tn\\\/fr\\\/wp-content\\\/uploads\\\/2015\\\/08\\\/france-terrorisme-300x200-1.jpg\",\"datePublished\":\"2015-08-27T23:59:00+00:00\",\"description\":\"Les m\u00e9dias parlent de la possibilit\u00e9 d'un 11 septembre fran\u00e7ais\",\"breadcrumb\":{\"@id\":\"https:\\\/\\\/www.webdo.tn\\\/fr\\\/actualite\\\/international\\\/les-medias-parlent-de-la-possibilite-dun-11-septembre-francais\\\/183985\\\/#breadcrumb\"},\"inLanguage\":\"fr-FR\",\"potentialAction\":[{\"@type\":\"ReadAction\",\"target\":[\"https:\\\/\\\/www.webdo.tn\\\/fr\\\/actualite\\\/international\\\/les-medias-parlent-de-la-possibilite-dun-11-septembre-francais\\\/183985\\\/\"]}]},{\"@type\":\"ImageObject\",\"inLanguage\":\"fr-FR\",\"@id\":\"https:\\\/\\\/www.webdo.tn\\\/fr\\\/actualite\\\/international\\\/les-medias-parlent-de-la-possibilite-dun-11-septembre-francais\\\/183985\\\/#primaryimage\",\"url\":\"https:\\\/\\\/www.webdo.tn\\\/fr\\\/wp-content\\\/uploads\\\/2015\\\/08\\\/france-terrorisme-300x200-1.jpg\",\"contentUrl\":\"https:\\\/\\\/www.webdo.tn\\\/fr\\\/wp-content\\\/uploads\\\/2015\\\/08\\\/france-terrorisme-300x200-1.jpg\",\"width\":300,\"height\":200,\"caption\":\"Les m\u00e9dias parlent de la possibilit\u00e9 d'un \\\"11 septembre\\\" fran\u00e7ais\"},{\"@type\":\"BreadcrumbList\",\"@id\":\"https:\\\/\\\/www.webdo.tn\\\/fr\\\/actualite\\\/international\\\/les-medias-parlent-de-la-possibilite-dun-11-septembre-francais\\\/183985\\\/#breadcrumb\",\"itemListElement\":[{\"@type\":\"ListItem\",\"position\":1,\"name\":\"Accueil\",\"item\":\"https:\\\/\\\/www.webdo.tn\\\/fr\\\/\"},{\"@type\":\"ListItem\",\"position\":2,\"name\":\"Les m\u00e9dias parlent de la possibilit\u00e9 d&rsquo;un \u00ab\u00a011 septembre\u00a0\u00bb fran\u00e7ais\"}]},{\"@type\":\"WebSite\",\"@id\":\"https:\\\/\\\/www.webdo.tn\\\/fr\\\/#website\",\"url\":\"https:\\\/\\\/www.webdo.tn\\\/fr\\\/\",\"name\":\"webdo\",\"description\":\"Tunisie - News en Tunisie et \u00e0 l&#039;international sur Webdo.tn\",\"publisher\":{\"@id\":\"https:\\\/\\\/www.webdo.tn\\\/fr\\\/#organization\"},\"potentialAction\":[{\"@type\":\"SearchAction\",\"target\":{\"@type\":\"EntryPoint\",\"urlTemplate\":\"https:\\\/\\\/www.webdo.tn\\\/fr\\\/?s={search_term_string}\"},\"query-input\":{\"@type\":\"PropertyValueSpecification\",\"valueRequired\":true,\"valueName\":\"search_term_string\"}}],\"inLanguage\":\"fr-FR\"},{\"@type\":\"Organization\",\"@id\":\"https:\\\/\\\/www.webdo.tn\\\/fr\\\/#organization\",\"name\":\"Webdo\",\"alternateName\":\"Webdo.tn\",\"url\":\"https:\\\/\\\/www.webdo.tn\\\/fr\\\/\",\"logo\":{\"@type\":\"ImageObject\",\"inLanguage\":\"fr-FR\",\"@id\":\"https:\\\/\\\/www.webdo.tn\\\/fr\\\/#\\\/schema\\\/logo\\\/image\\\/\",\"url\":\"https:\\\/\\\/www.webdo.tn\\\/fr\\\/wp-content\\\/uploads\\\/2025\\\/06\\\/Webdo-Tunisie_168377.jpg\",\"contentUrl\":\"https:\\\/\\\/www.webdo.tn\\\/fr\\\/wp-content\\\/uploads\\\/2025\\\/06\\\/Webdo-Tunisie_168377.jpg\",\"width\":301,\"height\":301,\"caption\":\"Webdo\"},\"image\":{\"@id\":\"https:\\\/\\\/www.webdo.tn\\\/fr\\\/#\\\/schema\\\/logo\\\/image\\\/\"},\"sameAs\":[\"https:\\\/\\\/www.facebook.com\\\/webdotn\",\"https:\\\/\\\/x.com\\\/webdo_tn\"],\"description\":\"Webdo est un m\u00e9dia num\u00e9rique tunisien fond\u00e9 en 2010, sp\u00e9cialis\u00e9 dans l\u2019actualit\u00e9 nationale et internationale, l\u2019\u00e9conomie, la soci\u00e9t\u00e9 et les analyses politiques. Le site s\u2019adresse \u00e0 un large public francophone et couvre l\u2019information tunisienne en temps r\u00e9el.\",\"email\":\"redac@webdo.tn\",\"legalName\":\"YNJ SARL\",\"foundingDate\":\"2010-09-06\",\"numberOfEmployees\":{\"@type\":\"QuantitativeValue\",\"minValue\":\"11\",\"maxValue\":\"50\"}},{\"@type\":\"Person\",\"@id\":\"https:\\\/\\\/www.webdo.tn\\\/fr\\\/#\\\/schema\\\/person\\\/9a9c6118d687c117df8ef3cc36a4d175\",\"name\":\"webdo.tn\",\"image\":{\"@type\":\"ImageObject\",\"inLanguage\":\"fr-FR\",\"@id\":\"https:\\\/\\\/secure.gravatar.com\\\/avatar\\\/7ce1f28c0c3bbac99ff550b85ef8e44a6950c6ee24514fb6a5489e51d06f0298?s=96&d=mm&r=g\",\"url\":\"https:\\\/\\\/secure.gravatar.com\\\/avatar\\\/7ce1f28c0c3bbac99ff550b85ef8e44a6950c6ee24514fb6a5489e51d06f0298?s=96&d=mm&r=g\",\"contentUrl\":\"https:\\\/\\\/secure.gravatar.com\\\/avatar\\\/7ce1f28c0c3bbac99ff550b85ef8e44a6950c6ee24514fb6a5489e51d06f0298?s=96&d=mm&r=g\",\"caption\":\"webdo.tn\"},\"url\":\"https:\\\/\\\/www.webdo.tn\\\/fr\\\/actualite\\\/author\\\/webdotn\\\/\"}]}<\/script>\n<!-- \/ Yoast SEO Premium plugin. -->","yoast_head_json":{"title":"Les m\u00e9dias parlent de la possibilit\u00e9 d'un 11 septembre fran\u00e7ais","description":"Les m\u00e9dias parlent de la possibilit\u00e9 d'un 11 septembre fran\u00e7ais","canonical":"https:\/\/www.webdo.tn\/fr\/actualite\/international\/les-medias-parlent-de-la-possibilite-dun-11-septembre-francais\/183985\/","og_locale":"fr_FR","og_type":"article","og_title":"Les m\u00e9dias parlent de la possibilit\u00e9 d'un \"11 septembre\" fran\u00e7ais","og_description":"Les m\u00e9dias parlent de la possibilit\u00e9 d'un 11 septembre fran\u00e7ais","og_url":"https:\/\/www.webdo.tn\/fr\/actualite\/international\/les-medias-parlent-de-la-possibilite-dun-11-septembre-francais\/183985\/","og_site_name":"webdo","article_publisher":"https:\/\/www.facebook.com\/webdotn","article_published_time":"2015-08-27T23:59:00+00:00","og_image":[{"width":300,"height":200,"url":"https:\/\/www.webdo.tn\/fr\/wp-content\/uploads\/2015\/08\/france-terrorisme-300x200-1.jpg","type":"image\/jpeg"}],"author":"webdo.tn","twitter_card":"summary_large_image","twitter_creator":"@webdo_tn","twitter_site":"@webdo_tn","twitter_misc":{"\u00c9crit par":"webdo.tn"},"schema":{"@context":"https:\/\/schema.org","@graph":[{"@type":"NewsArticle","@id":"https:\/\/www.webdo.tn\/fr\/actualite\/international\/les-medias-parlent-de-la-possibilite-dun-11-septembre-francais\/183985\/#article","isPartOf":{"@id":"https:\/\/www.webdo.tn\/fr\/actualite\/international\/les-medias-parlent-de-la-possibilite-dun-11-septembre-francais\/183985\/"},"author":{"name":"webdo.tn","@id":"https:\/\/www.webdo.tn\/fr\/#\/schema\/person\/9a9c6118d687c117df8ef3cc36a4d175"},"headline":"Les m\u00e9dias parlent de la possibilit\u00e9 d&rsquo;un \u00ab\u00a011 septembre\u00a0\u00bb fran\u00e7ais","datePublished":"2015-08-27T23:59:00+00:00","mainEntityOfPage":{"@id":"https:\/\/www.webdo.tn\/fr\/actualite\/international\/les-medias-parlent-de-la-possibilite-dun-11-septembre-francais\/183985\/"},"wordCount":113,"commentCount":0,"publisher":{"@id":"https:\/\/www.webdo.tn\/fr\/#organization"},"image":{"@id":"https:\/\/www.webdo.tn\/fr\/actualite\/international\/les-medias-parlent-de-la-possibilite-dun-11-septembre-francais\/183985\/#primaryimage"},"thumbnailUrl":"https:\/\/www.webdo.tn\/fr\/wp-content\/uploads\/2015\/08\/france-terrorisme-300x200-1.jpg","keywords":["guerre"],"articleSection":["International"],"inLanguage":"fr-FR"},{"@type":"WebPage","@id":"https:\/\/www.webdo.tn\/fr\/actualite\/international\/les-medias-parlent-de-la-possibilite-dun-11-septembre-francais\/183985\/","url":"https:\/\/www.webdo.tn\/fr\/actualite\/international\/les-medias-parlent-de-la-possibilite-dun-11-septembre-francais\/183985\/","name":"Les m\u00e9dias parlent de la possibilit\u00e9 d'un 11 septembre fran\u00e7ais","isPartOf":{"@id":"https:\/\/www.webdo.tn\/fr\/#website"},"primaryImageOfPage":{"@id":"https:\/\/www.webdo.tn\/fr\/actualite\/international\/les-medias-parlent-de-la-possibilite-dun-11-septembre-francais\/183985\/#primaryimage"},"image":{"@id":"https:\/\/www.webdo.tn\/fr\/actualite\/international\/les-medias-parlent-de-la-possibilite-dun-11-septembre-francais\/183985\/#primaryimage"},"thumbnailUrl":"https:\/\/www.webdo.tn\/fr\/wp-content\/uploads\/2015\/08\/france-terrorisme-300x200-1.jpg","datePublished":"2015-08-27T23:59:00+00:00","description":"Les m\u00e9dias parlent de la possibilit\u00e9 d'un 11 septembre fran\u00e7ais","breadcrumb":{"@id":"https:\/\/www.webdo.tn\/fr\/actualite\/international\/les-medias-parlent-de-la-possibilite-dun-11-septembre-francais\/183985\/#breadcrumb"},"inLanguage":"fr-FR","potentialAction":[{"@type":"ReadAction","target":["https:\/\/www.webdo.tn\/fr\/actualite\/international\/les-medias-parlent-de-la-possibilite-dun-11-septembre-francais\/183985\/"]}]},{"@type":"ImageObject","inLanguage":"fr-FR","@id":"https:\/\/www.webdo.tn\/fr\/actualite\/international\/les-medias-parlent-de-la-possibilite-dun-11-septembre-francais\/183985\/#primaryimage","url":"https:\/\/www.webdo.tn\/fr\/wp-content\/uploads\/2015\/08\/france-terrorisme-300x200-1.jpg","contentUrl":"https:\/\/www.webdo.tn\/fr\/wp-content\/uploads\/2015\/08\/france-terrorisme-300x200-1.jpg","width":300,"height":200,"caption":"Les m\u00e9dias parlent de la possibilit\u00e9 d'un \"11 septembre\" fran\u00e7ais"},{"@type":"BreadcrumbList","@id":"https:\/\/www.webdo.tn\/fr\/actualite\/international\/les-medias-parlent-de-la-possibilite-dun-11-septembre-francais\/183985\/#breadcrumb","itemListElement":[{"@type":"ListItem","position":1,"name":"Accueil","item":"https:\/\/www.webdo.tn\/fr\/"},{"@type":"ListItem","position":2,"name":"Les m\u00e9dias parlent de la possibilit\u00e9 d&rsquo;un \u00ab\u00a011 septembre\u00a0\u00bb fran\u00e7ais"}]},{"@type":"WebSite","@id":"https:\/\/www.webdo.tn\/fr\/#website","url":"https:\/\/www.webdo.tn\/fr\/","name":"webdo","description":"Tunisie - News en Tunisie et \u00e0 l&#039;international sur Webdo.tn","publisher":{"@id":"https:\/\/www.webdo.tn\/fr\/#organization"},"potentialAction":[{"@type":"SearchAction","target":{"@type":"EntryPoint","urlTemplate":"https:\/\/www.webdo.tn\/fr\/?s={search_term_string}"},"query-input":{"@type":"PropertyValueSpecification","valueRequired":true,"valueName":"search_term_string"}}],"inLanguage":"fr-FR"},{"@type":"Organization","@id":"https:\/\/www.webdo.tn\/fr\/#organization","name":"Webdo","alternateName":"Webdo.tn","url":"https:\/\/www.webdo.tn\/fr\/","logo":{"@type":"ImageObject","inLanguage":"fr-FR","@id":"https:\/\/www.webdo.tn\/fr\/#\/schema\/logo\/image\/","url":"https:\/\/www.webdo.tn\/fr\/wp-content\/uploads\/2025\/06\/Webdo-Tunisie_168377.jpg","contentUrl":"https:\/\/www.webdo.tn\/fr\/wp-content\/uploads\/2025\/06\/Webdo-Tunisie_168377.jpg","width":301,"height":301,"caption":"Webdo"},"image":{"@id":"https:\/\/www.webdo.tn\/fr\/#\/schema\/logo\/image\/"},"sameAs":["https:\/\/www.facebook.com\/webdotn","https:\/\/x.com\/webdo_tn"],"description":"Webdo est un m\u00e9dia num\u00e9rique tunisien fond\u00e9 en 2010, sp\u00e9cialis\u00e9 dans l\u2019actualit\u00e9 nationale et internationale, l\u2019\u00e9conomie, la soci\u00e9t\u00e9 et les analyses politiques. Le site s\u2019adresse \u00e0 un large public francophone et couvre l\u2019information tunisienne en temps r\u00e9el.","email":"redac@webdo.tn","legalName":"YNJ SARL","foundingDate":"2010-09-06","numberOfEmployees":{"@type":"QuantitativeValue","minValue":"11","maxValue":"50"}},{"@type":"Person","@id":"https:\/\/www.webdo.tn\/fr\/#\/schema\/person\/9a9c6118d687c117df8ef3cc36a4d175","name":"webdo.tn","image":{"@type":"ImageObject","inLanguage":"fr-FR","@id":"https:\/\/secure.gravatar.com\/avatar\/7ce1f28c0c3bbac99ff550b85ef8e44a6950c6ee24514fb6a5489e51d06f0298?s=96&d=mm&r=g","url":"https:\/\/secure.gravatar.com\/avatar\/7ce1f28c0c3bbac99ff550b85ef8e44a6950c6ee24514fb6a5489e51d06f0298?s=96&d=mm&r=g","contentUrl":"https:\/\/secure.gravatar.com\/avatar\/7ce1f28c0c3bbac99ff550b85ef8e44a6950c6ee24514fb6a5489e51d06f0298?s=96&d=mm&r=g","caption":"webdo.tn"},"url":"https:\/\/www.webdo.tn\/fr\/actualite\/author\/webdotn\/"}]}},"_links":{"self":[{"href":"https:\/\/www.webdo.tn\/fr\/wp-json\/wp\/v2\/posts\/183985","targetHints":{"allow":["GET"]}}],"collection":[{"href":"https:\/\/www.webdo.tn\/fr\/wp-json\/wp\/v2\/posts"}],"about":[{"href":"https:\/\/www.webdo.tn\/fr\/wp-json\/wp\/v2\/types\/post"}],"author":[{"embeddable":true,"href":"https:\/\/www.webdo.tn\/fr\/wp-json\/wp\/v2\/users\/3222"}],"replies":[{"embeddable":true,"href":"https:\/\/www.webdo.tn\/fr\/wp-json\/wp\/v2\/comments?post=183985"}],"version-history":[{"count":0,"href":"https:\/\/www.webdo.tn\/fr\/wp-json\/wp\/v2\/posts\/183985\/revisions"}],"wp:featuredmedia":[{"embeddable":true,"href":"https:\/\/www.webdo.tn\/fr\/wp-json\/wp\/v2\/media\/329590"}],"wp:attachment":[{"href":"https:\/\/www.webdo.tn\/fr\/wp-json\/wp\/v2\/media?parent=183985"}],"wp:term":[{"taxonomy":"category","embeddable":true,"href":"https:\/\/www.webdo.tn\/fr\/wp-json\/wp\/v2\/categories?post=183985"},{"taxonomy":"post_tag","embeddable":true,"href":"https:\/\/www.webdo.tn\/fr\/wp-json\/wp\/v2\/tags?post=183985"}],"curies":[{"name":"wp","href":"https:\/\/api.w.org\/{rel}","templated":true}]}}