{"id":183984,"date":"2015-08-28T19:32:00","date_gmt":"2015-08-28T19:32:00","guid":{"rendered":"https:\/\/www.webdo.tn\/fr\/blog\/dici-2040-le-bahrein-le-koweit-le-qatar-et-les-emirats-arabes-unis-risquent-la-secheresse\/183984\/"},"modified":"2025-05-19T10:09:24","modified_gmt":"2025-05-19T10:09:24","slug":"dici-2040-le-bahrein-le-koweit-le-qatar-et-les-emirats-arabes-unis-risquent-la-secheresse","status":"publish","type":"post","link":"https:\/\/www.webdo.tn\/fr\/actualite\/international\/dici-2040-le-bahrein-le-koweit-le-qatar-et-les-emirats-arabes-unis-risquent-la-secheresse\/183984\/","title":{"rendered":"D&rsquo;ici 2040, Le Bahre\u00efn, le Kowe\u00eft, le Qatar et les \u00c9mirats arabes unis risquent la s\u00e9cheresse"},"content":{"rendered":"<p>Selon une \u00e9tude du World Resources Institute (WRI), un centre de recherche am\u00e9ricain sur les questions environnementales, d&rsquo;ici 2040, 33 pays auront de s\u00e9rieux probl\u00e8mes en approvisionnement d&rsquo;eau.<br \/>\n14 sont situ\u00e9s au Moyen-Orient. Le Bahre\u00efn, le Kowe\u00eft, le Qatar, les \u00c9mirats arabes unis, la Palestine et Isra\u00ebl seront les plus touch\u00e9s, suivis de pr\u00e8s par l\u2019Arabie saoudite, le sultanat d\u2019Oman et le Liban.<br \/>\nLe Chili, la Namibie et le Botswana sont aussi menac\u00e9s, du fait de leurs temp\u00e9ratures \u00e9lev\u00e9es et de la quantit\u00e9 tr\u00e8s faible de pluies.<br \/>\nM\u00eame les pays qui ne semblent pas directement expos\u00e9s \u00e0 ce genre de probl\u00e8me, pourraient d&rsquo;ici 25 ans se retrouver dans une position inconfortable, comme le sud-ouest des \u00c9tats-Unis ou la province de Ningxia, dans le nord de la Chine.<br \/>\nSelon le Monde qui a publi\u00e9 cette \u00e9tude, ces recherches restent des projections et sont plus des possibilit\u00e9s que des certitudes. Reste \u00e0 esp\u00e9rer que les pays \u00e0 risque prendront les mesures ad\u00e9quates pour contrer ce sc\u00e9nario catastrophe.<\/p>\n","protected":false},"excerpt":{"rendered":"<p>D&rsquo;ici 2040, Le Bahre\u00efn, le Kowe\u00eft, le Qatar et les \u00c9mirats arabes unis risquent la s\u00e9cheresse<\/p>\n","protected":false},"author":3222,"featured_media":372891,"comment_status":"open","ping_status":"closed","sticky":false,"template":"","format":"standard","meta":{"footnotes":""},"categories":[2598],"tags":[2600],"class_list":["post-183984","post","type-post","status-publish","format-standard","has-post-thumbnail","hentry","category-international","tag-guerre"],"yoast_head":"<!-- This site is optimized with the Yoast SEO Premium plugin v27.5 (Yoast SEO v27.5) - https:\/\/yoast.com\/product\/yoast-seo-premium-wordpress\/ -->\n<title>D&#039;ici 2040, Le Bahre\u00efn, le Kowe\u00eft, le Qatar et les \u00c9mirats arabes unis risquent la s\u00e9cheresse<\/title>\n<meta name=\"description\" content=\"D&#039;ici 2040, Le Bahre\u00efn, le Kowe\u00eft, le Qatar et les \u00c9mirats arabes unis risquent la s\u00e9cheresse\" \/>\n<link rel=\"canonical\" href=\"https:\/\/www.webdo.tn\/fr\/actualite\/international\/dici-2040-le-bahrein-le-koweit-le-qatar-et-les-emirats-arabes-unis-risquent-la-secheresse\/183984\/\" \/>\n<meta property=\"og:locale\" content=\"fr_FR\" \/>\n<meta property=\"og:type\" content=\"article\" \/>\n<meta property=\"og:title\" content=\"D&#039;ici 2040, Le Bahre\u00efn, le Kowe\u00eft, le Qatar et les \u00c9mirats arabes unis risquent la s\u00e9cheresse\" \/>\n<meta property=\"og:description\" content=\"D&#039;ici 2040, Le Bahre\u00efn, le Kowe\u00eft, le Qatar et les \u00c9mirats arabes unis risquent la s\u00e9cheresse\" \/>\n<meta property=\"og:url\" content=\"https:\/\/www.webdo.tn\/fr\/actualite\/international\/dici-2040-le-bahrein-le-koweit-le-qatar-et-les-emirats-arabes-unis-risquent-la-secheresse\/183984\/\" \/>\n<meta property=\"og:site_name\" content=\"webdo\" \/>\n<meta property=\"article:publisher\" content=\"https:\/\/www.facebook.com\/webdotn\" \/>\n<meta property=\"article:published_time\" content=\"2015-08-28T19:32:00+00:00\" \/>\n<meta property=\"article:modified_time\" content=\"2025-05-19T10:09:24+00:00\" \/>\n<meta name=\"author\" content=\"webdo.tn\" \/>\n<meta name=\"twitter:card\" content=\"summary_large_image\" \/>\n<meta name=\"twitter:creator\" content=\"@webdo_tn\" \/>\n<meta name=\"twitter:site\" content=\"@webdo_tn\" \/>\n<meta name=\"twitter:label1\" content=\"\u00c9crit par\" \/>\n\t<meta name=\"twitter:data1\" content=\"webdo.tn\" \/>\n\t<meta name=\"twitter:label2\" content=\"Dur\u00e9e de lecture estim\u00e9e\" \/>\n\t<meta name=\"twitter:data2\" content=\"1 minute\" \/>\n<script type=\"application\/ld+json\" class=\"yoast-schema-graph\">{\"@context\":\"https:\\\/\\\/schema.org\",\"@graph\":[{\"@type\":\"NewsArticle\",\"@id\":\"https:\\\/\\\/www.webdo.tn\\\/fr\\\/actualite\\\/international\\\/dici-2040-le-bahrein-le-koweit-le-qatar-et-les-emirats-arabes-unis-risquent-la-secheresse\\\/183984\\\/#article\",\"isPartOf\":{\"@id\":\"https:\\\/\\\/www.webdo.tn\\\/fr\\\/actualite\\\/international\\\/dici-2040-le-bahrein-le-koweit-le-qatar-et-les-emirats-arabes-unis-risquent-la-secheresse\\\/183984\\\/\"},\"author\":{\"name\":\"webdo.tn\",\"@id\":\"https:\\\/\\\/www.webdo.tn\\\/fr\\\/#\\\/schema\\\/person\\\/9a9c6118d687c117df8ef3cc36a4d175\"},\"headline\":\"D&rsquo;ici 2040, Le Bahre\u00efn, le Kowe\u00eft, le Qatar et les \u00c9mirats arabes unis risquent la s\u00e9cheresse\",\"datePublished\":\"2015-08-28T19:32:00+00:00\",\"dateModified\":\"2025-05-19T10:09:24+00:00\",\"mainEntityOfPage\":{\"@id\":\"https:\\\/\\\/www.webdo.tn\\\/fr\\\/actualite\\\/international\\\/dici-2040-le-bahrein-le-koweit-le-qatar-et-les-emirats-arabes-unis-risquent-la-secheresse\\\/183984\\\/\"},\"wordCount\":202,\"commentCount\":0,\"publisher\":{\"@id\":\"https:\\\/\\\/www.webdo.tn\\\/fr\\\/#organization\"},\"image\":{\"@id\":\"https:\\\/\\\/www.webdo.tn\\\/fr\\\/actualite\\\/international\\\/dici-2040-le-bahrein-le-koweit-le-qatar-et-les-emirats-arabes-unis-risquent-la-secheresse\\\/183984\\\/#primaryimage\"},\"thumbnailUrl\":\"https:\\\/\\\/www.webdo.tn\\\/fr\\\/wp-content\\\/uploads\\\/2025\\\/06\\\/secheresse-300x199_183984.jpg\",\"keywords\":[\"guerre\"],\"articleSection\":[\"International\"],\"inLanguage\":\"fr-FR\"},{\"@type\":\"WebPage\",\"@id\":\"https:\\\/\\\/www.webdo.tn\\\/fr\\\/actualite\\\/international\\\/dici-2040-le-bahrein-le-koweit-le-qatar-et-les-emirats-arabes-unis-risquent-la-secheresse\\\/183984\\\/\",\"url\":\"https:\\\/\\\/www.webdo.tn\\\/fr\\\/actualite\\\/international\\\/dici-2040-le-bahrein-le-koweit-le-qatar-et-les-emirats-arabes-unis-risquent-la-secheresse\\\/183984\\\/\",\"name\":\"D'ici 2040, Le Bahre\u00efn, le Kowe\u00eft, le Qatar et les \u00c9mirats arabes unis risquent la s\u00e9cheresse\",\"isPartOf\":{\"@id\":\"https:\\\/\\\/www.webdo.tn\\\/fr\\\/#website\"},\"primaryImageOfPage\":{\"@id\":\"https:\\\/\\\/www.webdo.tn\\\/fr\\\/actualite\\\/international\\\/dici-2040-le-bahrein-le-koweit-le-qatar-et-les-emirats-arabes-unis-risquent-la-secheresse\\\/183984\\\/#primaryimage\"},\"image\":{\"@id\":\"https:\\\/\\\/www.webdo.tn\\\/fr\\\/actualite\\\/international\\\/dici-2040-le-bahrein-le-koweit-le-qatar-et-les-emirats-arabes-unis-risquent-la-secheresse\\\/183984\\\/#primaryimage\"},\"thumbnailUrl\":\"https:\\\/\\\/www.webdo.tn\\\/fr\\\/wp-content\\\/uploads\\\/2025\\\/06\\\/secheresse-300x199_183984.jpg\",\"datePublished\":\"2015-08-28T19:32:00+00:00\",\"dateModified\":\"2025-05-19T10:09:24+00:00\",\"description\":\"D'ici 2040, Le Bahre\u00efn, le Kowe\u00eft, le Qatar et les \u00c9mirats arabes unis risquent la s\u00e9cheresse\",\"breadcrumb\":{\"@id\":\"https:\\\/\\\/www.webdo.tn\\\/fr\\\/actualite\\\/international\\\/dici-2040-le-bahrein-le-koweit-le-qatar-et-les-emirats-arabes-unis-risquent-la-secheresse\\\/183984\\\/#breadcrumb\"},\"inLanguage\":\"fr-FR\",\"potentialAction\":[{\"@type\":\"ReadAction\",\"target\":[\"https:\\\/\\\/www.webdo.tn\\\/fr\\\/actualite\\\/international\\\/dici-2040-le-bahrein-le-koweit-le-qatar-et-les-emirats-arabes-unis-risquent-la-secheresse\\\/183984\\\/\"]}]},{\"@type\":\"ImageObject\",\"inLanguage\":\"fr-FR\",\"@id\":\"https:\\\/\\\/www.webdo.tn\\\/fr\\\/actualite\\\/international\\\/dici-2040-le-bahrein-le-koweit-le-qatar-et-les-emirats-arabes-unis-risquent-la-secheresse\\\/183984\\\/#primaryimage\",\"url\":\"https:\\\/\\\/www.webdo.tn\\\/fr\\\/wp-content\\\/uploads\\\/2025\\\/06\\\/secheresse-300x199_183984.jpg\",\"contentUrl\":\"https:\\\/\\\/www.webdo.tn\\\/fr\\\/wp-content\\\/uploads\\\/2025\\\/06\\\/secheresse-300x199_183984.jpg\",\"width\":300,\"height\":199,\"caption\":\"D'ici 2040, Le Bahre\u00efn, le Kowe\u00eft, le Qatar et les \u00c9mirats arabes unis risquent la s\u00e9cheresse\"},{\"@type\":\"BreadcrumbList\",\"@id\":\"https:\\\/\\\/www.webdo.tn\\\/fr\\\/actualite\\\/international\\\/dici-2040-le-bahrein-le-koweit-le-qatar-et-les-emirats-arabes-unis-risquent-la-secheresse\\\/183984\\\/#breadcrumb\",\"itemListElement\":[{\"@type\":\"ListItem\",\"position\":1,\"name\":\"Accueil\",\"item\":\"https:\\\/\\\/www.webdo.tn\\\/fr\\\/\"},{\"@type\":\"ListItem\",\"position\":2,\"name\":\"D&rsquo;ici 2040, Le Bahre\u00efn, le Kowe\u00eft, le Qatar et les \u00c9mirats arabes unis risquent la s\u00e9cheresse\"}]},{\"@type\":\"WebSite\",\"@id\":\"https:\\\/\\\/www.webdo.tn\\\/fr\\\/#website\",\"url\":\"https:\\\/\\\/www.webdo.tn\\\/fr\\\/\",\"name\":\"webdo\",\"description\":\"Tunisie - News en Tunisie et \u00e0 l&#039;international sur Webdo.tn\",\"publisher\":{\"@id\":\"https:\\\/\\\/www.webdo.tn\\\/fr\\\/#organization\"},\"potentialAction\":[{\"@type\":\"SearchAction\",\"target\":{\"@type\":\"EntryPoint\",\"urlTemplate\":\"https:\\\/\\\/www.webdo.tn\\\/fr\\\/?s={search_term_string}\"},\"query-input\":{\"@type\":\"PropertyValueSpecification\",\"valueRequired\":true,\"valueName\":\"search_term_string\"}}],\"inLanguage\":\"fr-FR\"},{\"@type\":\"Organization\",\"@id\":\"https:\\\/\\\/www.webdo.tn\\\/fr\\\/#organization\",\"name\":\"Webdo\",\"alternateName\":\"Webdo.tn\",\"url\":\"https:\\\/\\\/www.webdo.tn\\\/fr\\\/\",\"logo\":{\"@type\":\"ImageObject\",\"inLanguage\":\"fr-FR\",\"@id\":\"https:\\\/\\\/www.webdo.tn\\\/fr\\\/#\\\/schema\\\/logo\\\/image\\\/\",\"url\":\"https:\\\/\\\/www.webdo.tn\\\/fr\\\/wp-content\\\/uploads\\\/2025\\\/06\\\/Webdo-Tunisie_168377.jpg\",\"contentUrl\":\"https:\\\/\\\/www.webdo.tn\\\/fr\\\/wp-content\\\/uploads\\\/2025\\\/06\\\/Webdo-Tunisie_168377.jpg\",\"width\":301,\"height\":301,\"caption\":\"Webdo\"},\"image\":{\"@id\":\"https:\\\/\\\/www.webdo.tn\\\/fr\\\/#\\\/schema\\\/logo\\\/image\\\/\"},\"sameAs\":[\"https:\\\/\\\/www.facebook.com\\\/webdotn\",\"https:\\\/\\\/x.com\\\/webdo_tn\"],\"description\":\"Webdo est un m\u00e9dia num\u00e9rique tunisien fond\u00e9 en 2010, sp\u00e9cialis\u00e9 dans l\u2019actualit\u00e9 nationale et internationale, l\u2019\u00e9conomie, la soci\u00e9t\u00e9 et les analyses politiques. Le site s\u2019adresse \u00e0 un large public francophone et couvre l\u2019information tunisienne en temps r\u00e9el.\",\"email\":\"redac@webdo.tn\",\"legalName\":\"YNJ SARL\",\"foundingDate\":\"2010-09-06\",\"numberOfEmployees\":{\"@type\":\"QuantitativeValue\",\"minValue\":\"11\",\"maxValue\":\"50\"}},{\"@type\":\"Person\",\"@id\":\"https:\\\/\\\/www.webdo.tn\\\/fr\\\/#\\\/schema\\\/person\\\/9a9c6118d687c117df8ef3cc36a4d175\",\"name\":\"webdo.tn\",\"image\":{\"@type\":\"ImageObject\",\"inLanguage\":\"fr-FR\",\"@id\":\"https:\\\/\\\/secure.gravatar.com\\\/avatar\\\/7ce1f28c0c3bbac99ff550b85ef8e44a6950c6ee24514fb6a5489e51d06f0298?s=96&d=mm&r=g\",\"url\":\"https:\\\/\\\/secure.gravatar.com\\\/avatar\\\/7ce1f28c0c3bbac99ff550b85ef8e44a6950c6ee24514fb6a5489e51d06f0298?s=96&d=mm&r=g\",\"contentUrl\":\"https:\\\/\\\/secure.gravatar.com\\\/avatar\\\/7ce1f28c0c3bbac99ff550b85ef8e44a6950c6ee24514fb6a5489e51d06f0298?s=96&d=mm&r=g\",\"caption\":\"webdo.tn\"},\"url\":\"https:\\\/\\\/www.webdo.tn\\\/fr\\\/actualite\\\/author\\\/webdotn\\\/\"}]}<\/script>\n<!-- \/ Yoast SEO Premium plugin. -->","yoast_head_json":{"title":"D'ici 2040, Le Bahre\u00efn, le Kowe\u00eft, le Qatar et les \u00c9mirats arabes unis risquent la s\u00e9cheresse","description":"D'ici 2040, Le Bahre\u00efn, le Kowe\u00eft, le Qatar et les \u00c9mirats arabes unis risquent la s\u00e9cheresse","canonical":"https:\/\/www.webdo.tn\/fr\/actualite\/international\/dici-2040-le-bahrein-le-koweit-le-qatar-et-les-emirats-arabes-unis-risquent-la-secheresse\/183984\/","og_locale":"fr_FR","og_type":"article","og_title":"D'ici 2040, Le Bahre\u00efn, le Kowe\u00eft, le Qatar et les \u00c9mirats arabes unis risquent la s\u00e9cheresse","og_description":"D'ici 2040, Le Bahre\u00efn, le Kowe\u00eft, le Qatar et les \u00c9mirats arabes unis risquent la s\u00e9cheresse","og_url":"https:\/\/www.webdo.tn\/fr\/actualite\/international\/dici-2040-le-bahrein-le-koweit-le-qatar-et-les-emirats-arabes-unis-risquent-la-secheresse\/183984\/","og_site_name":"webdo","article_publisher":"https:\/\/www.facebook.com\/webdotn","article_published_time":"2015-08-28T19:32:00+00:00","article_modified_time":"2025-05-19T10:09:24+00:00","author":"webdo.tn","twitter_card":"summary_large_image","twitter_creator":"@webdo_tn","twitter_site":"@webdo_tn","twitter_misc":{"\u00c9crit par":"webdo.tn","Dur\u00e9e de lecture estim\u00e9e":"1 minute"},"schema":{"@context":"https:\/\/schema.org","@graph":[{"@type":"NewsArticle","@id":"https:\/\/www.webdo.tn\/fr\/actualite\/international\/dici-2040-le-bahrein-le-koweit-le-qatar-et-les-emirats-arabes-unis-risquent-la-secheresse\/183984\/#article","isPartOf":{"@id":"https:\/\/www.webdo.tn\/fr\/actualite\/international\/dici-2040-le-bahrein-le-koweit-le-qatar-et-les-emirats-arabes-unis-risquent-la-secheresse\/183984\/"},"author":{"name":"webdo.tn","@id":"https:\/\/www.webdo.tn\/fr\/#\/schema\/person\/9a9c6118d687c117df8ef3cc36a4d175"},"headline":"D&rsquo;ici 2040, Le Bahre\u00efn, le Kowe\u00eft, le Qatar et les \u00c9mirats arabes unis risquent la s\u00e9cheresse","datePublished":"2015-08-28T19:32:00+00:00","dateModified":"2025-05-19T10:09:24+00:00","mainEntityOfPage":{"@id":"https:\/\/www.webdo.tn\/fr\/actualite\/international\/dici-2040-le-bahrein-le-koweit-le-qatar-et-les-emirats-arabes-unis-risquent-la-secheresse\/183984\/"},"wordCount":202,"commentCount":0,"publisher":{"@id":"https:\/\/www.webdo.tn\/fr\/#organization"},"image":{"@id":"https:\/\/www.webdo.tn\/fr\/actualite\/international\/dici-2040-le-bahrein-le-koweit-le-qatar-et-les-emirats-arabes-unis-risquent-la-secheresse\/183984\/#primaryimage"},"thumbnailUrl":"https:\/\/www.webdo.tn\/fr\/wp-content\/uploads\/2025\/06\/secheresse-300x199_183984.jpg","keywords":["guerre"],"articleSection":["International"],"inLanguage":"fr-FR"},{"@type":"WebPage","@id":"https:\/\/www.webdo.tn\/fr\/actualite\/international\/dici-2040-le-bahrein-le-koweit-le-qatar-et-les-emirats-arabes-unis-risquent-la-secheresse\/183984\/","url":"https:\/\/www.webdo.tn\/fr\/actualite\/international\/dici-2040-le-bahrein-le-koweit-le-qatar-et-les-emirats-arabes-unis-risquent-la-secheresse\/183984\/","name":"D'ici 2040, Le Bahre\u00efn, le Kowe\u00eft, le Qatar et les \u00c9mirats arabes unis risquent la s\u00e9cheresse","isPartOf":{"@id":"https:\/\/www.webdo.tn\/fr\/#website"},"primaryImageOfPage":{"@id":"https:\/\/www.webdo.tn\/fr\/actualite\/international\/dici-2040-le-bahrein-le-koweit-le-qatar-et-les-emirats-arabes-unis-risquent-la-secheresse\/183984\/#primaryimage"},"image":{"@id":"https:\/\/www.webdo.tn\/fr\/actualite\/international\/dici-2040-le-bahrein-le-koweit-le-qatar-et-les-emirats-arabes-unis-risquent-la-secheresse\/183984\/#primaryimage"},"thumbnailUrl":"https:\/\/www.webdo.tn\/fr\/wp-content\/uploads\/2025\/06\/secheresse-300x199_183984.jpg","datePublished":"2015-08-28T19:32:00+00:00","dateModified":"2025-05-19T10:09:24+00:00","description":"D'ici 2040, Le Bahre\u00efn, le Kowe\u00eft, le Qatar et les \u00c9mirats arabes unis risquent la s\u00e9cheresse","breadcrumb":{"@id":"https:\/\/www.webdo.tn\/fr\/actualite\/international\/dici-2040-le-bahrein-le-koweit-le-qatar-et-les-emirats-arabes-unis-risquent-la-secheresse\/183984\/#breadcrumb"},"inLanguage":"fr-FR","potentialAction":[{"@type":"ReadAction","target":["https:\/\/www.webdo.tn\/fr\/actualite\/international\/dici-2040-le-bahrein-le-koweit-le-qatar-et-les-emirats-arabes-unis-risquent-la-secheresse\/183984\/"]}]},{"@type":"ImageObject","inLanguage":"fr-FR","@id":"https:\/\/www.webdo.tn\/fr\/actualite\/international\/dici-2040-le-bahrein-le-koweit-le-qatar-et-les-emirats-arabes-unis-risquent-la-secheresse\/183984\/#primaryimage","url":"https:\/\/www.webdo.tn\/fr\/wp-content\/uploads\/2025\/06\/secheresse-300x199_183984.jpg","contentUrl":"https:\/\/www.webdo.tn\/fr\/wp-content\/uploads\/2025\/06\/secheresse-300x199_183984.jpg","width":300,"height":199,"caption":"D'ici 2040, Le Bahre\u00efn, le Kowe\u00eft, le Qatar et les \u00c9mirats arabes unis risquent la s\u00e9cheresse"},{"@type":"BreadcrumbList","@id":"https:\/\/www.webdo.tn\/fr\/actualite\/international\/dici-2040-le-bahrein-le-koweit-le-qatar-et-les-emirats-arabes-unis-risquent-la-secheresse\/183984\/#breadcrumb","itemListElement":[{"@type":"ListItem","position":1,"name":"Accueil","item":"https:\/\/www.webdo.tn\/fr\/"},{"@type":"ListItem","position":2,"name":"D&rsquo;ici 2040, Le Bahre\u00efn, le Kowe\u00eft, le Qatar et les \u00c9mirats arabes unis risquent la s\u00e9cheresse"}]},{"@type":"WebSite","@id":"https:\/\/www.webdo.tn\/fr\/#website","url":"https:\/\/www.webdo.tn\/fr\/","name":"webdo","description":"Tunisie - News en Tunisie et \u00e0 l&#039;international sur Webdo.tn","publisher":{"@id":"https:\/\/www.webdo.tn\/fr\/#organization"},"potentialAction":[{"@type":"SearchAction","target":{"@type":"EntryPoint","urlTemplate":"https:\/\/www.webdo.tn\/fr\/?s={search_term_string}"},"query-input":{"@type":"PropertyValueSpecification","valueRequired":true,"valueName":"search_term_string"}}],"inLanguage":"fr-FR"},{"@type":"Organization","@id":"https:\/\/www.webdo.tn\/fr\/#organization","name":"Webdo","alternateName":"Webdo.tn","url":"https:\/\/www.webdo.tn\/fr\/","logo":{"@type":"ImageObject","inLanguage":"fr-FR","@id":"https:\/\/www.webdo.tn\/fr\/#\/schema\/logo\/image\/","url":"https:\/\/www.webdo.tn\/fr\/wp-content\/uploads\/2025\/06\/Webdo-Tunisie_168377.jpg","contentUrl":"https:\/\/www.webdo.tn\/fr\/wp-content\/uploads\/2025\/06\/Webdo-Tunisie_168377.jpg","width":301,"height":301,"caption":"Webdo"},"image":{"@id":"https:\/\/www.webdo.tn\/fr\/#\/schema\/logo\/image\/"},"sameAs":["https:\/\/www.facebook.com\/webdotn","https:\/\/x.com\/webdo_tn"],"description":"Webdo est un m\u00e9dia num\u00e9rique tunisien fond\u00e9 en 2010, sp\u00e9cialis\u00e9 dans l\u2019actualit\u00e9 nationale et internationale, l\u2019\u00e9conomie, la soci\u00e9t\u00e9 et les analyses politiques. Le site s\u2019adresse \u00e0 un large public francophone et couvre l\u2019information tunisienne en temps r\u00e9el.","email":"redac@webdo.tn","legalName":"YNJ SARL","foundingDate":"2010-09-06","numberOfEmployees":{"@type":"QuantitativeValue","minValue":"11","maxValue":"50"}},{"@type":"Person","@id":"https:\/\/www.webdo.tn\/fr\/#\/schema\/person\/9a9c6118d687c117df8ef3cc36a4d175","name":"webdo.tn","image":{"@type":"ImageObject","inLanguage":"fr-FR","@id":"https:\/\/secure.gravatar.com\/avatar\/7ce1f28c0c3bbac99ff550b85ef8e44a6950c6ee24514fb6a5489e51d06f0298?s=96&d=mm&r=g","url":"https:\/\/secure.gravatar.com\/avatar\/7ce1f28c0c3bbac99ff550b85ef8e44a6950c6ee24514fb6a5489e51d06f0298?s=96&d=mm&r=g","contentUrl":"https:\/\/secure.gravatar.com\/avatar\/7ce1f28c0c3bbac99ff550b85ef8e44a6950c6ee24514fb6a5489e51d06f0298?s=96&d=mm&r=g","caption":"webdo.tn"},"url":"https:\/\/www.webdo.tn\/fr\/actualite\/author\/webdotn\/"}]}},"_links":{"self":[{"href":"https:\/\/www.webdo.tn\/fr\/wp-json\/wp\/v2\/posts\/183984","targetHints":{"allow":["GET"]}}],"collection":[{"href":"https:\/\/www.webdo.tn\/fr\/wp-json\/wp\/v2\/posts"}],"about":[{"href":"https:\/\/www.webdo.tn\/fr\/wp-json\/wp\/v2\/types\/post"}],"author":[{"embeddable":true,"href":"https:\/\/www.webdo.tn\/fr\/wp-json\/wp\/v2\/users\/3222"}],"replies":[{"embeddable":true,"href":"https:\/\/www.webdo.tn\/fr\/wp-json\/wp\/v2\/comments?post=183984"}],"version-history":[{"count":0,"href":"https:\/\/www.webdo.tn\/fr\/wp-json\/wp\/v2\/posts\/183984\/revisions"}],"wp:featuredmedia":[{"embeddable":true,"href":"https:\/\/www.webdo.tn\/fr\/wp-json\/wp\/v2\/media\/372891"}],"wp:attachment":[{"href":"https:\/\/www.webdo.tn\/fr\/wp-json\/wp\/v2\/media?parent=183984"}],"wp:term":[{"taxonomy":"category","embeddable":true,"href":"https:\/\/www.webdo.tn\/fr\/wp-json\/wp\/v2\/categories?post=183984"},{"taxonomy":"post_tag","embeddable":true,"href":"https:\/\/www.webdo.tn\/fr\/wp-json\/wp\/v2\/tags?post=183984"}],"curies":[{"name":"wp","href":"https:\/\/api.w.org\/{rel}","templated":true}]}}