{"id":183983,"date":"2015-08-28T21:18:00","date_gmt":"2015-08-28T21:18:00","guid":{"rendered":"https:\/\/www.webdo.tn\/fr\/blog\/un-train-nazi-retrouve-enseveli-en-pologne-pourrait-cacher-un-tresor-datant-de-1945\/183983\/"},"modified":"2015-08-28T21:18:00","modified_gmt":"2015-08-28T21:18:00","slug":"un-train-nazi-retrouve-enseveli-en-pologne-pourrait-cacher-un-tresor-datant-de-1945","status":"publish","type":"post","link":"https:\/\/www.webdo.tn\/fr\/actualite\/international\/un-train-nazi-retrouve-enseveli-en-pologne-pourrait-cacher-un-tresor-datant-de-1945\/183983\/","title":{"rendered":"Un train nazi retrouv\u00e9 enseveli en Pologne pourrait cacher un tr\u00e9sor datant de 1945"},"content":{"rendered":"<p>Deux chasseurs de tr\u00e9sors polonais ont d\u00e9couvert dans la r\u00e9gion de Walbrzych, en Pologne, un train allemand qui aurait \u00e9t\u00e9 cach\u00e9 par les nazis lors de la seconde guerre mondiale.<\/p>\n<p>Le gouvernement pense que le fait que le train soit blind\u00e9 implique qu&rsquo;il y a probablement des armes, des bijoux, des objets de valeur et peut-\u00eatre des \u0153uvres d&rsquo;art.<\/p>\n<p>Le train a \u00e9t\u00e9 enseveli et les op\u00e9rations de d\u00e9terrement seront men\u00e9es par des sp\u00e9cialistes parce qu&rsquo;il y a des chances que le train ait \u00e9t\u00e9 min\u00e9 afin de prot\u00e9ger sa cargaison.<\/p>\n<p>La r\u00e9gion de Walbrzych abrite un important r\u00e9seau de galeries souterraines, creus\u00e9es par des prisonniers de camps de concentration. Ce qui attire de nombreux chercheurs de tr\u00e9sors qui esp\u00e8rent y trouver les tr\u00e9sors cach\u00e9s par les nazis en 1945.<\/p>\n<p>Ce train pourrait \u00eatre un jackpot pour les deux chercheurs qui l&rsquo;ont trouv\u00e9 puisqu&rsquo;ils ont le droit \u00e0 10% de la valeur de la cargaison.<\/p>\n","protected":false},"excerpt":{"rendered":"<p>Un train nazi retrouv\u00e9 enseveli en Pologne pourrait cacher un tr\u00e9sor datant de 1945<\/p>\n","protected":false},"author":3222,"featured_media":336223,"comment_status":"open","ping_status":"closed","sticky":false,"template":"","format":"standard","meta":{"footnotes":""},"categories":[2598],"tags":[2600],"class_list":["post-183983","post","type-post","status-publish","format-standard","has-post-thumbnail","hentry","category-international","tag-guerre"],"yoast_head":"<!-- This site is optimized with the Yoast SEO Premium plugin v27.5 (Yoast SEO v27.5) - https:\/\/yoast.com\/product\/yoast-seo-premium-wordpress\/ -->\n<title>Un train nazi retrouv\u00e9 enseveli en Pologne pourrait cacher un tr\u00e9sor datant de 1945<\/title>\n<meta name=\"description\" content=\"Un train nazi retrouv\u00e9 enseveli en Pologne pourrait cacher un tr\u00e9sor datant de 1945\" \/>\n<link rel=\"canonical\" href=\"https:\/\/www.webdo.tn\/fr\/actualite\/international\/un-train-nazi-retrouve-enseveli-en-pologne-pourrait-cacher-un-tresor-datant-de-1945\/183983\/\" \/>\n<meta property=\"og:locale\" content=\"fr_FR\" \/>\n<meta property=\"og:type\" content=\"article\" \/>\n<meta property=\"og:title\" content=\"Un train nazi retrouv\u00e9 enseveli en Pologne pourrait cacher un tr\u00e9sor datant de 1945\" \/>\n<meta property=\"og:description\" content=\"Un train nazi retrouv\u00e9 enseveli en Pologne pourrait cacher un tr\u00e9sor datant de 1945\" \/>\n<meta property=\"og:url\" content=\"https:\/\/www.webdo.tn\/fr\/actualite\/international\/un-train-nazi-retrouve-enseveli-en-pologne-pourrait-cacher-un-tresor-datant-de-1945\/183983\/\" \/>\n<meta property=\"og:site_name\" content=\"webdo\" \/>\n<meta property=\"article:publisher\" content=\"https:\/\/www.facebook.com\/webdotn\" \/>\n<meta property=\"article:published_time\" content=\"2015-08-28T21:18:00+00:00\" \/>\n<meta property=\"og:image\" content=\"https:\/\/www.webdo.tn\/fr\/wp-content\/uploads\/2015\/08\/nazi-train-aahhh-300x225-1.jpg\" \/>\n\t<meta property=\"og:image:width\" content=\"300\" \/>\n\t<meta property=\"og:image:height\" content=\"225\" \/>\n\t<meta property=\"og:image:type\" content=\"image\/jpeg\" \/>\n<meta name=\"author\" content=\"webdo.tn\" \/>\n<meta name=\"twitter:card\" content=\"summary_large_image\" \/>\n<meta name=\"twitter:creator\" content=\"@webdo_tn\" \/>\n<meta name=\"twitter:site\" content=\"@webdo_tn\" \/>\n<meta name=\"twitter:label1\" content=\"\u00c9crit par\" \/>\n\t<meta name=\"twitter:data1\" content=\"webdo.tn\" \/>\n\t<meta name=\"twitter:label2\" content=\"Dur\u00e9e de lecture estim\u00e9e\" \/>\n\t<meta name=\"twitter:data2\" content=\"1 minute\" \/>\n<script type=\"application\/ld+json\" class=\"yoast-schema-graph\">{\"@context\":\"https:\\\/\\\/schema.org\",\"@graph\":[{\"@type\":\"NewsArticle\",\"@id\":\"https:\\\/\\\/www.webdo.tn\\\/fr\\\/actualite\\\/international\\\/un-train-nazi-retrouve-enseveli-en-pologne-pourrait-cacher-un-tresor-datant-de-1945\\\/183983\\\/#article\",\"isPartOf\":{\"@id\":\"https:\\\/\\\/www.webdo.tn\\\/fr\\\/actualite\\\/international\\\/un-train-nazi-retrouve-enseveli-en-pologne-pourrait-cacher-un-tresor-datant-de-1945\\\/183983\\\/\"},\"author\":{\"name\":\"webdo.tn\",\"@id\":\"https:\\\/\\\/www.webdo.tn\\\/fr\\\/#\\\/schema\\\/person\\\/9a9c6118d687c117df8ef3cc36a4d175\"},\"headline\":\"Un train nazi retrouv\u00e9 enseveli en Pologne pourrait cacher un tr\u00e9sor datant de 1945\",\"datePublished\":\"2015-08-28T21:18:00+00:00\",\"mainEntityOfPage\":{\"@id\":\"https:\\\/\\\/www.webdo.tn\\\/fr\\\/actualite\\\/international\\\/un-train-nazi-retrouve-enseveli-en-pologne-pourrait-cacher-un-tresor-datant-de-1945\\\/183983\\\/\"},\"wordCount\":187,\"commentCount\":0,\"publisher\":{\"@id\":\"https:\\\/\\\/www.webdo.tn\\\/fr\\\/#organization\"},\"image\":{\"@id\":\"https:\\\/\\\/www.webdo.tn\\\/fr\\\/actualite\\\/international\\\/un-train-nazi-retrouve-enseveli-en-pologne-pourrait-cacher-un-tresor-datant-de-1945\\\/183983\\\/#primaryimage\"},\"thumbnailUrl\":\"https:\\\/\\\/www.webdo.tn\\\/fr\\\/wp-content\\\/uploads\\\/2015\\\/08\\\/nazi-train-aahhh-300x225-1.jpg\",\"keywords\":[\"guerre\"],\"articleSection\":[\"International\"],\"inLanguage\":\"fr-FR\"},{\"@type\":\"WebPage\",\"@id\":\"https:\\\/\\\/www.webdo.tn\\\/fr\\\/actualite\\\/international\\\/un-train-nazi-retrouve-enseveli-en-pologne-pourrait-cacher-un-tresor-datant-de-1945\\\/183983\\\/\",\"url\":\"https:\\\/\\\/www.webdo.tn\\\/fr\\\/actualite\\\/international\\\/un-train-nazi-retrouve-enseveli-en-pologne-pourrait-cacher-un-tresor-datant-de-1945\\\/183983\\\/\",\"name\":\"Un train nazi retrouv\u00e9 enseveli en Pologne pourrait cacher un tr\u00e9sor datant de 1945\",\"isPartOf\":{\"@id\":\"https:\\\/\\\/www.webdo.tn\\\/fr\\\/#website\"},\"primaryImageOfPage\":{\"@id\":\"https:\\\/\\\/www.webdo.tn\\\/fr\\\/actualite\\\/international\\\/un-train-nazi-retrouve-enseveli-en-pologne-pourrait-cacher-un-tresor-datant-de-1945\\\/183983\\\/#primaryimage\"},\"image\":{\"@id\":\"https:\\\/\\\/www.webdo.tn\\\/fr\\\/actualite\\\/international\\\/un-train-nazi-retrouve-enseveli-en-pologne-pourrait-cacher-un-tresor-datant-de-1945\\\/183983\\\/#primaryimage\"},\"thumbnailUrl\":\"https:\\\/\\\/www.webdo.tn\\\/fr\\\/wp-content\\\/uploads\\\/2015\\\/08\\\/nazi-train-aahhh-300x225-1.jpg\",\"datePublished\":\"2015-08-28T21:18:00+00:00\",\"description\":\"Un train nazi retrouv\u00e9 enseveli en Pologne pourrait cacher un tr\u00e9sor datant de 1945\",\"breadcrumb\":{\"@id\":\"https:\\\/\\\/www.webdo.tn\\\/fr\\\/actualite\\\/international\\\/un-train-nazi-retrouve-enseveli-en-pologne-pourrait-cacher-un-tresor-datant-de-1945\\\/183983\\\/#breadcrumb\"},\"inLanguage\":\"fr-FR\",\"potentialAction\":[{\"@type\":\"ReadAction\",\"target\":[\"https:\\\/\\\/www.webdo.tn\\\/fr\\\/actualite\\\/international\\\/un-train-nazi-retrouve-enseveli-en-pologne-pourrait-cacher-un-tresor-datant-de-1945\\\/183983\\\/\"]}]},{\"@type\":\"ImageObject\",\"inLanguage\":\"fr-FR\",\"@id\":\"https:\\\/\\\/www.webdo.tn\\\/fr\\\/actualite\\\/international\\\/un-train-nazi-retrouve-enseveli-en-pologne-pourrait-cacher-un-tresor-datant-de-1945\\\/183983\\\/#primaryimage\",\"url\":\"https:\\\/\\\/www.webdo.tn\\\/fr\\\/wp-content\\\/uploads\\\/2015\\\/08\\\/nazi-train-aahhh-300x225-1.jpg\",\"contentUrl\":\"https:\\\/\\\/www.webdo.tn\\\/fr\\\/wp-content\\\/uploads\\\/2015\\\/08\\\/nazi-train-aahhh-300x225-1.jpg\",\"width\":300,\"height\":225,\"caption\":\"Un train nazi retrouv\u00e9 enseveli en Pologne pourrait cacher un tr\u00e9sor datant de 1945\"},{\"@type\":\"BreadcrumbList\",\"@id\":\"https:\\\/\\\/www.webdo.tn\\\/fr\\\/actualite\\\/international\\\/un-train-nazi-retrouve-enseveli-en-pologne-pourrait-cacher-un-tresor-datant-de-1945\\\/183983\\\/#breadcrumb\",\"itemListElement\":[{\"@type\":\"ListItem\",\"position\":1,\"name\":\"Accueil\",\"item\":\"https:\\\/\\\/www.webdo.tn\\\/fr\\\/\"},{\"@type\":\"ListItem\",\"position\":2,\"name\":\"Un train nazi retrouv\u00e9 enseveli en Pologne pourrait cacher un tr\u00e9sor datant de 1945\"}]},{\"@type\":\"WebSite\",\"@id\":\"https:\\\/\\\/www.webdo.tn\\\/fr\\\/#website\",\"url\":\"https:\\\/\\\/www.webdo.tn\\\/fr\\\/\",\"name\":\"webdo\",\"description\":\"Tunisie - News en Tunisie et \u00e0 l&#039;international sur Webdo.tn\",\"publisher\":{\"@id\":\"https:\\\/\\\/www.webdo.tn\\\/fr\\\/#organization\"},\"potentialAction\":[{\"@type\":\"SearchAction\",\"target\":{\"@type\":\"EntryPoint\",\"urlTemplate\":\"https:\\\/\\\/www.webdo.tn\\\/fr\\\/?s={search_term_string}\"},\"query-input\":{\"@type\":\"PropertyValueSpecification\",\"valueRequired\":true,\"valueName\":\"search_term_string\"}}],\"inLanguage\":\"fr-FR\"},{\"@type\":\"Organization\",\"@id\":\"https:\\\/\\\/www.webdo.tn\\\/fr\\\/#organization\",\"name\":\"Webdo\",\"alternateName\":\"Webdo.tn\",\"url\":\"https:\\\/\\\/www.webdo.tn\\\/fr\\\/\",\"logo\":{\"@type\":\"ImageObject\",\"inLanguage\":\"fr-FR\",\"@id\":\"https:\\\/\\\/www.webdo.tn\\\/fr\\\/#\\\/schema\\\/logo\\\/image\\\/\",\"url\":\"https:\\\/\\\/www.webdo.tn\\\/fr\\\/wp-content\\\/uploads\\\/2025\\\/06\\\/Webdo-Tunisie_168377.jpg\",\"contentUrl\":\"https:\\\/\\\/www.webdo.tn\\\/fr\\\/wp-content\\\/uploads\\\/2025\\\/06\\\/Webdo-Tunisie_168377.jpg\",\"width\":301,\"height\":301,\"caption\":\"Webdo\"},\"image\":{\"@id\":\"https:\\\/\\\/www.webdo.tn\\\/fr\\\/#\\\/schema\\\/logo\\\/image\\\/\"},\"sameAs\":[\"https:\\\/\\\/www.facebook.com\\\/webdotn\",\"https:\\\/\\\/x.com\\\/webdo_tn\"],\"description\":\"Webdo est un m\u00e9dia num\u00e9rique tunisien fond\u00e9 en 2010, sp\u00e9cialis\u00e9 dans l\u2019actualit\u00e9 nationale et internationale, l\u2019\u00e9conomie, la soci\u00e9t\u00e9 et les analyses politiques. Le site s\u2019adresse \u00e0 un large public francophone et couvre l\u2019information tunisienne en temps r\u00e9el.\",\"email\":\"redac@webdo.tn\",\"legalName\":\"YNJ SARL\",\"foundingDate\":\"2010-09-06\",\"numberOfEmployees\":{\"@type\":\"QuantitativeValue\",\"minValue\":\"11\",\"maxValue\":\"50\"}},{\"@type\":\"Person\",\"@id\":\"https:\\\/\\\/www.webdo.tn\\\/fr\\\/#\\\/schema\\\/person\\\/9a9c6118d687c117df8ef3cc36a4d175\",\"name\":\"webdo.tn\",\"image\":{\"@type\":\"ImageObject\",\"inLanguage\":\"fr-FR\",\"@id\":\"https:\\\/\\\/secure.gravatar.com\\\/avatar\\\/7ce1f28c0c3bbac99ff550b85ef8e44a6950c6ee24514fb6a5489e51d06f0298?s=96&d=mm&r=g\",\"url\":\"https:\\\/\\\/secure.gravatar.com\\\/avatar\\\/7ce1f28c0c3bbac99ff550b85ef8e44a6950c6ee24514fb6a5489e51d06f0298?s=96&d=mm&r=g\",\"contentUrl\":\"https:\\\/\\\/secure.gravatar.com\\\/avatar\\\/7ce1f28c0c3bbac99ff550b85ef8e44a6950c6ee24514fb6a5489e51d06f0298?s=96&d=mm&r=g\",\"caption\":\"webdo.tn\"},\"url\":\"https:\\\/\\\/www.webdo.tn\\\/fr\\\/actualite\\\/author\\\/webdotn\\\/\"}]}<\/script>\n<!-- \/ Yoast SEO Premium plugin. -->","yoast_head_json":{"title":"Un train nazi retrouv\u00e9 enseveli en Pologne pourrait cacher un tr\u00e9sor datant de 1945","description":"Un train nazi retrouv\u00e9 enseveli en Pologne pourrait cacher un tr\u00e9sor datant de 1945","canonical":"https:\/\/www.webdo.tn\/fr\/actualite\/international\/un-train-nazi-retrouve-enseveli-en-pologne-pourrait-cacher-un-tresor-datant-de-1945\/183983\/","og_locale":"fr_FR","og_type":"article","og_title":"Un train nazi retrouv\u00e9 enseveli en Pologne pourrait cacher un tr\u00e9sor datant de 1945","og_description":"Un train nazi retrouv\u00e9 enseveli en Pologne pourrait cacher un tr\u00e9sor datant de 1945","og_url":"https:\/\/www.webdo.tn\/fr\/actualite\/international\/un-train-nazi-retrouve-enseveli-en-pologne-pourrait-cacher-un-tresor-datant-de-1945\/183983\/","og_site_name":"webdo","article_publisher":"https:\/\/www.facebook.com\/webdotn","article_published_time":"2015-08-28T21:18:00+00:00","og_image":[{"width":300,"height":225,"url":"https:\/\/www.webdo.tn\/fr\/wp-content\/uploads\/2015\/08\/nazi-train-aahhh-300x225-1.jpg","type":"image\/jpeg"}],"author":"webdo.tn","twitter_card":"summary_large_image","twitter_creator":"@webdo_tn","twitter_site":"@webdo_tn","twitter_misc":{"\u00c9crit par":"webdo.tn","Dur\u00e9e de lecture estim\u00e9e":"1 minute"},"schema":{"@context":"https:\/\/schema.org","@graph":[{"@type":"NewsArticle","@id":"https:\/\/www.webdo.tn\/fr\/actualite\/international\/un-train-nazi-retrouve-enseveli-en-pologne-pourrait-cacher-un-tresor-datant-de-1945\/183983\/#article","isPartOf":{"@id":"https:\/\/www.webdo.tn\/fr\/actualite\/international\/un-train-nazi-retrouve-enseveli-en-pologne-pourrait-cacher-un-tresor-datant-de-1945\/183983\/"},"author":{"name":"webdo.tn","@id":"https:\/\/www.webdo.tn\/fr\/#\/schema\/person\/9a9c6118d687c117df8ef3cc36a4d175"},"headline":"Un train nazi retrouv\u00e9 enseveli en Pologne pourrait cacher un tr\u00e9sor datant de 1945","datePublished":"2015-08-28T21:18:00+00:00","mainEntityOfPage":{"@id":"https:\/\/www.webdo.tn\/fr\/actualite\/international\/un-train-nazi-retrouve-enseveli-en-pologne-pourrait-cacher-un-tresor-datant-de-1945\/183983\/"},"wordCount":187,"commentCount":0,"publisher":{"@id":"https:\/\/www.webdo.tn\/fr\/#organization"},"image":{"@id":"https:\/\/www.webdo.tn\/fr\/actualite\/international\/un-train-nazi-retrouve-enseveli-en-pologne-pourrait-cacher-un-tresor-datant-de-1945\/183983\/#primaryimage"},"thumbnailUrl":"https:\/\/www.webdo.tn\/fr\/wp-content\/uploads\/2015\/08\/nazi-train-aahhh-300x225-1.jpg","keywords":["guerre"],"articleSection":["International"],"inLanguage":"fr-FR"},{"@type":"WebPage","@id":"https:\/\/www.webdo.tn\/fr\/actualite\/international\/un-train-nazi-retrouve-enseveli-en-pologne-pourrait-cacher-un-tresor-datant-de-1945\/183983\/","url":"https:\/\/www.webdo.tn\/fr\/actualite\/international\/un-train-nazi-retrouve-enseveli-en-pologne-pourrait-cacher-un-tresor-datant-de-1945\/183983\/","name":"Un train nazi retrouv\u00e9 enseveli en Pologne pourrait cacher un tr\u00e9sor datant de 1945","isPartOf":{"@id":"https:\/\/www.webdo.tn\/fr\/#website"},"primaryImageOfPage":{"@id":"https:\/\/www.webdo.tn\/fr\/actualite\/international\/un-train-nazi-retrouve-enseveli-en-pologne-pourrait-cacher-un-tresor-datant-de-1945\/183983\/#primaryimage"},"image":{"@id":"https:\/\/www.webdo.tn\/fr\/actualite\/international\/un-train-nazi-retrouve-enseveli-en-pologne-pourrait-cacher-un-tresor-datant-de-1945\/183983\/#primaryimage"},"thumbnailUrl":"https:\/\/www.webdo.tn\/fr\/wp-content\/uploads\/2015\/08\/nazi-train-aahhh-300x225-1.jpg","datePublished":"2015-08-28T21:18:00+00:00","description":"Un train nazi retrouv\u00e9 enseveli en Pologne pourrait cacher un tr\u00e9sor datant de 1945","breadcrumb":{"@id":"https:\/\/www.webdo.tn\/fr\/actualite\/international\/un-train-nazi-retrouve-enseveli-en-pologne-pourrait-cacher-un-tresor-datant-de-1945\/183983\/#breadcrumb"},"inLanguage":"fr-FR","potentialAction":[{"@type":"ReadAction","target":["https:\/\/www.webdo.tn\/fr\/actualite\/international\/un-train-nazi-retrouve-enseveli-en-pologne-pourrait-cacher-un-tresor-datant-de-1945\/183983\/"]}]},{"@type":"ImageObject","inLanguage":"fr-FR","@id":"https:\/\/www.webdo.tn\/fr\/actualite\/international\/un-train-nazi-retrouve-enseveli-en-pologne-pourrait-cacher-un-tresor-datant-de-1945\/183983\/#primaryimage","url":"https:\/\/www.webdo.tn\/fr\/wp-content\/uploads\/2015\/08\/nazi-train-aahhh-300x225-1.jpg","contentUrl":"https:\/\/www.webdo.tn\/fr\/wp-content\/uploads\/2015\/08\/nazi-train-aahhh-300x225-1.jpg","width":300,"height":225,"caption":"Un train nazi retrouv\u00e9 enseveli en Pologne pourrait cacher un tr\u00e9sor datant de 1945"},{"@type":"BreadcrumbList","@id":"https:\/\/www.webdo.tn\/fr\/actualite\/international\/un-train-nazi-retrouve-enseveli-en-pologne-pourrait-cacher-un-tresor-datant-de-1945\/183983\/#breadcrumb","itemListElement":[{"@type":"ListItem","position":1,"name":"Accueil","item":"https:\/\/www.webdo.tn\/fr\/"},{"@type":"ListItem","position":2,"name":"Un train nazi retrouv\u00e9 enseveli en Pologne pourrait cacher un tr\u00e9sor datant de 1945"}]},{"@type":"WebSite","@id":"https:\/\/www.webdo.tn\/fr\/#website","url":"https:\/\/www.webdo.tn\/fr\/","name":"webdo","description":"Tunisie - News en Tunisie et \u00e0 l&#039;international sur Webdo.tn","publisher":{"@id":"https:\/\/www.webdo.tn\/fr\/#organization"},"potentialAction":[{"@type":"SearchAction","target":{"@type":"EntryPoint","urlTemplate":"https:\/\/www.webdo.tn\/fr\/?s={search_term_string}"},"query-input":{"@type":"PropertyValueSpecification","valueRequired":true,"valueName":"search_term_string"}}],"inLanguage":"fr-FR"},{"@type":"Organization","@id":"https:\/\/www.webdo.tn\/fr\/#organization","name":"Webdo","alternateName":"Webdo.tn","url":"https:\/\/www.webdo.tn\/fr\/","logo":{"@type":"ImageObject","inLanguage":"fr-FR","@id":"https:\/\/www.webdo.tn\/fr\/#\/schema\/logo\/image\/","url":"https:\/\/www.webdo.tn\/fr\/wp-content\/uploads\/2025\/06\/Webdo-Tunisie_168377.jpg","contentUrl":"https:\/\/www.webdo.tn\/fr\/wp-content\/uploads\/2025\/06\/Webdo-Tunisie_168377.jpg","width":301,"height":301,"caption":"Webdo"},"image":{"@id":"https:\/\/www.webdo.tn\/fr\/#\/schema\/logo\/image\/"},"sameAs":["https:\/\/www.facebook.com\/webdotn","https:\/\/x.com\/webdo_tn"],"description":"Webdo est un m\u00e9dia num\u00e9rique tunisien fond\u00e9 en 2010, sp\u00e9cialis\u00e9 dans l\u2019actualit\u00e9 nationale et internationale, l\u2019\u00e9conomie, la soci\u00e9t\u00e9 et les analyses politiques. Le site s\u2019adresse \u00e0 un large public francophone et couvre l\u2019information tunisienne en temps r\u00e9el.","email":"redac@webdo.tn","legalName":"YNJ SARL","foundingDate":"2010-09-06","numberOfEmployees":{"@type":"QuantitativeValue","minValue":"11","maxValue":"50"}},{"@type":"Person","@id":"https:\/\/www.webdo.tn\/fr\/#\/schema\/person\/9a9c6118d687c117df8ef3cc36a4d175","name":"webdo.tn","image":{"@type":"ImageObject","inLanguage":"fr-FR","@id":"https:\/\/secure.gravatar.com\/avatar\/7ce1f28c0c3bbac99ff550b85ef8e44a6950c6ee24514fb6a5489e51d06f0298?s=96&d=mm&r=g","url":"https:\/\/secure.gravatar.com\/avatar\/7ce1f28c0c3bbac99ff550b85ef8e44a6950c6ee24514fb6a5489e51d06f0298?s=96&d=mm&r=g","contentUrl":"https:\/\/secure.gravatar.com\/avatar\/7ce1f28c0c3bbac99ff550b85ef8e44a6950c6ee24514fb6a5489e51d06f0298?s=96&d=mm&r=g","caption":"webdo.tn"},"url":"https:\/\/www.webdo.tn\/fr\/actualite\/author\/webdotn\/"}]}},"_links":{"self":[{"href":"https:\/\/www.webdo.tn\/fr\/wp-json\/wp\/v2\/posts\/183983","targetHints":{"allow":["GET"]}}],"collection":[{"href":"https:\/\/www.webdo.tn\/fr\/wp-json\/wp\/v2\/posts"}],"about":[{"href":"https:\/\/www.webdo.tn\/fr\/wp-json\/wp\/v2\/types\/post"}],"author":[{"embeddable":true,"href":"https:\/\/www.webdo.tn\/fr\/wp-json\/wp\/v2\/users\/3222"}],"replies":[{"embeddable":true,"href":"https:\/\/www.webdo.tn\/fr\/wp-json\/wp\/v2\/comments?post=183983"}],"version-history":[{"count":0,"href":"https:\/\/www.webdo.tn\/fr\/wp-json\/wp\/v2\/posts\/183983\/revisions"}],"wp:featuredmedia":[{"embeddable":true,"href":"https:\/\/www.webdo.tn\/fr\/wp-json\/wp\/v2\/media\/336223"}],"wp:attachment":[{"href":"https:\/\/www.webdo.tn\/fr\/wp-json\/wp\/v2\/media?parent=183983"}],"wp:term":[{"taxonomy":"category","embeddable":true,"href":"https:\/\/www.webdo.tn\/fr\/wp-json\/wp\/v2\/categories?post=183983"},{"taxonomy":"post_tag","embeddable":true,"href":"https:\/\/www.webdo.tn\/fr\/wp-json\/wp\/v2\/tags?post=183983"}],"curies":[{"name":"wp","href":"https:\/\/api.w.org\/{rel}","templated":true}]}}