{"id":183982,"date":"2015-08-29T10:55:00","date_gmt":"2015-08-29T10:55:00","guid":{"rendered":"https:\/\/www.webdo.tn\/fr\/actualite\/blog\/egypte-3-ans-de-prison-ferme-pour-trois-journalistes-dal-jazeera\/183982\/"},"modified":"2025-05-22T12:51:45","modified_gmt":"2025-05-22T12:51:45","slug":"egypte-3-ans-de-prison-ferme-pour-trois-journalistes-dal-jazeera","status":"publish","type":"post","link":"https:\/\/www.webdo.tn\/fr\/actualite\/international\/egypte-3-ans-de-prison-ferme-pour-trois-journalistes-dal-jazeera\/183982\/","title":{"rendered":"Egypte : 3 ans de prison ferme pour trois journalistes d&rsquo;Al Jazeera"},"content":{"rendered":"<p>La justice \u00e9gyptienne a condamn\u00e9, ce samedi 29 ao\u00fbt, \u00e0 3 ans de prison ferme trois journalistes de la cha\u00eene qatarie Al Jazeera, malgr\u00e9 les appels de la communaut\u00e9 internationale \u00e0 clore cette affaire.<\/p>\n<p>L&rsquo;Australien Peter Greste, le Canadien Mohamed Fahmy et l&rsquo;Egyptien Baher Mohamed sont accus\u00e9s d&rsquo;avoir \u00ab\u00a0diffus\u00e9 de fausses informations\u00a0\u00bb pour soutenir les Fr\u00e8res musulmans.<\/p>\n<p>Seuls Mohamed Fahmy et Baher Mohamed \u00e9taient pr\u00e9sents au tribunal, Peter Greste \u00e9tait lui jug\u00e9 par contumace. Il a lib\u00e9r\u00e9 et expuls\u00e9 vers l&rsquo;Australie, le 1er f\u00e9vrier 2015. Les trois journalistes avaient \u00e9t\u00e9 condamn\u00e9s en juin 2014 \u00e0 7 ans de prison.<\/p>\n","protected":false},"excerpt":{"rendered":"<p>Egypte : 3 ans de prison ferme pour trois journalistes d&rsquo;Al Jazeera<\/p>\n","protected":false},"author":3222,"featured_media":351822,"comment_status":"open","ping_status":"closed","sticky":false,"template":"","format":"standard","meta":{"footnotes":""},"categories":[2598],"tags":[],"class_list":["post-183982","post","type-post","status-publish","format-standard","has-post-thumbnail","hentry","category-international"],"yoast_head":"<!-- This site is optimized with the Yoast SEO Premium plugin v27.5 (Yoast SEO v27.5) - https:\/\/yoast.com\/product\/yoast-seo-premium-wordpress\/ -->\n<title>Egypte : 3 ans de prison ferme pour trois journalistes d&#039;Al Jazeera<\/title>\n<meta name=\"description\" content=\"Egypte : 3 ans de prison ferme pour trois journalistes d&#039;Al Jazeera\" \/>\n<link rel=\"canonical\" href=\"https:\/\/www.webdo.tn\/fr\/actualite\/international\/egypte-3-ans-de-prison-ferme-pour-trois-journalistes-dal-jazeera\/183982\/\" \/>\n<meta property=\"og:locale\" content=\"fr_FR\" \/>\n<meta property=\"og:type\" content=\"article\" \/>\n<meta property=\"og:title\" content=\"Egypte : 3 ans de prison ferme pour trois journalistes d&#039;Al Jazeera\" \/>\n<meta property=\"og:description\" content=\"Egypte : 3 ans de prison ferme pour trois journalistes d&#039;Al Jazeera\" \/>\n<meta property=\"og:url\" content=\"https:\/\/www.webdo.tn\/fr\/actualite\/international\/egypte-3-ans-de-prison-ferme-pour-trois-journalistes-dal-jazeera\/183982\/\" \/>\n<meta property=\"og:site_name\" content=\"webdo\" \/>\n<meta property=\"article:publisher\" content=\"https:\/\/www.facebook.com\/webdotn\" \/>\n<meta property=\"article:published_time\" content=\"2015-08-29T10:55:00+00:00\" \/>\n<meta property=\"article:modified_time\" content=\"2025-05-22T12:51:45+00:00\" \/>\n<meta property=\"og:image\" content=\"https:\/\/www.webdo.tn\/fr\/wp-content\/uploads\/2015\/08\/Journalistes-Al-Jazeera-300x189-1.jpg\" \/>\n\t<meta property=\"og:image:width\" content=\"300\" \/>\n\t<meta property=\"og:image:height\" content=\"189\" \/>\n\t<meta property=\"og:image:type\" content=\"image\/jpeg\" \/>\n<meta name=\"author\" content=\"webdo.tn\" \/>\n<meta name=\"twitter:card\" content=\"summary_large_image\" \/>\n<meta name=\"twitter:creator\" content=\"@webdo_tn\" \/>\n<meta name=\"twitter:site\" content=\"@webdo_tn\" \/>\n<meta name=\"twitter:label1\" content=\"\u00c9crit par\" \/>\n\t<meta name=\"twitter:data1\" content=\"webdo.tn\" \/>\n<script type=\"application\/ld+json\" class=\"yoast-schema-graph\">{\"@context\":\"https:\\\/\\\/schema.org\",\"@graph\":[{\"@type\":\"NewsArticle\",\"@id\":\"https:\\\/\\\/www.webdo.tn\\\/fr\\\/actualite\\\/international\\\/egypte-3-ans-de-prison-ferme-pour-trois-journalistes-dal-jazeera\\\/183982\\\/#article\",\"isPartOf\":{\"@id\":\"https:\\\/\\\/www.webdo.tn\\\/fr\\\/actualite\\\/international\\\/egypte-3-ans-de-prison-ferme-pour-trois-journalistes-dal-jazeera\\\/183982\\\/\"},\"author\":{\"name\":\"webdo.tn\",\"@id\":\"https:\\\/\\\/www.webdo.tn\\\/fr\\\/#\\\/schema\\\/person\\\/9a9c6118d687c117df8ef3cc36a4d175\"},\"headline\":\"Egypte : 3 ans de prison ferme pour trois journalistes d&rsquo;Al Jazeera\",\"datePublished\":\"2015-08-29T10:55:00+00:00\",\"dateModified\":\"2025-05-22T12:51:45+00:00\",\"mainEntityOfPage\":{\"@id\":\"https:\\\/\\\/www.webdo.tn\\\/fr\\\/actualite\\\/international\\\/egypte-3-ans-de-prison-ferme-pour-trois-journalistes-dal-jazeera\\\/183982\\\/\"},\"wordCount\":114,\"commentCount\":0,\"publisher\":{\"@id\":\"https:\\\/\\\/www.webdo.tn\\\/fr\\\/#organization\"},\"image\":{\"@id\":\"https:\\\/\\\/www.webdo.tn\\\/fr\\\/actualite\\\/international\\\/egypte-3-ans-de-prison-ferme-pour-trois-journalistes-dal-jazeera\\\/183982\\\/#primaryimage\"},\"thumbnailUrl\":\"https:\\\/\\\/www.webdo.tn\\\/fr\\\/wp-content\\\/uploads\\\/2015\\\/08\\\/Journalistes-Al-Jazeera-300x189-1.jpg\",\"articleSection\":[\"International\"],\"inLanguage\":\"fr-FR\"},{\"@type\":\"WebPage\",\"@id\":\"https:\\\/\\\/www.webdo.tn\\\/fr\\\/actualite\\\/international\\\/egypte-3-ans-de-prison-ferme-pour-trois-journalistes-dal-jazeera\\\/183982\\\/\",\"url\":\"https:\\\/\\\/www.webdo.tn\\\/fr\\\/actualite\\\/international\\\/egypte-3-ans-de-prison-ferme-pour-trois-journalistes-dal-jazeera\\\/183982\\\/\",\"name\":\"Egypte : 3 ans de prison ferme pour trois journalistes d'Al Jazeera\",\"isPartOf\":{\"@id\":\"https:\\\/\\\/www.webdo.tn\\\/fr\\\/#website\"},\"primaryImageOfPage\":{\"@id\":\"https:\\\/\\\/www.webdo.tn\\\/fr\\\/actualite\\\/international\\\/egypte-3-ans-de-prison-ferme-pour-trois-journalistes-dal-jazeera\\\/183982\\\/#primaryimage\"},\"image\":{\"@id\":\"https:\\\/\\\/www.webdo.tn\\\/fr\\\/actualite\\\/international\\\/egypte-3-ans-de-prison-ferme-pour-trois-journalistes-dal-jazeera\\\/183982\\\/#primaryimage\"},\"thumbnailUrl\":\"https:\\\/\\\/www.webdo.tn\\\/fr\\\/wp-content\\\/uploads\\\/2015\\\/08\\\/Journalistes-Al-Jazeera-300x189-1.jpg\",\"datePublished\":\"2015-08-29T10:55:00+00:00\",\"dateModified\":\"2025-05-22T12:51:45+00:00\",\"description\":\"Egypte : 3 ans de prison ferme pour trois journalistes d'Al Jazeera\",\"breadcrumb\":{\"@id\":\"https:\\\/\\\/www.webdo.tn\\\/fr\\\/actualite\\\/international\\\/egypte-3-ans-de-prison-ferme-pour-trois-journalistes-dal-jazeera\\\/183982\\\/#breadcrumb\"},\"inLanguage\":\"fr-FR\",\"potentialAction\":[{\"@type\":\"ReadAction\",\"target\":[\"https:\\\/\\\/www.webdo.tn\\\/fr\\\/actualite\\\/international\\\/egypte-3-ans-de-prison-ferme-pour-trois-journalistes-dal-jazeera\\\/183982\\\/\"]}]},{\"@type\":\"ImageObject\",\"inLanguage\":\"fr-FR\",\"@id\":\"https:\\\/\\\/www.webdo.tn\\\/fr\\\/actualite\\\/international\\\/egypte-3-ans-de-prison-ferme-pour-trois-journalistes-dal-jazeera\\\/183982\\\/#primaryimage\",\"url\":\"https:\\\/\\\/www.webdo.tn\\\/fr\\\/wp-content\\\/uploads\\\/2015\\\/08\\\/Journalistes-Al-Jazeera-300x189-1.jpg\",\"contentUrl\":\"https:\\\/\\\/www.webdo.tn\\\/fr\\\/wp-content\\\/uploads\\\/2015\\\/08\\\/Journalistes-Al-Jazeera-300x189-1.jpg\",\"width\":300,\"height\":189,\"caption\":\"Egypte : 3 ans de prison ferme pour trois journalistes d'Al Jazeera\"},{\"@type\":\"BreadcrumbList\",\"@id\":\"https:\\\/\\\/www.webdo.tn\\\/fr\\\/actualite\\\/international\\\/egypte-3-ans-de-prison-ferme-pour-trois-journalistes-dal-jazeera\\\/183982\\\/#breadcrumb\",\"itemListElement\":[{\"@type\":\"ListItem\",\"position\":1,\"name\":\"Accueil\",\"item\":\"https:\\\/\\\/www.webdo.tn\\\/fr\\\/\"},{\"@type\":\"ListItem\",\"position\":2,\"name\":\"Egypte : 3 ans de prison ferme pour trois journalistes d&rsquo;Al Jazeera\"}]},{\"@type\":\"WebSite\",\"@id\":\"https:\\\/\\\/www.webdo.tn\\\/fr\\\/#website\",\"url\":\"https:\\\/\\\/www.webdo.tn\\\/fr\\\/\",\"name\":\"webdo\",\"description\":\"Tunisie - News en Tunisie et \u00e0 l&#039;international sur Webdo.tn\",\"publisher\":{\"@id\":\"https:\\\/\\\/www.webdo.tn\\\/fr\\\/#organization\"},\"potentialAction\":[{\"@type\":\"SearchAction\",\"target\":{\"@type\":\"EntryPoint\",\"urlTemplate\":\"https:\\\/\\\/www.webdo.tn\\\/fr\\\/?s={search_term_string}\"},\"query-input\":{\"@type\":\"PropertyValueSpecification\",\"valueRequired\":true,\"valueName\":\"search_term_string\"}}],\"inLanguage\":\"fr-FR\"},{\"@type\":\"Organization\",\"@id\":\"https:\\\/\\\/www.webdo.tn\\\/fr\\\/#organization\",\"name\":\"Webdo\",\"alternateName\":\"Webdo.tn\",\"url\":\"https:\\\/\\\/www.webdo.tn\\\/fr\\\/\",\"logo\":{\"@type\":\"ImageObject\",\"inLanguage\":\"fr-FR\",\"@id\":\"https:\\\/\\\/www.webdo.tn\\\/fr\\\/#\\\/schema\\\/logo\\\/image\\\/\",\"url\":\"https:\\\/\\\/www.webdo.tn\\\/fr\\\/wp-content\\\/uploads\\\/2025\\\/06\\\/Webdo-Tunisie_168377.jpg\",\"contentUrl\":\"https:\\\/\\\/www.webdo.tn\\\/fr\\\/wp-content\\\/uploads\\\/2025\\\/06\\\/Webdo-Tunisie_168377.jpg\",\"width\":301,\"height\":301,\"caption\":\"Webdo\"},\"image\":{\"@id\":\"https:\\\/\\\/www.webdo.tn\\\/fr\\\/#\\\/schema\\\/logo\\\/image\\\/\"},\"sameAs\":[\"https:\\\/\\\/www.facebook.com\\\/webdotn\",\"https:\\\/\\\/x.com\\\/webdo_tn\"],\"description\":\"Webdo est un m\u00e9dia num\u00e9rique tunisien fond\u00e9 en 2010, sp\u00e9cialis\u00e9 dans l\u2019actualit\u00e9 nationale et internationale, l\u2019\u00e9conomie, la soci\u00e9t\u00e9 et les analyses politiques. Le site s\u2019adresse \u00e0 un large public francophone et couvre l\u2019information tunisienne en temps r\u00e9el.\",\"email\":\"redac@webdo.tn\",\"legalName\":\"YNJ SARL\",\"foundingDate\":\"2010-09-06\",\"numberOfEmployees\":{\"@type\":\"QuantitativeValue\",\"minValue\":\"11\",\"maxValue\":\"50\"}},{\"@type\":\"Person\",\"@id\":\"https:\\\/\\\/www.webdo.tn\\\/fr\\\/#\\\/schema\\\/person\\\/9a9c6118d687c117df8ef3cc36a4d175\",\"name\":\"webdo.tn\",\"image\":{\"@type\":\"ImageObject\",\"inLanguage\":\"fr-FR\",\"@id\":\"https:\\\/\\\/secure.gravatar.com\\\/avatar\\\/7ce1f28c0c3bbac99ff550b85ef8e44a6950c6ee24514fb6a5489e51d06f0298?s=96&d=mm&r=g\",\"url\":\"https:\\\/\\\/secure.gravatar.com\\\/avatar\\\/7ce1f28c0c3bbac99ff550b85ef8e44a6950c6ee24514fb6a5489e51d06f0298?s=96&d=mm&r=g\",\"contentUrl\":\"https:\\\/\\\/secure.gravatar.com\\\/avatar\\\/7ce1f28c0c3bbac99ff550b85ef8e44a6950c6ee24514fb6a5489e51d06f0298?s=96&d=mm&r=g\",\"caption\":\"webdo.tn\"},\"url\":\"https:\\\/\\\/www.webdo.tn\\\/fr\\\/actualite\\\/author\\\/webdotn\\\/\"}]}<\/script>\n<!-- \/ Yoast SEO Premium plugin. -->","yoast_head_json":{"title":"Egypte : 3 ans de prison ferme pour trois journalistes d'Al Jazeera","description":"Egypte : 3 ans de prison ferme pour trois journalistes d'Al Jazeera","canonical":"https:\/\/www.webdo.tn\/fr\/actualite\/international\/egypte-3-ans-de-prison-ferme-pour-trois-journalistes-dal-jazeera\/183982\/","og_locale":"fr_FR","og_type":"article","og_title":"Egypte : 3 ans de prison ferme pour trois journalistes d'Al Jazeera","og_description":"Egypte : 3 ans de prison ferme pour trois journalistes d'Al Jazeera","og_url":"https:\/\/www.webdo.tn\/fr\/actualite\/international\/egypte-3-ans-de-prison-ferme-pour-trois-journalistes-dal-jazeera\/183982\/","og_site_name":"webdo","article_publisher":"https:\/\/www.facebook.com\/webdotn","article_published_time":"2015-08-29T10:55:00+00:00","article_modified_time":"2025-05-22T12:51:45+00:00","og_image":[{"width":300,"height":189,"url":"https:\/\/www.webdo.tn\/fr\/wp-content\/uploads\/2015\/08\/Journalistes-Al-Jazeera-300x189-1.jpg","type":"image\/jpeg"}],"author":"webdo.tn","twitter_card":"summary_large_image","twitter_creator":"@webdo_tn","twitter_site":"@webdo_tn","twitter_misc":{"\u00c9crit par":"webdo.tn"},"schema":{"@context":"https:\/\/schema.org","@graph":[{"@type":"NewsArticle","@id":"https:\/\/www.webdo.tn\/fr\/actualite\/international\/egypte-3-ans-de-prison-ferme-pour-trois-journalistes-dal-jazeera\/183982\/#article","isPartOf":{"@id":"https:\/\/www.webdo.tn\/fr\/actualite\/international\/egypte-3-ans-de-prison-ferme-pour-trois-journalistes-dal-jazeera\/183982\/"},"author":{"name":"webdo.tn","@id":"https:\/\/www.webdo.tn\/fr\/#\/schema\/person\/9a9c6118d687c117df8ef3cc36a4d175"},"headline":"Egypte : 3 ans de prison ferme pour trois journalistes d&rsquo;Al Jazeera","datePublished":"2015-08-29T10:55:00+00:00","dateModified":"2025-05-22T12:51:45+00:00","mainEntityOfPage":{"@id":"https:\/\/www.webdo.tn\/fr\/actualite\/international\/egypte-3-ans-de-prison-ferme-pour-trois-journalistes-dal-jazeera\/183982\/"},"wordCount":114,"commentCount":0,"publisher":{"@id":"https:\/\/www.webdo.tn\/fr\/#organization"},"image":{"@id":"https:\/\/www.webdo.tn\/fr\/actualite\/international\/egypte-3-ans-de-prison-ferme-pour-trois-journalistes-dal-jazeera\/183982\/#primaryimage"},"thumbnailUrl":"https:\/\/www.webdo.tn\/fr\/wp-content\/uploads\/2015\/08\/Journalistes-Al-Jazeera-300x189-1.jpg","articleSection":["International"],"inLanguage":"fr-FR"},{"@type":"WebPage","@id":"https:\/\/www.webdo.tn\/fr\/actualite\/international\/egypte-3-ans-de-prison-ferme-pour-trois-journalistes-dal-jazeera\/183982\/","url":"https:\/\/www.webdo.tn\/fr\/actualite\/international\/egypte-3-ans-de-prison-ferme-pour-trois-journalistes-dal-jazeera\/183982\/","name":"Egypte : 3 ans de prison ferme pour trois journalistes d'Al Jazeera","isPartOf":{"@id":"https:\/\/www.webdo.tn\/fr\/#website"},"primaryImageOfPage":{"@id":"https:\/\/www.webdo.tn\/fr\/actualite\/international\/egypte-3-ans-de-prison-ferme-pour-trois-journalistes-dal-jazeera\/183982\/#primaryimage"},"image":{"@id":"https:\/\/www.webdo.tn\/fr\/actualite\/international\/egypte-3-ans-de-prison-ferme-pour-trois-journalistes-dal-jazeera\/183982\/#primaryimage"},"thumbnailUrl":"https:\/\/www.webdo.tn\/fr\/wp-content\/uploads\/2015\/08\/Journalistes-Al-Jazeera-300x189-1.jpg","datePublished":"2015-08-29T10:55:00+00:00","dateModified":"2025-05-22T12:51:45+00:00","description":"Egypte : 3 ans de prison ferme pour trois journalistes d'Al Jazeera","breadcrumb":{"@id":"https:\/\/www.webdo.tn\/fr\/actualite\/international\/egypte-3-ans-de-prison-ferme-pour-trois-journalistes-dal-jazeera\/183982\/#breadcrumb"},"inLanguage":"fr-FR","potentialAction":[{"@type":"ReadAction","target":["https:\/\/www.webdo.tn\/fr\/actualite\/international\/egypte-3-ans-de-prison-ferme-pour-trois-journalistes-dal-jazeera\/183982\/"]}]},{"@type":"ImageObject","inLanguage":"fr-FR","@id":"https:\/\/www.webdo.tn\/fr\/actualite\/international\/egypte-3-ans-de-prison-ferme-pour-trois-journalistes-dal-jazeera\/183982\/#primaryimage","url":"https:\/\/www.webdo.tn\/fr\/wp-content\/uploads\/2015\/08\/Journalistes-Al-Jazeera-300x189-1.jpg","contentUrl":"https:\/\/www.webdo.tn\/fr\/wp-content\/uploads\/2015\/08\/Journalistes-Al-Jazeera-300x189-1.jpg","width":300,"height":189,"caption":"Egypte : 3 ans de prison ferme pour trois journalistes d'Al Jazeera"},{"@type":"BreadcrumbList","@id":"https:\/\/www.webdo.tn\/fr\/actualite\/international\/egypte-3-ans-de-prison-ferme-pour-trois-journalistes-dal-jazeera\/183982\/#breadcrumb","itemListElement":[{"@type":"ListItem","position":1,"name":"Accueil","item":"https:\/\/www.webdo.tn\/fr\/"},{"@type":"ListItem","position":2,"name":"Egypte : 3 ans de prison ferme pour trois journalistes d&rsquo;Al Jazeera"}]},{"@type":"WebSite","@id":"https:\/\/www.webdo.tn\/fr\/#website","url":"https:\/\/www.webdo.tn\/fr\/","name":"webdo","description":"Tunisie - News en Tunisie et \u00e0 l&#039;international sur Webdo.tn","publisher":{"@id":"https:\/\/www.webdo.tn\/fr\/#organization"},"potentialAction":[{"@type":"SearchAction","target":{"@type":"EntryPoint","urlTemplate":"https:\/\/www.webdo.tn\/fr\/?s={search_term_string}"},"query-input":{"@type":"PropertyValueSpecification","valueRequired":true,"valueName":"search_term_string"}}],"inLanguage":"fr-FR"},{"@type":"Organization","@id":"https:\/\/www.webdo.tn\/fr\/#organization","name":"Webdo","alternateName":"Webdo.tn","url":"https:\/\/www.webdo.tn\/fr\/","logo":{"@type":"ImageObject","inLanguage":"fr-FR","@id":"https:\/\/www.webdo.tn\/fr\/#\/schema\/logo\/image\/","url":"https:\/\/www.webdo.tn\/fr\/wp-content\/uploads\/2025\/06\/Webdo-Tunisie_168377.jpg","contentUrl":"https:\/\/www.webdo.tn\/fr\/wp-content\/uploads\/2025\/06\/Webdo-Tunisie_168377.jpg","width":301,"height":301,"caption":"Webdo"},"image":{"@id":"https:\/\/www.webdo.tn\/fr\/#\/schema\/logo\/image\/"},"sameAs":["https:\/\/www.facebook.com\/webdotn","https:\/\/x.com\/webdo_tn"],"description":"Webdo est un m\u00e9dia num\u00e9rique tunisien fond\u00e9 en 2010, sp\u00e9cialis\u00e9 dans l\u2019actualit\u00e9 nationale et internationale, l\u2019\u00e9conomie, la soci\u00e9t\u00e9 et les analyses politiques. Le site s\u2019adresse \u00e0 un large public francophone et couvre l\u2019information tunisienne en temps r\u00e9el.","email":"redac@webdo.tn","legalName":"YNJ SARL","foundingDate":"2010-09-06","numberOfEmployees":{"@type":"QuantitativeValue","minValue":"11","maxValue":"50"}},{"@type":"Person","@id":"https:\/\/www.webdo.tn\/fr\/#\/schema\/person\/9a9c6118d687c117df8ef3cc36a4d175","name":"webdo.tn","image":{"@type":"ImageObject","inLanguage":"fr-FR","@id":"https:\/\/secure.gravatar.com\/avatar\/7ce1f28c0c3bbac99ff550b85ef8e44a6950c6ee24514fb6a5489e51d06f0298?s=96&d=mm&r=g","url":"https:\/\/secure.gravatar.com\/avatar\/7ce1f28c0c3bbac99ff550b85ef8e44a6950c6ee24514fb6a5489e51d06f0298?s=96&d=mm&r=g","contentUrl":"https:\/\/secure.gravatar.com\/avatar\/7ce1f28c0c3bbac99ff550b85ef8e44a6950c6ee24514fb6a5489e51d06f0298?s=96&d=mm&r=g","caption":"webdo.tn"},"url":"https:\/\/www.webdo.tn\/fr\/actualite\/author\/webdotn\/"}]}},"_links":{"self":[{"href":"https:\/\/www.webdo.tn\/fr\/wp-json\/wp\/v2\/posts\/183982","targetHints":{"allow":["GET"]}}],"collection":[{"href":"https:\/\/www.webdo.tn\/fr\/wp-json\/wp\/v2\/posts"}],"about":[{"href":"https:\/\/www.webdo.tn\/fr\/wp-json\/wp\/v2\/types\/post"}],"author":[{"embeddable":true,"href":"https:\/\/www.webdo.tn\/fr\/wp-json\/wp\/v2\/users\/3222"}],"replies":[{"embeddable":true,"href":"https:\/\/www.webdo.tn\/fr\/wp-json\/wp\/v2\/comments?post=183982"}],"version-history":[{"count":0,"href":"https:\/\/www.webdo.tn\/fr\/wp-json\/wp\/v2\/posts\/183982\/revisions"}],"wp:featuredmedia":[{"embeddable":true,"href":"https:\/\/www.webdo.tn\/fr\/wp-json\/wp\/v2\/media\/351822"}],"wp:attachment":[{"href":"https:\/\/www.webdo.tn\/fr\/wp-json\/wp\/v2\/media?parent=183982"}],"wp:term":[{"taxonomy":"category","embeddable":true,"href":"https:\/\/www.webdo.tn\/fr\/wp-json\/wp\/v2\/categories?post=183982"},{"taxonomy":"post_tag","embeddable":true,"href":"https:\/\/www.webdo.tn\/fr\/wp-json\/wp\/v2\/tags?post=183982"}],"curies":[{"name":"wp","href":"https:\/\/api.w.org\/{rel}","templated":true}]}}