{"id":183981,"date":"2015-08-29T19:04:00","date_gmt":"2015-08-29T19:04:00","guid":{"rendered":"https:\/\/www.webdo.tn\/fr\/actualite\/blog\/des-journalistes-francais-font-chanter-le-roi-du-maroc\/183981\/"},"modified":"2025-05-22T12:51:53","modified_gmt":"2025-05-22T12:51:53","slug":"des-journalistes-francais-font-chanter-le-roi-du-maroc","status":"publish","type":"post","link":"https:\/\/www.webdo.tn\/fr\/actualite\/international\/des-journalistes-francais-font-chanter-le-roi-du-maroc\/183981\/","title":{"rendered":"Des journalistes fran\u00e7ais font chanter le roi du Maroc"},"content":{"rendered":"<p>Le 23 juillet, Eric Laurent, journaliste fran\u00e7ais prend contact avec le secr\u00e9tariat du roi du Maroc. Il annonce qu&rsquo;il est en train d&rsquo;\u00e9crire un livre avec une coll\u00e8gue, Catherine Graciet qui d\u00e9voilerait des choses compromettantes sur la famille royale.<\/p>\n<p>Un repr\u00e9sentant du Palais est alors envoy\u00e9 \u00e0 Paris pour comprendre de quoi il s&rsquo;agit.<\/p>\n<p>Au cours de cette rencontre, Eric Laurent parle d&rsquo;un ouvrage compromettant pour le Palais et demande 3 millions d\u2019euros pour renoncer \u00e0 sa publication.<\/p>\n<p>Une plainte est imm\u00e9diatement d\u00e9pos\u00e9e aupr\u00e8s du parquet de Paris. Les policiers d\u00e9cident de tendre un pi\u00e8ge au journaliste. Un autre rendez-vous est pris, mais cette fois, il sera sur \u00e9coute. Eric Laurent refait la m\u00eame offre, 3 millions d\u2019euros contre son silence.<\/p>\n<p>Le 27 ao\u00fbt, une 3\u00e8me rencontre a lieu, cette fois en pr\u00e9sence de Catherine Graciet, \u00e9galement. Pour formaliser l&rsquo;accord, un contrat est sign\u00e9 et un acompte de 80 000 euros est vers\u00e9.<\/p>\n<p>La preuve dont avait besoin la police est l\u00e0. Selon Le Monde, les deux journalistes ont \u00e9t\u00e9 imm\u00e9diatement mis en garde \u00e0 vue.<\/p>\n","protected":false},"excerpt":{"rendered":"<p>Des journalistes fran\u00e7ais font chanter le roi du Maroc<\/p>\n","protected":false},"author":3222,"featured_media":351831,"comment_status":"open","ping_status":"closed","sticky":false,"template":"","format":"standard","meta":{"footnotes":""},"categories":[2598],"tags":[],"class_list":["post-183981","post","type-post","status-publish","format-standard","has-post-thumbnail","hentry","category-international"],"yoast_head":"<!-- This site is optimized with the Yoast SEO Premium plugin v27.5 (Yoast SEO v27.5) - https:\/\/yoast.com\/product\/yoast-seo-premium-wordpress\/ -->\n<title>Des journalistes fran\u00e7ais font chanter le roi du Maroc<\/title>\n<meta name=\"description\" content=\"Des journalistes fran\u00e7ais font chanter le roi du Maroc\" \/>\n<link rel=\"canonical\" href=\"https:\/\/www.webdo.tn\/fr\/actualite\/international\/des-journalistes-francais-font-chanter-le-roi-du-maroc\/183981\/\" \/>\n<meta property=\"og:locale\" content=\"fr_FR\" \/>\n<meta property=\"og:type\" content=\"article\" \/>\n<meta property=\"og:title\" content=\"Des journalistes fran\u00e7ais font chanter le roi du Maroc\" \/>\n<meta property=\"og:description\" content=\"Des journalistes fran\u00e7ais font chanter le roi du Maroc\" \/>\n<meta property=\"og:url\" content=\"https:\/\/www.webdo.tn\/fr\/actualite\/international\/des-journalistes-francais-font-chanter-le-roi-du-maroc\/183981\/\" \/>\n<meta property=\"og:site_name\" content=\"webdo\" \/>\n<meta property=\"article:publisher\" content=\"https:\/\/www.facebook.com\/webdotn\" \/>\n<meta property=\"article:published_time\" content=\"2015-08-29T19:04:00+00:00\" \/>\n<meta property=\"article:modified_time\" content=\"2025-05-22T12:51:53+00:00\" \/>\n<meta property=\"og:image\" content=\"https:\/\/www.webdo.tn\/fr\/wp-content\/uploads\/2015\/08\/Royal_Palace_Rabat-300x214-1.jpg\" \/>\n\t<meta property=\"og:image:width\" content=\"300\" \/>\n\t<meta property=\"og:image:height\" content=\"214\" \/>\n\t<meta property=\"og:image:type\" content=\"image\/jpeg\" \/>\n<meta name=\"author\" content=\"webdo.tn\" \/>\n<meta name=\"twitter:card\" content=\"summary_large_image\" \/>\n<meta name=\"twitter:creator\" content=\"@webdo_tn\" \/>\n<meta name=\"twitter:site\" content=\"@webdo_tn\" \/>\n<meta name=\"twitter:label1\" content=\"\u00c9crit par\" \/>\n\t<meta name=\"twitter:data1\" content=\"webdo.tn\" \/>\n\t<meta name=\"twitter:label2\" content=\"Dur\u00e9e de lecture estim\u00e9e\" \/>\n\t<meta name=\"twitter:data2\" content=\"1 minute\" \/>\n<script type=\"application\/ld+json\" class=\"yoast-schema-graph\">{\"@context\":\"https:\\\/\\\/schema.org\",\"@graph\":[{\"@type\":\"NewsArticle\",\"@id\":\"https:\\\/\\\/www.webdo.tn\\\/fr\\\/actualite\\\/international\\\/des-journalistes-francais-font-chanter-le-roi-du-maroc\\\/183981\\\/#article\",\"isPartOf\":{\"@id\":\"https:\\\/\\\/www.webdo.tn\\\/fr\\\/actualite\\\/international\\\/des-journalistes-francais-font-chanter-le-roi-du-maroc\\\/183981\\\/\"},\"author\":{\"name\":\"webdo.tn\",\"@id\":\"https:\\\/\\\/www.webdo.tn\\\/fr\\\/#\\\/schema\\\/person\\\/9a9c6118d687c117df8ef3cc36a4d175\"},\"headline\":\"Des journalistes fran\u00e7ais font chanter le roi du Maroc\",\"datePublished\":\"2015-08-29T19:04:00+00:00\",\"dateModified\":\"2025-05-22T12:51:53+00:00\",\"mainEntityOfPage\":{\"@id\":\"https:\\\/\\\/www.webdo.tn\\\/fr\\\/actualite\\\/international\\\/des-journalistes-francais-font-chanter-le-roi-du-maroc\\\/183981\\\/\"},\"wordCount\":199,\"commentCount\":0,\"publisher\":{\"@id\":\"https:\\\/\\\/www.webdo.tn\\\/fr\\\/#organization\"},\"image\":{\"@id\":\"https:\\\/\\\/www.webdo.tn\\\/fr\\\/actualite\\\/international\\\/des-journalistes-francais-font-chanter-le-roi-du-maroc\\\/183981\\\/#primaryimage\"},\"thumbnailUrl\":\"https:\\\/\\\/www.webdo.tn\\\/fr\\\/wp-content\\\/uploads\\\/2015\\\/08\\\/Royal_Palace_Rabat-300x214-1.jpg\",\"articleSection\":[\"International\"],\"inLanguage\":\"fr-FR\"},{\"@type\":\"WebPage\",\"@id\":\"https:\\\/\\\/www.webdo.tn\\\/fr\\\/actualite\\\/international\\\/des-journalistes-francais-font-chanter-le-roi-du-maroc\\\/183981\\\/\",\"url\":\"https:\\\/\\\/www.webdo.tn\\\/fr\\\/actualite\\\/international\\\/des-journalistes-francais-font-chanter-le-roi-du-maroc\\\/183981\\\/\",\"name\":\"Des journalistes fran\u00e7ais font chanter le roi du Maroc\",\"isPartOf\":{\"@id\":\"https:\\\/\\\/www.webdo.tn\\\/fr\\\/#website\"},\"primaryImageOfPage\":{\"@id\":\"https:\\\/\\\/www.webdo.tn\\\/fr\\\/actualite\\\/international\\\/des-journalistes-francais-font-chanter-le-roi-du-maroc\\\/183981\\\/#primaryimage\"},\"image\":{\"@id\":\"https:\\\/\\\/www.webdo.tn\\\/fr\\\/actualite\\\/international\\\/des-journalistes-francais-font-chanter-le-roi-du-maroc\\\/183981\\\/#primaryimage\"},\"thumbnailUrl\":\"https:\\\/\\\/www.webdo.tn\\\/fr\\\/wp-content\\\/uploads\\\/2015\\\/08\\\/Royal_Palace_Rabat-300x214-1.jpg\",\"datePublished\":\"2015-08-29T19:04:00+00:00\",\"dateModified\":\"2025-05-22T12:51:53+00:00\",\"description\":\"Des journalistes fran\u00e7ais font chanter le roi du Maroc\",\"breadcrumb\":{\"@id\":\"https:\\\/\\\/www.webdo.tn\\\/fr\\\/actualite\\\/international\\\/des-journalistes-francais-font-chanter-le-roi-du-maroc\\\/183981\\\/#breadcrumb\"},\"inLanguage\":\"fr-FR\",\"potentialAction\":[{\"@type\":\"ReadAction\",\"target\":[\"https:\\\/\\\/www.webdo.tn\\\/fr\\\/actualite\\\/international\\\/des-journalistes-francais-font-chanter-le-roi-du-maroc\\\/183981\\\/\"]}]},{\"@type\":\"ImageObject\",\"inLanguage\":\"fr-FR\",\"@id\":\"https:\\\/\\\/www.webdo.tn\\\/fr\\\/actualite\\\/international\\\/des-journalistes-francais-font-chanter-le-roi-du-maroc\\\/183981\\\/#primaryimage\",\"url\":\"https:\\\/\\\/www.webdo.tn\\\/fr\\\/wp-content\\\/uploads\\\/2015\\\/08\\\/Royal_Palace_Rabat-300x214-1.jpg\",\"contentUrl\":\"https:\\\/\\\/www.webdo.tn\\\/fr\\\/wp-content\\\/uploads\\\/2015\\\/08\\\/Royal_Palace_Rabat-300x214-1.jpg\",\"width\":300,\"height\":214,\"caption\":\"Des journalistes fran\u00e7ais font chanter le roi du Maroc\"},{\"@type\":\"BreadcrumbList\",\"@id\":\"https:\\\/\\\/www.webdo.tn\\\/fr\\\/actualite\\\/international\\\/des-journalistes-francais-font-chanter-le-roi-du-maroc\\\/183981\\\/#breadcrumb\",\"itemListElement\":[{\"@type\":\"ListItem\",\"position\":1,\"name\":\"Accueil\",\"item\":\"https:\\\/\\\/www.webdo.tn\\\/fr\\\/\"},{\"@type\":\"ListItem\",\"position\":2,\"name\":\"Des journalistes fran\u00e7ais font chanter le roi du Maroc\"}]},{\"@type\":\"WebSite\",\"@id\":\"https:\\\/\\\/www.webdo.tn\\\/fr\\\/#website\",\"url\":\"https:\\\/\\\/www.webdo.tn\\\/fr\\\/\",\"name\":\"webdo\",\"description\":\"Tunisie - News en Tunisie et \u00e0 l&#039;international sur Webdo.tn\",\"publisher\":{\"@id\":\"https:\\\/\\\/www.webdo.tn\\\/fr\\\/#organization\"},\"potentialAction\":[{\"@type\":\"SearchAction\",\"target\":{\"@type\":\"EntryPoint\",\"urlTemplate\":\"https:\\\/\\\/www.webdo.tn\\\/fr\\\/?s={search_term_string}\"},\"query-input\":{\"@type\":\"PropertyValueSpecification\",\"valueRequired\":true,\"valueName\":\"search_term_string\"}}],\"inLanguage\":\"fr-FR\"},{\"@type\":\"Organization\",\"@id\":\"https:\\\/\\\/www.webdo.tn\\\/fr\\\/#organization\",\"name\":\"Webdo\",\"alternateName\":\"Webdo.tn\",\"url\":\"https:\\\/\\\/www.webdo.tn\\\/fr\\\/\",\"logo\":{\"@type\":\"ImageObject\",\"inLanguage\":\"fr-FR\",\"@id\":\"https:\\\/\\\/www.webdo.tn\\\/fr\\\/#\\\/schema\\\/logo\\\/image\\\/\",\"url\":\"https:\\\/\\\/www.webdo.tn\\\/fr\\\/wp-content\\\/uploads\\\/2025\\\/06\\\/Webdo-Tunisie_168377.jpg\",\"contentUrl\":\"https:\\\/\\\/www.webdo.tn\\\/fr\\\/wp-content\\\/uploads\\\/2025\\\/06\\\/Webdo-Tunisie_168377.jpg\",\"width\":301,\"height\":301,\"caption\":\"Webdo\"},\"image\":{\"@id\":\"https:\\\/\\\/www.webdo.tn\\\/fr\\\/#\\\/schema\\\/logo\\\/image\\\/\"},\"sameAs\":[\"https:\\\/\\\/www.facebook.com\\\/webdotn\",\"https:\\\/\\\/x.com\\\/webdo_tn\"],\"description\":\"Webdo est un m\u00e9dia num\u00e9rique tunisien fond\u00e9 en 2010, sp\u00e9cialis\u00e9 dans l\u2019actualit\u00e9 nationale et internationale, l\u2019\u00e9conomie, la soci\u00e9t\u00e9 et les analyses politiques. Le site s\u2019adresse \u00e0 un large public francophone et couvre l\u2019information tunisienne en temps r\u00e9el.\",\"email\":\"redac@webdo.tn\",\"legalName\":\"YNJ SARL\",\"foundingDate\":\"2010-09-06\",\"numberOfEmployees\":{\"@type\":\"QuantitativeValue\",\"minValue\":\"11\",\"maxValue\":\"50\"}},{\"@type\":\"Person\",\"@id\":\"https:\\\/\\\/www.webdo.tn\\\/fr\\\/#\\\/schema\\\/person\\\/9a9c6118d687c117df8ef3cc36a4d175\",\"name\":\"webdo.tn\",\"image\":{\"@type\":\"ImageObject\",\"inLanguage\":\"fr-FR\",\"@id\":\"https:\\\/\\\/secure.gravatar.com\\\/avatar\\\/7ce1f28c0c3bbac99ff550b85ef8e44a6950c6ee24514fb6a5489e51d06f0298?s=96&d=mm&r=g\",\"url\":\"https:\\\/\\\/secure.gravatar.com\\\/avatar\\\/7ce1f28c0c3bbac99ff550b85ef8e44a6950c6ee24514fb6a5489e51d06f0298?s=96&d=mm&r=g\",\"contentUrl\":\"https:\\\/\\\/secure.gravatar.com\\\/avatar\\\/7ce1f28c0c3bbac99ff550b85ef8e44a6950c6ee24514fb6a5489e51d06f0298?s=96&d=mm&r=g\",\"caption\":\"webdo.tn\"},\"url\":\"https:\\\/\\\/www.webdo.tn\\\/fr\\\/actualite\\\/author\\\/webdotn\\\/\"}]}<\/script>\n<!-- \/ Yoast SEO Premium plugin. -->","yoast_head_json":{"title":"Des journalistes fran\u00e7ais font chanter le roi du Maroc","description":"Des journalistes fran\u00e7ais font chanter le roi du Maroc","canonical":"https:\/\/www.webdo.tn\/fr\/actualite\/international\/des-journalistes-francais-font-chanter-le-roi-du-maroc\/183981\/","og_locale":"fr_FR","og_type":"article","og_title":"Des journalistes fran\u00e7ais font chanter le roi du Maroc","og_description":"Des journalistes fran\u00e7ais font chanter le roi du Maroc","og_url":"https:\/\/www.webdo.tn\/fr\/actualite\/international\/des-journalistes-francais-font-chanter-le-roi-du-maroc\/183981\/","og_site_name":"webdo","article_publisher":"https:\/\/www.facebook.com\/webdotn","article_published_time":"2015-08-29T19:04:00+00:00","article_modified_time":"2025-05-22T12:51:53+00:00","og_image":[{"width":300,"height":214,"url":"https:\/\/www.webdo.tn\/fr\/wp-content\/uploads\/2015\/08\/Royal_Palace_Rabat-300x214-1.jpg","type":"image\/jpeg"}],"author":"webdo.tn","twitter_card":"summary_large_image","twitter_creator":"@webdo_tn","twitter_site":"@webdo_tn","twitter_misc":{"\u00c9crit par":"webdo.tn","Dur\u00e9e de lecture estim\u00e9e":"1 minute"},"schema":{"@context":"https:\/\/schema.org","@graph":[{"@type":"NewsArticle","@id":"https:\/\/www.webdo.tn\/fr\/actualite\/international\/des-journalistes-francais-font-chanter-le-roi-du-maroc\/183981\/#article","isPartOf":{"@id":"https:\/\/www.webdo.tn\/fr\/actualite\/international\/des-journalistes-francais-font-chanter-le-roi-du-maroc\/183981\/"},"author":{"name":"webdo.tn","@id":"https:\/\/www.webdo.tn\/fr\/#\/schema\/person\/9a9c6118d687c117df8ef3cc36a4d175"},"headline":"Des journalistes fran\u00e7ais font chanter le roi du Maroc","datePublished":"2015-08-29T19:04:00+00:00","dateModified":"2025-05-22T12:51:53+00:00","mainEntityOfPage":{"@id":"https:\/\/www.webdo.tn\/fr\/actualite\/international\/des-journalistes-francais-font-chanter-le-roi-du-maroc\/183981\/"},"wordCount":199,"commentCount":0,"publisher":{"@id":"https:\/\/www.webdo.tn\/fr\/#organization"},"image":{"@id":"https:\/\/www.webdo.tn\/fr\/actualite\/international\/des-journalistes-francais-font-chanter-le-roi-du-maroc\/183981\/#primaryimage"},"thumbnailUrl":"https:\/\/www.webdo.tn\/fr\/wp-content\/uploads\/2015\/08\/Royal_Palace_Rabat-300x214-1.jpg","articleSection":["International"],"inLanguage":"fr-FR"},{"@type":"WebPage","@id":"https:\/\/www.webdo.tn\/fr\/actualite\/international\/des-journalistes-francais-font-chanter-le-roi-du-maroc\/183981\/","url":"https:\/\/www.webdo.tn\/fr\/actualite\/international\/des-journalistes-francais-font-chanter-le-roi-du-maroc\/183981\/","name":"Des journalistes fran\u00e7ais font chanter le roi du Maroc","isPartOf":{"@id":"https:\/\/www.webdo.tn\/fr\/#website"},"primaryImageOfPage":{"@id":"https:\/\/www.webdo.tn\/fr\/actualite\/international\/des-journalistes-francais-font-chanter-le-roi-du-maroc\/183981\/#primaryimage"},"image":{"@id":"https:\/\/www.webdo.tn\/fr\/actualite\/international\/des-journalistes-francais-font-chanter-le-roi-du-maroc\/183981\/#primaryimage"},"thumbnailUrl":"https:\/\/www.webdo.tn\/fr\/wp-content\/uploads\/2015\/08\/Royal_Palace_Rabat-300x214-1.jpg","datePublished":"2015-08-29T19:04:00+00:00","dateModified":"2025-05-22T12:51:53+00:00","description":"Des journalistes fran\u00e7ais font chanter le roi du Maroc","breadcrumb":{"@id":"https:\/\/www.webdo.tn\/fr\/actualite\/international\/des-journalistes-francais-font-chanter-le-roi-du-maroc\/183981\/#breadcrumb"},"inLanguage":"fr-FR","potentialAction":[{"@type":"ReadAction","target":["https:\/\/www.webdo.tn\/fr\/actualite\/international\/des-journalistes-francais-font-chanter-le-roi-du-maroc\/183981\/"]}]},{"@type":"ImageObject","inLanguage":"fr-FR","@id":"https:\/\/www.webdo.tn\/fr\/actualite\/international\/des-journalistes-francais-font-chanter-le-roi-du-maroc\/183981\/#primaryimage","url":"https:\/\/www.webdo.tn\/fr\/wp-content\/uploads\/2015\/08\/Royal_Palace_Rabat-300x214-1.jpg","contentUrl":"https:\/\/www.webdo.tn\/fr\/wp-content\/uploads\/2015\/08\/Royal_Palace_Rabat-300x214-1.jpg","width":300,"height":214,"caption":"Des journalistes fran\u00e7ais font chanter le roi du Maroc"},{"@type":"BreadcrumbList","@id":"https:\/\/www.webdo.tn\/fr\/actualite\/international\/des-journalistes-francais-font-chanter-le-roi-du-maroc\/183981\/#breadcrumb","itemListElement":[{"@type":"ListItem","position":1,"name":"Accueil","item":"https:\/\/www.webdo.tn\/fr\/"},{"@type":"ListItem","position":2,"name":"Des journalistes fran\u00e7ais font chanter le roi du Maroc"}]},{"@type":"WebSite","@id":"https:\/\/www.webdo.tn\/fr\/#website","url":"https:\/\/www.webdo.tn\/fr\/","name":"webdo","description":"Tunisie - News en Tunisie et \u00e0 l&#039;international sur Webdo.tn","publisher":{"@id":"https:\/\/www.webdo.tn\/fr\/#organization"},"potentialAction":[{"@type":"SearchAction","target":{"@type":"EntryPoint","urlTemplate":"https:\/\/www.webdo.tn\/fr\/?s={search_term_string}"},"query-input":{"@type":"PropertyValueSpecification","valueRequired":true,"valueName":"search_term_string"}}],"inLanguage":"fr-FR"},{"@type":"Organization","@id":"https:\/\/www.webdo.tn\/fr\/#organization","name":"Webdo","alternateName":"Webdo.tn","url":"https:\/\/www.webdo.tn\/fr\/","logo":{"@type":"ImageObject","inLanguage":"fr-FR","@id":"https:\/\/www.webdo.tn\/fr\/#\/schema\/logo\/image\/","url":"https:\/\/www.webdo.tn\/fr\/wp-content\/uploads\/2025\/06\/Webdo-Tunisie_168377.jpg","contentUrl":"https:\/\/www.webdo.tn\/fr\/wp-content\/uploads\/2025\/06\/Webdo-Tunisie_168377.jpg","width":301,"height":301,"caption":"Webdo"},"image":{"@id":"https:\/\/www.webdo.tn\/fr\/#\/schema\/logo\/image\/"},"sameAs":["https:\/\/www.facebook.com\/webdotn","https:\/\/x.com\/webdo_tn"],"description":"Webdo est un m\u00e9dia num\u00e9rique tunisien fond\u00e9 en 2010, sp\u00e9cialis\u00e9 dans l\u2019actualit\u00e9 nationale et internationale, l\u2019\u00e9conomie, la soci\u00e9t\u00e9 et les analyses politiques. Le site s\u2019adresse \u00e0 un large public francophone et couvre l\u2019information tunisienne en temps r\u00e9el.","email":"redac@webdo.tn","legalName":"YNJ SARL","foundingDate":"2010-09-06","numberOfEmployees":{"@type":"QuantitativeValue","minValue":"11","maxValue":"50"}},{"@type":"Person","@id":"https:\/\/www.webdo.tn\/fr\/#\/schema\/person\/9a9c6118d687c117df8ef3cc36a4d175","name":"webdo.tn","image":{"@type":"ImageObject","inLanguage":"fr-FR","@id":"https:\/\/secure.gravatar.com\/avatar\/7ce1f28c0c3bbac99ff550b85ef8e44a6950c6ee24514fb6a5489e51d06f0298?s=96&d=mm&r=g","url":"https:\/\/secure.gravatar.com\/avatar\/7ce1f28c0c3bbac99ff550b85ef8e44a6950c6ee24514fb6a5489e51d06f0298?s=96&d=mm&r=g","contentUrl":"https:\/\/secure.gravatar.com\/avatar\/7ce1f28c0c3bbac99ff550b85ef8e44a6950c6ee24514fb6a5489e51d06f0298?s=96&d=mm&r=g","caption":"webdo.tn"},"url":"https:\/\/www.webdo.tn\/fr\/actualite\/author\/webdotn\/"}]}},"_links":{"self":[{"href":"https:\/\/www.webdo.tn\/fr\/wp-json\/wp\/v2\/posts\/183981","targetHints":{"allow":["GET"]}}],"collection":[{"href":"https:\/\/www.webdo.tn\/fr\/wp-json\/wp\/v2\/posts"}],"about":[{"href":"https:\/\/www.webdo.tn\/fr\/wp-json\/wp\/v2\/types\/post"}],"author":[{"embeddable":true,"href":"https:\/\/www.webdo.tn\/fr\/wp-json\/wp\/v2\/users\/3222"}],"replies":[{"embeddable":true,"href":"https:\/\/www.webdo.tn\/fr\/wp-json\/wp\/v2\/comments?post=183981"}],"version-history":[{"count":0,"href":"https:\/\/www.webdo.tn\/fr\/wp-json\/wp\/v2\/posts\/183981\/revisions"}],"wp:featuredmedia":[{"embeddable":true,"href":"https:\/\/www.webdo.tn\/fr\/wp-json\/wp\/v2\/media\/351831"}],"wp:attachment":[{"href":"https:\/\/www.webdo.tn\/fr\/wp-json\/wp\/v2\/media?parent=183981"}],"wp:term":[{"taxonomy":"category","embeddable":true,"href":"https:\/\/www.webdo.tn\/fr\/wp-json\/wp\/v2\/categories?post=183981"},{"taxonomy":"post_tag","embeddable":true,"href":"https:\/\/www.webdo.tn\/fr\/wp-json\/wp\/v2\/tags?post=183981"}],"curies":[{"name":"wp","href":"https:\/\/api.w.org\/{rel}","templated":true}]}}