{"id":183979,"date":"2015-08-31T11:52:00","date_gmt":"2015-08-31T11:52:00","guid":{"rendered":"https:\/\/www.webdo.tn\/fr\/actualite\/blog\/le-vote-des-saoudiennes-une-premiere-qui-suscite-des-remous\/183979\/"},"modified":"2025-05-22T12:51:32","modified_gmt":"2025-05-22T12:51:32","slug":"le-vote-des-saoudiennes-une-premiere-qui-suscite-des-remous","status":"publish","type":"post","link":"https:\/\/www.webdo.tn\/fr\/actualite\/international\/le-vote-des-saoudiennes-une-premiere-qui-suscite-des-remous\/183979\/","title":{"rendered":"Le vote des Saoudiennes, une premi\u00e8re qui suscite des remous"},"content":{"rendered":"<p>L&rsquo;Arabie saoudite a franchi un nouveau pas, hier dimanche 30 ao\u00fbt, en acceptant les candidatures de femmes aux prochaines \u00e9lections locales. Cette premi\u00e8re est jug\u00e9e insuffisante par les progressistes et inacceptable par les conservateurs.<br \/>\nLes Saoudiennes ont jusqu&rsquo;\u00e0 la mi-septembre pour se porter candidates pour les \u00e9lections municipales de d\u00e9cembre, qui seront \u00e9galement le premier scrutin auquel pourront voter les femmes. L&rsquo;op\u00e9ration d&rsquo;enregistrement des \u00e9lectrices a pour cela d\u00e9but\u00e9 le 22 ao\u00fbt dans des centres s\u00e9par\u00e9s de ceux des hommes.<\/p>\n<p>Dans le royaume ultra-conservateur musulman, la s\u00e9paration entre les sexes reste la r\u00e8gle et les femmes sont astreintes \u00e0 une tenue les couvrant de la t\u00eate aux pieds. Elles ne peuvent pas travailler, voyager ou avoir un passeport sans l&rsquo;autorisation d&rsquo;un homme de la famille, comme le p\u00e8re ou l&rsquo;\u00e9poux. Il leur est \u00e9galement interdit de conduire.<\/p>\n<p>Le d\u00e9funt roi Abdallah avait toutefois d\u00e9cid\u00e9 en 2011 d&rsquo;autoriser les femmes \u00e0 voter et \u00e0 se porter candidates pour les municipales de 2015. Il avait \u00e0 l&rsquo;\u00e9poque affirm\u00e9 \u00ab\u00a0refuser de marginaliser la femme dans la soci\u00e9t\u00e9 saoudienne\u00a0\u00bb.<\/p>\n<p>En f\u00e9vrier 2013, le m\u00eame roi avait impos\u00e9 un quota de femmes dans l&rsquo;assembl\u00e9e consultative nationale non \u00e9lue, en d\u00e9signant 30 Saoudiennes sur un total de 150 membres.<\/p>\n<p>Le roi Salmane a succ\u00e9d\u00e9 \u00e0 Abdallah en janvier dernier et les sp\u00e9cialistes du royaume se demandent s&rsquo;il poursuivra les timides r\u00e9formes engag\u00e9es par son demi-fr\u00e8re.<\/p>\n<p>Le quotidien \u00e0 capitaux saoudiens Al-Hayat a r\u00e9cemment indiqu\u00e9 que quelque 200 femmes avaient manifest\u00e9 de l&rsquo;int\u00e9r\u00eat pour se porter candidates aux municipales. Pour ce scrutin, les \u00e9lecteurs d\u00e9signeront les deux tiers des conseils municipaux tandis que le dernier tiers sera d\u00e9sign\u00e9 par les autorit\u00e9s.<\/p>\n<p>Le feu vert au vote des Saoudiennes est jug\u00e9 insuffisant par les d\u00e9fenseurs des droits de l&rsquo;Homme. Human Rights Watch y voit un \u00ab\u00a0signe de progr\u00e8s\u00a0\u00bb, mais cette mesure est \u00ab\u00a0insuffisante pour int\u00e9grer totalement les femmes dans la vie politique saoudienne\u00a0\u00bb.<\/p>\n<p>Pour que le statut des femmes \u00e9volue r\u00e9ellement, les \u00ab\u00a0autorit\u00e9s doivent annuler le syst\u00e8me d&rsquo;autorisation\u00a0\u00bb familiale qui emp\u00eache les Saoudiennes de travailler, de voyager et de se marier librement, estime HRW dans un communiqu\u00e9 publi\u00e9 le 20 ao\u00fbt.<\/p>\n","protected":false},"excerpt":{"rendered":"<p>Le vote des Saoudiennes, une premi\u00e8re qui suscite des remous<\/p>\n","protected":false},"author":3222,"featured_media":351810,"comment_status":"open","ping_status":"closed","sticky":false,"template":"","format":"standard","meta":{"footnotes":""},"categories":[2598],"tags":[],"class_list":["post-183979","post","type-post","status-publish","format-standard","has-post-thumbnail","hentry","category-international"],"yoast_head":"<!-- This site is optimized with the Yoast SEO Premium plugin v27.5 (Yoast SEO v27.5) - https:\/\/yoast.com\/product\/yoast-seo-premium-wordpress\/ -->\n<title>Le vote des Saoudiennes, une premi\u00e8re qui suscite des remous<\/title>\n<meta name=\"description\" content=\"Le vote des Saoudiennes, une premi\u00e8re qui suscite des remous\" \/>\n<link rel=\"canonical\" href=\"https:\/\/www.webdo.tn\/fr\/actualite\/international\/le-vote-des-saoudiennes-une-premiere-qui-suscite-des-remous\/183979\/\" \/>\n<meta property=\"og:locale\" content=\"fr_FR\" \/>\n<meta property=\"og:type\" content=\"article\" \/>\n<meta property=\"og:title\" content=\"Le vote des Saoudiennes, une premi\u00e8re qui suscite des remous\" \/>\n<meta property=\"og:description\" content=\"Le vote des Saoudiennes, une premi\u00e8re qui suscite des remous\" \/>\n<meta property=\"og:url\" content=\"https:\/\/www.webdo.tn\/fr\/actualite\/international\/le-vote-des-saoudiennes-une-premiere-qui-suscite-des-remous\/183979\/\" \/>\n<meta property=\"og:site_name\" content=\"webdo\" \/>\n<meta property=\"article:publisher\" content=\"https:\/\/www.facebook.com\/webdotn\" \/>\n<meta property=\"article:published_time\" content=\"2015-08-31T11:52:00+00:00\" \/>\n<meta property=\"article:modified_time\" content=\"2025-05-22T12:51:32+00:00\" \/>\n<meta property=\"og:image\" content=\"https:\/\/www.webdo.tn\/fr\/wp-content\/uploads\/2015\/08\/P9-Arabie-Saoudite.jpg\" \/>\n\t<meta property=\"og:image:width\" content=\"600\" \/>\n\t<meta property=\"og:image:height\" content=\"252\" \/>\n\t<meta property=\"og:image:type\" content=\"image\/jpeg\" \/>\n<meta name=\"author\" content=\"webdo.tn\" \/>\n<meta name=\"twitter:card\" content=\"summary_large_image\" \/>\n<meta name=\"twitter:creator\" content=\"@webdo_tn\" \/>\n<meta name=\"twitter:site\" content=\"@webdo_tn\" \/>\n<meta name=\"twitter:label1\" content=\"\u00c9crit par\" \/>\n\t<meta name=\"twitter:data1\" content=\"webdo.tn\" \/>\n\t<meta name=\"twitter:label2\" content=\"Dur\u00e9e de lecture estim\u00e9e\" \/>\n\t<meta name=\"twitter:data2\" content=\"2 minutes\" \/>\n<script type=\"application\/ld+json\" class=\"yoast-schema-graph\">{\"@context\":\"https:\\\/\\\/schema.org\",\"@graph\":[{\"@type\":\"NewsArticle\",\"@id\":\"https:\\\/\\\/www.webdo.tn\\\/fr\\\/actualite\\\/international\\\/le-vote-des-saoudiennes-une-premiere-qui-suscite-des-remous\\\/183979\\\/#article\",\"isPartOf\":{\"@id\":\"https:\\\/\\\/www.webdo.tn\\\/fr\\\/actualite\\\/international\\\/le-vote-des-saoudiennes-une-premiere-qui-suscite-des-remous\\\/183979\\\/\"},\"author\":{\"name\":\"webdo.tn\",\"@id\":\"https:\\\/\\\/www.webdo.tn\\\/fr\\\/#\\\/schema\\\/person\\\/9a9c6118d687c117df8ef3cc36a4d175\"},\"headline\":\"Le vote des Saoudiennes, une premi\u00e8re qui suscite des remous\",\"datePublished\":\"2015-08-31T11:52:00+00:00\",\"dateModified\":\"2025-05-22T12:51:32+00:00\",\"mainEntityOfPage\":{\"@id\":\"https:\\\/\\\/www.webdo.tn\\\/fr\\\/actualite\\\/international\\\/le-vote-des-saoudiennes-une-premiere-qui-suscite-des-remous\\\/183979\\\/\"},\"wordCount\":401,\"commentCount\":0,\"publisher\":{\"@id\":\"https:\\\/\\\/www.webdo.tn\\\/fr\\\/#organization\"},\"image\":{\"@id\":\"https:\\\/\\\/www.webdo.tn\\\/fr\\\/actualite\\\/international\\\/le-vote-des-saoudiennes-une-premiere-qui-suscite-des-remous\\\/183979\\\/#primaryimage\"},\"thumbnailUrl\":\"https:\\\/\\\/www.webdo.tn\\\/fr\\\/wp-content\\\/uploads\\\/2015\\\/08\\\/P9-Arabie-Saoudite.jpg\",\"articleSection\":[\"International\"],\"inLanguage\":\"fr-FR\"},{\"@type\":\"WebPage\",\"@id\":\"https:\\\/\\\/www.webdo.tn\\\/fr\\\/actualite\\\/international\\\/le-vote-des-saoudiennes-une-premiere-qui-suscite-des-remous\\\/183979\\\/\",\"url\":\"https:\\\/\\\/www.webdo.tn\\\/fr\\\/actualite\\\/international\\\/le-vote-des-saoudiennes-une-premiere-qui-suscite-des-remous\\\/183979\\\/\",\"name\":\"Le vote des Saoudiennes, une premi\u00e8re qui suscite des remous\",\"isPartOf\":{\"@id\":\"https:\\\/\\\/www.webdo.tn\\\/fr\\\/#website\"},\"primaryImageOfPage\":{\"@id\":\"https:\\\/\\\/www.webdo.tn\\\/fr\\\/actualite\\\/international\\\/le-vote-des-saoudiennes-une-premiere-qui-suscite-des-remous\\\/183979\\\/#primaryimage\"},\"image\":{\"@id\":\"https:\\\/\\\/www.webdo.tn\\\/fr\\\/actualite\\\/international\\\/le-vote-des-saoudiennes-une-premiere-qui-suscite-des-remous\\\/183979\\\/#primaryimage\"},\"thumbnailUrl\":\"https:\\\/\\\/www.webdo.tn\\\/fr\\\/wp-content\\\/uploads\\\/2015\\\/08\\\/P9-Arabie-Saoudite.jpg\",\"datePublished\":\"2015-08-31T11:52:00+00:00\",\"dateModified\":\"2025-05-22T12:51:32+00:00\",\"description\":\"Le vote des Saoudiennes, une premi\u00e8re qui suscite des remous\",\"breadcrumb\":{\"@id\":\"https:\\\/\\\/www.webdo.tn\\\/fr\\\/actualite\\\/international\\\/le-vote-des-saoudiennes-une-premiere-qui-suscite-des-remous\\\/183979\\\/#breadcrumb\"},\"inLanguage\":\"fr-FR\",\"potentialAction\":[{\"@type\":\"ReadAction\",\"target\":[\"https:\\\/\\\/www.webdo.tn\\\/fr\\\/actualite\\\/international\\\/le-vote-des-saoudiennes-une-premiere-qui-suscite-des-remous\\\/183979\\\/\"]}]},{\"@type\":\"ImageObject\",\"inLanguage\":\"fr-FR\",\"@id\":\"https:\\\/\\\/www.webdo.tn\\\/fr\\\/actualite\\\/international\\\/le-vote-des-saoudiennes-une-premiere-qui-suscite-des-remous\\\/183979\\\/#primaryimage\",\"url\":\"https:\\\/\\\/www.webdo.tn\\\/fr\\\/wp-content\\\/uploads\\\/2015\\\/08\\\/P9-Arabie-Saoudite.jpg\",\"contentUrl\":\"https:\\\/\\\/www.webdo.tn\\\/fr\\\/wp-content\\\/uploads\\\/2015\\\/08\\\/P9-Arabie-Saoudite.jpg\",\"width\":600,\"height\":252,\"caption\":\"Le vote des Saoudiennes, une premi\u00e8re qui suscite des remous\"},{\"@type\":\"BreadcrumbList\",\"@id\":\"https:\\\/\\\/www.webdo.tn\\\/fr\\\/actualite\\\/international\\\/le-vote-des-saoudiennes-une-premiere-qui-suscite-des-remous\\\/183979\\\/#breadcrumb\",\"itemListElement\":[{\"@type\":\"ListItem\",\"position\":1,\"name\":\"Accueil\",\"item\":\"https:\\\/\\\/www.webdo.tn\\\/fr\\\/\"},{\"@type\":\"ListItem\",\"position\":2,\"name\":\"Le vote des Saoudiennes, une premi\u00e8re qui suscite des remous\"}]},{\"@type\":\"WebSite\",\"@id\":\"https:\\\/\\\/www.webdo.tn\\\/fr\\\/#website\",\"url\":\"https:\\\/\\\/www.webdo.tn\\\/fr\\\/\",\"name\":\"webdo\",\"description\":\"Tunisie - News en Tunisie et \u00e0 l&#039;international sur Webdo.tn\",\"publisher\":{\"@id\":\"https:\\\/\\\/www.webdo.tn\\\/fr\\\/#organization\"},\"potentialAction\":[{\"@type\":\"SearchAction\",\"target\":{\"@type\":\"EntryPoint\",\"urlTemplate\":\"https:\\\/\\\/www.webdo.tn\\\/fr\\\/?s={search_term_string}\"},\"query-input\":{\"@type\":\"PropertyValueSpecification\",\"valueRequired\":true,\"valueName\":\"search_term_string\"}}],\"inLanguage\":\"fr-FR\"},{\"@type\":\"Organization\",\"@id\":\"https:\\\/\\\/www.webdo.tn\\\/fr\\\/#organization\",\"name\":\"Webdo\",\"alternateName\":\"Webdo.tn\",\"url\":\"https:\\\/\\\/www.webdo.tn\\\/fr\\\/\",\"logo\":{\"@type\":\"ImageObject\",\"inLanguage\":\"fr-FR\",\"@id\":\"https:\\\/\\\/www.webdo.tn\\\/fr\\\/#\\\/schema\\\/logo\\\/image\\\/\",\"url\":\"https:\\\/\\\/www.webdo.tn\\\/fr\\\/wp-content\\\/uploads\\\/2025\\\/06\\\/Webdo-Tunisie_168377.jpg\",\"contentUrl\":\"https:\\\/\\\/www.webdo.tn\\\/fr\\\/wp-content\\\/uploads\\\/2025\\\/06\\\/Webdo-Tunisie_168377.jpg\",\"width\":301,\"height\":301,\"caption\":\"Webdo\"},\"image\":{\"@id\":\"https:\\\/\\\/www.webdo.tn\\\/fr\\\/#\\\/schema\\\/logo\\\/image\\\/\"},\"sameAs\":[\"https:\\\/\\\/www.facebook.com\\\/webdotn\",\"https:\\\/\\\/x.com\\\/webdo_tn\"],\"description\":\"Webdo est un m\u00e9dia num\u00e9rique tunisien fond\u00e9 en 2010, sp\u00e9cialis\u00e9 dans l\u2019actualit\u00e9 nationale et internationale, l\u2019\u00e9conomie, la soci\u00e9t\u00e9 et les analyses politiques. Le site s\u2019adresse \u00e0 un large public francophone et couvre l\u2019information tunisienne en temps r\u00e9el.\",\"email\":\"redac@webdo.tn\",\"legalName\":\"YNJ SARL\",\"foundingDate\":\"2010-09-06\",\"numberOfEmployees\":{\"@type\":\"QuantitativeValue\",\"minValue\":\"11\",\"maxValue\":\"50\"}},{\"@type\":\"Person\",\"@id\":\"https:\\\/\\\/www.webdo.tn\\\/fr\\\/#\\\/schema\\\/person\\\/9a9c6118d687c117df8ef3cc36a4d175\",\"name\":\"webdo.tn\",\"image\":{\"@type\":\"ImageObject\",\"inLanguage\":\"fr-FR\",\"@id\":\"https:\\\/\\\/secure.gravatar.com\\\/avatar\\\/7ce1f28c0c3bbac99ff550b85ef8e44a6950c6ee24514fb6a5489e51d06f0298?s=96&d=mm&r=g\",\"url\":\"https:\\\/\\\/secure.gravatar.com\\\/avatar\\\/7ce1f28c0c3bbac99ff550b85ef8e44a6950c6ee24514fb6a5489e51d06f0298?s=96&d=mm&r=g\",\"contentUrl\":\"https:\\\/\\\/secure.gravatar.com\\\/avatar\\\/7ce1f28c0c3bbac99ff550b85ef8e44a6950c6ee24514fb6a5489e51d06f0298?s=96&d=mm&r=g\",\"caption\":\"webdo.tn\"},\"url\":\"https:\\\/\\\/www.webdo.tn\\\/fr\\\/actualite\\\/author\\\/webdotn\\\/\"}]}<\/script>\n<!-- \/ Yoast SEO Premium plugin. -->","yoast_head_json":{"title":"Le vote des Saoudiennes, une premi\u00e8re qui suscite des remous","description":"Le vote des Saoudiennes, une premi\u00e8re qui suscite des remous","canonical":"https:\/\/www.webdo.tn\/fr\/actualite\/international\/le-vote-des-saoudiennes-une-premiere-qui-suscite-des-remous\/183979\/","og_locale":"fr_FR","og_type":"article","og_title":"Le vote des Saoudiennes, une premi\u00e8re qui suscite des remous","og_description":"Le vote des Saoudiennes, une premi\u00e8re qui suscite des remous","og_url":"https:\/\/www.webdo.tn\/fr\/actualite\/international\/le-vote-des-saoudiennes-une-premiere-qui-suscite-des-remous\/183979\/","og_site_name":"webdo","article_publisher":"https:\/\/www.facebook.com\/webdotn","article_published_time":"2015-08-31T11:52:00+00:00","article_modified_time":"2025-05-22T12:51:32+00:00","og_image":[{"width":600,"height":252,"url":"https:\/\/www.webdo.tn\/fr\/wp-content\/uploads\/2015\/08\/P9-Arabie-Saoudite.jpg","type":"image\/jpeg"}],"author":"webdo.tn","twitter_card":"summary_large_image","twitter_creator":"@webdo_tn","twitter_site":"@webdo_tn","twitter_misc":{"\u00c9crit par":"webdo.tn","Dur\u00e9e de lecture estim\u00e9e":"2 minutes"},"schema":{"@context":"https:\/\/schema.org","@graph":[{"@type":"NewsArticle","@id":"https:\/\/www.webdo.tn\/fr\/actualite\/international\/le-vote-des-saoudiennes-une-premiere-qui-suscite-des-remous\/183979\/#article","isPartOf":{"@id":"https:\/\/www.webdo.tn\/fr\/actualite\/international\/le-vote-des-saoudiennes-une-premiere-qui-suscite-des-remous\/183979\/"},"author":{"name":"webdo.tn","@id":"https:\/\/www.webdo.tn\/fr\/#\/schema\/person\/9a9c6118d687c117df8ef3cc36a4d175"},"headline":"Le vote des Saoudiennes, une premi\u00e8re qui suscite des remous","datePublished":"2015-08-31T11:52:00+00:00","dateModified":"2025-05-22T12:51:32+00:00","mainEntityOfPage":{"@id":"https:\/\/www.webdo.tn\/fr\/actualite\/international\/le-vote-des-saoudiennes-une-premiere-qui-suscite-des-remous\/183979\/"},"wordCount":401,"commentCount":0,"publisher":{"@id":"https:\/\/www.webdo.tn\/fr\/#organization"},"image":{"@id":"https:\/\/www.webdo.tn\/fr\/actualite\/international\/le-vote-des-saoudiennes-une-premiere-qui-suscite-des-remous\/183979\/#primaryimage"},"thumbnailUrl":"https:\/\/www.webdo.tn\/fr\/wp-content\/uploads\/2015\/08\/P9-Arabie-Saoudite.jpg","articleSection":["International"],"inLanguage":"fr-FR"},{"@type":"WebPage","@id":"https:\/\/www.webdo.tn\/fr\/actualite\/international\/le-vote-des-saoudiennes-une-premiere-qui-suscite-des-remous\/183979\/","url":"https:\/\/www.webdo.tn\/fr\/actualite\/international\/le-vote-des-saoudiennes-une-premiere-qui-suscite-des-remous\/183979\/","name":"Le vote des Saoudiennes, une premi\u00e8re qui suscite des remous","isPartOf":{"@id":"https:\/\/www.webdo.tn\/fr\/#website"},"primaryImageOfPage":{"@id":"https:\/\/www.webdo.tn\/fr\/actualite\/international\/le-vote-des-saoudiennes-une-premiere-qui-suscite-des-remous\/183979\/#primaryimage"},"image":{"@id":"https:\/\/www.webdo.tn\/fr\/actualite\/international\/le-vote-des-saoudiennes-une-premiere-qui-suscite-des-remous\/183979\/#primaryimage"},"thumbnailUrl":"https:\/\/www.webdo.tn\/fr\/wp-content\/uploads\/2015\/08\/P9-Arabie-Saoudite.jpg","datePublished":"2015-08-31T11:52:00+00:00","dateModified":"2025-05-22T12:51:32+00:00","description":"Le vote des Saoudiennes, une premi\u00e8re qui suscite des remous","breadcrumb":{"@id":"https:\/\/www.webdo.tn\/fr\/actualite\/international\/le-vote-des-saoudiennes-une-premiere-qui-suscite-des-remous\/183979\/#breadcrumb"},"inLanguage":"fr-FR","potentialAction":[{"@type":"ReadAction","target":["https:\/\/www.webdo.tn\/fr\/actualite\/international\/le-vote-des-saoudiennes-une-premiere-qui-suscite-des-remous\/183979\/"]}]},{"@type":"ImageObject","inLanguage":"fr-FR","@id":"https:\/\/www.webdo.tn\/fr\/actualite\/international\/le-vote-des-saoudiennes-une-premiere-qui-suscite-des-remous\/183979\/#primaryimage","url":"https:\/\/www.webdo.tn\/fr\/wp-content\/uploads\/2015\/08\/P9-Arabie-Saoudite.jpg","contentUrl":"https:\/\/www.webdo.tn\/fr\/wp-content\/uploads\/2015\/08\/P9-Arabie-Saoudite.jpg","width":600,"height":252,"caption":"Le vote des Saoudiennes, une premi\u00e8re qui suscite des remous"},{"@type":"BreadcrumbList","@id":"https:\/\/www.webdo.tn\/fr\/actualite\/international\/le-vote-des-saoudiennes-une-premiere-qui-suscite-des-remous\/183979\/#breadcrumb","itemListElement":[{"@type":"ListItem","position":1,"name":"Accueil","item":"https:\/\/www.webdo.tn\/fr\/"},{"@type":"ListItem","position":2,"name":"Le vote des Saoudiennes, une premi\u00e8re qui suscite des remous"}]},{"@type":"WebSite","@id":"https:\/\/www.webdo.tn\/fr\/#website","url":"https:\/\/www.webdo.tn\/fr\/","name":"webdo","description":"Tunisie - News en Tunisie et \u00e0 l&#039;international sur Webdo.tn","publisher":{"@id":"https:\/\/www.webdo.tn\/fr\/#organization"},"potentialAction":[{"@type":"SearchAction","target":{"@type":"EntryPoint","urlTemplate":"https:\/\/www.webdo.tn\/fr\/?s={search_term_string}"},"query-input":{"@type":"PropertyValueSpecification","valueRequired":true,"valueName":"search_term_string"}}],"inLanguage":"fr-FR"},{"@type":"Organization","@id":"https:\/\/www.webdo.tn\/fr\/#organization","name":"Webdo","alternateName":"Webdo.tn","url":"https:\/\/www.webdo.tn\/fr\/","logo":{"@type":"ImageObject","inLanguage":"fr-FR","@id":"https:\/\/www.webdo.tn\/fr\/#\/schema\/logo\/image\/","url":"https:\/\/www.webdo.tn\/fr\/wp-content\/uploads\/2025\/06\/Webdo-Tunisie_168377.jpg","contentUrl":"https:\/\/www.webdo.tn\/fr\/wp-content\/uploads\/2025\/06\/Webdo-Tunisie_168377.jpg","width":301,"height":301,"caption":"Webdo"},"image":{"@id":"https:\/\/www.webdo.tn\/fr\/#\/schema\/logo\/image\/"},"sameAs":["https:\/\/www.facebook.com\/webdotn","https:\/\/x.com\/webdo_tn"],"description":"Webdo est un m\u00e9dia num\u00e9rique tunisien fond\u00e9 en 2010, sp\u00e9cialis\u00e9 dans l\u2019actualit\u00e9 nationale et internationale, l\u2019\u00e9conomie, la soci\u00e9t\u00e9 et les analyses politiques. Le site s\u2019adresse \u00e0 un large public francophone et couvre l\u2019information tunisienne en temps r\u00e9el.","email":"redac@webdo.tn","legalName":"YNJ SARL","foundingDate":"2010-09-06","numberOfEmployees":{"@type":"QuantitativeValue","minValue":"11","maxValue":"50"}},{"@type":"Person","@id":"https:\/\/www.webdo.tn\/fr\/#\/schema\/person\/9a9c6118d687c117df8ef3cc36a4d175","name":"webdo.tn","image":{"@type":"ImageObject","inLanguage":"fr-FR","@id":"https:\/\/secure.gravatar.com\/avatar\/7ce1f28c0c3bbac99ff550b85ef8e44a6950c6ee24514fb6a5489e51d06f0298?s=96&d=mm&r=g","url":"https:\/\/secure.gravatar.com\/avatar\/7ce1f28c0c3bbac99ff550b85ef8e44a6950c6ee24514fb6a5489e51d06f0298?s=96&d=mm&r=g","contentUrl":"https:\/\/secure.gravatar.com\/avatar\/7ce1f28c0c3bbac99ff550b85ef8e44a6950c6ee24514fb6a5489e51d06f0298?s=96&d=mm&r=g","caption":"webdo.tn"},"url":"https:\/\/www.webdo.tn\/fr\/actualite\/author\/webdotn\/"}]}},"_links":{"self":[{"href":"https:\/\/www.webdo.tn\/fr\/wp-json\/wp\/v2\/posts\/183979","targetHints":{"allow":["GET"]}}],"collection":[{"href":"https:\/\/www.webdo.tn\/fr\/wp-json\/wp\/v2\/posts"}],"about":[{"href":"https:\/\/www.webdo.tn\/fr\/wp-json\/wp\/v2\/types\/post"}],"author":[{"embeddable":true,"href":"https:\/\/www.webdo.tn\/fr\/wp-json\/wp\/v2\/users\/3222"}],"replies":[{"embeddable":true,"href":"https:\/\/www.webdo.tn\/fr\/wp-json\/wp\/v2\/comments?post=183979"}],"version-history":[{"count":0,"href":"https:\/\/www.webdo.tn\/fr\/wp-json\/wp\/v2\/posts\/183979\/revisions"}],"wp:featuredmedia":[{"embeddable":true,"href":"https:\/\/www.webdo.tn\/fr\/wp-json\/wp\/v2\/media\/351810"}],"wp:attachment":[{"href":"https:\/\/www.webdo.tn\/fr\/wp-json\/wp\/v2\/media?parent=183979"}],"wp:term":[{"taxonomy":"category","embeddable":true,"href":"https:\/\/www.webdo.tn\/fr\/wp-json\/wp\/v2\/categories?post=183979"},{"taxonomy":"post_tag","embeddable":true,"href":"https:\/\/www.webdo.tn\/fr\/wp-json\/wp\/v2\/tags?post=183979"}],"curies":[{"name":"wp","href":"https:\/\/api.w.org\/{rel}","templated":true}]}}