{"id":183978,"date":"2015-09-01T18:54:00","date_gmt":"2015-09-01T18:54:00","guid":{"rendered":"https:\/\/www.webdo.tn\/fr\/blog\/une-esclave-sexuelle-rescapee-de-daech-raconte\/183978\/"},"modified":"2025-05-18T22:06:41","modified_gmt":"2025-05-18T22:06:41","slug":"une-esclave-sexuelle-rescapee-de-daech-raconte","status":"publish","type":"post","link":"https:\/\/www.webdo.tn\/fr\/actualite\/international\/une-esclave-sexuelle-rescapee-de-daech-raconte\/183978\/","title":{"rendered":"Une \u00ab\u00a0esclave sexuelle\u00a0\u00bb rescap\u00e9e de Daech raconte"},"content":{"rendered":"<p>Dans \u00ab\u00a0Esclave de Daech\u00a0\u00bb, un livre qui sort en\u00a0France le 4 septembre 2015, Jinan, 18\u00a0ans, raconte son calvaire pendant\u00a0ses trois mois de d\u00e9tention en Irak en\u00a02014, aux mains de l&rsquo;Etat Islamique.<\/p>\n<p>Daech g\u00e8re en Irak de v\u00e9ritables march\u00e9s aux esclaves o\u00f9 des femmes issues de groupes minoritaires sont vendues pour servir d&rsquo;esclaves sexuelles.<\/p>\n<p>Jinan a \u00e9t\u00e9\u00a0achet\u00e9e par deux hommes, un ancien policier et un imam, qui l&rsquo;enferment, avec d&rsquo;autres prisonni\u00e8res.<\/p>\n<p>Quand vient l&rsquo;heure du march\u00e9, les femmes sont conduites dans une grande salle pour \u00eatre expos\u00e9es aux \u00ab\u00a0acheteurs\u00a0\u00bb. Irakiens, syriens mais \u00e9galement des occidentaux circulent\u00a0\u00e0 travers les \u00ab\u00a0rayons\u00a0\u00bb pour faire leur choix.<br \/>\n\u00ab\u00a0Elle a de gros nichons, celle-l\u00e0. Mais je veux une y\u00e9zidie aux yeux bleus. Avec un teint p\u00e2le. Ce sont les meilleures, \u00e0 ce qu&rsquo;il para\u00eet. Je suis pr\u00eat \u00e0 mettre le prix qu&rsquo;il faudra\u00a0\u00bb\u00a0\u00bb.<br \/>\nLes jeunes femmes \u00e9taient parfois\u00a0frapp\u00e9es, encha\u00een\u00e9es dehors en plein soleil, forc\u00e9es \u00e0 boire de l&rsquo;eau dans laquelle baignaient des souris mortes pour briser leur volont\u00e9.<br \/>\n\u00ab\u00a0Ces hommes, ce ne sont pas humains. Ils ne pensent qu&rsquo;\u00e0 la mort. Ils prennent sans arr\u00eat des drogues. Ils veulent se venger de tout le monde. Ils affirment qu&rsquo;un jour leur Etat islamique r\u00e9gnera sur le monde entier\u00a0\u00bb.<br \/>\nUne nuit, Jinan r\u00e9ussit \u00e0 tromper la vigilance de ses ge\u00f4liers et s&rsquo;enfuit. Elle\u00a0vit aujourd&rsquo;hui dans un camp de r\u00e9fugi\u00e9s y\u00e9zidis au Kurdistan irakien.<br \/>\n\u00ab\u00a0Si nous revenons chez nous, il y aura d&rsquo;autres g\u00e9nocides. La seule solution serait que nous ayons une r\u00e9gion \u00e0 nous, sous protection internationale\u00a0\u00bb.<br \/>\nSource: AFP<\/p>\n","protected":false},"excerpt":{"rendered":"<p>Une  esclave sexuelle  rescap\u00e9e de Daech raconte<\/p>\n","protected":false},"author":3222,"featured_media":372882,"comment_status":"open","ping_status":"closed","sticky":false,"template":"","format":"standard","meta":{"footnotes":""},"categories":[2598],"tags":[2600],"class_list":["post-183978","post","type-post","status-publish","format-standard","has-post-thumbnail","hentry","category-international","tag-guerre"],"yoast_head":"<!-- This site is optimized with the Yoast SEO Premium plugin v27.5 (Yoast SEO v27.5) - https:\/\/yoast.com\/product\/yoast-seo-premium-wordpress\/ -->\n<title>Une esclave sexuelle rescap\u00e9e de Daech raconte<\/title>\n<meta name=\"description\" content=\"Une esclave sexuelle rescap\u00e9e de Daech raconte\" \/>\n<link rel=\"canonical\" href=\"https:\/\/www.webdo.tn\/fr\/actualite\/international\/une-esclave-sexuelle-rescapee-de-daech-raconte\/183978\/\" \/>\n<meta property=\"og:locale\" content=\"fr_FR\" \/>\n<meta property=\"og:type\" content=\"article\" \/>\n<meta property=\"og:title\" content=\"Une &quot;esclave sexuelle&quot; rescap\u00e9e de Daech raconte\" \/>\n<meta property=\"og:description\" content=\"Une esclave sexuelle rescap\u00e9e de Daech raconte\" \/>\n<meta property=\"og:url\" content=\"https:\/\/www.webdo.tn\/fr\/actualite\/international\/une-esclave-sexuelle-rescapee-de-daech-raconte\/183978\/\" \/>\n<meta property=\"og:site_name\" content=\"webdo\" \/>\n<meta property=\"article:publisher\" content=\"https:\/\/www.facebook.com\/webdotn\" \/>\n<meta property=\"article:published_time\" content=\"2015-09-01T18:54:00+00:00\" \/>\n<meta property=\"article:modified_time\" content=\"2025-05-18T22:06:41+00:00\" \/>\n<meta name=\"author\" content=\"webdo.tn\" \/>\n<meta name=\"twitter:card\" content=\"summary_large_image\" \/>\n<meta name=\"twitter:creator\" content=\"@webdo_tn\" \/>\n<meta name=\"twitter:site\" content=\"@webdo_tn\" \/>\n<meta name=\"twitter:label1\" content=\"\u00c9crit par\" \/>\n\t<meta name=\"twitter:data1\" content=\"webdo.tn\" \/>\n\t<meta name=\"twitter:label2\" content=\"Dur\u00e9e de lecture estim\u00e9e\" \/>\n\t<meta name=\"twitter:data2\" content=\"1 minute\" \/>\n<script type=\"application\/ld+json\" class=\"yoast-schema-graph\">{\"@context\":\"https:\\\/\\\/schema.org\",\"@graph\":[{\"@type\":\"NewsArticle\",\"@id\":\"https:\\\/\\\/www.webdo.tn\\\/fr\\\/actualite\\\/international\\\/une-esclave-sexuelle-rescapee-de-daech-raconte\\\/183978\\\/#article\",\"isPartOf\":{\"@id\":\"https:\\\/\\\/www.webdo.tn\\\/fr\\\/actualite\\\/international\\\/une-esclave-sexuelle-rescapee-de-daech-raconte\\\/183978\\\/\"},\"author\":{\"name\":\"webdo.tn\",\"@id\":\"https:\\\/\\\/www.webdo.tn\\\/fr\\\/#\\\/schema\\\/person\\\/9a9c6118d687c117df8ef3cc36a4d175\"},\"headline\":\"Une \u00ab\u00a0esclave sexuelle\u00a0\u00bb rescap\u00e9e de Daech raconte\",\"datePublished\":\"2015-09-01T18:54:00+00:00\",\"dateModified\":\"2025-05-18T22:06:41+00:00\",\"mainEntityOfPage\":{\"@id\":\"https:\\\/\\\/www.webdo.tn\\\/fr\\\/actualite\\\/international\\\/une-esclave-sexuelle-rescapee-de-daech-raconte\\\/183978\\\/\"},\"wordCount\":293,\"commentCount\":0,\"publisher\":{\"@id\":\"https:\\\/\\\/www.webdo.tn\\\/fr\\\/#organization\"},\"image\":{\"@id\":\"https:\\\/\\\/www.webdo.tn\\\/fr\\\/actualite\\\/international\\\/une-esclave-sexuelle-rescapee-de-daech-raconte\\\/183978\\\/#primaryimage\"},\"thumbnailUrl\":\"https:\\\/\\\/www.webdo.tn\\\/fr\\\/wp-content\\\/uploads\\\/2025\\\/06\\\/Capture-decran-2015-03-18-a-18.50.21-300x231_183978.png\",\"keywords\":[\"guerre\"],\"articleSection\":[\"International\"],\"inLanguage\":\"fr-FR\"},{\"@type\":\"WebPage\",\"@id\":\"https:\\\/\\\/www.webdo.tn\\\/fr\\\/actualite\\\/international\\\/une-esclave-sexuelle-rescapee-de-daech-raconte\\\/183978\\\/\",\"url\":\"https:\\\/\\\/www.webdo.tn\\\/fr\\\/actualite\\\/international\\\/une-esclave-sexuelle-rescapee-de-daech-raconte\\\/183978\\\/\",\"name\":\"Une esclave sexuelle rescap\u00e9e de Daech raconte\",\"isPartOf\":{\"@id\":\"https:\\\/\\\/www.webdo.tn\\\/fr\\\/#website\"},\"primaryImageOfPage\":{\"@id\":\"https:\\\/\\\/www.webdo.tn\\\/fr\\\/actualite\\\/international\\\/une-esclave-sexuelle-rescapee-de-daech-raconte\\\/183978\\\/#primaryimage\"},\"image\":{\"@id\":\"https:\\\/\\\/www.webdo.tn\\\/fr\\\/actualite\\\/international\\\/une-esclave-sexuelle-rescapee-de-daech-raconte\\\/183978\\\/#primaryimage\"},\"thumbnailUrl\":\"https:\\\/\\\/www.webdo.tn\\\/fr\\\/wp-content\\\/uploads\\\/2025\\\/06\\\/Capture-decran-2015-03-18-a-18.50.21-300x231_183978.png\",\"datePublished\":\"2015-09-01T18:54:00+00:00\",\"dateModified\":\"2025-05-18T22:06:41+00:00\",\"description\":\"Une esclave sexuelle rescap\u00e9e de Daech raconte\",\"breadcrumb\":{\"@id\":\"https:\\\/\\\/www.webdo.tn\\\/fr\\\/actualite\\\/international\\\/une-esclave-sexuelle-rescapee-de-daech-raconte\\\/183978\\\/#breadcrumb\"},\"inLanguage\":\"fr-FR\",\"potentialAction\":[{\"@type\":\"ReadAction\",\"target\":[\"https:\\\/\\\/www.webdo.tn\\\/fr\\\/actualite\\\/international\\\/une-esclave-sexuelle-rescapee-de-daech-raconte\\\/183978\\\/\"]}]},{\"@type\":\"ImageObject\",\"inLanguage\":\"fr-FR\",\"@id\":\"https:\\\/\\\/www.webdo.tn\\\/fr\\\/actualite\\\/international\\\/une-esclave-sexuelle-rescapee-de-daech-raconte\\\/183978\\\/#primaryimage\",\"url\":\"https:\\\/\\\/www.webdo.tn\\\/fr\\\/wp-content\\\/uploads\\\/2025\\\/06\\\/Capture-decran-2015-03-18-a-18.50.21-300x231_183978.png\",\"contentUrl\":\"https:\\\/\\\/www.webdo.tn\\\/fr\\\/wp-content\\\/uploads\\\/2025\\\/06\\\/Capture-decran-2015-03-18-a-18.50.21-300x231_183978.png\",\"width\":300,\"height\":231,\"caption\":\"Une \\\"esclave sexuelle\\\" rescap\u00e9e de Daech raconte\"},{\"@type\":\"BreadcrumbList\",\"@id\":\"https:\\\/\\\/www.webdo.tn\\\/fr\\\/actualite\\\/international\\\/une-esclave-sexuelle-rescapee-de-daech-raconte\\\/183978\\\/#breadcrumb\",\"itemListElement\":[{\"@type\":\"ListItem\",\"position\":1,\"name\":\"Accueil\",\"item\":\"https:\\\/\\\/www.webdo.tn\\\/fr\\\/\"},{\"@type\":\"ListItem\",\"position\":2,\"name\":\"Une \u00ab\u00a0esclave sexuelle\u00a0\u00bb rescap\u00e9e de Daech raconte\"}]},{\"@type\":\"WebSite\",\"@id\":\"https:\\\/\\\/www.webdo.tn\\\/fr\\\/#website\",\"url\":\"https:\\\/\\\/www.webdo.tn\\\/fr\\\/\",\"name\":\"webdo\",\"description\":\"Tunisie - News en Tunisie et \u00e0 l&#039;international sur Webdo.tn\",\"publisher\":{\"@id\":\"https:\\\/\\\/www.webdo.tn\\\/fr\\\/#organization\"},\"potentialAction\":[{\"@type\":\"SearchAction\",\"target\":{\"@type\":\"EntryPoint\",\"urlTemplate\":\"https:\\\/\\\/www.webdo.tn\\\/fr\\\/?s={search_term_string}\"},\"query-input\":{\"@type\":\"PropertyValueSpecification\",\"valueRequired\":true,\"valueName\":\"search_term_string\"}}],\"inLanguage\":\"fr-FR\"},{\"@type\":\"Organization\",\"@id\":\"https:\\\/\\\/www.webdo.tn\\\/fr\\\/#organization\",\"name\":\"Webdo\",\"alternateName\":\"Webdo.tn\",\"url\":\"https:\\\/\\\/www.webdo.tn\\\/fr\\\/\",\"logo\":{\"@type\":\"ImageObject\",\"inLanguage\":\"fr-FR\",\"@id\":\"https:\\\/\\\/www.webdo.tn\\\/fr\\\/#\\\/schema\\\/logo\\\/image\\\/\",\"url\":\"https:\\\/\\\/www.webdo.tn\\\/fr\\\/wp-content\\\/uploads\\\/2025\\\/06\\\/Webdo-Tunisie_168377.jpg\",\"contentUrl\":\"https:\\\/\\\/www.webdo.tn\\\/fr\\\/wp-content\\\/uploads\\\/2025\\\/06\\\/Webdo-Tunisie_168377.jpg\",\"width\":301,\"height\":301,\"caption\":\"Webdo\"},\"image\":{\"@id\":\"https:\\\/\\\/www.webdo.tn\\\/fr\\\/#\\\/schema\\\/logo\\\/image\\\/\"},\"sameAs\":[\"https:\\\/\\\/www.facebook.com\\\/webdotn\",\"https:\\\/\\\/x.com\\\/webdo_tn\"],\"description\":\"Webdo est un m\u00e9dia num\u00e9rique tunisien fond\u00e9 en 2010, sp\u00e9cialis\u00e9 dans l\u2019actualit\u00e9 nationale et internationale, l\u2019\u00e9conomie, la soci\u00e9t\u00e9 et les analyses politiques. Le site s\u2019adresse \u00e0 un large public francophone et couvre l\u2019information tunisienne en temps r\u00e9el.\",\"email\":\"redac@webdo.tn\",\"legalName\":\"YNJ SARL\",\"foundingDate\":\"2010-09-06\",\"numberOfEmployees\":{\"@type\":\"QuantitativeValue\",\"minValue\":\"11\",\"maxValue\":\"50\"}},{\"@type\":\"Person\",\"@id\":\"https:\\\/\\\/www.webdo.tn\\\/fr\\\/#\\\/schema\\\/person\\\/9a9c6118d687c117df8ef3cc36a4d175\",\"name\":\"webdo.tn\",\"image\":{\"@type\":\"ImageObject\",\"inLanguage\":\"fr-FR\",\"@id\":\"https:\\\/\\\/secure.gravatar.com\\\/avatar\\\/7ce1f28c0c3bbac99ff550b85ef8e44a6950c6ee24514fb6a5489e51d06f0298?s=96&d=mm&r=g\",\"url\":\"https:\\\/\\\/secure.gravatar.com\\\/avatar\\\/7ce1f28c0c3bbac99ff550b85ef8e44a6950c6ee24514fb6a5489e51d06f0298?s=96&d=mm&r=g\",\"contentUrl\":\"https:\\\/\\\/secure.gravatar.com\\\/avatar\\\/7ce1f28c0c3bbac99ff550b85ef8e44a6950c6ee24514fb6a5489e51d06f0298?s=96&d=mm&r=g\",\"caption\":\"webdo.tn\"},\"url\":\"https:\\\/\\\/www.webdo.tn\\\/fr\\\/actualite\\\/author\\\/webdotn\\\/\"}]}<\/script>\n<!-- \/ Yoast SEO Premium plugin. -->","yoast_head_json":{"title":"Une esclave sexuelle rescap\u00e9e de Daech raconte","description":"Une esclave sexuelle rescap\u00e9e de Daech raconte","canonical":"https:\/\/www.webdo.tn\/fr\/actualite\/international\/une-esclave-sexuelle-rescapee-de-daech-raconte\/183978\/","og_locale":"fr_FR","og_type":"article","og_title":"Une \"esclave sexuelle\" rescap\u00e9e de Daech raconte","og_description":"Une esclave sexuelle rescap\u00e9e de Daech raconte","og_url":"https:\/\/www.webdo.tn\/fr\/actualite\/international\/une-esclave-sexuelle-rescapee-de-daech-raconte\/183978\/","og_site_name":"webdo","article_publisher":"https:\/\/www.facebook.com\/webdotn","article_published_time":"2015-09-01T18:54:00+00:00","article_modified_time":"2025-05-18T22:06:41+00:00","author":"webdo.tn","twitter_card":"summary_large_image","twitter_creator":"@webdo_tn","twitter_site":"@webdo_tn","twitter_misc":{"\u00c9crit par":"webdo.tn","Dur\u00e9e de lecture estim\u00e9e":"1 minute"},"schema":{"@context":"https:\/\/schema.org","@graph":[{"@type":"NewsArticle","@id":"https:\/\/www.webdo.tn\/fr\/actualite\/international\/une-esclave-sexuelle-rescapee-de-daech-raconte\/183978\/#article","isPartOf":{"@id":"https:\/\/www.webdo.tn\/fr\/actualite\/international\/une-esclave-sexuelle-rescapee-de-daech-raconte\/183978\/"},"author":{"name":"webdo.tn","@id":"https:\/\/www.webdo.tn\/fr\/#\/schema\/person\/9a9c6118d687c117df8ef3cc36a4d175"},"headline":"Une \u00ab\u00a0esclave sexuelle\u00a0\u00bb rescap\u00e9e de Daech raconte","datePublished":"2015-09-01T18:54:00+00:00","dateModified":"2025-05-18T22:06:41+00:00","mainEntityOfPage":{"@id":"https:\/\/www.webdo.tn\/fr\/actualite\/international\/une-esclave-sexuelle-rescapee-de-daech-raconte\/183978\/"},"wordCount":293,"commentCount":0,"publisher":{"@id":"https:\/\/www.webdo.tn\/fr\/#organization"},"image":{"@id":"https:\/\/www.webdo.tn\/fr\/actualite\/international\/une-esclave-sexuelle-rescapee-de-daech-raconte\/183978\/#primaryimage"},"thumbnailUrl":"https:\/\/www.webdo.tn\/fr\/wp-content\/uploads\/2025\/06\/Capture-decran-2015-03-18-a-18.50.21-300x231_183978.png","keywords":["guerre"],"articleSection":["International"],"inLanguage":"fr-FR"},{"@type":"WebPage","@id":"https:\/\/www.webdo.tn\/fr\/actualite\/international\/une-esclave-sexuelle-rescapee-de-daech-raconte\/183978\/","url":"https:\/\/www.webdo.tn\/fr\/actualite\/international\/une-esclave-sexuelle-rescapee-de-daech-raconte\/183978\/","name":"Une esclave sexuelle rescap\u00e9e de Daech raconte","isPartOf":{"@id":"https:\/\/www.webdo.tn\/fr\/#website"},"primaryImageOfPage":{"@id":"https:\/\/www.webdo.tn\/fr\/actualite\/international\/une-esclave-sexuelle-rescapee-de-daech-raconte\/183978\/#primaryimage"},"image":{"@id":"https:\/\/www.webdo.tn\/fr\/actualite\/international\/une-esclave-sexuelle-rescapee-de-daech-raconte\/183978\/#primaryimage"},"thumbnailUrl":"https:\/\/www.webdo.tn\/fr\/wp-content\/uploads\/2025\/06\/Capture-decran-2015-03-18-a-18.50.21-300x231_183978.png","datePublished":"2015-09-01T18:54:00+00:00","dateModified":"2025-05-18T22:06:41+00:00","description":"Une esclave sexuelle rescap\u00e9e de Daech raconte","breadcrumb":{"@id":"https:\/\/www.webdo.tn\/fr\/actualite\/international\/une-esclave-sexuelle-rescapee-de-daech-raconte\/183978\/#breadcrumb"},"inLanguage":"fr-FR","potentialAction":[{"@type":"ReadAction","target":["https:\/\/www.webdo.tn\/fr\/actualite\/international\/une-esclave-sexuelle-rescapee-de-daech-raconte\/183978\/"]}]},{"@type":"ImageObject","inLanguage":"fr-FR","@id":"https:\/\/www.webdo.tn\/fr\/actualite\/international\/une-esclave-sexuelle-rescapee-de-daech-raconte\/183978\/#primaryimage","url":"https:\/\/www.webdo.tn\/fr\/wp-content\/uploads\/2025\/06\/Capture-decran-2015-03-18-a-18.50.21-300x231_183978.png","contentUrl":"https:\/\/www.webdo.tn\/fr\/wp-content\/uploads\/2025\/06\/Capture-decran-2015-03-18-a-18.50.21-300x231_183978.png","width":300,"height":231,"caption":"Une \"esclave sexuelle\" rescap\u00e9e de Daech raconte"},{"@type":"BreadcrumbList","@id":"https:\/\/www.webdo.tn\/fr\/actualite\/international\/une-esclave-sexuelle-rescapee-de-daech-raconte\/183978\/#breadcrumb","itemListElement":[{"@type":"ListItem","position":1,"name":"Accueil","item":"https:\/\/www.webdo.tn\/fr\/"},{"@type":"ListItem","position":2,"name":"Une \u00ab\u00a0esclave sexuelle\u00a0\u00bb rescap\u00e9e de Daech raconte"}]},{"@type":"WebSite","@id":"https:\/\/www.webdo.tn\/fr\/#website","url":"https:\/\/www.webdo.tn\/fr\/","name":"webdo","description":"Tunisie - News en Tunisie et \u00e0 l&#039;international sur Webdo.tn","publisher":{"@id":"https:\/\/www.webdo.tn\/fr\/#organization"},"potentialAction":[{"@type":"SearchAction","target":{"@type":"EntryPoint","urlTemplate":"https:\/\/www.webdo.tn\/fr\/?s={search_term_string}"},"query-input":{"@type":"PropertyValueSpecification","valueRequired":true,"valueName":"search_term_string"}}],"inLanguage":"fr-FR"},{"@type":"Organization","@id":"https:\/\/www.webdo.tn\/fr\/#organization","name":"Webdo","alternateName":"Webdo.tn","url":"https:\/\/www.webdo.tn\/fr\/","logo":{"@type":"ImageObject","inLanguage":"fr-FR","@id":"https:\/\/www.webdo.tn\/fr\/#\/schema\/logo\/image\/","url":"https:\/\/www.webdo.tn\/fr\/wp-content\/uploads\/2025\/06\/Webdo-Tunisie_168377.jpg","contentUrl":"https:\/\/www.webdo.tn\/fr\/wp-content\/uploads\/2025\/06\/Webdo-Tunisie_168377.jpg","width":301,"height":301,"caption":"Webdo"},"image":{"@id":"https:\/\/www.webdo.tn\/fr\/#\/schema\/logo\/image\/"},"sameAs":["https:\/\/www.facebook.com\/webdotn","https:\/\/x.com\/webdo_tn"],"description":"Webdo est un m\u00e9dia num\u00e9rique tunisien fond\u00e9 en 2010, sp\u00e9cialis\u00e9 dans l\u2019actualit\u00e9 nationale et internationale, l\u2019\u00e9conomie, la soci\u00e9t\u00e9 et les analyses politiques. Le site s\u2019adresse \u00e0 un large public francophone et couvre l\u2019information tunisienne en temps r\u00e9el.","email":"redac@webdo.tn","legalName":"YNJ SARL","foundingDate":"2010-09-06","numberOfEmployees":{"@type":"QuantitativeValue","minValue":"11","maxValue":"50"}},{"@type":"Person","@id":"https:\/\/www.webdo.tn\/fr\/#\/schema\/person\/9a9c6118d687c117df8ef3cc36a4d175","name":"webdo.tn","image":{"@type":"ImageObject","inLanguage":"fr-FR","@id":"https:\/\/secure.gravatar.com\/avatar\/7ce1f28c0c3bbac99ff550b85ef8e44a6950c6ee24514fb6a5489e51d06f0298?s=96&d=mm&r=g","url":"https:\/\/secure.gravatar.com\/avatar\/7ce1f28c0c3bbac99ff550b85ef8e44a6950c6ee24514fb6a5489e51d06f0298?s=96&d=mm&r=g","contentUrl":"https:\/\/secure.gravatar.com\/avatar\/7ce1f28c0c3bbac99ff550b85ef8e44a6950c6ee24514fb6a5489e51d06f0298?s=96&d=mm&r=g","caption":"webdo.tn"},"url":"https:\/\/www.webdo.tn\/fr\/actualite\/author\/webdotn\/"}]}},"_links":{"self":[{"href":"https:\/\/www.webdo.tn\/fr\/wp-json\/wp\/v2\/posts\/183978","targetHints":{"allow":["GET"]}}],"collection":[{"href":"https:\/\/www.webdo.tn\/fr\/wp-json\/wp\/v2\/posts"}],"about":[{"href":"https:\/\/www.webdo.tn\/fr\/wp-json\/wp\/v2\/types\/post"}],"author":[{"embeddable":true,"href":"https:\/\/www.webdo.tn\/fr\/wp-json\/wp\/v2\/users\/3222"}],"replies":[{"embeddable":true,"href":"https:\/\/www.webdo.tn\/fr\/wp-json\/wp\/v2\/comments?post=183978"}],"version-history":[{"count":0,"href":"https:\/\/www.webdo.tn\/fr\/wp-json\/wp\/v2\/posts\/183978\/revisions"}],"wp:featuredmedia":[{"embeddable":true,"href":"https:\/\/www.webdo.tn\/fr\/wp-json\/wp\/v2\/media\/372882"}],"wp:attachment":[{"href":"https:\/\/www.webdo.tn\/fr\/wp-json\/wp\/v2\/media?parent=183978"}],"wp:term":[{"taxonomy":"category","embeddable":true,"href":"https:\/\/www.webdo.tn\/fr\/wp-json\/wp\/v2\/categories?post=183978"},{"taxonomy":"post_tag","embeddable":true,"href":"https:\/\/www.webdo.tn\/fr\/wp-json\/wp\/v2\/tags?post=183978"}],"curies":[{"name":"wp","href":"https:\/\/api.w.org\/{rel}","templated":true}]}}