{"id":183977,"date":"2015-09-01T21:44:00","date_gmt":"2015-09-01T21:44:00","guid":{"rendered":"https:\/\/www.webdo.tn\/fr\/actualite\/blog\/guantanamo-le-camp-de-prisonniers-impossible-a-fermer-selon-le-secretaire-a-la-defense-us\/183977\/"},"modified":"2025-05-22T12:51:22","modified_gmt":"2025-05-22T12:51:22","slug":"guantanamo-le-camp-de-prisonniers-impossible-a-fermer-selon-le-secretaire-a-la-defense-us","status":"publish","type":"post","link":"https:\/\/www.webdo.tn\/fr\/actualite\/international\/guantanamo-le-camp-de-prisonniers-impossible-a-fermer-selon-le-secretaire-a-la-defense-us\/183977\/","title":{"rendered":"Guant\u00e1namo, le camp de prisonniers impossible \u00e0 fermer selon le secr\u00e9taire \u00e0 la d\u00e9fense US"},"content":{"rendered":"<p>Malgr\u00e9 la promesse faire par Barack Obama de fermer d\u00e9finitivement le camp de\u00a0Guant\u00e1namo, l&rsquo;administration am\u00e9ricaine semble \u00eatre dans une impasse.<\/p>\n<p>Ce camp a \u00e9t\u00e9 cr\u00e9\u00e9\u00a0y a treize ans sur l\u2019\u00eele de Cuba, sp\u00e9cifiquement pour y enfermer et accessoirement y torturer tous ceux suspect\u00e9s d&rsquo;avoir de pr\u00e8s ou de loin \u00e9t\u00e9 impliqu\u00e9s dans les attentats du 11 septembre 2001, sur le territoire am\u00e9ricain.<\/p>\n<p>Cette prison r\u00e9put\u00e9e pour un \u00eatre un enfer pour les d\u00e9tenus a fait l&rsquo;objet de plusieurs revendications de la part des d\u00e9fenseurs des droits de l&rsquo;homme dans le monde.<\/p>\n<p>Relanc\u00e9 sur le sujet,\u00a0Ashton Carter, secr\u00e9taire \u00e0 la d\u00e9fense des Etats-Unis a d\u00e9clar\u00e9 que certains prisonniers ne pouvaient tout simplement pas \u00eatre lib\u00e9r\u00e9s et que de ce fait, il \u00e9tait compliqu\u00e9 de fermer une prison avec des d\u00e9tenus dedans.<\/p>\n<p>Il y a aujourd&rsquo;hui 116 d\u00e9tenus dans le camp dont la moiti\u00e9 ne doit pas sortir. Carter propose de transf\u00e9rer les d\u00e9tenus non lib\u00e9rables dans un lieu sur\u00a0le territoire des Etats-Unis, ce qui en gros, reviendrait \u00e0 d\u00e9placer Guant\u00e1namo et ne r\u00e9glerait pas les probl\u00e8mes de la l\u00e9gitimit\u00e9 de ces d\u00e9tentions illimit\u00e9es, sans proc\u00e8s ni jugements.<\/p>\n","protected":false},"excerpt":{"rendered":"<p>Guant\u00e1namo, le camp de prisonniers impossible \u00e0 fermer selon le secr\u00e9taire \u00e0 la d\u00e9fense US<\/p>\n","protected":false},"author":3222,"featured_media":351800,"comment_status":"open","ping_status":"closed","sticky":false,"template":"","format":"standard","meta":{"footnotes":""},"categories":[2598],"tags":[],"class_list":["post-183977","post","type-post","status-publish","format-standard","has-post-thumbnail","hentry","category-international"],"yoast_head":"<!-- This site is optimized with the Yoast SEO Premium plugin v27.5 (Yoast SEO v27.5) - https:\/\/yoast.com\/product\/yoast-seo-premium-wordpress\/ -->\n<title>Guant\u00e1namo, le camp de prisonniers impossible \u00e0 fermer selon le secr\u00e9taire \u00e0 la d\u00e9fense US<\/title>\n<meta name=\"description\" content=\"Guant\u00e1namo, le camp de prisonniers impossible \u00e0 fermer selon le secr\u00e9taire \u00e0 la d\u00e9fense US\" \/>\n<link rel=\"canonical\" href=\"https:\/\/www.webdo.tn\/fr\/actualite\/international\/guantanamo-le-camp-de-prisonniers-impossible-a-fermer-selon-le-secretaire-a-la-defense-us\/183977\/\" \/>\n<meta property=\"og:locale\" content=\"fr_FR\" \/>\n<meta property=\"og:type\" content=\"article\" \/>\n<meta property=\"og:title\" content=\"Guant\u00e1namo, le camp de prisonniers impossible \u00e0 fermer selon le secr\u00e9taire \u00e0 la d\u00e9fense US\" \/>\n<meta property=\"og:description\" content=\"Guant\u00e1namo, le camp de prisonniers impossible \u00e0 fermer selon le secr\u00e9taire \u00e0 la d\u00e9fense US\" \/>\n<meta property=\"og:url\" content=\"https:\/\/www.webdo.tn\/fr\/actualite\/international\/guantanamo-le-camp-de-prisonniers-impossible-a-fermer-selon-le-secretaire-a-la-defense-us\/183977\/\" \/>\n<meta property=\"og:site_name\" content=\"webdo\" \/>\n<meta property=\"article:publisher\" content=\"https:\/\/www.facebook.com\/webdotn\" \/>\n<meta property=\"article:published_time\" content=\"2015-09-01T21:44:00+00:00\" \/>\n<meta property=\"article:modified_time\" content=\"2025-05-22T12:51:22+00:00\" \/>\n<meta property=\"og:image\" content=\"https:\/\/www.webdo.tn\/fr\/wp-content\/uploads\/2015\/09\/guantanamo-bay-300x194-1.jpg\" \/>\n\t<meta property=\"og:image:width\" content=\"300\" \/>\n\t<meta property=\"og:image:height\" content=\"194\" \/>\n\t<meta property=\"og:image:type\" content=\"image\/jpeg\" \/>\n<meta name=\"author\" content=\"webdo.tn\" \/>\n<meta name=\"twitter:card\" content=\"summary_large_image\" \/>\n<meta name=\"twitter:creator\" content=\"@webdo_tn\" \/>\n<meta name=\"twitter:site\" content=\"@webdo_tn\" \/>\n<meta name=\"twitter:label1\" content=\"\u00c9crit par\" \/>\n\t<meta name=\"twitter:data1\" content=\"webdo.tn\" \/>\n\t<meta name=\"twitter:label2\" content=\"Dur\u00e9e de lecture estim\u00e9e\" \/>\n\t<meta name=\"twitter:data2\" content=\"1 minute\" \/>\n<script type=\"application\/ld+json\" class=\"yoast-schema-graph\">{\"@context\":\"https:\\\/\\\/schema.org\",\"@graph\":[{\"@type\":\"NewsArticle\",\"@id\":\"https:\\\/\\\/www.webdo.tn\\\/fr\\\/actualite\\\/international\\\/guantanamo-le-camp-de-prisonniers-impossible-a-fermer-selon-le-secretaire-a-la-defense-us\\\/183977\\\/#article\",\"isPartOf\":{\"@id\":\"https:\\\/\\\/www.webdo.tn\\\/fr\\\/actualite\\\/international\\\/guantanamo-le-camp-de-prisonniers-impossible-a-fermer-selon-le-secretaire-a-la-defense-us\\\/183977\\\/\"},\"author\":{\"name\":\"webdo.tn\",\"@id\":\"https:\\\/\\\/www.webdo.tn\\\/fr\\\/#\\\/schema\\\/person\\\/9a9c6118d687c117df8ef3cc36a4d175\"},\"headline\":\"Guant\u00e1namo, le camp de prisonniers impossible \u00e0 fermer selon le secr\u00e9taire \u00e0 la d\u00e9fense US\",\"datePublished\":\"2015-09-01T21:44:00+00:00\",\"dateModified\":\"2025-05-22T12:51:22+00:00\",\"mainEntityOfPage\":{\"@id\":\"https:\\\/\\\/www.webdo.tn\\\/fr\\\/actualite\\\/international\\\/guantanamo-le-camp-de-prisonniers-impossible-a-fermer-selon-le-secretaire-a-la-defense-us\\\/183977\\\/\"},\"wordCount\":237,\"commentCount\":0,\"publisher\":{\"@id\":\"https:\\\/\\\/www.webdo.tn\\\/fr\\\/#organization\"},\"image\":{\"@id\":\"https:\\\/\\\/www.webdo.tn\\\/fr\\\/actualite\\\/international\\\/guantanamo-le-camp-de-prisonniers-impossible-a-fermer-selon-le-secretaire-a-la-defense-us\\\/183977\\\/#primaryimage\"},\"thumbnailUrl\":\"https:\\\/\\\/www.webdo.tn\\\/fr\\\/wp-content\\\/uploads\\\/2015\\\/09\\\/guantanamo-bay-300x194-1.jpg\",\"articleSection\":[\"International\"],\"inLanguage\":\"fr-FR\"},{\"@type\":\"WebPage\",\"@id\":\"https:\\\/\\\/www.webdo.tn\\\/fr\\\/actualite\\\/international\\\/guantanamo-le-camp-de-prisonniers-impossible-a-fermer-selon-le-secretaire-a-la-defense-us\\\/183977\\\/\",\"url\":\"https:\\\/\\\/www.webdo.tn\\\/fr\\\/actualite\\\/international\\\/guantanamo-le-camp-de-prisonniers-impossible-a-fermer-selon-le-secretaire-a-la-defense-us\\\/183977\\\/\",\"name\":\"Guant\u00e1namo, le camp de prisonniers impossible \u00e0 fermer selon le secr\u00e9taire \u00e0 la d\u00e9fense US\",\"isPartOf\":{\"@id\":\"https:\\\/\\\/www.webdo.tn\\\/fr\\\/#website\"},\"primaryImageOfPage\":{\"@id\":\"https:\\\/\\\/www.webdo.tn\\\/fr\\\/actualite\\\/international\\\/guantanamo-le-camp-de-prisonniers-impossible-a-fermer-selon-le-secretaire-a-la-defense-us\\\/183977\\\/#primaryimage\"},\"image\":{\"@id\":\"https:\\\/\\\/www.webdo.tn\\\/fr\\\/actualite\\\/international\\\/guantanamo-le-camp-de-prisonniers-impossible-a-fermer-selon-le-secretaire-a-la-defense-us\\\/183977\\\/#primaryimage\"},\"thumbnailUrl\":\"https:\\\/\\\/www.webdo.tn\\\/fr\\\/wp-content\\\/uploads\\\/2015\\\/09\\\/guantanamo-bay-300x194-1.jpg\",\"datePublished\":\"2015-09-01T21:44:00+00:00\",\"dateModified\":\"2025-05-22T12:51:22+00:00\",\"description\":\"Guant\u00e1namo, le camp de prisonniers impossible \u00e0 fermer selon le secr\u00e9taire \u00e0 la d\u00e9fense US\",\"breadcrumb\":{\"@id\":\"https:\\\/\\\/www.webdo.tn\\\/fr\\\/actualite\\\/international\\\/guantanamo-le-camp-de-prisonniers-impossible-a-fermer-selon-le-secretaire-a-la-defense-us\\\/183977\\\/#breadcrumb\"},\"inLanguage\":\"fr-FR\",\"potentialAction\":[{\"@type\":\"ReadAction\",\"target\":[\"https:\\\/\\\/www.webdo.tn\\\/fr\\\/actualite\\\/international\\\/guantanamo-le-camp-de-prisonniers-impossible-a-fermer-selon-le-secretaire-a-la-defense-us\\\/183977\\\/\"]}]},{\"@type\":\"ImageObject\",\"inLanguage\":\"fr-FR\",\"@id\":\"https:\\\/\\\/www.webdo.tn\\\/fr\\\/actualite\\\/international\\\/guantanamo-le-camp-de-prisonniers-impossible-a-fermer-selon-le-secretaire-a-la-defense-us\\\/183977\\\/#primaryimage\",\"url\":\"https:\\\/\\\/www.webdo.tn\\\/fr\\\/wp-content\\\/uploads\\\/2015\\\/09\\\/guantanamo-bay-300x194-1.jpg\",\"contentUrl\":\"https:\\\/\\\/www.webdo.tn\\\/fr\\\/wp-content\\\/uploads\\\/2015\\\/09\\\/guantanamo-bay-300x194-1.jpg\",\"width\":300,\"height\":194,\"caption\":\"Guant\u00e1namo, le camp de prisonniers impossible \u00e0 fermer selon le secr\u00e9taire \u00e0 la d\u00e9fense US\"},{\"@type\":\"BreadcrumbList\",\"@id\":\"https:\\\/\\\/www.webdo.tn\\\/fr\\\/actualite\\\/international\\\/guantanamo-le-camp-de-prisonniers-impossible-a-fermer-selon-le-secretaire-a-la-defense-us\\\/183977\\\/#breadcrumb\",\"itemListElement\":[{\"@type\":\"ListItem\",\"position\":1,\"name\":\"Accueil\",\"item\":\"https:\\\/\\\/www.webdo.tn\\\/fr\\\/\"},{\"@type\":\"ListItem\",\"position\":2,\"name\":\"Guant\u00e1namo, le camp de prisonniers impossible \u00e0 fermer selon le secr\u00e9taire \u00e0 la d\u00e9fense US\"}]},{\"@type\":\"WebSite\",\"@id\":\"https:\\\/\\\/www.webdo.tn\\\/fr\\\/#website\",\"url\":\"https:\\\/\\\/www.webdo.tn\\\/fr\\\/\",\"name\":\"webdo\",\"description\":\"Tunisie - News en Tunisie et \u00e0 l&#039;international sur Webdo.tn\",\"publisher\":{\"@id\":\"https:\\\/\\\/www.webdo.tn\\\/fr\\\/#organization\"},\"potentialAction\":[{\"@type\":\"SearchAction\",\"target\":{\"@type\":\"EntryPoint\",\"urlTemplate\":\"https:\\\/\\\/www.webdo.tn\\\/fr\\\/?s={search_term_string}\"},\"query-input\":{\"@type\":\"PropertyValueSpecification\",\"valueRequired\":true,\"valueName\":\"search_term_string\"}}],\"inLanguage\":\"fr-FR\"},{\"@type\":\"Organization\",\"@id\":\"https:\\\/\\\/www.webdo.tn\\\/fr\\\/#organization\",\"name\":\"Webdo\",\"alternateName\":\"Webdo.tn\",\"url\":\"https:\\\/\\\/www.webdo.tn\\\/fr\\\/\",\"logo\":{\"@type\":\"ImageObject\",\"inLanguage\":\"fr-FR\",\"@id\":\"https:\\\/\\\/www.webdo.tn\\\/fr\\\/#\\\/schema\\\/logo\\\/image\\\/\",\"url\":\"https:\\\/\\\/www.webdo.tn\\\/fr\\\/wp-content\\\/uploads\\\/2025\\\/06\\\/Webdo-Tunisie_168377.jpg\",\"contentUrl\":\"https:\\\/\\\/www.webdo.tn\\\/fr\\\/wp-content\\\/uploads\\\/2025\\\/06\\\/Webdo-Tunisie_168377.jpg\",\"width\":301,\"height\":301,\"caption\":\"Webdo\"},\"image\":{\"@id\":\"https:\\\/\\\/www.webdo.tn\\\/fr\\\/#\\\/schema\\\/logo\\\/image\\\/\"},\"sameAs\":[\"https:\\\/\\\/www.facebook.com\\\/webdotn\",\"https:\\\/\\\/x.com\\\/webdo_tn\"],\"description\":\"Webdo est un m\u00e9dia num\u00e9rique tunisien fond\u00e9 en 2010, sp\u00e9cialis\u00e9 dans l\u2019actualit\u00e9 nationale et internationale, l\u2019\u00e9conomie, la soci\u00e9t\u00e9 et les analyses politiques. Le site s\u2019adresse \u00e0 un large public francophone et couvre l\u2019information tunisienne en temps r\u00e9el.\",\"email\":\"redac@webdo.tn\",\"legalName\":\"YNJ SARL\",\"foundingDate\":\"2010-09-06\",\"numberOfEmployees\":{\"@type\":\"QuantitativeValue\",\"minValue\":\"11\",\"maxValue\":\"50\"}},{\"@type\":\"Person\",\"@id\":\"https:\\\/\\\/www.webdo.tn\\\/fr\\\/#\\\/schema\\\/person\\\/9a9c6118d687c117df8ef3cc36a4d175\",\"name\":\"webdo.tn\",\"image\":{\"@type\":\"ImageObject\",\"inLanguage\":\"fr-FR\",\"@id\":\"https:\\\/\\\/secure.gravatar.com\\\/avatar\\\/7ce1f28c0c3bbac99ff550b85ef8e44a6950c6ee24514fb6a5489e51d06f0298?s=96&d=mm&r=g\",\"url\":\"https:\\\/\\\/secure.gravatar.com\\\/avatar\\\/7ce1f28c0c3bbac99ff550b85ef8e44a6950c6ee24514fb6a5489e51d06f0298?s=96&d=mm&r=g\",\"contentUrl\":\"https:\\\/\\\/secure.gravatar.com\\\/avatar\\\/7ce1f28c0c3bbac99ff550b85ef8e44a6950c6ee24514fb6a5489e51d06f0298?s=96&d=mm&r=g\",\"caption\":\"webdo.tn\"},\"url\":\"https:\\\/\\\/www.webdo.tn\\\/fr\\\/actualite\\\/author\\\/webdotn\\\/\"}]}<\/script>\n<!-- \/ Yoast SEO Premium plugin. -->","yoast_head_json":{"title":"Guant\u00e1namo, le camp de prisonniers impossible \u00e0 fermer selon le secr\u00e9taire \u00e0 la d\u00e9fense US","description":"Guant\u00e1namo, le camp de prisonniers impossible \u00e0 fermer selon le secr\u00e9taire \u00e0 la d\u00e9fense US","canonical":"https:\/\/www.webdo.tn\/fr\/actualite\/international\/guantanamo-le-camp-de-prisonniers-impossible-a-fermer-selon-le-secretaire-a-la-defense-us\/183977\/","og_locale":"fr_FR","og_type":"article","og_title":"Guant\u00e1namo, le camp de prisonniers impossible \u00e0 fermer selon le secr\u00e9taire \u00e0 la d\u00e9fense US","og_description":"Guant\u00e1namo, le camp de prisonniers impossible \u00e0 fermer selon le secr\u00e9taire \u00e0 la d\u00e9fense US","og_url":"https:\/\/www.webdo.tn\/fr\/actualite\/international\/guantanamo-le-camp-de-prisonniers-impossible-a-fermer-selon-le-secretaire-a-la-defense-us\/183977\/","og_site_name":"webdo","article_publisher":"https:\/\/www.facebook.com\/webdotn","article_published_time":"2015-09-01T21:44:00+00:00","article_modified_time":"2025-05-22T12:51:22+00:00","og_image":[{"width":300,"height":194,"url":"https:\/\/www.webdo.tn\/fr\/wp-content\/uploads\/2015\/09\/guantanamo-bay-300x194-1.jpg","type":"image\/jpeg"}],"author":"webdo.tn","twitter_card":"summary_large_image","twitter_creator":"@webdo_tn","twitter_site":"@webdo_tn","twitter_misc":{"\u00c9crit par":"webdo.tn","Dur\u00e9e de lecture estim\u00e9e":"1 minute"},"schema":{"@context":"https:\/\/schema.org","@graph":[{"@type":"NewsArticle","@id":"https:\/\/www.webdo.tn\/fr\/actualite\/international\/guantanamo-le-camp-de-prisonniers-impossible-a-fermer-selon-le-secretaire-a-la-defense-us\/183977\/#article","isPartOf":{"@id":"https:\/\/www.webdo.tn\/fr\/actualite\/international\/guantanamo-le-camp-de-prisonniers-impossible-a-fermer-selon-le-secretaire-a-la-defense-us\/183977\/"},"author":{"name":"webdo.tn","@id":"https:\/\/www.webdo.tn\/fr\/#\/schema\/person\/9a9c6118d687c117df8ef3cc36a4d175"},"headline":"Guant\u00e1namo, le camp de prisonniers impossible \u00e0 fermer selon le secr\u00e9taire \u00e0 la d\u00e9fense US","datePublished":"2015-09-01T21:44:00+00:00","dateModified":"2025-05-22T12:51:22+00:00","mainEntityOfPage":{"@id":"https:\/\/www.webdo.tn\/fr\/actualite\/international\/guantanamo-le-camp-de-prisonniers-impossible-a-fermer-selon-le-secretaire-a-la-defense-us\/183977\/"},"wordCount":237,"commentCount":0,"publisher":{"@id":"https:\/\/www.webdo.tn\/fr\/#organization"},"image":{"@id":"https:\/\/www.webdo.tn\/fr\/actualite\/international\/guantanamo-le-camp-de-prisonniers-impossible-a-fermer-selon-le-secretaire-a-la-defense-us\/183977\/#primaryimage"},"thumbnailUrl":"https:\/\/www.webdo.tn\/fr\/wp-content\/uploads\/2015\/09\/guantanamo-bay-300x194-1.jpg","articleSection":["International"],"inLanguage":"fr-FR"},{"@type":"WebPage","@id":"https:\/\/www.webdo.tn\/fr\/actualite\/international\/guantanamo-le-camp-de-prisonniers-impossible-a-fermer-selon-le-secretaire-a-la-defense-us\/183977\/","url":"https:\/\/www.webdo.tn\/fr\/actualite\/international\/guantanamo-le-camp-de-prisonniers-impossible-a-fermer-selon-le-secretaire-a-la-defense-us\/183977\/","name":"Guant\u00e1namo, le camp de prisonniers impossible \u00e0 fermer selon le secr\u00e9taire \u00e0 la d\u00e9fense US","isPartOf":{"@id":"https:\/\/www.webdo.tn\/fr\/#website"},"primaryImageOfPage":{"@id":"https:\/\/www.webdo.tn\/fr\/actualite\/international\/guantanamo-le-camp-de-prisonniers-impossible-a-fermer-selon-le-secretaire-a-la-defense-us\/183977\/#primaryimage"},"image":{"@id":"https:\/\/www.webdo.tn\/fr\/actualite\/international\/guantanamo-le-camp-de-prisonniers-impossible-a-fermer-selon-le-secretaire-a-la-defense-us\/183977\/#primaryimage"},"thumbnailUrl":"https:\/\/www.webdo.tn\/fr\/wp-content\/uploads\/2015\/09\/guantanamo-bay-300x194-1.jpg","datePublished":"2015-09-01T21:44:00+00:00","dateModified":"2025-05-22T12:51:22+00:00","description":"Guant\u00e1namo, le camp de prisonniers impossible \u00e0 fermer selon le secr\u00e9taire \u00e0 la d\u00e9fense US","breadcrumb":{"@id":"https:\/\/www.webdo.tn\/fr\/actualite\/international\/guantanamo-le-camp-de-prisonniers-impossible-a-fermer-selon-le-secretaire-a-la-defense-us\/183977\/#breadcrumb"},"inLanguage":"fr-FR","potentialAction":[{"@type":"ReadAction","target":["https:\/\/www.webdo.tn\/fr\/actualite\/international\/guantanamo-le-camp-de-prisonniers-impossible-a-fermer-selon-le-secretaire-a-la-defense-us\/183977\/"]}]},{"@type":"ImageObject","inLanguage":"fr-FR","@id":"https:\/\/www.webdo.tn\/fr\/actualite\/international\/guantanamo-le-camp-de-prisonniers-impossible-a-fermer-selon-le-secretaire-a-la-defense-us\/183977\/#primaryimage","url":"https:\/\/www.webdo.tn\/fr\/wp-content\/uploads\/2015\/09\/guantanamo-bay-300x194-1.jpg","contentUrl":"https:\/\/www.webdo.tn\/fr\/wp-content\/uploads\/2015\/09\/guantanamo-bay-300x194-1.jpg","width":300,"height":194,"caption":"Guant\u00e1namo, le camp de prisonniers impossible \u00e0 fermer selon le secr\u00e9taire \u00e0 la d\u00e9fense US"},{"@type":"BreadcrumbList","@id":"https:\/\/www.webdo.tn\/fr\/actualite\/international\/guantanamo-le-camp-de-prisonniers-impossible-a-fermer-selon-le-secretaire-a-la-defense-us\/183977\/#breadcrumb","itemListElement":[{"@type":"ListItem","position":1,"name":"Accueil","item":"https:\/\/www.webdo.tn\/fr\/"},{"@type":"ListItem","position":2,"name":"Guant\u00e1namo, le camp de prisonniers impossible \u00e0 fermer selon le secr\u00e9taire \u00e0 la d\u00e9fense US"}]},{"@type":"WebSite","@id":"https:\/\/www.webdo.tn\/fr\/#website","url":"https:\/\/www.webdo.tn\/fr\/","name":"webdo","description":"Tunisie - News en Tunisie et \u00e0 l&#039;international sur Webdo.tn","publisher":{"@id":"https:\/\/www.webdo.tn\/fr\/#organization"},"potentialAction":[{"@type":"SearchAction","target":{"@type":"EntryPoint","urlTemplate":"https:\/\/www.webdo.tn\/fr\/?s={search_term_string}"},"query-input":{"@type":"PropertyValueSpecification","valueRequired":true,"valueName":"search_term_string"}}],"inLanguage":"fr-FR"},{"@type":"Organization","@id":"https:\/\/www.webdo.tn\/fr\/#organization","name":"Webdo","alternateName":"Webdo.tn","url":"https:\/\/www.webdo.tn\/fr\/","logo":{"@type":"ImageObject","inLanguage":"fr-FR","@id":"https:\/\/www.webdo.tn\/fr\/#\/schema\/logo\/image\/","url":"https:\/\/www.webdo.tn\/fr\/wp-content\/uploads\/2025\/06\/Webdo-Tunisie_168377.jpg","contentUrl":"https:\/\/www.webdo.tn\/fr\/wp-content\/uploads\/2025\/06\/Webdo-Tunisie_168377.jpg","width":301,"height":301,"caption":"Webdo"},"image":{"@id":"https:\/\/www.webdo.tn\/fr\/#\/schema\/logo\/image\/"},"sameAs":["https:\/\/www.facebook.com\/webdotn","https:\/\/x.com\/webdo_tn"],"description":"Webdo est un m\u00e9dia num\u00e9rique tunisien fond\u00e9 en 2010, sp\u00e9cialis\u00e9 dans l\u2019actualit\u00e9 nationale et internationale, l\u2019\u00e9conomie, la soci\u00e9t\u00e9 et les analyses politiques. Le site s\u2019adresse \u00e0 un large public francophone et couvre l\u2019information tunisienne en temps r\u00e9el.","email":"redac@webdo.tn","legalName":"YNJ SARL","foundingDate":"2010-09-06","numberOfEmployees":{"@type":"QuantitativeValue","minValue":"11","maxValue":"50"}},{"@type":"Person","@id":"https:\/\/www.webdo.tn\/fr\/#\/schema\/person\/9a9c6118d687c117df8ef3cc36a4d175","name":"webdo.tn","image":{"@type":"ImageObject","inLanguage":"fr-FR","@id":"https:\/\/secure.gravatar.com\/avatar\/7ce1f28c0c3bbac99ff550b85ef8e44a6950c6ee24514fb6a5489e51d06f0298?s=96&d=mm&r=g","url":"https:\/\/secure.gravatar.com\/avatar\/7ce1f28c0c3bbac99ff550b85ef8e44a6950c6ee24514fb6a5489e51d06f0298?s=96&d=mm&r=g","contentUrl":"https:\/\/secure.gravatar.com\/avatar\/7ce1f28c0c3bbac99ff550b85ef8e44a6950c6ee24514fb6a5489e51d06f0298?s=96&d=mm&r=g","caption":"webdo.tn"},"url":"https:\/\/www.webdo.tn\/fr\/actualite\/author\/webdotn\/"}]}},"_links":{"self":[{"href":"https:\/\/www.webdo.tn\/fr\/wp-json\/wp\/v2\/posts\/183977","targetHints":{"allow":["GET"]}}],"collection":[{"href":"https:\/\/www.webdo.tn\/fr\/wp-json\/wp\/v2\/posts"}],"about":[{"href":"https:\/\/www.webdo.tn\/fr\/wp-json\/wp\/v2\/types\/post"}],"author":[{"embeddable":true,"href":"https:\/\/www.webdo.tn\/fr\/wp-json\/wp\/v2\/users\/3222"}],"replies":[{"embeddable":true,"href":"https:\/\/www.webdo.tn\/fr\/wp-json\/wp\/v2\/comments?post=183977"}],"version-history":[{"count":0,"href":"https:\/\/www.webdo.tn\/fr\/wp-json\/wp\/v2\/posts\/183977\/revisions"}],"wp:featuredmedia":[{"embeddable":true,"href":"https:\/\/www.webdo.tn\/fr\/wp-json\/wp\/v2\/media\/351800"}],"wp:attachment":[{"href":"https:\/\/www.webdo.tn\/fr\/wp-json\/wp\/v2\/media?parent=183977"}],"wp:term":[{"taxonomy":"category","embeddable":true,"href":"https:\/\/www.webdo.tn\/fr\/wp-json\/wp\/v2\/categories?post=183977"},{"taxonomy":"post_tag","embeddable":true,"href":"https:\/\/www.webdo.tn\/fr\/wp-json\/wp\/v2\/tags?post=183977"}],"curies":[{"name":"wp","href":"https:\/\/api.w.org\/{rel}","templated":true}]}}