{"id":183976,"date":"2015-09-01T22:08:00","date_gmt":"2015-09-01T22:08:00","guid":{"rendered":"https:\/\/www.webdo.tn\/fr\/actualite\/blog\/a-33-ans-il-est-condamne-a-2-ans-de-prison-pour-un-delit-commis-quand-il-avait-6-ans\/183976\/"},"modified":"2025-05-22T12:51:24","modified_gmt":"2025-05-22T12:51:24","slug":"a-33-ans-il-est-condamne-a-2-ans-de-prison-pour-un-delit-commis-quand-il-avait-6-ans","status":"publish","type":"post","link":"https:\/\/www.webdo.tn\/fr\/actualite\/international\/a-33-ans-il-est-condamne-a-2-ans-de-prison-pour-un-delit-commis-quand-il-avait-6-ans\/183976\/","title":{"rendered":"A 33 ans, il est condamn\u00e9 \u00e0 2 ans de prison pour un d\u00e9lit commis quand il avait 6 ans!"},"content":{"rendered":"<p>L&rsquo;ONG Human Rights Watch (HRW) s&rsquo;est indign\u00e9e aujourd&rsquo;hui, 1er septembre 2015 de\u00a0la peine de deux ans de prison inflig\u00e9e \u00e0 un journaliste ind\u00e9pendant tadjik pour un d\u00e9lit qu&rsquo;il est accus\u00e9 d&rsquo;avoir commis \u00e0 l&rsquo;\u00e2ge de six ans.<\/p>\n<p>Amindjon Goulmourodzoda, 33 ans, est r\u00e9dacteur du site web\u00a0d&rsquo;actualit\u00e9s faraj.tj.com. Il a \u00e9t\u00e9 condamn\u00e9 le 18 ao\u00fbt dernier \u00e0 2\u00a0ans de prison pour avoir falsifi\u00e9 son certificat de naissance avec l&rsquo;aide de son p\u00e8re, en 1989, dans le but d&rsquo;obtenir son passeport plus t\u00f4t.<\/p>\n<p>Sauf qu&rsquo;en 1989,\u00a0Amindjon n&rsquo;avait que 6 ans! Son p\u00e8re d\u00e9funt figure \u00e9galement\u00a0en tant qu&rsquo;accus\u00e9 mais n&rsquo;a d\u00e9cemment pas pu se pr\u00e9senter.<\/p>\n<p>Pour\u00a0HRW, cette condamnation\u00a0a plus \u00e0 avoir avec les activit\u00e9s journalistiques d&rsquo;Amindjon Goulmourodzoda qu&rsquo;avec un quelconque d\u00e9lit commis dans l&rsquo;enfance et demande donc la lib\u00e9ration imm\u00e9diate du journaliste.<\/p>\n<p>Le r\u00e9gime du Tadjikistan est souvent accus\u00e9 par les ONG de r\u00e9primer la libert\u00e9 d&rsquo;expression en faisant pression sur les m\u00e9dias ind\u00e9pendants et sur\u00a0l&rsquo;opposition.<\/p>\n","protected":false},"excerpt":{"rendered":"<p>A 33 ans, il est condamn\u00e9 \u00e0 2 ans de prison pour un d\u00e9lit commis quand il avait 6 ans!<\/p>\n","protected":false},"author":3222,"featured_media":351803,"comment_status":"open","ping_status":"closed","sticky":false,"template":"","format":"standard","meta":{"footnotes":""},"categories":[2598],"tags":[],"class_list":["post-183976","post","type-post","status-publish","format-standard","has-post-thumbnail","hentry","category-international"],"yoast_head":"<!-- This site is optimized with the Yoast SEO Premium plugin v27.5 (Yoast SEO v27.5) - https:\/\/yoast.com\/product\/yoast-seo-premium-wordpress\/ -->\n<title>A 33 ans, il est condamn\u00e9 \u00e0 2 ans de prison pour un d\u00e9lit commis quand il avait 6 ans!<\/title>\n<meta name=\"description\" content=\"A 33 ans, il est condamn\u00e9 \u00e0 2 ans de prison pour un d\u00e9lit commis quand il avait 6 ans!\" \/>\n<link rel=\"canonical\" href=\"https:\/\/www.webdo.tn\/fr\/actualite\/international\/a-33-ans-il-est-condamne-a-2-ans-de-prison-pour-un-delit-commis-quand-il-avait-6-ans\/183976\/\" \/>\n<meta property=\"og:locale\" content=\"fr_FR\" \/>\n<meta property=\"og:type\" content=\"article\" \/>\n<meta property=\"og:title\" content=\"A 33 ans, il est condamn\u00e9 \u00e0 2 ans de prison pour un d\u00e9lit commis quand il avait 6 ans!\" \/>\n<meta property=\"og:description\" content=\"A 33 ans, il est condamn\u00e9 \u00e0 2 ans de prison pour un d\u00e9lit commis quand il avait 6 ans!\" \/>\n<meta property=\"og:url\" content=\"https:\/\/www.webdo.tn\/fr\/actualite\/international\/a-33-ans-il-est-condamne-a-2-ans-de-prison-pour-un-delit-commis-quand-il-avait-6-ans\/183976\/\" \/>\n<meta property=\"og:site_name\" content=\"webdo\" \/>\n<meta property=\"article:publisher\" content=\"https:\/\/www.facebook.com\/webdotn\" \/>\n<meta property=\"article:published_time\" content=\"2015-09-01T22:08:00+00:00\" \/>\n<meta property=\"article:modified_time\" content=\"2025-05-22T12:51:24+00:00\" \/>\n<meta property=\"og:image\" content=\"https:\/\/www.webdo.tn\/fr\/wp-content\/uploads\/2015\/09\/tadjikistan-300x201-1.jpg\" \/>\n\t<meta property=\"og:image:width\" content=\"300\" \/>\n\t<meta property=\"og:image:height\" content=\"201\" \/>\n\t<meta property=\"og:image:type\" content=\"image\/jpeg\" \/>\n<meta name=\"author\" content=\"webdo.tn\" \/>\n<meta name=\"twitter:card\" content=\"summary_large_image\" \/>\n<meta name=\"twitter:creator\" content=\"@webdo_tn\" \/>\n<meta name=\"twitter:site\" content=\"@webdo_tn\" \/>\n<meta name=\"twitter:label1\" content=\"\u00c9crit par\" \/>\n\t<meta name=\"twitter:data1\" content=\"webdo.tn\" \/>\n\t<meta name=\"twitter:label2\" content=\"Dur\u00e9e de lecture estim\u00e9e\" \/>\n\t<meta name=\"twitter:data2\" content=\"1 minute\" \/>\n<script type=\"application\/ld+json\" class=\"yoast-schema-graph\">{\"@context\":\"https:\\\/\\\/schema.org\",\"@graph\":[{\"@type\":\"NewsArticle\",\"@id\":\"https:\\\/\\\/www.webdo.tn\\\/fr\\\/actualite\\\/international\\\/a-33-ans-il-est-condamne-a-2-ans-de-prison-pour-un-delit-commis-quand-il-avait-6-ans\\\/183976\\\/#article\",\"isPartOf\":{\"@id\":\"https:\\\/\\\/www.webdo.tn\\\/fr\\\/actualite\\\/international\\\/a-33-ans-il-est-condamne-a-2-ans-de-prison-pour-un-delit-commis-quand-il-avait-6-ans\\\/183976\\\/\"},\"author\":{\"name\":\"webdo.tn\",\"@id\":\"https:\\\/\\\/www.webdo.tn\\\/fr\\\/#\\\/schema\\\/person\\\/9a9c6118d687c117df8ef3cc36a4d175\"},\"headline\":\"A 33 ans, il est condamn\u00e9 \u00e0 2 ans de prison pour un d\u00e9lit commis quand il avait 6 ans!\",\"datePublished\":\"2015-09-01T22:08:00+00:00\",\"dateModified\":\"2025-05-22T12:51:24+00:00\",\"mainEntityOfPage\":{\"@id\":\"https:\\\/\\\/www.webdo.tn\\\/fr\\\/actualite\\\/international\\\/a-33-ans-il-est-condamne-a-2-ans-de-prison-pour-un-delit-commis-quand-il-avait-6-ans\\\/183976\\\/\"},\"wordCount\":208,\"commentCount\":0,\"publisher\":{\"@id\":\"https:\\\/\\\/www.webdo.tn\\\/fr\\\/#organization\"},\"image\":{\"@id\":\"https:\\\/\\\/www.webdo.tn\\\/fr\\\/actualite\\\/international\\\/a-33-ans-il-est-condamne-a-2-ans-de-prison-pour-un-delit-commis-quand-il-avait-6-ans\\\/183976\\\/#primaryimage\"},\"thumbnailUrl\":\"https:\\\/\\\/www.webdo.tn\\\/fr\\\/wp-content\\\/uploads\\\/2015\\\/09\\\/tadjikistan-300x201-1.jpg\",\"articleSection\":[\"International\"],\"inLanguage\":\"fr-FR\"},{\"@type\":\"WebPage\",\"@id\":\"https:\\\/\\\/www.webdo.tn\\\/fr\\\/actualite\\\/international\\\/a-33-ans-il-est-condamne-a-2-ans-de-prison-pour-un-delit-commis-quand-il-avait-6-ans\\\/183976\\\/\",\"url\":\"https:\\\/\\\/www.webdo.tn\\\/fr\\\/actualite\\\/international\\\/a-33-ans-il-est-condamne-a-2-ans-de-prison-pour-un-delit-commis-quand-il-avait-6-ans\\\/183976\\\/\",\"name\":\"A 33 ans, il est condamn\u00e9 \u00e0 2 ans de prison pour un d\u00e9lit commis quand il avait 6 ans!\",\"isPartOf\":{\"@id\":\"https:\\\/\\\/www.webdo.tn\\\/fr\\\/#website\"},\"primaryImageOfPage\":{\"@id\":\"https:\\\/\\\/www.webdo.tn\\\/fr\\\/actualite\\\/international\\\/a-33-ans-il-est-condamne-a-2-ans-de-prison-pour-un-delit-commis-quand-il-avait-6-ans\\\/183976\\\/#primaryimage\"},\"image\":{\"@id\":\"https:\\\/\\\/www.webdo.tn\\\/fr\\\/actualite\\\/international\\\/a-33-ans-il-est-condamne-a-2-ans-de-prison-pour-un-delit-commis-quand-il-avait-6-ans\\\/183976\\\/#primaryimage\"},\"thumbnailUrl\":\"https:\\\/\\\/www.webdo.tn\\\/fr\\\/wp-content\\\/uploads\\\/2015\\\/09\\\/tadjikistan-300x201-1.jpg\",\"datePublished\":\"2015-09-01T22:08:00+00:00\",\"dateModified\":\"2025-05-22T12:51:24+00:00\",\"description\":\"A 33 ans, il est condamn\u00e9 \u00e0 2 ans de prison pour un d\u00e9lit commis quand il avait 6 ans!\",\"breadcrumb\":{\"@id\":\"https:\\\/\\\/www.webdo.tn\\\/fr\\\/actualite\\\/international\\\/a-33-ans-il-est-condamne-a-2-ans-de-prison-pour-un-delit-commis-quand-il-avait-6-ans\\\/183976\\\/#breadcrumb\"},\"inLanguage\":\"fr-FR\",\"potentialAction\":[{\"@type\":\"ReadAction\",\"target\":[\"https:\\\/\\\/www.webdo.tn\\\/fr\\\/actualite\\\/international\\\/a-33-ans-il-est-condamne-a-2-ans-de-prison-pour-un-delit-commis-quand-il-avait-6-ans\\\/183976\\\/\"]}]},{\"@type\":\"ImageObject\",\"inLanguage\":\"fr-FR\",\"@id\":\"https:\\\/\\\/www.webdo.tn\\\/fr\\\/actualite\\\/international\\\/a-33-ans-il-est-condamne-a-2-ans-de-prison-pour-un-delit-commis-quand-il-avait-6-ans\\\/183976\\\/#primaryimage\",\"url\":\"https:\\\/\\\/www.webdo.tn\\\/fr\\\/wp-content\\\/uploads\\\/2015\\\/09\\\/tadjikistan-300x201-1.jpg\",\"contentUrl\":\"https:\\\/\\\/www.webdo.tn\\\/fr\\\/wp-content\\\/uploads\\\/2015\\\/09\\\/tadjikistan-300x201-1.jpg\",\"width\":300,\"height\":201,\"caption\":\"A 33 ans, il est condamn\u00e9 \u00e0 2 ans de prison pour un d\u00e9lit commis quand il avait 6 ans!\"},{\"@type\":\"BreadcrumbList\",\"@id\":\"https:\\\/\\\/www.webdo.tn\\\/fr\\\/actualite\\\/international\\\/a-33-ans-il-est-condamne-a-2-ans-de-prison-pour-un-delit-commis-quand-il-avait-6-ans\\\/183976\\\/#breadcrumb\",\"itemListElement\":[{\"@type\":\"ListItem\",\"position\":1,\"name\":\"Accueil\",\"item\":\"https:\\\/\\\/www.webdo.tn\\\/fr\\\/\"},{\"@type\":\"ListItem\",\"position\":2,\"name\":\"A 33 ans, il est condamn\u00e9 \u00e0 2 ans de prison pour un d\u00e9lit commis quand il avait 6 ans!\"}]},{\"@type\":\"WebSite\",\"@id\":\"https:\\\/\\\/www.webdo.tn\\\/fr\\\/#website\",\"url\":\"https:\\\/\\\/www.webdo.tn\\\/fr\\\/\",\"name\":\"webdo\",\"description\":\"Tunisie - News en Tunisie et \u00e0 l&#039;international sur Webdo.tn\",\"publisher\":{\"@id\":\"https:\\\/\\\/www.webdo.tn\\\/fr\\\/#organization\"},\"potentialAction\":[{\"@type\":\"SearchAction\",\"target\":{\"@type\":\"EntryPoint\",\"urlTemplate\":\"https:\\\/\\\/www.webdo.tn\\\/fr\\\/?s={search_term_string}\"},\"query-input\":{\"@type\":\"PropertyValueSpecification\",\"valueRequired\":true,\"valueName\":\"search_term_string\"}}],\"inLanguage\":\"fr-FR\"},{\"@type\":\"Organization\",\"@id\":\"https:\\\/\\\/www.webdo.tn\\\/fr\\\/#organization\",\"name\":\"Webdo\",\"alternateName\":\"Webdo.tn\",\"url\":\"https:\\\/\\\/www.webdo.tn\\\/fr\\\/\",\"logo\":{\"@type\":\"ImageObject\",\"inLanguage\":\"fr-FR\",\"@id\":\"https:\\\/\\\/www.webdo.tn\\\/fr\\\/#\\\/schema\\\/logo\\\/image\\\/\",\"url\":\"https:\\\/\\\/www.webdo.tn\\\/fr\\\/wp-content\\\/uploads\\\/2025\\\/06\\\/Webdo-Tunisie_168377.jpg\",\"contentUrl\":\"https:\\\/\\\/www.webdo.tn\\\/fr\\\/wp-content\\\/uploads\\\/2025\\\/06\\\/Webdo-Tunisie_168377.jpg\",\"width\":301,\"height\":301,\"caption\":\"Webdo\"},\"image\":{\"@id\":\"https:\\\/\\\/www.webdo.tn\\\/fr\\\/#\\\/schema\\\/logo\\\/image\\\/\"},\"sameAs\":[\"https:\\\/\\\/www.facebook.com\\\/webdotn\",\"https:\\\/\\\/x.com\\\/webdo_tn\"],\"description\":\"Webdo est un m\u00e9dia num\u00e9rique tunisien fond\u00e9 en 2010, sp\u00e9cialis\u00e9 dans l\u2019actualit\u00e9 nationale et internationale, l\u2019\u00e9conomie, la soci\u00e9t\u00e9 et les analyses politiques. Le site s\u2019adresse \u00e0 un large public francophone et couvre l\u2019information tunisienne en temps r\u00e9el.\",\"email\":\"redac@webdo.tn\",\"legalName\":\"YNJ SARL\",\"foundingDate\":\"2010-09-06\",\"numberOfEmployees\":{\"@type\":\"QuantitativeValue\",\"minValue\":\"11\",\"maxValue\":\"50\"}},{\"@type\":\"Person\",\"@id\":\"https:\\\/\\\/www.webdo.tn\\\/fr\\\/#\\\/schema\\\/person\\\/9a9c6118d687c117df8ef3cc36a4d175\",\"name\":\"webdo.tn\",\"image\":{\"@type\":\"ImageObject\",\"inLanguage\":\"fr-FR\",\"@id\":\"https:\\\/\\\/secure.gravatar.com\\\/avatar\\\/7ce1f28c0c3bbac99ff550b85ef8e44a6950c6ee24514fb6a5489e51d06f0298?s=96&d=mm&r=g\",\"url\":\"https:\\\/\\\/secure.gravatar.com\\\/avatar\\\/7ce1f28c0c3bbac99ff550b85ef8e44a6950c6ee24514fb6a5489e51d06f0298?s=96&d=mm&r=g\",\"contentUrl\":\"https:\\\/\\\/secure.gravatar.com\\\/avatar\\\/7ce1f28c0c3bbac99ff550b85ef8e44a6950c6ee24514fb6a5489e51d06f0298?s=96&d=mm&r=g\",\"caption\":\"webdo.tn\"},\"url\":\"https:\\\/\\\/www.webdo.tn\\\/fr\\\/actualite\\\/author\\\/webdotn\\\/\"}]}<\/script>\n<!-- \/ Yoast SEO Premium plugin. -->","yoast_head_json":{"title":"A 33 ans, il est condamn\u00e9 \u00e0 2 ans de prison pour un d\u00e9lit commis quand il avait 6 ans!","description":"A 33 ans, il est condamn\u00e9 \u00e0 2 ans de prison pour un d\u00e9lit commis quand il avait 6 ans!","canonical":"https:\/\/www.webdo.tn\/fr\/actualite\/international\/a-33-ans-il-est-condamne-a-2-ans-de-prison-pour-un-delit-commis-quand-il-avait-6-ans\/183976\/","og_locale":"fr_FR","og_type":"article","og_title":"A 33 ans, il est condamn\u00e9 \u00e0 2 ans de prison pour un d\u00e9lit commis quand il avait 6 ans!","og_description":"A 33 ans, il est condamn\u00e9 \u00e0 2 ans de prison pour un d\u00e9lit commis quand il avait 6 ans!","og_url":"https:\/\/www.webdo.tn\/fr\/actualite\/international\/a-33-ans-il-est-condamne-a-2-ans-de-prison-pour-un-delit-commis-quand-il-avait-6-ans\/183976\/","og_site_name":"webdo","article_publisher":"https:\/\/www.facebook.com\/webdotn","article_published_time":"2015-09-01T22:08:00+00:00","article_modified_time":"2025-05-22T12:51:24+00:00","og_image":[{"width":300,"height":201,"url":"https:\/\/www.webdo.tn\/fr\/wp-content\/uploads\/2015\/09\/tadjikistan-300x201-1.jpg","type":"image\/jpeg"}],"author":"webdo.tn","twitter_card":"summary_large_image","twitter_creator":"@webdo_tn","twitter_site":"@webdo_tn","twitter_misc":{"\u00c9crit par":"webdo.tn","Dur\u00e9e de lecture estim\u00e9e":"1 minute"},"schema":{"@context":"https:\/\/schema.org","@graph":[{"@type":"NewsArticle","@id":"https:\/\/www.webdo.tn\/fr\/actualite\/international\/a-33-ans-il-est-condamne-a-2-ans-de-prison-pour-un-delit-commis-quand-il-avait-6-ans\/183976\/#article","isPartOf":{"@id":"https:\/\/www.webdo.tn\/fr\/actualite\/international\/a-33-ans-il-est-condamne-a-2-ans-de-prison-pour-un-delit-commis-quand-il-avait-6-ans\/183976\/"},"author":{"name":"webdo.tn","@id":"https:\/\/www.webdo.tn\/fr\/#\/schema\/person\/9a9c6118d687c117df8ef3cc36a4d175"},"headline":"A 33 ans, il est condamn\u00e9 \u00e0 2 ans de prison pour un d\u00e9lit commis quand il avait 6 ans!","datePublished":"2015-09-01T22:08:00+00:00","dateModified":"2025-05-22T12:51:24+00:00","mainEntityOfPage":{"@id":"https:\/\/www.webdo.tn\/fr\/actualite\/international\/a-33-ans-il-est-condamne-a-2-ans-de-prison-pour-un-delit-commis-quand-il-avait-6-ans\/183976\/"},"wordCount":208,"commentCount":0,"publisher":{"@id":"https:\/\/www.webdo.tn\/fr\/#organization"},"image":{"@id":"https:\/\/www.webdo.tn\/fr\/actualite\/international\/a-33-ans-il-est-condamne-a-2-ans-de-prison-pour-un-delit-commis-quand-il-avait-6-ans\/183976\/#primaryimage"},"thumbnailUrl":"https:\/\/www.webdo.tn\/fr\/wp-content\/uploads\/2015\/09\/tadjikistan-300x201-1.jpg","articleSection":["International"],"inLanguage":"fr-FR"},{"@type":"WebPage","@id":"https:\/\/www.webdo.tn\/fr\/actualite\/international\/a-33-ans-il-est-condamne-a-2-ans-de-prison-pour-un-delit-commis-quand-il-avait-6-ans\/183976\/","url":"https:\/\/www.webdo.tn\/fr\/actualite\/international\/a-33-ans-il-est-condamne-a-2-ans-de-prison-pour-un-delit-commis-quand-il-avait-6-ans\/183976\/","name":"A 33 ans, il est condamn\u00e9 \u00e0 2 ans de prison pour un d\u00e9lit commis quand il avait 6 ans!","isPartOf":{"@id":"https:\/\/www.webdo.tn\/fr\/#website"},"primaryImageOfPage":{"@id":"https:\/\/www.webdo.tn\/fr\/actualite\/international\/a-33-ans-il-est-condamne-a-2-ans-de-prison-pour-un-delit-commis-quand-il-avait-6-ans\/183976\/#primaryimage"},"image":{"@id":"https:\/\/www.webdo.tn\/fr\/actualite\/international\/a-33-ans-il-est-condamne-a-2-ans-de-prison-pour-un-delit-commis-quand-il-avait-6-ans\/183976\/#primaryimage"},"thumbnailUrl":"https:\/\/www.webdo.tn\/fr\/wp-content\/uploads\/2015\/09\/tadjikistan-300x201-1.jpg","datePublished":"2015-09-01T22:08:00+00:00","dateModified":"2025-05-22T12:51:24+00:00","description":"A 33 ans, il est condamn\u00e9 \u00e0 2 ans de prison pour un d\u00e9lit commis quand il avait 6 ans!","breadcrumb":{"@id":"https:\/\/www.webdo.tn\/fr\/actualite\/international\/a-33-ans-il-est-condamne-a-2-ans-de-prison-pour-un-delit-commis-quand-il-avait-6-ans\/183976\/#breadcrumb"},"inLanguage":"fr-FR","potentialAction":[{"@type":"ReadAction","target":["https:\/\/www.webdo.tn\/fr\/actualite\/international\/a-33-ans-il-est-condamne-a-2-ans-de-prison-pour-un-delit-commis-quand-il-avait-6-ans\/183976\/"]}]},{"@type":"ImageObject","inLanguage":"fr-FR","@id":"https:\/\/www.webdo.tn\/fr\/actualite\/international\/a-33-ans-il-est-condamne-a-2-ans-de-prison-pour-un-delit-commis-quand-il-avait-6-ans\/183976\/#primaryimage","url":"https:\/\/www.webdo.tn\/fr\/wp-content\/uploads\/2015\/09\/tadjikistan-300x201-1.jpg","contentUrl":"https:\/\/www.webdo.tn\/fr\/wp-content\/uploads\/2015\/09\/tadjikistan-300x201-1.jpg","width":300,"height":201,"caption":"A 33 ans, il est condamn\u00e9 \u00e0 2 ans de prison pour un d\u00e9lit commis quand il avait 6 ans!"},{"@type":"BreadcrumbList","@id":"https:\/\/www.webdo.tn\/fr\/actualite\/international\/a-33-ans-il-est-condamne-a-2-ans-de-prison-pour-un-delit-commis-quand-il-avait-6-ans\/183976\/#breadcrumb","itemListElement":[{"@type":"ListItem","position":1,"name":"Accueil","item":"https:\/\/www.webdo.tn\/fr\/"},{"@type":"ListItem","position":2,"name":"A 33 ans, il est condamn\u00e9 \u00e0 2 ans de prison pour un d\u00e9lit commis quand il avait 6 ans!"}]},{"@type":"WebSite","@id":"https:\/\/www.webdo.tn\/fr\/#website","url":"https:\/\/www.webdo.tn\/fr\/","name":"webdo","description":"Tunisie - News en Tunisie et \u00e0 l&#039;international sur Webdo.tn","publisher":{"@id":"https:\/\/www.webdo.tn\/fr\/#organization"},"potentialAction":[{"@type":"SearchAction","target":{"@type":"EntryPoint","urlTemplate":"https:\/\/www.webdo.tn\/fr\/?s={search_term_string}"},"query-input":{"@type":"PropertyValueSpecification","valueRequired":true,"valueName":"search_term_string"}}],"inLanguage":"fr-FR"},{"@type":"Organization","@id":"https:\/\/www.webdo.tn\/fr\/#organization","name":"Webdo","alternateName":"Webdo.tn","url":"https:\/\/www.webdo.tn\/fr\/","logo":{"@type":"ImageObject","inLanguage":"fr-FR","@id":"https:\/\/www.webdo.tn\/fr\/#\/schema\/logo\/image\/","url":"https:\/\/www.webdo.tn\/fr\/wp-content\/uploads\/2025\/06\/Webdo-Tunisie_168377.jpg","contentUrl":"https:\/\/www.webdo.tn\/fr\/wp-content\/uploads\/2025\/06\/Webdo-Tunisie_168377.jpg","width":301,"height":301,"caption":"Webdo"},"image":{"@id":"https:\/\/www.webdo.tn\/fr\/#\/schema\/logo\/image\/"},"sameAs":["https:\/\/www.facebook.com\/webdotn","https:\/\/x.com\/webdo_tn"],"description":"Webdo est un m\u00e9dia num\u00e9rique tunisien fond\u00e9 en 2010, sp\u00e9cialis\u00e9 dans l\u2019actualit\u00e9 nationale et internationale, l\u2019\u00e9conomie, la soci\u00e9t\u00e9 et les analyses politiques. Le site s\u2019adresse \u00e0 un large public francophone et couvre l\u2019information tunisienne en temps r\u00e9el.","email":"redac@webdo.tn","legalName":"YNJ SARL","foundingDate":"2010-09-06","numberOfEmployees":{"@type":"QuantitativeValue","minValue":"11","maxValue":"50"}},{"@type":"Person","@id":"https:\/\/www.webdo.tn\/fr\/#\/schema\/person\/9a9c6118d687c117df8ef3cc36a4d175","name":"webdo.tn","image":{"@type":"ImageObject","inLanguage":"fr-FR","@id":"https:\/\/secure.gravatar.com\/avatar\/7ce1f28c0c3bbac99ff550b85ef8e44a6950c6ee24514fb6a5489e51d06f0298?s=96&d=mm&r=g","url":"https:\/\/secure.gravatar.com\/avatar\/7ce1f28c0c3bbac99ff550b85ef8e44a6950c6ee24514fb6a5489e51d06f0298?s=96&d=mm&r=g","contentUrl":"https:\/\/secure.gravatar.com\/avatar\/7ce1f28c0c3bbac99ff550b85ef8e44a6950c6ee24514fb6a5489e51d06f0298?s=96&d=mm&r=g","caption":"webdo.tn"},"url":"https:\/\/www.webdo.tn\/fr\/actualite\/author\/webdotn\/"}]}},"_links":{"self":[{"href":"https:\/\/www.webdo.tn\/fr\/wp-json\/wp\/v2\/posts\/183976","targetHints":{"allow":["GET"]}}],"collection":[{"href":"https:\/\/www.webdo.tn\/fr\/wp-json\/wp\/v2\/posts"}],"about":[{"href":"https:\/\/www.webdo.tn\/fr\/wp-json\/wp\/v2\/types\/post"}],"author":[{"embeddable":true,"href":"https:\/\/www.webdo.tn\/fr\/wp-json\/wp\/v2\/users\/3222"}],"replies":[{"embeddable":true,"href":"https:\/\/www.webdo.tn\/fr\/wp-json\/wp\/v2\/comments?post=183976"}],"version-history":[{"count":0,"href":"https:\/\/www.webdo.tn\/fr\/wp-json\/wp\/v2\/posts\/183976\/revisions"}],"wp:featuredmedia":[{"embeddable":true,"href":"https:\/\/www.webdo.tn\/fr\/wp-json\/wp\/v2\/media\/351803"}],"wp:attachment":[{"href":"https:\/\/www.webdo.tn\/fr\/wp-json\/wp\/v2\/media?parent=183976"}],"wp:term":[{"taxonomy":"category","embeddable":true,"href":"https:\/\/www.webdo.tn\/fr\/wp-json\/wp\/v2\/categories?post=183976"},{"taxonomy":"post_tag","embeddable":true,"href":"https:\/\/www.webdo.tn\/fr\/wp-json\/wp\/v2\/tags?post=183976"}],"curies":[{"name":"wp","href":"https:\/\/api.w.org\/{rel}","templated":true}]}}