{"id":183975,"date":"2015-09-01T22:35:00","date_gmt":"2015-09-01T22:35:00","guid":{"rendered":"https:\/\/www.webdo.tn\/fr\/actualite\/blog\/leglise-suit-son-temps-le-pape-declare-quil-faut-pardonner-lavortement\/183975\/"},"modified":"2025-05-22T12:51:24","modified_gmt":"2025-05-22T12:51:24","slug":"leglise-suit-son-temps-le-pape-declare-quil-faut-pardonner-lavortement","status":"publish","type":"post","link":"https:\/\/www.webdo.tn\/fr\/actualite\/international\/leglise-suit-son-temps-le-pape-declare-quil-faut-pardonner-lavortement\/183975\/","title":{"rendered":"L&rsquo;Eglise suit son temps: Le pape d\u00e9clare qu&rsquo;il faut pardonner l&rsquo;avortement!"},"content":{"rendered":"<p>D\u00e9cid\u00e9ment, les religions se modernisent et s&rsquo;humanisent, du moins, en ce qui concerne les papes!<\/p>\n<p>Bien que selon les pr\u00e9ceptes de l\u2019Eglise, l\u2019avortement est un p\u00e9ch\u00e9 si grave que ceux qui le pratiquent ou aident \u00e0 le pratiquer sont imm\u00e9diatement excommuni\u00e9s, le pape Fran\u00e7ois vient de d\u00e9clarer publiquement qu&rsquo;il fallait pardonner\u00a0l\u2019avortement.<\/p>\n<p>Dans une lettre publi\u00e9e le\u00a0mardi 1er septembre, le souverain pontife a appel\u00e9 tous les pr\u00eatres \u00e0 accorder le pardon \u00e0 tous les catholiques qui ont avort\u00e9 ou provoqu\u00e9 l\u2019avortement.<\/p>\n<p>\u00ab Le drame de l\u2019avortement est v\u00e9cu par certains comme un \u00e9chec, ils consid\u00e8rent ne pas avoir d\u2019autres voies \u00e0 parcourir. Je pense \u00e0 toutes les femmes qui ont eu recours \u00e0 l\u2019avortement. (\u2026) \u00a0Je sais qu\u2019il s\u2019agit d\u2019un drame existentiel et moral. J\u2019ai rencontr\u00e9 de nombreuses femmes qui portaient dans leur c\u0153ur la cicatrice de ce choix difficile et douloureux. \u00bb<\/p>\n<p>Source: Le Monde<\/p>\n","protected":false},"excerpt":{"rendered":"<p>L&rsquo;Eglise suit son temps: Le pape d\u00e9clare qu&rsquo;il faut pardonner l&rsquo;avortement!<\/p>\n","protected":false},"author":3222,"featured_media":351802,"comment_status":"open","ping_status":"closed","sticky":false,"template":"","format":"standard","meta":{"footnotes":""},"categories":[2598],"tags":[],"class_list":["post-183975","post","type-post","status-publish","format-standard","has-post-thumbnail","hentry","category-international"],"yoast_head":"<!-- This site is optimized with the Yoast SEO Premium plugin v27.5 (Yoast SEO v27.5) - https:\/\/yoast.com\/product\/yoast-seo-premium-wordpress\/ -->\n<title>L&#039;Eglise suit son temps: Le pape d\u00e9clare qu&#039;il faut pardonner l&#039;avortement!<\/title>\n<meta name=\"description\" content=\"L&#039;Eglise suit son temps: Le pape d\u00e9clare qu&#039;il faut pardonner l&#039;avortement!\" \/>\n<link rel=\"canonical\" href=\"https:\/\/www.webdo.tn\/fr\/actualite\/international\/leglise-suit-son-temps-le-pape-declare-quil-faut-pardonner-lavortement\/183975\/\" \/>\n<meta property=\"og:locale\" content=\"fr_FR\" \/>\n<meta property=\"og:type\" content=\"article\" \/>\n<meta property=\"og:title\" content=\"L&#039;Eglise suit son temps: Le pape d\u00e9clare qu&#039;il faut pardonner l&#039;avortement!\" \/>\n<meta property=\"og:description\" content=\"L&#039;Eglise suit son temps: Le pape d\u00e9clare qu&#039;il faut pardonner l&#039;avortement!\" \/>\n<meta property=\"og:url\" content=\"https:\/\/www.webdo.tn\/fr\/actualite\/international\/leglise-suit-son-temps-le-pape-declare-quil-faut-pardonner-lavortement\/183975\/\" \/>\n<meta property=\"og:site_name\" content=\"webdo\" \/>\n<meta property=\"article:publisher\" content=\"https:\/\/www.facebook.com\/webdotn\" \/>\n<meta property=\"article:published_time\" content=\"2015-09-01T22:35:00+00:00\" \/>\n<meta property=\"article:modified_time\" content=\"2025-05-22T12:51:24+00:00\" \/>\n<meta property=\"og:image\" content=\"https:\/\/www.webdo.tn\/fr\/wp-content\/uploads\/2015\/09\/pape-francois-300x169-1.jpg\" \/>\n\t<meta property=\"og:image:width\" content=\"300\" \/>\n\t<meta property=\"og:image:height\" content=\"169\" \/>\n\t<meta property=\"og:image:type\" content=\"image\/jpeg\" \/>\n<meta name=\"author\" content=\"webdo.tn\" \/>\n<meta name=\"twitter:card\" content=\"summary_large_image\" \/>\n<meta name=\"twitter:creator\" content=\"@webdo_tn\" \/>\n<meta name=\"twitter:site\" content=\"@webdo_tn\" \/>\n<meta name=\"twitter:label1\" content=\"\u00c9crit par\" \/>\n\t<meta name=\"twitter:data1\" content=\"webdo.tn\" \/>\n\t<meta name=\"twitter:label2\" content=\"Dur\u00e9e de lecture estim\u00e9e\" \/>\n\t<meta name=\"twitter:data2\" content=\"1 minute\" \/>\n<script type=\"application\/ld+json\" class=\"yoast-schema-graph\">{\"@context\":\"https:\\\/\\\/schema.org\",\"@graph\":[{\"@type\":\"NewsArticle\",\"@id\":\"https:\\\/\\\/www.webdo.tn\\\/fr\\\/actualite\\\/international\\\/leglise-suit-son-temps-le-pape-declare-quil-faut-pardonner-lavortement\\\/183975\\\/#article\",\"isPartOf\":{\"@id\":\"https:\\\/\\\/www.webdo.tn\\\/fr\\\/actualite\\\/international\\\/leglise-suit-son-temps-le-pape-declare-quil-faut-pardonner-lavortement\\\/183975\\\/\"},\"author\":{\"name\":\"webdo.tn\",\"@id\":\"https:\\\/\\\/www.webdo.tn\\\/fr\\\/#\\\/schema\\\/person\\\/9a9c6118d687c117df8ef3cc36a4d175\"},\"headline\":\"L&rsquo;Eglise suit son temps: Le pape d\u00e9clare qu&rsquo;il faut pardonner l&rsquo;avortement!\",\"datePublished\":\"2015-09-01T22:35:00+00:00\",\"dateModified\":\"2025-05-22T12:51:24+00:00\",\"mainEntityOfPage\":{\"@id\":\"https:\\\/\\\/www.webdo.tn\\\/fr\\\/actualite\\\/international\\\/leglise-suit-son-temps-le-pape-declare-quil-faut-pardonner-lavortement\\\/183975\\\/\"},\"wordCount\":179,\"commentCount\":0,\"publisher\":{\"@id\":\"https:\\\/\\\/www.webdo.tn\\\/fr\\\/#organization\"},\"image\":{\"@id\":\"https:\\\/\\\/www.webdo.tn\\\/fr\\\/actualite\\\/international\\\/leglise-suit-son-temps-le-pape-declare-quil-faut-pardonner-lavortement\\\/183975\\\/#primaryimage\"},\"thumbnailUrl\":\"https:\\\/\\\/www.webdo.tn\\\/fr\\\/wp-content\\\/uploads\\\/2015\\\/09\\\/pape-francois-300x169-1.jpg\",\"articleSection\":[\"International\"],\"inLanguage\":\"fr-FR\"},{\"@type\":\"WebPage\",\"@id\":\"https:\\\/\\\/www.webdo.tn\\\/fr\\\/actualite\\\/international\\\/leglise-suit-son-temps-le-pape-declare-quil-faut-pardonner-lavortement\\\/183975\\\/\",\"url\":\"https:\\\/\\\/www.webdo.tn\\\/fr\\\/actualite\\\/international\\\/leglise-suit-son-temps-le-pape-declare-quil-faut-pardonner-lavortement\\\/183975\\\/\",\"name\":\"L'Eglise suit son temps: Le pape d\u00e9clare qu'il faut pardonner l'avortement!\",\"isPartOf\":{\"@id\":\"https:\\\/\\\/www.webdo.tn\\\/fr\\\/#website\"},\"primaryImageOfPage\":{\"@id\":\"https:\\\/\\\/www.webdo.tn\\\/fr\\\/actualite\\\/international\\\/leglise-suit-son-temps-le-pape-declare-quil-faut-pardonner-lavortement\\\/183975\\\/#primaryimage\"},\"image\":{\"@id\":\"https:\\\/\\\/www.webdo.tn\\\/fr\\\/actualite\\\/international\\\/leglise-suit-son-temps-le-pape-declare-quil-faut-pardonner-lavortement\\\/183975\\\/#primaryimage\"},\"thumbnailUrl\":\"https:\\\/\\\/www.webdo.tn\\\/fr\\\/wp-content\\\/uploads\\\/2015\\\/09\\\/pape-francois-300x169-1.jpg\",\"datePublished\":\"2015-09-01T22:35:00+00:00\",\"dateModified\":\"2025-05-22T12:51:24+00:00\",\"description\":\"L'Eglise suit son temps: Le pape d\u00e9clare qu'il faut pardonner l'avortement!\",\"breadcrumb\":{\"@id\":\"https:\\\/\\\/www.webdo.tn\\\/fr\\\/actualite\\\/international\\\/leglise-suit-son-temps-le-pape-declare-quil-faut-pardonner-lavortement\\\/183975\\\/#breadcrumb\"},\"inLanguage\":\"fr-FR\",\"potentialAction\":[{\"@type\":\"ReadAction\",\"target\":[\"https:\\\/\\\/www.webdo.tn\\\/fr\\\/actualite\\\/international\\\/leglise-suit-son-temps-le-pape-declare-quil-faut-pardonner-lavortement\\\/183975\\\/\"]}]},{\"@type\":\"ImageObject\",\"inLanguage\":\"fr-FR\",\"@id\":\"https:\\\/\\\/www.webdo.tn\\\/fr\\\/actualite\\\/international\\\/leglise-suit-son-temps-le-pape-declare-quil-faut-pardonner-lavortement\\\/183975\\\/#primaryimage\",\"url\":\"https:\\\/\\\/www.webdo.tn\\\/fr\\\/wp-content\\\/uploads\\\/2015\\\/09\\\/pape-francois-300x169-1.jpg\",\"contentUrl\":\"https:\\\/\\\/www.webdo.tn\\\/fr\\\/wp-content\\\/uploads\\\/2015\\\/09\\\/pape-francois-300x169-1.jpg\",\"width\":300,\"height\":169,\"caption\":\"L'Eglise suit son temps: Le pape d\u00e9clare qu'il faut pardonner l'avortement!\"},{\"@type\":\"BreadcrumbList\",\"@id\":\"https:\\\/\\\/www.webdo.tn\\\/fr\\\/actualite\\\/international\\\/leglise-suit-son-temps-le-pape-declare-quil-faut-pardonner-lavortement\\\/183975\\\/#breadcrumb\",\"itemListElement\":[{\"@type\":\"ListItem\",\"position\":1,\"name\":\"Accueil\",\"item\":\"https:\\\/\\\/www.webdo.tn\\\/fr\\\/\"},{\"@type\":\"ListItem\",\"position\":2,\"name\":\"L&rsquo;Eglise suit son temps: Le pape d\u00e9clare qu&rsquo;il faut pardonner l&rsquo;avortement!\"}]},{\"@type\":\"WebSite\",\"@id\":\"https:\\\/\\\/www.webdo.tn\\\/fr\\\/#website\",\"url\":\"https:\\\/\\\/www.webdo.tn\\\/fr\\\/\",\"name\":\"webdo\",\"description\":\"Tunisie - News en Tunisie et \u00e0 l&#039;international sur Webdo.tn\",\"publisher\":{\"@id\":\"https:\\\/\\\/www.webdo.tn\\\/fr\\\/#organization\"},\"potentialAction\":[{\"@type\":\"SearchAction\",\"target\":{\"@type\":\"EntryPoint\",\"urlTemplate\":\"https:\\\/\\\/www.webdo.tn\\\/fr\\\/?s={search_term_string}\"},\"query-input\":{\"@type\":\"PropertyValueSpecification\",\"valueRequired\":true,\"valueName\":\"search_term_string\"}}],\"inLanguage\":\"fr-FR\"},{\"@type\":\"Organization\",\"@id\":\"https:\\\/\\\/www.webdo.tn\\\/fr\\\/#organization\",\"name\":\"Webdo\",\"alternateName\":\"Webdo.tn\",\"url\":\"https:\\\/\\\/www.webdo.tn\\\/fr\\\/\",\"logo\":{\"@type\":\"ImageObject\",\"inLanguage\":\"fr-FR\",\"@id\":\"https:\\\/\\\/www.webdo.tn\\\/fr\\\/#\\\/schema\\\/logo\\\/image\\\/\",\"url\":\"https:\\\/\\\/www.webdo.tn\\\/fr\\\/wp-content\\\/uploads\\\/2025\\\/06\\\/Webdo-Tunisie_168377.jpg\",\"contentUrl\":\"https:\\\/\\\/www.webdo.tn\\\/fr\\\/wp-content\\\/uploads\\\/2025\\\/06\\\/Webdo-Tunisie_168377.jpg\",\"width\":301,\"height\":301,\"caption\":\"Webdo\"},\"image\":{\"@id\":\"https:\\\/\\\/www.webdo.tn\\\/fr\\\/#\\\/schema\\\/logo\\\/image\\\/\"},\"sameAs\":[\"https:\\\/\\\/www.facebook.com\\\/webdotn\",\"https:\\\/\\\/x.com\\\/webdo_tn\"],\"description\":\"Webdo est un m\u00e9dia num\u00e9rique tunisien fond\u00e9 en 2010, sp\u00e9cialis\u00e9 dans l\u2019actualit\u00e9 nationale et internationale, l\u2019\u00e9conomie, la soci\u00e9t\u00e9 et les analyses politiques. Le site s\u2019adresse \u00e0 un large public francophone et couvre l\u2019information tunisienne en temps r\u00e9el.\",\"email\":\"redac@webdo.tn\",\"legalName\":\"YNJ SARL\",\"foundingDate\":\"2010-09-06\",\"numberOfEmployees\":{\"@type\":\"QuantitativeValue\",\"minValue\":\"11\",\"maxValue\":\"50\"}},{\"@type\":\"Person\",\"@id\":\"https:\\\/\\\/www.webdo.tn\\\/fr\\\/#\\\/schema\\\/person\\\/9a9c6118d687c117df8ef3cc36a4d175\",\"name\":\"webdo.tn\",\"image\":{\"@type\":\"ImageObject\",\"inLanguage\":\"fr-FR\",\"@id\":\"https:\\\/\\\/secure.gravatar.com\\\/avatar\\\/7ce1f28c0c3bbac99ff550b85ef8e44a6950c6ee24514fb6a5489e51d06f0298?s=96&d=mm&r=g\",\"url\":\"https:\\\/\\\/secure.gravatar.com\\\/avatar\\\/7ce1f28c0c3bbac99ff550b85ef8e44a6950c6ee24514fb6a5489e51d06f0298?s=96&d=mm&r=g\",\"contentUrl\":\"https:\\\/\\\/secure.gravatar.com\\\/avatar\\\/7ce1f28c0c3bbac99ff550b85ef8e44a6950c6ee24514fb6a5489e51d06f0298?s=96&d=mm&r=g\",\"caption\":\"webdo.tn\"},\"url\":\"https:\\\/\\\/www.webdo.tn\\\/fr\\\/actualite\\\/author\\\/webdotn\\\/\"}]}<\/script>\n<!-- \/ Yoast SEO Premium plugin. -->","yoast_head_json":{"title":"L'Eglise suit son temps: Le pape d\u00e9clare qu'il faut pardonner l'avortement!","description":"L'Eglise suit son temps: Le pape d\u00e9clare qu'il faut pardonner l'avortement!","canonical":"https:\/\/www.webdo.tn\/fr\/actualite\/international\/leglise-suit-son-temps-le-pape-declare-quil-faut-pardonner-lavortement\/183975\/","og_locale":"fr_FR","og_type":"article","og_title":"L'Eglise suit son temps: Le pape d\u00e9clare qu'il faut pardonner l'avortement!","og_description":"L'Eglise suit son temps: Le pape d\u00e9clare qu'il faut pardonner l'avortement!","og_url":"https:\/\/www.webdo.tn\/fr\/actualite\/international\/leglise-suit-son-temps-le-pape-declare-quil-faut-pardonner-lavortement\/183975\/","og_site_name":"webdo","article_publisher":"https:\/\/www.facebook.com\/webdotn","article_published_time":"2015-09-01T22:35:00+00:00","article_modified_time":"2025-05-22T12:51:24+00:00","og_image":[{"width":300,"height":169,"url":"https:\/\/www.webdo.tn\/fr\/wp-content\/uploads\/2015\/09\/pape-francois-300x169-1.jpg","type":"image\/jpeg"}],"author":"webdo.tn","twitter_card":"summary_large_image","twitter_creator":"@webdo_tn","twitter_site":"@webdo_tn","twitter_misc":{"\u00c9crit par":"webdo.tn","Dur\u00e9e de lecture estim\u00e9e":"1 minute"},"schema":{"@context":"https:\/\/schema.org","@graph":[{"@type":"NewsArticle","@id":"https:\/\/www.webdo.tn\/fr\/actualite\/international\/leglise-suit-son-temps-le-pape-declare-quil-faut-pardonner-lavortement\/183975\/#article","isPartOf":{"@id":"https:\/\/www.webdo.tn\/fr\/actualite\/international\/leglise-suit-son-temps-le-pape-declare-quil-faut-pardonner-lavortement\/183975\/"},"author":{"name":"webdo.tn","@id":"https:\/\/www.webdo.tn\/fr\/#\/schema\/person\/9a9c6118d687c117df8ef3cc36a4d175"},"headline":"L&rsquo;Eglise suit son temps: Le pape d\u00e9clare qu&rsquo;il faut pardonner l&rsquo;avortement!","datePublished":"2015-09-01T22:35:00+00:00","dateModified":"2025-05-22T12:51:24+00:00","mainEntityOfPage":{"@id":"https:\/\/www.webdo.tn\/fr\/actualite\/international\/leglise-suit-son-temps-le-pape-declare-quil-faut-pardonner-lavortement\/183975\/"},"wordCount":179,"commentCount":0,"publisher":{"@id":"https:\/\/www.webdo.tn\/fr\/#organization"},"image":{"@id":"https:\/\/www.webdo.tn\/fr\/actualite\/international\/leglise-suit-son-temps-le-pape-declare-quil-faut-pardonner-lavortement\/183975\/#primaryimage"},"thumbnailUrl":"https:\/\/www.webdo.tn\/fr\/wp-content\/uploads\/2015\/09\/pape-francois-300x169-1.jpg","articleSection":["International"],"inLanguage":"fr-FR"},{"@type":"WebPage","@id":"https:\/\/www.webdo.tn\/fr\/actualite\/international\/leglise-suit-son-temps-le-pape-declare-quil-faut-pardonner-lavortement\/183975\/","url":"https:\/\/www.webdo.tn\/fr\/actualite\/international\/leglise-suit-son-temps-le-pape-declare-quil-faut-pardonner-lavortement\/183975\/","name":"L'Eglise suit son temps: Le pape d\u00e9clare qu'il faut pardonner l'avortement!","isPartOf":{"@id":"https:\/\/www.webdo.tn\/fr\/#website"},"primaryImageOfPage":{"@id":"https:\/\/www.webdo.tn\/fr\/actualite\/international\/leglise-suit-son-temps-le-pape-declare-quil-faut-pardonner-lavortement\/183975\/#primaryimage"},"image":{"@id":"https:\/\/www.webdo.tn\/fr\/actualite\/international\/leglise-suit-son-temps-le-pape-declare-quil-faut-pardonner-lavortement\/183975\/#primaryimage"},"thumbnailUrl":"https:\/\/www.webdo.tn\/fr\/wp-content\/uploads\/2015\/09\/pape-francois-300x169-1.jpg","datePublished":"2015-09-01T22:35:00+00:00","dateModified":"2025-05-22T12:51:24+00:00","description":"L'Eglise suit son temps: Le pape d\u00e9clare qu'il faut pardonner l'avortement!","breadcrumb":{"@id":"https:\/\/www.webdo.tn\/fr\/actualite\/international\/leglise-suit-son-temps-le-pape-declare-quil-faut-pardonner-lavortement\/183975\/#breadcrumb"},"inLanguage":"fr-FR","potentialAction":[{"@type":"ReadAction","target":["https:\/\/www.webdo.tn\/fr\/actualite\/international\/leglise-suit-son-temps-le-pape-declare-quil-faut-pardonner-lavortement\/183975\/"]}]},{"@type":"ImageObject","inLanguage":"fr-FR","@id":"https:\/\/www.webdo.tn\/fr\/actualite\/international\/leglise-suit-son-temps-le-pape-declare-quil-faut-pardonner-lavortement\/183975\/#primaryimage","url":"https:\/\/www.webdo.tn\/fr\/wp-content\/uploads\/2015\/09\/pape-francois-300x169-1.jpg","contentUrl":"https:\/\/www.webdo.tn\/fr\/wp-content\/uploads\/2015\/09\/pape-francois-300x169-1.jpg","width":300,"height":169,"caption":"L'Eglise suit son temps: Le pape d\u00e9clare qu'il faut pardonner l'avortement!"},{"@type":"BreadcrumbList","@id":"https:\/\/www.webdo.tn\/fr\/actualite\/international\/leglise-suit-son-temps-le-pape-declare-quil-faut-pardonner-lavortement\/183975\/#breadcrumb","itemListElement":[{"@type":"ListItem","position":1,"name":"Accueil","item":"https:\/\/www.webdo.tn\/fr\/"},{"@type":"ListItem","position":2,"name":"L&rsquo;Eglise suit son temps: Le pape d\u00e9clare qu&rsquo;il faut pardonner l&rsquo;avortement!"}]},{"@type":"WebSite","@id":"https:\/\/www.webdo.tn\/fr\/#website","url":"https:\/\/www.webdo.tn\/fr\/","name":"webdo","description":"Tunisie - News en Tunisie et \u00e0 l&#039;international sur Webdo.tn","publisher":{"@id":"https:\/\/www.webdo.tn\/fr\/#organization"},"potentialAction":[{"@type":"SearchAction","target":{"@type":"EntryPoint","urlTemplate":"https:\/\/www.webdo.tn\/fr\/?s={search_term_string}"},"query-input":{"@type":"PropertyValueSpecification","valueRequired":true,"valueName":"search_term_string"}}],"inLanguage":"fr-FR"},{"@type":"Organization","@id":"https:\/\/www.webdo.tn\/fr\/#organization","name":"Webdo","alternateName":"Webdo.tn","url":"https:\/\/www.webdo.tn\/fr\/","logo":{"@type":"ImageObject","inLanguage":"fr-FR","@id":"https:\/\/www.webdo.tn\/fr\/#\/schema\/logo\/image\/","url":"https:\/\/www.webdo.tn\/fr\/wp-content\/uploads\/2025\/06\/Webdo-Tunisie_168377.jpg","contentUrl":"https:\/\/www.webdo.tn\/fr\/wp-content\/uploads\/2025\/06\/Webdo-Tunisie_168377.jpg","width":301,"height":301,"caption":"Webdo"},"image":{"@id":"https:\/\/www.webdo.tn\/fr\/#\/schema\/logo\/image\/"},"sameAs":["https:\/\/www.facebook.com\/webdotn","https:\/\/x.com\/webdo_tn"],"description":"Webdo est un m\u00e9dia num\u00e9rique tunisien fond\u00e9 en 2010, sp\u00e9cialis\u00e9 dans l\u2019actualit\u00e9 nationale et internationale, l\u2019\u00e9conomie, la soci\u00e9t\u00e9 et les analyses politiques. Le site s\u2019adresse \u00e0 un large public francophone et couvre l\u2019information tunisienne en temps r\u00e9el.","email":"redac@webdo.tn","legalName":"YNJ SARL","foundingDate":"2010-09-06","numberOfEmployees":{"@type":"QuantitativeValue","minValue":"11","maxValue":"50"}},{"@type":"Person","@id":"https:\/\/www.webdo.tn\/fr\/#\/schema\/person\/9a9c6118d687c117df8ef3cc36a4d175","name":"webdo.tn","image":{"@type":"ImageObject","inLanguage":"fr-FR","@id":"https:\/\/secure.gravatar.com\/avatar\/7ce1f28c0c3bbac99ff550b85ef8e44a6950c6ee24514fb6a5489e51d06f0298?s=96&d=mm&r=g","url":"https:\/\/secure.gravatar.com\/avatar\/7ce1f28c0c3bbac99ff550b85ef8e44a6950c6ee24514fb6a5489e51d06f0298?s=96&d=mm&r=g","contentUrl":"https:\/\/secure.gravatar.com\/avatar\/7ce1f28c0c3bbac99ff550b85ef8e44a6950c6ee24514fb6a5489e51d06f0298?s=96&d=mm&r=g","caption":"webdo.tn"},"url":"https:\/\/www.webdo.tn\/fr\/actualite\/author\/webdotn\/"}]}},"_links":{"self":[{"href":"https:\/\/www.webdo.tn\/fr\/wp-json\/wp\/v2\/posts\/183975","targetHints":{"allow":["GET"]}}],"collection":[{"href":"https:\/\/www.webdo.tn\/fr\/wp-json\/wp\/v2\/posts"}],"about":[{"href":"https:\/\/www.webdo.tn\/fr\/wp-json\/wp\/v2\/types\/post"}],"author":[{"embeddable":true,"href":"https:\/\/www.webdo.tn\/fr\/wp-json\/wp\/v2\/users\/3222"}],"replies":[{"embeddable":true,"href":"https:\/\/www.webdo.tn\/fr\/wp-json\/wp\/v2\/comments?post=183975"}],"version-history":[{"count":0,"href":"https:\/\/www.webdo.tn\/fr\/wp-json\/wp\/v2\/posts\/183975\/revisions"}],"wp:featuredmedia":[{"embeddable":true,"href":"https:\/\/www.webdo.tn\/fr\/wp-json\/wp\/v2\/media\/351802"}],"wp:attachment":[{"href":"https:\/\/www.webdo.tn\/fr\/wp-json\/wp\/v2\/media?parent=183975"}],"wp:term":[{"taxonomy":"category","embeddable":true,"href":"https:\/\/www.webdo.tn\/fr\/wp-json\/wp\/v2\/categories?post=183975"},{"taxonomy":"post_tag","embeddable":true,"href":"https:\/\/www.webdo.tn\/fr\/wp-json\/wp\/v2\/tags?post=183975"}],"curies":[{"name":"wp","href":"https:\/\/api.w.org\/{rel}","templated":true}]}}