{"id":183970,"date":"2015-09-05T14:11:00","date_gmt":"2015-09-05T14:11:00","guid":{"rendered":"https:\/\/www.webdo.tn\/fr\/blog\/bayern-munich-et-real-madrid-ces-clubs-qui-font-taire-les-pays-arabes\/183970\/"},"modified":"2025-05-19T10:08:45","modified_gmt":"2025-05-19T10:08:45","slug":"bayern-munich-et-real-madrid-ces-clubs-qui-font-taire-les-pays-arabes","status":"publish","type":"post","link":"https:\/\/www.webdo.tn\/fr\/actualite\/international\/bayern-munich-et-real-madrid-ces-clubs-qui-font-taire-les-pays-arabes\/183970\/","title":{"rendered":"Bayern Munich et Real Madrid, ces clubs qui font taire les pays arabes"},"content":{"rendered":"<p>Ils sont des centaines de milliers \u00e0 fuir les terres syriennes vers l\u2019Europe depuis quelques semaines, et leur crise a, partout, suscit\u00e9 une vague de solidarit\u00e9, sauf chez leurs fr\u00e8res arabes, toujours muets.<\/p>\n<p>Si la chanceli\u00e8re allemande Angela Merkel s\u2019est montr\u00e9e tr\u00e8s active ces jours-ci pour trouver une issue \u00e0 cette crise qui inqui\u00e8te surtout la Hongrie, pays ravag\u00e9 par les migrants syriens, les pr\u00e9sidents et rois des pays arabes pr\u00e9f\u00e8rent toujours attendre avant de se r\u00e9unir autour d\u2019une seule table et proposer des solutions qui pourraient finalement n&rsquo;\u00eatre qu&rsquo;un simple communiqu\u00e9 dans lequel il exprimeraient leur \u00ab soutien et inqui\u00e9tudes \u00bb face \u00e0 une telle catastrophe humanitaire.<\/p>\n<p>Mais en Europe, il n\u2019y a pas que les politiciens qui ont r\u00e9agi. Le Bayern Munich, c\u00e9l\u00e8bre club de football allemand, s\u2019est en effet engag\u00e9 dans un communiqu\u00e9 rendu public jeudi 3 septembre, \u00e0 donner un million d\u2019euros pour aider les migrants syriens et \u00e0 organiser des stages d\u2019entrainements aux jeunes enfants syriens arrivant en Allemagne.<\/p>\n<p>\u00ab\u00a0Le Bayern estime qu\u2019il s\u2019agit de sa responsabilit\u00e9 sociale d\u2019aider ceux qui fuient et qui souffrent, de les soutenir et de les accompagner en Allemagne\u00a0\u00bb, lit-on dans le communiqu\u00e9 du club bavarois. Des cours d\u2019allemand seront aussi donn\u00e9s \u00e0 ces jeunes migrants, des repas et des \u00e9quipements sportifs leur seront offerts, pr\u00e9cise le champion d\u2019Allemagne 2014-2015.<\/p>\n<p>Samedi, c\u2019est un autre grand club qui s\u2019est manifest\u00e9, le Real Madrid. G\u00e9n\u00e9reux lors du mercato estival avec ses 86 millions d\u2019euros d\u00e9pens\u00e9s, le pr\u00e9sident des Merengues Florentino P\u00e9rez, touch\u00e9 par l\u2019image du jeune enfant Aylan Kurdi \u00e9chou\u00e9 sur une plage en Turquie, a mis la main \u00e0 la poche pour faire lui aussi un don d\u2019un million d\u2019euros au profit des migrants syriens.<\/p>\n<p>Pendant ce temps, on attend la r\u00e9action des pr\u00e9sidents, rois et chef d\u2019Etats arabes. L\u2019attente risque d\u2019\u00eatre longue, m\u00eame tr\u00e8s longue&#8230;<br \/>\nA.A.<\/p>\n","protected":false},"excerpt":{"rendered":"<p>Bayern Munich et Real Madrid, ces clubs qui font taire les pays arabes<\/p>\n","protected":false},"author":3222,"featured_media":317277,"comment_status":"open","ping_status":"closed","sticky":false,"template":"","format":"standard","meta":{"footnotes":""},"categories":[2598],"tags":[2600],"class_list":["post-183970","post","type-post","status-publish","format-standard","has-post-thumbnail","hentry","category-international","tag-guerre"],"yoast_head":"<!-- This site is optimized with the Yoast SEO Premium plugin v27.5 (Yoast SEO v27.5) - https:\/\/yoast.com\/product\/yoast-seo-premium-wordpress\/ -->\n<title>Bayern Munich et Real Madrid, ces clubs qui font taire les pays arabes<\/title>\n<meta name=\"description\" content=\"Bayern Munich et Real Madrid, ces clubs qui font taire les pays arabes\" \/>\n<link rel=\"canonical\" href=\"https:\/\/www.webdo.tn\/fr\/actualite\/international\/bayern-munich-et-real-madrid-ces-clubs-qui-font-taire-les-pays-arabes\/183970\/\" \/>\n<meta property=\"og:locale\" content=\"fr_FR\" \/>\n<meta property=\"og:type\" content=\"article\" \/>\n<meta property=\"og:title\" content=\"Bayern Munich et Real Madrid, ces clubs qui font taire les pays arabes\" \/>\n<meta property=\"og:description\" content=\"Bayern Munich et Real Madrid, ces clubs qui font taire les pays arabes\" \/>\n<meta property=\"og:url\" content=\"https:\/\/www.webdo.tn\/fr\/actualite\/international\/bayern-munich-et-real-madrid-ces-clubs-qui-font-taire-les-pays-arabes\/183970\/\" \/>\n<meta property=\"og:site_name\" content=\"webdo\" \/>\n<meta property=\"article:publisher\" content=\"https:\/\/www.facebook.com\/webdotn\" \/>\n<meta property=\"article:published_time\" content=\"2015-09-05T14:11:00+00:00\" \/>\n<meta property=\"article:modified_time\" content=\"2025-05-19T10:08:45+00:00\" \/>\n<meta property=\"og:image\" content=\"https:\/\/www.webdo.tn\/fr\/wp-content\/uploads\/2015\/09\/Aylan-photo-lexpress-300x168-1.jpg\" \/>\n\t<meta property=\"og:image:width\" content=\"300\" \/>\n\t<meta property=\"og:image:height\" content=\"168\" \/>\n\t<meta property=\"og:image:type\" content=\"image\/jpeg\" \/>\n<meta name=\"author\" content=\"webdo.tn\" \/>\n<meta name=\"twitter:card\" content=\"summary_large_image\" \/>\n<meta name=\"twitter:creator\" content=\"@webdo_tn\" \/>\n<meta name=\"twitter:site\" content=\"@webdo_tn\" \/>\n<meta name=\"twitter:label1\" content=\"\u00c9crit par\" \/>\n\t<meta name=\"twitter:data1\" content=\"webdo.tn\" \/>\n\t<meta name=\"twitter:label2\" content=\"Dur\u00e9e de lecture estim\u00e9e\" \/>\n\t<meta name=\"twitter:data2\" content=\"2 minutes\" \/>\n<script type=\"application\/ld+json\" class=\"yoast-schema-graph\">{\"@context\":\"https:\\\/\\\/schema.org\",\"@graph\":[{\"@type\":\"NewsArticle\",\"@id\":\"https:\\\/\\\/www.webdo.tn\\\/fr\\\/actualite\\\/international\\\/bayern-munich-et-real-madrid-ces-clubs-qui-font-taire-les-pays-arabes\\\/183970\\\/#article\",\"isPartOf\":{\"@id\":\"https:\\\/\\\/www.webdo.tn\\\/fr\\\/actualite\\\/international\\\/bayern-munich-et-real-madrid-ces-clubs-qui-font-taire-les-pays-arabes\\\/183970\\\/\"},\"author\":{\"name\":\"webdo.tn\",\"@id\":\"https:\\\/\\\/www.webdo.tn\\\/fr\\\/#\\\/schema\\\/person\\\/9a9c6118d687c117df8ef3cc36a4d175\"},\"headline\":\"Bayern Munich et Real Madrid, ces clubs qui font taire les pays arabes\",\"datePublished\":\"2015-09-05T14:11:00+00:00\",\"dateModified\":\"2025-05-19T10:08:45+00:00\",\"mainEntityOfPage\":{\"@id\":\"https:\\\/\\\/www.webdo.tn\\\/fr\\\/actualite\\\/international\\\/bayern-munich-et-real-madrid-ces-clubs-qui-font-taire-les-pays-arabes\\\/183970\\\/\"},\"wordCount\":357,\"commentCount\":0,\"publisher\":{\"@id\":\"https:\\\/\\\/www.webdo.tn\\\/fr\\\/#organization\"},\"image\":{\"@id\":\"https:\\\/\\\/www.webdo.tn\\\/fr\\\/actualite\\\/international\\\/bayern-munich-et-real-madrid-ces-clubs-qui-font-taire-les-pays-arabes\\\/183970\\\/#primaryimage\"},\"thumbnailUrl\":\"https:\\\/\\\/www.webdo.tn\\\/fr\\\/wp-content\\\/uploads\\\/2015\\\/09\\\/Aylan-photo-lexpress-300x168-1.jpg\",\"keywords\":[\"guerre\"],\"articleSection\":[\"International\"],\"inLanguage\":\"fr-FR\"},{\"@type\":\"WebPage\",\"@id\":\"https:\\\/\\\/www.webdo.tn\\\/fr\\\/actualite\\\/international\\\/bayern-munich-et-real-madrid-ces-clubs-qui-font-taire-les-pays-arabes\\\/183970\\\/\",\"url\":\"https:\\\/\\\/www.webdo.tn\\\/fr\\\/actualite\\\/international\\\/bayern-munich-et-real-madrid-ces-clubs-qui-font-taire-les-pays-arabes\\\/183970\\\/\",\"name\":\"Bayern Munich et Real Madrid, ces clubs qui font taire les pays arabes\",\"isPartOf\":{\"@id\":\"https:\\\/\\\/www.webdo.tn\\\/fr\\\/#website\"},\"primaryImageOfPage\":{\"@id\":\"https:\\\/\\\/www.webdo.tn\\\/fr\\\/actualite\\\/international\\\/bayern-munich-et-real-madrid-ces-clubs-qui-font-taire-les-pays-arabes\\\/183970\\\/#primaryimage\"},\"image\":{\"@id\":\"https:\\\/\\\/www.webdo.tn\\\/fr\\\/actualite\\\/international\\\/bayern-munich-et-real-madrid-ces-clubs-qui-font-taire-les-pays-arabes\\\/183970\\\/#primaryimage\"},\"thumbnailUrl\":\"https:\\\/\\\/www.webdo.tn\\\/fr\\\/wp-content\\\/uploads\\\/2015\\\/09\\\/Aylan-photo-lexpress-300x168-1.jpg\",\"datePublished\":\"2015-09-05T14:11:00+00:00\",\"dateModified\":\"2025-05-19T10:08:45+00:00\",\"description\":\"Bayern Munich et Real Madrid, ces clubs qui font taire les pays arabes\",\"breadcrumb\":{\"@id\":\"https:\\\/\\\/www.webdo.tn\\\/fr\\\/actualite\\\/international\\\/bayern-munich-et-real-madrid-ces-clubs-qui-font-taire-les-pays-arabes\\\/183970\\\/#breadcrumb\"},\"inLanguage\":\"fr-FR\",\"potentialAction\":[{\"@type\":\"ReadAction\",\"target\":[\"https:\\\/\\\/www.webdo.tn\\\/fr\\\/actualite\\\/international\\\/bayern-munich-et-real-madrid-ces-clubs-qui-font-taire-les-pays-arabes\\\/183970\\\/\"]}]},{\"@type\":\"ImageObject\",\"inLanguage\":\"fr-FR\",\"@id\":\"https:\\\/\\\/www.webdo.tn\\\/fr\\\/actualite\\\/international\\\/bayern-munich-et-real-madrid-ces-clubs-qui-font-taire-les-pays-arabes\\\/183970\\\/#primaryimage\",\"url\":\"https:\\\/\\\/www.webdo.tn\\\/fr\\\/wp-content\\\/uploads\\\/2015\\\/09\\\/Aylan-photo-lexpress-300x168-1.jpg\",\"contentUrl\":\"https:\\\/\\\/www.webdo.tn\\\/fr\\\/wp-content\\\/uploads\\\/2015\\\/09\\\/Aylan-photo-lexpress-300x168-1.jpg\",\"width\":300,\"height\":168,\"caption\":\"Bayern Munich et Real Madrid, ces clubs qui font taire les pays arabes\"},{\"@type\":\"BreadcrumbList\",\"@id\":\"https:\\\/\\\/www.webdo.tn\\\/fr\\\/actualite\\\/international\\\/bayern-munich-et-real-madrid-ces-clubs-qui-font-taire-les-pays-arabes\\\/183970\\\/#breadcrumb\",\"itemListElement\":[{\"@type\":\"ListItem\",\"position\":1,\"name\":\"Accueil\",\"item\":\"https:\\\/\\\/www.webdo.tn\\\/fr\\\/\"},{\"@type\":\"ListItem\",\"position\":2,\"name\":\"Bayern Munich et Real Madrid, ces clubs qui font taire les pays arabes\"}]},{\"@type\":\"WebSite\",\"@id\":\"https:\\\/\\\/www.webdo.tn\\\/fr\\\/#website\",\"url\":\"https:\\\/\\\/www.webdo.tn\\\/fr\\\/\",\"name\":\"webdo\",\"description\":\"Tunisie - News en Tunisie et \u00e0 l&#039;international sur Webdo.tn\",\"publisher\":{\"@id\":\"https:\\\/\\\/www.webdo.tn\\\/fr\\\/#organization\"},\"potentialAction\":[{\"@type\":\"SearchAction\",\"target\":{\"@type\":\"EntryPoint\",\"urlTemplate\":\"https:\\\/\\\/www.webdo.tn\\\/fr\\\/?s={search_term_string}\"},\"query-input\":{\"@type\":\"PropertyValueSpecification\",\"valueRequired\":true,\"valueName\":\"search_term_string\"}}],\"inLanguage\":\"fr-FR\"},{\"@type\":\"Organization\",\"@id\":\"https:\\\/\\\/www.webdo.tn\\\/fr\\\/#organization\",\"name\":\"Webdo\",\"alternateName\":\"Webdo.tn\",\"url\":\"https:\\\/\\\/www.webdo.tn\\\/fr\\\/\",\"logo\":{\"@type\":\"ImageObject\",\"inLanguage\":\"fr-FR\",\"@id\":\"https:\\\/\\\/www.webdo.tn\\\/fr\\\/#\\\/schema\\\/logo\\\/image\\\/\",\"url\":\"https:\\\/\\\/www.webdo.tn\\\/fr\\\/wp-content\\\/uploads\\\/2025\\\/06\\\/Webdo-Tunisie_168377.jpg\",\"contentUrl\":\"https:\\\/\\\/www.webdo.tn\\\/fr\\\/wp-content\\\/uploads\\\/2025\\\/06\\\/Webdo-Tunisie_168377.jpg\",\"width\":301,\"height\":301,\"caption\":\"Webdo\"},\"image\":{\"@id\":\"https:\\\/\\\/www.webdo.tn\\\/fr\\\/#\\\/schema\\\/logo\\\/image\\\/\"},\"sameAs\":[\"https:\\\/\\\/www.facebook.com\\\/webdotn\",\"https:\\\/\\\/x.com\\\/webdo_tn\"],\"description\":\"Webdo est un m\u00e9dia num\u00e9rique tunisien fond\u00e9 en 2010, sp\u00e9cialis\u00e9 dans l\u2019actualit\u00e9 nationale et internationale, l\u2019\u00e9conomie, la soci\u00e9t\u00e9 et les analyses politiques. Le site s\u2019adresse \u00e0 un large public francophone et couvre l\u2019information tunisienne en temps r\u00e9el.\",\"email\":\"redac@webdo.tn\",\"legalName\":\"YNJ SARL\",\"foundingDate\":\"2010-09-06\",\"numberOfEmployees\":{\"@type\":\"QuantitativeValue\",\"minValue\":\"11\",\"maxValue\":\"50\"}},{\"@type\":\"Person\",\"@id\":\"https:\\\/\\\/www.webdo.tn\\\/fr\\\/#\\\/schema\\\/person\\\/9a9c6118d687c117df8ef3cc36a4d175\",\"name\":\"webdo.tn\",\"image\":{\"@type\":\"ImageObject\",\"inLanguage\":\"fr-FR\",\"@id\":\"https:\\\/\\\/secure.gravatar.com\\\/avatar\\\/7ce1f28c0c3bbac99ff550b85ef8e44a6950c6ee24514fb6a5489e51d06f0298?s=96&d=mm&r=g\",\"url\":\"https:\\\/\\\/secure.gravatar.com\\\/avatar\\\/7ce1f28c0c3bbac99ff550b85ef8e44a6950c6ee24514fb6a5489e51d06f0298?s=96&d=mm&r=g\",\"contentUrl\":\"https:\\\/\\\/secure.gravatar.com\\\/avatar\\\/7ce1f28c0c3bbac99ff550b85ef8e44a6950c6ee24514fb6a5489e51d06f0298?s=96&d=mm&r=g\",\"caption\":\"webdo.tn\"},\"url\":\"https:\\\/\\\/www.webdo.tn\\\/fr\\\/actualite\\\/author\\\/webdotn\\\/\"}]}<\/script>\n<!-- \/ Yoast SEO Premium plugin. -->","yoast_head_json":{"title":"Bayern Munich et Real Madrid, ces clubs qui font taire les pays arabes","description":"Bayern Munich et Real Madrid, ces clubs qui font taire les pays arabes","canonical":"https:\/\/www.webdo.tn\/fr\/actualite\/international\/bayern-munich-et-real-madrid-ces-clubs-qui-font-taire-les-pays-arabes\/183970\/","og_locale":"fr_FR","og_type":"article","og_title":"Bayern Munich et Real Madrid, ces clubs qui font taire les pays arabes","og_description":"Bayern Munich et Real Madrid, ces clubs qui font taire les pays arabes","og_url":"https:\/\/www.webdo.tn\/fr\/actualite\/international\/bayern-munich-et-real-madrid-ces-clubs-qui-font-taire-les-pays-arabes\/183970\/","og_site_name":"webdo","article_publisher":"https:\/\/www.facebook.com\/webdotn","article_published_time":"2015-09-05T14:11:00+00:00","article_modified_time":"2025-05-19T10:08:45+00:00","og_image":[{"width":300,"height":168,"url":"https:\/\/www.webdo.tn\/fr\/wp-content\/uploads\/2015\/09\/Aylan-photo-lexpress-300x168-1.jpg","type":"image\/jpeg"}],"author":"webdo.tn","twitter_card":"summary_large_image","twitter_creator":"@webdo_tn","twitter_site":"@webdo_tn","twitter_misc":{"\u00c9crit par":"webdo.tn","Dur\u00e9e de lecture estim\u00e9e":"2 minutes"},"schema":{"@context":"https:\/\/schema.org","@graph":[{"@type":"NewsArticle","@id":"https:\/\/www.webdo.tn\/fr\/actualite\/international\/bayern-munich-et-real-madrid-ces-clubs-qui-font-taire-les-pays-arabes\/183970\/#article","isPartOf":{"@id":"https:\/\/www.webdo.tn\/fr\/actualite\/international\/bayern-munich-et-real-madrid-ces-clubs-qui-font-taire-les-pays-arabes\/183970\/"},"author":{"name":"webdo.tn","@id":"https:\/\/www.webdo.tn\/fr\/#\/schema\/person\/9a9c6118d687c117df8ef3cc36a4d175"},"headline":"Bayern Munich et Real Madrid, ces clubs qui font taire les pays arabes","datePublished":"2015-09-05T14:11:00+00:00","dateModified":"2025-05-19T10:08:45+00:00","mainEntityOfPage":{"@id":"https:\/\/www.webdo.tn\/fr\/actualite\/international\/bayern-munich-et-real-madrid-ces-clubs-qui-font-taire-les-pays-arabes\/183970\/"},"wordCount":357,"commentCount":0,"publisher":{"@id":"https:\/\/www.webdo.tn\/fr\/#organization"},"image":{"@id":"https:\/\/www.webdo.tn\/fr\/actualite\/international\/bayern-munich-et-real-madrid-ces-clubs-qui-font-taire-les-pays-arabes\/183970\/#primaryimage"},"thumbnailUrl":"https:\/\/www.webdo.tn\/fr\/wp-content\/uploads\/2015\/09\/Aylan-photo-lexpress-300x168-1.jpg","keywords":["guerre"],"articleSection":["International"],"inLanguage":"fr-FR"},{"@type":"WebPage","@id":"https:\/\/www.webdo.tn\/fr\/actualite\/international\/bayern-munich-et-real-madrid-ces-clubs-qui-font-taire-les-pays-arabes\/183970\/","url":"https:\/\/www.webdo.tn\/fr\/actualite\/international\/bayern-munich-et-real-madrid-ces-clubs-qui-font-taire-les-pays-arabes\/183970\/","name":"Bayern Munich et Real Madrid, ces clubs qui font taire les pays arabes","isPartOf":{"@id":"https:\/\/www.webdo.tn\/fr\/#website"},"primaryImageOfPage":{"@id":"https:\/\/www.webdo.tn\/fr\/actualite\/international\/bayern-munich-et-real-madrid-ces-clubs-qui-font-taire-les-pays-arabes\/183970\/#primaryimage"},"image":{"@id":"https:\/\/www.webdo.tn\/fr\/actualite\/international\/bayern-munich-et-real-madrid-ces-clubs-qui-font-taire-les-pays-arabes\/183970\/#primaryimage"},"thumbnailUrl":"https:\/\/www.webdo.tn\/fr\/wp-content\/uploads\/2015\/09\/Aylan-photo-lexpress-300x168-1.jpg","datePublished":"2015-09-05T14:11:00+00:00","dateModified":"2025-05-19T10:08:45+00:00","description":"Bayern Munich et Real Madrid, ces clubs qui font taire les pays arabes","breadcrumb":{"@id":"https:\/\/www.webdo.tn\/fr\/actualite\/international\/bayern-munich-et-real-madrid-ces-clubs-qui-font-taire-les-pays-arabes\/183970\/#breadcrumb"},"inLanguage":"fr-FR","potentialAction":[{"@type":"ReadAction","target":["https:\/\/www.webdo.tn\/fr\/actualite\/international\/bayern-munich-et-real-madrid-ces-clubs-qui-font-taire-les-pays-arabes\/183970\/"]}]},{"@type":"ImageObject","inLanguage":"fr-FR","@id":"https:\/\/www.webdo.tn\/fr\/actualite\/international\/bayern-munich-et-real-madrid-ces-clubs-qui-font-taire-les-pays-arabes\/183970\/#primaryimage","url":"https:\/\/www.webdo.tn\/fr\/wp-content\/uploads\/2015\/09\/Aylan-photo-lexpress-300x168-1.jpg","contentUrl":"https:\/\/www.webdo.tn\/fr\/wp-content\/uploads\/2015\/09\/Aylan-photo-lexpress-300x168-1.jpg","width":300,"height":168,"caption":"Bayern Munich et Real Madrid, ces clubs qui font taire les pays arabes"},{"@type":"BreadcrumbList","@id":"https:\/\/www.webdo.tn\/fr\/actualite\/international\/bayern-munich-et-real-madrid-ces-clubs-qui-font-taire-les-pays-arabes\/183970\/#breadcrumb","itemListElement":[{"@type":"ListItem","position":1,"name":"Accueil","item":"https:\/\/www.webdo.tn\/fr\/"},{"@type":"ListItem","position":2,"name":"Bayern Munich et Real Madrid, ces clubs qui font taire les pays arabes"}]},{"@type":"WebSite","@id":"https:\/\/www.webdo.tn\/fr\/#website","url":"https:\/\/www.webdo.tn\/fr\/","name":"webdo","description":"Tunisie - News en Tunisie et \u00e0 l&#039;international sur Webdo.tn","publisher":{"@id":"https:\/\/www.webdo.tn\/fr\/#organization"},"potentialAction":[{"@type":"SearchAction","target":{"@type":"EntryPoint","urlTemplate":"https:\/\/www.webdo.tn\/fr\/?s={search_term_string}"},"query-input":{"@type":"PropertyValueSpecification","valueRequired":true,"valueName":"search_term_string"}}],"inLanguage":"fr-FR"},{"@type":"Organization","@id":"https:\/\/www.webdo.tn\/fr\/#organization","name":"Webdo","alternateName":"Webdo.tn","url":"https:\/\/www.webdo.tn\/fr\/","logo":{"@type":"ImageObject","inLanguage":"fr-FR","@id":"https:\/\/www.webdo.tn\/fr\/#\/schema\/logo\/image\/","url":"https:\/\/www.webdo.tn\/fr\/wp-content\/uploads\/2025\/06\/Webdo-Tunisie_168377.jpg","contentUrl":"https:\/\/www.webdo.tn\/fr\/wp-content\/uploads\/2025\/06\/Webdo-Tunisie_168377.jpg","width":301,"height":301,"caption":"Webdo"},"image":{"@id":"https:\/\/www.webdo.tn\/fr\/#\/schema\/logo\/image\/"},"sameAs":["https:\/\/www.facebook.com\/webdotn","https:\/\/x.com\/webdo_tn"],"description":"Webdo est un m\u00e9dia num\u00e9rique tunisien fond\u00e9 en 2010, sp\u00e9cialis\u00e9 dans l\u2019actualit\u00e9 nationale et internationale, l\u2019\u00e9conomie, la soci\u00e9t\u00e9 et les analyses politiques. Le site s\u2019adresse \u00e0 un large public francophone et couvre l\u2019information tunisienne en temps r\u00e9el.","email":"redac@webdo.tn","legalName":"YNJ SARL","foundingDate":"2010-09-06","numberOfEmployees":{"@type":"QuantitativeValue","minValue":"11","maxValue":"50"}},{"@type":"Person","@id":"https:\/\/www.webdo.tn\/fr\/#\/schema\/person\/9a9c6118d687c117df8ef3cc36a4d175","name":"webdo.tn","image":{"@type":"ImageObject","inLanguage":"fr-FR","@id":"https:\/\/secure.gravatar.com\/avatar\/7ce1f28c0c3bbac99ff550b85ef8e44a6950c6ee24514fb6a5489e51d06f0298?s=96&d=mm&r=g","url":"https:\/\/secure.gravatar.com\/avatar\/7ce1f28c0c3bbac99ff550b85ef8e44a6950c6ee24514fb6a5489e51d06f0298?s=96&d=mm&r=g","contentUrl":"https:\/\/secure.gravatar.com\/avatar\/7ce1f28c0c3bbac99ff550b85ef8e44a6950c6ee24514fb6a5489e51d06f0298?s=96&d=mm&r=g","caption":"webdo.tn"},"url":"https:\/\/www.webdo.tn\/fr\/actualite\/author\/webdotn\/"}]}},"_links":{"self":[{"href":"https:\/\/www.webdo.tn\/fr\/wp-json\/wp\/v2\/posts\/183970","targetHints":{"allow":["GET"]}}],"collection":[{"href":"https:\/\/www.webdo.tn\/fr\/wp-json\/wp\/v2\/posts"}],"about":[{"href":"https:\/\/www.webdo.tn\/fr\/wp-json\/wp\/v2\/types\/post"}],"author":[{"embeddable":true,"href":"https:\/\/www.webdo.tn\/fr\/wp-json\/wp\/v2\/users\/3222"}],"replies":[{"embeddable":true,"href":"https:\/\/www.webdo.tn\/fr\/wp-json\/wp\/v2\/comments?post=183970"}],"version-history":[{"count":0,"href":"https:\/\/www.webdo.tn\/fr\/wp-json\/wp\/v2\/posts\/183970\/revisions"}],"wp:featuredmedia":[{"embeddable":true,"href":"https:\/\/www.webdo.tn\/fr\/wp-json\/wp\/v2\/media\/317277"}],"wp:attachment":[{"href":"https:\/\/www.webdo.tn\/fr\/wp-json\/wp\/v2\/media?parent=183970"}],"wp:term":[{"taxonomy":"category","embeddable":true,"href":"https:\/\/www.webdo.tn\/fr\/wp-json\/wp\/v2\/categories?post=183970"},{"taxonomy":"post_tag","embeddable":true,"href":"https:\/\/www.webdo.tn\/fr\/wp-json\/wp\/v2\/tags?post=183970"}],"curies":[{"name":"wp","href":"https:\/\/api.w.org\/{rel}","templated":true}]}}