{"id":183965,"date":"2015-09-08T12:29:00","date_gmt":"2015-09-08T12:29:00","guid":{"rendered":"https:\/\/www.webdo.tn\/fr\/actualite\/blog\/tf1-claire-chazal-remerciee-la-fin-dune-epoque\/183965\/"},"modified":"2025-05-22T12:51:02","modified_gmt":"2025-05-22T12:51:02","slug":"tf1-claire-chazal-remerciee-la-fin-dune-epoque","status":"publish","type":"post","link":"https:\/\/www.webdo.tn\/fr\/actualite\/international\/tf1-claire-chazal-remerciee-la-fin-dune-epoque\/183965\/","title":{"rendered":"TF1 : Claire Chazal remerci\u00e9e, la fin d&rsquo;une \u00e9poque"},"content":{"rendered":"<p>Apr\u00e8s vingt-quatre ans de bons et loyaux services, Claire Chazal ne sera plus la pr\u00e9sentatrice des journaux d\u2019information du week-end sur TF1. La direction de la cha\u00eene fran\u00e7aise a d\u00e9cid\u00e9 de remplacer Chazal par Anne-Claire Coudray, qui \u00e9tait sa rempla\u00e7ante attitr\u00e9e depuis juillet 2012, dans les semaines \u00e0 venir.<\/p>\n<p>La pr\u00e9sidente de TF1, Nonce Paolini, a re\u00e7u la pr\u00e9sentatrice la semaine derni\u00e8re pour lui annoncer la nouvelle, selon Le Figaro.<\/p>\n<p>C&rsquo;est donc la fin d&rsquo;une \u00e9poque puisque Chazal, \u00e2g\u00e9e de 58 ans, pr\u00e9sentait les journaux du week-end sur TF1 depuis ao\u00fbt 1991. Les mauvais r\u00e9sultats des JT de Claire Chazal sont derri\u00e8re son limogeage.<\/p>\n<p>En ao\u00fbt, TF1 a enregistr\u00e9 son plus mauvais score d\u2019audience depuis sa naissance, en 1987, avec 20,1% de part d\u2019audience mensuelle moyenne. Ce qui a pouss\u00e9 la direction \u00e0 faire un remaniement en profondeur qui a d\u00e9j\u00e0 commenc\u00e9 par le d\u00e9part de G\u00e9rard Dagognet, le r\u00e9dacteur en chef de Claire Chazal, en ao\u00fbt.<\/p>\n<p>M\u00eame si TF1 reste de loin la premi\u00e8re cha\u00eene de t\u00e9l\u00e9vision fran\u00e7aise, l&rsquo;audience des JT de Chazal avait recul\u00e9 au point de se faire presque rattraper par ceux de France 2. D&rsquo;ailleurs sa rempla\u00e7ante cet \u00e9t\u00e9, Audrey Crespo-Mara, avait en revanche r\u00e9ussi de meilleures performances.<\/p>\n<p>Ces mauvaises performances ne devraient toutefois pas effacer les meilleures car Claire Chazal s&rsquo;est impos\u00e9e au fil des ann\u00e9es en incarnant longtemps la r\u00e9ussite de la cha\u00eene. Son journal a \u00e9t\u00e9 pendant des ann\u00e9es l\u2019un des plus regard\u00e9s de France, avec des parts d\u2019audience qui tournaient souvent autour des 30%.<\/p>\n<p>Elle fait partie d&rsquo;une tranche de femmes qui ont marqu\u00e9 l\u2019histoire de la t\u00e9l\u00e9vision en France, avec Anne Sinclair, Anne-Marie Peysson et Christine Ockrent.<\/p>\n<p>Comme pr\u00e9vu, l&rsquo;annonce du d\u00e9part de Claire Chazal n&rsquo;est pas pass\u00e9 inaper\u00e7u. Plusieurs de ses confr\u00e8res ont r\u00e9agi sur les r\u00e9seaux sociaux. \u00ab\u00a0En pens\u00e9es avec Claire Chazal. D\u00e9cid\u00e9ment?! Je connais ses qualit\u00e9s. Elle va rebondir et je me r\u00e9jouis de la retrouver sur Radio Classique&#8230;\u00a0\u00bb, a \u00e9crit Patrick Poivre d&rsquo;Arvor sur Twitter.<\/p>\n<p>Son confr\u00e8re, Bouleau, qui pr\u00e9sente le journal de 20 heures en semaine, a termin\u00e9 son \u00e9dition avec un hommage \u00e0 la pr\u00e9sentatrice : \u00ab\u00a0Une pens\u00e9e amicale pour Claire Chazal, la direction de TF1 a annonc\u00e9 qu&rsquo;elle quitterait dans les prochaines semaines la pr\u00e9sentation des journaux t\u00e9l\u00e9vis\u00e9s du week-end.\u00a0\u00bb<\/p>\n<p>Laurent Bazin, ancien pr\u00e9sentateur a pr\u00e9f\u00e9r\u00e9 \u00e9pingler les qualit\u00e9s de la journaliste : \u00ab\u00a0Un salut amical \u00e0 Claire Chazal, femme \u00e9l\u00e9gante et discr\u00e8te. Presque timide parfois. Une raret\u00e9\u00a0\u00bb, a-t-il estim\u00e9.<br \/>\nA.M.<\/p>\n","protected":false},"excerpt":{"rendered":"<p>TF1 : Claire Chazal remerci\u00e9e, la fin d&rsquo;une \u00e9poque<\/p>\n","protected":false},"author":3222,"featured_media":351781,"comment_status":"open","ping_status":"closed","sticky":false,"template":"","format":"standard","meta":{"footnotes":""},"categories":[2598],"tags":[],"class_list":["post-183965","post","type-post","status-publish","format-standard","has-post-thumbnail","hentry","category-international"],"yoast_head":"<!-- This site is optimized with the Yoast SEO Premium plugin v27.5 (Yoast SEO v27.5) - https:\/\/yoast.com\/product\/yoast-seo-premium-wordpress\/ -->\n<title>TF1 : Claire Chazal remerci\u00e9e, la fin d&#039;une \u00e9poque<\/title>\n<meta name=\"description\" content=\"TF1 : Claire Chazal remerci\u00e9e, la fin d&#039;une \u00e9poque\" \/>\n<link rel=\"canonical\" href=\"https:\/\/www.webdo.tn\/fr\/actualite\/international\/tf1-claire-chazal-remerciee-la-fin-dune-epoque\/183965\/\" \/>\n<meta property=\"og:locale\" content=\"fr_FR\" \/>\n<meta property=\"og:type\" content=\"article\" \/>\n<meta property=\"og:title\" content=\"TF1 : Claire Chazal remerci\u00e9e, la fin d&#039;une \u00e9poque\" \/>\n<meta property=\"og:description\" content=\"TF1 : Claire Chazal remerci\u00e9e, la fin d&#039;une \u00e9poque\" \/>\n<meta property=\"og:url\" content=\"https:\/\/www.webdo.tn\/fr\/actualite\/international\/tf1-claire-chazal-remerciee-la-fin-dune-epoque\/183965\/\" \/>\n<meta property=\"og:site_name\" content=\"webdo\" \/>\n<meta property=\"article:publisher\" content=\"https:\/\/www.facebook.com\/webdotn\" \/>\n<meta property=\"article:published_time\" content=\"2015-09-08T12:29:00+00:00\" \/>\n<meta property=\"article:modified_time\" content=\"2025-05-22T12:51:02+00:00\" \/>\n<meta property=\"og:image\" content=\"https:\/\/www.webdo.tn\/fr\/wp-content\/uploads\/2015\/09\/Claire-Chazal-LePlus-300x171-1.jpg\" \/>\n\t<meta property=\"og:image:width\" content=\"300\" \/>\n\t<meta property=\"og:image:height\" content=\"171\" \/>\n\t<meta property=\"og:image:type\" content=\"image\/jpeg\" \/>\n<meta name=\"author\" content=\"webdo.tn\" \/>\n<meta name=\"twitter:card\" content=\"summary_large_image\" \/>\n<meta name=\"twitter:creator\" content=\"@webdo_tn\" \/>\n<meta name=\"twitter:site\" content=\"@webdo_tn\" \/>\n<meta name=\"twitter:label1\" content=\"\u00c9crit par\" \/>\n\t<meta name=\"twitter:data1\" content=\"webdo.tn\" \/>\n\t<meta name=\"twitter:label2\" content=\"Dur\u00e9e de lecture estim\u00e9e\" \/>\n\t<meta name=\"twitter:data2\" content=\"2 minutes\" \/>\n<script type=\"application\/ld+json\" class=\"yoast-schema-graph\">{\"@context\":\"https:\\\/\\\/schema.org\",\"@graph\":[{\"@type\":\"NewsArticle\",\"@id\":\"https:\\\/\\\/www.webdo.tn\\\/fr\\\/actualite\\\/international\\\/tf1-claire-chazal-remerciee-la-fin-dune-epoque\\\/183965\\\/#article\",\"isPartOf\":{\"@id\":\"https:\\\/\\\/www.webdo.tn\\\/fr\\\/actualite\\\/international\\\/tf1-claire-chazal-remerciee-la-fin-dune-epoque\\\/183965\\\/\"},\"author\":{\"name\":\"webdo.tn\",\"@id\":\"https:\\\/\\\/www.webdo.tn\\\/fr\\\/#\\\/schema\\\/person\\\/9a9c6118d687c117df8ef3cc36a4d175\"},\"headline\":\"TF1 : Claire Chazal remerci\u00e9e, la fin d&rsquo;une \u00e9poque\",\"datePublished\":\"2015-09-08T12:29:00+00:00\",\"dateModified\":\"2025-05-22T12:51:02+00:00\",\"mainEntityOfPage\":{\"@id\":\"https:\\\/\\\/www.webdo.tn\\\/fr\\\/actualite\\\/international\\\/tf1-claire-chazal-remerciee-la-fin-dune-epoque\\\/183965\\\/\"},\"wordCount\":483,\"commentCount\":0,\"publisher\":{\"@id\":\"https:\\\/\\\/www.webdo.tn\\\/fr\\\/#organization\"},\"image\":{\"@id\":\"https:\\\/\\\/www.webdo.tn\\\/fr\\\/actualite\\\/international\\\/tf1-claire-chazal-remerciee-la-fin-dune-epoque\\\/183965\\\/#primaryimage\"},\"thumbnailUrl\":\"https:\\\/\\\/www.webdo.tn\\\/fr\\\/wp-content\\\/uploads\\\/2015\\\/09\\\/Claire-Chazal-LePlus-300x171-1.jpg\",\"articleSection\":[\"International\"],\"inLanguage\":\"fr-FR\"},{\"@type\":\"WebPage\",\"@id\":\"https:\\\/\\\/www.webdo.tn\\\/fr\\\/actualite\\\/international\\\/tf1-claire-chazal-remerciee-la-fin-dune-epoque\\\/183965\\\/\",\"url\":\"https:\\\/\\\/www.webdo.tn\\\/fr\\\/actualite\\\/international\\\/tf1-claire-chazal-remerciee-la-fin-dune-epoque\\\/183965\\\/\",\"name\":\"TF1 : Claire Chazal remerci\u00e9e, la fin d'une \u00e9poque\",\"isPartOf\":{\"@id\":\"https:\\\/\\\/www.webdo.tn\\\/fr\\\/#website\"},\"primaryImageOfPage\":{\"@id\":\"https:\\\/\\\/www.webdo.tn\\\/fr\\\/actualite\\\/international\\\/tf1-claire-chazal-remerciee-la-fin-dune-epoque\\\/183965\\\/#primaryimage\"},\"image\":{\"@id\":\"https:\\\/\\\/www.webdo.tn\\\/fr\\\/actualite\\\/international\\\/tf1-claire-chazal-remerciee-la-fin-dune-epoque\\\/183965\\\/#primaryimage\"},\"thumbnailUrl\":\"https:\\\/\\\/www.webdo.tn\\\/fr\\\/wp-content\\\/uploads\\\/2015\\\/09\\\/Claire-Chazal-LePlus-300x171-1.jpg\",\"datePublished\":\"2015-09-08T12:29:00+00:00\",\"dateModified\":\"2025-05-22T12:51:02+00:00\",\"description\":\"TF1 : Claire Chazal remerci\u00e9e, la fin d'une \u00e9poque\",\"breadcrumb\":{\"@id\":\"https:\\\/\\\/www.webdo.tn\\\/fr\\\/actualite\\\/international\\\/tf1-claire-chazal-remerciee-la-fin-dune-epoque\\\/183965\\\/#breadcrumb\"},\"inLanguage\":\"fr-FR\",\"potentialAction\":[{\"@type\":\"ReadAction\",\"target\":[\"https:\\\/\\\/www.webdo.tn\\\/fr\\\/actualite\\\/international\\\/tf1-claire-chazal-remerciee-la-fin-dune-epoque\\\/183965\\\/\"]}]},{\"@type\":\"ImageObject\",\"inLanguage\":\"fr-FR\",\"@id\":\"https:\\\/\\\/www.webdo.tn\\\/fr\\\/actualite\\\/international\\\/tf1-claire-chazal-remerciee-la-fin-dune-epoque\\\/183965\\\/#primaryimage\",\"url\":\"https:\\\/\\\/www.webdo.tn\\\/fr\\\/wp-content\\\/uploads\\\/2015\\\/09\\\/Claire-Chazal-LePlus-300x171-1.jpg\",\"contentUrl\":\"https:\\\/\\\/www.webdo.tn\\\/fr\\\/wp-content\\\/uploads\\\/2015\\\/09\\\/Claire-Chazal-LePlus-300x171-1.jpg\",\"width\":300,\"height\":171,\"caption\":\"TF1 : Claire Chazal remerci\u00e9e, la fin d'une \u00e9poque\"},{\"@type\":\"BreadcrumbList\",\"@id\":\"https:\\\/\\\/www.webdo.tn\\\/fr\\\/actualite\\\/international\\\/tf1-claire-chazal-remerciee-la-fin-dune-epoque\\\/183965\\\/#breadcrumb\",\"itemListElement\":[{\"@type\":\"ListItem\",\"position\":1,\"name\":\"Accueil\",\"item\":\"https:\\\/\\\/www.webdo.tn\\\/fr\\\/\"},{\"@type\":\"ListItem\",\"position\":2,\"name\":\"TF1 : Claire Chazal remerci\u00e9e, la fin d&rsquo;une \u00e9poque\"}]},{\"@type\":\"WebSite\",\"@id\":\"https:\\\/\\\/www.webdo.tn\\\/fr\\\/#website\",\"url\":\"https:\\\/\\\/www.webdo.tn\\\/fr\\\/\",\"name\":\"webdo\",\"description\":\"Tunisie - News en Tunisie et \u00e0 l&#039;international sur Webdo.tn\",\"publisher\":{\"@id\":\"https:\\\/\\\/www.webdo.tn\\\/fr\\\/#organization\"},\"potentialAction\":[{\"@type\":\"SearchAction\",\"target\":{\"@type\":\"EntryPoint\",\"urlTemplate\":\"https:\\\/\\\/www.webdo.tn\\\/fr\\\/?s={search_term_string}\"},\"query-input\":{\"@type\":\"PropertyValueSpecification\",\"valueRequired\":true,\"valueName\":\"search_term_string\"}}],\"inLanguage\":\"fr-FR\"},{\"@type\":\"Organization\",\"@id\":\"https:\\\/\\\/www.webdo.tn\\\/fr\\\/#organization\",\"name\":\"Webdo\",\"alternateName\":\"Webdo.tn\",\"url\":\"https:\\\/\\\/www.webdo.tn\\\/fr\\\/\",\"logo\":{\"@type\":\"ImageObject\",\"inLanguage\":\"fr-FR\",\"@id\":\"https:\\\/\\\/www.webdo.tn\\\/fr\\\/#\\\/schema\\\/logo\\\/image\\\/\",\"url\":\"https:\\\/\\\/www.webdo.tn\\\/fr\\\/wp-content\\\/uploads\\\/2025\\\/06\\\/Webdo-Tunisie_168377.jpg\",\"contentUrl\":\"https:\\\/\\\/www.webdo.tn\\\/fr\\\/wp-content\\\/uploads\\\/2025\\\/06\\\/Webdo-Tunisie_168377.jpg\",\"width\":301,\"height\":301,\"caption\":\"Webdo\"},\"image\":{\"@id\":\"https:\\\/\\\/www.webdo.tn\\\/fr\\\/#\\\/schema\\\/logo\\\/image\\\/\"},\"sameAs\":[\"https:\\\/\\\/www.facebook.com\\\/webdotn\",\"https:\\\/\\\/x.com\\\/webdo_tn\"],\"description\":\"Webdo est un m\u00e9dia num\u00e9rique tunisien fond\u00e9 en 2010, sp\u00e9cialis\u00e9 dans l\u2019actualit\u00e9 nationale et internationale, l\u2019\u00e9conomie, la soci\u00e9t\u00e9 et les analyses politiques. Le site s\u2019adresse \u00e0 un large public francophone et couvre l\u2019information tunisienne en temps r\u00e9el.\",\"email\":\"redac@webdo.tn\",\"legalName\":\"YNJ SARL\",\"foundingDate\":\"2010-09-06\",\"numberOfEmployees\":{\"@type\":\"QuantitativeValue\",\"minValue\":\"11\",\"maxValue\":\"50\"}},{\"@type\":\"Person\",\"@id\":\"https:\\\/\\\/www.webdo.tn\\\/fr\\\/#\\\/schema\\\/person\\\/9a9c6118d687c117df8ef3cc36a4d175\",\"name\":\"webdo.tn\",\"image\":{\"@type\":\"ImageObject\",\"inLanguage\":\"fr-FR\",\"@id\":\"https:\\\/\\\/secure.gravatar.com\\\/avatar\\\/7ce1f28c0c3bbac99ff550b85ef8e44a6950c6ee24514fb6a5489e51d06f0298?s=96&d=mm&r=g\",\"url\":\"https:\\\/\\\/secure.gravatar.com\\\/avatar\\\/7ce1f28c0c3bbac99ff550b85ef8e44a6950c6ee24514fb6a5489e51d06f0298?s=96&d=mm&r=g\",\"contentUrl\":\"https:\\\/\\\/secure.gravatar.com\\\/avatar\\\/7ce1f28c0c3bbac99ff550b85ef8e44a6950c6ee24514fb6a5489e51d06f0298?s=96&d=mm&r=g\",\"caption\":\"webdo.tn\"},\"url\":\"https:\\\/\\\/www.webdo.tn\\\/fr\\\/actualite\\\/author\\\/webdotn\\\/\"}]}<\/script>\n<!-- \/ Yoast SEO Premium plugin. -->","yoast_head_json":{"title":"TF1 : Claire Chazal remerci\u00e9e, la fin d'une \u00e9poque","description":"TF1 : Claire Chazal remerci\u00e9e, la fin d'une \u00e9poque","canonical":"https:\/\/www.webdo.tn\/fr\/actualite\/international\/tf1-claire-chazal-remerciee-la-fin-dune-epoque\/183965\/","og_locale":"fr_FR","og_type":"article","og_title":"TF1 : Claire Chazal remerci\u00e9e, la fin d'une \u00e9poque","og_description":"TF1 : Claire Chazal remerci\u00e9e, la fin d'une \u00e9poque","og_url":"https:\/\/www.webdo.tn\/fr\/actualite\/international\/tf1-claire-chazal-remerciee-la-fin-dune-epoque\/183965\/","og_site_name":"webdo","article_publisher":"https:\/\/www.facebook.com\/webdotn","article_published_time":"2015-09-08T12:29:00+00:00","article_modified_time":"2025-05-22T12:51:02+00:00","og_image":[{"width":300,"height":171,"url":"https:\/\/www.webdo.tn\/fr\/wp-content\/uploads\/2015\/09\/Claire-Chazal-LePlus-300x171-1.jpg","type":"image\/jpeg"}],"author":"webdo.tn","twitter_card":"summary_large_image","twitter_creator":"@webdo_tn","twitter_site":"@webdo_tn","twitter_misc":{"\u00c9crit par":"webdo.tn","Dur\u00e9e de lecture estim\u00e9e":"2 minutes"},"schema":{"@context":"https:\/\/schema.org","@graph":[{"@type":"NewsArticle","@id":"https:\/\/www.webdo.tn\/fr\/actualite\/international\/tf1-claire-chazal-remerciee-la-fin-dune-epoque\/183965\/#article","isPartOf":{"@id":"https:\/\/www.webdo.tn\/fr\/actualite\/international\/tf1-claire-chazal-remerciee-la-fin-dune-epoque\/183965\/"},"author":{"name":"webdo.tn","@id":"https:\/\/www.webdo.tn\/fr\/#\/schema\/person\/9a9c6118d687c117df8ef3cc36a4d175"},"headline":"TF1 : Claire Chazal remerci\u00e9e, la fin d&rsquo;une \u00e9poque","datePublished":"2015-09-08T12:29:00+00:00","dateModified":"2025-05-22T12:51:02+00:00","mainEntityOfPage":{"@id":"https:\/\/www.webdo.tn\/fr\/actualite\/international\/tf1-claire-chazal-remerciee-la-fin-dune-epoque\/183965\/"},"wordCount":483,"commentCount":0,"publisher":{"@id":"https:\/\/www.webdo.tn\/fr\/#organization"},"image":{"@id":"https:\/\/www.webdo.tn\/fr\/actualite\/international\/tf1-claire-chazal-remerciee-la-fin-dune-epoque\/183965\/#primaryimage"},"thumbnailUrl":"https:\/\/www.webdo.tn\/fr\/wp-content\/uploads\/2015\/09\/Claire-Chazal-LePlus-300x171-1.jpg","articleSection":["International"],"inLanguage":"fr-FR"},{"@type":"WebPage","@id":"https:\/\/www.webdo.tn\/fr\/actualite\/international\/tf1-claire-chazal-remerciee-la-fin-dune-epoque\/183965\/","url":"https:\/\/www.webdo.tn\/fr\/actualite\/international\/tf1-claire-chazal-remerciee-la-fin-dune-epoque\/183965\/","name":"TF1 : Claire Chazal remerci\u00e9e, la fin d'une \u00e9poque","isPartOf":{"@id":"https:\/\/www.webdo.tn\/fr\/#website"},"primaryImageOfPage":{"@id":"https:\/\/www.webdo.tn\/fr\/actualite\/international\/tf1-claire-chazal-remerciee-la-fin-dune-epoque\/183965\/#primaryimage"},"image":{"@id":"https:\/\/www.webdo.tn\/fr\/actualite\/international\/tf1-claire-chazal-remerciee-la-fin-dune-epoque\/183965\/#primaryimage"},"thumbnailUrl":"https:\/\/www.webdo.tn\/fr\/wp-content\/uploads\/2015\/09\/Claire-Chazal-LePlus-300x171-1.jpg","datePublished":"2015-09-08T12:29:00+00:00","dateModified":"2025-05-22T12:51:02+00:00","description":"TF1 : Claire Chazal remerci\u00e9e, la fin d'une \u00e9poque","breadcrumb":{"@id":"https:\/\/www.webdo.tn\/fr\/actualite\/international\/tf1-claire-chazal-remerciee-la-fin-dune-epoque\/183965\/#breadcrumb"},"inLanguage":"fr-FR","potentialAction":[{"@type":"ReadAction","target":["https:\/\/www.webdo.tn\/fr\/actualite\/international\/tf1-claire-chazal-remerciee-la-fin-dune-epoque\/183965\/"]}]},{"@type":"ImageObject","inLanguage":"fr-FR","@id":"https:\/\/www.webdo.tn\/fr\/actualite\/international\/tf1-claire-chazal-remerciee-la-fin-dune-epoque\/183965\/#primaryimage","url":"https:\/\/www.webdo.tn\/fr\/wp-content\/uploads\/2015\/09\/Claire-Chazal-LePlus-300x171-1.jpg","contentUrl":"https:\/\/www.webdo.tn\/fr\/wp-content\/uploads\/2015\/09\/Claire-Chazal-LePlus-300x171-1.jpg","width":300,"height":171,"caption":"TF1 : Claire Chazal remerci\u00e9e, la fin d'une \u00e9poque"},{"@type":"BreadcrumbList","@id":"https:\/\/www.webdo.tn\/fr\/actualite\/international\/tf1-claire-chazal-remerciee-la-fin-dune-epoque\/183965\/#breadcrumb","itemListElement":[{"@type":"ListItem","position":1,"name":"Accueil","item":"https:\/\/www.webdo.tn\/fr\/"},{"@type":"ListItem","position":2,"name":"TF1 : Claire Chazal remerci\u00e9e, la fin d&rsquo;une \u00e9poque"}]},{"@type":"WebSite","@id":"https:\/\/www.webdo.tn\/fr\/#website","url":"https:\/\/www.webdo.tn\/fr\/","name":"webdo","description":"Tunisie - News en Tunisie et \u00e0 l&#039;international sur Webdo.tn","publisher":{"@id":"https:\/\/www.webdo.tn\/fr\/#organization"},"potentialAction":[{"@type":"SearchAction","target":{"@type":"EntryPoint","urlTemplate":"https:\/\/www.webdo.tn\/fr\/?s={search_term_string}"},"query-input":{"@type":"PropertyValueSpecification","valueRequired":true,"valueName":"search_term_string"}}],"inLanguage":"fr-FR"},{"@type":"Organization","@id":"https:\/\/www.webdo.tn\/fr\/#organization","name":"Webdo","alternateName":"Webdo.tn","url":"https:\/\/www.webdo.tn\/fr\/","logo":{"@type":"ImageObject","inLanguage":"fr-FR","@id":"https:\/\/www.webdo.tn\/fr\/#\/schema\/logo\/image\/","url":"https:\/\/www.webdo.tn\/fr\/wp-content\/uploads\/2025\/06\/Webdo-Tunisie_168377.jpg","contentUrl":"https:\/\/www.webdo.tn\/fr\/wp-content\/uploads\/2025\/06\/Webdo-Tunisie_168377.jpg","width":301,"height":301,"caption":"Webdo"},"image":{"@id":"https:\/\/www.webdo.tn\/fr\/#\/schema\/logo\/image\/"},"sameAs":["https:\/\/www.facebook.com\/webdotn","https:\/\/x.com\/webdo_tn"],"description":"Webdo est un m\u00e9dia num\u00e9rique tunisien fond\u00e9 en 2010, sp\u00e9cialis\u00e9 dans l\u2019actualit\u00e9 nationale et internationale, l\u2019\u00e9conomie, la soci\u00e9t\u00e9 et les analyses politiques. Le site s\u2019adresse \u00e0 un large public francophone et couvre l\u2019information tunisienne en temps r\u00e9el.","email":"redac@webdo.tn","legalName":"YNJ SARL","foundingDate":"2010-09-06","numberOfEmployees":{"@type":"QuantitativeValue","minValue":"11","maxValue":"50"}},{"@type":"Person","@id":"https:\/\/www.webdo.tn\/fr\/#\/schema\/person\/9a9c6118d687c117df8ef3cc36a4d175","name":"webdo.tn","image":{"@type":"ImageObject","inLanguage":"fr-FR","@id":"https:\/\/secure.gravatar.com\/avatar\/7ce1f28c0c3bbac99ff550b85ef8e44a6950c6ee24514fb6a5489e51d06f0298?s=96&d=mm&r=g","url":"https:\/\/secure.gravatar.com\/avatar\/7ce1f28c0c3bbac99ff550b85ef8e44a6950c6ee24514fb6a5489e51d06f0298?s=96&d=mm&r=g","contentUrl":"https:\/\/secure.gravatar.com\/avatar\/7ce1f28c0c3bbac99ff550b85ef8e44a6950c6ee24514fb6a5489e51d06f0298?s=96&d=mm&r=g","caption":"webdo.tn"},"url":"https:\/\/www.webdo.tn\/fr\/actualite\/author\/webdotn\/"}]}},"_links":{"self":[{"href":"https:\/\/www.webdo.tn\/fr\/wp-json\/wp\/v2\/posts\/183965","targetHints":{"allow":["GET"]}}],"collection":[{"href":"https:\/\/www.webdo.tn\/fr\/wp-json\/wp\/v2\/posts"}],"about":[{"href":"https:\/\/www.webdo.tn\/fr\/wp-json\/wp\/v2\/types\/post"}],"author":[{"embeddable":true,"href":"https:\/\/www.webdo.tn\/fr\/wp-json\/wp\/v2\/users\/3222"}],"replies":[{"embeddable":true,"href":"https:\/\/www.webdo.tn\/fr\/wp-json\/wp\/v2\/comments?post=183965"}],"version-history":[{"count":0,"href":"https:\/\/www.webdo.tn\/fr\/wp-json\/wp\/v2\/posts\/183965\/revisions"}],"wp:featuredmedia":[{"embeddable":true,"href":"https:\/\/www.webdo.tn\/fr\/wp-json\/wp\/v2\/media\/351781"}],"wp:attachment":[{"href":"https:\/\/www.webdo.tn\/fr\/wp-json\/wp\/v2\/media?parent=183965"}],"wp:term":[{"taxonomy":"category","embeddable":true,"href":"https:\/\/www.webdo.tn\/fr\/wp-json\/wp\/v2\/categories?post=183965"},{"taxonomy":"post_tag","embeddable":true,"href":"https:\/\/www.webdo.tn\/fr\/wp-json\/wp\/v2\/tags?post=183965"}],"curies":[{"name":"wp","href":"https:\/\/api.w.org\/{rel}","templated":true}]}}