{"id":183964,"date":"2015-09-08T15:10:00","date_gmt":"2015-09-08T15:10:00","guid":{"rendered":"https:\/\/www.webdo.tn\/fr\/actualite\/blog\/nigeria-un-avion-vole-retrouve-cache-au-maroc\/183964\/"},"modified":"2025-05-22T12:51:06","modified_gmt":"2025-05-22T12:51:06","slug":"nigeria-un-avion-vole-retrouve-cache-au-maroc","status":"publish","type":"post","link":"https:\/\/www.webdo.tn\/fr\/actualite\/international\/nigeria-un-avion-vole-retrouve-cache-au-maroc\/183964\/","title":{"rendered":"Nigeria : Un avion \u00ab vol\u00e9 \u00bb retrouv\u00e9 cach\u00e9 au Maroc !"},"content":{"rendered":"<p>Un appareil Embraer 145 \u00ab vol\u00e9 \u00bb au Nigeria a \u00e9t\u00e9 retrouv\u00e9 \u00e0 quelques milliers de kilom\u00e8tres au Maroc, selon nos confr\u00e8res de 360.ma.<\/p>\n<p>L\u2019appareil \u00ab vol\u00e9 \u00bb depuis quelques semaines a \u00e9t\u00e9 retrouv\u00e9 au Maroc, a indiqu\u00e9 Mohammed Abubakar, gouverneur de Bauchi, une r\u00e9gion dans le nord du Nigeria.<\/p>\n<p>\u00ab Je tiens \u00e0 annoncer que les efforts pour localiser l&rsquo;Embraer 145 vol\u00e9 ont \u00e9t\u00e9 fructueux. Il se posera \u00e0 l\u2019a\u00e9roport International de Bauchi dans quelques jours \u00bb, a d\u00e9clar\u00e9 le gouverneur aux m\u00e9dias.<\/p>\n<p>L\u2019avion a \u00e9t\u00e9 retrouv\u00e9 gr\u00e2ce aux efforts du comit\u00e9 mis en place par le gouvernement de l\u2019\u00c9tat de Bauchi, comit\u00e9 dirig\u00e9 par Ahmed Tijjani-Baba, commandant de l&rsquo;air \u00e0 la retraite.<\/p>\n<p>Aucune autre information n\u2019a \u00e9t\u00e9 donn\u00e9e par le gouverneur de Bauchi sur les circonstances dans lesquelles l\u2019appareil a \u00e9t\u00e9 vol\u00e9 mais une enqu\u00eate a \u00e9t\u00e9 ouverte.<br \/>\nA.A<\/p>\n","protected":false},"excerpt":{"rendered":"<p>Nigeria : Un avion \u00ab vol\u00e9 \u00bb retrouv\u00e9 cach\u00e9 au Maroc !<\/p>\n","protected":false},"author":3222,"featured_media":351787,"comment_status":"open","ping_status":"closed","sticky":false,"template":"","format":"standard","meta":{"footnotes":""},"categories":[2598],"tags":[],"class_list":["post-183964","post","type-post","status-publish","format-standard","has-post-thumbnail","hentry","category-international"],"yoast_head":"<!-- This site is optimized with the Yoast SEO Premium plugin v27.5 (Yoast SEO v27.5) - https:\/\/yoast.com\/product\/yoast-seo-premium-wordpress\/ -->\n<title>Nigeria : Un avion \u00ab vol\u00e9 \u00bb retrouv\u00e9 cach\u00e9 au Maroc !<\/title>\n<meta name=\"description\" content=\"Nigeria : Un avion \u00ab vol\u00e9 \u00bb retrouv\u00e9 cach\u00e9 au Maroc !\" \/>\n<link rel=\"canonical\" href=\"https:\/\/www.webdo.tn\/fr\/actualite\/international\/nigeria-un-avion-vole-retrouve-cache-au-maroc\/183964\/\" \/>\n<meta property=\"og:locale\" content=\"fr_FR\" \/>\n<meta property=\"og:type\" content=\"article\" \/>\n<meta property=\"og:title\" content=\"Nigeria : Un avion \u00ab vol\u00e9 \u00bb retrouv\u00e9 cach\u00e9 au Maroc !\" \/>\n<meta property=\"og:description\" content=\"Nigeria : Un avion \u00ab vol\u00e9 \u00bb retrouv\u00e9 cach\u00e9 au Maroc !\" \/>\n<meta property=\"og:url\" content=\"https:\/\/www.webdo.tn\/fr\/actualite\/international\/nigeria-un-avion-vole-retrouve-cache-au-maroc\/183964\/\" \/>\n<meta property=\"og:site_name\" content=\"webdo\" \/>\n<meta property=\"article:publisher\" content=\"https:\/\/www.facebook.com\/webdotn\" \/>\n<meta property=\"article:published_time\" content=\"2015-09-08T15:10:00+00:00\" \/>\n<meta property=\"article:modified_time\" content=\"2025-05-22T12:51:06+00:00\" \/>\n<meta property=\"og:image\" content=\"https:\/\/www.webdo.tn\/fr\/wp-content\/uploads\/2015\/09\/avion_cache-300x168-1.jpeg\" \/>\n\t<meta property=\"og:image:width\" content=\"300\" \/>\n\t<meta property=\"og:image:height\" content=\"168\" \/>\n\t<meta property=\"og:image:type\" content=\"image\/jpeg\" \/>\n<meta name=\"author\" content=\"webdo.tn\" \/>\n<meta name=\"twitter:card\" content=\"summary_large_image\" \/>\n<meta name=\"twitter:creator\" content=\"@webdo_tn\" \/>\n<meta name=\"twitter:site\" content=\"@webdo_tn\" \/>\n<meta name=\"twitter:label1\" content=\"\u00c9crit par\" \/>\n\t<meta name=\"twitter:data1\" content=\"webdo.tn\" \/>\n\t<meta name=\"twitter:label2\" content=\"Dur\u00e9e de lecture estim\u00e9e\" \/>\n\t<meta name=\"twitter:data2\" content=\"1 minute\" \/>\n<script type=\"application\/ld+json\" class=\"yoast-schema-graph\">{\"@context\":\"https:\\\/\\\/schema.org\",\"@graph\":[{\"@type\":\"NewsArticle\",\"@id\":\"https:\\\/\\\/www.webdo.tn\\\/fr\\\/actualite\\\/international\\\/nigeria-un-avion-vole-retrouve-cache-au-maroc\\\/183964\\\/#article\",\"isPartOf\":{\"@id\":\"https:\\\/\\\/www.webdo.tn\\\/fr\\\/actualite\\\/international\\\/nigeria-un-avion-vole-retrouve-cache-au-maroc\\\/183964\\\/\"},\"author\":{\"name\":\"webdo.tn\",\"@id\":\"https:\\\/\\\/www.webdo.tn\\\/fr\\\/#\\\/schema\\\/person\\\/9a9c6118d687c117df8ef3cc36a4d175\"},\"headline\":\"Nigeria : Un avion \u00ab vol\u00e9 \u00bb retrouv\u00e9 cach\u00e9 au Maroc !\",\"datePublished\":\"2015-09-08T15:10:00+00:00\",\"dateModified\":\"2025-05-22T12:51:06+00:00\",\"mainEntityOfPage\":{\"@id\":\"https:\\\/\\\/www.webdo.tn\\\/fr\\\/actualite\\\/international\\\/nigeria-un-avion-vole-retrouve-cache-au-maroc\\\/183964\\\/\"},\"wordCount\":155,\"commentCount\":0,\"publisher\":{\"@id\":\"https:\\\/\\\/www.webdo.tn\\\/fr\\\/#organization\"},\"image\":{\"@id\":\"https:\\\/\\\/www.webdo.tn\\\/fr\\\/actualite\\\/international\\\/nigeria-un-avion-vole-retrouve-cache-au-maroc\\\/183964\\\/#primaryimage\"},\"thumbnailUrl\":\"https:\\\/\\\/www.webdo.tn\\\/fr\\\/wp-content\\\/uploads\\\/2015\\\/09\\\/avion_cache-300x168-1.jpeg\",\"articleSection\":[\"International\"],\"inLanguage\":\"fr-FR\"},{\"@type\":\"WebPage\",\"@id\":\"https:\\\/\\\/www.webdo.tn\\\/fr\\\/actualite\\\/international\\\/nigeria-un-avion-vole-retrouve-cache-au-maroc\\\/183964\\\/\",\"url\":\"https:\\\/\\\/www.webdo.tn\\\/fr\\\/actualite\\\/international\\\/nigeria-un-avion-vole-retrouve-cache-au-maroc\\\/183964\\\/\",\"name\":\"Nigeria : Un avion \u00ab vol\u00e9 \u00bb retrouv\u00e9 cach\u00e9 au Maroc !\",\"isPartOf\":{\"@id\":\"https:\\\/\\\/www.webdo.tn\\\/fr\\\/#website\"},\"primaryImageOfPage\":{\"@id\":\"https:\\\/\\\/www.webdo.tn\\\/fr\\\/actualite\\\/international\\\/nigeria-un-avion-vole-retrouve-cache-au-maroc\\\/183964\\\/#primaryimage\"},\"image\":{\"@id\":\"https:\\\/\\\/www.webdo.tn\\\/fr\\\/actualite\\\/international\\\/nigeria-un-avion-vole-retrouve-cache-au-maroc\\\/183964\\\/#primaryimage\"},\"thumbnailUrl\":\"https:\\\/\\\/www.webdo.tn\\\/fr\\\/wp-content\\\/uploads\\\/2015\\\/09\\\/avion_cache-300x168-1.jpeg\",\"datePublished\":\"2015-09-08T15:10:00+00:00\",\"dateModified\":\"2025-05-22T12:51:06+00:00\",\"description\":\"Nigeria : Un avion \u00ab vol\u00e9 \u00bb retrouv\u00e9 cach\u00e9 au Maroc !\",\"breadcrumb\":{\"@id\":\"https:\\\/\\\/www.webdo.tn\\\/fr\\\/actualite\\\/international\\\/nigeria-un-avion-vole-retrouve-cache-au-maroc\\\/183964\\\/#breadcrumb\"},\"inLanguage\":\"fr-FR\",\"potentialAction\":[{\"@type\":\"ReadAction\",\"target\":[\"https:\\\/\\\/www.webdo.tn\\\/fr\\\/actualite\\\/international\\\/nigeria-un-avion-vole-retrouve-cache-au-maroc\\\/183964\\\/\"]}]},{\"@type\":\"ImageObject\",\"inLanguage\":\"fr-FR\",\"@id\":\"https:\\\/\\\/www.webdo.tn\\\/fr\\\/actualite\\\/international\\\/nigeria-un-avion-vole-retrouve-cache-au-maroc\\\/183964\\\/#primaryimage\",\"url\":\"https:\\\/\\\/www.webdo.tn\\\/fr\\\/wp-content\\\/uploads\\\/2015\\\/09\\\/avion_cache-300x168-1.jpeg\",\"contentUrl\":\"https:\\\/\\\/www.webdo.tn\\\/fr\\\/wp-content\\\/uploads\\\/2015\\\/09\\\/avion_cache-300x168-1.jpeg\",\"width\":300,\"height\":168,\"caption\":\"Nigeria : Un avion \u00ab vol\u00e9 \u00bb retrouv\u00e9 cach\u00e9 au Maroc !\"},{\"@type\":\"BreadcrumbList\",\"@id\":\"https:\\\/\\\/www.webdo.tn\\\/fr\\\/actualite\\\/international\\\/nigeria-un-avion-vole-retrouve-cache-au-maroc\\\/183964\\\/#breadcrumb\",\"itemListElement\":[{\"@type\":\"ListItem\",\"position\":1,\"name\":\"Accueil\",\"item\":\"https:\\\/\\\/www.webdo.tn\\\/fr\\\/\"},{\"@type\":\"ListItem\",\"position\":2,\"name\":\"Nigeria : Un avion \u00ab vol\u00e9 \u00bb retrouv\u00e9 cach\u00e9 au Maroc !\"}]},{\"@type\":\"WebSite\",\"@id\":\"https:\\\/\\\/www.webdo.tn\\\/fr\\\/#website\",\"url\":\"https:\\\/\\\/www.webdo.tn\\\/fr\\\/\",\"name\":\"webdo\",\"description\":\"Tunisie - News en Tunisie et \u00e0 l&#039;international sur Webdo.tn\",\"publisher\":{\"@id\":\"https:\\\/\\\/www.webdo.tn\\\/fr\\\/#organization\"},\"potentialAction\":[{\"@type\":\"SearchAction\",\"target\":{\"@type\":\"EntryPoint\",\"urlTemplate\":\"https:\\\/\\\/www.webdo.tn\\\/fr\\\/?s={search_term_string}\"},\"query-input\":{\"@type\":\"PropertyValueSpecification\",\"valueRequired\":true,\"valueName\":\"search_term_string\"}}],\"inLanguage\":\"fr-FR\"},{\"@type\":\"Organization\",\"@id\":\"https:\\\/\\\/www.webdo.tn\\\/fr\\\/#organization\",\"name\":\"Webdo\",\"alternateName\":\"Webdo.tn\",\"url\":\"https:\\\/\\\/www.webdo.tn\\\/fr\\\/\",\"logo\":{\"@type\":\"ImageObject\",\"inLanguage\":\"fr-FR\",\"@id\":\"https:\\\/\\\/www.webdo.tn\\\/fr\\\/#\\\/schema\\\/logo\\\/image\\\/\",\"url\":\"https:\\\/\\\/www.webdo.tn\\\/fr\\\/wp-content\\\/uploads\\\/2025\\\/06\\\/Webdo-Tunisie_168377.jpg\",\"contentUrl\":\"https:\\\/\\\/www.webdo.tn\\\/fr\\\/wp-content\\\/uploads\\\/2025\\\/06\\\/Webdo-Tunisie_168377.jpg\",\"width\":301,\"height\":301,\"caption\":\"Webdo\"},\"image\":{\"@id\":\"https:\\\/\\\/www.webdo.tn\\\/fr\\\/#\\\/schema\\\/logo\\\/image\\\/\"},\"sameAs\":[\"https:\\\/\\\/www.facebook.com\\\/webdotn\",\"https:\\\/\\\/x.com\\\/webdo_tn\"],\"description\":\"Webdo est un m\u00e9dia num\u00e9rique tunisien fond\u00e9 en 2010, sp\u00e9cialis\u00e9 dans l\u2019actualit\u00e9 nationale et internationale, l\u2019\u00e9conomie, la soci\u00e9t\u00e9 et les analyses politiques. Le site s\u2019adresse \u00e0 un large public francophone et couvre l\u2019information tunisienne en temps r\u00e9el.\",\"email\":\"redac@webdo.tn\",\"legalName\":\"YNJ SARL\",\"foundingDate\":\"2010-09-06\",\"numberOfEmployees\":{\"@type\":\"QuantitativeValue\",\"minValue\":\"11\",\"maxValue\":\"50\"}},{\"@type\":\"Person\",\"@id\":\"https:\\\/\\\/www.webdo.tn\\\/fr\\\/#\\\/schema\\\/person\\\/9a9c6118d687c117df8ef3cc36a4d175\",\"name\":\"webdo.tn\",\"image\":{\"@type\":\"ImageObject\",\"inLanguage\":\"fr-FR\",\"@id\":\"https:\\\/\\\/secure.gravatar.com\\\/avatar\\\/7ce1f28c0c3bbac99ff550b85ef8e44a6950c6ee24514fb6a5489e51d06f0298?s=96&d=mm&r=g\",\"url\":\"https:\\\/\\\/secure.gravatar.com\\\/avatar\\\/7ce1f28c0c3bbac99ff550b85ef8e44a6950c6ee24514fb6a5489e51d06f0298?s=96&d=mm&r=g\",\"contentUrl\":\"https:\\\/\\\/secure.gravatar.com\\\/avatar\\\/7ce1f28c0c3bbac99ff550b85ef8e44a6950c6ee24514fb6a5489e51d06f0298?s=96&d=mm&r=g\",\"caption\":\"webdo.tn\"},\"url\":\"https:\\\/\\\/www.webdo.tn\\\/fr\\\/actualite\\\/author\\\/webdotn\\\/\"}]}<\/script>\n<!-- \/ Yoast SEO Premium plugin. -->","yoast_head_json":{"title":"Nigeria : Un avion \u00ab vol\u00e9 \u00bb retrouv\u00e9 cach\u00e9 au Maroc !","description":"Nigeria : Un avion \u00ab vol\u00e9 \u00bb retrouv\u00e9 cach\u00e9 au Maroc !","canonical":"https:\/\/www.webdo.tn\/fr\/actualite\/international\/nigeria-un-avion-vole-retrouve-cache-au-maroc\/183964\/","og_locale":"fr_FR","og_type":"article","og_title":"Nigeria : Un avion \u00ab vol\u00e9 \u00bb retrouv\u00e9 cach\u00e9 au Maroc !","og_description":"Nigeria : Un avion \u00ab vol\u00e9 \u00bb retrouv\u00e9 cach\u00e9 au Maroc !","og_url":"https:\/\/www.webdo.tn\/fr\/actualite\/international\/nigeria-un-avion-vole-retrouve-cache-au-maroc\/183964\/","og_site_name":"webdo","article_publisher":"https:\/\/www.facebook.com\/webdotn","article_published_time":"2015-09-08T15:10:00+00:00","article_modified_time":"2025-05-22T12:51:06+00:00","og_image":[{"width":300,"height":168,"url":"https:\/\/www.webdo.tn\/fr\/wp-content\/uploads\/2015\/09\/avion_cache-300x168-1.jpeg","type":"image\/jpeg"}],"author":"webdo.tn","twitter_card":"summary_large_image","twitter_creator":"@webdo_tn","twitter_site":"@webdo_tn","twitter_misc":{"\u00c9crit par":"webdo.tn","Dur\u00e9e de lecture estim\u00e9e":"1 minute"},"schema":{"@context":"https:\/\/schema.org","@graph":[{"@type":"NewsArticle","@id":"https:\/\/www.webdo.tn\/fr\/actualite\/international\/nigeria-un-avion-vole-retrouve-cache-au-maroc\/183964\/#article","isPartOf":{"@id":"https:\/\/www.webdo.tn\/fr\/actualite\/international\/nigeria-un-avion-vole-retrouve-cache-au-maroc\/183964\/"},"author":{"name":"webdo.tn","@id":"https:\/\/www.webdo.tn\/fr\/#\/schema\/person\/9a9c6118d687c117df8ef3cc36a4d175"},"headline":"Nigeria : Un avion \u00ab vol\u00e9 \u00bb retrouv\u00e9 cach\u00e9 au Maroc !","datePublished":"2015-09-08T15:10:00+00:00","dateModified":"2025-05-22T12:51:06+00:00","mainEntityOfPage":{"@id":"https:\/\/www.webdo.tn\/fr\/actualite\/international\/nigeria-un-avion-vole-retrouve-cache-au-maroc\/183964\/"},"wordCount":155,"commentCount":0,"publisher":{"@id":"https:\/\/www.webdo.tn\/fr\/#organization"},"image":{"@id":"https:\/\/www.webdo.tn\/fr\/actualite\/international\/nigeria-un-avion-vole-retrouve-cache-au-maroc\/183964\/#primaryimage"},"thumbnailUrl":"https:\/\/www.webdo.tn\/fr\/wp-content\/uploads\/2015\/09\/avion_cache-300x168-1.jpeg","articleSection":["International"],"inLanguage":"fr-FR"},{"@type":"WebPage","@id":"https:\/\/www.webdo.tn\/fr\/actualite\/international\/nigeria-un-avion-vole-retrouve-cache-au-maroc\/183964\/","url":"https:\/\/www.webdo.tn\/fr\/actualite\/international\/nigeria-un-avion-vole-retrouve-cache-au-maroc\/183964\/","name":"Nigeria : Un avion \u00ab vol\u00e9 \u00bb retrouv\u00e9 cach\u00e9 au Maroc !","isPartOf":{"@id":"https:\/\/www.webdo.tn\/fr\/#website"},"primaryImageOfPage":{"@id":"https:\/\/www.webdo.tn\/fr\/actualite\/international\/nigeria-un-avion-vole-retrouve-cache-au-maroc\/183964\/#primaryimage"},"image":{"@id":"https:\/\/www.webdo.tn\/fr\/actualite\/international\/nigeria-un-avion-vole-retrouve-cache-au-maroc\/183964\/#primaryimage"},"thumbnailUrl":"https:\/\/www.webdo.tn\/fr\/wp-content\/uploads\/2015\/09\/avion_cache-300x168-1.jpeg","datePublished":"2015-09-08T15:10:00+00:00","dateModified":"2025-05-22T12:51:06+00:00","description":"Nigeria : Un avion \u00ab vol\u00e9 \u00bb retrouv\u00e9 cach\u00e9 au Maroc !","breadcrumb":{"@id":"https:\/\/www.webdo.tn\/fr\/actualite\/international\/nigeria-un-avion-vole-retrouve-cache-au-maroc\/183964\/#breadcrumb"},"inLanguage":"fr-FR","potentialAction":[{"@type":"ReadAction","target":["https:\/\/www.webdo.tn\/fr\/actualite\/international\/nigeria-un-avion-vole-retrouve-cache-au-maroc\/183964\/"]}]},{"@type":"ImageObject","inLanguage":"fr-FR","@id":"https:\/\/www.webdo.tn\/fr\/actualite\/international\/nigeria-un-avion-vole-retrouve-cache-au-maroc\/183964\/#primaryimage","url":"https:\/\/www.webdo.tn\/fr\/wp-content\/uploads\/2015\/09\/avion_cache-300x168-1.jpeg","contentUrl":"https:\/\/www.webdo.tn\/fr\/wp-content\/uploads\/2015\/09\/avion_cache-300x168-1.jpeg","width":300,"height":168,"caption":"Nigeria : Un avion \u00ab vol\u00e9 \u00bb retrouv\u00e9 cach\u00e9 au Maroc !"},{"@type":"BreadcrumbList","@id":"https:\/\/www.webdo.tn\/fr\/actualite\/international\/nigeria-un-avion-vole-retrouve-cache-au-maroc\/183964\/#breadcrumb","itemListElement":[{"@type":"ListItem","position":1,"name":"Accueil","item":"https:\/\/www.webdo.tn\/fr\/"},{"@type":"ListItem","position":2,"name":"Nigeria : Un avion \u00ab vol\u00e9 \u00bb retrouv\u00e9 cach\u00e9 au Maroc !"}]},{"@type":"WebSite","@id":"https:\/\/www.webdo.tn\/fr\/#website","url":"https:\/\/www.webdo.tn\/fr\/","name":"webdo","description":"Tunisie - News en Tunisie et \u00e0 l&#039;international sur Webdo.tn","publisher":{"@id":"https:\/\/www.webdo.tn\/fr\/#organization"},"potentialAction":[{"@type":"SearchAction","target":{"@type":"EntryPoint","urlTemplate":"https:\/\/www.webdo.tn\/fr\/?s={search_term_string}"},"query-input":{"@type":"PropertyValueSpecification","valueRequired":true,"valueName":"search_term_string"}}],"inLanguage":"fr-FR"},{"@type":"Organization","@id":"https:\/\/www.webdo.tn\/fr\/#organization","name":"Webdo","alternateName":"Webdo.tn","url":"https:\/\/www.webdo.tn\/fr\/","logo":{"@type":"ImageObject","inLanguage":"fr-FR","@id":"https:\/\/www.webdo.tn\/fr\/#\/schema\/logo\/image\/","url":"https:\/\/www.webdo.tn\/fr\/wp-content\/uploads\/2025\/06\/Webdo-Tunisie_168377.jpg","contentUrl":"https:\/\/www.webdo.tn\/fr\/wp-content\/uploads\/2025\/06\/Webdo-Tunisie_168377.jpg","width":301,"height":301,"caption":"Webdo"},"image":{"@id":"https:\/\/www.webdo.tn\/fr\/#\/schema\/logo\/image\/"},"sameAs":["https:\/\/www.facebook.com\/webdotn","https:\/\/x.com\/webdo_tn"],"description":"Webdo est un m\u00e9dia num\u00e9rique tunisien fond\u00e9 en 2010, sp\u00e9cialis\u00e9 dans l\u2019actualit\u00e9 nationale et internationale, l\u2019\u00e9conomie, la soci\u00e9t\u00e9 et les analyses politiques. Le site s\u2019adresse \u00e0 un large public francophone et couvre l\u2019information tunisienne en temps r\u00e9el.","email":"redac@webdo.tn","legalName":"YNJ SARL","foundingDate":"2010-09-06","numberOfEmployees":{"@type":"QuantitativeValue","minValue":"11","maxValue":"50"}},{"@type":"Person","@id":"https:\/\/www.webdo.tn\/fr\/#\/schema\/person\/9a9c6118d687c117df8ef3cc36a4d175","name":"webdo.tn","image":{"@type":"ImageObject","inLanguage":"fr-FR","@id":"https:\/\/secure.gravatar.com\/avatar\/7ce1f28c0c3bbac99ff550b85ef8e44a6950c6ee24514fb6a5489e51d06f0298?s=96&d=mm&r=g","url":"https:\/\/secure.gravatar.com\/avatar\/7ce1f28c0c3bbac99ff550b85ef8e44a6950c6ee24514fb6a5489e51d06f0298?s=96&d=mm&r=g","contentUrl":"https:\/\/secure.gravatar.com\/avatar\/7ce1f28c0c3bbac99ff550b85ef8e44a6950c6ee24514fb6a5489e51d06f0298?s=96&d=mm&r=g","caption":"webdo.tn"},"url":"https:\/\/www.webdo.tn\/fr\/actualite\/author\/webdotn\/"}]}},"_links":{"self":[{"href":"https:\/\/www.webdo.tn\/fr\/wp-json\/wp\/v2\/posts\/183964","targetHints":{"allow":["GET"]}}],"collection":[{"href":"https:\/\/www.webdo.tn\/fr\/wp-json\/wp\/v2\/posts"}],"about":[{"href":"https:\/\/www.webdo.tn\/fr\/wp-json\/wp\/v2\/types\/post"}],"author":[{"embeddable":true,"href":"https:\/\/www.webdo.tn\/fr\/wp-json\/wp\/v2\/users\/3222"}],"replies":[{"embeddable":true,"href":"https:\/\/www.webdo.tn\/fr\/wp-json\/wp\/v2\/comments?post=183964"}],"version-history":[{"count":0,"href":"https:\/\/www.webdo.tn\/fr\/wp-json\/wp\/v2\/posts\/183964\/revisions"}],"wp:featuredmedia":[{"embeddable":true,"href":"https:\/\/www.webdo.tn\/fr\/wp-json\/wp\/v2\/media\/351787"}],"wp:attachment":[{"href":"https:\/\/www.webdo.tn\/fr\/wp-json\/wp\/v2\/media?parent=183964"}],"wp:term":[{"taxonomy":"category","embeddable":true,"href":"https:\/\/www.webdo.tn\/fr\/wp-json\/wp\/v2\/categories?post=183964"},{"taxonomy":"post_tag","embeddable":true,"href":"https:\/\/www.webdo.tn\/fr\/wp-json\/wp\/v2\/tags?post=183964"}],"curies":[{"name":"wp","href":"https:\/\/api.w.org\/{rel}","templated":true}]}}