{"id":183963,"date":"2015-09-08T21:44:00","date_gmt":"2015-09-08T21:44:00","guid":{"rendered":"https:\/\/www.webdo.tn\/fr\/blog\/selon-david-cameron-un-attentat-contre-la-reine-elizabeth-ii-a-ete-dejoue\/183963\/"},"modified":"2015-09-08T21:44:00","modified_gmt":"2015-09-08T21:44:00","slug":"selon-david-cameron-un-attentat-contre-la-reine-elizabeth-ii-a-ete-dejoue","status":"publish","type":"post","link":"https:\/\/www.webdo.tn\/fr\/actualite\/international\/selon-david-cameron-un-attentat-contre-la-reine-elizabeth-ii-a-ete-dejoue\/183963\/","title":{"rendered":"Selon David Cameron, un attentat contre la reine Elizabeth II a \u00e9t\u00e9 d\u00e9jou\u00e9"},"content":{"rendered":"<p>Devant le\u00a0parlement britannique, le Premier ministre David Cameron a r\u00e9v\u00e9l\u00e9 que le Royaume-Uni a men\u00e9 en ao\u00fbt dernier une frappe en Syrie avec l&rsquo;objectif de tuer deux terroristes de l\u2019Etat Islamique (EI), qui mena\u00e7aient la\u00a0Grande-Bretagne.<\/p>\n<p>Reyaad Khan et Ruhul Amin, citoyens britanniques, auraient \u00e9t\u00e9 en train\u00a0de pr\u00e9parer des attentats sur le sol de la Grande-Bretagne dont un aurait vis\u00e9\u00a0directement la reine Elizabeth II.<\/p>\n<p>Le quotidien Daily Telegraph a donn\u00e9 encore plus de pr\u00e9cisions,\u00a0indiquant que Reyaad Khan planifiait un attentat pour\u00a0les c\u00e9r\u00e9monies de comm\u00e9moration de la fin de la seconde guerre mondiale, auxquelles ont assist\u00e9 en ao\u00fbt la reine Elizabeth II et David Cameron.<\/p>\n<p>\u00ab Aujourd&rsquo;hui, je peux vous affirmer que Reyaad Khan a \u00e9t\u00e9 tu\u00e9 lors d&rsquo;une frappe m\u00e9ticuleusement pr\u00e9par\u00e9e et men\u00e9e par un drone de la Royal Air Force le 21 ao\u00fbt alors qu&rsquo;il se trouvait dans un v\u00e9hicule dans la r\u00e9gion de Raqqa \u00bb,\u00a0a d\u00e9clar\u00e9 David Cameron au Daily T\u00e9l\u00e9graph.<\/p>\n<p>Ces frappes men\u00e9es par la Royal Air Force n\u2019\u00e9taient pas autoris\u00e9es par le Parlement mais selon Cameron, son gouvernement n\u2019avait pas le choix, il a fallu intervenir \u00e0 temps pour emp\u00eacher les deux terroristes de passer \u00e0 l\u2019action.<br \/>\n\u00ab Cette ann\u00e9e, il y a d\u00e9j\u00e0 eu 150 attaques terroristes de l&rsquo;EI, y compris la trag\u00e9die en Tunisie. Au Royaume-Uni, six tentatives d&rsquo;attentats ont \u00e9t\u00e9 d\u00e9jou\u00e9es rien qu&rsquo;au cours des 12 derniers mois. La menace est plus aigu\u00eb que jamais \u00bb.<br \/>\nA.A<\/p>\n","protected":false},"excerpt":{"rendered":"<p>Selon David Cameron, un attentat contre la reine Elizabeth II a \u00e9t\u00e9 d\u00e9jou\u00e9<\/p>\n","protected":false},"author":3222,"featured_media":336247,"comment_status":"open","ping_status":"closed","sticky":false,"template":"","format":"standard","meta":{"footnotes":""},"categories":[2598],"tags":[2600],"class_list":["post-183963","post","type-post","status-publish","format-standard","has-post-thumbnail","hentry","category-international","tag-guerre"],"yoast_head":"<!-- This site is optimized with the Yoast SEO Premium plugin v27.5 (Yoast SEO v27.5) - https:\/\/yoast.com\/product\/yoast-seo-premium-wordpress\/ -->\n<title>Selon David Cameron, un attentat contre la reine Elizabeth II a \u00e9t\u00e9 d\u00e9jou\u00e9<\/title>\n<meta name=\"description\" content=\"Selon David Cameron, un attentat contre la reine Elizabeth II a \u00e9t\u00e9 d\u00e9jou\u00e9\" \/>\n<link rel=\"canonical\" href=\"https:\/\/www.webdo.tn\/fr\/actualite\/international\/selon-david-cameron-un-attentat-contre-la-reine-elizabeth-ii-a-ete-dejoue\/183963\/\" \/>\n<meta property=\"og:locale\" content=\"fr_FR\" \/>\n<meta property=\"og:type\" content=\"article\" \/>\n<meta property=\"og:title\" content=\"Selon David Cameron, un attentat contre la reine Elizabeth II a \u00e9t\u00e9 d\u00e9jou\u00e9\" \/>\n<meta property=\"og:description\" content=\"Selon David Cameron, un attentat contre la reine Elizabeth II a \u00e9t\u00e9 d\u00e9jou\u00e9\" \/>\n<meta property=\"og:url\" content=\"https:\/\/www.webdo.tn\/fr\/actualite\/international\/selon-david-cameron-un-attentat-contre-la-reine-elizabeth-ii-a-ete-dejoue\/183963\/\" \/>\n<meta property=\"og:site_name\" content=\"webdo\" \/>\n<meta property=\"article:publisher\" content=\"https:\/\/www.facebook.com\/webdotn\" \/>\n<meta property=\"article:published_time\" content=\"2015-09-08T21:44:00+00:00\" \/>\n<meta property=\"og:image\" content=\"https:\/\/www.webdo.tn\/fr\/wp-content\/uploads\/2015\/09\/Cameron-300x194-1.jpg\" \/>\n\t<meta property=\"og:image:width\" content=\"300\" \/>\n\t<meta property=\"og:image:height\" content=\"194\" \/>\n\t<meta property=\"og:image:type\" content=\"image\/jpeg\" \/>\n<meta name=\"author\" content=\"webdo.tn\" \/>\n<meta name=\"twitter:card\" content=\"summary_large_image\" \/>\n<meta name=\"twitter:creator\" content=\"@webdo_tn\" \/>\n<meta name=\"twitter:site\" content=\"@webdo_tn\" \/>\n<meta name=\"twitter:label1\" content=\"\u00c9crit par\" \/>\n\t<meta name=\"twitter:data1\" content=\"webdo.tn\" \/>\n\t<meta name=\"twitter:label2\" content=\"Dur\u00e9e de lecture estim\u00e9e\" \/>\n\t<meta name=\"twitter:data2\" content=\"1 minute\" \/>\n<script type=\"application\/ld+json\" class=\"yoast-schema-graph\">{\"@context\":\"https:\\\/\\\/schema.org\",\"@graph\":[{\"@type\":\"NewsArticle\",\"@id\":\"https:\\\/\\\/www.webdo.tn\\\/fr\\\/actualite\\\/international\\\/selon-david-cameron-un-attentat-contre-la-reine-elizabeth-ii-a-ete-dejoue\\\/183963\\\/#article\",\"isPartOf\":{\"@id\":\"https:\\\/\\\/www.webdo.tn\\\/fr\\\/actualite\\\/international\\\/selon-david-cameron-un-attentat-contre-la-reine-elizabeth-ii-a-ete-dejoue\\\/183963\\\/\"},\"author\":{\"name\":\"webdo.tn\",\"@id\":\"https:\\\/\\\/www.webdo.tn\\\/fr\\\/#\\\/schema\\\/person\\\/9a9c6118d687c117df8ef3cc36a4d175\"},\"headline\":\"Selon David Cameron, un attentat contre la reine Elizabeth II a \u00e9t\u00e9 d\u00e9jou\u00e9\",\"datePublished\":\"2015-09-08T21:44:00+00:00\",\"mainEntityOfPage\":{\"@id\":\"https:\\\/\\\/www.webdo.tn\\\/fr\\\/actualite\\\/international\\\/selon-david-cameron-un-attentat-contre-la-reine-elizabeth-ii-a-ete-dejoue\\\/183963\\\/\"},\"wordCount\":285,\"commentCount\":0,\"publisher\":{\"@id\":\"https:\\\/\\\/www.webdo.tn\\\/fr\\\/#organization\"},\"image\":{\"@id\":\"https:\\\/\\\/www.webdo.tn\\\/fr\\\/actualite\\\/international\\\/selon-david-cameron-un-attentat-contre-la-reine-elizabeth-ii-a-ete-dejoue\\\/183963\\\/#primaryimage\"},\"thumbnailUrl\":\"https:\\\/\\\/www.webdo.tn\\\/fr\\\/wp-content\\\/uploads\\\/2015\\\/09\\\/Cameron-300x194-1.jpg\",\"keywords\":[\"guerre\"],\"articleSection\":[\"International\"],\"inLanguage\":\"fr-FR\"},{\"@type\":\"WebPage\",\"@id\":\"https:\\\/\\\/www.webdo.tn\\\/fr\\\/actualite\\\/international\\\/selon-david-cameron-un-attentat-contre-la-reine-elizabeth-ii-a-ete-dejoue\\\/183963\\\/\",\"url\":\"https:\\\/\\\/www.webdo.tn\\\/fr\\\/actualite\\\/international\\\/selon-david-cameron-un-attentat-contre-la-reine-elizabeth-ii-a-ete-dejoue\\\/183963\\\/\",\"name\":\"Selon David Cameron, un attentat contre la reine Elizabeth II a \u00e9t\u00e9 d\u00e9jou\u00e9\",\"isPartOf\":{\"@id\":\"https:\\\/\\\/www.webdo.tn\\\/fr\\\/#website\"},\"primaryImageOfPage\":{\"@id\":\"https:\\\/\\\/www.webdo.tn\\\/fr\\\/actualite\\\/international\\\/selon-david-cameron-un-attentat-contre-la-reine-elizabeth-ii-a-ete-dejoue\\\/183963\\\/#primaryimage\"},\"image\":{\"@id\":\"https:\\\/\\\/www.webdo.tn\\\/fr\\\/actualite\\\/international\\\/selon-david-cameron-un-attentat-contre-la-reine-elizabeth-ii-a-ete-dejoue\\\/183963\\\/#primaryimage\"},\"thumbnailUrl\":\"https:\\\/\\\/www.webdo.tn\\\/fr\\\/wp-content\\\/uploads\\\/2015\\\/09\\\/Cameron-300x194-1.jpg\",\"datePublished\":\"2015-09-08T21:44:00+00:00\",\"description\":\"Selon David Cameron, un attentat contre la reine Elizabeth II a \u00e9t\u00e9 d\u00e9jou\u00e9\",\"breadcrumb\":{\"@id\":\"https:\\\/\\\/www.webdo.tn\\\/fr\\\/actualite\\\/international\\\/selon-david-cameron-un-attentat-contre-la-reine-elizabeth-ii-a-ete-dejoue\\\/183963\\\/#breadcrumb\"},\"inLanguage\":\"fr-FR\",\"potentialAction\":[{\"@type\":\"ReadAction\",\"target\":[\"https:\\\/\\\/www.webdo.tn\\\/fr\\\/actualite\\\/international\\\/selon-david-cameron-un-attentat-contre-la-reine-elizabeth-ii-a-ete-dejoue\\\/183963\\\/\"]}]},{\"@type\":\"ImageObject\",\"inLanguage\":\"fr-FR\",\"@id\":\"https:\\\/\\\/www.webdo.tn\\\/fr\\\/actualite\\\/international\\\/selon-david-cameron-un-attentat-contre-la-reine-elizabeth-ii-a-ete-dejoue\\\/183963\\\/#primaryimage\",\"url\":\"https:\\\/\\\/www.webdo.tn\\\/fr\\\/wp-content\\\/uploads\\\/2015\\\/09\\\/Cameron-300x194-1.jpg\",\"contentUrl\":\"https:\\\/\\\/www.webdo.tn\\\/fr\\\/wp-content\\\/uploads\\\/2015\\\/09\\\/Cameron-300x194-1.jpg\",\"width\":300,\"height\":194,\"caption\":\"Selon David Cameron, un attentat contre la reine Elizabeth II a \u00e9t\u00e9 d\u00e9jou\u00e9\"},{\"@type\":\"BreadcrumbList\",\"@id\":\"https:\\\/\\\/www.webdo.tn\\\/fr\\\/actualite\\\/international\\\/selon-david-cameron-un-attentat-contre-la-reine-elizabeth-ii-a-ete-dejoue\\\/183963\\\/#breadcrumb\",\"itemListElement\":[{\"@type\":\"ListItem\",\"position\":1,\"name\":\"Accueil\",\"item\":\"https:\\\/\\\/www.webdo.tn\\\/fr\\\/\"},{\"@type\":\"ListItem\",\"position\":2,\"name\":\"Selon David Cameron, un attentat contre la reine Elizabeth II a \u00e9t\u00e9 d\u00e9jou\u00e9\"}]},{\"@type\":\"WebSite\",\"@id\":\"https:\\\/\\\/www.webdo.tn\\\/fr\\\/#website\",\"url\":\"https:\\\/\\\/www.webdo.tn\\\/fr\\\/\",\"name\":\"webdo\",\"description\":\"Tunisie - News en Tunisie et \u00e0 l&#039;international sur Webdo.tn\",\"publisher\":{\"@id\":\"https:\\\/\\\/www.webdo.tn\\\/fr\\\/#organization\"},\"potentialAction\":[{\"@type\":\"SearchAction\",\"target\":{\"@type\":\"EntryPoint\",\"urlTemplate\":\"https:\\\/\\\/www.webdo.tn\\\/fr\\\/?s={search_term_string}\"},\"query-input\":{\"@type\":\"PropertyValueSpecification\",\"valueRequired\":true,\"valueName\":\"search_term_string\"}}],\"inLanguage\":\"fr-FR\"},{\"@type\":\"Organization\",\"@id\":\"https:\\\/\\\/www.webdo.tn\\\/fr\\\/#organization\",\"name\":\"Webdo\",\"alternateName\":\"Webdo.tn\",\"url\":\"https:\\\/\\\/www.webdo.tn\\\/fr\\\/\",\"logo\":{\"@type\":\"ImageObject\",\"inLanguage\":\"fr-FR\",\"@id\":\"https:\\\/\\\/www.webdo.tn\\\/fr\\\/#\\\/schema\\\/logo\\\/image\\\/\",\"url\":\"https:\\\/\\\/www.webdo.tn\\\/fr\\\/wp-content\\\/uploads\\\/2025\\\/06\\\/Webdo-Tunisie_168377.jpg\",\"contentUrl\":\"https:\\\/\\\/www.webdo.tn\\\/fr\\\/wp-content\\\/uploads\\\/2025\\\/06\\\/Webdo-Tunisie_168377.jpg\",\"width\":301,\"height\":301,\"caption\":\"Webdo\"},\"image\":{\"@id\":\"https:\\\/\\\/www.webdo.tn\\\/fr\\\/#\\\/schema\\\/logo\\\/image\\\/\"},\"sameAs\":[\"https:\\\/\\\/www.facebook.com\\\/webdotn\",\"https:\\\/\\\/x.com\\\/webdo_tn\"],\"description\":\"Webdo est un m\u00e9dia num\u00e9rique tunisien fond\u00e9 en 2010, sp\u00e9cialis\u00e9 dans l\u2019actualit\u00e9 nationale et internationale, l\u2019\u00e9conomie, la soci\u00e9t\u00e9 et les analyses politiques. Le site s\u2019adresse \u00e0 un large public francophone et couvre l\u2019information tunisienne en temps r\u00e9el.\",\"email\":\"redac@webdo.tn\",\"legalName\":\"YNJ SARL\",\"foundingDate\":\"2010-09-06\",\"numberOfEmployees\":{\"@type\":\"QuantitativeValue\",\"minValue\":\"11\",\"maxValue\":\"50\"}},{\"@type\":\"Person\",\"@id\":\"https:\\\/\\\/www.webdo.tn\\\/fr\\\/#\\\/schema\\\/person\\\/9a9c6118d687c117df8ef3cc36a4d175\",\"name\":\"webdo.tn\",\"image\":{\"@type\":\"ImageObject\",\"inLanguage\":\"fr-FR\",\"@id\":\"https:\\\/\\\/secure.gravatar.com\\\/avatar\\\/7ce1f28c0c3bbac99ff550b85ef8e44a6950c6ee24514fb6a5489e51d06f0298?s=96&d=mm&r=g\",\"url\":\"https:\\\/\\\/secure.gravatar.com\\\/avatar\\\/7ce1f28c0c3bbac99ff550b85ef8e44a6950c6ee24514fb6a5489e51d06f0298?s=96&d=mm&r=g\",\"contentUrl\":\"https:\\\/\\\/secure.gravatar.com\\\/avatar\\\/7ce1f28c0c3bbac99ff550b85ef8e44a6950c6ee24514fb6a5489e51d06f0298?s=96&d=mm&r=g\",\"caption\":\"webdo.tn\"},\"url\":\"https:\\\/\\\/www.webdo.tn\\\/fr\\\/actualite\\\/author\\\/webdotn\\\/\"}]}<\/script>\n<!-- \/ Yoast SEO Premium plugin. -->","yoast_head_json":{"title":"Selon David Cameron, un attentat contre la reine Elizabeth II a \u00e9t\u00e9 d\u00e9jou\u00e9","description":"Selon David Cameron, un attentat contre la reine Elizabeth II a \u00e9t\u00e9 d\u00e9jou\u00e9","canonical":"https:\/\/www.webdo.tn\/fr\/actualite\/international\/selon-david-cameron-un-attentat-contre-la-reine-elizabeth-ii-a-ete-dejoue\/183963\/","og_locale":"fr_FR","og_type":"article","og_title":"Selon David Cameron, un attentat contre la reine Elizabeth II a \u00e9t\u00e9 d\u00e9jou\u00e9","og_description":"Selon David Cameron, un attentat contre la reine Elizabeth II a \u00e9t\u00e9 d\u00e9jou\u00e9","og_url":"https:\/\/www.webdo.tn\/fr\/actualite\/international\/selon-david-cameron-un-attentat-contre-la-reine-elizabeth-ii-a-ete-dejoue\/183963\/","og_site_name":"webdo","article_publisher":"https:\/\/www.facebook.com\/webdotn","article_published_time":"2015-09-08T21:44:00+00:00","og_image":[{"width":300,"height":194,"url":"https:\/\/www.webdo.tn\/fr\/wp-content\/uploads\/2015\/09\/Cameron-300x194-1.jpg","type":"image\/jpeg"}],"author":"webdo.tn","twitter_card":"summary_large_image","twitter_creator":"@webdo_tn","twitter_site":"@webdo_tn","twitter_misc":{"\u00c9crit par":"webdo.tn","Dur\u00e9e de lecture estim\u00e9e":"1 minute"},"schema":{"@context":"https:\/\/schema.org","@graph":[{"@type":"NewsArticle","@id":"https:\/\/www.webdo.tn\/fr\/actualite\/international\/selon-david-cameron-un-attentat-contre-la-reine-elizabeth-ii-a-ete-dejoue\/183963\/#article","isPartOf":{"@id":"https:\/\/www.webdo.tn\/fr\/actualite\/international\/selon-david-cameron-un-attentat-contre-la-reine-elizabeth-ii-a-ete-dejoue\/183963\/"},"author":{"name":"webdo.tn","@id":"https:\/\/www.webdo.tn\/fr\/#\/schema\/person\/9a9c6118d687c117df8ef3cc36a4d175"},"headline":"Selon David Cameron, un attentat contre la reine Elizabeth II a \u00e9t\u00e9 d\u00e9jou\u00e9","datePublished":"2015-09-08T21:44:00+00:00","mainEntityOfPage":{"@id":"https:\/\/www.webdo.tn\/fr\/actualite\/international\/selon-david-cameron-un-attentat-contre-la-reine-elizabeth-ii-a-ete-dejoue\/183963\/"},"wordCount":285,"commentCount":0,"publisher":{"@id":"https:\/\/www.webdo.tn\/fr\/#organization"},"image":{"@id":"https:\/\/www.webdo.tn\/fr\/actualite\/international\/selon-david-cameron-un-attentat-contre-la-reine-elizabeth-ii-a-ete-dejoue\/183963\/#primaryimage"},"thumbnailUrl":"https:\/\/www.webdo.tn\/fr\/wp-content\/uploads\/2015\/09\/Cameron-300x194-1.jpg","keywords":["guerre"],"articleSection":["International"],"inLanguage":"fr-FR"},{"@type":"WebPage","@id":"https:\/\/www.webdo.tn\/fr\/actualite\/international\/selon-david-cameron-un-attentat-contre-la-reine-elizabeth-ii-a-ete-dejoue\/183963\/","url":"https:\/\/www.webdo.tn\/fr\/actualite\/international\/selon-david-cameron-un-attentat-contre-la-reine-elizabeth-ii-a-ete-dejoue\/183963\/","name":"Selon David Cameron, un attentat contre la reine Elizabeth II a \u00e9t\u00e9 d\u00e9jou\u00e9","isPartOf":{"@id":"https:\/\/www.webdo.tn\/fr\/#website"},"primaryImageOfPage":{"@id":"https:\/\/www.webdo.tn\/fr\/actualite\/international\/selon-david-cameron-un-attentat-contre-la-reine-elizabeth-ii-a-ete-dejoue\/183963\/#primaryimage"},"image":{"@id":"https:\/\/www.webdo.tn\/fr\/actualite\/international\/selon-david-cameron-un-attentat-contre-la-reine-elizabeth-ii-a-ete-dejoue\/183963\/#primaryimage"},"thumbnailUrl":"https:\/\/www.webdo.tn\/fr\/wp-content\/uploads\/2015\/09\/Cameron-300x194-1.jpg","datePublished":"2015-09-08T21:44:00+00:00","description":"Selon David Cameron, un attentat contre la reine Elizabeth II a \u00e9t\u00e9 d\u00e9jou\u00e9","breadcrumb":{"@id":"https:\/\/www.webdo.tn\/fr\/actualite\/international\/selon-david-cameron-un-attentat-contre-la-reine-elizabeth-ii-a-ete-dejoue\/183963\/#breadcrumb"},"inLanguage":"fr-FR","potentialAction":[{"@type":"ReadAction","target":["https:\/\/www.webdo.tn\/fr\/actualite\/international\/selon-david-cameron-un-attentat-contre-la-reine-elizabeth-ii-a-ete-dejoue\/183963\/"]}]},{"@type":"ImageObject","inLanguage":"fr-FR","@id":"https:\/\/www.webdo.tn\/fr\/actualite\/international\/selon-david-cameron-un-attentat-contre-la-reine-elizabeth-ii-a-ete-dejoue\/183963\/#primaryimage","url":"https:\/\/www.webdo.tn\/fr\/wp-content\/uploads\/2015\/09\/Cameron-300x194-1.jpg","contentUrl":"https:\/\/www.webdo.tn\/fr\/wp-content\/uploads\/2015\/09\/Cameron-300x194-1.jpg","width":300,"height":194,"caption":"Selon David Cameron, un attentat contre la reine Elizabeth II a \u00e9t\u00e9 d\u00e9jou\u00e9"},{"@type":"BreadcrumbList","@id":"https:\/\/www.webdo.tn\/fr\/actualite\/international\/selon-david-cameron-un-attentat-contre-la-reine-elizabeth-ii-a-ete-dejoue\/183963\/#breadcrumb","itemListElement":[{"@type":"ListItem","position":1,"name":"Accueil","item":"https:\/\/www.webdo.tn\/fr\/"},{"@type":"ListItem","position":2,"name":"Selon David Cameron, un attentat contre la reine Elizabeth II a \u00e9t\u00e9 d\u00e9jou\u00e9"}]},{"@type":"WebSite","@id":"https:\/\/www.webdo.tn\/fr\/#website","url":"https:\/\/www.webdo.tn\/fr\/","name":"webdo","description":"Tunisie - News en Tunisie et \u00e0 l&#039;international sur Webdo.tn","publisher":{"@id":"https:\/\/www.webdo.tn\/fr\/#organization"},"potentialAction":[{"@type":"SearchAction","target":{"@type":"EntryPoint","urlTemplate":"https:\/\/www.webdo.tn\/fr\/?s={search_term_string}"},"query-input":{"@type":"PropertyValueSpecification","valueRequired":true,"valueName":"search_term_string"}}],"inLanguage":"fr-FR"},{"@type":"Organization","@id":"https:\/\/www.webdo.tn\/fr\/#organization","name":"Webdo","alternateName":"Webdo.tn","url":"https:\/\/www.webdo.tn\/fr\/","logo":{"@type":"ImageObject","inLanguage":"fr-FR","@id":"https:\/\/www.webdo.tn\/fr\/#\/schema\/logo\/image\/","url":"https:\/\/www.webdo.tn\/fr\/wp-content\/uploads\/2025\/06\/Webdo-Tunisie_168377.jpg","contentUrl":"https:\/\/www.webdo.tn\/fr\/wp-content\/uploads\/2025\/06\/Webdo-Tunisie_168377.jpg","width":301,"height":301,"caption":"Webdo"},"image":{"@id":"https:\/\/www.webdo.tn\/fr\/#\/schema\/logo\/image\/"},"sameAs":["https:\/\/www.facebook.com\/webdotn","https:\/\/x.com\/webdo_tn"],"description":"Webdo est un m\u00e9dia num\u00e9rique tunisien fond\u00e9 en 2010, sp\u00e9cialis\u00e9 dans l\u2019actualit\u00e9 nationale et internationale, l\u2019\u00e9conomie, la soci\u00e9t\u00e9 et les analyses politiques. Le site s\u2019adresse \u00e0 un large public francophone et couvre l\u2019information tunisienne en temps r\u00e9el.","email":"redac@webdo.tn","legalName":"YNJ SARL","foundingDate":"2010-09-06","numberOfEmployees":{"@type":"QuantitativeValue","minValue":"11","maxValue":"50"}},{"@type":"Person","@id":"https:\/\/www.webdo.tn\/fr\/#\/schema\/person\/9a9c6118d687c117df8ef3cc36a4d175","name":"webdo.tn","image":{"@type":"ImageObject","inLanguage":"fr-FR","@id":"https:\/\/secure.gravatar.com\/avatar\/7ce1f28c0c3bbac99ff550b85ef8e44a6950c6ee24514fb6a5489e51d06f0298?s=96&d=mm&r=g","url":"https:\/\/secure.gravatar.com\/avatar\/7ce1f28c0c3bbac99ff550b85ef8e44a6950c6ee24514fb6a5489e51d06f0298?s=96&d=mm&r=g","contentUrl":"https:\/\/secure.gravatar.com\/avatar\/7ce1f28c0c3bbac99ff550b85ef8e44a6950c6ee24514fb6a5489e51d06f0298?s=96&d=mm&r=g","caption":"webdo.tn"},"url":"https:\/\/www.webdo.tn\/fr\/actualite\/author\/webdotn\/"}]}},"_links":{"self":[{"href":"https:\/\/www.webdo.tn\/fr\/wp-json\/wp\/v2\/posts\/183963","targetHints":{"allow":["GET"]}}],"collection":[{"href":"https:\/\/www.webdo.tn\/fr\/wp-json\/wp\/v2\/posts"}],"about":[{"href":"https:\/\/www.webdo.tn\/fr\/wp-json\/wp\/v2\/types\/post"}],"author":[{"embeddable":true,"href":"https:\/\/www.webdo.tn\/fr\/wp-json\/wp\/v2\/users\/3222"}],"replies":[{"embeddable":true,"href":"https:\/\/www.webdo.tn\/fr\/wp-json\/wp\/v2\/comments?post=183963"}],"version-history":[{"count":0,"href":"https:\/\/www.webdo.tn\/fr\/wp-json\/wp\/v2\/posts\/183963\/revisions"}],"wp:featuredmedia":[{"embeddable":true,"href":"https:\/\/www.webdo.tn\/fr\/wp-json\/wp\/v2\/media\/336247"}],"wp:attachment":[{"href":"https:\/\/www.webdo.tn\/fr\/wp-json\/wp\/v2\/media?parent=183963"}],"wp:term":[{"taxonomy":"category","embeddable":true,"href":"https:\/\/www.webdo.tn\/fr\/wp-json\/wp\/v2\/categories?post=183963"},{"taxonomy":"post_tag","embeddable":true,"href":"https:\/\/www.webdo.tn\/fr\/wp-json\/wp\/v2\/tags?post=183963"}],"curies":[{"name":"wp","href":"https:\/\/api.w.org\/{rel}","templated":true}]}}