{"id":183962,"date":"2015-09-09T16:16:00","date_gmt":"2015-09-09T16:16:00","guid":{"rendered":"https:\/\/www.webdo.tn\/fr\/actualite\/blog\/une-journaliste-licenciee-pour-avoir-donne-des-coups-de-pieds-a-des-migrants-fuyant-la-police\/183962\/"},"modified":"2025-05-22T12:50:53","modified_gmt":"2025-05-22T12:50:53","slug":"une-journaliste-licenciee-pour-avoir-donne-des-coups-de-pieds-a-des-migrants-fuyant-la-police","status":"publish","type":"post","link":"https:\/\/www.webdo.tn\/fr\/actualite\/international\/une-journaliste-licenciee-pour-avoir-donne-des-coups-de-pieds-a-des-migrants-fuyant-la-police\/183962\/","title":{"rendered":"Une journaliste licenci\u00e9e pour avoir donn\u00e9 des coups de pieds \u00e0 des migrants fuyant la police"},"content":{"rendered":"<p>Une journaliste de la t\u00e9l\u00e9vision hongroise, N1TV, Petra Laszlo, a \u00e9t\u00e9 licenci\u00e9e, mardi 8 septembre. Coupable d&rsquo;avoir agress\u00e9 des migrants, ses actes ont suscit\u00e9 l&rsquo;indignation.<\/p>\n<p>Alors que journalistes et cameramans \u00e9taient en train de couvrir l&rsquo;afflux de migrants fuyant un barrage policier \u00e0 Roszke, dans le sud de la Hongrie, la journaliste est apparue sur des images, qui ont inond\u00e9 les r\u00e9seaux sociaux, faisant un croche-pied \u00e0 un homme portant un enfant dans les bras pour le faire chuter lourdement et donnant des coups de pied \u00e0 des migrants, dont des enfants.<\/p>\n<p>\/\/ <\/p>\n<p>#Hungarian camerawoman filming police chase of refugees trips refugee<\/p>\n<p>Posted by Rudaw English on mardi 8 septembre 2015<\/p>\n<p>\u00a0<\/p>\n<p>Son attitude a \u00e9t\u00e9 \u00e9pingl\u00e9e sur les r\u00e9seaux sociaux ce qui a oblig\u00e9 la cha\u00eene N1TV \u00e0 r\u00e9agir en publiant un communiqu\u00e9 annon\u00e7ant que la journaliste avait \u00e9t\u00e9 renvoy\u00e9e, qualifiant ses actes \u00abd\u2019inacceptables\u00bb.<\/p>\n<p>Quand on voit #PetraLaszlo on se demande pourquoi la Hongrie construit des barri\u00e8res pour stopper les r\u00e9fugi\u00e9s. pic.twitter.com\/WbvYLNUfYX<br \/>\n\u2014 Le connard 2 service (@Fr3000000) 9 Septembre 2015<\/p>\n<p>\u00abUne coll\u00e8gue de N1TV s&rsquo;est comport\u00e9e aujourd&rsquo;hui de mani\u00e8re inacceptable au point de rassemblement \u00e0 Roszke\u00bb, indique le communiqu\u00e9 du r\u00e9dacteur en chef de N1TV, Szabolcs Kisberk post\u00e9 sur la page Facebook de la cha\u00eene.<br \/>\n[quote_box_center]\u00abLe contrat de travail de l&rsquo;op\u00e9ratrice a \u00e9t\u00e9 r\u00e9sili\u00e9 avec effet imm\u00e9diat aujourd&rsquo;hui, nous consid\u00e9rons l&rsquo;affaire comme close\u00bb, pr\u00e9cise le communiqu\u00e9.[\/quote_box_center]Les sc\u00e8nes se sont produites tandis que des centaines de migrants ont forc\u00e9 un cordon de la police hongroise pr\u00e8s de la fronti\u00e8re avec la Serbie, o\u00f9 des dizaines de milliers de personnes ont franchi la fronti\u00e8re ces derniers mois.<\/p>\n<p>Ces images ont \u00e9t\u00e9 diffus\u00e9es sur N1TV, une cha\u00eene en ligne, proche du parti d&rsquo;extr\u00eame-droite Jobbik.<br \/>\nM.C.<\/p>\n","protected":false},"excerpt":{"rendered":"<p>Une journaliste licenci\u00e9e pour avoir donn\u00e9 des coups de pieds \u00e0 des migrants fuyant la police<\/p>\n","protected":false},"author":3222,"featured_media":351773,"comment_status":"open","ping_status":"closed","sticky":false,"template":"","format":"standard","meta":{"footnotes":""},"categories":[2598],"tags":[],"class_list":["post-183962","post","type-post","status-publish","format-standard","has-post-thumbnail","hentry","category-international"],"yoast_head":"<!-- This site is optimized with the Yoast SEO Premium plugin v27.5 (Yoast SEO v27.5) - https:\/\/yoast.com\/product\/yoast-seo-premium-wordpress\/ -->\n<title>Une journaliste licenci\u00e9e pour avoir donn\u00e9 des coups de pieds \u00e0 des migrants fuyant la police<\/title>\n<meta name=\"description\" content=\"Une journaliste licenci\u00e9e pour avoir donn\u00e9 des coups de pieds \u00e0 des migrants fuyant la police\" \/>\n<link rel=\"canonical\" href=\"https:\/\/www.webdo.tn\/fr\/actualite\/international\/une-journaliste-licenciee-pour-avoir-donne-des-coups-de-pieds-a-des-migrants-fuyant-la-police\/183962\/\" \/>\n<meta property=\"og:locale\" content=\"fr_FR\" \/>\n<meta property=\"og:type\" content=\"article\" \/>\n<meta property=\"og:title\" content=\"Une journaliste licenci\u00e9e pour avoir donn\u00e9 des coups de pieds \u00e0 des migrants fuyant la police\" \/>\n<meta property=\"og:description\" content=\"Une journaliste licenci\u00e9e pour avoir donn\u00e9 des coups de pieds \u00e0 des migrants fuyant la police\" \/>\n<meta property=\"og:url\" content=\"https:\/\/www.webdo.tn\/fr\/actualite\/international\/une-journaliste-licenciee-pour-avoir-donne-des-coups-de-pieds-a-des-migrants-fuyant-la-police\/183962\/\" \/>\n<meta property=\"og:site_name\" content=\"webdo\" \/>\n<meta property=\"article:publisher\" content=\"https:\/\/www.facebook.com\/webdotn\" \/>\n<meta property=\"article:published_time\" content=\"2015-09-09T16:16:00+00:00\" \/>\n<meta property=\"article:modified_time\" content=\"2025-05-22T12:50:53+00:00\" \/>\n<meta property=\"og:image\" content=\"https:\/\/www.webdo.tn\/fr\/wp-content\/uploads\/2015\/09\/Petra-Laszlo1-150x150-1.jpg\" \/>\n\t<meta property=\"og:image:width\" content=\"150\" \/>\n\t<meta property=\"og:image:height\" content=\"150\" \/>\n\t<meta property=\"og:image:type\" content=\"image\/jpeg\" \/>\n<meta name=\"author\" content=\"webdo.tn\" \/>\n<meta name=\"twitter:card\" content=\"summary_large_image\" \/>\n<meta name=\"twitter:creator\" content=\"@webdo_tn\" \/>\n<meta name=\"twitter:site\" content=\"@webdo_tn\" \/>\n<meta name=\"twitter:label1\" content=\"\u00c9crit par\" \/>\n\t<meta name=\"twitter:data1\" content=\"webdo.tn\" \/>\n\t<meta name=\"twitter:label2\" content=\"Dur\u00e9e de lecture estim\u00e9e\" \/>\n\t<meta name=\"twitter:data2\" content=\"2 minutes\" \/>\n<script type=\"application\/ld+json\" class=\"yoast-schema-graph\">{\"@context\":\"https:\\\/\\\/schema.org\",\"@graph\":[{\"@type\":\"NewsArticle\",\"@id\":\"https:\\\/\\\/www.webdo.tn\\\/fr\\\/actualite\\\/international\\\/une-journaliste-licenciee-pour-avoir-donne-des-coups-de-pieds-a-des-migrants-fuyant-la-police\\\/183962\\\/#article\",\"isPartOf\":{\"@id\":\"https:\\\/\\\/www.webdo.tn\\\/fr\\\/actualite\\\/international\\\/une-journaliste-licenciee-pour-avoir-donne-des-coups-de-pieds-a-des-migrants-fuyant-la-police\\\/183962\\\/\"},\"author\":{\"name\":\"webdo.tn\",\"@id\":\"https:\\\/\\\/www.webdo.tn\\\/fr\\\/#\\\/schema\\\/person\\\/9a9c6118d687c117df8ef3cc36a4d175\"},\"headline\":\"Une journaliste licenci\u00e9e pour avoir donn\u00e9 des coups de pieds \u00e0 des migrants fuyant la police\",\"datePublished\":\"2015-09-09T16:16:00+00:00\",\"dateModified\":\"2025-05-22T12:50:53+00:00\",\"mainEntityOfPage\":{\"@id\":\"https:\\\/\\\/www.webdo.tn\\\/fr\\\/actualite\\\/international\\\/une-journaliste-licenciee-pour-avoir-donne-des-coups-de-pieds-a-des-migrants-fuyant-la-police\\\/183962\\\/\"},\"wordCount\":342,\"commentCount\":0,\"publisher\":{\"@id\":\"https:\\\/\\\/www.webdo.tn\\\/fr\\\/#organization\"},\"image\":{\"@id\":\"https:\\\/\\\/www.webdo.tn\\\/fr\\\/actualite\\\/international\\\/une-journaliste-licenciee-pour-avoir-donne-des-coups-de-pieds-a-des-migrants-fuyant-la-police\\\/183962\\\/#primaryimage\"},\"thumbnailUrl\":\"https:\\\/\\\/www.webdo.tn\\\/fr\\\/wp-content\\\/uploads\\\/2015\\\/09\\\/Petra-Laszlo1-150x150-1.jpg\",\"articleSection\":[\"International\"],\"inLanguage\":\"fr-FR\"},{\"@type\":\"WebPage\",\"@id\":\"https:\\\/\\\/www.webdo.tn\\\/fr\\\/actualite\\\/international\\\/une-journaliste-licenciee-pour-avoir-donne-des-coups-de-pieds-a-des-migrants-fuyant-la-police\\\/183962\\\/\",\"url\":\"https:\\\/\\\/www.webdo.tn\\\/fr\\\/actualite\\\/international\\\/une-journaliste-licenciee-pour-avoir-donne-des-coups-de-pieds-a-des-migrants-fuyant-la-police\\\/183962\\\/\",\"name\":\"Une journaliste licenci\u00e9e pour avoir donn\u00e9 des coups de pieds \u00e0 des migrants fuyant la police\",\"isPartOf\":{\"@id\":\"https:\\\/\\\/www.webdo.tn\\\/fr\\\/#website\"},\"primaryImageOfPage\":{\"@id\":\"https:\\\/\\\/www.webdo.tn\\\/fr\\\/actualite\\\/international\\\/une-journaliste-licenciee-pour-avoir-donne-des-coups-de-pieds-a-des-migrants-fuyant-la-police\\\/183962\\\/#primaryimage\"},\"image\":{\"@id\":\"https:\\\/\\\/www.webdo.tn\\\/fr\\\/actualite\\\/international\\\/une-journaliste-licenciee-pour-avoir-donne-des-coups-de-pieds-a-des-migrants-fuyant-la-police\\\/183962\\\/#primaryimage\"},\"thumbnailUrl\":\"https:\\\/\\\/www.webdo.tn\\\/fr\\\/wp-content\\\/uploads\\\/2015\\\/09\\\/Petra-Laszlo1-150x150-1.jpg\",\"datePublished\":\"2015-09-09T16:16:00+00:00\",\"dateModified\":\"2025-05-22T12:50:53+00:00\",\"description\":\"Une journaliste licenci\u00e9e pour avoir donn\u00e9 des coups de pieds \u00e0 des migrants fuyant la police\",\"breadcrumb\":{\"@id\":\"https:\\\/\\\/www.webdo.tn\\\/fr\\\/actualite\\\/international\\\/une-journaliste-licenciee-pour-avoir-donne-des-coups-de-pieds-a-des-migrants-fuyant-la-police\\\/183962\\\/#breadcrumb\"},\"inLanguage\":\"fr-FR\",\"potentialAction\":[{\"@type\":\"ReadAction\",\"target\":[\"https:\\\/\\\/www.webdo.tn\\\/fr\\\/actualite\\\/international\\\/une-journaliste-licenciee-pour-avoir-donne-des-coups-de-pieds-a-des-migrants-fuyant-la-police\\\/183962\\\/\"]}]},{\"@type\":\"ImageObject\",\"inLanguage\":\"fr-FR\",\"@id\":\"https:\\\/\\\/www.webdo.tn\\\/fr\\\/actualite\\\/international\\\/une-journaliste-licenciee-pour-avoir-donne-des-coups-de-pieds-a-des-migrants-fuyant-la-police\\\/183962\\\/#primaryimage\",\"url\":\"https:\\\/\\\/www.webdo.tn\\\/fr\\\/wp-content\\\/uploads\\\/2015\\\/09\\\/Petra-Laszlo1-150x150-1.jpg\",\"contentUrl\":\"https:\\\/\\\/www.webdo.tn\\\/fr\\\/wp-content\\\/uploads\\\/2015\\\/09\\\/Petra-Laszlo1-150x150-1.jpg\",\"width\":150,\"height\":150,\"caption\":\"Une journaliste licenci\u00e9e pour avoir donn\u00e9 des coups de pieds \u00e0 des migrants fuyant la police\"},{\"@type\":\"BreadcrumbList\",\"@id\":\"https:\\\/\\\/www.webdo.tn\\\/fr\\\/actualite\\\/international\\\/une-journaliste-licenciee-pour-avoir-donne-des-coups-de-pieds-a-des-migrants-fuyant-la-police\\\/183962\\\/#breadcrumb\",\"itemListElement\":[{\"@type\":\"ListItem\",\"position\":1,\"name\":\"Accueil\",\"item\":\"https:\\\/\\\/www.webdo.tn\\\/fr\\\/\"},{\"@type\":\"ListItem\",\"position\":2,\"name\":\"Une journaliste licenci\u00e9e pour avoir donn\u00e9 des coups de pieds \u00e0 des migrants fuyant la police\"}]},{\"@type\":\"WebSite\",\"@id\":\"https:\\\/\\\/www.webdo.tn\\\/fr\\\/#website\",\"url\":\"https:\\\/\\\/www.webdo.tn\\\/fr\\\/\",\"name\":\"webdo\",\"description\":\"Tunisie - News en Tunisie et \u00e0 l&#039;international sur Webdo.tn\",\"publisher\":{\"@id\":\"https:\\\/\\\/www.webdo.tn\\\/fr\\\/#organization\"},\"potentialAction\":[{\"@type\":\"SearchAction\",\"target\":{\"@type\":\"EntryPoint\",\"urlTemplate\":\"https:\\\/\\\/www.webdo.tn\\\/fr\\\/?s={search_term_string}\"},\"query-input\":{\"@type\":\"PropertyValueSpecification\",\"valueRequired\":true,\"valueName\":\"search_term_string\"}}],\"inLanguage\":\"fr-FR\"},{\"@type\":\"Organization\",\"@id\":\"https:\\\/\\\/www.webdo.tn\\\/fr\\\/#organization\",\"name\":\"Webdo\",\"alternateName\":\"Webdo.tn\",\"url\":\"https:\\\/\\\/www.webdo.tn\\\/fr\\\/\",\"logo\":{\"@type\":\"ImageObject\",\"inLanguage\":\"fr-FR\",\"@id\":\"https:\\\/\\\/www.webdo.tn\\\/fr\\\/#\\\/schema\\\/logo\\\/image\\\/\",\"url\":\"https:\\\/\\\/www.webdo.tn\\\/fr\\\/wp-content\\\/uploads\\\/2025\\\/06\\\/Webdo-Tunisie_168377.jpg\",\"contentUrl\":\"https:\\\/\\\/www.webdo.tn\\\/fr\\\/wp-content\\\/uploads\\\/2025\\\/06\\\/Webdo-Tunisie_168377.jpg\",\"width\":301,\"height\":301,\"caption\":\"Webdo\"},\"image\":{\"@id\":\"https:\\\/\\\/www.webdo.tn\\\/fr\\\/#\\\/schema\\\/logo\\\/image\\\/\"},\"sameAs\":[\"https:\\\/\\\/www.facebook.com\\\/webdotn\",\"https:\\\/\\\/x.com\\\/webdo_tn\"],\"description\":\"Webdo est un m\u00e9dia num\u00e9rique tunisien fond\u00e9 en 2010, sp\u00e9cialis\u00e9 dans l\u2019actualit\u00e9 nationale et internationale, l\u2019\u00e9conomie, la soci\u00e9t\u00e9 et les analyses politiques. Le site s\u2019adresse \u00e0 un large public francophone et couvre l\u2019information tunisienne en temps r\u00e9el.\",\"email\":\"redac@webdo.tn\",\"legalName\":\"YNJ SARL\",\"foundingDate\":\"2010-09-06\",\"numberOfEmployees\":{\"@type\":\"QuantitativeValue\",\"minValue\":\"11\",\"maxValue\":\"50\"}},{\"@type\":\"Person\",\"@id\":\"https:\\\/\\\/www.webdo.tn\\\/fr\\\/#\\\/schema\\\/person\\\/9a9c6118d687c117df8ef3cc36a4d175\",\"name\":\"webdo.tn\",\"image\":{\"@type\":\"ImageObject\",\"inLanguage\":\"fr-FR\",\"@id\":\"https:\\\/\\\/secure.gravatar.com\\\/avatar\\\/7ce1f28c0c3bbac99ff550b85ef8e44a6950c6ee24514fb6a5489e51d06f0298?s=96&d=mm&r=g\",\"url\":\"https:\\\/\\\/secure.gravatar.com\\\/avatar\\\/7ce1f28c0c3bbac99ff550b85ef8e44a6950c6ee24514fb6a5489e51d06f0298?s=96&d=mm&r=g\",\"contentUrl\":\"https:\\\/\\\/secure.gravatar.com\\\/avatar\\\/7ce1f28c0c3bbac99ff550b85ef8e44a6950c6ee24514fb6a5489e51d06f0298?s=96&d=mm&r=g\",\"caption\":\"webdo.tn\"},\"url\":\"https:\\\/\\\/www.webdo.tn\\\/fr\\\/actualite\\\/author\\\/webdotn\\\/\"}]}<\/script>\n<!-- \/ Yoast SEO Premium plugin. -->","yoast_head_json":{"title":"Une journaliste licenci\u00e9e pour avoir donn\u00e9 des coups de pieds \u00e0 des migrants fuyant la police","description":"Une journaliste licenci\u00e9e pour avoir donn\u00e9 des coups de pieds \u00e0 des migrants fuyant la police","canonical":"https:\/\/www.webdo.tn\/fr\/actualite\/international\/une-journaliste-licenciee-pour-avoir-donne-des-coups-de-pieds-a-des-migrants-fuyant-la-police\/183962\/","og_locale":"fr_FR","og_type":"article","og_title":"Une journaliste licenci\u00e9e pour avoir donn\u00e9 des coups de pieds \u00e0 des migrants fuyant la police","og_description":"Une journaliste licenci\u00e9e pour avoir donn\u00e9 des coups de pieds \u00e0 des migrants fuyant la police","og_url":"https:\/\/www.webdo.tn\/fr\/actualite\/international\/une-journaliste-licenciee-pour-avoir-donne-des-coups-de-pieds-a-des-migrants-fuyant-la-police\/183962\/","og_site_name":"webdo","article_publisher":"https:\/\/www.facebook.com\/webdotn","article_published_time":"2015-09-09T16:16:00+00:00","article_modified_time":"2025-05-22T12:50:53+00:00","og_image":[{"width":150,"height":150,"url":"https:\/\/www.webdo.tn\/fr\/wp-content\/uploads\/2015\/09\/Petra-Laszlo1-150x150-1.jpg","type":"image\/jpeg"}],"author":"webdo.tn","twitter_card":"summary_large_image","twitter_creator":"@webdo_tn","twitter_site":"@webdo_tn","twitter_misc":{"\u00c9crit par":"webdo.tn","Dur\u00e9e de lecture estim\u00e9e":"2 minutes"},"schema":{"@context":"https:\/\/schema.org","@graph":[{"@type":"NewsArticle","@id":"https:\/\/www.webdo.tn\/fr\/actualite\/international\/une-journaliste-licenciee-pour-avoir-donne-des-coups-de-pieds-a-des-migrants-fuyant-la-police\/183962\/#article","isPartOf":{"@id":"https:\/\/www.webdo.tn\/fr\/actualite\/international\/une-journaliste-licenciee-pour-avoir-donne-des-coups-de-pieds-a-des-migrants-fuyant-la-police\/183962\/"},"author":{"name":"webdo.tn","@id":"https:\/\/www.webdo.tn\/fr\/#\/schema\/person\/9a9c6118d687c117df8ef3cc36a4d175"},"headline":"Une journaliste licenci\u00e9e pour avoir donn\u00e9 des coups de pieds \u00e0 des migrants fuyant la police","datePublished":"2015-09-09T16:16:00+00:00","dateModified":"2025-05-22T12:50:53+00:00","mainEntityOfPage":{"@id":"https:\/\/www.webdo.tn\/fr\/actualite\/international\/une-journaliste-licenciee-pour-avoir-donne-des-coups-de-pieds-a-des-migrants-fuyant-la-police\/183962\/"},"wordCount":342,"commentCount":0,"publisher":{"@id":"https:\/\/www.webdo.tn\/fr\/#organization"},"image":{"@id":"https:\/\/www.webdo.tn\/fr\/actualite\/international\/une-journaliste-licenciee-pour-avoir-donne-des-coups-de-pieds-a-des-migrants-fuyant-la-police\/183962\/#primaryimage"},"thumbnailUrl":"https:\/\/www.webdo.tn\/fr\/wp-content\/uploads\/2015\/09\/Petra-Laszlo1-150x150-1.jpg","articleSection":["International"],"inLanguage":"fr-FR"},{"@type":"WebPage","@id":"https:\/\/www.webdo.tn\/fr\/actualite\/international\/une-journaliste-licenciee-pour-avoir-donne-des-coups-de-pieds-a-des-migrants-fuyant-la-police\/183962\/","url":"https:\/\/www.webdo.tn\/fr\/actualite\/international\/une-journaliste-licenciee-pour-avoir-donne-des-coups-de-pieds-a-des-migrants-fuyant-la-police\/183962\/","name":"Une journaliste licenci\u00e9e pour avoir donn\u00e9 des coups de pieds \u00e0 des migrants fuyant la police","isPartOf":{"@id":"https:\/\/www.webdo.tn\/fr\/#website"},"primaryImageOfPage":{"@id":"https:\/\/www.webdo.tn\/fr\/actualite\/international\/une-journaliste-licenciee-pour-avoir-donne-des-coups-de-pieds-a-des-migrants-fuyant-la-police\/183962\/#primaryimage"},"image":{"@id":"https:\/\/www.webdo.tn\/fr\/actualite\/international\/une-journaliste-licenciee-pour-avoir-donne-des-coups-de-pieds-a-des-migrants-fuyant-la-police\/183962\/#primaryimage"},"thumbnailUrl":"https:\/\/www.webdo.tn\/fr\/wp-content\/uploads\/2015\/09\/Petra-Laszlo1-150x150-1.jpg","datePublished":"2015-09-09T16:16:00+00:00","dateModified":"2025-05-22T12:50:53+00:00","description":"Une journaliste licenci\u00e9e pour avoir donn\u00e9 des coups de pieds \u00e0 des migrants fuyant la police","breadcrumb":{"@id":"https:\/\/www.webdo.tn\/fr\/actualite\/international\/une-journaliste-licenciee-pour-avoir-donne-des-coups-de-pieds-a-des-migrants-fuyant-la-police\/183962\/#breadcrumb"},"inLanguage":"fr-FR","potentialAction":[{"@type":"ReadAction","target":["https:\/\/www.webdo.tn\/fr\/actualite\/international\/une-journaliste-licenciee-pour-avoir-donne-des-coups-de-pieds-a-des-migrants-fuyant-la-police\/183962\/"]}]},{"@type":"ImageObject","inLanguage":"fr-FR","@id":"https:\/\/www.webdo.tn\/fr\/actualite\/international\/une-journaliste-licenciee-pour-avoir-donne-des-coups-de-pieds-a-des-migrants-fuyant-la-police\/183962\/#primaryimage","url":"https:\/\/www.webdo.tn\/fr\/wp-content\/uploads\/2015\/09\/Petra-Laszlo1-150x150-1.jpg","contentUrl":"https:\/\/www.webdo.tn\/fr\/wp-content\/uploads\/2015\/09\/Petra-Laszlo1-150x150-1.jpg","width":150,"height":150,"caption":"Une journaliste licenci\u00e9e pour avoir donn\u00e9 des coups de pieds \u00e0 des migrants fuyant la police"},{"@type":"BreadcrumbList","@id":"https:\/\/www.webdo.tn\/fr\/actualite\/international\/une-journaliste-licenciee-pour-avoir-donne-des-coups-de-pieds-a-des-migrants-fuyant-la-police\/183962\/#breadcrumb","itemListElement":[{"@type":"ListItem","position":1,"name":"Accueil","item":"https:\/\/www.webdo.tn\/fr\/"},{"@type":"ListItem","position":2,"name":"Une journaliste licenci\u00e9e pour avoir donn\u00e9 des coups de pieds \u00e0 des migrants fuyant la police"}]},{"@type":"WebSite","@id":"https:\/\/www.webdo.tn\/fr\/#website","url":"https:\/\/www.webdo.tn\/fr\/","name":"webdo","description":"Tunisie - News en Tunisie et \u00e0 l&#039;international sur Webdo.tn","publisher":{"@id":"https:\/\/www.webdo.tn\/fr\/#organization"},"potentialAction":[{"@type":"SearchAction","target":{"@type":"EntryPoint","urlTemplate":"https:\/\/www.webdo.tn\/fr\/?s={search_term_string}"},"query-input":{"@type":"PropertyValueSpecification","valueRequired":true,"valueName":"search_term_string"}}],"inLanguage":"fr-FR"},{"@type":"Organization","@id":"https:\/\/www.webdo.tn\/fr\/#organization","name":"Webdo","alternateName":"Webdo.tn","url":"https:\/\/www.webdo.tn\/fr\/","logo":{"@type":"ImageObject","inLanguage":"fr-FR","@id":"https:\/\/www.webdo.tn\/fr\/#\/schema\/logo\/image\/","url":"https:\/\/www.webdo.tn\/fr\/wp-content\/uploads\/2025\/06\/Webdo-Tunisie_168377.jpg","contentUrl":"https:\/\/www.webdo.tn\/fr\/wp-content\/uploads\/2025\/06\/Webdo-Tunisie_168377.jpg","width":301,"height":301,"caption":"Webdo"},"image":{"@id":"https:\/\/www.webdo.tn\/fr\/#\/schema\/logo\/image\/"},"sameAs":["https:\/\/www.facebook.com\/webdotn","https:\/\/x.com\/webdo_tn"],"description":"Webdo est un m\u00e9dia num\u00e9rique tunisien fond\u00e9 en 2010, sp\u00e9cialis\u00e9 dans l\u2019actualit\u00e9 nationale et internationale, l\u2019\u00e9conomie, la soci\u00e9t\u00e9 et les analyses politiques. Le site s\u2019adresse \u00e0 un large public francophone et couvre l\u2019information tunisienne en temps r\u00e9el.","email":"redac@webdo.tn","legalName":"YNJ SARL","foundingDate":"2010-09-06","numberOfEmployees":{"@type":"QuantitativeValue","minValue":"11","maxValue":"50"}},{"@type":"Person","@id":"https:\/\/www.webdo.tn\/fr\/#\/schema\/person\/9a9c6118d687c117df8ef3cc36a4d175","name":"webdo.tn","image":{"@type":"ImageObject","inLanguage":"fr-FR","@id":"https:\/\/secure.gravatar.com\/avatar\/7ce1f28c0c3bbac99ff550b85ef8e44a6950c6ee24514fb6a5489e51d06f0298?s=96&d=mm&r=g","url":"https:\/\/secure.gravatar.com\/avatar\/7ce1f28c0c3bbac99ff550b85ef8e44a6950c6ee24514fb6a5489e51d06f0298?s=96&d=mm&r=g","contentUrl":"https:\/\/secure.gravatar.com\/avatar\/7ce1f28c0c3bbac99ff550b85ef8e44a6950c6ee24514fb6a5489e51d06f0298?s=96&d=mm&r=g","caption":"webdo.tn"},"url":"https:\/\/www.webdo.tn\/fr\/actualite\/author\/webdotn\/"}]}},"_links":{"self":[{"href":"https:\/\/www.webdo.tn\/fr\/wp-json\/wp\/v2\/posts\/183962","targetHints":{"allow":["GET"]}}],"collection":[{"href":"https:\/\/www.webdo.tn\/fr\/wp-json\/wp\/v2\/posts"}],"about":[{"href":"https:\/\/www.webdo.tn\/fr\/wp-json\/wp\/v2\/types\/post"}],"author":[{"embeddable":true,"href":"https:\/\/www.webdo.tn\/fr\/wp-json\/wp\/v2\/users\/3222"}],"replies":[{"embeddable":true,"href":"https:\/\/www.webdo.tn\/fr\/wp-json\/wp\/v2\/comments?post=183962"}],"version-history":[{"count":0,"href":"https:\/\/www.webdo.tn\/fr\/wp-json\/wp\/v2\/posts\/183962\/revisions"}],"wp:featuredmedia":[{"embeddable":true,"href":"https:\/\/www.webdo.tn\/fr\/wp-json\/wp\/v2\/media\/351773"}],"wp:attachment":[{"href":"https:\/\/www.webdo.tn\/fr\/wp-json\/wp\/v2\/media?parent=183962"}],"wp:term":[{"taxonomy":"category","embeddable":true,"href":"https:\/\/www.webdo.tn\/fr\/wp-json\/wp\/v2\/categories?post=183962"},{"taxonomy":"post_tag","embeddable":true,"href":"https:\/\/www.webdo.tn\/fr\/wp-json\/wp\/v2\/tags?post=183962"}],"curies":[{"name":"wp","href":"https:\/\/api.w.org\/{rel}","templated":true}]}}