{"id":183960,"date":"2015-09-10T10:08:00","date_gmt":"2015-09-10T10:08:00","guid":{"rendered":"https:\/\/www.webdo.tn\/fr\/actualite\/blog\/etats-unis-arretee-avec-une-arme-dans-son-vagin\/183960\/"},"modified":"2025-05-22T12:50:52","modified_gmt":"2025-05-22T12:50:52","slug":"etats-unis-arretee-avec-une-arme-dans-son-vagin","status":"publish","type":"post","link":"https:\/\/www.webdo.tn\/fr\/actualite\/international\/etats-unis-arretee-avec-une-arme-dans-son-vagin\/183960\/","title":{"rendered":"Etats-Unis : Arr\u00eat\u00e9e avec une arme&#8230; dans son vagin"},"content":{"rendered":"<p>Des policiers de Waco (Texas) ont fait une d\u00e9couverte surprenante lors d&rsquo;un contr\u00f4le de routine. Ils arr\u00eatent Ashley Cecilia Castaneda, 31 ans, et d\u00e9couvrent qu&rsquo;elle cachait des m\u00e9thamph\u00e9tamines dans son portefeuille&#8230; Mais aussi une arme enfouie&#8230; dans son vagin.<\/p>\n<p>Ashley Cecilia Castaneda, a \u00e9t\u00e9 interpell\u00e9e pour possession de 30 grammes de m\u00e9thamph\u00e9tamines dans son portefeuille lundi 7 septembre. Alors qu&rsquo;elle est emmen\u00e9e au poste de police, elle avoue porter une arme d&rsquo;un calibre 22 de Smith &amp; Wesson, dans son bas ventre.<\/p>\n<p>Le pistolet mesure pr\u00e8s de 12 centim\u00e8tres et p\u00e8se 170 grammes. Il \u00e9tait charg\u00e9 et \u00abrempli de munitions\u00bb, a pr\u00e9cis\u00e9 la police de Waco dans un communiqu\u00e9 publi\u00e9 sur son compte Facebook.<br \/>\nA.B.<\/p>\n","protected":false},"excerpt":{"rendered":"<p>Etats-Unis : Arr\u00eat\u00e9e avec une arme&#8230; dans son vagin<\/p>\n","protected":false},"author":3222,"featured_media":351771,"comment_status":"open","ping_status":"closed","sticky":false,"template":"","format":"standard","meta":{"footnotes":""},"categories":[2598],"tags":[],"class_list":["post-183960","post","type-post","status-publish","format-standard","has-post-thumbnail","hentry","category-international"],"yoast_head":"<!-- This site is optimized with the Yoast SEO Premium plugin v27.5 (Yoast SEO v27.5) - https:\/\/yoast.com\/product\/yoast-seo-premium-wordpress\/ -->\n<title>Etats-Unis : Arr\u00eat\u00e9e avec une arme... dans son vagin<\/title>\n<meta name=\"description\" content=\"Etats-Unis : Arr\u00eat\u00e9e avec une arme... dans son vagin\" \/>\n<link rel=\"canonical\" href=\"https:\/\/www.webdo.tn\/fr\/actualite\/international\/etats-unis-arretee-avec-une-arme-dans-son-vagin\/183960\/\" \/>\n<meta property=\"og:locale\" content=\"fr_FR\" \/>\n<meta property=\"og:type\" content=\"article\" \/>\n<meta property=\"og:title\" content=\"Etats-Unis : Arr\u00eat\u00e9e avec une arme... dans son vagin\" \/>\n<meta property=\"og:description\" content=\"Etats-Unis : Arr\u00eat\u00e9e avec une arme... dans son vagin\" \/>\n<meta property=\"og:url\" content=\"https:\/\/www.webdo.tn\/fr\/actualite\/international\/etats-unis-arretee-avec-une-arme-dans-son-vagin\/183960\/\" \/>\n<meta property=\"og:site_name\" content=\"webdo\" \/>\n<meta property=\"article:publisher\" content=\"https:\/\/www.facebook.com\/webdotn\" \/>\n<meta property=\"article:published_time\" content=\"2015-09-10T10:08:00+00:00\" \/>\n<meta property=\"article:modified_time\" content=\"2025-05-22T12:50:52+00:00\" \/>\n<meta property=\"og:image\" content=\"https:\/\/www.webdo.tn\/fr\/wp-content\/uploads\/2015\/09\/Ashley-Cecilia-Castaneda-FacebookWaco-Police-Texas-Department-240x300-1.jpg\" \/>\n\t<meta property=\"og:image:width\" content=\"240\" \/>\n\t<meta property=\"og:image:height\" content=\"300\" \/>\n\t<meta property=\"og:image:type\" content=\"image\/jpeg\" \/>\n<meta name=\"author\" content=\"webdo.tn\" \/>\n<meta name=\"twitter:card\" content=\"summary_large_image\" \/>\n<meta name=\"twitter:creator\" content=\"@webdo_tn\" \/>\n<meta name=\"twitter:site\" content=\"@webdo_tn\" \/>\n<meta name=\"twitter:label1\" content=\"\u00c9crit par\" \/>\n\t<meta name=\"twitter:data1\" content=\"webdo.tn\" \/>\n\t<meta name=\"twitter:label2\" content=\"Dur\u00e9e de lecture estim\u00e9e\" \/>\n\t<meta name=\"twitter:data2\" content=\"1 minute\" \/>\n<script type=\"application\/ld+json\" class=\"yoast-schema-graph\">{\"@context\":\"https:\\\/\\\/schema.org\",\"@graph\":[{\"@type\":\"NewsArticle\",\"@id\":\"https:\\\/\\\/www.webdo.tn\\\/fr\\\/actualite\\\/international\\\/etats-unis-arretee-avec-une-arme-dans-son-vagin\\\/183960\\\/#article\",\"isPartOf\":{\"@id\":\"https:\\\/\\\/www.webdo.tn\\\/fr\\\/actualite\\\/international\\\/etats-unis-arretee-avec-une-arme-dans-son-vagin\\\/183960\\\/\"},\"author\":{\"name\":\"webdo.tn\",\"@id\":\"https:\\\/\\\/www.webdo.tn\\\/fr\\\/#\\\/schema\\\/person\\\/9a9c6118d687c117df8ef3cc36a4d175\"},\"headline\":\"Etats-Unis : Arr\u00eat\u00e9e avec une arme&#8230; dans son vagin\",\"datePublished\":\"2015-09-10T10:08:00+00:00\",\"dateModified\":\"2025-05-22T12:50:52+00:00\",\"mainEntityOfPage\":{\"@id\":\"https:\\\/\\\/www.webdo.tn\\\/fr\\\/actualite\\\/international\\\/etats-unis-arretee-avec-une-arme-dans-son-vagin\\\/183960\\\/\"},\"wordCount\":138,\"commentCount\":0,\"publisher\":{\"@id\":\"https:\\\/\\\/www.webdo.tn\\\/fr\\\/#organization\"},\"image\":{\"@id\":\"https:\\\/\\\/www.webdo.tn\\\/fr\\\/actualite\\\/international\\\/etats-unis-arretee-avec-une-arme-dans-son-vagin\\\/183960\\\/#primaryimage\"},\"thumbnailUrl\":\"https:\\\/\\\/www.webdo.tn\\\/fr\\\/wp-content\\\/uploads\\\/2015\\\/09\\\/Ashley-Cecilia-Castaneda-FacebookWaco-Police-Texas-Department-240x300-1.jpg\",\"articleSection\":[\"International\"],\"inLanguage\":\"fr-FR\"},{\"@type\":\"WebPage\",\"@id\":\"https:\\\/\\\/www.webdo.tn\\\/fr\\\/actualite\\\/international\\\/etats-unis-arretee-avec-une-arme-dans-son-vagin\\\/183960\\\/\",\"url\":\"https:\\\/\\\/www.webdo.tn\\\/fr\\\/actualite\\\/international\\\/etats-unis-arretee-avec-une-arme-dans-son-vagin\\\/183960\\\/\",\"name\":\"Etats-Unis : Arr\u00eat\u00e9e avec une arme... dans son vagin\",\"isPartOf\":{\"@id\":\"https:\\\/\\\/www.webdo.tn\\\/fr\\\/#website\"},\"primaryImageOfPage\":{\"@id\":\"https:\\\/\\\/www.webdo.tn\\\/fr\\\/actualite\\\/international\\\/etats-unis-arretee-avec-une-arme-dans-son-vagin\\\/183960\\\/#primaryimage\"},\"image\":{\"@id\":\"https:\\\/\\\/www.webdo.tn\\\/fr\\\/actualite\\\/international\\\/etats-unis-arretee-avec-une-arme-dans-son-vagin\\\/183960\\\/#primaryimage\"},\"thumbnailUrl\":\"https:\\\/\\\/www.webdo.tn\\\/fr\\\/wp-content\\\/uploads\\\/2015\\\/09\\\/Ashley-Cecilia-Castaneda-FacebookWaco-Police-Texas-Department-240x300-1.jpg\",\"datePublished\":\"2015-09-10T10:08:00+00:00\",\"dateModified\":\"2025-05-22T12:50:52+00:00\",\"description\":\"Etats-Unis : Arr\u00eat\u00e9e avec une arme... dans son vagin\",\"breadcrumb\":{\"@id\":\"https:\\\/\\\/www.webdo.tn\\\/fr\\\/actualite\\\/international\\\/etats-unis-arretee-avec-une-arme-dans-son-vagin\\\/183960\\\/#breadcrumb\"},\"inLanguage\":\"fr-FR\",\"potentialAction\":[{\"@type\":\"ReadAction\",\"target\":[\"https:\\\/\\\/www.webdo.tn\\\/fr\\\/actualite\\\/international\\\/etats-unis-arretee-avec-une-arme-dans-son-vagin\\\/183960\\\/\"]}]},{\"@type\":\"ImageObject\",\"inLanguage\":\"fr-FR\",\"@id\":\"https:\\\/\\\/www.webdo.tn\\\/fr\\\/actualite\\\/international\\\/etats-unis-arretee-avec-une-arme-dans-son-vagin\\\/183960\\\/#primaryimage\",\"url\":\"https:\\\/\\\/www.webdo.tn\\\/fr\\\/wp-content\\\/uploads\\\/2015\\\/09\\\/Ashley-Cecilia-Castaneda-FacebookWaco-Police-Texas-Department-240x300-1.jpg\",\"contentUrl\":\"https:\\\/\\\/www.webdo.tn\\\/fr\\\/wp-content\\\/uploads\\\/2015\\\/09\\\/Ashley-Cecilia-Castaneda-FacebookWaco-Police-Texas-Department-240x300-1.jpg\",\"width\":240,\"height\":300,\"caption\":\"Etats-Unis : Arr\u00eat\u00e9e avec une arme... dans son vagin\"},{\"@type\":\"BreadcrumbList\",\"@id\":\"https:\\\/\\\/www.webdo.tn\\\/fr\\\/actualite\\\/international\\\/etats-unis-arretee-avec-une-arme-dans-son-vagin\\\/183960\\\/#breadcrumb\",\"itemListElement\":[{\"@type\":\"ListItem\",\"position\":1,\"name\":\"Accueil\",\"item\":\"https:\\\/\\\/www.webdo.tn\\\/fr\\\/\"},{\"@type\":\"ListItem\",\"position\":2,\"name\":\"Etats-Unis : Arr\u00eat\u00e9e avec une arme&#8230; dans son vagin\"}]},{\"@type\":\"WebSite\",\"@id\":\"https:\\\/\\\/www.webdo.tn\\\/fr\\\/#website\",\"url\":\"https:\\\/\\\/www.webdo.tn\\\/fr\\\/\",\"name\":\"webdo\",\"description\":\"Tunisie - News en Tunisie et \u00e0 l&#039;international sur Webdo.tn\",\"publisher\":{\"@id\":\"https:\\\/\\\/www.webdo.tn\\\/fr\\\/#organization\"},\"potentialAction\":[{\"@type\":\"SearchAction\",\"target\":{\"@type\":\"EntryPoint\",\"urlTemplate\":\"https:\\\/\\\/www.webdo.tn\\\/fr\\\/?s={search_term_string}\"},\"query-input\":{\"@type\":\"PropertyValueSpecification\",\"valueRequired\":true,\"valueName\":\"search_term_string\"}}],\"inLanguage\":\"fr-FR\"},{\"@type\":\"Organization\",\"@id\":\"https:\\\/\\\/www.webdo.tn\\\/fr\\\/#organization\",\"name\":\"Webdo\",\"alternateName\":\"Webdo.tn\",\"url\":\"https:\\\/\\\/www.webdo.tn\\\/fr\\\/\",\"logo\":{\"@type\":\"ImageObject\",\"inLanguage\":\"fr-FR\",\"@id\":\"https:\\\/\\\/www.webdo.tn\\\/fr\\\/#\\\/schema\\\/logo\\\/image\\\/\",\"url\":\"https:\\\/\\\/www.webdo.tn\\\/fr\\\/wp-content\\\/uploads\\\/2025\\\/06\\\/Webdo-Tunisie_168377.jpg\",\"contentUrl\":\"https:\\\/\\\/www.webdo.tn\\\/fr\\\/wp-content\\\/uploads\\\/2025\\\/06\\\/Webdo-Tunisie_168377.jpg\",\"width\":301,\"height\":301,\"caption\":\"Webdo\"},\"image\":{\"@id\":\"https:\\\/\\\/www.webdo.tn\\\/fr\\\/#\\\/schema\\\/logo\\\/image\\\/\"},\"sameAs\":[\"https:\\\/\\\/www.facebook.com\\\/webdotn\",\"https:\\\/\\\/x.com\\\/webdo_tn\"],\"description\":\"Webdo est un m\u00e9dia num\u00e9rique tunisien fond\u00e9 en 2010, sp\u00e9cialis\u00e9 dans l\u2019actualit\u00e9 nationale et internationale, l\u2019\u00e9conomie, la soci\u00e9t\u00e9 et les analyses politiques. Le site s\u2019adresse \u00e0 un large public francophone et couvre l\u2019information tunisienne en temps r\u00e9el.\",\"email\":\"redac@webdo.tn\",\"legalName\":\"YNJ SARL\",\"foundingDate\":\"2010-09-06\",\"numberOfEmployees\":{\"@type\":\"QuantitativeValue\",\"minValue\":\"11\",\"maxValue\":\"50\"}},{\"@type\":\"Person\",\"@id\":\"https:\\\/\\\/www.webdo.tn\\\/fr\\\/#\\\/schema\\\/person\\\/9a9c6118d687c117df8ef3cc36a4d175\",\"name\":\"webdo.tn\",\"image\":{\"@type\":\"ImageObject\",\"inLanguage\":\"fr-FR\",\"@id\":\"https:\\\/\\\/secure.gravatar.com\\\/avatar\\\/7ce1f28c0c3bbac99ff550b85ef8e44a6950c6ee24514fb6a5489e51d06f0298?s=96&d=mm&r=g\",\"url\":\"https:\\\/\\\/secure.gravatar.com\\\/avatar\\\/7ce1f28c0c3bbac99ff550b85ef8e44a6950c6ee24514fb6a5489e51d06f0298?s=96&d=mm&r=g\",\"contentUrl\":\"https:\\\/\\\/secure.gravatar.com\\\/avatar\\\/7ce1f28c0c3bbac99ff550b85ef8e44a6950c6ee24514fb6a5489e51d06f0298?s=96&d=mm&r=g\",\"caption\":\"webdo.tn\"},\"url\":\"https:\\\/\\\/www.webdo.tn\\\/fr\\\/actualite\\\/author\\\/webdotn\\\/\"}]}<\/script>\n<!-- \/ Yoast SEO Premium plugin. -->","yoast_head_json":{"title":"Etats-Unis : Arr\u00eat\u00e9e avec une arme... dans son vagin","description":"Etats-Unis : Arr\u00eat\u00e9e avec une arme... dans son vagin","canonical":"https:\/\/www.webdo.tn\/fr\/actualite\/international\/etats-unis-arretee-avec-une-arme-dans-son-vagin\/183960\/","og_locale":"fr_FR","og_type":"article","og_title":"Etats-Unis : Arr\u00eat\u00e9e avec une arme... dans son vagin","og_description":"Etats-Unis : Arr\u00eat\u00e9e avec une arme... dans son vagin","og_url":"https:\/\/www.webdo.tn\/fr\/actualite\/international\/etats-unis-arretee-avec-une-arme-dans-son-vagin\/183960\/","og_site_name":"webdo","article_publisher":"https:\/\/www.facebook.com\/webdotn","article_published_time":"2015-09-10T10:08:00+00:00","article_modified_time":"2025-05-22T12:50:52+00:00","og_image":[{"width":240,"height":300,"url":"https:\/\/www.webdo.tn\/fr\/wp-content\/uploads\/2015\/09\/Ashley-Cecilia-Castaneda-FacebookWaco-Police-Texas-Department-240x300-1.jpg","type":"image\/jpeg"}],"author":"webdo.tn","twitter_card":"summary_large_image","twitter_creator":"@webdo_tn","twitter_site":"@webdo_tn","twitter_misc":{"\u00c9crit par":"webdo.tn","Dur\u00e9e de lecture estim\u00e9e":"1 minute"},"schema":{"@context":"https:\/\/schema.org","@graph":[{"@type":"NewsArticle","@id":"https:\/\/www.webdo.tn\/fr\/actualite\/international\/etats-unis-arretee-avec-une-arme-dans-son-vagin\/183960\/#article","isPartOf":{"@id":"https:\/\/www.webdo.tn\/fr\/actualite\/international\/etats-unis-arretee-avec-une-arme-dans-son-vagin\/183960\/"},"author":{"name":"webdo.tn","@id":"https:\/\/www.webdo.tn\/fr\/#\/schema\/person\/9a9c6118d687c117df8ef3cc36a4d175"},"headline":"Etats-Unis : Arr\u00eat\u00e9e avec une arme&#8230; dans son vagin","datePublished":"2015-09-10T10:08:00+00:00","dateModified":"2025-05-22T12:50:52+00:00","mainEntityOfPage":{"@id":"https:\/\/www.webdo.tn\/fr\/actualite\/international\/etats-unis-arretee-avec-une-arme-dans-son-vagin\/183960\/"},"wordCount":138,"commentCount":0,"publisher":{"@id":"https:\/\/www.webdo.tn\/fr\/#organization"},"image":{"@id":"https:\/\/www.webdo.tn\/fr\/actualite\/international\/etats-unis-arretee-avec-une-arme-dans-son-vagin\/183960\/#primaryimage"},"thumbnailUrl":"https:\/\/www.webdo.tn\/fr\/wp-content\/uploads\/2015\/09\/Ashley-Cecilia-Castaneda-FacebookWaco-Police-Texas-Department-240x300-1.jpg","articleSection":["International"],"inLanguage":"fr-FR"},{"@type":"WebPage","@id":"https:\/\/www.webdo.tn\/fr\/actualite\/international\/etats-unis-arretee-avec-une-arme-dans-son-vagin\/183960\/","url":"https:\/\/www.webdo.tn\/fr\/actualite\/international\/etats-unis-arretee-avec-une-arme-dans-son-vagin\/183960\/","name":"Etats-Unis : Arr\u00eat\u00e9e avec une arme... dans son vagin","isPartOf":{"@id":"https:\/\/www.webdo.tn\/fr\/#website"},"primaryImageOfPage":{"@id":"https:\/\/www.webdo.tn\/fr\/actualite\/international\/etats-unis-arretee-avec-une-arme-dans-son-vagin\/183960\/#primaryimage"},"image":{"@id":"https:\/\/www.webdo.tn\/fr\/actualite\/international\/etats-unis-arretee-avec-une-arme-dans-son-vagin\/183960\/#primaryimage"},"thumbnailUrl":"https:\/\/www.webdo.tn\/fr\/wp-content\/uploads\/2015\/09\/Ashley-Cecilia-Castaneda-FacebookWaco-Police-Texas-Department-240x300-1.jpg","datePublished":"2015-09-10T10:08:00+00:00","dateModified":"2025-05-22T12:50:52+00:00","description":"Etats-Unis : Arr\u00eat\u00e9e avec une arme... dans son vagin","breadcrumb":{"@id":"https:\/\/www.webdo.tn\/fr\/actualite\/international\/etats-unis-arretee-avec-une-arme-dans-son-vagin\/183960\/#breadcrumb"},"inLanguage":"fr-FR","potentialAction":[{"@type":"ReadAction","target":["https:\/\/www.webdo.tn\/fr\/actualite\/international\/etats-unis-arretee-avec-une-arme-dans-son-vagin\/183960\/"]}]},{"@type":"ImageObject","inLanguage":"fr-FR","@id":"https:\/\/www.webdo.tn\/fr\/actualite\/international\/etats-unis-arretee-avec-une-arme-dans-son-vagin\/183960\/#primaryimage","url":"https:\/\/www.webdo.tn\/fr\/wp-content\/uploads\/2015\/09\/Ashley-Cecilia-Castaneda-FacebookWaco-Police-Texas-Department-240x300-1.jpg","contentUrl":"https:\/\/www.webdo.tn\/fr\/wp-content\/uploads\/2015\/09\/Ashley-Cecilia-Castaneda-FacebookWaco-Police-Texas-Department-240x300-1.jpg","width":240,"height":300,"caption":"Etats-Unis : Arr\u00eat\u00e9e avec une arme... dans son vagin"},{"@type":"BreadcrumbList","@id":"https:\/\/www.webdo.tn\/fr\/actualite\/international\/etats-unis-arretee-avec-une-arme-dans-son-vagin\/183960\/#breadcrumb","itemListElement":[{"@type":"ListItem","position":1,"name":"Accueil","item":"https:\/\/www.webdo.tn\/fr\/"},{"@type":"ListItem","position":2,"name":"Etats-Unis : Arr\u00eat\u00e9e avec une arme&#8230; dans son vagin"}]},{"@type":"WebSite","@id":"https:\/\/www.webdo.tn\/fr\/#website","url":"https:\/\/www.webdo.tn\/fr\/","name":"webdo","description":"Tunisie - News en Tunisie et \u00e0 l&#039;international sur Webdo.tn","publisher":{"@id":"https:\/\/www.webdo.tn\/fr\/#organization"},"potentialAction":[{"@type":"SearchAction","target":{"@type":"EntryPoint","urlTemplate":"https:\/\/www.webdo.tn\/fr\/?s={search_term_string}"},"query-input":{"@type":"PropertyValueSpecification","valueRequired":true,"valueName":"search_term_string"}}],"inLanguage":"fr-FR"},{"@type":"Organization","@id":"https:\/\/www.webdo.tn\/fr\/#organization","name":"Webdo","alternateName":"Webdo.tn","url":"https:\/\/www.webdo.tn\/fr\/","logo":{"@type":"ImageObject","inLanguage":"fr-FR","@id":"https:\/\/www.webdo.tn\/fr\/#\/schema\/logo\/image\/","url":"https:\/\/www.webdo.tn\/fr\/wp-content\/uploads\/2025\/06\/Webdo-Tunisie_168377.jpg","contentUrl":"https:\/\/www.webdo.tn\/fr\/wp-content\/uploads\/2025\/06\/Webdo-Tunisie_168377.jpg","width":301,"height":301,"caption":"Webdo"},"image":{"@id":"https:\/\/www.webdo.tn\/fr\/#\/schema\/logo\/image\/"},"sameAs":["https:\/\/www.facebook.com\/webdotn","https:\/\/x.com\/webdo_tn"],"description":"Webdo est un m\u00e9dia num\u00e9rique tunisien fond\u00e9 en 2010, sp\u00e9cialis\u00e9 dans l\u2019actualit\u00e9 nationale et internationale, l\u2019\u00e9conomie, la soci\u00e9t\u00e9 et les analyses politiques. Le site s\u2019adresse \u00e0 un large public francophone et couvre l\u2019information tunisienne en temps r\u00e9el.","email":"redac@webdo.tn","legalName":"YNJ SARL","foundingDate":"2010-09-06","numberOfEmployees":{"@type":"QuantitativeValue","minValue":"11","maxValue":"50"}},{"@type":"Person","@id":"https:\/\/www.webdo.tn\/fr\/#\/schema\/person\/9a9c6118d687c117df8ef3cc36a4d175","name":"webdo.tn","image":{"@type":"ImageObject","inLanguage":"fr-FR","@id":"https:\/\/secure.gravatar.com\/avatar\/7ce1f28c0c3bbac99ff550b85ef8e44a6950c6ee24514fb6a5489e51d06f0298?s=96&d=mm&r=g","url":"https:\/\/secure.gravatar.com\/avatar\/7ce1f28c0c3bbac99ff550b85ef8e44a6950c6ee24514fb6a5489e51d06f0298?s=96&d=mm&r=g","contentUrl":"https:\/\/secure.gravatar.com\/avatar\/7ce1f28c0c3bbac99ff550b85ef8e44a6950c6ee24514fb6a5489e51d06f0298?s=96&d=mm&r=g","caption":"webdo.tn"},"url":"https:\/\/www.webdo.tn\/fr\/actualite\/author\/webdotn\/"}]}},"_links":{"self":[{"href":"https:\/\/www.webdo.tn\/fr\/wp-json\/wp\/v2\/posts\/183960","targetHints":{"allow":["GET"]}}],"collection":[{"href":"https:\/\/www.webdo.tn\/fr\/wp-json\/wp\/v2\/posts"}],"about":[{"href":"https:\/\/www.webdo.tn\/fr\/wp-json\/wp\/v2\/types\/post"}],"author":[{"embeddable":true,"href":"https:\/\/www.webdo.tn\/fr\/wp-json\/wp\/v2\/users\/3222"}],"replies":[{"embeddable":true,"href":"https:\/\/www.webdo.tn\/fr\/wp-json\/wp\/v2\/comments?post=183960"}],"version-history":[{"count":0,"href":"https:\/\/www.webdo.tn\/fr\/wp-json\/wp\/v2\/posts\/183960\/revisions"}],"wp:featuredmedia":[{"embeddable":true,"href":"https:\/\/www.webdo.tn\/fr\/wp-json\/wp\/v2\/media\/351771"}],"wp:attachment":[{"href":"https:\/\/www.webdo.tn\/fr\/wp-json\/wp\/v2\/media?parent=183960"}],"wp:term":[{"taxonomy":"category","embeddable":true,"href":"https:\/\/www.webdo.tn\/fr\/wp-json\/wp\/v2\/categories?post=183960"},{"taxonomy":"post_tag","embeddable":true,"href":"https:\/\/www.webdo.tn\/fr\/wp-json\/wp\/v2\/tags?post=183960"}],"curies":[{"name":"wp","href":"https:\/\/api.w.org\/{rel}","templated":true}]}}