{"id":183776,"date":"2015-11-18T14:46:00","date_gmt":"2015-11-18T14:46:00","guid":{"rendered":"https:\/\/www.webdo.tn\/fr\/blog\/une-mere-de-5-enfants-emmenee-a-lhopital-la-police-se-charge-de-la-vaisselle\/183776\/"},"modified":"2015-11-18T14:46:00","modified_gmt":"2015-11-18T14:46:00","slug":"une-mere-de-5-enfants-emmenee-a-lhopital-la-police-se-charge-de-la-vaisselle","status":"publish","type":"post","link":"https:\/\/www.webdo.tn\/fr\/actualite\/international\/une-mere-de-5-enfants-emmenee-a-lhopital-la-police-se-charge-de-la-vaisselle\/183776\/","title":{"rendered":"Une m\u00e8re de 5 enfants emmen\u00e9e \u00e0 l\u2019h\u00f4pital, la police se charge de la vaisselle !"},"content":{"rendered":"<p>Ce conte de f\u00e9es se passe \u00e0 Eindhoven, aux Pays-Bas.<\/p>\n<p>Atteinte d\u2019une crise d&rsquo;hypoglyc\u00e9mie, la m\u00e8re d&rsquo;une famille de 5 enfants a \u00e9t\u00e9 achemin\u00e9e en urgence \u00e0 l&rsquo;h\u00f4pital pour que son taux de sucre trop bas revienne \u00e0 la normale.<\/p>\n<p>Ses jeunes enfants seuls \u00e0 la maison ont mis sous la surveillance de deux policiers, en attendant son retour.<\/p>\n<p>Comme cela a mis du temps, les agents ont pr\u00e9par\u00e9 \u00e0 manger, fait diner les enfants et lav\u00e9 toute la vaisselle.<\/p>\n<p>Un geste d\u2019amour et de bravoure qui a r\u00e9ussi \u00e0 faire oublier aux enfants l&rsquo;absence de maman.<br \/>\nL.S.<\/p>\n","protected":false},"excerpt":{"rendered":"<p>Une m\u00e8re de 5 enfants emmen\u00e9e \u00e0 l\u2019h\u00f4pital, la police se charge de la vaisselle !<\/p>\n","protected":false},"author":3222,"featured_media":329129,"comment_status":"open","ping_status":"closed","sticky":false,"template":"","format":"standard","meta":{"footnotes":""},"categories":[2598],"tags":[2600],"class_list":["post-183776","post","type-post","status-publish","format-standard","has-post-thumbnail","hentry","category-international","tag-guerre"],"yoast_head":"<!-- This site is optimized with the Yoast SEO Premium plugin v27.5 (Yoast SEO v27.5) - https:\/\/yoast.com\/product\/yoast-seo-premium-wordpress\/ -->\n<title>Une m\u00e8re de 5 enfants emmen\u00e9e \u00e0 l\u2019h\u00f4pital, la police se charge de la vaisselle !<\/title>\n<meta name=\"description\" content=\"Une m\u00e8re de 5 enfants emmen\u00e9e \u00e0 l\u2019h\u00f4pital, la police se charge de la vaisselle !\" \/>\n<link rel=\"canonical\" href=\"https:\/\/www.webdo.tn\/fr\/actualite\/international\/une-mere-de-5-enfants-emmenee-a-lhopital-la-police-se-charge-de-la-vaisselle\/183776\/\" \/>\n<meta property=\"og:locale\" content=\"fr_FR\" \/>\n<meta property=\"og:type\" content=\"article\" \/>\n<meta property=\"og:title\" content=\"Une m\u00e8re de 5 enfants emmen\u00e9e \u00e0 l\u2019h\u00f4pital, la police se charge de la vaisselle !\" \/>\n<meta property=\"og:description\" content=\"Une m\u00e8re de 5 enfants emmen\u00e9e \u00e0 l\u2019h\u00f4pital, la police se charge de la vaisselle !\" \/>\n<meta property=\"og:url\" content=\"https:\/\/www.webdo.tn\/fr\/actualite\/international\/une-mere-de-5-enfants-emmenee-a-lhopital-la-police-se-charge-de-la-vaisselle\/183776\/\" \/>\n<meta property=\"og:site_name\" content=\"webdo\" \/>\n<meta property=\"article:publisher\" content=\"https:\/\/www.facebook.com\/webdotn\" \/>\n<meta property=\"article:published_time\" content=\"2015-11-18T14:46:00+00:00\" \/>\n<meta property=\"og:image\" content=\"https:\/\/www.webdo.tn\/fr\/wp-content\/uploads\/2015\/11\/Une-megravere-de-cinq-enfants-a-eacuteteacute-emmeneacutee-agrave-lhocircpital-pour-cause-dhypoglyceacutemie.-Ce-que-font-ces-policiers-est-remarquable1-300x157-1.jpg\" \/>\n\t<meta property=\"og:image:width\" content=\"300\" \/>\n\t<meta property=\"og:image:height\" content=\"157\" \/>\n\t<meta property=\"og:image:type\" content=\"image\/jpeg\" \/>\n<meta name=\"author\" content=\"webdo.tn\" \/>\n<meta name=\"twitter:card\" content=\"summary_large_image\" \/>\n<meta name=\"twitter:creator\" content=\"@webdo_tn\" \/>\n<meta name=\"twitter:site\" content=\"@webdo_tn\" \/>\n<meta name=\"twitter:label1\" content=\"\u00c9crit par\" \/>\n\t<meta name=\"twitter:data1\" content=\"webdo.tn\" \/>\n\t<meta name=\"twitter:label2\" content=\"Dur\u00e9e de lecture estim\u00e9e\" \/>\n\t<meta name=\"twitter:data2\" content=\"1 minute\" \/>\n<script type=\"application\/ld+json\" class=\"yoast-schema-graph\">{\"@context\":\"https:\\\/\\\/schema.org\",\"@graph\":[{\"@type\":\"NewsArticle\",\"@id\":\"https:\\\/\\\/www.webdo.tn\\\/fr\\\/actualite\\\/international\\\/une-mere-de-5-enfants-emmenee-a-lhopital-la-police-se-charge-de-la-vaisselle\\\/183776\\\/#article\",\"isPartOf\":{\"@id\":\"https:\\\/\\\/www.webdo.tn\\\/fr\\\/actualite\\\/international\\\/une-mere-de-5-enfants-emmenee-a-lhopital-la-police-se-charge-de-la-vaisselle\\\/183776\\\/\"},\"author\":{\"name\":\"webdo.tn\",\"@id\":\"https:\\\/\\\/www.webdo.tn\\\/fr\\\/#\\\/schema\\\/person\\\/9a9c6118d687c117df8ef3cc36a4d175\"},\"headline\":\"Une m\u00e8re de 5 enfants emmen\u00e9e \u00e0 l\u2019h\u00f4pital, la police se charge de la vaisselle !\",\"datePublished\":\"2015-11-18T14:46:00+00:00\",\"mainEntityOfPage\":{\"@id\":\"https:\\\/\\\/www.webdo.tn\\\/fr\\\/actualite\\\/international\\\/une-mere-de-5-enfants-emmenee-a-lhopital-la-police-se-charge-de-la-vaisselle\\\/183776\\\/\"},\"wordCount\":122,\"commentCount\":0,\"publisher\":{\"@id\":\"https:\\\/\\\/www.webdo.tn\\\/fr\\\/#organization\"},\"image\":{\"@id\":\"https:\\\/\\\/www.webdo.tn\\\/fr\\\/actualite\\\/international\\\/une-mere-de-5-enfants-emmenee-a-lhopital-la-police-se-charge-de-la-vaisselle\\\/183776\\\/#primaryimage\"},\"thumbnailUrl\":\"https:\\\/\\\/www.webdo.tn\\\/fr\\\/wp-content\\\/uploads\\\/2015\\\/11\\\/Une-megravere-de-cinq-enfants-a-eacuteteacute-emmeneacutee-agrave-lhocircpital-pour-cause-dhypoglyceacutemie.-Ce-que-font-ces-policiers-est-remarquable1-300x157-1.jpg\",\"keywords\":[\"guerre\"],\"articleSection\":[\"International\"],\"inLanguage\":\"fr-FR\"},{\"@type\":\"WebPage\",\"@id\":\"https:\\\/\\\/www.webdo.tn\\\/fr\\\/actualite\\\/international\\\/une-mere-de-5-enfants-emmenee-a-lhopital-la-police-se-charge-de-la-vaisselle\\\/183776\\\/\",\"url\":\"https:\\\/\\\/www.webdo.tn\\\/fr\\\/actualite\\\/international\\\/une-mere-de-5-enfants-emmenee-a-lhopital-la-police-se-charge-de-la-vaisselle\\\/183776\\\/\",\"name\":\"Une m\u00e8re de 5 enfants emmen\u00e9e \u00e0 l\u2019h\u00f4pital, la police se charge de la vaisselle !\",\"isPartOf\":{\"@id\":\"https:\\\/\\\/www.webdo.tn\\\/fr\\\/#website\"},\"primaryImageOfPage\":{\"@id\":\"https:\\\/\\\/www.webdo.tn\\\/fr\\\/actualite\\\/international\\\/une-mere-de-5-enfants-emmenee-a-lhopital-la-police-se-charge-de-la-vaisselle\\\/183776\\\/#primaryimage\"},\"image\":{\"@id\":\"https:\\\/\\\/www.webdo.tn\\\/fr\\\/actualite\\\/international\\\/une-mere-de-5-enfants-emmenee-a-lhopital-la-police-se-charge-de-la-vaisselle\\\/183776\\\/#primaryimage\"},\"thumbnailUrl\":\"https:\\\/\\\/www.webdo.tn\\\/fr\\\/wp-content\\\/uploads\\\/2015\\\/11\\\/Une-megravere-de-cinq-enfants-a-eacuteteacute-emmeneacutee-agrave-lhocircpital-pour-cause-dhypoglyceacutemie.-Ce-que-font-ces-policiers-est-remarquable1-300x157-1.jpg\",\"datePublished\":\"2015-11-18T14:46:00+00:00\",\"description\":\"Une m\u00e8re de 5 enfants emmen\u00e9e \u00e0 l\u2019h\u00f4pital, la police se charge de la vaisselle !\",\"breadcrumb\":{\"@id\":\"https:\\\/\\\/www.webdo.tn\\\/fr\\\/actualite\\\/international\\\/une-mere-de-5-enfants-emmenee-a-lhopital-la-police-se-charge-de-la-vaisselle\\\/183776\\\/#breadcrumb\"},\"inLanguage\":\"fr-FR\",\"potentialAction\":[{\"@type\":\"ReadAction\",\"target\":[\"https:\\\/\\\/www.webdo.tn\\\/fr\\\/actualite\\\/international\\\/une-mere-de-5-enfants-emmenee-a-lhopital-la-police-se-charge-de-la-vaisselle\\\/183776\\\/\"]}]},{\"@type\":\"ImageObject\",\"inLanguage\":\"fr-FR\",\"@id\":\"https:\\\/\\\/www.webdo.tn\\\/fr\\\/actualite\\\/international\\\/une-mere-de-5-enfants-emmenee-a-lhopital-la-police-se-charge-de-la-vaisselle\\\/183776\\\/#primaryimage\",\"url\":\"https:\\\/\\\/www.webdo.tn\\\/fr\\\/wp-content\\\/uploads\\\/2015\\\/11\\\/Une-megravere-de-cinq-enfants-a-eacuteteacute-emmeneacutee-agrave-lhocircpital-pour-cause-dhypoglyceacutemie.-Ce-que-font-ces-policiers-est-remarquable1-300x157-1.jpg\",\"contentUrl\":\"https:\\\/\\\/www.webdo.tn\\\/fr\\\/wp-content\\\/uploads\\\/2015\\\/11\\\/Une-megravere-de-cinq-enfants-a-eacuteteacute-emmeneacutee-agrave-lhocircpital-pour-cause-dhypoglyceacutemie.-Ce-que-font-ces-policiers-est-remarquable1-300x157-1.jpg\",\"width\":300,\"height\":157,\"caption\":\"Une m\u00e8re de 5 enfants emmen\u00e9e \u00e0 l\u2019h\u00f4pital, la police se charge de la vaisselle !\"},{\"@type\":\"BreadcrumbList\",\"@id\":\"https:\\\/\\\/www.webdo.tn\\\/fr\\\/actualite\\\/international\\\/une-mere-de-5-enfants-emmenee-a-lhopital-la-police-se-charge-de-la-vaisselle\\\/183776\\\/#breadcrumb\",\"itemListElement\":[{\"@type\":\"ListItem\",\"position\":1,\"name\":\"Accueil\",\"item\":\"https:\\\/\\\/www.webdo.tn\\\/fr\\\/\"},{\"@type\":\"ListItem\",\"position\":2,\"name\":\"Une m\u00e8re de 5 enfants emmen\u00e9e \u00e0 l\u2019h\u00f4pital, la police se charge de la vaisselle !\"}]},{\"@type\":\"WebSite\",\"@id\":\"https:\\\/\\\/www.webdo.tn\\\/fr\\\/#website\",\"url\":\"https:\\\/\\\/www.webdo.tn\\\/fr\\\/\",\"name\":\"webdo\",\"description\":\"Tunisie - News en Tunisie et \u00e0 l&#039;international sur Webdo.tn\",\"publisher\":{\"@id\":\"https:\\\/\\\/www.webdo.tn\\\/fr\\\/#organization\"},\"potentialAction\":[{\"@type\":\"SearchAction\",\"target\":{\"@type\":\"EntryPoint\",\"urlTemplate\":\"https:\\\/\\\/www.webdo.tn\\\/fr\\\/?s={search_term_string}\"},\"query-input\":{\"@type\":\"PropertyValueSpecification\",\"valueRequired\":true,\"valueName\":\"search_term_string\"}}],\"inLanguage\":\"fr-FR\"},{\"@type\":\"Organization\",\"@id\":\"https:\\\/\\\/www.webdo.tn\\\/fr\\\/#organization\",\"name\":\"Webdo\",\"alternateName\":\"Webdo.tn\",\"url\":\"https:\\\/\\\/www.webdo.tn\\\/fr\\\/\",\"logo\":{\"@type\":\"ImageObject\",\"inLanguage\":\"fr-FR\",\"@id\":\"https:\\\/\\\/www.webdo.tn\\\/fr\\\/#\\\/schema\\\/logo\\\/image\\\/\",\"url\":\"https:\\\/\\\/www.webdo.tn\\\/fr\\\/wp-content\\\/uploads\\\/2025\\\/06\\\/Webdo-Tunisie_168377.jpg\",\"contentUrl\":\"https:\\\/\\\/www.webdo.tn\\\/fr\\\/wp-content\\\/uploads\\\/2025\\\/06\\\/Webdo-Tunisie_168377.jpg\",\"width\":301,\"height\":301,\"caption\":\"Webdo\"},\"image\":{\"@id\":\"https:\\\/\\\/www.webdo.tn\\\/fr\\\/#\\\/schema\\\/logo\\\/image\\\/\"},\"sameAs\":[\"https:\\\/\\\/www.facebook.com\\\/webdotn\",\"https:\\\/\\\/x.com\\\/webdo_tn\"],\"description\":\"Webdo est un m\u00e9dia num\u00e9rique tunisien fond\u00e9 en 2010, sp\u00e9cialis\u00e9 dans l\u2019actualit\u00e9 nationale et internationale, l\u2019\u00e9conomie, la soci\u00e9t\u00e9 et les analyses politiques. Le site s\u2019adresse \u00e0 un large public francophone et couvre l\u2019information tunisienne en temps r\u00e9el.\",\"email\":\"redac@webdo.tn\",\"legalName\":\"YNJ SARL\",\"foundingDate\":\"2010-09-06\",\"numberOfEmployees\":{\"@type\":\"QuantitativeValue\",\"minValue\":\"11\",\"maxValue\":\"50\"}},{\"@type\":\"Person\",\"@id\":\"https:\\\/\\\/www.webdo.tn\\\/fr\\\/#\\\/schema\\\/person\\\/9a9c6118d687c117df8ef3cc36a4d175\",\"name\":\"webdo.tn\",\"image\":{\"@type\":\"ImageObject\",\"inLanguage\":\"fr-FR\",\"@id\":\"https:\\\/\\\/secure.gravatar.com\\\/avatar\\\/7ce1f28c0c3bbac99ff550b85ef8e44a6950c6ee24514fb6a5489e51d06f0298?s=96&d=mm&r=g\",\"url\":\"https:\\\/\\\/secure.gravatar.com\\\/avatar\\\/7ce1f28c0c3bbac99ff550b85ef8e44a6950c6ee24514fb6a5489e51d06f0298?s=96&d=mm&r=g\",\"contentUrl\":\"https:\\\/\\\/secure.gravatar.com\\\/avatar\\\/7ce1f28c0c3bbac99ff550b85ef8e44a6950c6ee24514fb6a5489e51d06f0298?s=96&d=mm&r=g\",\"caption\":\"webdo.tn\"},\"url\":\"https:\\\/\\\/www.webdo.tn\\\/fr\\\/actualite\\\/author\\\/webdotn\\\/\"}]}<\/script>\n<!-- \/ Yoast SEO Premium plugin. -->","yoast_head_json":{"title":"Une m\u00e8re de 5 enfants emmen\u00e9e \u00e0 l\u2019h\u00f4pital, la police se charge de la vaisselle !","description":"Une m\u00e8re de 5 enfants emmen\u00e9e \u00e0 l\u2019h\u00f4pital, la police se charge de la vaisselle !","canonical":"https:\/\/www.webdo.tn\/fr\/actualite\/international\/une-mere-de-5-enfants-emmenee-a-lhopital-la-police-se-charge-de-la-vaisselle\/183776\/","og_locale":"fr_FR","og_type":"article","og_title":"Une m\u00e8re de 5 enfants emmen\u00e9e \u00e0 l\u2019h\u00f4pital, la police se charge de la vaisselle !","og_description":"Une m\u00e8re de 5 enfants emmen\u00e9e \u00e0 l\u2019h\u00f4pital, la police se charge de la vaisselle !","og_url":"https:\/\/www.webdo.tn\/fr\/actualite\/international\/une-mere-de-5-enfants-emmenee-a-lhopital-la-police-se-charge-de-la-vaisselle\/183776\/","og_site_name":"webdo","article_publisher":"https:\/\/www.facebook.com\/webdotn","article_published_time":"2015-11-18T14:46:00+00:00","og_image":[{"width":300,"height":157,"url":"https:\/\/www.webdo.tn\/fr\/wp-content\/uploads\/2015\/11\/Une-megravere-de-cinq-enfants-a-eacuteteacute-emmeneacutee-agrave-lhocircpital-pour-cause-dhypoglyceacutemie.-Ce-que-font-ces-policiers-est-remarquable1-300x157-1.jpg","type":"image\/jpeg"}],"author":"webdo.tn","twitter_card":"summary_large_image","twitter_creator":"@webdo_tn","twitter_site":"@webdo_tn","twitter_misc":{"\u00c9crit par":"webdo.tn","Dur\u00e9e de lecture estim\u00e9e":"1 minute"},"schema":{"@context":"https:\/\/schema.org","@graph":[{"@type":"NewsArticle","@id":"https:\/\/www.webdo.tn\/fr\/actualite\/international\/une-mere-de-5-enfants-emmenee-a-lhopital-la-police-se-charge-de-la-vaisselle\/183776\/#article","isPartOf":{"@id":"https:\/\/www.webdo.tn\/fr\/actualite\/international\/une-mere-de-5-enfants-emmenee-a-lhopital-la-police-se-charge-de-la-vaisselle\/183776\/"},"author":{"name":"webdo.tn","@id":"https:\/\/www.webdo.tn\/fr\/#\/schema\/person\/9a9c6118d687c117df8ef3cc36a4d175"},"headline":"Une m\u00e8re de 5 enfants emmen\u00e9e \u00e0 l\u2019h\u00f4pital, la police se charge de la vaisselle !","datePublished":"2015-11-18T14:46:00+00:00","mainEntityOfPage":{"@id":"https:\/\/www.webdo.tn\/fr\/actualite\/international\/une-mere-de-5-enfants-emmenee-a-lhopital-la-police-se-charge-de-la-vaisselle\/183776\/"},"wordCount":122,"commentCount":0,"publisher":{"@id":"https:\/\/www.webdo.tn\/fr\/#organization"},"image":{"@id":"https:\/\/www.webdo.tn\/fr\/actualite\/international\/une-mere-de-5-enfants-emmenee-a-lhopital-la-police-se-charge-de-la-vaisselle\/183776\/#primaryimage"},"thumbnailUrl":"https:\/\/www.webdo.tn\/fr\/wp-content\/uploads\/2015\/11\/Une-megravere-de-cinq-enfants-a-eacuteteacute-emmeneacutee-agrave-lhocircpital-pour-cause-dhypoglyceacutemie.-Ce-que-font-ces-policiers-est-remarquable1-300x157-1.jpg","keywords":["guerre"],"articleSection":["International"],"inLanguage":"fr-FR"},{"@type":"WebPage","@id":"https:\/\/www.webdo.tn\/fr\/actualite\/international\/une-mere-de-5-enfants-emmenee-a-lhopital-la-police-se-charge-de-la-vaisselle\/183776\/","url":"https:\/\/www.webdo.tn\/fr\/actualite\/international\/une-mere-de-5-enfants-emmenee-a-lhopital-la-police-se-charge-de-la-vaisselle\/183776\/","name":"Une m\u00e8re de 5 enfants emmen\u00e9e \u00e0 l\u2019h\u00f4pital, la police se charge de la vaisselle !","isPartOf":{"@id":"https:\/\/www.webdo.tn\/fr\/#website"},"primaryImageOfPage":{"@id":"https:\/\/www.webdo.tn\/fr\/actualite\/international\/une-mere-de-5-enfants-emmenee-a-lhopital-la-police-se-charge-de-la-vaisselle\/183776\/#primaryimage"},"image":{"@id":"https:\/\/www.webdo.tn\/fr\/actualite\/international\/une-mere-de-5-enfants-emmenee-a-lhopital-la-police-se-charge-de-la-vaisselle\/183776\/#primaryimage"},"thumbnailUrl":"https:\/\/www.webdo.tn\/fr\/wp-content\/uploads\/2015\/11\/Une-megravere-de-cinq-enfants-a-eacuteteacute-emmeneacutee-agrave-lhocircpital-pour-cause-dhypoglyceacutemie.-Ce-que-font-ces-policiers-est-remarquable1-300x157-1.jpg","datePublished":"2015-11-18T14:46:00+00:00","description":"Une m\u00e8re de 5 enfants emmen\u00e9e \u00e0 l\u2019h\u00f4pital, la police se charge de la vaisselle !","breadcrumb":{"@id":"https:\/\/www.webdo.tn\/fr\/actualite\/international\/une-mere-de-5-enfants-emmenee-a-lhopital-la-police-se-charge-de-la-vaisselle\/183776\/#breadcrumb"},"inLanguage":"fr-FR","potentialAction":[{"@type":"ReadAction","target":["https:\/\/www.webdo.tn\/fr\/actualite\/international\/une-mere-de-5-enfants-emmenee-a-lhopital-la-police-se-charge-de-la-vaisselle\/183776\/"]}]},{"@type":"ImageObject","inLanguage":"fr-FR","@id":"https:\/\/www.webdo.tn\/fr\/actualite\/international\/une-mere-de-5-enfants-emmenee-a-lhopital-la-police-se-charge-de-la-vaisselle\/183776\/#primaryimage","url":"https:\/\/www.webdo.tn\/fr\/wp-content\/uploads\/2015\/11\/Une-megravere-de-cinq-enfants-a-eacuteteacute-emmeneacutee-agrave-lhocircpital-pour-cause-dhypoglyceacutemie.-Ce-que-font-ces-policiers-est-remarquable1-300x157-1.jpg","contentUrl":"https:\/\/www.webdo.tn\/fr\/wp-content\/uploads\/2015\/11\/Une-megravere-de-cinq-enfants-a-eacuteteacute-emmeneacutee-agrave-lhocircpital-pour-cause-dhypoglyceacutemie.-Ce-que-font-ces-policiers-est-remarquable1-300x157-1.jpg","width":300,"height":157,"caption":"Une m\u00e8re de 5 enfants emmen\u00e9e \u00e0 l\u2019h\u00f4pital, la police se charge de la vaisselle !"},{"@type":"BreadcrumbList","@id":"https:\/\/www.webdo.tn\/fr\/actualite\/international\/une-mere-de-5-enfants-emmenee-a-lhopital-la-police-se-charge-de-la-vaisselle\/183776\/#breadcrumb","itemListElement":[{"@type":"ListItem","position":1,"name":"Accueil","item":"https:\/\/www.webdo.tn\/fr\/"},{"@type":"ListItem","position":2,"name":"Une m\u00e8re de 5 enfants emmen\u00e9e \u00e0 l\u2019h\u00f4pital, la police se charge de la vaisselle !"}]},{"@type":"WebSite","@id":"https:\/\/www.webdo.tn\/fr\/#website","url":"https:\/\/www.webdo.tn\/fr\/","name":"webdo","description":"Tunisie - News en Tunisie et \u00e0 l&#039;international sur Webdo.tn","publisher":{"@id":"https:\/\/www.webdo.tn\/fr\/#organization"},"potentialAction":[{"@type":"SearchAction","target":{"@type":"EntryPoint","urlTemplate":"https:\/\/www.webdo.tn\/fr\/?s={search_term_string}"},"query-input":{"@type":"PropertyValueSpecification","valueRequired":true,"valueName":"search_term_string"}}],"inLanguage":"fr-FR"},{"@type":"Organization","@id":"https:\/\/www.webdo.tn\/fr\/#organization","name":"Webdo","alternateName":"Webdo.tn","url":"https:\/\/www.webdo.tn\/fr\/","logo":{"@type":"ImageObject","inLanguage":"fr-FR","@id":"https:\/\/www.webdo.tn\/fr\/#\/schema\/logo\/image\/","url":"https:\/\/www.webdo.tn\/fr\/wp-content\/uploads\/2025\/06\/Webdo-Tunisie_168377.jpg","contentUrl":"https:\/\/www.webdo.tn\/fr\/wp-content\/uploads\/2025\/06\/Webdo-Tunisie_168377.jpg","width":301,"height":301,"caption":"Webdo"},"image":{"@id":"https:\/\/www.webdo.tn\/fr\/#\/schema\/logo\/image\/"},"sameAs":["https:\/\/www.facebook.com\/webdotn","https:\/\/x.com\/webdo_tn"],"description":"Webdo est un m\u00e9dia num\u00e9rique tunisien fond\u00e9 en 2010, sp\u00e9cialis\u00e9 dans l\u2019actualit\u00e9 nationale et internationale, l\u2019\u00e9conomie, la soci\u00e9t\u00e9 et les analyses politiques. Le site s\u2019adresse \u00e0 un large public francophone et couvre l\u2019information tunisienne en temps r\u00e9el.","email":"redac@webdo.tn","legalName":"YNJ SARL","foundingDate":"2010-09-06","numberOfEmployees":{"@type":"QuantitativeValue","minValue":"11","maxValue":"50"}},{"@type":"Person","@id":"https:\/\/www.webdo.tn\/fr\/#\/schema\/person\/9a9c6118d687c117df8ef3cc36a4d175","name":"webdo.tn","image":{"@type":"ImageObject","inLanguage":"fr-FR","@id":"https:\/\/secure.gravatar.com\/avatar\/7ce1f28c0c3bbac99ff550b85ef8e44a6950c6ee24514fb6a5489e51d06f0298?s=96&d=mm&r=g","url":"https:\/\/secure.gravatar.com\/avatar\/7ce1f28c0c3bbac99ff550b85ef8e44a6950c6ee24514fb6a5489e51d06f0298?s=96&d=mm&r=g","contentUrl":"https:\/\/secure.gravatar.com\/avatar\/7ce1f28c0c3bbac99ff550b85ef8e44a6950c6ee24514fb6a5489e51d06f0298?s=96&d=mm&r=g","caption":"webdo.tn"},"url":"https:\/\/www.webdo.tn\/fr\/actualite\/author\/webdotn\/"}]}},"_links":{"self":[{"href":"https:\/\/www.webdo.tn\/fr\/wp-json\/wp\/v2\/posts\/183776","targetHints":{"allow":["GET"]}}],"collection":[{"href":"https:\/\/www.webdo.tn\/fr\/wp-json\/wp\/v2\/posts"}],"about":[{"href":"https:\/\/www.webdo.tn\/fr\/wp-json\/wp\/v2\/types\/post"}],"author":[{"embeddable":true,"href":"https:\/\/www.webdo.tn\/fr\/wp-json\/wp\/v2\/users\/3222"}],"replies":[{"embeddable":true,"href":"https:\/\/www.webdo.tn\/fr\/wp-json\/wp\/v2\/comments?post=183776"}],"version-history":[{"count":0,"href":"https:\/\/www.webdo.tn\/fr\/wp-json\/wp\/v2\/posts\/183776\/revisions"}],"wp:featuredmedia":[{"embeddable":true,"href":"https:\/\/www.webdo.tn\/fr\/wp-json\/wp\/v2\/media\/329129"}],"wp:attachment":[{"href":"https:\/\/www.webdo.tn\/fr\/wp-json\/wp\/v2\/media?parent=183776"}],"wp:term":[{"taxonomy":"category","embeddable":true,"href":"https:\/\/www.webdo.tn\/fr\/wp-json\/wp\/v2\/categories?post=183776"},{"taxonomy":"post_tag","embeddable":true,"href":"https:\/\/www.webdo.tn\/fr\/wp-json\/wp\/v2\/tags?post=183776"}],"curies":[{"name":"wp","href":"https:\/\/api.w.org\/{rel}","templated":true}]}}