{"id":183770,"date":"2015-11-19T15:34:00","date_gmt":"2015-11-19T15:34:00","guid":{"rendered":"https:\/\/www.webdo.tn\/fr\/actualite\/blog\/abdelhamid-abaaoud-cerveau-presume-des-attentats-de-paris-tue\/183770\/"},"modified":"2025-05-22T12:47:22","modified_gmt":"2025-05-22T12:47:22","slug":"abdelhamid-abaaoud-cerveau-presume-des-attentats-de-paris-tue","status":"publish","type":"post","link":"https:\/\/www.webdo.tn\/fr\/actualite\/international\/abdelhamid-abaaoud-cerveau-presume-des-attentats-de-paris-tue\/183770\/","title":{"rendered":"Abdelhamid Abaaoud, cerveau pr\u00e9sum\u00e9 des attentats de Paris, tu\u00e9"},"content":{"rendered":"<p>Le cerveau pr\u00e9sum\u00e9 des attentats de Paris, qui ont fait jusqu&rsquo;\u00e0 pr\u00e9sent 129 morts et 352 bless\u00e9s, , Abdelhamid Abaaoud, aurait tu\u00e9 par le Raid lors de l&rsquo;assaut men\u00e9 hier, mercredi 18 novembre \u00e0 Saint Denis.<\/p>\n<p>Abdelamid Abaaoud \u00e9tait impliqu\u00e9 dans quatre des six attentats d\u00e9jou\u00e9s en France depuis le printemps, selon les services secrets fran\u00e7ais. Il \u00e9tait l&rsquo;un des rouages essentiels des cellules terroristes europ\u00e9ennes, a d\u00e9clar\u00e9 le ministre de l&rsquo;Int\u00e9rieur fran\u00e7ais, Bernard Cazeneuve, lors d&rsquo;une conf\u00e9rence de presse au minist\u00e8re.<\/p>\n<p>\u00abIl y avait dans l&rsquo;op\u00e9ration de Saint-Denis une cible \u00e0 atteindre, et elle a \u00e9t\u00e9 mise hors d&rsquo;\u00e9tat de nuire\u00bb, a dit Bernard Cazeneuve.<\/p>\n<p>La pr\u00e9sence du suspect \u00e0 Saint-Denis a \u00e9t\u00e9 signal\u00e9e \u00e0 la France par des services de renseignement \u00ab\u00a0hors d&rsquo;Europe\u00a0\u00bb, a ajout\u00e9 Bernard Cazeneuve, sans pr\u00e9ciser de quel pays il s&rsquo;agissait.<\/p>\n<p>Ces projets d&rsquo;attaques \u00e9taient pr\u00e9par\u00e9s avec le m\u00eame mode op\u00e9ratoire. L&rsquo;attentat \u00e9tait pens\u00e9 depuis l&rsquo;\u00e9tranger, puis ex\u00e9cut\u00e9 par des ressortissants europ\u00e9ens apr\u00e8s avoir \u00e9t\u00e9 form\u00e9s au maniement des armes \u00e0 l&rsquo;\u00e9tranger.<br \/>\nA.B.<\/p>\n","protected":false},"excerpt":{"rendered":"<p>Abdelhamid Abaaoud, cerveau pr\u00e9sum\u00e9 des attentats de Paris, tu\u00e9<\/p>\n","protected":false},"author":3222,"featured_media":351565,"comment_status":"open","ping_status":"closed","sticky":false,"template":"","format":"standard","meta":{"footnotes":""},"categories":[2598],"tags":[],"class_list":["post-183770","post","type-post","status-publish","format-standard","has-post-thumbnail","hentry","category-international"],"yoast_head":"<!-- This site is optimized with the Yoast SEO Premium plugin v27.5 (Yoast SEO v27.5) - https:\/\/yoast.com\/product\/yoast-seo-premium-wordpress\/ -->\n<title>Abdelhamid Abaaoud, cerveau pr\u00e9sum\u00e9 des attentats de Paris, tu\u00e9<\/title>\n<meta name=\"description\" content=\"Abdelhamid Abaaoud, cerveau pr\u00e9sum\u00e9 des attentats de Paris, tu\u00e9\" \/>\n<link rel=\"canonical\" href=\"https:\/\/www.webdo.tn\/fr\/actualite\/international\/abdelhamid-abaaoud-cerveau-presume-des-attentats-de-paris-tue\/183770\/\" \/>\n<meta property=\"og:locale\" content=\"fr_FR\" \/>\n<meta property=\"og:type\" content=\"article\" \/>\n<meta property=\"og:title\" content=\"Abdelhamid Abaaoud, cerveau pr\u00e9sum\u00e9 des attentats de Paris, tu\u00e9\" \/>\n<meta property=\"og:description\" content=\"Abdelhamid Abaaoud, cerveau pr\u00e9sum\u00e9 des attentats de Paris, tu\u00e9\" \/>\n<meta property=\"og:url\" content=\"https:\/\/www.webdo.tn\/fr\/actualite\/international\/abdelhamid-abaaoud-cerveau-presume-des-attentats-de-paris-tue\/183770\/\" \/>\n<meta property=\"og:site_name\" content=\"webdo\" \/>\n<meta property=\"article:publisher\" content=\"https:\/\/www.facebook.com\/webdotn\" \/>\n<meta property=\"article:published_time\" content=\"2015-11-19T15:34:00+00:00\" \/>\n<meta property=\"article:modified_time\" content=\"2025-05-22T12:47:22+00:00\" \/>\n<meta property=\"og:image\" content=\"https:\/\/www.webdo.tn\/fr\/wp-content\/uploads\/2015\/11\/Abdelhamid-Abaaoud-2.jpg\" \/>\n\t<meta property=\"og:image:width\" content=\"805\" \/>\n\t<meta property=\"og:image:height\" content=\"453\" \/>\n\t<meta property=\"og:image:type\" content=\"image\/jpeg\" \/>\n<meta name=\"author\" content=\"webdo.tn\" \/>\n<meta name=\"twitter:card\" content=\"summary_large_image\" \/>\n<meta name=\"twitter:creator\" content=\"@webdo_tn\" \/>\n<meta name=\"twitter:site\" content=\"@webdo_tn\" \/>\n<meta name=\"twitter:label1\" content=\"\u00c9crit par\" \/>\n\t<meta name=\"twitter:data1\" content=\"webdo.tn\" \/>\n\t<meta name=\"twitter:label2\" content=\"Dur\u00e9e de lecture estim\u00e9e\" \/>\n\t<meta name=\"twitter:data2\" content=\"1 minute\" \/>\n<script type=\"application\/ld+json\" class=\"yoast-schema-graph\">{\"@context\":\"https:\\\/\\\/schema.org\",\"@graph\":[{\"@type\":\"NewsArticle\",\"@id\":\"https:\\\/\\\/www.webdo.tn\\\/fr\\\/actualite\\\/international\\\/abdelhamid-abaaoud-cerveau-presume-des-attentats-de-paris-tue\\\/183770\\\/#article\",\"isPartOf\":{\"@id\":\"https:\\\/\\\/www.webdo.tn\\\/fr\\\/actualite\\\/international\\\/abdelhamid-abaaoud-cerveau-presume-des-attentats-de-paris-tue\\\/183770\\\/\"},\"author\":{\"name\":\"webdo.tn\",\"@id\":\"https:\\\/\\\/www.webdo.tn\\\/fr\\\/#\\\/schema\\\/person\\\/9a9c6118d687c117df8ef3cc36a4d175\"},\"headline\":\"Abdelhamid Abaaoud, cerveau pr\u00e9sum\u00e9 des attentats de Paris, tu\u00e9\",\"datePublished\":\"2015-11-19T15:34:00+00:00\",\"dateModified\":\"2025-05-22T12:47:22+00:00\",\"mainEntityOfPage\":{\"@id\":\"https:\\\/\\\/www.webdo.tn\\\/fr\\\/actualite\\\/international\\\/abdelhamid-abaaoud-cerveau-presume-des-attentats-de-paris-tue\\\/183770\\\/\"},\"wordCount\":206,\"commentCount\":0,\"publisher\":{\"@id\":\"https:\\\/\\\/www.webdo.tn\\\/fr\\\/#organization\"},\"image\":{\"@id\":\"https:\\\/\\\/www.webdo.tn\\\/fr\\\/actualite\\\/international\\\/abdelhamid-abaaoud-cerveau-presume-des-attentats-de-paris-tue\\\/183770\\\/#primaryimage\"},\"thumbnailUrl\":\"https:\\\/\\\/www.webdo.tn\\\/fr\\\/wp-content\\\/uploads\\\/2015\\\/11\\\/Abdelhamid-Abaaoud-2.jpg\",\"articleSection\":[\"International\"],\"inLanguage\":\"fr-FR\"},{\"@type\":\"WebPage\",\"@id\":\"https:\\\/\\\/www.webdo.tn\\\/fr\\\/actualite\\\/international\\\/abdelhamid-abaaoud-cerveau-presume-des-attentats-de-paris-tue\\\/183770\\\/\",\"url\":\"https:\\\/\\\/www.webdo.tn\\\/fr\\\/actualite\\\/international\\\/abdelhamid-abaaoud-cerveau-presume-des-attentats-de-paris-tue\\\/183770\\\/\",\"name\":\"Abdelhamid Abaaoud, cerveau pr\u00e9sum\u00e9 des attentats de Paris, tu\u00e9\",\"isPartOf\":{\"@id\":\"https:\\\/\\\/www.webdo.tn\\\/fr\\\/#website\"},\"primaryImageOfPage\":{\"@id\":\"https:\\\/\\\/www.webdo.tn\\\/fr\\\/actualite\\\/international\\\/abdelhamid-abaaoud-cerveau-presume-des-attentats-de-paris-tue\\\/183770\\\/#primaryimage\"},\"image\":{\"@id\":\"https:\\\/\\\/www.webdo.tn\\\/fr\\\/actualite\\\/international\\\/abdelhamid-abaaoud-cerveau-presume-des-attentats-de-paris-tue\\\/183770\\\/#primaryimage\"},\"thumbnailUrl\":\"https:\\\/\\\/www.webdo.tn\\\/fr\\\/wp-content\\\/uploads\\\/2015\\\/11\\\/Abdelhamid-Abaaoud-2.jpg\",\"datePublished\":\"2015-11-19T15:34:00+00:00\",\"dateModified\":\"2025-05-22T12:47:22+00:00\",\"description\":\"Abdelhamid Abaaoud, cerveau pr\u00e9sum\u00e9 des attentats de Paris, tu\u00e9\",\"breadcrumb\":{\"@id\":\"https:\\\/\\\/www.webdo.tn\\\/fr\\\/actualite\\\/international\\\/abdelhamid-abaaoud-cerveau-presume-des-attentats-de-paris-tue\\\/183770\\\/#breadcrumb\"},\"inLanguage\":\"fr-FR\",\"potentialAction\":[{\"@type\":\"ReadAction\",\"target\":[\"https:\\\/\\\/www.webdo.tn\\\/fr\\\/actualite\\\/international\\\/abdelhamid-abaaoud-cerveau-presume-des-attentats-de-paris-tue\\\/183770\\\/\"]}]},{\"@type\":\"ImageObject\",\"inLanguage\":\"fr-FR\",\"@id\":\"https:\\\/\\\/www.webdo.tn\\\/fr\\\/actualite\\\/international\\\/abdelhamid-abaaoud-cerveau-presume-des-attentats-de-paris-tue\\\/183770\\\/#primaryimage\",\"url\":\"https:\\\/\\\/www.webdo.tn\\\/fr\\\/wp-content\\\/uploads\\\/2015\\\/11\\\/Abdelhamid-Abaaoud-2.jpg\",\"contentUrl\":\"https:\\\/\\\/www.webdo.tn\\\/fr\\\/wp-content\\\/uploads\\\/2015\\\/11\\\/Abdelhamid-Abaaoud-2.jpg\",\"width\":805,\"height\":453,\"caption\":\"Abdelhamid Abaaoud, cerveau pr\u00e9sum\u00e9 des attentats de Paris, tu\u00e9\"},{\"@type\":\"BreadcrumbList\",\"@id\":\"https:\\\/\\\/www.webdo.tn\\\/fr\\\/actualite\\\/international\\\/abdelhamid-abaaoud-cerveau-presume-des-attentats-de-paris-tue\\\/183770\\\/#breadcrumb\",\"itemListElement\":[{\"@type\":\"ListItem\",\"position\":1,\"name\":\"Accueil\",\"item\":\"https:\\\/\\\/www.webdo.tn\\\/fr\\\/\"},{\"@type\":\"ListItem\",\"position\":2,\"name\":\"Abdelhamid Abaaoud, cerveau pr\u00e9sum\u00e9 des attentats de Paris, tu\u00e9\"}]},{\"@type\":\"WebSite\",\"@id\":\"https:\\\/\\\/www.webdo.tn\\\/fr\\\/#website\",\"url\":\"https:\\\/\\\/www.webdo.tn\\\/fr\\\/\",\"name\":\"webdo\",\"description\":\"Tunisie - News en Tunisie et \u00e0 l&#039;international sur Webdo.tn\",\"publisher\":{\"@id\":\"https:\\\/\\\/www.webdo.tn\\\/fr\\\/#organization\"},\"potentialAction\":[{\"@type\":\"SearchAction\",\"target\":{\"@type\":\"EntryPoint\",\"urlTemplate\":\"https:\\\/\\\/www.webdo.tn\\\/fr\\\/?s={search_term_string}\"},\"query-input\":{\"@type\":\"PropertyValueSpecification\",\"valueRequired\":true,\"valueName\":\"search_term_string\"}}],\"inLanguage\":\"fr-FR\"},{\"@type\":\"Organization\",\"@id\":\"https:\\\/\\\/www.webdo.tn\\\/fr\\\/#organization\",\"name\":\"Webdo\",\"alternateName\":\"Webdo.tn\",\"url\":\"https:\\\/\\\/www.webdo.tn\\\/fr\\\/\",\"logo\":{\"@type\":\"ImageObject\",\"inLanguage\":\"fr-FR\",\"@id\":\"https:\\\/\\\/www.webdo.tn\\\/fr\\\/#\\\/schema\\\/logo\\\/image\\\/\",\"url\":\"https:\\\/\\\/www.webdo.tn\\\/fr\\\/wp-content\\\/uploads\\\/2025\\\/06\\\/Webdo-Tunisie_168377.jpg\",\"contentUrl\":\"https:\\\/\\\/www.webdo.tn\\\/fr\\\/wp-content\\\/uploads\\\/2025\\\/06\\\/Webdo-Tunisie_168377.jpg\",\"width\":301,\"height\":301,\"caption\":\"Webdo\"},\"image\":{\"@id\":\"https:\\\/\\\/www.webdo.tn\\\/fr\\\/#\\\/schema\\\/logo\\\/image\\\/\"},\"sameAs\":[\"https:\\\/\\\/www.facebook.com\\\/webdotn\",\"https:\\\/\\\/x.com\\\/webdo_tn\"],\"description\":\"Webdo est un m\u00e9dia num\u00e9rique tunisien fond\u00e9 en 2010, sp\u00e9cialis\u00e9 dans l\u2019actualit\u00e9 nationale et internationale, l\u2019\u00e9conomie, la soci\u00e9t\u00e9 et les analyses politiques. Le site s\u2019adresse \u00e0 un large public francophone et couvre l\u2019information tunisienne en temps r\u00e9el.\",\"email\":\"redac@webdo.tn\",\"legalName\":\"YNJ SARL\",\"foundingDate\":\"2010-09-06\",\"numberOfEmployees\":{\"@type\":\"QuantitativeValue\",\"minValue\":\"11\",\"maxValue\":\"50\"}},{\"@type\":\"Person\",\"@id\":\"https:\\\/\\\/www.webdo.tn\\\/fr\\\/#\\\/schema\\\/person\\\/9a9c6118d687c117df8ef3cc36a4d175\",\"name\":\"webdo.tn\",\"image\":{\"@type\":\"ImageObject\",\"inLanguage\":\"fr-FR\",\"@id\":\"https:\\\/\\\/secure.gravatar.com\\\/avatar\\\/7ce1f28c0c3bbac99ff550b85ef8e44a6950c6ee24514fb6a5489e51d06f0298?s=96&d=mm&r=g\",\"url\":\"https:\\\/\\\/secure.gravatar.com\\\/avatar\\\/7ce1f28c0c3bbac99ff550b85ef8e44a6950c6ee24514fb6a5489e51d06f0298?s=96&d=mm&r=g\",\"contentUrl\":\"https:\\\/\\\/secure.gravatar.com\\\/avatar\\\/7ce1f28c0c3bbac99ff550b85ef8e44a6950c6ee24514fb6a5489e51d06f0298?s=96&d=mm&r=g\",\"caption\":\"webdo.tn\"},\"url\":\"https:\\\/\\\/www.webdo.tn\\\/fr\\\/actualite\\\/author\\\/webdotn\\\/\"}]}<\/script>\n<!-- \/ Yoast SEO Premium plugin. -->","yoast_head_json":{"title":"Abdelhamid Abaaoud, cerveau pr\u00e9sum\u00e9 des attentats de Paris, tu\u00e9","description":"Abdelhamid Abaaoud, cerveau pr\u00e9sum\u00e9 des attentats de Paris, tu\u00e9","canonical":"https:\/\/www.webdo.tn\/fr\/actualite\/international\/abdelhamid-abaaoud-cerveau-presume-des-attentats-de-paris-tue\/183770\/","og_locale":"fr_FR","og_type":"article","og_title":"Abdelhamid Abaaoud, cerveau pr\u00e9sum\u00e9 des attentats de Paris, tu\u00e9","og_description":"Abdelhamid Abaaoud, cerveau pr\u00e9sum\u00e9 des attentats de Paris, tu\u00e9","og_url":"https:\/\/www.webdo.tn\/fr\/actualite\/international\/abdelhamid-abaaoud-cerveau-presume-des-attentats-de-paris-tue\/183770\/","og_site_name":"webdo","article_publisher":"https:\/\/www.facebook.com\/webdotn","article_published_time":"2015-11-19T15:34:00+00:00","article_modified_time":"2025-05-22T12:47:22+00:00","og_image":[{"width":805,"height":453,"url":"https:\/\/www.webdo.tn\/fr\/wp-content\/uploads\/2015\/11\/Abdelhamid-Abaaoud-2.jpg","type":"image\/jpeg"}],"author":"webdo.tn","twitter_card":"summary_large_image","twitter_creator":"@webdo_tn","twitter_site":"@webdo_tn","twitter_misc":{"\u00c9crit par":"webdo.tn","Dur\u00e9e de lecture estim\u00e9e":"1 minute"},"schema":{"@context":"https:\/\/schema.org","@graph":[{"@type":"NewsArticle","@id":"https:\/\/www.webdo.tn\/fr\/actualite\/international\/abdelhamid-abaaoud-cerveau-presume-des-attentats-de-paris-tue\/183770\/#article","isPartOf":{"@id":"https:\/\/www.webdo.tn\/fr\/actualite\/international\/abdelhamid-abaaoud-cerveau-presume-des-attentats-de-paris-tue\/183770\/"},"author":{"name":"webdo.tn","@id":"https:\/\/www.webdo.tn\/fr\/#\/schema\/person\/9a9c6118d687c117df8ef3cc36a4d175"},"headline":"Abdelhamid Abaaoud, cerveau pr\u00e9sum\u00e9 des attentats de Paris, tu\u00e9","datePublished":"2015-11-19T15:34:00+00:00","dateModified":"2025-05-22T12:47:22+00:00","mainEntityOfPage":{"@id":"https:\/\/www.webdo.tn\/fr\/actualite\/international\/abdelhamid-abaaoud-cerveau-presume-des-attentats-de-paris-tue\/183770\/"},"wordCount":206,"commentCount":0,"publisher":{"@id":"https:\/\/www.webdo.tn\/fr\/#organization"},"image":{"@id":"https:\/\/www.webdo.tn\/fr\/actualite\/international\/abdelhamid-abaaoud-cerveau-presume-des-attentats-de-paris-tue\/183770\/#primaryimage"},"thumbnailUrl":"https:\/\/www.webdo.tn\/fr\/wp-content\/uploads\/2015\/11\/Abdelhamid-Abaaoud-2.jpg","articleSection":["International"],"inLanguage":"fr-FR"},{"@type":"WebPage","@id":"https:\/\/www.webdo.tn\/fr\/actualite\/international\/abdelhamid-abaaoud-cerveau-presume-des-attentats-de-paris-tue\/183770\/","url":"https:\/\/www.webdo.tn\/fr\/actualite\/international\/abdelhamid-abaaoud-cerveau-presume-des-attentats-de-paris-tue\/183770\/","name":"Abdelhamid Abaaoud, cerveau pr\u00e9sum\u00e9 des attentats de Paris, tu\u00e9","isPartOf":{"@id":"https:\/\/www.webdo.tn\/fr\/#website"},"primaryImageOfPage":{"@id":"https:\/\/www.webdo.tn\/fr\/actualite\/international\/abdelhamid-abaaoud-cerveau-presume-des-attentats-de-paris-tue\/183770\/#primaryimage"},"image":{"@id":"https:\/\/www.webdo.tn\/fr\/actualite\/international\/abdelhamid-abaaoud-cerveau-presume-des-attentats-de-paris-tue\/183770\/#primaryimage"},"thumbnailUrl":"https:\/\/www.webdo.tn\/fr\/wp-content\/uploads\/2015\/11\/Abdelhamid-Abaaoud-2.jpg","datePublished":"2015-11-19T15:34:00+00:00","dateModified":"2025-05-22T12:47:22+00:00","description":"Abdelhamid Abaaoud, cerveau pr\u00e9sum\u00e9 des attentats de Paris, tu\u00e9","breadcrumb":{"@id":"https:\/\/www.webdo.tn\/fr\/actualite\/international\/abdelhamid-abaaoud-cerveau-presume-des-attentats-de-paris-tue\/183770\/#breadcrumb"},"inLanguage":"fr-FR","potentialAction":[{"@type":"ReadAction","target":["https:\/\/www.webdo.tn\/fr\/actualite\/international\/abdelhamid-abaaoud-cerveau-presume-des-attentats-de-paris-tue\/183770\/"]}]},{"@type":"ImageObject","inLanguage":"fr-FR","@id":"https:\/\/www.webdo.tn\/fr\/actualite\/international\/abdelhamid-abaaoud-cerveau-presume-des-attentats-de-paris-tue\/183770\/#primaryimage","url":"https:\/\/www.webdo.tn\/fr\/wp-content\/uploads\/2015\/11\/Abdelhamid-Abaaoud-2.jpg","contentUrl":"https:\/\/www.webdo.tn\/fr\/wp-content\/uploads\/2015\/11\/Abdelhamid-Abaaoud-2.jpg","width":805,"height":453,"caption":"Abdelhamid Abaaoud, cerveau pr\u00e9sum\u00e9 des attentats de Paris, tu\u00e9"},{"@type":"BreadcrumbList","@id":"https:\/\/www.webdo.tn\/fr\/actualite\/international\/abdelhamid-abaaoud-cerveau-presume-des-attentats-de-paris-tue\/183770\/#breadcrumb","itemListElement":[{"@type":"ListItem","position":1,"name":"Accueil","item":"https:\/\/www.webdo.tn\/fr\/"},{"@type":"ListItem","position":2,"name":"Abdelhamid Abaaoud, cerveau pr\u00e9sum\u00e9 des attentats de Paris, tu\u00e9"}]},{"@type":"WebSite","@id":"https:\/\/www.webdo.tn\/fr\/#website","url":"https:\/\/www.webdo.tn\/fr\/","name":"webdo","description":"Tunisie - News en Tunisie et \u00e0 l&#039;international sur Webdo.tn","publisher":{"@id":"https:\/\/www.webdo.tn\/fr\/#organization"},"potentialAction":[{"@type":"SearchAction","target":{"@type":"EntryPoint","urlTemplate":"https:\/\/www.webdo.tn\/fr\/?s={search_term_string}"},"query-input":{"@type":"PropertyValueSpecification","valueRequired":true,"valueName":"search_term_string"}}],"inLanguage":"fr-FR"},{"@type":"Organization","@id":"https:\/\/www.webdo.tn\/fr\/#organization","name":"Webdo","alternateName":"Webdo.tn","url":"https:\/\/www.webdo.tn\/fr\/","logo":{"@type":"ImageObject","inLanguage":"fr-FR","@id":"https:\/\/www.webdo.tn\/fr\/#\/schema\/logo\/image\/","url":"https:\/\/www.webdo.tn\/fr\/wp-content\/uploads\/2025\/06\/Webdo-Tunisie_168377.jpg","contentUrl":"https:\/\/www.webdo.tn\/fr\/wp-content\/uploads\/2025\/06\/Webdo-Tunisie_168377.jpg","width":301,"height":301,"caption":"Webdo"},"image":{"@id":"https:\/\/www.webdo.tn\/fr\/#\/schema\/logo\/image\/"},"sameAs":["https:\/\/www.facebook.com\/webdotn","https:\/\/x.com\/webdo_tn"],"description":"Webdo est un m\u00e9dia num\u00e9rique tunisien fond\u00e9 en 2010, sp\u00e9cialis\u00e9 dans l\u2019actualit\u00e9 nationale et internationale, l\u2019\u00e9conomie, la soci\u00e9t\u00e9 et les analyses politiques. Le site s\u2019adresse \u00e0 un large public francophone et couvre l\u2019information tunisienne en temps r\u00e9el.","email":"redac@webdo.tn","legalName":"YNJ SARL","foundingDate":"2010-09-06","numberOfEmployees":{"@type":"QuantitativeValue","minValue":"11","maxValue":"50"}},{"@type":"Person","@id":"https:\/\/www.webdo.tn\/fr\/#\/schema\/person\/9a9c6118d687c117df8ef3cc36a4d175","name":"webdo.tn","image":{"@type":"ImageObject","inLanguage":"fr-FR","@id":"https:\/\/secure.gravatar.com\/avatar\/7ce1f28c0c3bbac99ff550b85ef8e44a6950c6ee24514fb6a5489e51d06f0298?s=96&d=mm&r=g","url":"https:\/\/secure.gravatar.com\/avatar\/7ce1f28c0c3bbac99ff550b85ef8e44a6950c6ee24514fb6a5489e51d06f0298?s=96&d=mm&r=g","contentUrl":"https:\/\/secure.gravatar.com\/avatar\/7ce1f28c0c3bbac99ff550b85ef8e44a6950c6ee24514fb6a5489e51d06f0298?s=96&d=mm&r=g","caption":"webdo.tn"},"url":"https:\/\/www.webdo.tn\/fr\/actualite\/author\/webdotn\/"}]}},"_links":{"self":[{"href":"https:\/\/www.webdo.tn\/fr\/wp-json\/wp\/v2\/posts\/183770","targetHints":{"allow":["GET"]}}],"collection":[{"href":"https:\/\/www.webdo.tn\/fr\/wp-json\/wp\/v2\/posts"}],"about":[{"href":"https:\/\/www.webdo.tn\/fr\/wp-json\/wp\/v2\/types\/post"}],"author":[{"embeddable":true,"href":"https:\/\/www.webdo.tn\/fr\/wp-json\/wp\/v2\/users\/3222"}],"replies":[{"embeddable":true,"href":"https:\/\/www.webdo.tn\/fr\/wp-json\/wp\/v2\/comments?post=183770"}],"version-history":[{"count":0,"href":"https:\/\/www.webdo.tn\/fr\/wp-json\/wp\/v2\/posts\/183770\/revisions"}],"wp:featuredmedia":[{"embeddable":true,"href":"https:\/\/www.webdo.tn\/fr\/wp-json\/wp\/v2\/media\/351565"}],"wp:attachment":[{"href":"https:\/\/www.webdo.tn\/fr\/wp-json\/wp\/v2\/media?parent=183770"}],"wp:term":[{"taxonomy":"category","embeddable":true,"href":"https:\/\/www.webdo.tn\/fr\/wp-json\/wp\/v2\/categories?post=183770"},{"taxonomy":"post_tag","embeddable":true,"href":"https:\/\/www.webdo.tn\/fr\/wp-json\/wp\/v2\/tags?post=183770"}],"curies":[{"name":"wp","href":"https:\/\/api.w.org\/{rel}","templated":true}]}}