{"id":183768,"date":"2015-11-19T22:03:00","date_gmt":"2015-11-19T22:03:00","guid":{"rendered":"https:\/\/www.webdo.tn\/fr\/blog\/quest-ce-qui-a-conduit-hasna-a-devenir-une-femme-kamikaze-a-saint-denis\/183768\/"},"modified":"2015-11-19T22:03:00","modified_gmt":"2015-11-19T22:03:00","slug":"quest-ce-qui-a-conduit-hasna-a-devenir-une-femme-kamikaze-a-saint-denis","status":"publish","type":"post","link":"https:\/\/www.webdo.tn\/fr\/actualite\/international\/quest-ce-qui-a-conduit-hasna-a-devenir-une-femme-kamikaze-a-saint-denis\/183768\/","title":{"rendered":"Qu&rsquo;est ce qui a conduit Hasna \u00e0 devenir une femme kamikaze \u00e0 Saint-Denis ?"},"content":{"rendered":"<p>Lors de leur enqu\u00eate sur les commanditaires des attentats de Paris le 13 novembre dernier, la police fran\u00e7aise se retrouve \u00e0 traquer des suspects, dans un appartement \u00e0 Saint-Denis, en banlieue parisienne, le 18 novembre.<\/p>\n<p>L&rsquo;un de ces suspects est une femme, qui lors de l&rsquo;assaut, choisit de mourir en activant son gilet explosif plut\u00f4t que de devoir se rendre.<\/p>\n<p>Hasna Ait Boulahcen avait 26 ans, c&rsquo;\u00e9tait la cousine germaine du commanditaire pr\u00e9sum\u00e9 de l&rsquo;attaque, Abdelhamid Abaaoud.<\/p>\n<p>Originaire de Clichy-la-Garenne, elle dirigeait une entreprise de b\u00e2timent et selon les t\u00e9moignages de ceux qui la connaissaient, elle ne suivait pas vraiment les pr\u00e9ceptes de l&rsquo;Islam, \u00e0 commencer par la consommation d&rsquo;alcool.<br \/>\n\u00ab\u00a0Elle n&rsquo;avait rien d&rsquo;une kamikaze et elle buvait de l&rsquo;alcool. On l&rsquo;appelait la femme cow-boy parce qu&rsquo;elle portait toujours un grand chapeau\u00a0\u00bb<br \/>\nEn 6 mois, Hasna va basculer. Selon BFM TV, elle \u00e9tait fascin\u00e9e par Hayet Boumeddiene, la compagne de Amedy Coulibaly, le terroriste qui avait attaqu\u00e9 l&rsquo;Hyper Casher de Vincennes.<\/p>\n<p>Elle quitte son grand chapeau et se met \u00e0 porter le niqab. Elle parle d&rsquo;aller en Syrie. Pourtant, elle ne donne pas l&rsquo;impression \u00e0 son entourage de s&rsquo;int\u00e9resser \u00e0 la religion. C&rsquo;est le djihad qui l&rsquo;int\u00e9resse. Son fr\u00e8re a d\u00e9clar\u00e9 aux journalistes qu&rsquo;il ne l&rsquo;avait jamais vu ouvrir le Coran.<\/p>\n<p>Qu&rsquo;est ce qui motive ces jeunes \u00e0 tuer et \u00e0 mourir, au nom d&rsquo;une cause \u00e0 laquelle parfois, ils ne croient m\u00eame pas?<br \/>\nS.B<\/p>\n","protected":false},"excerpt":{"rendered":"<p>Qu&rsquo;est ce qui a conduit Hasna \u00e0 devenir une femme kamikaze \u00e0 Saint-Denis ?<\/p>\n","protected":false},"author":3222,"featured_media":329103,"comment_status":"open","ping_status":"closed","sticky":false,"template":"","format":"standard","meta":{"footnotes":""},"categories":[2598],"tags":[2600],"class_list":["post-183768","post","type-post","status-publish","format-standard","has-post-thumbnail","hentry","category-international","tag-guerre"],"yoast_head":"<!-- This site is optimized with the Yoast SEO Premium plugin v27.5 (Yoast SEO v27.5) - https:\/\/yoast.com\/product\/yoast-seo-premium-wordpress\/ -->\n<title>Qu&#039;est ce qui a conduit Hasna \u00e0 devenir une femme kamikaze \u00e0 Saint-Denis ?<\/title>\n<meta name=\"description\" content=\"Qu&#039;est ce qui a conduit Hasna \u00e0 devenir une femme kamikaze \u00e0 Saint-Denis ?\" \/>\n<link rel=\"canonical\" href=\"https:\/\/www.webdo.tn\/fr\/actualite\/international\/quest-ce-qui-a-conduit-hasna-a-devenir-une-femme-kamikaze-a-saint-denis\/183768\/\" \/>\n<meta property=\"og:locale\" content=\"fr_FR\" \/>\n<meta property=\"og:type\" content=\"article\" \/>\n<meta property=\"og:title\" content=\"Qu&#039;est ce qui a conduit Hasna \u00e0 devenir une femme kamikaze \u00e0 Saint-Denis ?\" \/>\n<meta property=\"og:description\" content=\"Qu&#039;est ce qui a conduit Hasna \u00e0 devenir une femme kamikaze \u00e0 Saint-Denis ?\" \/>\n<meta property=\"og:url\" content=\"https:\/\/www.webdo.tn\/fr\/actualite\/international\/quest-ce-qui-a-conduit-hasna-a-devenir-une-femme-kamikaze-a-saint-denis\/183768\/\" \/>\n<meta property=\"og:site_name\" content=\"webdo\" \/>\n<meta property=\"article:publisher\" content=\"https:\/\/www.facebook.com\/webdotn\" \/>\n<meta property=\"article:published_time\" content=\"2015-11-19T22:03:00+00:00\" \/>\n<meta property=\"og:image\" content=\"https:\/\/www.webdo.tn\/fr\/wp-content\/uploads\/2015\/11\/hasna-kamikaze-300x200-1.jpg\" \/>\n\t<meta property=\"og:image:width\" content=\"300\" \/>\n\t<meta property=\"og:image:height\" content=\"200\" \/>\n\t<meta property=\"og:image:type\" content=\"image\/jpeg\" \/>\n<meta name=\"author\" content=\"webdo.tn\" \/>\n<meta name=\"twitter:card\" content=\"summary_large_image\" \/>\n<meta name=\"twitter:creator\" content=\"@webdo_tn\" \/>\n<meta name=\"twitter:site\" content=\"@webdo_tn\" \/>\n<meta name=\"twitter:label1\" content=\"\u00c9crit par\" \/>\n\t<meta name=\"twitter:data1\" content=\"webdo.tn\" \/>\n\t<meta name=\"twitter:label2\" content=\"Dur\u00e9e de lecture estim\u00e9e\" \/>\n\t<meta name=\"twitter:data2\" content=\"1 minute\" \/>\n<script type=\"application\/ld+json\" class=\"yoast-schema-graph\">{\"@context\":\"https:\\\/\\\/schema.org\",\"@graph\":[{\"@type\":\"NewsArticle\",\"@id\":\"https:\\\/\\\/www.webdo.tn\\\/fr\\\/actualite\\\/international\\\/quest-ce-qui-a-conduit-hasna-a-devenir-une-femme-kamikaze-a-saint-denis\\\/183768\\\/#article\",\"isPartOf\":{\"@id\":\"https:\\\/\\\/www.webdo.tn\\\/fr\\\/actualite\\\/international\\\/quest-ce-qui-a-conduit-hasna-a-devenir-une-femme-kamikaze-a-saint-denis\\\/183768\\\/\"},\"author\":{\"name\":\"webdo.tn\",\"@id\":\"https:\\\/\\\/www.webdo.tn\\\/fr\\\/#\\\/schema\\\/person\\\/9a9c6118d687c117df8ef3cc36a4d175\"},\"headline\":\"Qu&rsquo;est ce qui a conduit Hasna \u00e0 devenir une femme kamikaze \u00e0 Saint-Denis ?\",\"datePublished\":\"2015-11-19T22:03:00+00:00\",\"mainEntityOfPage\":{\"@id\":\"https:\\\/\\\/www.webdo.tn\\\/fr\\\/actualite\\\/international\\\/quest-ce-qui-a-conduit-hasna-a-devenir-une-femme-kamikaze-a-saint-denis\\\/183768\\\/\"},\"wordCount\":269,\"commentCount\":0,\"publisher\":{\"@id\":\"https:\\\/\\\/www.webdo.tn\\\/fr\\\/#organization\"},\"image\":{\"@id\":\"https:\\\/\\\/www.webdo.tn\\\/fr\\\/actualite\\\/international\\\/quest-ce-qui-a-conduit-hasna-a-devenir-une-femme-kamikaze-a-saint-denis\\\/183768\\\/#primaryimage\"},\"thumbnailUrl\":\"https:\\\/\\\/www.webdo.tn\\\/fr\\\/wp-content\\\/uploads\\\/2015\\\/11\\\/hasna-kamikaze-300x200-1.jpg\",\"keywords\":[\"guerre\"],\"articleSection\":[\"International\"],\"inLanguage\":\"fr-FR\"},{\"@type\":\"WebPage\",\"@id\":\"https:\\\/\\\/www.webdo.tn\\\/fr\\\/actualite\\\/international\\\/quest-ce-qui-a-conduit-hasna-a-devenir-une-femme-kamikaze-a-saint-denis\\\/183768\\\/\",\"url\":\"https:\\\/\\\/www.webdo.tn\\\/fr\\\/actualite\\\/international\\\/quest-ce-qui-a-conduit-hasna-a-devenir-une-femme-kamikaze-a-saint-denis\\\/183768\\\/\",\"name\":\"Qu'est ce qui a conduit Hasna \u00e0 devenir une femme kamikaze \u00e0 Saint-Denis ?\",\"isPartOf\":{\"@id\":\"https:\\\/\\\/www.webdo.tn\\\/fr\\\/#website\"},\"primaryImageOfPage\":{\"@id\":\"https:\\\/\\\/www.webdo.tn\\\/fr\\\/actualite\\\/international\\\/quest-ce-qui-a-conduit-hasna-a-devenir-une-femme-kamikaze-a-saint-denis\\\/183768\\\/#primaryimage\"},\"image\":{\"@id\":\"https:\\\/\\\/www.webdo.tn\\\/fr\\\/actualite\\\/international\\\/quest-ce-qui-a-conduit-hasna-a-devenir-une-femme-kamikaze-a-saint-denis\\\/183768\\\/#primaryimage\"},\"thumbnailUrl\":\"https:\\\/\\\/www.webdo.tn\\\/fr\\\/wp-content\\\/uploads\\\/2015\\\/11\\\/hasna-kamikaze-300x200-1.jpg\",\"datePublished\":\"2015-11-19T22:03:00+00:00\",\"description\":\"Qu'est ce qui a conduit Hasna \u00e0 devenir une femme kamikaze \u00e0 Saint-Denis ?\",\"breadcrumb\":{\"@id\":\"https:\\\/\\\/www.webdo.tn\\\/fr\\\/actualite\\\/international\\\/quest-ce-qui-a-conduit-hasna-a-devenir-une-femme-kamikaze-a-saint-denis\\\/183768\\\/#breadcrumb\"},\"inLanguage\":\"fr-FR\",\"potentialAction\":[{\"@type\":\"ReadAction\",\"target\":[\"https:\\\/\\\/www.webdo.tn\\\/fr\\\/actualite\\\/international\\\/quest-ce-qui-a-conduit-hasna-a-devenir-une-femme-kamikaze-a-saint-denis\\\/183768\\\/\"]}]},{\"@type\":\"ImageObject\",\"inLanguage\":\"fr-FR\",\"@id\":\"https:\\\/\\\/www.webdo.tn\\\/fr\\\/actualite\\\/international\\\/quest-ce-qui-a-conduit-hasna-a-devenir-une-femme-kamikaze-a-saint-denis\\\/183768\\\/#primaryimage\",\"url\":\"https:\\\/\\\/www.webdo.tn\\\/fr\\\/wp-content\\\/uploads\\\/2015\\\/11\\\/hasna-kamikaze-300x200-1.jpg\",\"contentUrl\":\"https:\\\/\\\/www.webdo.tn\\\/fr\\\/wp-content\\\/uploads\\\/2015\\\/11\\\/hasna-kamikaze-300x200-1.jpg\",\"width\":300,\"height\":200,\"caption\":\"Qu'est ce qui a conduit Hasna \u00e0 devenir une femme kamikaze \u00e0 Saint-Denis ?\"},{\"@type\":\"BreadcrumbList\",\"@id\":\"https:\\\/\\\/www.webdo.tn\\\/fr\\\/actualite\\\/international\\\/quest-ce-qui-a-conduit-hasna-a-devenir-une-femme-kamikaze-a-saint-denis\\\/183768\\\/#breadcrumb\",\"itemListElement\":[{\"@type\":\"ListItem\",\"position\":1,\"name\":\"Accueil\",\"item\":\"https:\\\/\\\/www.webdo.tn\\\/fr\\\/\"},{\"@type\":\"ListItem\",\"position\":2,\"name\":\"Qu&rsquo;est ce qui a conduit Hasna \u00e0 devenir une femme kamikaze \u00e0 Saint-Denis ?\"}]},{\"@type\":\"WebSite\",\"@id\":\"https:\\\/\\\/www.webdo.tn\\\/fr\\\/#website\",\"url\":\"https:\\\/\\\/www.webdo.tn\\\/fr\\\/\",\"name\":\"webdo\",\"description\":\"Tunisie - News en Tunisie et \u00e0 l&#039;international sur Webdo.tn\",\"publisher\":{\"@id\":\"https:\\\/\\\/www.webdo.tn\\\/fr\\\/#organization\"},\"potentialAction\":[{\"@type\":\"SearchAction\",\"target\":{\"@type\":\"EntryPoint\",\"urlTemplate\":\"https:\\\/\\\/www.webdo.tn\\\/fr\\\/?s={search_term_string}\"},\"query-input\":{\"@type\":\"PropertyValueSpecification\",\"valueRequired\":true,\"valueName\":\"search_term_string\"}}],\"inLanguage\":\"fr-FR\"},{\"@type\":\"Organization\",\"@id\":\"https:\\\/\\\/www.webdo.tn\\\/fr\\\/#organization\",\"name\":\"Webdo\",\"alternateName\":\"Webdo.tn\",\"url\":\"https:\\\/\\\/www.webdo.tn\\\/fr\\\/\",\"logo\":{\"@type\":\"ImageObject\",\"inLanguage\":\"fr-FR\",\"@id\":\"https:\\\/\\\/www.webdo.tn\\\/fr\\\/#\\\/schema\\\/logo\\\/image\\\/\",\"url\":\"https:\\\/\\\/www.webdo.tn\\\/fr\\\/wp-content\\\/uploads\\\/2025\\\/06\\\/Webdo-Tunisie_168377.jpg\",\"contentUrl\":\"https:\\\/\\\/www.webdo.tn\\\/fr\\\/wp-content\\\/uploads\\\/2025\\\/06\\\/Webdo-Tunisie_168377.jpg\",\"width\":301,\"height\":301,\"caption\":\"Webdo\"},\"image\":{\"@id\":\"https:\\\/\\\/www.webdo.tn\\\/fr\\\/#\\\/schema\\\/logo\\\/image\\\/\"},\"sameAs\":[\"https:\\\/\\\/www.facebook.com\\\/webdotn\",\"https:\\\/\\\/x.com\\\/webdo_tn\"],\"description\":\"Webdo est un m\u00e9dia num\u00e9rique tunisien fond\u00e9 en 2010, sp\u00e9cialis\u00e9 dans l\u2019actualit\u00e9 nationale et internationale, l\u2019\u00e9conomie, la soci\u00e9t\u00e9 et les analyses politiques. Le site s\u2019adresse \u00e0 un large public francophone et couvre l\u2019information tunisienne en temps r\u00e9el.\",\"email\":\"redac@webdo.tn\",\"legalName\":\"YNJ SARL\",\"foundingDate\":\"2010-09-06\",\"numberOfEmployees\":{\"@type\":\"QuantitativeValue\",\"minValue\":\"11\",\"maxValue\":\"50\"}},{\"@type\":\"Person\",\"@id\":\"https:\\\/\\\/www.webdo.tn\\\/fr\\\/#\\\/schema\\\/person\\\/9a9c6118d687c117df8ef3cc36a4d175\",\"name\":\"webdo.tn\",\"image\":{\"@type\":\"ImageObject\",\"inLanguage\":\"fr-FR\",\"@id\":\"https:\\\/\\\/secure.gravatar.com\\\/avatar\\\/7ce1f28c0c3bbac99ff550b85ef8e44a6950c6ee24514fb6a5489e51d06f0298?s=96&d=mm&r=g\",\"url\":\"https:\\\/\\\/secure.gravatar.com\\\/avatar\\\/7ce1f28c0c3bbac99ff550b85ef8e44a6950c6ee24514fb6a5489e51d06f0298?s=96&d=mm&r=g\",\"contentUrl\":\"https:\\\/\\\/secure.gravatar.com\\\/avatar\\\/7ce1f28c0c3bbac99ff550b85ef8e44a6950c6ee24514fb6a5489e51d06f0298?s=96&d=mm&r=g\",\"caption\":\"webdo.tn\"},\"url\":\"https:\\\/\\\/www.webdo.tn\\\/fr\\\/actualite\\\/author\\\/webdotn\\\/\"}]}<\/script>\n<!-- \/ Yoast SEO Premium plugin. -->","yoast_head_json":{"title":"Qu'est ce qui a conduit Hasna \u00e0 devenir une femme kamikaze \u00e0 Saint-Denis ?","description":"Qu'est ce qui a conduit Hasna \u00e0 devenir une femme kamikaze \u00e0 Saint-Denis ?","canonical":"https:\/\/www.webdo.tn\/fr\/actualite\/international\/quest-ce-qui-a-conduit-hasna-a-devenir-une-femme-kamikaze-a-saint-denis\/183768\/","og_locale":"fr_FR","og_type":"article","og_title":"Qu'est ce qui a conduit Hasna \u00e0 devenir une femme kamikaze \u00e0 Saint-Denis ?","og_description":"Qu'est ce qui a conduit Hasna \u00e0 devenir une femme kamikaze \u00e0 Saint-Denis ?","og_url":"https:\/\/www.webdo.tn\/fr\/actualite\/international\/quest-ce-qui-a-conduit-hasna-a-devenir-une-femme-kamikaze-a-saint-denis\/183768\/","og_site_name":"webdo","article_publisher":"https:\/\/www.facebook.com\/webdotn","article_published_time":"2015-11-19T22:03:00+00:00","og_image":[{"width":300,"height":200,"url":"https:\/\/www.webdo.tn\/fr\/wp-content\/uploads\/2015\/11\/hasna-kamikaze-300x200-1.jpg","type":"image\/jpeg"}],"author":"webdo.tn","twitter_card":"summary_large_image","twitter_creator":"@webdo_tn","twitter_site":"@webdo_tn","twitter_misc":{"\u00c9crit par":"webdo.tn","Dur\u00e9e de lecture estim\u00e9e":"1 minute"},"schema":{"@context":"https:\/\/schema.org","@graph":[{"@type":"NewsArticle","@id":"https:\/\/www.webdo.tn\/fr\/actualite\/international\/quest-ce-qui-a-conduit-hasna-a-devenir-une-femme-kamikaze-a-saint-denis\/183768\/#article","isPartOf":{"@id":"https:\/\/www.webdo.tn\/fr\/actualite\/international\/quest-ce-qui-a-conduit-hasna-a-devenir-une-femme-kamikaze-a-saint-denis\/183768\/"},"author":{"name":"webdo.tn","@id":"https:\/\/www.webdo.tn\/fr\/#\/schema\/person\/9a9c6118d687c117df8ef3cc36a4d175"},"headline":"Qu&rsquo;est ce qui a conduit Hasna \u00e0 devenir une femme kamikaze \u00e0 Saint-Denis ?","datePublished":"2015-11-19T22:03:00+00:00","mainEntityOfPage":{"@id":"https:\/\/www.webdo.tn\/fr\/actualite\/international\/quest-ce-qui-a-conduit-hasna-a-devenir-une-femme-kamikaze-a-saint-denis\/183768\/"},"wordCount":269,"commentCount":0,"publisher":{"@id":"https:\/\/www.webdo.tn\/fr\/#organization"},"image":{"@id":"https:\/\/www.webdo.tn\/fr\/actualite\/international\/quest-ce-qui-a-conduit-hasna-a-devenir-une-femme-kamikaze-a-saint-denis\/183768\/#primaryimage"},"thumbnailUrl":"https:\/\/www.webdo.tn\/fr\/wp-content\/uploads\/2015\/11\/hasna-kamikaze-300x200-1.jpg","keywords":["guerre"],"articleSection":["International"],"inLanguage":"fr-FR"},{"@type":"WebPage","@id":"https:\/\/www.webdo.tn\/fr\/actualite\/international\/quest-ce-qui-a-conduit-hasna-a-devenir-une-femme-kamikaze-a-saint-denis\/183768\/","url":"https:\/\/www.webdo.tn\/fr\/actualite\/international\/quest-ce-qui-a-conduit-hasna-a-devenir-une-femme-kamikaze-a-saint-denis\/183768\/","name":"Qu'est ce qui a conduit Hasna \u00e0 devenir une femme kamikaze \u00e0 Saint-Denis ?","isPartOf":{"@id":"https:\/\/www.webdo.tn\/fr\/#website"},"primaryImageOfPage":{"@id":"https:\/\/www.webdo.tn\/fr\/actualite\/international\/quest-ce-qui-a-conduit-hasna-a-devenir-une-femme-kamikaze-a-saint-denis\/183768\/#primaryimage"},"image":{"@id":"https:\/\/www.webdo.tn\/fr\/actualite\/international\/quest-ce-qui-a-conduit-hasna-a-devenir-une-femme-kamikaze-a-saint-denis\/183768\/#primaryimage"},"thumbnailUrl":"https:\/\/www.webdo.tn\/fr\/wp-content\/uploads\/2015\/11\/hasna-kamikaze-300x200-1.jpg","datePublished":"2015-11-19T22:03:00+00:00","description":"Qu'est ce qui a conduit Hasna \u00e0 devenir une femme kamikaze \u00e0 Saint-Denis ?","breadcrumb":{"@id":"https:\/\/www.webdo.tn\/fr\/actualite\/international\/quest-ce-qui-a-conduit-hasna-a-devenir-une-femme-kamikaze-a-saint-denis\/183768\/#breadcrumb"},"inLanguage":"fr-FR","potentialAction":[{"@type":"ReadAction","target":["https:\/\/www.webdo.tn\/fr\/actualite\/international\/quest-ce-qui-a-conduit-hasna-a-devenir-une-femme-kamikaze-a-saint-denis\/183768\/"]}]},{"@type":"ImageObject","inLanguage":"fr-FR","@id":"https:\/\/www.webdo.tn\/fr\/actualite\/international\/quest-ce-qui-a-conduit-hasna-a-devenir-une-femme-kamikaze-a-saint-denis\/183768\/#primaryimage","url":"https:\/\/www.webdo.tn\/fr\/wp-content\/uploads\/2015\/11\/hasna-kamikaze-300x200-1.jpg","contentUrl":"https:\/\/www.webdo.tn\/fr\/wp-content\/uploads\/2015\/11\/hasna-kamikaze-300x200-1.jpg","width":300,"height":200,"caption":"Qu'est ce qui a conduit Hasna \u00e0 devenir une femme kamikaze \u00e0 Saint-Denis ?"},{"@type":"BreadcrumbList","@id":"https:\/\/www.webdo.tn\/fr\/actualite\/international\/quest-ce-qui-a-conduit-hasna-a-devenir-une-femme-kamikaze-a-saint-denis\/183768\/#breadcrumb","itemListElement":[{"@type":"ListItem","position":1,"name":"Accueil","item":"https:\/\/www.webdo.tn\/fr\/"},{"@type":"ListItem","position":2,"name":"Qu&rsquo;est ce qui a conduit Hasna \u00e0 devenir une femme kamikaze \u00e0 Saint-Denis ?"}]},{"@type":"WebSite","@id":"https:\/\/www.webdo.tn\/fr\/#website","url":"https:\/\/www.webdo.tn\/fr\/","name":"webdo","description":"Tunisie - News en Tunisie et \u00e0 l&#039;international sur Webdo.tn","publisher":{"@id":"https:\/\/www.webdo.tn\/fr\/#organization"},"potentialAction":[{"@type":"SearchAction","target":{"@type":"EntryPoint","urlTemplate":"https:\/\/www.webdo.tn\/fr\/?s={search_term_string}"},"query-input":{"@type":"PropertyValueSpecification","valueRequired":true,"valueName":"search_term_string"}}],"inLanguage":"fr-FR"},{"@type":"Organization","@id":"https:\/\/www.webdo.tn\/fr\/#organization","name":"Webdo","alternateName":"Webdo.tn","url":"https:\/\/www.webdo.tn\/fr\/","logo":{"@type":"ImageObject","inLanguage":"fr-FR","@id":"https:\/\/www.webdo.tn\/fr\/#\/schema\/logo\/image\/","url":"https:\/\/www.webdo.tn\/fr\/wp-content\/uploads\/2025\/06\/Webdo-Tunisie_168377.jpg","contentUrl":"https:\/\/www.webdo.tn\/fr\/wp-content\/uploads\/2025\/06\/Webdo-Tunisie_168377.jpg","width":301,"height":301,"caption":"Webdo"},"image":{"@id":"https:\/\/www.webdo.tn\/fr\/#\/schema\/logo\/image\/"},"sameAs":["https:\/\/www.facebook.com\/webdotn","https:\/\/x.com\/webdo_tn"],"description":"Webdo est un m\u00e9dia num\u00e9rique tunisien fond\u00e9 en 2010, sp\u00e9cialis\u00e9 dans l\u2019actualit\u00e9 nationale et internationale, l\u2019\u00e9conomie, la soci\u00e9t\u00e9 et les analyses politiques. Le site s\u2019adresse \u00e0 un large public francophone et couvre l\u2019information tunisienne en temps r\u00e9el.","email":"redac@webdo.tn","legalName":"YNJ SARL","foundingDate":"2010-09-06","numberOfEmployees":{"@type":"QuantitativeValue","minValue":"11","maxValue":"50"}},{"@type":"Person","@id":"https:\/\/www.webdo.tn\/fr\/#\/schema\/person\/9a9c6118d687c117df8ef3cc36a4d175","name":"webdo.tn","image":{"@type":"ImageObject","inLanguage":"fr-FR","@id":"https:\/\/secure.gravatar.com\/avatar\/7ce1f28c0c3bbac99ff550b85ef8e44a6950c6ee24514fb6a5489e51d06f0298?s=96&d=mm&r=g","url":"https:\/\/secure.gravatar.com\/avatar\/7ce1f28c0c3bbac99ff550b85ef8e44a6950c6ee24514fb6a5489e51d06f0298?s=96&d=mm&r=g","contentUrl":"https:\/\/secure.gravatar.com\/avatar\/7ce1f28c0c3bbac99ff550b85ef8e44a6950c6ee24514fb6a5489e51d06f0298?s=96&d=mm&r=g","caption":"webdo.tn"},"url":"https:\/\/www.webdo.tn\/fr\/actualite\/author\/webdotn\/"}]}},"_links":{"self":[{"href":"https:\/\/www.webdo.tn\/fr\/wp-json\/wp\/v2\/posts\/183768","targetHints":{"allow":["GET"]}}],"collection":[{"href":"https:\/\/www.webdo.tn\/fr\/wp-json\/wp\/v2\/posts"}],"about":[{"href":"https:\/\/www.webdo.tn\/fr\/wp-json\/wp\/v2\/types\/post"}],"author":[{"embeddable":true,"href":"https:\/\/www.webdo.tn\/fr\/wp-json\/wp\/v2\/users\/3222"}],"replies":[{"embeddable":true,"href":"https:\/\/www.webdo.tn\/fr\/wp-json\/wp\/v2\/comments?post=183768"}],"version-history":[{"count":0,"href":"https:\/\/www.webdo.tn\/fr\/wp-json\/wp\/v2\/posts\/183768\/revisions"}],"wp:featuredmedia":[{"embeddable":true,"href":"https:\/\/www.webdo.tn\/fr\/wp-json\/wp\/v2\/media\/329103"}],"wp:attachment":[{"href":"https:\/\/www.webdo.tn\/fr\/wp-json\/wp\/v2\/media?parent=183768"}],"wp:term":[{"taxonomy":"category","embeddable":true,"href":"https:\/\/www.webdo.tn\/fr\/wp-json\/wp\/v2\/categories?post=183768"},{"taxonomy":"post_tag","embeddable":true,"href":"https:\/\/www.webdo.tn\/fr\/wp-json\/wp\/v2\/tags?post=183768"}],"curies":[{"name":"wp","href":"https:\/\/api.w.org\/{rel}","templated":true}]}}