{"id":183767,"date":"2015-11-19T22:33:00","date_gmt":"2015-11-19T22:33:00","guid":{"rendered":"https:\/\/www.webdo.tn\/fr\/blog\/cest-les-renseignements-marocains-qui-ont-fourni-a-la-france-la-planque-des-terroristes-de-saint-denis\/183767\/"},"modified":"2015-11-19T22:33:00","modified_gmt":"2015-11-19T22:33:00","slug":"cest-les-renseignements-marocains-qui-ont-fourni-a-la-france-la-planque-des-terroristes-de-saint-denis","status":"publish","type":"post","link":"https:\/\/www.webdo.tn\/fr\/actualite\/international\/cest-les-renseignements-marocains-qui-ont-fourni-a-la-france-la-planque-des-terroristes-de-saint-denis\/183767\/","title":{"rendered":"Les renseignements marocains ont alert\u00e9 la France sur la pr\u00e9sence d&rsquo;Abaaoud \u00e0 Saint-Denis"},"content":{"rendered":"<p>Lundi dernier, le ministre de l&rsquo;Int\u00e9rieur fran\u00e7ais, Bernard Cazeneuve, avait affirm\u00e9 qu&rsquo;un service de renseignement \u00ab\u00a0d&rsquo;un pays hors d&rsquo;Europe\u00a0\u00bb avait indiqu\u00e9 aux services fran\u00e7ais la pr\u00e9sence de Abdelhamid Abaaoud sur le sol grec.<\/p>\n<p>Aujourd&rsquo;hui, certains m\u00e9dias fran\u00e7ais relatent le fait que ce sont les services de renseignements marocains qui ont conduit les services antiterroristes fran\u00e7ais \u00e0 mettre la main sur le cerveau pr\u00e9sum\u00e9 des attentats de Paris.<\/p>\n<p>Pour rappel, mercredi matin, un assaut du Raid contre la planque des terroristes, en liaison direct avec les kamikazes de vendredi dernier, a permis l&rsquo;arrestation de sept suspect et la mort de deux autres, dont le commanditaire pr\u00e9sum\u00e9 desdits attentats, Abdelhamid Abaaoud.<\/p>\n<p>Cette information pose plusieurs questions. Comment se fait-il que la France n&rsquo;\u00e9tait pas au courant de la pr\u00e9sence de Abaaoud sur son sol ? Aucun autre pays europ\u00e9en d&rsquo;ailleurs n&rsquo;a signal\u00e9 la pr\u00e9sence sur ses terres du cerveau des attentats de Paris. Certains informations faisaient d&rsquo;ailleurs \u00e9tat de sa pr\u00e9sence en Syrie et que c&rsquo;est de l\u00e0-bas qu&rsquo;ils auraient dirig\u00e9 les kamikazes de Paris.<br \/>\nN.J.<\/p>\n","protected":false},"excerpt":{"rendered":"<p>Les renseignements marocains ont alert\u00e9 la France sur la pr\u00e9sence d&rsquo;Abaaoud \u00e0 Saint-Denis<\/p>\n","protected":false},"author":3222,"featured_media":329095,"comment_status":"open","ping_status":"closed","sticky":false,"template":"","format":"standard","meta":{"footnotes":""},"categories":[2598],"tags":[2600],"class_list":["post-183767","post","type-post","status-publish","format-standard","has-post-thumbnail","hentry","category-international","tag-guerre"],"yoast_head":"<!-- This site is optimized with the Yoast SEO Premium plugin v27.5 (Yoast SEO v27.5) - https:\/\/yoast.com\/product\/yoast-seo-premium-wordpress\/ -->\n<title>Les renseignements marocains ont alert\u00e9 la France sur la pr\u00e9sence d&#039;Abaaoud \u00e0 Saint-Denis<\/title>\n<meta name=\"description\" content=\"Les renseignements marocains ont alert\u00e9 la France sur la pr\u00e9sence d&#039;Abaaoud \u00e0 Saint-Denis\" \/>\n<link rel=\"canonical\" href=\"https:\/\/www.webdo.tn\/fr\/actualite\/international\/cest-les-renseignements-marocains-qui-ont-fourni-a-la-france-la-planque-des-terroristes-de-saint-denis\/183767\/\" \/>\n<meta property=\"og:locale\" content=\"fr_FR\" \/>\n<meta property=\"og:type\" content=\"article\" \/>\n<meta property=\"og:title\" content=\"Les renseignements marocains ont alert\u00e9 la France sur la pr\u00e9sence d&#039;Abaaoud \u00e0 Saint-Denis\" \/>\n<meta property=\"og:description\" content=\"Les renseignements marocains ont alert\u00e9 la France sur la pr\u00e9sence d&#039;Abaaoud \u00e0 Saint-Denis\" \/>\n<meta property=\"og:url\" content=\"https:\/\/www.webdo.tn\/fr\/actualite\/international\/cest-les-renseignements-marocains-qui-ont-fourni-a-la-france-la-planque-des-terroristes-de-saint-denis\/183767\/\" \/>\n<meta property=\"og:site_name\" content=\"webdo\" \/>\n<meta property=\"article:publisher\" content=\"https:\/\/www.facebook.com\/webdotn\" \/>\n<meta property=\"article:published_time\" content=\"2015-11-19T22:33:00+00:00\" \/>\n<meta property=\"og:image\" content=\"https:\/\/www.webdo.tn\/fr\/wp-content\/uploads\/2015\/11\/Abdelhamid-Abaaoud-1.jpg\" \/>\n\t<meta property=\"og:image:width\" content=\"805\" \/>\n\t<meta property=\"og:image:height\" content=\"453\" \/>\n\t<meta property=\"og:image:type\" content=\"image\/jpeg\" \/>\n<meta name=\"author\" content=\"webdo.tn\" \/>\n<meta name=\"twitter:card\" content=\"summary_large_image\" \/>\n<meta name=\"twitter:creator\" content=\"@webdo_tn\" \/>\n<meta name=\"twitter:site\" content=\"@webdo_tn\" \/>\n<meta name=\"twitter:label1\" content=\"\u00c9crit par\" \/>\n\t<meta name=\"twitter:data1\" content=\"webdo.tn\" \/>\n\t<meta name=\"twitter:label2\" content=\"Dur\u00e9e de lecture estim\u00e9e\" \/>\n\t<meta name=\"twitter:data2\" content=\"1 minute\" \/>\n<script type=\"application\/ld+json\" class=\"yoast-schema-graph\">{\"@context\":\"https:\\\/\\\/schema.org\",\"@graph\":[{\"@type\":\"NewsArticle\",\"@id\":\"https:\\\/\\\/www.webdo.tn\\\/fr\\\/actualite\\\/international\\\/cest-les-renseignements-marocains-qui-ont-fourni-a-la-france-la-planque-des-terroristes-de-saint-denis\\\/183767\\\/#article\",\"isPartOf\":{\"@id\":\"https:\\\/\\\/www.webdo.tn\\\/fr\\\/actualite\\\/international\\\/cest-les-renseignements-marocains-qui-ont-fourni-a-la-france-la-planque-des-terroristes-de-saint-denis\\\/183767\\\/\"},\"author\":{\"name\":\"webdo.tn\",\"@id\":\"https:\\\/\\\/www.webdo.tn\\\/fr\\\/#\\\/schema\\\/person\\\/9a9c6118d687c117df8ef3cc36a4d175\"},\"headline\":\"Les renseignements marocains ont alert\u00e9 la France sur la pr\u00e9sence d&rsquo;Abaaoud \u00e0 Saint-Denis\",\"datePublished\":\"2015-11-19T22:33:00+00:00\",\"mainEntityOfPage\":{\"@id\":\"https:\\\/\\\/www.webdo.tn\\\/fr\\\/actualite\\\/international\\\/cest-les-renseignements-marocains-qui-ont-fourni-a-la-france-la-planque-des-terroristes-de-saint-denis\\\/183767\\\/\"},\"wordCount\":213,\"commentCount\":0,\"publisher\":{\"@id\":\"https:\\\/\\\/www.webdo.tn\\\/fr\\\/#organization\"},\"image\":{\"@id\":\"https:\\\/\\\/www.webdo.tn\\\/fr\\\/actualite\\\/international\\\/cest-les-renseignements-marocains-qui-ont-fourni-a-la-france-la-planque-des-terroristes-de-saint-denis\\\/183767\\\/#primaryimage\"},\"thumbnailUrl\":\"https:\\\/\\\/www.webdo.tn\\\/fr\\\/wp-content\\\/uploads\\\/2015\\\/11\\\/Abdelhamid-Abaaoud-1.jpg\",\"keywords\":[\"guerre\"],\"articleSection\":[\"International\"],\"inLanguage\":\"fr-FR\"},{\"@type\":\"WebPage\",\"@id\":\"https:\\\/\\\/www.webdo.tn\\\/fr\\\/actualite\\\/international\\\/cest-les-renseignements-marocains-qui-ont-fourni-a-la-france-la-planque-des-terroristes-de-saint-denis\\\/183767\\\/\",\"url\":\"https:\\\/\\\/www.webdo.tn\\\/fr\\\/actualite\\\/international\\\/cest-les-renseignements-marocains-qui-ont-fourni-a-la-france-la-planque-des-terroristes-de-saint-denis\\\/183767\\\/\",\"name\":\"Les renseignements marocains ont alert\u00e9 la France sur la pr\u00e9sence d'Abaaoud \u00e0 Saint-Denis\",\"isPartOf\":{\"@id\":\"https:\\\/\\\/www.webdo.tn\\\/fr\\\/#website\"},\"primaryImageOfPage\":{\"@id\":\"https:\\\/\\\/www.webdo.tn\\\/fr\\\/actualite\\\/international\\\/cest-les-renseignements-marocains-qui-ont-fourni-a-la-france-la-planque-des-terroristes-de-saint-denis\\\/183767\\\/#primaryimage\"},\"image\":{\"@id\":\"https:\\\/\\\/www.webdo.tn\\\/fr\\\/actualite\\\/international\\\/cest-les-renseignements-marocains-qui-ont-fourni-a-la-france-la-planque-des-terroristes-de-saint-denis\\\/183767\\\/#primaryimage\"},\"thumbnailUrl\":\"https:\\\/\\\/www.webdo.tn\\\/fr\\\/wp-content\\\/uploads\\\/2015\\\/11\\\/Abdelhamid-Abaaoud-1.jpg\",\"datePublished\":\"2015-11-19T22:33:00+00:00\",\"description\":\"Les renseignements marocains ont alert\u00e9 la France sur la pr\u00e9sence d'Abaaoud \u00e0 Saint-Denis\",\"breadcrumb\":{\"@id\":\"https:\\\/\\\/www.webdo.tn\\\/fr\\\/actualite\\\/international\\\/cest-les-renseignements-marocains-qui-ont-fourni-a-la-france-la-planque-des-terroristes-de-saint-denis\\\/183767\\\/#breadcrumb\"},\"inLanguage\":\"fr-FR\",\"potentialAction\":[{\"@type\":\"ReadAction\",\"target\":[\"https:\\\/\\\/www.webdo.tn\\\/fr\\\/actualite\\\/international\\\/cest-les-renseignements-marocains-qui-ont-fourni-a-la-france-la-planque-des-terroristes-de-saint-denis\\\/183767\\\/\"]}]},{\"@type\":\"ImageObject\",\"inLanguage\":\"fr-FR\",\"@id\":\"https:\\\/\\\/www.webdo.tn\\\/fr\\\/actualite\\\/international\\\/cest-les-renseignements-marocains-qui-ont-fourni-a-la-france-la-planque-des-terroristes-de-saint-denis\\\/183767\\\/#primaryimage\",\"url\":\"https:\\\/\\\/www.webdo.tn\\\/fr\\\/wp-content\\\/uploads\\\/2015\\\/11\\\/Abdelhamid-Abaaoud-1.jpg\",\"contentUrl\":\"https:\\\/\\\/www.webdo.tn\\\/fr\\\/wp-content\\\/uploads\\\/2015\\\/11\\\/Abdelhamid-Abaaoud-1.jpg\",\"width\":805,\"height\":453,\"caption\":\"Les renseignements marocains ont alert\u00e9 la France sur la pr\u00e9sence d'Abaaoud \u00e0 Saint-Denis\"},{\"@type\":\"BreadcrumbList\",\"@id\":\"https:\\\/\\\/www.webdo.tn\\\/fr\\\/actualite\\\/international\\\/cest-les-renseignements-marocains-qui-ont-fourni-a-la-france-la-planque-des-terroristes-de-saint-denis\\\/183767\\\/#breadcrumb\",\"itemListElement\":[{\"@type\":\"ListItem\",\"position\":1,\"name\":\"Accueil\",\"item\":\"https:\\\/\\\/www.webdo.tn\\\/fr\\\/\"},{\"@type\":\"ListItem\",\"position\":2,\"name\":\"Les renseignements marocains ont alert\u00e9 la France sur la pr\u00e9sence d&rsquo;Abaaoud \u00e0 Saint-Denis\"}]},{\"@type\":\"WebSite\",\"@id\":\"https:\\\/\\\/www.webdo.tn\\\/fr\\\/#website\",\"url\":\"https:\\\/\\\/www.webdo.tn\\\/fr\\\/\",\"name\":\"webdo\",\"description\":\"Tunisie - News en Tunisie et \u00e0 l&#039;international sur Webdo.tn\",\"publisher\":{\"@id\":\"https:\\\/\\\/www.webdo.tn\\\/fr\\\/#organization\"},\"potentialAction\":[{\"@type\":\"SearchAction\",\"target\":{\"@type\":\"EntryPoint\",\"urlTemplate\":\"https:\\\/\\\/www.webdo.tn\\\/fr\\\/?s={search_term_string}\"},\"query-input\":{\"@type\":\"PropertyValueSpecification\",\"valueRequired\":true,\"valueName\":\"search_term_string\"}}],\"inLanguage\":\"fr-FR\"},{\"@type\":\"Organization\",\"@id\":\"https:\\\/\\\/www.webdo.tn\\\/fr\\\/#organization\",\"name\":\"Webdo\",\"alternateName\":\"Webdo.tn\",\"url\":\"https:\\\/\\\/www.webdo.tn\\\/fr\\\/\",\"logo\":{\"@type\":\"ImageObject\",\"inLanguage\":\"fr-FR\",\"@id\":\"https:\\\/\\\/www.webdo.tn\\\/fr\\\/#\\\/schema\\\/logo\\\/image\\\/\",\"url\":\"https:\\\/\\\/www.webdo.tn\\\/fr\\\/wp-content\\\/uploads\\\/2025\\\/06\\\/Webdo-Tunisie_168377.jpg\",\"contentUrl\":\"https:\\\/\\\/www.webdo.tn\\\/fr\\\/wp-content\\\/uploads\\\/2025\\\/06\\\/Webdo-Tunisie_168377.jpg\",\"width\":301,\"height\":301,\"caption\":\"Webdo\"},\"image\":{\"@id\":\"https:\\\/\\\/www.webdo.tn\\\/fr\\\/#\\\/schema\\\/logo\\\/image\\\/\"},\"sameAs\":[\"https:\\\/\\\/www.facebook.com\\\/webdotn\",\"https:\\\/\\\/x.com\\\/webdo_tn\"],\"description\":\"Webdo est un m\u00e9dia num\u00e9rique tunisien fond\u00e9 en 2010, sp\u00e9cialis\u00e9 dans l\u2019actualit\u00e9 nationale et internationale, l\u2019\u00e9conomie, la soci\u00e9t\u00e9 et les analyses politiques. Le site s\u2019adresse \u00e0 un large public francophone et couvre l\u2019information tunisienne en temps r\u00e9el.\",\"email\":\"redac@webdo.tn\",\"legalName\":\"YNJ SARL\",\"foundingDate\":\"2010-09-06\",\"numberOfEmployees\":{\"@type\":\"QuantitativeValue\",\"minValue\":\"11\",\"maxValue\":\"50\"}},{\"@type\":\"Person\",\"@id\":\"https:\\\/\\\/www.webdo.tn\\\/fr\\\/#\\\/schema\\\/person\\\/9a9c6118d687c117df8ef3cc36a4d175\",\"name\":\"webdo.tn\",\"image\":{\"@type\":\"ImageObject\",\"inLanguage\":\"fr-FR\",\"@id\":\"https:\\\/\\\/secure.gravatar.com\\\/avatar\\\/7ce1f28c0c3bbac99ff550b85ef8e44a6950c6ee24514fb6a5489e51d06f0298?s=96&d=mm&r=g\",\"url\":\"https:\\\/\\\/secure.gravatar.com\\\/avatar\\\/7ce1f28c0c3bbac99ff550b85ef8e44a6950c6ee24514fb6a5489e51d06f0298?s=96&d=mm&r=g\",\"contentUrl\":\"https:\\\/\\\/secure.gravatar.com\\\/avatar\\\/7ce1f28c0c3bbac99ff550b85ef8e44a6950c6ee24514fb6a5489e51d06f0298?s=96&d=mm&r=g\",\"caption\":\"webdo.tn\"},\"url\":\"https:\\\/\\\/www.webdo.tn\\\/fr\\\/actualite\\\/author\\\/webdotn\\\/\"}]}<\/script>\n<!-- \/ Yoast SEO Premium plugin. -->","yoast_head_json":{"title":"Les renseignements marocains ont alert\u00e9 la France sur la pr\u00e9sence d'Abaaoud \u00e0 Saint-Denis","description":"Les renseignements marocains ont alert\u00e9 la France sur la pr\u00e9sence d'Abaaoud \u00e0 Saint-Denis","canonical":"https:\/\/www.webdo.tn\/fr\/actualite\/international\/cest-les-renseignements-marocains-qui-ont-fourni-a-la-france-la-planque-des-terroristes-de-saint-denis\/183767\/","og_locale":"fr_FR","og_type":"article","og_title":"Les renseignements marocains ont alert\u00e9 la France sur la pr\u00e9sence d'Abaaoud \u00e0 Saint-Denis","og_description":"Les renseignements marocains ont alert\u00e9 la France sur la pr\u00e9sence d'Abaaoud \u00e0 Saint-Denis","og_url":"https:\/\/www.webdo.tn\/fr\/actualite\/international\/cest-les-renseignements-marocains-qui-ont-fourni-a-la-france-la-planque-des-terroristes-de-saint-denis\/183767\/","og_site_name":"webdo","article_publisher":"https:\/\/www.facebook.com\/webdotn","article_published_time":"2015-11-19T22:33:00+00:00","og_image":[{"width":805,"height":453,"url":"https:\/\/www.webdo.tn\/fr\/wp-content\/uploads\/2015\/11\/Abdelhamid-Abaaoud-1.jpg","type":"image\/jpeg"}],"author":"webdo.tn","twitter_card":"summary_large_image","twitter_creator":"@webdo_tn","twitter_site":"@webdo_tn","twitter_misc":{"\u00c9crit par":"webdo.tn","Dur\u00e9e de lecture estim\u00e9e":"1 minute"},"schema":{"@context":"https:\/\/schema.org","@graph":[{"@type":"NewsArticle","@id":"https:\/\/www.webdo.tn\/fr\/actualite\/international\/cest-les-renseignements-marocains-qui-ont-fourni-a-la-france-la-planque-des-terroristes-de-saint-denis\/183767\/#article","isPartOf":{"@id":"https:\/\/www.webdo.tn\/fr\/actualite\/international\/cest-les-renseignements-marocains-qui-ont-fourni-a-la-france-la-planque-des-terroristes-de-saint-denis\/183767\/"},"author":{"name":"webdo.tn","@id":"https:\/\/www.webdo.tn\/fr\/#\/schema\/person\/9a9c6118d687c117df8ef3cc36a4d175"},"headline":"Les renseignements marocains ont alert\u00e9 la France sur la pr\u00e9sence d&rsquo;Abaaoud \u00e0 Saint-Denis","datePublished":"2015-11-19T22:33:00+00:00","mainEntityOfPage":{"@id":"https:\/\/www.webdo.tn\/fr\/actualite\/international\/cest-les-renseignements-marocains-qui-ont-fourni-a-la-france-la-planque-des-terroristes-de-saint-denis\/183767\/"},"wordCount":213,"commentCount":0,"publisher":{"@id":"https:\/\/www.webdo.tn\/fr\/#organization"},"image":{"@id":"https:\/\/www.webdo.tn\/fr\/actualite\/international\/cest-les-renseignements-marocains-qui-ont-fourni-a-la-france-la-planque-des-terroristes-de-saint-denis\/183767\/#primaryimage"},"thumbnailUrl":"https:\/\/www.webdo.tn\/fr\/wp-content\/uploads\/2015\/11\/Abdelhamid-Abaaoud-1.jpg","keywords":["guerre"],"articleSection":["International"],"inLanguage":"fr-FR"},{"@type":"WebPage","@id":"https:\/\/www.webdo.tn\/fr\/actualite\/international\/cest-les-renseignements-marocains-qui-ont-fourni-a-la-france-la-planque-des-terroristes-de-saint-denis\/183767\/","url":"https:\/\/www.webdo.tn\/fr\/actualite\/international\/cest-les-renseignements-marocains-qui-ont-fourni-a-la-france-la-planque-des-terroristes-de-saint-denis\/183767\/","name":"Les renseignements marocains ont alert\u00e9 la France sur la pr\u00e9sence d'Abaaoud \u00e0 Saint-Denis","isPartOf":{"@id":"https:\/\/www.webdo.tn\/fr\/#website"},"primaryImageOfPage":{"@id":"https:\/\/www.webdo.tn\/fr\/actualite\/international\/cest-les-renseignements-marocains-qui-ont-fourni-a-la-france-la-planque-des-terroristes-de-saint-denis\/183767\/#primaryimage"},"image":{"@id":"https:\/\/www.webdo.tn\/fr\/actualite\/international\/cest-les-renseignements-marocains-qui-ont-fourni-a-la-france-la-planque-des-terroristes-de-saint-denis\/183767\/#primaryimage"},"thumbnailUrl":"https:\/\/www.webdo.tn\/fr\/wp-content\/uploads\/2015\/11\/Abdelhamid-Abaaoud-1.jpg","datePublished":"2015-11-19T22:33:00+00:00","description":"Les renseignements marocains ont alert\u00e9 la France sur la pr\u00e9sence d'Abaaoud \u00e0 Saint-Denis","breadcrumb":{"@id":"https:\/\/www.webdo.tn\/fr\/actualite\/international\/cest-les-renseignements-marocains-qui-ont-fourni-a-la-france-la-planque-des-terroristes-de-saint-denis\/183767\/#breadcrumb"},"inLanguage":"fr-FR","potentialAction":[{"@type":"ReadAction","target":["https:\/\/www.webdo.tn\/fr\/actualite\/international\/cest-les-renseignements-marocains-qui-ont-fourni-a-la-france-la-planque-des-terroristes-de-saint-denis\/183767\/"]}]},{"@type":"ImageObject","inLanguage":"fr-FR","@id":"https:\/\/www.webdo.tn\/fr\/actualite\/international\/cest-les-renseignements-marocains-qui-ont-fourni-a-la-france-la-planque-des-terroristes-de-saint-denis\/183767\/#primaryimage","url":"https:\/\/www.webdo.tn\/fr\/wp-content\/uploads\/2015\/11\/Abdelhamid-Abaaoud-1.jpg","contentUrl":"https:\/\/www.webdo.tn\/fr\/wp-content\/uploads\/2015\/11\/Abdelhamid-Abaaoud-1.jpg","width":805,"height":453,"caption":"Les renseignements marocains ont alert\u00e9 la France sur la pr\u00e9sence d'Abaaoud \u00e0 Saint-Denis"},{"@type":"BreadcrumbList","@id":"https:\/\/www.webdo.tn\/fr\/actualite\/international\/cest-les-renseignements-marocains-qui-ont-fourni-a-la-france-la-planque-des-terroristes-de-saint-denis\/183767\/#breadcrumb","itemListElement":[{"@type":"ListItem","position":1,"name":"Accueil","item":"https:\/\/www.webdo.tn\/fr\/"},{"@type":"ListItem","position":2,"name":"Les renseignements marocains ont alert\u00e9 la France sur la pr\u00e9sence d&rsquo;Abaaoud \u00e0 Saint-Denis"}]},{"@type":"WebSite","@id":"https:\/\/www.webdo.tn\/fr\/#website","url":"https:\/\/www.webdo.tn\/fr\/","name":"webdo","description":"Tunisie - News en Tunisie et \u00e0 l&#039;international sur Webdo.tn","publisher":{"@id":"https:\/\/www.webdo.tn\/fr\/#organization"},"potentialAction":[{"@type":"SearchAction","target":{"@type":"EntryPoint","urlTemplate":"https:\/\/www.webdo.tn\/fr\/?s={search_term_string}"},"query-input":{"@type":"PropertyValueSpecification","valueRequired":true,"valueName":"search_term_string"}}],"inLanguage":"fr-FR"},{"@type":"Organization","@id":"https:\/\/www.webdo.tn\/fr\/#organization","name":"Webdo","alternateName":"Webdo.tn","url":"https:\/\/www.webdo.tn\/fr\/","logo":{"@type":"ImageObject","inLanguage":"fr-FR","@id":"https:\/\/www.webdo.tn\/fr\/#\/schema\/logo\/image\/","url":"https:\/\/www.webdo.tn\/fr\/wp-content\/uploads\/2025\/06\/Webdo-Tunisie_168377.jpg","contentUrl":"https:\/\/www.webdo.tn\/fr\/wp-content\/uploads\/2025\/06\/Webdo-Tunisie_168377.jpg","width":301,"height":301,"caption":"Webdo"},"image":{"@id":"https:\/\/www.webdo.tn\/fr\/#\/schema\/logo\/image\/"},"sameAs":["https:\/\/www.facebook.com\/webdotn","https:\/\/x.com\/webdo_tn"],"description":"Webdo est un m\u00e9dia num\u00e9rique tunisien fond\u00e9 en 2010, sp\u00e9cialis\u00e9 dans l\u2019actualit\u00e9 nationale et internationale, l\u2019\u00e9conomie, la soci\u00e9t\u00e9 et les analyses politiques. Le site s\u2019adresse \u00e0 un large public francophone et couvre l\u2019information tunisienne en temps r\u00e9el.","email":"redac@webdo.tn","legalName":"YNJ SARL","foundingDate":"2010-09-06","numberOfEmployees":{"@type":"QuantitativeValue","minValue":"11","maxValue":"50"}},{"@type":"Person","@id":"https:\/\/www.webdo.tn\/fr\/#\/schema\/person\/9a9c6118d687c117df8ef3cc36a4d175","name":"webdo.tn","image":{"@type":"ImageObject","inLanguage":"fr-FR","@id":"https:\/\/secure.gravatar.com\/avatar\/7ce1f28c0c3bbac99ff550b85ef8e44a6950c6ee24514fb6a5489e51d06f0298?s=96&d=mm&r=g","url":"https:\/\/secure.gravatar.com\/avatar\/7ce1f28c0c3bbac99ff550b85ef8e44a6950c6ee24514fb6a5489e51d06f0298?s=96&d=mm&r=g","contentUrl":"https:\/\/secure.gravatar.com\/avatar\/7ce1f28c0c3bbac99ff550b85ef8e44a6950c6ee24514fb6a5489e51d06f0298?s=96&d=mm&r=g","caption":"webdo.tn"},"url":"https:\/\/www.webdo.tn\/fr\/actualite\/author\/webdotn\/"}]}},"_links":{"self":[{"href":"https:\/\/www.webdo.tn\/fr\/wp-json\/wp\/v2\/posts\/183767","targetHints":{"allow":["GET"]}}],"collection":[{"href":"https:\/\/www.webdo.tn\/fr\/wp-json\/wp\/v2\/posts"}],"about":[{"href":"https:\/\/www.webdo.tn\/fr\/wp-json\/wp\/v2\/types\/post"}],"author":[{"embeddable":true,"href":"https:\/\/www.webdo.tn\/fr\/wp-json\/wp\/v2\/users\/3222"}],"replies":[{"embeddable":true,"href":"https:\/\/www.webdo.tn\/fr\/wp-json\/wp\/v2\/comments?post=183767"}],"version-history":[{"count":0,"href":"https:\/\/www.webdo.tn\/fr\/wp-json\/wp\/v2\/posts\/183767\/revisions"}],"wp:featuredmedia":[{"embeddable":true,"href":"https:\/\/www.webdo.tn\/fr\/wp-json\/wp\/v2\/media\/329095"}],"wp:attachment":[{"href":"https:\/\/www.webdo.tn\/fr\/wp-json\/wp\/v2\/media?parent=183767"}],"wp:term":[{"taxonomy":"category","embeddable":true,"href":"https:\/\/www.webdo.tn\/fr\/wp-json\/wp\/v2\/categories?post=183767"},{"taxonomy":"post_tag","embeddable":true,"href":"https:\/\/www.webdo.tn\/fr\/wp-json\/wp\/v2\/tags?post=183767"}],"curies":[{"name":"wp","href":"https:\/\/api.w.org\/{rel}","templated":true}]}}