{"id":183766,"date":"2015-11-20T09:37:00","date_gmt":"2015-11-20T09:37:00","guid":{"rendered":"https:\/\/www.webdo.tn\/fr\/blog\/attentats-de-paris-abdelhamid-abaaoud-filme-dans-le-metro-pendant-les-attaques\/183766\/"},"modified":"2025-05-19T10:01:39","modified_gmt":"2025-05-19T10:01:39","slug":"attentats-de-paris-abdelhamid-abaaoud-filme-dans-le-metro-pendant-les-attaques","status":"publish","type":"post","link":"https:\/\/www.webdo.tn\/fr\/actualite\/international\/attentats-de-paris-abdelhamid-abaaoud-filme-dans-le-metro-pendant-les-attaques\/183766\/","title":{"rendered":"Attentats de Paris : Abdelhamid Abaaoud film\u00e9 dans le m\u00e9tro pendant les attaques"},"content":{"rendered":"<p>Le commanditaire pr\u00e9sum\u00e9 des attentats de Paris, Abdelhamid Abaaoud, aurait \u00e9t\u00e9 vu sur des images de vid\u00e9osurveillance du m\u00e9tro Croix de Chavaux, \u00e0 Montreuil, vendredi soir, r\u00e9v\u00e8le BFM TV, ce vendredi 20 novembre.<\/p>\n<p>En effet, l&rsquo;organisateur pr\u00e9sum\u00e9 des attentats de Paris, aurait \u00e9t\u00e9 vu sur les images de vid\u00e9osurveillance de deux cam\u00e9ras de la RATP \u00e0 la station de m\u00e9tro vendredi 13 novembre vers 22 heures. \u00ab\u00a0On le voit m\u00eame passer en fraudant les portiques du m\u00e9tro. A ce moment, l&rsquo;attentat du Bataclan est toujours en cours\u00a0\u00bb, pr\u00e9cise BFM TV.<\/p>\n<p>La station Croix de Chavaux est situ\u00e9e \u00e0 250 m\u00e8tres de l&rsquo;endroit o\u00f9 a \u00e9t\u00e9 trouv\u00e9e la Seat noire utilis\u00e9e par le commando pour les tueries devant les terrasses et caf\u00e9s parisiens. Des kalachnikovs avaient \u00e9t\u00e9 retrouv\u00e9es dans le v\u00e9hicule, lou\u00e9 par Brahim Abdeslam.<\/p>\n<p>Ces images pourraient donc laisser penser qu\u2019Abdelhamid Abaaoud a directement particip\u00e9 aux attentats. Il pourrait \u00eatre ce troisi\u00e8me homme, film\u00e9 \u00e0 bord de la Seat, selon l&rsquo;Obs. \u00ab\u00a0Si tel \u00e9tait le cas, si Abdelhamid Abaaoud n\u2019\u00e9tait qu\u2019un \u00ab\u00a0ex\u00e9cutant\u00a0\u00bb, se pose alors une autre question : qui \u00e9tait le commanditaire des attentats ?\u00a0\u00bb, s&rsquo;interroge le journal fran\u00e7ais.<\/p>\n<p>Le cerveau pr\u00e9sum\u00e9 des attentats de Paris, qui ont fait jusqu\u2019\u00e0 pr\u00e9sent 129 morts et 352 bless\u00e9s, a \u00e9t\u00e9 tu\u00e9 par le Raid lors de l\u2019assaut men\u00e9 mercredi 18 novembre \u00e0 Saint Denis.<br \/>\nA.B.<\/p>\n","protected":false},"excerpt":{"rendered":"<p>Attentats de Paris : Abdelhamid Abaaoud film\u00e9 dans le m\u00e9tro pendant les attaques<\/p>\n","protected":false},"author":3222,"featured_media":329092,"comment_status":"open","ping_status":"closed","sticky":false,"template":"","format":"standard","meta":{"footnotes":""},"categories":[2598],"tags":[2600],"class_list":["post-183766","post","type-post","status-publish","format-standard","has-post-thumbnail","hentry","category-international","tag-guerre"],"yoast_head":"<!-- This site is optimized with the Yoast SEO Premium plugin v27.5 (Yoast SEO v27.5) - https:\/\/yoast.com\/product\/yoast-seo-premium-wordpress\/ -->\n<title>Attentats de Paris : Abdelhamid Abaaoud film\u00e9 dans le m\u00e9tro pendant les attaques<\/title>\n<meta name=\"description\" content=\"Attentats de Paris : Abdelhamid Abaaoud film\u00e9 dans le m\u00e9tro pendant les attaques\" \/>\n<link rel=\"canonical\" href=\"https:\/\/www.webdo.tn\/fr\/actualite\/international\/attentats-de-paris-abdelhamid-abaaoud-filme-dans-le-metro-pendant-les-attaques\/183766\/\" \/>\n<meta property=\"og:locale\" content=\"fr_FR\" \/>\n<meta property=\"og:type\" content=\"article\" \/>\n<meta property=\"og:title\" content=\"Attentats de Paris : Abdelhamid Abaaoud film\u00e9 dans le m\u00e9tro pendant les attaques\" \/>\n<meta property=\"og:description\" content=\"Attentats de Paris : Abdelhamid Abaaoud film\u00e9 dans le m\u00e9tro pendant les attaques\" \/>\n<meta property=\"og:url\" content=\"https:\/\/www.webdo.tn\/fr\/actualite\/international\/attentats-de-paris-abdelhamid-abaaoud-filme-dans-le-metro-pendant-les-attaques\/183766\/\" \/>\n<meta property=\"og:site_name\" content=\"webdo\" \/>\n<meta property=\"article:publisher\" content=\"https:\/\/www.facebook.com\/webdotn\" \/>\n<meta property=\"article:published_time\" content=\"2015-11-20T09:37:00+00:00\" \/>\n<meta property=\"article:modified_time\" content=\"2025-05-19T10:01:39+00:00\" \/>\n<meta property=\"og:image\" content=\"https:\/\/www.webdo.tn\/fr\/wp-content\/uploads\/2015\/11\/Abdelhamid-Abaaoud1-300x193-1.jpg\" \/>\n\t<meta property=\"og:image:width\" content=\"300\" \/>\n\t<meta property=\"og:image:height\" content=\"193\" \/>\n\t<meta property=\"og:image:type\" content=\"image\/jpeg\" \/>\n<meta name=\"author\" content=\"webdo.tn\" \/>\n<meta name=\"twitter:card\" content=\"summary_large_image\" \/>\n<meta name=\"twitter:creator\" content=\"@webdo_tn\" \/>\n<meta name=\"twitter:site\" content=\"@webdo_tn\" \/>\n<meta name=\"twitter:label1\" content=\"\u00c9crit par\" \/>\n\t<meta name=\"twitter:data1\" content=\"webdo.tn\" \/>\n\t<meta name=\"twitter:label2\" content=\"Dur\u00e9e de lecture estim\u00e9e\" \/>\n\t<meta name=\"twitter:data2\" content=\"1 minute\" \/>\n<script type=\"application\/ld+json\" class=\"yoast-schema-graph\">{\"@context\":\"https:\\\/\\\/schema.org\",\"@graph\":[{\"@type\":\"NewsArticle\",\"@id\":\"https:\\\/\\\/www.webdo.tn\\\/fr\\\/actualite\\\/international\\\/attentats-de-paris-abdelhamid-abaaoud-filme-dans-le-metro-pendant-les-attaques\\\/183766\\\/#article\",\"isPartOf\":{\"@id\":\"https:\\\/\\\/www.webdo.tn\\\/fr\\\/actualite\\\/international\\\/attentats-de-paris-abdelhamid-abaaoud-filme-dans-le-metro-pendant-les-attaques\\\/183766\\\/\"},\"author\":{\"name\":\"webdo.tn\",\"@id\":\"https:\\\/\\\/www.webdo.tn\\\/fr\\\/#\\\/schema\\\/person\\\/9a9c6118d687c117df8ef3cc36a4d175\"},\"headline\":\"Attentats de Paris : Abdelhamid Abaaoud film\u00e9 dans le m\u00e9tro pendant les attaques\",\"datePublished\":\"2015-11-20T09:37:00+00:00\",\"dateModified\":\"2025-05-19T10:01:39+00:00\",\"mainEntityOfPage\":{\"@id\":\"https:\\\/\\\/www.webdo.tn\\\/fr\\\/actualite\\\/international\\\/attentats-de-paris-abdelhamid-abaaoud-filme-dans-le-metro-pendant-les-attaques\\\/183766\\\/\"},\"wordCount\":258,\"commentCount\":0,\"publisher\":{\"@id\":\"https:\\\/\\\/www.webdo.tn\\\/fr\\\/#organization\"},\"image\":{\"@id\":\"https:\\\/\\\/www.webdo.tn\\\/fr\\\/actualite\\\/international\\\/attentats-de-paris-abdelhamid-abaaoud-filme-dans-le-metro-pendant-les-attaques\\\/183766\\\/#primaryimage\"},\"thumbnailUrl\":\"https:\\\/\\\/www.webdo.tn\\\/fr\\\/wp-content\\\/uploads\\\/2015\\\/11\\\/Abdelhamid-Abaaoud1-300x193-1.jpg\",\"keywords\":[\"guerre\"],\"articleSection\":[\"International\"],\"inLanguage\":\"fr-FR\"},{\"@type\":\"WebPage\",\"@id\":\"https:\\\/\\\/www.webdo.tn\\\/fr\\\/actualite\\\/international\\\/attentats-de-paris-abdelhamid-abaaoud-filme-dans-le-metro-pendant-les-attaques\\\/183766\\\/\",\"url\":\"https:\\\/\\\/www.webdo.tn\\\/fr\\\/actualite\\\/international\\\/attentats-de-paris-abdelhamid-abaaoud-filme-dans-le-metro-pendant-les-attaques\\\/183766\\\/\",\"name\":\"Attentats de Paris : Abdelhamid Abaaoud film\u00e9 dans le m\u00e9tro pendant les attaques\",\"isPartOf\":{\"@id\":\"https:\\\/\\\/www.webdo.tn\\\/fr\\\/#website\"},\"primaryImageOfPage\":{\"@id\":\"https:\\\/\\\/www.webdo.tn\\\/fr\\\/actualite\\\/international\\\/attentats-de-paris-abdelhamid-abaaoud-filme-dans-le-metro-pendant-les-attaques\\\/183766\\\/#primaryimage\"},\"image\":{\"@id\":\"https:\\\/\\\/www.webdo.tn\\\/fr\\\/actualite\\\/international\\\/attentats-de-paris-abdelhamid-abaaoud-filme-dans-le-metro-pendant-les-attaques\\\/183766\\\/#primaryimage\"},\"thumbnailUrl\":\"https:\\\/\\\/www.webdo.tn\\\/fr\\\/wp-content\\\/uploads\\\/2015\\\/11\\\/Abdelhamid-Abaaoud1-300x193-1.jpg\",\"datePublished\":\"2015-11-20T09:37:00+00:00\",\"dateModified\":\"2025-05-19T10:01:39+00:00\",\"description\":\"Attentats de Paris : Abdelhamid Abaaoud film\u00e9 dans le m\u00e9tro pendant les attaques\",\"breadcrumb\":{\"@id\":\"https:\\\/\\\/www.webdo.tn\\\/fr\\\/actualite\\\/international\\\/attentats-de-paris-abdelhamid-abaaoud-filme-dans-le-metro-pendant-les-attaques\\\/183766\\\/#breadcrumb\"},\"inLanguage\":\"fr-FR\",\"potentialAction\":[{\"@type\":\"ReadAction\",\"target\":[\"https:\\\/\\\/www.webdo.tn\\\/fr\\\/actualite\\\/international\\\/attentats-de-paris-abdelhamid-abaaoud-filme-dans-le-metro-pendant-les-attaques\\\/183766\\\/\"]}]},{\"@type\":\"ImageObject\",\"inLanguage\":\"fr-FR\",\"@id\":\"https:\\\/\\\/www.webdo.tn\\\/fr\\\/actualite\\\/international\\\/attentats-de-paris-abdelhamid-abaaoud-filme-dans-le-metro-pendant-les-attaques\\\/183766\\\/#primaryimage\",\"url\":\"https:\\\/\\\/www.webdo.tn\\\/fr\\\/wp-content\\\/uploads\\\/2015\\\/11\\\/Abdelhamid-Abaaoud1-300x193-1.jpg\",\"contentUrl\":\"https:\\\/\\\/www.webdo.tn\\\/fr\\\/wp-content\\\/uploads\\\/2015\\\/11\\\/Abdelhamid-Abaaoud1-300x193-1.jpg\",\"width\":300,\"height\":193,\"caption\":\"Attentats de Paris : Abdelhamid Abaaoud film\u00e9 dans le m\u00e9tro pendant les attaques\"},{\"@type\":\"BreadcrumbList\",\"@id\":\"https:\\\/\\\/www.webdo.tn\\\/fr\\\/actualite\\\/international\\\/attentats-de-paris-abdelhamid-abaaoud-filme-dans-le-metro-pendant-les-attaques\\\/183766\\\/#breadcrumb\",\"itemListElement\":[{\"@type\":\"ListItem\",\"position\":1,\"name\":\"Accueil\",\"item\":\"https:\\\/\\\/www.webdo.tn\\\/fr\\\/\"},{\"@type\":\"ListItem\",\"position\":2,\"name\":\"Attentats de Paris : Abdelhamid Abaaoud film\u00e9 dans le m\u00e9tro pendant les attaques\"}]},{\"@type\":\"WebSite\",\"@id\":\"https:\\\/\\\/www.webdo.tn\\\/fr\\\/#website\",\"url\":\"https:\\\/\\\/www.webdo.tn\\\/fr\\\/\",\"name\":\"webdo\",\"description\":\"Tunisie - News en Tunisie et \u00e0 l&#039;international sur Webdo.tn\",\"publisher\":{\"@id\":\"https:\\\/\\\/www.webdo.tn\\\/fr\\\/#organization\"},\"potentialAction\":[{\"@type\":\"SearchAction\",\"target\":{\"@type\":\"EntryPoint\",\"urlTemplate\":\"https:\\\/\\\/www.webdo.tn\\\/fr\\\/?s={search_term_string}\"},\"query-input\":{\"@type\":\"PropertyValueSpecification\",\"valueRequired\":true,\"valueName\":\"search_term_string\"}}],\"inLanguage\":\"fr-FR\"},{\"@type\":\"Organization\",\"@id\":\"https:\\\/\\\/www.webdo.tn\\\/fr\\\/#organization\",\"name\":\"Webdo\",\"alternateName\":\"Webdo.tn\",\"url\":\"https:\\\/\\\/www.webdo.tn\\\/fr\\\/\",\"logo\":{\"@type\":\"ImageObject\",\"inLanguage\":\"fr-FR\",\"@id\":\"https:\\\/\\\/www.webdo.tn\\\/fr\\\/#\\\/schema\\\/logo\\\/image\\\/\",\"url\":\"https:\\\/\\\/www.webdo.tn\\\/fr\\\/wp-content\\\/uploads\\\/2025\\\/06\\\/Webdo-Tunisie_168377.jpg\",\"contentUrl\":\"https:\\\/\\\/www.webdo.tn\\\/fr\\\/wp-content\\\/uploads\\\/2025\\\/06\\\/Webdo-Tunisie_168377.jpg\",\"width\":301,\"height\":301,\"caption\":\"Webdo\"},\"image\":{\"@id\":\"https:\\\/\\\/www.webdo.tn\\\/fr\\\/#\\\/schema\\\/logo\\\/image\\\/\"},\"sameAs\":[\"https:\\\/\\\/www.facebook.com\\\/webdotn\",\"https:\\\/\\\/x.com\\\/webdo_tn\"],\"description\":\"Webdo est un m\u00e9dia num\u00e9rique tunisien fond\u00e9 en 2010, sp\u00e9cialis\u00e9 dans l\u2019actualit\u00e9 nationale et internationale, l\u2019\u00e9conomie, la soci\u00e9t\u00e9 et les analyses politiques. Le site s\u2019adresse \u00e0 un large public francophone et couvre l\u2019information tunisienne en temps r\u00e9el.\",\"email\":\"redac@webdo.tn\",\"legalName\":\"YNJ SARL\",\"foundingDate\":\"2010-09-06\",\"numberOfEmployees\":{\"@type\":\"QuantitativeValue\",\"minValue\":\"11\",\"maxValue\":\"50\"}},{\"@type\":\"Person\",\"@id\":\"https:\\\/\\\/www.webdo.tn\\\/fr\\\/#\\\/schema\\\/person\\\/9a9c6118d687c117df8ef3cc36a4d175\",\"name\":\"webdo.tn\",\"image\":{\"@type\":\"ImageObject\",\"inLanguage\":\"fr-FR\",\"@id\":\"https:\\\/\\\/secure.gravatar.com\\\/avatar\\\/7ce1f28c0c3bbac99ff550b85ef8e44a6950c6ee24514fb6a5489e51d06f0298?s=96&d=mm&r=g\",\"url\":\"https:\\\/\\\/secure.gravatar.com\\\/avatar\\\/7ce1f28c0c3bbac99ff550b85ef8e44a6950c6ee24514fb6a5489e51d06f0298?s=96&d=mm&r=g\",\"contentUrl\":\"https:\\\/\\\/secure.gravatar.com\\\/avatar\\\/7ce1f28c0c3bbac99ff550b85ef8e44a6950c6ee24514fb6a5489e51d06f0298?s=96&d=mm&r=g\",\"caption\":\"webdo.tn\"},\"url\":\"https:\\\/\\\/www.webdo.tn\\\/fr\\\/actualite\\\/author\\\/webdotn\\\/\"}]}<\/script>\n<!-- \/ Yoast SEO Premium plugin. -->","yoast_head_json":{"title":"Attentats de Paris : Abdelhamid Abaaoud film\u00e9 dans le m\u00e9tro pendant les attaques","description":"Attentats de Paris : Abdelhamid Abaaoud film\u00e9 dans le m\u00e9tro pendant les attaques","canonical":"https:\/\/www.webdo.tn\/fr\/actualite\/international\/attentats-de-paris-abdelhamid-abaaoud-filme-dans-le-metro-pendant-les-attaques\/183766\/","og_locale":"fr_FR","og_type":"article","og_title":"Attentats de Paris : Abdelhamid Abaaoud film\u00e9 dans le m\u00e9tro pendant les attaques","og_description":"Attentats de Paris : Abdelhamid Abaaoud film\u00e9 dans le m\u00e9tro pendant les attaques","og_url":"https:\/\/www.webdo.tn\/fr\/actualite\/international\/attentats-de-paris-abdelhamid-abaaoud-filme-dans-le-metro-pendant-les-attaques\/183766\/","og_site_name":"webdo","article_publisher":"https:\/\/www.facebook.com\/webdotn","article_published_time":"2015-11-20T09:37:00+00:00","article_modified_time":"2025-05-19T10:01:39+00:00","og_image":[{"width":300,"height":193,"url":"https:\/\/www.webdo.tn\/fr\/wp-content\/uploads\/2015\/11\/Abdelhamid-Abaaoud1-300x193-1.jpg","type":"image\/jpeg"}],"author":"webdo.tn","twitter_card":"summary_large_image","twitter_creator":"@webdo_tn","twitter_site":"@webdo_tn","twitter_misc":{"\u00c9crit par":"webdo.tn","Dur\u00e9e de lecture estim\u00e9e":"1 minute"},"schema":{"@context":"https:\/\/schema.org","@graph":[{"@type":"NewsArticle","@id":"https:\/\/www.webdo.tn\/fr\/actualite\/international\/attentats-de-paris-abdelhamid-abaaoud-filme-dans-le-metro-pendant-les-attaques\/183766\/#article","isPartOf":{"@id":"https:\/\/www.webdo.tn\/fr\/actualite\/international\/attentats-de-paris-abdelhamid-abaaoud-filme-dans-le-metro-pendant-les-attaques\/183766\/"},"author":{"name":"webdo.tn","@id":"https:\/\/www.webdo.tn\/fr\/#\/schema\/person\/9a9c6118d687c117df8ef3cc36a4d175"},"headline":"Attentats de Paris : Abdelhamid Abaaoud film\u00e9 dans le m\u00e9tro pendant les attaques","datePublished":"2015-11-20T09:37:00+00:00","dateModified":"2025-05-19T10:01:39+00:00","mainEntityOfPage":{"@id":"https:\/\/www.webdo.tn\/fr\/actualite\/international\/attentats-de-paris-abdelhamid-abaaoud-filme-dans-le-metro-pendant-les-attaques\/183766\/"},"wordCount":258,"commentCount":0,"publisher":{"@id":"https:\/\/www.webdo.tn\/fr\/#organization"},"image":{"@id":"https:\/\/www.webdo.tn\/fr\/actualite\/international\/attentats-de-paris-abdelhamid-abaaoud-filme-dans-le-metro-pendant-les-attaques\/183766\/#primaryimage"},"thumbnailUrl":"https:\/\/www.webdo.tn\/fr\/wp-content\/uploads\/2015\/11\/Abdelhamid-Abaaoud1-300x193-1.jpg","keywords":["guerre"],"articleSection":["International"],"inLanguage":"fr-FR"},{"@type":"WebPage","@id":"https:\/\/www.webdo.tn\/fr\/actualite\/international\/attentats-de-paris-abdelhamid-abaaoud-filme-dans-le-metro-pendant-les-attaques\/183766\/","url":"https:\/\/www.webdo.tn\/fr\/actualite\/international\/attentats-de-paris-abdelhamid-abaaoud-filme-dans-le-metro-pendant-les-attaques\/183766\/","name":"Attentats de Paris : Abdelhamid Abaaoud film\u00e9 dans le m\u00e9tro pendant les attaques","isPartOf":{"@id":"https:\/\/www.webdo.tn\/fr\/#website"},"primaryImageOfPage":{"@id":"https:\/\/www.webdo.tn\/fr\/actualite\/international\/attentats-de-paris-abdelhamid-abaaoud-filme-dans-le-metro-pendant-les-attaques\/183766\/#primaryimage"},"image":{"@id":"https:\/\/www.webdo.tn\/fr\/actualite\/international\/attentats-de-paris-abdelhamid-abaaoud-filme-dans-le-metro-pendant-les-attaques\/183766\/#primaryimage"},"thumbnailUrl":"https:\/\/www.webdo.tn\/fr\/wp-content\/uploads\/2015\/11\/Abdelhamid-Abaaoud1-300x193-1.jpg","datePublished":"2015-11-20T09:37:00+00:00","dateModified":"2025-05-19T10:01:39+00:00","description":"Attentats de Paris : Abdelhamid Abaaoud film\u00e9 dans le m\u00e9tro pendant les attaques","breadcrumb":{"@id":"https:\/\/www.webdo.tn\/fr\/actualite\/international\/attentats-de-paris-abdelhamid-abaaoud-filme-dans-le-metro-pendant-les-attaques\/183766\/#breadcrumb"},"inLanguage":"fr-FR","potentialAction":[{"@type":"ReadAction","target":["https:\/\/www.webdo.tn\/fr\/actualite\/international\/attentats-de-paris-abdelhamid-abaaoud-filme-dans-le-metro-pendant-les-attaques\/183766\/"]}]},{"@type":"ImageObject","inLanguage":"fr-FR","@id":"https:\/\/www.webdo.tn\/fr\/actualite\/international\/attentats-de-paris-abdelhamid-abaaoud-filme-dans-le-metro-pendant-les-attaques\/183766\/#primaryimage","url":"https:\/\/www.webdo.tn\/fr\/wp-content\/uploads\/2015\/11\/Abdelhamid-Abaaoud1-300x193-1.jpg","contentUrl":"https:\/\/www.webdo.tn\/fr\/wp-content\/uploads\/2015\/11\/Abdelhamid-Abaaoud1-300x193-1.jpg","width":300,"height":193,"caption":"Attentats de Paris : Abdelhamid Abaaoud film\u00e9 dans le m\u00e9tro pendant les attaques"},{"@type":"BreadcrumbList","@id":"https:\/\/www.webdo.tn\/fr\/actualite\/international\/attentats-de-paris-abdelhamid-abaaoud-filme-dans-le-metro-pendant-les-attaques\/183766\/#breadcrumb","itemListElement":[{"@type":"ListItem","position":1,"name":"Accueil","item":"https:\/\/www.webdo.tn\/fr\/"},{"@type":"ListItem","position":2,"name":"Attentats de Paris : Abdelhamid Abaaoud film\u00e9 dans le m\u00e9tro pendant les attaques"}]},{"@type":"WebSite","@id":"https:\/\/www.webdo.tn\/fr\/#website","url":"https:\/\/www.webdo.tn\/fr\/","name":"webdo","description":"Tunisie - News en Tunisie et \u00e0 l&#039;international sur Webdo.tn","publisher":{"@id":"https:\/\/www.webdo.tn\/fr\/#organization"},"potentialAction":[{"@type":"SearchAction","target":{"@type":"EntryPoint","urlTemplate":"https:\/\/www.webdo.tn\/fr\/?s={search_term_string}"},"query-input":{"@type":"PropertyValueSpecification","valueRequired":true,"valueName":"search_term_string"}}],"inLanguage":"fr-FR"},{"@type":"Organization","@id":"https:\/\/www.webdo.tn\/fr\/#organization","name":"Webdo","alternateName":"Webdo.tn","url":"https:\/\/www.webdo.tn\/fr\/","logo":{"@type":"ImageObject","inLanguage":"fr-FR","@id":"https:\/\/www.webdo.tn\/fr\/#\/schema\/logo\/image\/","url":"https:\/\/www.webdo.tn\/fr\/wp-content\/uploads\/2025\/06\/Webdo-Tunisie_168377.jpg","contentUrl":"https:\/\/www.webdo.tn\/fr\/wp-content\/uploads\/2025\/06\/Webdo-Tunisie_168377.jpg","width":301,"height":301,"caption":"Webdo"},"image":{"@id":"https:\/\/www.webdo.tn\/fr\/#\/schema\/logo\/image\/"},"sameAs":["https:\/\/www.facebook.com\/webdotn","https:\/\/x.com\/webdo_tn"],"description":"Webdo est un m\u00e9dia num\u00e9rique tunisien fond\u00e9 en 2010, sp\u00e9cialis\u00e9 dans l\u2019actualit\u00e9 nationale et internationale, l\u2019\u00e9conomie, la soci\u00e9t\u00e9 et les analyses politiques. Le site s\u2019adresse \u00e0 un large public francophone et couvre l\u2019information tunisienne en temps r\u00e9el.","email":"redac@webdo.tn","legalName":"YNJ SARL","foundingDate":"2010-09-06","numberOfEmployees":{"@type":"QuantitativeValue","minValue":"11","maxValue":"50"}},{"@type":"Person","@id":"https:\/\/www.webdo.tn\/fr\/#\/schema\/person\/9a9c6118d687c117df8ef3cc36a4d175","name":"webdo.tn","image":{"@type":"ImageObject","inLanguage":"fr-FR","@id":"https:\/\/secure.gravatar.com\/avatar\/7ce1f28c0c3bbac99ff550b85ef8e44a6950c6ee24514fb6a5489e51d06f0298?s=96&d=mm&r=g","url":"https:\/\/secure.gravatar.com\/avatar\/7ce1f28c0c3bbac99ff550b85ef8e44a6950c6ee24514fb6a5489e51d06f0298?s=96&d=mm&r=g","contentUrl":"https:\/\/secure.gravatar.com\/avatar\/7ce1f28c0c3bbac99ff550b85ef8e44a6950c6ee24514fb6a5489e51d06f0298?s=96&d=mm&r=g","caption":"webdo.tn"},"url":"https:\/\/www.webdo.tn\/fr\/actualite\/author\/webdotn\/"}]}},"_links":{"self":[{"href":"https:\/\/www.webdo.tn\/fr\/wp-json\/wp\/v2\/posts\/183766","targetHints":{"allow":["GET"]}}],"collection":[{"href":"https:\/\/www.webdo.tn\/fr\/wp-json\/wp\/v2\/posts"}],"about":[{"href":"https:\/\/www.webdo.tn\/fr\/wp-json\/wp\/v2\/types\/post"}],"author":[{"embeddable":true,"href":"https:\/\/www.webdo.tn\/fr\/wp-json\/wp\/v2\/users\/3222"}],"replies":[{"embeddable":true,"href":"https:\/\/www.webdo.tn\/fr\/wp-json\/wp\/v2\/comments?post=183766"}],"version-history":[{"count":0,"href":"https:\/\/www.webdo.tn\/fr\/wp-json\/wp\/v2\/posts\/183766\/revisions"}],"wp:featuredmedia":[{"embeddable":true,"href":"https:\/\/www.webdo.tn\/fr\/wp-json\/wp\/v2\/media\/329092"}],"wp:attachment":[{"href":"https:\/\/www.webdo.tn\/fr\/wp-json\/wp\/v2\/media?parent=183766"}],"wp:term":[{"taxonomy":"category","embeddable":true,"href":"https:\/\/www.webdo.tn\/fr\/wp-json\/wp\/v2\/categories?post=183766"},{"taxonomy":"post_tag","embeddable":true,"href":"https:\/\/www.webdo.tn\/fr\/wp-json\/wp\/v2\/tags?post=183766"}],"curies":[{"name":"wp","href":"https:\/\/api.w.org\/{rel}","templated":true}]}}