{"id":183765,"date":"2015-11-20T10:16:00","date_gmt":"2015-11-20T10:16:00","guid":{"rendered":"https:\/\/www.webdo.tn\/fr\/blog\/mali-attaque-terroriste-contre-lhotel-radisson-de-bamako-deja-plusieurs-morts\/183765\/"},"modified":"2015-11-20T10:16:00","modified_gmt":"2015-11-20T10:16:00","slug":"mali-attaque-terroriste-contre-lhotel-radisson-de-bamako-deja-plusieurs-morts","status":"publish","type":"post","link":"https:\/\/www.webdo.tn\/fr\/actualite\/international\/mali-attaque-terroriste-contre-lhotel-radisson-de-bamako-deja-plusieurs-morts\/183765\/","title":{"rendered":"Mali : Attaque terroriste contre l&rsquo;h\u00f4tel Radisson de Bamako, 3 morts"},"content":{"rendered":"<p>En ce vendredi matin 20 novembre, a lieu en ce moment m\u00eame une attaque terroriste visant l&rsquo;h\u00f4tel Radisson de Bamako, au Mali.<\/p>\n<p>L&rsquo;attaque serait men\u00e9e par des djihadistes et aurait d\u00e9j\u00e0 fait plusieurs morts alors que l&rsquo;arm\u00e9e est sur place.<\/p>\n<p>L&rsquo;attaque est men\u00e9e par trois hommes arm\u00e9s qui ont p\u00e9n\u00e9tr\u00e9 dans l&rsquo;h\u00f4tel \u00e0 7 heures du matin, rapporte Jeune Afrique. Ils seraient venus \u00e0 bord d&rsquo;une voiture diplomatique ce qui expliquerait qu&rsquo;il aient \u00e9chapp\u00e9 \u00e0 tout contr\u00f4le s\u00e9curitaire.<\/p>\n<p>D&rsquo;apr\u00e8s les renseignements maliens, cit\u00e9s par Jeune Afrique, les victimes se trouvent parmi le personnel de l&rsquo;h\u00f4tel et ses client.<\/p>\n<p>D&rsquo;apr\u00e8s France Info, l&rsquo;h\u00f4tel accueille des soldats de l&rsquo;ONU en mission au Mali et des d\u00e9l\u00e9gations.<\/p>\n<p>Selon l&rsquo;Obs, 170 otages (140 clients et 30 employ\u00e9s) sont actuellement retenus par deux assaillants au 7\u00e8me \u00e9tage de l&rsquo;h\u00f4tel.<\/p>\n<p>Par ailleurs, il y aurait 3 morts et 15 otages lib\u00e9r\u00e9s.<br \/>\nA.B.<\/p>\n","protected":false},"excerpt":{"rendered":"<p>Mali : Attaque terroriste contre l&rsquo;h\u00f4tel Radisson de Bamako, 3 morts<\/p>\n","protected":false},"author":3222,"featured_media":329098,"comment_status":"open","ping_status":"closed","sticky":false,"template":"","format":"standard","meta":{"footnotes":""},"categories":[2598],"tags":[2600],"class_list":["post-183765","post","type-post","status-publish","format-standard","has-post-thumbnail","hentry","category-international","tag-guerre"],"yoast_head":"<!-- This site is optimized with the Yoast SEO Premium plugin v27.5 (Yoast SEO v27.5) - https:\/\/yoast.com\/product\/yoast-seo-premium-wordpress\/ -->\n<title>Mali : Attaque terroriste contre l&#039;h\u00f4tel Radisson de Bamako, 3 morts<\/title>\n<meta name=\"description\" content=\"Mali : Attaque terroriste contre l&#039;h\u00f4tel Radisson de Bamako, 3 morts\" \/>\n<link rel=\"canonical\" href=\"https:\/\/www.webdo.tn\/fr\/actualite\/international\/mali-attaque-terroriste-contre-lhotel-radisson-de-bamako-deja-plusieurs-morts\/183765\/\" \/>\n<meta property=\"og:locale\" content=\"fr_FR\" \/>\n<meta property=\"og:type\" content=\"article\" \/>\n<meta property=\"og:title\" content=\"Mali : Attaque terroriste contre l&#039;h\u00f4tel Radisson de Bamako, 3 morts\" \/>\n<meta property=\"og:description\" content=\"Mali : Attaque terroriste contre l&#039;h\u00f4tel Radisson de Bamako, 3 morts\" \/>\n<meta property=\"og:url\" content=\"https:\/\/www.webdo.tn\/fr\/actualite\/international\/mali-attaque-terroriste-contre-lhotel-radisson-de-bamako-deja-plusieurs-morts\/183765\/\" \/>\n<meta property=\"og:site_name\" content=\"webdo\" \/>\n<meta property=\"article:publisher\" content=\"https:\/\/www.facebook.com\/webdotn\" \/>\n<meta property=\"article:published_time\" content=\"2015-11-20T10:16:00+00:00\" \/>\n<meta property=\"og:image\" content=\"https:\/\/www.webdo.tn\/fr\/wp-content\/uploads\/2015\/11\/Radisson-Mali-300x199-2.jpg\" \/>\n\t<meta property=\"og:image:width\" content=\"300\" \/>\n\t<meta property=\"og:image:height\" content=\"199\" \/>\n\t<meta property=\"og:image:type\" content=\"image\/jpeg\" \/>\n<meta name=\"author\" content=\"webdo.tn\" \/>\n<meta name=\"twitter:card\" content=\"summary_large_image\" \/>\n<meta name=\"twitter:creator\" content=\"@webdo_tn\" \/>\n<meta name=\"twitter:site\" content=\"@webdo_tn\" \/>\n<meta name=\"twitter:label1\" content=\"\u00c9crit par\" \/>\n\t<meta name=\"twitter:data1\" content=\"webdo.tn\" \/>\n\t<meta name=\"twitter:label2\" content=\"Dur\u00e9e de lecture estim\u00e9e\" \/>\n\t<meta name=\"twitter:data2\" content=\"1 minute\" \/>\n<script type=\"application\/ld+json\" class=\"yoast-schema-graph\">{\"@context\":\"https:\\\/\\\/schema.org\",\"@graph\":[{\"@type\":\"NewsArticle\",\"@id\":\"https:\\\/\\\/www.webdo.tn\\\/fr\\\/actualite\\\/international\\\/mali-attaque-terroriste-contre-lhotel-radisson-de-bamako-deja-plusieurs-morts\\\/183765\\\/#article\",\"isPartOf\":{\"@id\":\"https:\\\/\\\/www.webdo.tn\\\/fr\\\/actualite\\\/international\\\/mali-attaque-terroriste-contre-lhotel-radisson-de-bamako-deja-plusieurs-morts\\\/183765\\\/\"},\"author\":{\"name\":\"webdo.tn\",\"@id\":\"https:\\\/\\\/www.webdo.tn\\\/fr\\\/#\\\/schema\\\/person\\\/9a9c6118d687c117df8ef3cc36a4d175\"},\"headline\":\"Mali : Attaque terroriste contre l&rsquo;h\u00f4tel Radisson de Bamako, 3 morts\",\"datePublished\":\"2015-11-20T10:16:00+00:00\",\"mainEntityOfPage\":{\"@id\":\"https:\\\/\\\/www.webdo.tn\\\/fr\\\/actualite\\\/international\\\/mali-attaque-terroriste-contre-lhotel-radisson-de-bamako-deja-plusieurs-morts\\\/183765\\\/\"},\"wordCount\":185,\"commentCount\":0,\"publisher\":{\"@id\":\"https:\\\/\\\/www.webdo.tn\\\/fr\\\/#organization\"},\"image\":{\"@id\":\"https:\\\/\\\/www.webdo.tn\\\/fr\\\/actualite\\\/international\\\/mali-attaque-terroriste-contre-lhotel-radisson-de-bamako-deja-plusieurs-morts\\\/183765\\\/#primaryimage\"},\"thumbnailUrl\":\"https:\\\/\\\/www.webdo.tn\\\/fr\\\/wp-content\\\/uploads\\\/2015\\\/11\\\/Radisson-Mali-300x199-2.jpg\",\"keywords\":[\"guerre\"],\"articleSection\":[\"International\"],\"inLanguage\":\"fr-FR\"},{\"@type\":\"WebPage\",\"@id\":\"https:\\\/\\\/www.webdo.tn\\\/fr\\\/actualite\\\/international\\\/mali-attaque-terroriste-contre-lhotel-radisson-de-bamako-deja-plusieurs-morts\\\/183765\\\/\",\"url\":\"https:\\\/\\\/www.webdo.tn\\\/fr\\\/actualite\\\/international\\\/mali-attaque-terroriste-contre-lhotel-radisson-de-bamako-deja-plusieurs-morts\\\/183765\\\/\",\"name\":\"Mali : Attaque terroriste contre l'h\u00f4tel Radisson de Bamako, 3 morts\",\"isPartOf\":{\"@id\":\"https:\\\/\\\/www.webdo.tn\\\/fr\\\/#website\"},\"primaryImageOfPage\":{\"@id\":\"https:\\\/\\\/www.webdo.tn\\\/fr\\\/actualite\\\/international\\\/mali-attaque-terroriste-contre-lhotel-radisson-de-bamako-deja-plusieurs-morts\\\/183765\\\/#primaryimage\"},\"image\":{\"@id\":\"https:\\\/\\\/www.webdo.tn\\\/fr\\\/actualite\\\/international\\\/mali-attaque-terroriste-contre-lhotel-radisson-de-bamako-deja-plusieurs-morts\\\/183765\\\/#primaryimage\"},\"thumbnailUrl\":\"https:\\\/\\\/www.webdo.tn\\\/fr\\\/wp-content\\\/uploads\\\/2015\\\/11\\\/Radisson-Mali-300x199-2.jpg\",\"datePublished\":\"2015-11-20T10:16:00+00:00\",\"description\":\"Mali : Attaque terroriste contre l'h\u00f4tel Radisson de Bamako, 3 morts\",\"breadcrumb\":{\"@id\":\"https:\\\/\\\/www.webdo.tn\\\/fr\\\/actualite\\\/international\\\/mali-attaque-terroriste-contre-lhotel-radisson-de-bamako-deja-plusieurs-morts\\\/183765\\\/#breadcrumb\"},\"inLanguage\":\"fr-FR\",\"potentialAction\":[{\"@type\":\"ReadAction\",\"target\":[\"https:\\\/\\\/www.webdo.tn\\\/fr\\\/actualite\\\/international\\\/mali-attaque-terroriste-contre-lhotel-radisson-de-bamako-deja-plusieurs-morts\\\/183765\\\/\"]}]},{\"@type\":\"ImageObject\",\"inLanguage\":\"fr-FR\",\"@id\":\"https:\\\/\\\/www.webdo.tn\\\/fr\\\/actualite\\\/international\\\/mali-attaque-terroriste-contre-lhotel-radisson-de-bamako-deja-plusieurs-morts\\\/183765\\\/#primaryimage\",\"url\":\"https:\\\/\\\/www.webdo.tn\\\/fr\\\/wp-content\\\/uploads\\\/2015\\\/11\\\/Radisson-Mali-300x199-2.jpg\",\"contentUrl\":\"https:\\\/\\\/www.webdo.tn\\\/fr\\\/wp-content\\\/uploads\\\/2015\\\/11\\\/Radisson-Mali-300x199-2.jpg\",\"width\":300,\"height\":199,\"caption\":\"Mali : Attaque terroriste contre l'h\u00f4tel Radisson de Bamako, 3 morts\"},{\"@type\":\"BreadcrumbList\",\"@id\":\"https:\\\/\\\/www.webdo.tn\\\/fr\\\/actualite\\\/international\\\/mali-attaque-terroriste-contre-lhotel-radisson-de-bamako-deja-plusieurs-morts\\\/183765\\\/#breadcrumb\",\"itemListElement\":[{\"@type\":\"ListItem\",\"position\":1,\"name\":\"Accueil\",\"item\":\"https:\\\/\\\/www.webdo.tn\\\/fr\\\/\"},{\"@type\":\"ListItem\",\"position\":2,\"name\":\"Mali : Attaque terroriste contre l&rsquo;h\u00f4tel Radisson de Bamako, 3 morts\"}]},{\"@type\":\"WebSite\",\"@id\":\"https:\\\/\\\/www.webdo.tn\\\/fr\\\/#website\",\"url\":\"https:\\\/\\\/www.webdo.tn\\\/fr\\\/\",\"name\":\"webdo\",\"description\":\"Tunisie - News en Tunisie et \u00e0 l&#039;international sur Webdo.tn\",\"publisher\":{\"@id\":\"https:\\\/\\\/www.webdo.tn\\\/fr\\\/#organization\"},\"potentialAction\":[{\"@type\":\"SearchAction\",\"target\":{\"@type\":\"EntryPoint\",\"urlTemplate\":\"https:\\\/\\\/www.webdo.tn\\\/fr\\\/?s={search_term_string}\"},\"query-input\":{\"@type\":\"PropertyValueSpecification\",\"valueRequired\":true,\"valueName\":\"search_term_string\"}}],\"inLanguage\":\"fr-FR\"},{\"@type\":\"Organization\",\"@id\":\"https:\\\/\\\/www.webdo.tn\\\/fr\\\/#organization\",\"name\":\"Webdo\",\"alternateName\":\"Webdo.tn\",\"url\":\"https:\\\/\\\/www.webdo.tn\\\/fr\\\/\",\"logo\":{\"@type\":\"ImageObject\",\"inLanguage\":\"fr-FR\",\"@id\":\"https:\\\/\\\/www.webdo.tn\\\/fr\\\/#\\\/schema\\\/logo\\\/image\\\/\",\"url\":\"https:\\\/\\\/www.webdo.tn\\\/fr\\\/wp-content\\\/uploads\\\/2025\\\/06\\\/Webdo-Tunisie_168377.jpg\",\"contentUrl\":\"https:\\\/\\\/www.webdo.tn\\\/fr\\\/wp-content\\\/uploads\\\/2025\\\/06\\\/Webdo-Tunisie_168377.jpg\",\"width\":301,\"height\":301,\"caption\":\"Webdo\"},\"image\":{\"@id\":\"https:\\\/\\\/www.webdo.tn\\\/fr\\\/#\\\/schema\\\/logo\\\/image\\\/\"},\"sameAs\":[\"https:\\\/\\\/www.facebook.com\\\/webdotn\",\"https:\\\/\\\/x.com\\\/webdo_tn\"],\"description\":\"Webdo est un m\u00e9dia num\u00e9rique tunisien fond\u00e9 en 2010, sp\u00e9cialis\u00e9 dans l\u2019actualit\u00e9 nationale et internationale, l\u2019\u00e9conomie, la soci\u00e9t\u00e9 et les analyses politiques. Le site s\u2019adresse \u00e0 un large public francophone et couvre l\u2019information tunisienne en temps r\u00e9el.\",\"email\":\"redac@webdo.tn\",\"legalName\":\"YNJ SARL\",\"foundingDate\":\"2010-09-06\",\"numberOfEmployees\":{\"@type\":\"QuantitativeValue\",\"minValue\":\"11\",\"maxValue\":\"50\"}},{\"@type\":\"Person\",\"@id\":\"https:\\\/\\\/www.webdo.tn\\\/fr\\\/#\\\/schema\\\/person\\\/9a9c6118d687c117df8ef3cc36a4d175\",\"name\":\"webdo.tn\",\"image\":{\"@type\":\"ImageObject\",\"inLanguage\":\"fr-FR\",\"@id\":\"https:\\\/\\\/secure.gravatar.com\\\/avatar\\\/7ce1f28c0c3bbac99ff550b85ef8e44a6950c6ee24514fb6a5489e51d06f0298?s=96&d=mm&r=g\",\"url\":\"https:\\\/\\\/secure.gravatar.com\\\/avatar\\\/7ce1f28c0c3bbac99ff550b85ef8e44a6950c6ee24514fb6a5489e51d06f0298?s=96&d=mm&r=g\",\"contentUrl\":\"https:\\\/\\\/secure.gravatar.com\\\/avatar\\\/7ce1f28c0c3bbac99ff550b85ef8e44a6950c6ee24514fb6a5489e51d06f0298?s=96&d=mm&r=g\",\"caption\":\"webdo.tn\"},\"url\":\"https:\\\/\\\/www.webdo.tn\\\/fr\\\/actualite\\\/author\\\/webdotn\\\/\"}]}<\/script>\n<!-- \/ Yoast SEO Premium plugin. -->","yoast_head_json":{"title":"Mali : Attaque terroriste contre l'h\u00f4tel Radisson de Bamako, 3 morts","description":"Mali : Attaque terroriste contre l'h\u00f4tel Radisson de Bamako, 3 morts","canonical":"https:\/\/www.webdo.tn\/fr\/actualite\/international\/mali-attaque-terroriste-contre-lhotel-radisson-de-bamako-deja-plusieurs-morts\/183765\/","og_locale":"fr_FR","og_type":"article","og_title":"Mali : Attaque terroriste contre l'h\u00f4tel Radisson de Bamako, 3 morts","og_description":"Mali : Attaque terroriste contre l'h\u00f4tel Radisson de Bamako, 3 morts","og_url":"https:\/\/www.webdo.tn\/fr\/actualite\/international\/mali-attaque-terroriste-contre-lhotel-radisson-de-bamako-deja-plusieurs-morts\/183765\/","og_site_name":"webdo","article_publisher":"https:\/\/www.facebook.com\/webdotn","article_published_time":"2015-11-20T10:16:00+00:00","og_image":[{"width":300,"height":199,"url":"https:\/\/www.webdo.tn\/fr\/wp-content\/uploads\/2015\/11\/Radisson-Mali-300x199-2.jpg","type":"image\/jpeg"}],"author":"webdo.tn","twitter_card":"summary_large_image","twitter_creator":"@webdo_tn","twitter_site":"@webdo_tn","twitter_misc":{"\u00c9crit par":"webdo.tn","Dur\u00e9e de lecture estim\u00e9e":"1 minute"},"schema":{"@context":"https:\/\/schema.org","@graph":[{"@type":"NewsArticle","@id":"https:\/\/www.webdo.tn\/fr\/actualite\/international\/mali-attaque-terroriste-contre-lhotel-radisson-de-bamako-deja-plusieurs-morts\/183765\/#article","isPartOf":{"@id":"https:\/\/www.webdo.tn\/fr\/actualite\/international\/mali-attaque-terroriste-contre-lhotel-radisson-de-bamako-deja-plusieurs-morts\/183765\/"},"author":{"name":"webdo.tn","@id":"https:\/\/www.webdo.tn\/fr\/#\/schema\/person\/9a9c6118d687c117df8ef3cc36a4d175"},"headline":"Mali : Attaque terroriste contre l&rsquo;h\u00f4tel Radisson de Bamako, 3 morts","datePublished":"2015-11-20T10:16:00+00:00","mainEntityOfPage":{"@id":"https:\/\/www.webdo.tn\/fr\/actualite\/international\/mali-attaque-terroriste-contre-lhotel-radisson-de-bamako-deja-plusieurs-morts\/183765\/"},"wordCount":185,"commentCount":0,"publisher":{"@id":"https:\/\/www.webdo.tn\/fr\/#organization"},"image":{"@id":"https:\/\/www.webdo.tn\/fr\/actualite\/international\/mali-attaque-terroriste-contre-lhotel-radisson-de-bamako-deja-plusieurs-morts\/183765\/#primaryimage"},"thumbnailUrl":"https:\/\/www.webdo.tn\/fr\/wp-content\/uploads\/2015\/11\/Radisson-Mali-300x199-2.jpg","keywords":["guerre"],"articleSection":["International"],"inLanguage":"fr-FR"},{"@type":"WebPage","@id":"https:\/\/www.webdo.tn\/fr\/actualite\/international\/mali-attaque-terroriste-contre-lhotel-radisson-de-bamako-deja-plusieurs-morts\/183765\/","url":"https:\/\/www.webdo.tn\/fr\/actualite\/international\/mali-attaque-terroriste-contre-lhotel-radisson-de-bamako-deja-plusieurs-morts\/183765\/","name":"Mali : Attaque terroriste contre l'h\u00f4tel Radisson de Bamako, 3 morts","isPartOf":{"@id":"https:\/\/www.webdo.tn\/fr\/#website"},"primaryImageOfPage":{"@id":"https:\/\/www.webdo.tn\/fr\/actualite\/international\/mali-attaque-terroriste-contre-lhotel-radisson-de-bamako-deja-plusieurs-morts\/183765\/#primaryimage"},"image":{"@id":"https:\/\/www.webdo.tn\/fr\/actualite\/international\/mali-attaque-terroriste-contre-lhotel-radisson-de-bamako-deja-plusieurs-morts\/183765\/#primaryimage"},"thumbnailUrl":"https:\/\/www.webdo.tn\/fr\/wp-content\/uploads\/2015\/11\/Radisson-Mali-300x199-2.jpg","datePublished":"2015-11-20T10:16:00+00:00","description":"Mali : Attaque terroriste contre l'h\u00f4tel Radisson de Bamako, 3 morts","breadcrumb":{"@id":"https:\/\/www.webdo.tn\/fr\/actualite\/international\/mali-attaque-terroriste-contre-lhotel-radisson-de-bamako-deja-plusieurs-morts\/183765\/#breadcrumb"},"inLanguage":"fr-FR","potentialAction":[{"@type":"ReadAction","target":["https:\/\/www.webdo.tn\/fr\/actualite\/international\/mali-attaque-terroriste-contre-lhotel-radisson-de-bamako-deja-plusieurs-morts\/183765\/"]}]},{"@type":"ImageObject","inLanguage":"fr-FR","@id":"https:\/\/www.webdo.tn\/fr\/actualite\/international\/mali-attaque-terroriste-contre-lhotel-radisson-de-bamako-deja-plusieurs-morts\/183765\/#primaryimage","url":"https:\/\/www.webdo.tn\/fr\/wp-content\/uploads\/2015\/11\/Radisson-Mali-300x199-2.jpg","contentUrl":"https:\/\/www.webdo.tn\/fr\/wp-content\/uploads\/2015\/11\/Radisson-Mali-300x199-2.jpg","width":300,"height":199,"caption":"Mali : Attaque terroriste contre l'h\u00f4tel Radisson de Bamako, 3 morts"},{"@type":"BreadcrumbList","@id":"https:\/\/www.webdo.tn\/fr\/actualite\/international\/mali-attaque-terroriste-contre-lhotel-radisson-de-bamako-deja-plusieurs-morts\/183765\/#breadcrumb","itemListElement":[{"@type":"ListItem","position":1,"name":"Accueil","item":"https:\/\/www.webdo.tn\/fr\/"},{"@type":"ListItem","position":2,"name":"Mali : Attaque terroriste contre l&rsquo;h\u00f4tel Radisson de Bamako, 3 morts"}]},{"@type":"WebSite","@id":"https:\/\/www.webdo.tn\/fr\/#website","url":"https:\/\/www.webdo.tn\/fr\/","name":"webdo","description":"Tunisie - News en Tunisie et \u00e0 l&#039;international sur Webdo.tn","publisher":{"@id":"https:\/\/www.webdo.tn\/fr\/#organization"},"potentialAction":[{"@type":"SearchAction","target":{"@type":"EntryPoint","urlTemplate":"https:\/\/www.webdo.tn\/fr\/?s={search_term_string}"},"query-input":{"@type":"PropertyValueSpecification","valueRequired":true,"valueName":"search_term_string"}}],"inLanguage":"fr-FR"},{"@type":"Organization","@id":"https:\/\/www.webdo.tn\/fr\/#organization","name":"Webdo","alternateName":"Webdo.tn","url":"https:\/\/www.webdo.tn\/fr\/","logo":{"@type":"ImageObject","inLanguage":"fr-FR","@id":"https:\/\/www.webdo.tn\/fr\/#\/schema\/logo\/image\/","url":"https:\/\/www.webdo.tn\/fr\/wp-content\/uploads\/2025\/06\/Webdo-Tunisie_168377.jpg","contentUrl":"https:\/\/www.webdo.tn\/fr\/wp-content\/uploads\/2025\/06\/Webdo-Tunisie_168377.jpg","width":301,"height":301,"caption":"Webdo"},"image":{"@id":"https:\/\/www.webdo.tn\/fr\/#\/schema\/logo\/image\/"},"sameAs":["https:\/\/www.facebook.com\/webdotn","https:\/\/x.com\/webdo_tn"],"description":"Webdo est un m\u00e9dia num\u00e9rique tunisien fond\u00e9 en 2010, sp\u00e9cialis\u00e9 dans l\u2019actualit\u00e9 nationale et internationale, l\u2019\u00e9conomie, la soci\u00e9t\u00e9 et les analyses politiques. Le site s\u2019adresse \u00e0 un large public francophone et couvre l\u2019information tunisienne en temps r\u00e9el.","email":"redac@webdo.tn","legalName":"YNJ SARL","foundingDate":"2010-09-06","numberOfEmployees":{"@type":"QuantitativeValue","minValue":"11","maxValue":"50"}},{"@type":"Person","@id":"https:\/\/www.webdo.tn\/fr\/#\/schema\/person\/9a9c6118d687c117df8ef3cc36a4d175","name":"webdo.tn","image":{"@type":"ImageObject","inLanguage":"fr-FR","@id":"https:\/\/secure.gravatar.com\/avatar\/7ce1f28c0c3bbac99ff550b85ef8e44a6950c6ee24514fb6a5489e51d06f0298?s=96&d=mm&r=g","url":"https:\/\/secure.gravatar.com\/avatar\/7ce1f28c0c3bbac99ff550b85ef8e44a6950c6ee24514fb6a5489e51d06f0298?s=96&d=mm&r=g","contentUrl":"https:\/\/secure.gravatar.com\/avatar\/7ce1f28c0c3bbac99ff550b85ef8e44a6950c6ee24514fb6a5489e51d06f0298?s=96&d=mm&r=g","caption":"webdo.tn"},"url":"https:\/\/www.webdo.tn\/fr\/actualite\/author\/webdotn\/"}]}},"_links":{"self":[{"href":"https:\/\/www.webdo.tn\/fr\/wp-json\/wp\/v2\/posts\/183765","targetHints":{"allow":["GET"]}}],"collection":[{"href":"https:\/\/www.webdo.tn\/fr\/wp-json\/wp\/v2\/posts"}],"about":[{"href":"https:\/\/www.webdo.tn\/fr\/wp-json\/wp\/v2\/types\/post"}],"author":[{"embeddable":true,"href":"https:\/\/www.webdo.tn\/fr\/wp-json\/wp\/v2\/users\/3222"}],"replies":[{"embeddable":true,"href":"https:\/\/www.webdo.tn\/fr\/wp-json\/wp\/v2\/comments?post=183765"}],"version-history":[{"count":0,"href":"https:\/\/www.webdo.tn\/fr\/wp-json\/wp\/v2\/posts\/183765\/revisions"}],"wp:featuredmedia":[{"embeddable":true,"href":"https:\/\/www.webdo.tn\/fr\/wp-json\/wp\/v2\/media\/329098"}],"wp:attachment":[{"href":"https:\/\/www.webdo.tn\/fr\/wp-json\/wp\/v2\/media?parent=183765"}],"wp:term":[{"taxonomy":"category","embeddable":true,"href":"https:\/\/www.webdo.tn\/fr\/wp-json\/wp\/v2\/categories?post=183765"},{"taxonomy":"post_tag","embeddable":true,"href":"https:\/\/www.webdo.tn\/fr\/wp-json\/wp\/v2\/tags?post=183765"}],"curies":[{"name":"wp","href":"https:\/\/api.w.org\/{rel}","templated":true}]}}