{"id":183762,"date":"2015-11-20T14:35:00","date_gmt":"2015-11-20T14:35:00","guid":{"rendered":"https:\/\/www.webdo.tn\/fr\/blog\/carnets-parisiens-les-musulmans-contre-la-barbarie\/183762\/"},"modified":"2015-11-20T14:35:00","modified_gmt":"2015-11-20T14:35:00","slug":"carnets-parisiens-les-musulmans-contre-la-barbarie","status":"publish","type":"post","link":"https:\/\/www.webdo.tn\/fr\/actualite\/international\/carnets-parisiens-les-musulmans-contre-la-barbarie\/183762\/","title":{"rendered":"Carnets Parisiens : Les musulmans contre la barbarie"},"content":{"rendered":"<p>Paris (envoy\u00e9 sp\u00e9cial) &#8211; La ville de Paris est en train de reprendre son souffle et le \u00ab\u00a0Fluctuat nec mergitur\u00a0\u00bb, devise r\u00e9solument optimiste de la capitale fran\u00e7aise, est de nouveau sur toutes les l\u00e8vres et dans tous les esprits, comme pour signifier que s&rsquo;il lui arrive de plier, Paris ne rompra jamais.<br \/>\nGrand hommage, la semaine prochaine, aux Invalides<br \/>\nUne semaine apr\u00e8s les l\u00e2ches attentats terroristes, Paris a vite fait de se ressaisir et les habitants de la ville communient entre eux et \u00e0 la m\u00e9moire des victimes, auxquelles un hommage solennel sera rendu la semaine prochaine aux Invalides, un lieu hautement symbolique.<\/p>\n<p>Dans les rues de Paris, les \u00e9glises sont ouvertes et accueillent fid\u00e8les et passants qui peuvent voir au seuil des lieux de culte de petites affiches, invitant \u00e0 la pri\u00e8re. \u00ab\u00a0Priez pour Paris\u00a0\u00bb, cette invitation silencieuse est partout et ils sont nombreux \u00e0 franchir les seuils accueillants ou \u00e0 simplement se recueillir en passant.<\/p>\n<p>J&rsquo;ai pour ma part fait quelques pas puis me suis assis pour une pri\u00e8re silencieuse en l&rsquo;\u00e9glise Saint Paul-Saint Louis, dans le quartier du Marais. Atmosph\u00e8re feutr\u00e9e, lumi\u00e8res contre la barbarie qui dispensaient une chaleureuse lueur, quelques fid\u00e8les prostern\u00e9s et le silence des orants&#8230;<br \/>\nVendredi \u00e0 Paris<br \/>\nMes pas me m\u00e8neront vers la grande mosqu\u00e9e de Paris. Un rassemblement musulman en hommage aux victimes devait s&rsquo;y tenir \u00e0 14h apr\u00e8s la pri\u00e8re du vendredi. \u00ab\u00a0Tous les citoyens fran\u00e7ais de confession musulmane et leurs amis\u00a0\u00bb y \u00e9taient invit\u00e9s pour exprimer \u00ab\u00a0leur profond attachement \u00e0 Paris, \u00e0 sa diversit\u00e9 et aux valeurs de la R\u00e9publique\u00a0\u00bb.<\/p>\n<p>Pour la Grande Mosqu\u00e9e de Paris, un clair \u00ab\u00a0Non au terrorisme\u00a0\u00bb doubl\u00e9 d&rsquo;un aussi net \u00ab\u00a0Non \u00e0 l&rsquo;amalgame\u00a0\u00bb ont \u00e9t\u00e9 de mise imm\u00e9diatement apr\u00e8s les attentats.<\/p>\n<p>Toutefois, \u00e0 cause de l&rsquo;\u00e9tat d&rsquo;urgence, ce rassemblement n&rsquo;aura pas lieu. Entour\u00e9e d&rsquo;un impressionnant cordon de s\u00e9curit\u00e9, la Grande Mosqu\u00e9e \u00e9tait quasiment boucl\u00e9e et on ne pouvait passer qu&rsquo;au compte-gouttes pour rejoindre la salle de pri\u00e8res.<br \/>\nPri\u00e8res pour la France<br \/>\nCe sont d&rsquo;ailleurs des \u00ab\u00a0Pri\u00e8res pour la France\u00a0\u00bb qui ont \u00e9t\u00e9 prononc\u00e9es aujourd\u2019hui dans les 2500 mosqu\u00e9es de France auxquelles un texte directeur a \u00e9t\u00e9 adress\u00e9 pour harmoniser les pr\u00eaches. Des pri\u00e8res contre le terrorisme mais aussi pour dire le caract\u00e8re ind\u00e9fectible du pacte r\u00e9publicain qui lie tous les Fran\u00e7ais quelles que soient leurs confessions ou origines.<\/p>\n<p>Les musulmans ont ainsi pu dire haut et fort leur rejet de cette violence aveugle qui n&rsquo;a rien \u00e0 voir avec l&rsquo;islam mais trouve son ancrage dans une haine aussi barbare que monstrueuse.<\/p>\n<p>Tr\u00e8s recueillis, les fid\u00e8les sont plong\u00e9s dans la pri\u00e8re. Bless\u00e9s dans leur chair et leur morale, ils partagent la douleur de toutes les composantes de la soci\u00e9t\u00e9 fran\u00e7aise et l&rsquo;expriment avec une \u00e9motion profonde et beaucoup de retenue, de pudeur.<br \/>\nA la recherche du second souffle<br \/>\nAlors que la pri\u00e8re s&rsquo;ach\u00e8ve, mon esprit s&rsquo;\u00e9vade un peu de toute cette tristesse assum\u00e9e, de cet \u00e9lan civique qui est en train de naitre et qui, certainement, trouvera bient\u00f4t son expression, comme fleurit il y a vingt ans le ciment d&rsquo;une France \u00ab\u00a0black, blanc, beur\u00a0\u00bb.<\/p>\n<p>Mais aujourd&rsquo;hui, c&rsquo;est au c\u0153ur des valeurs de la R\u00e9publique, Marianne bafou\u00e9e par ceux qu&rsquo;elle a accueilli en son sein, qu&rsquo;il faudra aller chercher de nouvelles forces, un second souffle apr\u00e8s le d\u00e9sarroi des premiers instants.<br \/>\nLe symbole de la Grande Mosqu\u00e9e de Paris<br \/>\nPour ma part, j&rsquo;observe cette magnifique mosqu\u00e9e parisienne, ce lieu de culte symbole de l&rsquo;islam en France. Il est vrai qu&rsquo;il s&rsquo;agit d&rsquo;un symbole fort dont les racines sont profondes. En 1920, un institut musulman a vu le jour en ces lieux avec une participation financi\u00e8re fran\u00e7aise. Ce n&rsquo;est que plus tard, lorsque la Ville de Paris a offert le terrain de l&rsquo;ancien h\u00f4pital de la Piti\u00e9, que le projet de construire une mosqu\u00e9e est n\u00e9.<\/p>\n<p>Inaugur\u00e9e en 1926, la mosqu\u00e9e et son minaret de 26 m\u00e8tres sont bien l\u00e8, avec aussi le t\u00e9moignage du patient travail de nombreux artisans maghr\u00e9bins qui nous ont l\u00e9gu\u00e9 un ouvrage de marbre, faience, stuc et boiseries,<br \/>\nUne R\u00e9publique renforc\u00e9e par l&rsquo;\u00e9preuve&#8230;<br \/>\n90 ans apr\u00e8s sa fondation, la Grande Mosqu\u00e9e de Paris est toujours le havre pacifique des musulmans de France. Aujourd&rsquo;hui, ils sont venus nombreux, \u00e9loquents et pleinement fran\u00e7ais, pour dire leur rejet du terrorisme, leur douleur et leur d\u00e9sir de voir la R\u00e9publique sortir renforc\u00e9e et plus que jamais unie, apr\u00e8s cette \u00e9preuve&#8230;<br \/>\nH.B.<\/p>\n","protected":false},"excerpt":{"rendered":"<p>Carnets Parisiens : Les musulmans contre la barbarie<\/p>\n","protected":false},"author":3222,"featured_media":375469,"comment_status":"open","ping_status":"closed","sticky":false,"template":"","format":"standard","meta":{"footnotes":""},"categories":[2598],"tags":[2600],"class_list":["post-183762","post","type-post","status-publish","format-standard","has-post-thumbnail","hentry","category-international","tag-guerre"],"yoast_head":"<!-- This site is optimized with the Yoast SEO Premium plugin v27.5 (Yoast SEO v27.5) - https:\/\/yoast.com\/product\/yoast-seo-premium-wordpress\/ -->\n<title>Carnets Parisiens : Les musulmans contre la barbarie<\/title>\n<meta name=\"description\" content=\"Carnets Parisiens : Les musulmans contre la barbarie\" \/>\n<link rel=\"canonical\" href=\"https:\/\/www.webdo.tn\/fr\/actualite\/international\/carnets-parisiens-les-musulmans-contre-la-barbarie\/183762\/\" \/>\n<meta property=\"og:locale\" content=\"fr_FR\" \/>\n<meta property=\"og:type\" content=\"article\" \/>\n<meta property=\"og:title\" content=\"Carnets Parisiens : Les musulmans contre la barbarie\" \/>\n<meta property=\"og:description\" content=\"Carnets Parisiens : Les musulmans contre la barbarie\" \/>\n<meta property=\"og:url\" content=\"https:\/\/www.webdo.tn\/fr\/actualite\/international\/carnets-parisiens-les-musulmans-contre-la-barbarie\/183762\/\" \/>\n<meta property=\"og:site_name\" content=\"webdo\" \/>\n<meta property=\"article:publisher\" content=\"https:\/\/www.facebook.com\/webdotn\" \/>\n<meta property=\"article:published_time\" content=\"2015-11-20T14:35:00+00:00\" \/>\n<meta name=\"author\" content=\"webdo.tn\" \/>\n<meta name=\"twitter:card\" content=\"summary_large_image\" \/>\n<meta name=\"twitter:creator\" content=\"@webdo_tn\" \/>\n<meta name=\"twitter:site\" content=\"@webdo_tn\" \/>\n<meta name=\"twitter:label1\" content=\"\u00c9crit par\" \/>\n\t<meta name=\"twitter:data1\" content=\"webdo.tn\" \/>\n\t<meta name=\"twitter:label2\" content=\"Dur\u00e9e de lecture estim\u00e9e\" \/>\n\t<meta name=\"twitter:data2\" content=\"4 minutes\" \/>\n<script type=\"application\/ld+json\" class=\"yoast-schema-graph\">{\"@context\":\"https:\\\/\\\/schema.org\",\"@graph\":[{\"@type\":\"NewsArticle\",\"@id\":\"https:\\\/\\\/www.webdo.tn\\\/fr\\\/actualite\\\/international\\\/carnets-parisiens-les-musulmans-contre-la-barbarie\\\/183762\\\/#article\",\"isPartOf\":{\"@id\":\"https:\\\/\\\/www.webdo.tn\\\/fr\\\/actualite\\\/international\\\/carnets-parisiens-les-musulmans-contre-la-barbarie\\\/183762\\\/\"},\"author\":{\"name\":\"webdo.tn\",\"@id\":\"https:\\\/\\\/www.webdo.tn\\\/fr\\\/#\\\/schema\\\/person\\\/9a9c6118d687c117df8ef3cc36a4d175\"},\"headline\":\"Carnets Parisiens : Les musulmans contre la barbarie\",\"datePublished\":\"2015-11-20T14:35:00+00:00\",\"mainEntityOfPage\":{\"@id\":\"https:\\\/\\\/www.webdo.tn\\\/fr\\\/actualite\\\/international\\\/carnets-parisiens-les-musulmans-contre-la-barbarie\\\/183762\\\/\"},\"wordCount\":825,\"commentCount\":0,\"publisher\":{\"@id\":\"https:\\\/\\\/www.webdo.tn\\\/fr\\\/#organization\"},\"image\":{\"@id\":\"https:\\\/\\\/www.webdo.tn\\\/fr\\\/actualite\\\/international\\\/carnets-parisiens-les-musulmans-contre-la-barbarie\\\/183762\\\/#primaryimage\"},\"thumbnailUrl\":\"https:\\\/\\\/www.webdo.tn\\\/fr\\\/wp-content\\\/uploads\\\/2025\\\/06\\\/Mosquee-de-Paris-300x170_183762.jpg\",\"keywords\":[\"guerre\"],\"articleSection\":[\"International\"],\"inLanguage\":\"fr-FR\"},{\"@type\":\"WebPage\",\"@id\":\"https:\\\/\\\/www.webdo.tn\\\/fr\\\/actualite\\\/international\\\/carnets-parisiens-les-musulmans-contre-la-barbarie\\\/183762\\\/\",\"url\":\"https:\\\/\\\/www.webdo.tn\\\/fr\\\/actualite\\\/international\\\/carnets-parisiens-les-musulmans-contre-la-barbarie\\\/183762\\\/\",\"name\":\"Carnets Parisiens : Les musulmans contre la barbarie\",\"isPartOf\":{\"@id\":\"https:\\\/\\\/www.webdo.tn\\\/fr\\\/#website\"},\"primaryImageOfPage\":{\"@id\":\"https:\\\/\\\/www.webdo.tn\\\/fr\\\/actualite\\\/international\\\/carnets-parisiens-les-musulmans-contre-la-barbarie\\\/183762\\\/#primaryimage\"},\"image\":{\"@id\":\"https:\\\/\\\/www.webdo.tn\\\/fr\\\/actualite\\\/international\\\/carnets-parisiens-les-musulmans-contre-la-barbarie\\\/183762\\\/#primaryimage\"},\"thumbnailUrl\":\"https:\\\/\\\/www.webdo.tn\\\/fr\\\/wp-content\\\/uploads\\\/2025\\\/06\\\/Mosquee-de-Paris-300x170_183762.jpg\",\"datePublished\":\"2015-11-20T14:35:00+00:00\",\"description\":\"Carnets Parisiens : Les musulmans contre la barbarie\",\"breadcrumb\":{\"@id\":\"https:\\\/\\\/www.webdo.tn\\\/fr\\\/actualite\\\/international\\\/carnets-parisiens-les-musulmans-contre-la-barbarie\\\/183762\\\/#breadcrumb\"},\"inLanguage\":\"fr-FR\",\"potentialAction\":[{\"@type\":\"ReadAction\",\"target\":[\"https:\\\/\\\/www.webdo.tn\\\/fr\\\/actualite\\\/international\\\/carnets-parisiens-les-musulmans-contre-la-barbarie\\\/183762\\\/\"]}]},{\"@type\":\"ImageObject\",\"inLanguage\":\"fr-FR\",\"@id\":\"https:\\\/\\\/www.webdo.tn\\\/fr\\\/actualite\\\/international\\\/carnets-parisiens-les-musulmans-contre-la-barbarie\\\/183762\\\/#primaryimage\",\"url\":\"https:\\\/\\\/www.webdo.tn\\\/fr\\\/wp-content\\\/uploads\\\/2025\\\/06\\\/Mosquee-de-Paris-300x170_183762.jpg\",\"contentUrl\":\"https:\\\/\\\/www.webdo.tn\\\/fr\\\/wp-content\\\/uploads\\\/2025\\\/06\\\/Mosquee-de-Paris-300x170_183762.jpg\",\"width\":300,\"height\":170,\"caption\":\"Carnets Parisiens : Les musulmans contre la barbarie\"},{\"@type\":\"BreadcrumbList\",\"@id\":\"https:\\\/\\\/www.webdo.tn\\\/fr\\\/actualite\\\/international\\\/carnets-parisiens-les-musulmans-contre-la-barbarie\\\/183762\\\/#breadcrumb\",\"itemListElement\":[{\"@type\":\"ListItem\",\"position\":1,\"name\":\"Accueil\",\"item\":\"https:\\\/\\\/www.webdo.tn\\\/fr\\\/\"},{\"@type\":\"ListItem\",\"position\":2,\"name\":\"Carnets Parisiens : Les musulmans contre la barbarie\"}]},{\"@type\":\"WebSite\",\"@id\":\"https:\\\/\\\/www.webdo.tn\\\/fr\\\/#website\",\"url\":\"https:\\\/\\\/www.webdo.tn\\\/fr\\\/\",\"name\":\"webdo\",\"description\":\"Tunisie - News en Tunisie et \u00e0 l&#039;international sur Webdo.tn\",\"publisher\":{\"@id\":\"https:\\\/\\\/www.webdo.tn\\\/fr\\\/#organization\"},\"potentialAction\":[{\"@type\":\"SearchAction\",\"target\":{\"@type\":\"EntryPoint\",\"urlTemplate\":\"https:\\\/\\\/www.webdo.tn\\\/fr\\\/?s={search_term_string}\"},\"query-input\":{\"@type\":\"PropertyValueSpecification\",\"valueRequired\":true,\"valueName\":\"search_term_string\"}}],\"inLanguage\":\"fr-FR\"},{\"@type\":\"Organization\",\"@id\":\"https:\\\/\\\/www.webdo.tn\\\/fr\\\/#organization\",\"name\":\"Webdo\",\"alternateName\":\"Webdo.tn\",\"url\":\"https:\\\/\\\/www.webdo.tn\\\/fr\\\/\",\"logo\":{\"@type\":\"ImageObject\",\"inLanguage\":\"fr-FR\",\"@id\":\"https:\\\/\\\/www.webdo.tn\\\/fr\\\/#\\\/schema\\\/logo\\\/image\\\/\",\"url\":\"https:\\\/\\\/www.webdo.tn\\\/fr\\\/wp-content\\\/uploads\\\/2025\\\/06\\\/Webdo-Tunisie_168377.jpg\",\"contentUrl\":\"https:\\\/\\\/www.webdo.tn\\\/fr\\\/wp-content\\\/uploads\\\/2025\\\/06\\\/Webdo-Tunisie_168377.jpg\",\"width\":301,\"height\":301,\"caption\":\"Webdo\"},\"image\":{\"@id\":\"https:\\\/\\\/www.webdo.tn\\\/fr\\\/#\\\/schema\\\/logo\\\/image\\\/\"},\"sameAs\":[\"https:\\\/\\\/www.facebook.com\\\/webdotn\",\"https:\\\/\\\/x.com\\\/webdo_tn\"],\"description\":\"Webdo est un m\u00e9dia num\u00e9rique tunisien fond\u00e9 en 2010, sp\u00e9cialis\u00e9 dans l\u2019actualit\u00e9 nationale et internationale, l\u2019\u00e9conomie, la soci\u00e9t\u00e9 et les analyses politiques. Le site s\u2019adresse \u00e0 un large public francophone et couvre l\u2019information tunisienne en temps r\u00e9el.\",\"email\":\"redac@webdo.tn\",\"legalName\":\"YNJ SARL\",\"foundingDate\":\"2010-09-06\",\"numberOfEmployees\":{\"@type\":\"QuantitativeValue\",\"minValue\":\"11\",\"maxValue\":\"50\"}},{\"@type\":\"Person\",\"@id\":\"https:\\\/\\\/www.webdo.tn\\\/fr\\\/#\\\/schema\\\/person\\\/9a9c6118d687c117df8ef3cc36a4d175\",\"name\":\"webdo.tn\",\"image\":{\"@type\":\"ImageObject\",\"inLanguage\":\"fr-FR\",\"@id\":\"https:\\\/\\\/secure.gravatar.com\\\/avatar\\\/7ce1f28c0c3bbac99ff550b85ef8e44a6950c6ee24514fb6a5489e51d06f0298?s=96&d=mm&r=g\",\"url\":\"https:\\\/\\\/secure.gravatar.com\\\/avatar\\\/7ce1f28c0c3bbac99ff550b85ef8e44a6950c6ee24514fb6a5489e51d06f0298?s=96&d=mm&r=g\",\"contentUrl\":\"https:\\\/\\\/secure.gravatar.com\\\/avatar\\\/7ce1f28c0c3bbac99ff550b85ef8e44a6950c6ee24514fb6a5489e51d06f0298?s=96&d=mm&r=g\",\"caption\":\"webdo.tn\"},\"url\":\"https:\\\/\\\/www.webdo.tn\\\/fr\\\/actualite\\\/author\\\/webdotn\\\/\"}]}<\/script>\n<!-- \/ Yoast SEO Premium plugin. -->","yoast_head_json":{"title":"Carnets Parisiens : Les musulmans contre la barbarie","description":"Carnets Parisiens : Les musulmans contre la barbarie","canonical":"https:\/\/www.webdo.tn\/fr\/actualite\/international\/carnets-parisiens-les-musulmans-contre-la-barbarie\/183762\/","og_locale":"fr_FR","og_type":"article","og_title":"Carnets Parisiens : Les musulmans contre la barbarie","og_description":"Carnets Parisiens : Les musulmans contre la barbarie","og_url":"https:\/\/www.webdo.tn\/fr\/actualite\/international\/carnets-parisiens-les-musulmans-contre-la-barbarie\/183762\/","og_site_name":"webdo","article_publisher":"https:\/\/www.facebook.com\/webdotn","article_published_time":"2015-11-20T14:35:00+00:00","author":"webdo.tn","twitter_card":"summary_large_image","twitter_creator":"@webdo_tn","twitter_site":"@webdo_tn","twitter_misc":{"\u00c9crit par":"webdo.tn","Dur\u00e9e de lecture estim\u00e9e":"4 minutes"},"schema":{"@context":"https:\/\/schema.org","@graph":[{"@type":"NewsArticle","@id":"https:\/\/www.webdo.tn\/fr\/actualite\/international\/carnets-parisiens-les-musulmans-contre-la-barbarie\/183762\/#article","isPartOf":{"@id":"https:\/\/www.webdo.tn\/fr\/actualite\/international\/carnets-parisiens-les-musulmans-contre-la-barbarie\/183762\/"},"author":{"name":"webdo.tn","@id":"https:\/\/www.webdo.tn\/fr\/#\/schema\/person\/9a9c6118d687c117df8ef3cc36a4d175"},"headline":"Carnets Parisiens : Les musulmans contre la barbarie","datePublished":"2015-11-20T14:35:00+00:00","mainEntityOfPage":{"@id":"https:\/\/www.webdo.tn\/fr\/actualite\/international\/carnets-parisiens-les-musulmans-contre-la-barbarie\/183762\/"},"wordCount":825,"commentCount":0,"publisher":{"@id":"https:\/\/www.webdo.tn\/fr\/#organization"},"image":{"@id":"https:\/\/www.webdo.tn\/fr\/actualite\/international\/carnets-parisiens-les-musulmans-contre-la-barbarie\/183762\/#primaryimage"},"thumbnailUrl":"https:\/\/www.webdo.tn\/fr\/wp-content\/uploads\/2025\/06\/Mosquee-de-Paris-300x170_183762.jpg","keywords":["guerre"],"articleSection":["International"],"inLanguage":"fr-FR"},{"@type":"WebPage","@id":"https:\/\/www.webdo.tn\/fr\/actualite\/international\/carnets-parisiens-les-musulmans-contre-la-barbarie\/183762\/","url":"https:\/\/www.webdo.tn\/fr\/actualite\/international\/carnets-parisiens-les-musulmans-contre-la-barbarie\/183762\/","name":"Carnets Parisiens : Les musulmans contre la barbarie","isPartOf":{"@id":"https:\/\/www.webdo.tn\/fr\/#website"},"primaryImageOfPage":{"@id":"https:\/\/www.webdo.tn\/fr\/actualite\/international\/carnets-parisiens-les-musulmans-contre-la-barbarie\/183762\/#primaryimage"},"image":{"@id":"https:\/\/www.webdo.tn\/fr\/actualite\/international\/carnets-parisiens-les-musulmans-contre-la-barbarie\/183762\/#primaryimage"},"thumbnailUrl":"https:\/\/www.webdo.tn\/fr\/wp-content\/uploads\/2025\/06\/Mosquee-de-Paris-300x170_183762.jpg","datePublished":"2015-11-20T14:35:00+00:00","description":"Carnets Parisiens : Les musulmans contre la barbarie","breadcrumb":{"@id":"https:\/\/www.webdo.tn\/fr\/actualite\/international\/carnets-parisiens-les-musulmans-contre-la-barbarie\/183762\/#breadcrumb"},"inLanguage":"fr-FR","potentialAction":[{"@type":"ReadAction","target":["https:\/\/www.webdo.tn\/fr\/actualite\/international\/carnets-parisiens-les-musulmans-contre-la-barbarie\/183762\/"]}]},{"@type":"ImageObject","inLanguage":"fr-FR","@id":"https:\/\/www.webdo.tn\/fr\/actualite\/international\/carnets-parisiens-les-musulmans-contre-la-barbarie\/183762\/#primaryimage","url":"https:\/\/www.webdo.tn\/fr\/wp-content\/uploads\/2025\/06\/Mosquee-de-Paris-300x170_183762.jpg","contentUrl":"https:\/\/www.webdo.tn\/fr\/wp-content\/uploads\/2025\/06\/Mosquee-de-Paris-300x170_183762.jpg","width":300,"height":170,"caption":"Carnets Parisiens : Les musulmans contre la barbarie"},{"@type":"BreadcrumbList","@id":"https:\/\/www.webdo.tn\/fr\/actualite\/international\/carnets-parisiens-les-musulmans-contre-la-barbarie\/183762\/#breadcrumb","itemListElement":[{"@type":"ListItem","position":1,"name":"Accueil","item":"https:\/\/www.webdo.tn\/fr\/"},{"@type":"ListItem","position":2,"name":"Carnets Parisiens : Les musulmans contre la barbarie"}]},{"@type":"WebSite","@id":"https:\/\/www.webdo.tn\/fr\/#website","url":"https:\/\/www.webdo.tn\/fr\/","name":"webdo","description":"Tunisie - News en Tunisie et \u00e0 l&#039;international sur Webdo.tn","publisher":{"@id":"https:\/\/www.webdo.tn\/fr\/#organization"},"potentialAction":[{"@type":"SearchAction","target":{"@type":"EntryPoint","urlTemplate":"https:\/\/www.webdo.tn\/fr\/?s={search_term_string}"},"query-input":{"@type":"PropertyValueSpecification","valueRequired":true,"valueName":"search_term_string"}}],"inLanguage":"fr-FR"},{"@type":"Organization","@id":"https:\/\/www.webdo.tn\/fr\/#organization","name":"Webdo","alternateName":"Webdo.tn","url":"https:\/\/www.webdo.tn\/fr\/","logo":{"@type":"ImageObject","inLanguage":"fr-FR","@id":"https:\/\/www.webdo.tn\/fr\/#\/schema\/logo\/image\/","url":"https:\/\/www.webdo.tn\/fr\/wp-content\/uploads\/2025\/06\/Webdo-Tunisie_168377.jpg","contentUrl":"https:\/\/www.webdo.tn\/fr\/wp-content\/uploads\/2025\/06\/Webdo-Tunisie_168377.jpg","width":301,"height":301,"caption":"Webdo"},"image":{"@id":"https:\/\/www.webdo.tn\/fr\/#\/schema\/logo\/image\/"},"sameAs":["https:\/\/www.facebook.com\/webdotn","https:\/\/x.com\/webdo_tn"],"description":"Webdo est un m\u00e9dia num\u00e9rique tunisien fond\u00e9 en 2010, sp\u00e9cialis\u00e9 dans l\u2019actualit\u00e9 nationale et internationale, l\u2019\u00e9conomie, la soci\u00e9t\u00e9 et les analyses politiques. Le site s\u2019adresse \u00e0 un large public francophone et couvre l\u2019information tunisienne en temps r\u00e9el.","email":"redac@webdo.tn","legalName":"YNJ SARL","foundingDate":"2010-09-06","numberOfEmployees":{"@type":"QuantitativeValue","minValue":"11","maxValue":"50"}},{"@type":"Person","@id":"https:\/\/www.webdo.tn\/fr\/#\/schema\/person\/9a9c6118d687c117df8ef3cc36a4d175","name":"webdo.tn","image":{"@type":"ImageObject","inLanguage":"fr-FR","@id":"https:\/\/secure.gravatar.com\/avatar\/7ce1f28c0c3bbac99ff550b85ef8e44a6950c6ee24514fb6a5489e51d06f0298?s=96&d=mm&r=g","url":"https:\/\/secure.gravatar.com\/avatar\/7ce1f28c0c3bbac99ff550b85ef8e44a6950c6ee24514fb6a5489e51d06f0298?s=96&d=mm&r=g","contentUrl":"https:\/\/secure.gravatar.com\/avatar\/7ce1f28c0c3bbac99ff550b85ef8e44a6950c6ee24514fb6a5489e51d06f0298?s=96&d=mm&r=g","caption":"webdo.tn"},"url":"https:\/\/www.webdo.tn\/fr\/actualite\/author\/webdotn\/"}]}},"_links":{"self":[{"href":"https:\/\/www.webdo.tn\/fr\/wp-json\/wp\/v2\/posts\/183762","targetHints":{"allow":["GET"]}}],"collection":[{"href":"https:\/\/www.webdo.tn\/fr\/wp-json\/wp\/v2\/posts"}],"about":[{"href":"https:\/\/www.webdo.tn\/fr\/wp-json\/wp\/v2\/types\/post"}],"author":[{"embeddable":true,"href":"https:\/\/www.webdo.tn\/fr\/wp-json\/wp\/v2\/users\/3222"}],"replies":[{"embeddable":true,"href":"https:\/\/www.webdo.tn\/fr\/wp-json\/wp\/v2\/comments?post=183762"}],"version-history":[{"count":0,"href":"https:\/\/www.webdo.tn\/fr\/wp-json\/wp\/v2\/posts\/183762\/revisions"}],"wp:featuredmedia":[{"embeddable":true,"href":"https:\/\/www.webdo.tn\/fr\/wp-json\/wp\/v2\/media\/375469"}],"wp:attachment":[{"href":"https:\/\/www.webdo.tn\/fr\/wp-json\/wp\/v2\/media?parent=183762"}],"wp:term":[{"taxonomy":"category","embeddable":true,"href":"https:\/\/www.webdo.tn\/fr\/wp-json\/wp\/v2\/categories?post=183762"},{"taxonomy":"post_tag","embeddable":true,"href":"https:\/\/www.webdo.tn\/fr\/wp-json\/wp\/v2\/tags?post=183762"}],"curies":[{"name":"wp","href":"https:\/\/api.w.org\/{rel}","templated":true}]}}