{"id":183761,"date":"2015-11-20T17:49:00","date_gmt":"2015-11-20T17:49:00","guid":{"rendered":"https:\/\/www.webdo.tn\/fr\/blog\/la-prise-dotage-au-radisson-a-bamako-toujours-en-cours-depuis-ce-matin\/183761\/"},"modified":"2025-05-18T21:59:04","modified_gmt":"2025-05-18T21:59:04","slug":"la-prise-dotage-au-radisson-a-bamako-toujours-en-cours-depuis-ce-matin","status":"publish","type":"post","link":"https:\/\/www.webdo.tn\/fr\/actualite\/international\/la-prise-dotage-au-radisson-a-bamako-toujours-en-cours-depuis-ce-matin\/183761\/","title":{"rendered":"La prise d&rsquo;otage au Radisson \u00e0 Bamako, toujours en cours depuis ce matin"},"content":{"rendered":"<p>La prise d&rsquo;otages est toujours en cours \u00e0 l&rsquo;h\u00f4tel Radisson Blu, dans le centre-ville de Bamako, la capitale du Mali, depuis ce matin, 20 novembre.<\/p>\n<p>Selon les derni\u00e8res infos du minist\u00e8re de la s\u00e9curit\u00e9 du Mali, trois personnes ont \u00e9t\u00e9 tu\u00e9es. Les forces de l&rsquo;ordre auraient r\u00e9ussi \u00e0 lib\u00e9rer 80 otages.<\/p>\n<p>il resterait encore 125 clients et 13 membres du personnel \u00e0 l&rsquo;int\u00e9rieur de l&rsquo;h\u00f4tel.<\/p>\n<p>D&rsquo;apr\u00e8s les t\u00e9moignages recueillis par Reuters, il y aurait une dizaine d&rsquo;assaillants. L&rsquo;attaque aurait \u00e9t\u00e9 revendiqu\u00e9e par un groupe se r\u00e9clamant d&rsquo;Al-Qaida via Twitter.<br \/>\nS.B<\/p>\n","protected":false},"excerpt":{"rendered":"<p>La prise d&rsquo;otage au Radisson \u00e0 Bamako, toujours en cours depuis ce matin<\/p>\n","protected":false},"author":3222,"featured_media":316391,"comment_status":"open","ping_status":"closed","sticky":false,"template":"","format":"standard","meta":{"footnotes":""},"categories":[2598],"tags":[2600],"class_list":["post-183761","post","type-post","status-publish","format-standard","has-post-thumbnail","hentry","category-international","tag-guerre"],"yoast_head":"<!-- This site is optimized with the Yoast SEO Premium plugin v27.5 (Yoast SEO v27.5) - https:\/\/yoast.com\/product\/yoast-seo-premium-wordpress\/ -->\n<title>La prise d&#039;otage au Radisson \u00e0 Bamako, toujours en cours depuis ce matin<\/title>\n<meta name=\"description\" content=\"La prise d&#039;otage au Radisson \u00e0 Bamako, toujours en cours depuis ce matin\" \/>\n<link rel=\"canonical\" href=\"https:\/\/www.webdo.tn\/fr\/actualite\/international\/la-prise-dotage-au-radisson-a-bamako-toujours-en-cours-depuis-ce-matin\/183761\/\" \/>\n<meta property=\"og:locale\" content=\"fr_FR\" \/>\n<meta property=\"og:type\" content=\"article\" \/>\n<meta property=\"og:title\" content=\"La prise d&#039;otage au Radisson \u00e0 Bamako, toujours en cours depuis ce matin\" \/>\n<meta property=\"og:description\" content=\"La prise d&#039;otage au Radisson \u00e0 Bamako, toujours en cours depuis ce matin\" \/>\n<meta property=\"og:url\" content=\"https:\/\/www.webdo.tn\/fr\/actualite\/international\/la-prise-dotage-au-radisson-a-bamako-toujours-en-cours-depuis-ce-matin\/183761\/\" \/>\n<meta property=\"og:site_name\" content=\"webdo\" \/>\n<meta property=\"article:publisher\" content=\"https:\/\/www.facebook.com\/webdotn\" \/>\n<meta property=\"article:published_time\" content=\"2015-11-20T17:49:00+00:00\" \/>\n<meta property=\"article:modified_time\" content=\"2025-05-18T21:59:04+00:00\" \/>\n<meta property=\"og:image\" content=\"https:\/\/www.webdo.tn\/fr\/wp-content\/uploads\/2015\/11\/bamako-300x169-1.jpg\" \/>\n\t<meta property=\"og:image:width\" content=\"300\" \/>\n\t<meta property=\"og:image:height\" content=\"169\" \/>\n\t<meta property=\"og:image:type\" content=\"image\/jpeg\" \/>\n<meta name=\"author\" content=\"webdo.tn\" \/>\n<meta name=\"twitter:card\" content=\"summary_large_image\" \/>\n<meta name=\"twitter:creator\" content=\"@webdo_tn\" \/>\n<meta name=\"twitter:site\" content=\"@webdo_tn\" \/>\n<meta name=\"twitter:label1\" content=\"\u00c9crit par\" \/>\n\t<meta name=\"twitter:data1\" content=\"webdo.tn\" \/>\n<script type=\"application\/ld+json\" class=\"yoast-schema-graph\">{\"@context\":\"https:\\\/\\\/schema.org\",\"@graph\":[{\"@type\":\"NewsArticle\",\"@id\":\"https:\\\/\\\/www.webdo.tn\\\/fr\\\/actualite\\\/international\\\/la-prise-dotage-au-radisson-a-bamako-toujours-en-cours-depuis-ce-matin\\\/183761\\\/#article\",\"isPartOf\":{\"@id\":\"https:\\\/\\\/www.webdo.tn\\\/fr\\\/actualite\\\/international\\\/la-prise-dotage-au-radisson-a-bamako-toujours-en-cours-depuis-ce-matin\\\/183761\\\/\"},\"author\":{\"name\":\"webdo.tn\",\"@id\":\"https:\\\/\\\/www.webdo.tn\\\/fr\\\/#\\\/schema\\\/person\\\/9a9c6118d687c117df8ef3cc36a4d175\"},\"headline\":\"La prise d&rsquo;otage au Radisson \u00e0 Bamako, toujours en cours depuis ce matin\",\"datePublished\":\"2015-11-20T17:49:00+00:00\",\"dateModified\":\"2025-05-18T21:59:04+00:00\",\"mainEntityOfPage\":{\"@id\":\"https:\\\/\\\/www.webdo.tn\\\/fr\\\/actualite\\\/international\\\/la-prise-dotage-au-radisson-a-bamako-toujours-en-cours-depuis-ce-matin\\\/183761\\\/\"},\"wordCount\":119,\"commentCount\":0,\"publisher\":{\"@id\":\"https:\\\/\\\/www.webdo.tn\\\/fr\\\/#organization\"},\"image\":{\"@id\":\"https:\\\/\\\/www.webdo.tn\\\/fr\\\/actualite\\\/international\\\/la-prise-dotage-au-radisson-a-bamako-toujours-en-cours-depuis-ce-matin\\\/183761\\\/#primaryimage\"},\"thumbnailUrl\":\"https:\\\/\\\/www.webdo.tn\\\/fr\\\/wp-content\\\/uploads\\\/2015\\\/11\\\/bamako-300x169-1.jpg\",\"keywords\":[\"guerre\"],\"articleSection\":[\"International\"],\"inLanguage\":\"fr-FR\"},{\"@type\":\"WebPage\",\"@id\":\"https:\\\/\\\/www.webdo.tn\\\/fr\\\/actualite\\\/international\\\/la-prise-dotage-au-radisson-a-bamako-toujours-en-cours-depuis-ce-matin\\\/183761\\\/\",\"url\":\"https:\\\/\\\/www.webdo.tn\\\/fr\\\/actualite\\\/international\\\/la-prise-dotage-au-radisson-a-bamako-toujours-en-cours-depuis-ce-matin\\\/183761\\\/\",\"name\":\"La prise d'otage au Radisson \u00e0 Bamako, toujours en cours depuis ce matin\",\"isPartOf\":{\"@id\":\"https:\\\/\\\/www.webdo.tn\\\/fr\\\/#website\"},\"primaryImageOfPage\":{\"@id\":\"https:\\\/\\\/www.webdo.tn\\\/fr\\\/actualite\\\/international\\\/la-prise-dotage-au-radisson-a-bamako-toujours-en-cours-depuis-ce-matin\\\/183761\\\/#primaryimage\"},\"image\":{\"@id\":\"https:\\\/\\\/www.webdo.tn\\\/fr\\\/actualite\\\/international\\\/la-prise-dotage-au-radisson-a-bamako-toujours-en-cours-depuis-ce-matin\\\/183761\\\/#primaryimage\"},\"thumbnailUrl\":\"https:\\\/\\\/www.webdo.tn\\\/fr\\\/wp-content\\\/uploads\\\/2015\\\/11\\\/bamako-300x169-1.jpg\",\"datePublished\":\"2015-11-20T17:49:00+00:00\",\"dateModified\":\"2025-05-18T21:59:04+00:00\",\"description\":\"La prise d'otage au Radisson \u00e0 Bamako, toujours en cours depuis ce matin\",\"breadcrumb\":{\"@id\":\"https:\\\/\\\/www.webdo.tn\\\/fr\\\/actualite\\\/international\\\/la-prise-dotage-au-radisson-a-bamako-toujours-en-cours-depuis-ce-matin\\\/183761\\\/#breadcrumb\"},\"inLanguage\":\"fr-FR\",\"potentialAction\":[{\"@type\":\"ReadAction\",\"target\":[\"https:\\\/\\\/www.webdo.tn\\\/fr\\\/actualite\\\/international\\\/la-prise-dotage-au-radisson-a-bamako-toujours-en-cours-depuis-ce-matin\\\/183761\\\/\"]}]},{\"@type\":\"ImageObject\",\"inLanguage\":\"fr-FR\",\"@id\":\"https:\\\/\\\/www.webdo.tn\\\/fr\\\/actualite\\\/international\\\/la-prise-dotage-au-radisson-a-bamako-toujours-en-cours-depuis-ce-matin\\\/183761\\\/#primaryimage\",\"url\":\"https:\\\/\\\/www.webdo.tn\\\/fr\\\/wp-content\\\/uploads\\\/2015\\\/11\\\/bamako-300x169-1.jpg\",\"contentUrl\":\"https:\\\/\\\/www.webdo.tn\\\/fr\\\/wp-content\\\/uploads\\\/2015\\\/11\\\/bamako-300x169-1.jpg\",\"width\":300,\"height\":169,\"caption\":\"La prise d'otage au Radisson \u00e0 Bamako, toujours en cours depuis ce matin\"},{\"@type\":\"BreadcrumbList\",\"@id\":\"https:\\\/\\\/www.webdo.tn\\\/fr\\\/actualite\\\/international\\\/la-prise-dotage-au-radisson-a-bamako-toujours-en-cours-depuis-ce-matin\\\/183761\\\/#breadcrumb\",\"itemListElement\":[{\"@type\":\"ListItem\",\"position\":1,\"name\":\"Accueil\",\"item\":\"https:\\\/\\\/www.webdo.tn\\\/fr\\\/\"},{\"@type\":\"ListItem\",\"position\":2,\"name\":\"La prise d&rsquo;otage au Radisson \u00e0 Bamako, toujours en cours depuis ce matin\"}]},{\"@type\":\"WebSite\",\"@id\":\"https:\\\/\\\/www.webdo.tn\\\/fr\\\/#website\",\"url\":\"https:\\\/\\\/www.webdo.tn\\\/fr\\\/\",\"name\":\"webdo\",\"description\":\"Tunisie - News en Tunisie et \u00e0 l&#039;international sur Webdo.tn\",\"publisher\":{\"@id\":\"https:\\\/\\\/www.webdo.tn\\\/fr\\\/#organization\"},\"potentialAction\":[{\"@type\":\"SearchAction\",\"target\":{\"@type\":\"EntryPoint\",\"urlTemplate\":\"https:\\\/\\\/www.webdo.tn\\\/fr\\\/?s={search_term_string}\"},\"query-input\":{\"@type\":\"PropertyValueSpecification\",\"valueRequired\":true,\"valueName\":\"search_term_string\"}}],\"inLanguage\":\"fr-FR\"},{\"@type\":\"Organization\",\"@id\":\"https:\\\/\\\/www.webdo.tn\\\/fr\\\/#organization\",\"name\":\"Webdo\",\"alternateName\":\"Webdo.tn\",\"url\":\"https:\\\/\\\/www.webdo.tn\\\/fr\\\/\",\"logo\":{\"@type\":\"ImageObject\",\"inLanguage\":\"fr-FR\",\"@id\":\"https:\\\/\\\/www.webdo.tn\\\/fr\\\/#\\\/schema\\\/logo\\\/image\\\/\",\"url\":\"https:\\\/\\\/www.webdo.tn\\\/fr\\\/wp-content\\\/uploads\\\/2025\\\/06\\\/Webdo-Tunisie_168377.jpg\",\"contentUrl\":\"https:\\\/\\\/www.webdo.tn\\\/fr\\\/wp-content\\\/uploads\\\/2025\\\/06\\\/Webdo-Tunisie_168377.jpg\",\"width\":301,\"height\":301,\"caption\":\"Webdo\"},\"image\":{\"@id\":\"https:\\\/\\\/www.webdo.tn\\\/fr\\\/#\\\/schema\\\/logo\\\/image\\\/\"},\"sameAs\":[\"https:\\\/\\\/www.facebook.com\\\/webdotn\",\"https:\\\/\\\/x.com\\\/webdo_tn\"],\"description\":\"Webdo est un m\u00e9dia num\u00e9rique tunisien fond\u00e9 en 2010, sp\u00e9cialis\u00e9 dans l\u2019actualit\u00e9 nationale et internationale, l\u2019\u00e9conomie, la soci\u00e9t\u00e9 et les analyses politiques. Le site s\u2019adresse \u00e0 un large public francophone et couvre l\u2019information tunisienne en temps r\u00e9el.\",\"email\":\"redac@webdo.tn\",\"legalName\":\"YNJ SARL\",\"foundingDate\":\"2010-09-06\",\"numberOfEmployees\":{\"@type\":\"QuantitativeValue\",\"minValue\":\"11\",\"maxValue\":\"50\"}},{\"@type\":\"Person\",\"@id\":\"https:\\\/\\\/www.webdo.tn\\\/fr\\\/#\\\/schema\\\/person\\\/9a9c6118d687c117df8ef3cc36a4d175\",\"name\":\"webdo.tn\",\"image\":{\"@type\":\"ImageObject\",\"inLanguage\":\"fr-FR\",\"@id\":\"https:\\\/\\\/secure.gravatar.com\\\/avatar\\\/7ce1f28c0c3bbac99ff550b85ef8e44a6950c6ee24514fb6a5489e51d06f0298?s=96&d=mm&r=g\",\"url\":\"https:\\\/\\\/secure.gravatar.com\\\/avatar\\\/7ce1f28c0c3bbac99ff550b85ef8e44a6950c6ee24514fb6a5489e51d06f0298?s=96&d=mm&r=g\",\"contentUrl\":\"https:\\\/\\\/secure.gravatar.com\\\/avatar\\\/7ce1f28c0c3bbac99ff550b85ef8e44a6950c6ee24514fb6a5489e51d06f0298?s=96&d=mm&r=g\",\"caption\":\"webdo.tn\"},\"url\":\"https:\\\/\\\/www.webdo.tn\\\/fr\\\/actualite\\\/author\\\/webdotn\\\/\"}]}<\/script>\n<!-- \/ Yoast SEO Premium plugin. -->","yoast_head_json":{"title":"La prise d'otage au Radisson \u00e0 Bamako, toujours en cours depuis ce matin","description":"La prise d'otage au Radisson \u00e0 Bamako, toujours en cours depuis ce matin","canonical":"https:\/\/www.webdo.tn\/fr\/actualite\/international\/la-prise-dotage-au-radisson-a-bamako-toujours-en-cours-depuis-ce-matin\/183761\/","og_locale":"fr_FR","og_type":"article","og_title":"La prise d'otage au Radisson \u00e0 Bamako, toujours en cours depuis ce matin","og_description":"La prise d'otage au Radisson \u00e0 Bamako, toujours en cours depuis ce matin","og_url":"https:\/\/www.webdo.tn\/fr\/actualite\/international\/la-prise-dotage-au-radisson-a-bamako-toujours-en-cours-depuis-ce-matin\/183761\/","og_site_name":"webdo","article_publisher":"https:\/\/www.facebook.com\/webdotn","article_published_time":"2015-11-20T17:49:00+00:00","article_modified_time":"2025-05-18T21:59:04+00:00","og_image":[{"width":300,"height":169,"url":"https:\/\/www.webdo.tn\/fr\/wp-content\/uploads\/2015\/11\/bamako-300x169-1.jpg","type":"image\/jpeg"}],"author":"webdo.tn","twitter_card":"summary_large_image","twitter_creator":"@webdo_tn","twitter_site":"@webdo_tn","twitter_misc":{"\u00c9crit par":"webdo.tn"},"schema":{"@context":"https:\/\/schema.org","@graph":[{"@type":"NewsArticle","@id":"https:\/\/www.webdo.tn\/fr\/actualite\/international\/la-prise-dotage-au-radisson-a-bamako-toujours-en-cours-depuis-ce-matin\/183761\/#article","isPartOf":{"@id":"https:\/\/www.webdo.tn\/fr\/actualite\/international\/la-prise-dotage-au-radisson-a-bamako-toujours-en-cours-depuis-ce-matin\/183761\/"},"author":{"name":"webdo.tn","@id":"https:\/\/www.webdo.tn\/fr\/#\/schema\/person\/9a9c6118d687c117df8ef3cc36a4d175"},"headline":"La prise d&rsquo;otage au Radisson \u00e0 Bamako, toujours en cours depuis ce matin","datePublished":"2015-11-20T17:49:00+00:00","dateModified":"2025-05-18T21:59:04+00:00","mainEntityOfPage":{"@id":"https:\/\/www.webdo.tn\/fr\/actualite\/international\/la-prise-dotage-au-radisson-a-bamako-toujours-en-cours-depuis-ce-matin\/183761\/"},"wordCount":119,"commentCount":0,"publisher":{"@id":"https:\/\/www.webdo.tn\/fr\/#organization"},"image":{"@id":"https:\/\/www.webdo.tn\/fr\/actualite\/international\/la-prise-dotage-au-radisson-a-bamako-toujours-en-cours-depuis-ce-matin\/183761\/#primaryimage"},"thumbnailUrl":"https:\/\/www.webdo.tn\/fr\/wp-content\/uploads\/2015\/11\/bamako-300x169-1.jpg","keywords":["guerre"],"articleSection":["International"],"inLanguage":"fr-FR"},{"@type":"WebPage","@id":"https:\/\/www.webdo.tn\/fr\/actualite\/international\/la-prise-dotage-au-radisson-a-bamako-toujours-en-cours-depuis-ce-matin\/183761\/","url":"https:\/\/www.webdo.tn\/fr\/actualite\/international\/la-prise-dotage-au-radisson-a-bamako-toujours-en-cours-depuis-ce-matin\/183761\/","name":"La prise d'otage au Radisson \u00e0 Bamako, toujours en cours depuis ce matin","isPartOf":{"@id":"https:\/\/www.webdo.tn\/fr\/#website"},"primaryImageOfPage":{"@id":"https:\/\/www.webdo.tn\/fr\/actualite\/international\/la-prise-dotage-au-radisson-a-bamako-toujours-en-cours-depuis-ce-matin\/183761\/#primaryimage"},"image":{"@id":"https:\/\/www.webdo.tn\/fr\/actualite\/international\/la-prise-dotage-au-radisson-a-bamako-toujours-en-cours-depuis-ce-matin\/183761\/#primaryimage"},"thumbnailUrl":"https:\/\/www.webdo.tn\/fr\/wp-content\/uploads\/2015\/11\/bamako-300x169-1.jpg","datePublished":"2015-11-20T17:49:00+00:00","dateModified":"2025-05-18T21:59:04+00:00","description":"La prise d'otage au Radisson \u00e0 Bamako, toujours en cours depuis ce matin","breadcrumb":{"@id":"https:\/\/www.webdo.tn\/fr\/actualite\/international\/la-prise-dotage-au-radisson-a-bamako-toujours-en-cours-depuis-ce-matin\/183761\/#breadcrumb"},"inLanguage":"fr-FR","potentialAction":[{"@type":"ReadAction","target":["https:\/\/www.webdo.tn\/fr\/actualite\/international\/la-prise-dotage-au-radisson-a-bamako-toujours-en-cours-depuis-ce-matin\/183761\/"]}]},{"@type":"ImageObject","inLanguage":"fr-FR","@id":"https:\/\/www.webdo.tn\/fr\/actualite\/international\/la-prise-dotage-au-radisson-a-bamako-toujours-en-cours-depuis-ce-matin\/183761\/#primaryimage","url":"https:\/\/www.webdo.tn\/fr\/wp-content\/uploads\/2015\/11\/bamako-300x169-1.jpg","contentUrl":"https:\/\/www.webdo.tn\/fr\/wp-content\/uploads\/2015\/11\/bamako-300x169-1.jpg","width":300,"height":169,"caption":"La prise d'otage au Radisson \u00e0 Bamako, toujours en cours depuis ce matin"},{"@type":"BreadcrumbList","@id":"https:\/\/www.webdo.tn\/fr\/actualite\/international\/la-prise-dotage-au-radisson-a-bamako-toujours-en-cours-depuis-ce-matin\/183761\/#breadcrumb","itemListElement":[{"@type":"ListItem","position":1,"name":"Accueil","item":"https:\/\/www.webdo.tn\/fr\/"},{"@type":"ListItem","position":2,"name":"La prise d&rsquo;otage au Radisson \u00e0 Bamako, toujours en cours depuis ce matin"}]},{"@type":"WebSite","@id":"https:\/\/www.webdo.tn\/fr\/#website","url":"https:\/\/www.webdo.tn\/fr\/","name":"webdo","description":"Tunisie - News en Tunisie et \u00e0 l&#039;international sur Webdo.tn","publisher":{"@id":"https:\/\/www.webdo.tn\/fr\/#organization"},"potentialAction":[{"@type":"SearchAction","target":{"@type":"EntryPoint","urlTemplate":"https:\/\/www.webdo.tn\/fr\/?s={search_term_string}"},"query-input":{"@type":"PropertyValueSpecification","valueRequired":true,"valueName":"search_term_string"}}],"inLanguage":"fr-FR"},{"@type":"Organization","@id":"https:\/\/www.webdo.tn\/fr\/#organization","name":"Webdo","alternateName":"Webdo.tn","url":"https:\/\/www.webdo.tn\/fr\/","logo":{"@type":"ImageObject","inLanguage":"fr-FR","@id":"https:\/\/www.webdo.tn\/fr\/#\/schema\/logo\/image\/","url":"https:\/\/www.webdo.tn\/fr\/wp-content\/uploads\/2025\/06\/Webdo-Tunisie_168377.jpg","contentUrl":"https:\/\/www.webdo.tn\/fr\/wp-content\/uploads\/2025\/06\/Webdo-Tunisie_168377.jpg","width":301,"height":301,"caption":"Webdo"},"image":{"@id":"https:\/\/www.webdo.tn\/fr\/#\/schema\/logo\/image\/"},"sameAs":["https:\/\/www.facebook.com\/webdotn","https:\/\/x.com\/webdo_tn"],"description":"Webdo est un m\u00e9dia num\u00e9rique tunisien fond\u00e9 en 2010, sp\u00e9cialis\u00e9 dans l\u2019actualit\u00e9 nationale et internationale, l\u2019\u00e9conomie, la soci\u00e9t\u00e9 et les analyses politiques. Le site s\u2019adresse \u00e0 un large public francophone et couvre l\u2019information tunisienne en temps r\u00e9el.","email":"redac@webdo.tn","legalName":"YNJ SARL","foundingDate":"2010-09-06","numberOfEmployees":{"@type":"QuantitativeValue","minValue":"11","maxValue":"50"}},{"@type":"Person","@id":"https:\/\/www.webdo.tn\/fr\/#\/schema\/person\/9a9c6118d687c117df8ef3cc36a4d175","name":"webdo.tn","image":{"@type":"ImageObject","inLanguage":"fr-FR","@id":"https:\/\/secure.gravatar.com\/avatar\/7ce1f28c0c3bbac99ff550b85ef8e44a6950c6ee24514fb6a5489e51d06f0298?s=96&d=mm&r=g","url":"https:\/\/secure.gravatar.com\/avatar\/7ce1f28c0c3bbac99ff550b85ef8e44a6950c6ee24514fb6a5489e51d06f0298?s=96&d=mm&r=g","contentUrl":"https:\/\/secure.gravatar.com\/avatar\/7ce1f28c0c3bbac99ff550b85ef8e44a6950c6ee24514fb6a5489e51d06f0298?s=96&d=mm&r=g","caption":"webdo.tn"},"url":"https:\/\/www.webdo.tn\/fr\/actualite\/author\/webdotn\/"}]}},"_links":{"self":[{"href":"https:\/\/www.webdo.tn\/fr\/wp-json\/wp\/v2\/posts\/183761","targetHints":{"allow":["GET"]}}],"collection":[{"href":"https:\/\/www.webdo.tn\/fr\/wp-json\/wp\/v2\/posts"}],"about":[{"href":"https:\/\/www.webdo.tn\/fr\/wp-json\/wp\/v2\/types\/post"}],"author":[{"embeddable":true,"href":"https:\/\/www.webdo.tn\/fr\/wp-json\/wp\/v2\/users\/3222"}],"replies":[{"embeddable":true,"href":"https:\/\/www.webdo.tn\/fr\/wp-json\/wp\/v2\/comments?post=183761"}],"version-history":[{"count":0,"href":"https:\/\/www.webdo.tn\/fr\/wp-json\/wp\/v2\/posts\/183761\/revisions"}],"wp:featuredmedia":[{"embeddable":true,"href":"https:\/\/www.webdo.tn\/fr\/wp-json\/wp\/v2\/media\/316391"}],"wp:attachment":[{"href":"https:\/\/www.webdo.tn\/fr\/wp-json\/wp\/v2\/media?parent=183761"}],"wp:term":[{"taxonomy":"category","embeddable":true,"href":"https:\/\/www.webdo.tn\/fr\/wp-json\/wp\/v2\/categories?post=183761"},{"taxonomy":"post_tag","embeddable":true,"href":"https:\/\/www.webdo.tn\/fr\/wp-json\/wp\/v2\/tags?post=183761"}],"curies":[{"name":"wp","href":"https:\/\/api.w.org\/{rel}","templated":true}]}}