{"id":183759,"date":"2015-11-20T19:32:00","date_gmt":"2015-11-20T19:32:00","guid":{"rendered":"https:\/\/www.webdo.tn\/fr\/blog\/aucun-tunisien-ne-faisait-partie-des-otages-du-radisson-blu-a-bamako\/183759\/"},"modified":"2025-05-18T21:59:05","modified_gmt":"2025-05-18T21:59:05","slug":"aucun-tunisien-ne-faisait-partie-des-otages-du-radisson-blu-a-bamako","status":"publish","type":"post","link":"https:\/\/www.webdo.tn\/fr\/actualite\/international\/aucun-tunisien-ne-faisait-partie-des-otages-du-radisson-blu-a-bamako\/183759\/","title":{"rendered":"Aucun Tunisien ne faisait partie des otages du Radisson Blu \u00e0 Bamako"},"content":{"rendered":"<p>L\u2019ambassadeur de Tunisie \u00e0 Bamako, Abdelkader Sahli a d\u00e9clar\u00e9 sur les ondes de Mosa\u00efque FM qu\u2019il n\u2019y avait pas de citoyen tunisien parmi les otages de l\u2019h\u00f4tel Radisson.<\/p>\n<p>En plus de citoyens maliens, il\u00a0 y avait parmi les clients des Alg\u00e9riens, des Allemands, des Belges, des Canadiens, des Chinois, des Ivoiriens, des Espagnols, des Am\u00e9ricains, des Fran\u00e7ais, des Indiens, des Marocains, des Russes, des S\u00e9n\u00e9galais et des Turcs.<\/p>\n<p>Pour rappel, la prise d&rsquo;otage vient de s&rsquo;achever mais les terroristes sont toujours retranch\u00e9s \u00e0 l&rsquo;int\u00e9rieur de l&rsquo;h\u00f4tel.<\/p>\n<p>Le bilan officiel fait \u00e9tat de 22 morts mais selon The Guardian, il y en aurait plus.<br \/>\nS.B<\/p>\n","protected":false},"excerpt":{"rendered":"<p>Aucun Tunisien ne faisait partie des otages du Radisson Blu \u00e0 Bamako<\/p>\n","protected":false},"author":3222,"featured_media":316401,"comment_status":"open","ping_status":"closed","sticky":false,"template":"","format":"standard","meta":{"footnotes":""},"categories":[2598],"tags":[2600],"class_list":["post-183759","post","type-post","status-publish","format-standard","has-post-thumbnail","hentry","category-international","tag-guerre"],"yoast_head":"<!-- This site is optimized with the Yoast SEO Premium plugin v27.5 (Yoast SEO v27.5) - https:\/\/yoast.com\/product\/yoast-seo-premium-wordpress\/ -->\n<title>Aucun Tunisien ne faisait partie des otages du Radisson Blu \u00e0 Bamako<\/title>\n<meta name=\"description\" content=\"Aucun Tunisien ne faisait partie des otages du Radisson Blu \u00e0 Bamako\" \/>\n<link rel=\"canonical\" href=\"https:\/\/www.webdo.tn\/fr\/actualite\/international\/aucun-tunisien-ne-faisait-partie-des-otages-du-radisson-blu-a-bamako\/183759\/\" \/>\n<meta property=\"og:locale\" content=\"fr_FR\" \/>\n<meta property=\"og:type\" content=\"article\" \/>\n<meta property=\"og:title\" content=\"Aucun Tunisien ne faisait partie des otages du Radisson Blu \u00e0 Bamako\" \/>\n<meta property=\"og:description\" content=\"Aucun Tunisien ne faisait partie des otages du Radisson Blu \u00e0 Bamako\" \/>\n<meta property=\"og:url\" content=\"https:\/\/www.webdo.tn\/fr\/actualite\/international\/aucun-tunisien-ne-faisait-partie-des-otages-du-radisson-blu-a-bamako\/183759\/\" \/>\n<meta property=\"og:site_name\" content=\"webdo\" \/>\n<meta property=\"article:publisher\" content=\"https:\/\/www.facebook.com\/webdotn\" \/>\n<meta property=\"article:published_time\" content=\"2015-11-20T19:32:00+00:00\" \/>\n<meta property=\"article:modified_time\" content=\"2025-05-18T21:59:05+00:00\" \/>\n<meta property=\"og:image\" content=\"https:\/\/www.webdo.tn\/fr\/wp-content\/uploads\/2015\/11\/bamako3-300x169-1.jpg\" \/>\n\t<meta property=\"og:image:width\" content=\"300\" \/>\n\t<meta property=\"og:image:height\" content=\"169\" \/>\n\t<meta property=\"og:image:type\" content=\"image\/jpeg\" \/>\n<meta name=\"author\" content=\"webdo.tn\" \/>\n<meta name=\"twitter:card\" content=\"summary_large_image\" \/>\n<meta name=\"twitter:creator\" content=\"@webdo_tn\" \/>\n<meta name=\"twitter:site\" content=\"@webdo_tn\" \/>\n<meta name=\"twitter:label1\" content=\"\u00c9crit par\" \/>\n\t<meta name=\"twitter:data1\" content=\"webdo.tn\" \/>\n\t<meta name=\"twitter:label2\" content=\"Dur\u00e9e de lecture estim\u00e9e\" \/>\n\t<meta name=\"twitter:data2\" content=\"1 minute\" \/>\n<script type=\"application\/ld+json\" class=\"yoast-schema-graph\">{\"@context\":\"https:\\\/\\\/schema.org\",\"@graph\":[{\"@type\":\"NewsArticle\",\"@id\":\"https:\\\/\\\/www.webdo.tn\\\/fr\\\/actualite\\\/international\\\/aucun-tunisien-ne-faisait-partie-des-otages-du-radisson-blu-a-bamako\\\/183759\\\/#article\",\"isPartOf\":{\"@id\":\"https:\\\/\\\/www.webdo.tn\\\/fr\\\/actualite\\\/international\\\/aucun-tunisien-ne-faisait-partie-des-otages-du-radisson-blu-a-bamako\\\/183759\\\/\"},\"author\":{\"name\":\"webdo.tn\",\"@id\":\"https:\\\/\\\/www.webdo.tn\\\/fr\\\/#\\\/schema\\\/person\\\/9a9c6118d687c117df8ef3cc36a4d175\"},\"headline\":\"Aucun Tunisien ne faisait partie des otages du Radisson Blu \u00e0 Bamako\",\"datePublished\":\"2015-11-20T19:32:00+00:00\",\"dateModified\":\"2025-05-18T21:59:05+00:00\",\"mainEntityOfPage\":{\"@id\":\"https:\\\/\\\/www.webdo.tn\\\/fr\\\/actualite\\\/international\\\/aucun-tunisien-ne-faisait-partie-des-otages-du-radisson-blu-a-bamako\\\/183759\\\/\"},\"wordCount\":132,\"commentCount\":0,\"publisher\":{\"@id\":\"https:\\\/\\\/www.webdo.tn\\\/fr\\\/#organization\"},\"image\":{\"@id\":\"https:\\\/\\\/www.webdo.tn\\\/fr\\\/actualite\\\/international\\\/aucun-tunisien-ne-faisait-partie-des-otages-du-radisson-blu-a-bamako\\\/183759\\\/#primaryimage\"},\"thumbnailUrl\":\"https:\\\/\\\/www.webdo.tn\\\/fr\\\/wp-content\\\/uploads\\\/2015\\\/11\\\/bamako3-300x169-1.jpg\",\"keywords\":[\"guerre\"],\"articleSection\":[\"International\"],\"inLanguage\":\"fr-FR\"},{\"@type\":\"WebPage\",\"@id\":\"https:\\\/\\\/www.webdo.tn\\\/fr\\\/actualite\\\/international\\\/aucun-tunisien-ne-faisait-partie-des-otages-du-radisson-blu-a-bamako\\\/183759\\\/\",\"url\":\"https:\\\/\\\/www.webdo.tn\\\/fr\\\/actualite\\\/international\\\/aucun-tunisien-ne-faisait-partie-des-otages-du-radisson-blu-a-bamako\\\/183759\\\/\",\"name\":\"Aucun Tunisien ne faisait partie des otages du Radisson Blu \u00e0 Bamako\",\"isPartOf\":{\"@id\":\"https:\\\/\\\/www.webdo.tn\\\/fr\\\/#website\"},\"primaryImageOfPage\":{\"@id\":\"https:\\\/\\\/www.webdo.tn\\\/fr\\\/actualite\\\/international\\\/aucun-tunisien-ne-faisait-partie-des-otages-du-radisson-blu-a-bamako\\\/183759\\\/#primaryimage\"},\"image\":{\"@id\":\"https:\\\/\\\/www.webdo.tn\\\/fr\\\/actualite\\\/international\\\/aucun-tunisien-ne-faisait-partie-des-otages-du-radisson-blu-a-bamako\\\/183759\\\/#primaryimage\"},\"thumbnailUrl\":\"https:\\\/\\\/www.webdo.tn\\\/fr\\\/wp-content\\\/uploads\\\/2015\\\/11\\\/bamako3-300x169-1.jpg\",\"datePublished\":\"2015-11-20T19:32:00+00:00\",\"dateModified\":\"2025-05-18T21:59:05+00:00\",\"description\":\"Aucun Tunisien ne faisait partie des otages du Radisson Blu \u00e0 Bamako\",\"breadcrumb\":{\"@id\":\"https:\\\/\\\/www.webdo.tn\\\/fr\\\/actualite\\\/international\\\/aucun-tunisien-ne-faisait-partie-des-otages-du-radisson-blu-a-bamako\\\/183759\\\/#breadcrumb\"},\"inLanguage\":\"fr-FR\",\"potentialAction\":[{\"@type\":\"ReadAction\",\"target\":[\"https:\\\/\\\/www.webdo.tn\\\/fr\\\/actualite\\\/international\\\/aucun-tunisien-ne-faisait-partie-des-otages-du-radisson-blu-a-bamako\\\/183759\\\/\"]}]},{\"@type\":\"ImageObject\",\"inLanguage\":\"fr-FR\",\"@id\":\"https:\\\/\\\/www.webdo.tn\\\/fr\\\/actualite\\\/international\\\/aucun-tunisien-ne-faisait-partie-des-otages-du-radisson-blu-a-bamako\\\/183759\\\/#primaryimage\",\"url\":\"https:\\\/\\\/www.webdo.tn\\\/fr\\\/wp-content\\\/uploads\\\/2015\\\/11\\\/bamako3-300x169-1.jpg\",\"contentUrl\":\"https:\\\/\\\/www.webdo.tn\\\/fr\\\/wp-content\\\/uploads\\\/2015\\\/11\\\/bamako3-300x169-1.jpg\",\"width\":300,\"height\":169,\"caption\":\"Aucun Tunisien ne faisait partie des otages du Radisson Blu \u00e0 Bamako\"},{\"@type\":\"BreadcrumbList\",\"@id\":\"https:\\\/\\\/www.webdo.tn\\\/fr\\\/actualite\\\/international\\\/aucun-tunisien-ne-faisait-partie-des-otages-du-radisson-blu-a-bamako\\\/183759\\\/#breadcrumb\",\"itemListElement\":[{\"@type\":\"ListItem\",\"position\":1,\"name\":\"Accueil\",\"item\":\"https:\\\/\\\/www.webdo.tn\\\/fr\\\/\"},{\"@type\":\"ListItem\",\"position\":2,\"name\":\"Aucun Tunisien ne faisait partie des otages du Radisson Blu \u00e0 Bamako\"}]},{\"@type\":\"WebSite\",\"@id\":\"https:\\\/\\\/www.webdo.tn\\\/fr\\\/#website\",\"url\":\"https:\\\/\\\/www.webdo.tn\\\/fr\\\/\",\"name\":\"webdo\",\"description\":\"Tunisie - News en Tunisie et \u00e0 l&#039;international sur Webdo.tn\",\"publisher\":{\"@id\":\"https:\\\/\\\/www.webdo.tn\\\/fr\\\/#organization\"},\"potentialAction\":[{\"@type\":\"SearchAction\",\"target\":{\"@type\":\"EntryPoint\",\"urlTemplate\":\"https:\\\/\\\/www.webdo.tn\\\/fr\\\/?s={search_term_string}\"},\"query-input\":{\"@type\":\"PropertyValueSpecification\",\"valueRequired\":true,\"valueName\":\"search_term_string\"}}],\"inLanguage\":\"fr-FR\"},{\"@type\":\"Organization\",\"@id\":\"https:\\\/\\\/www.webdo.tn\\\/fr\\\/#organization\",\"name\":\"Webdo\",\"alternateName\":\"Webdo.tn\",\"url\":\"https:\\\/\\\/www.webdo.tn\\\/fr\\\/\",\"logo\":{\"@type\":\"ImageObject\",\"inLanguage\":\"fr-FR\",\"@id\":\"https:\\\/\\\/www.webdo.tn\\\/fr\\\/#\\\/schema\\\/logo\\\/image\\\/\",\"url\":\"https:\\\/\\\/www.webdo.tn\\\/fr\\\/wp-content\\\/uploads\\\/2025\\\/06\\\/Webdo-Tunisie_168377.jpg\",\"contentUrl\":\"https:\\\/\\\/www.webdo.tn\\\/fr\\\/wp-content\\\/uploads\\\/2025\\\/06\\\/Webdo-Tunisie_168377.jpg\",\"width\":301,\"height\":301,\"caption\":\"Webdo\"},\"image\":{\"@id\":\"https:\\\/\\\/www.webdo.tn\\\/fr\\\/#\\\/schema\\\/logo\\\/image\\\/\"},\"sameAs\":[\"https:\\\/\\\/www.facebook.com\\\/webdotn\",\"https:\\\/\\\/x.com\\\/webdo_tn\"],\"description\":\"Webdo est un m\u00e9dia num\u00e9rique tunisien fond\u00e9 en 2010, sp\u00e9cialis\u00e9 dans l\u2019actualit\u00e9 nationale et internationale, l\u2019\u00e9conomie, la soci\u00e9t\u00e9 et les analyses politiques. Le site s\u2019adresse \u00e0 un large public francophone et couvre l\u2019information tunisienne en temps r\u00e9el.\",\"email\":\"redac@webdo.tn\",\"legalName\":\"YNJ SARL\",\"foundingDate\":\"2010-09-06\",\"numberOfEmployees\":{\"@type\":\"QuantitativeValue\",\"minValue\":\"11\",\"maxValue\":\"50\"}},{\"@type\":\"Person\",\"@id\":\"https:\\\/\\\/www.webdo.tn\\\/fr\\\/#\\\/schema\\\/person\\\/9a9c6118d687c117df8ef3cc36a4d175\",\"name\":\"webdo.tn\",\"image\":{\"@type\":\"ImageObject\",\"inLanguage\":\"fr-FR\",\"@id\":\"https:\\\/\\\/secure.gravatar.com\\\/avatar\\\/7ce1f28c0c3bbac99ff550b85ef8e44a6950c6ee24514fb6a5489e51d06f0298?s=96&d=mm&r=g\",\"url\":\"https:\\\/\\\/secure.gravatar.com\\\/avatar\\\/7ce1f28c0c3bbac99ff550b85ef8e44a6950c6ee24514fb6a5489e51d06f0298?s=96&d=mm&r=g\",\"contentUrl\":\"https:\\\/\\\/secure.gravatar.com\\\/avatar\\\/7ce1f28c0c3bbac99ff550b85ef8e44a6950c6ee24514fb6a5489e51d06f0298?s=96&d=mm&r=g\",\"caption\":\"webdo.tn\"},\"url\":\"https:\\\/\\\/www.webdo.tn\\\/fr\\\/actualite\\\/author\\\/webdotn\\\/\"}]}<\/script>\n<!-- \/ Yoast SEO Premium plugin. -->","yoast_head_json":{"title":"Aucun Tunisien ne faisait partie des otages du Radisson Blu \u00e0 Bamako","description":"Aucun Tunisien ne faisait partie des otages du Radisson Blu \u00e0 Bamako","canonical":"https:\/\/www.webdo.tn\/fr\/actualite\/international\/aucun-tunisien-ne-faisait-partie-des-otages-du-radisson-blu-a-bamako\/183759\/","og_locale":"fr_FR","og_type":"article","og_title":"Aucun Tunisien ne faisait partie des otages du Radisson Blu \u00e0 Bamako","og_description":"Aucun Tunisien ne faisait partie des otages du Radisson Blu \u00e0 Bamako","og_url":"https:\/\/www.webdo.tn\/fr\/actualite\/international\/aucun-tunisien-ne-faisait-partie-des-otages-du-radisson-blu-a-bamako\/183759\/","og_site_name":"webdo","article_publisher":"https:\/\/www.facebook.com\/webdotn","article_published_time":"2015-11-20T19:32:00+00:00","article_modified_time":"2025-05-18T21:59:05+00:00","og_image":[{"width":300,"height":169,"url":"https:\/\/www.webdo.tn\/fr\/wp-content\/uploads\/2015\/11\/bamako3-300x169-1.jpg","type":"image\/jpeg"}],"author":"webdo.tn","twitter_card":"summary_large_image","twitter_creator":"@webdo_tn","twitter_site":"@webdo_tn","twitter_misc":{"\u00c9crit par":"webdo.tn","Dur\u00e9e de lecture estim\u00e9e":"1 minute"},"schema":{"@context":"https:\/\/schema.org","@graph":[{"@type":"NewsArticle","@id":"https:\/\/www.webdo.tn\/fr\/actualite\/international\/aucun-tunisien-ne-faisait-partie-des-otages-du-radisson-blu-a-bamako\/183759\/#article","isPartOf":{"@id":"https:\/\/www.webdo.tn\/fr\/actualite\/international\/aucun-tunisien-ne-faisait-partie-des-otages-du-radisson-blu-a-bamako\/183759\/"},"author":{"name":"webdo.tn","@id":"https:\/\/www.webdo.tn\/fr\/#\/schema\/person\/9a9c6118d687c117df8ef3cc36a4d175"},"headline":"Aucun Tunisien ne faisait partie des otages du Radisson Blu \u00e0 Bamako","datePublished":"2015-11-20T19:32:00+00:00","dateModified":"2025-05-18T21:59:05+00:00","mainEntityOfPage":{"@id":"https:\/\/www.webdo.tn\/fr\/actualite\/international\/aucun-tunisien-ne-faisait-partie-des-otages-du-radisson-blu-a-bamako\/183759\/"},"wordCount":132,"commentCount":0,"publisher":{"@id":"https:\/\/www.webdo.tn\/fr\/#organization"},"image":{"@id":"https:\/\/www.webdo.tn\/fr\/actualite\/international\/aucun-tunisien-ne-faisait-partie-des-otages-du-radisson-blu-a-bamako\/183759\/#primaryimage"},"thumbnailUrl":"https:\/\/www.webdo.tn\/fr\/wp-content\/uploads\/2015\/11\/bamako3-300x169-1.jpg","keywords":["guerre"],"articleSection":["International"],"inLanguage":"fr-FR"},{"@type":"WebPage","@id":"https:\/\/www.webdo.tn\/fr\/actualite\/international\/aucun-tunisien-ne-faisait-partie-des-otages-du-radisson-blu-a-bamako\/183759\/","url":"https:\/\/www.webdo.tn\/fr\/actualite\/international\/aucun-tunisien-ne-faisait-partie-des-otages-du-radisson-blu-a-bamako\/183759\/","name":"Aucun Tunisien ne faisait partie des otages du Radisson Blu \u00e0 Bamako","isPartOf":{"@id":"https:\/\/www.webdo.tn\/fr\/#website"},"primaryImageOfPage":{"@id":"https:\/\/www.webdo.tn\/fr\/actualite\/international\/aucun-tunisien-ne-faisait-partie-des-otages-du-radisson-blu-a-bamako\/183759\/#primaryimage"},"image":{"@id":"https:\/\/www.webdo.tn\/fr\/actualite\/international\/aucun-tunisien-ne-faisait-partie-des-otages-du-radisson-blu-a-bamako\/183759\/#primaryimage"},"thumbnailUrl":"https:\/\/www.webdo.tn\/fr\/wp-content\/uploads\/2015\/11\/bamako3-300x169-1.jpg","datePublished":"2015-11-20T19:32:00+00:00","dateModified":"2025-05-18T21:59:05+00:00","description":"Aucun Tunisien ne faisait partie des otages du Radisson Blu \u00e0 Bamako","breadcrumb":{"@id":"https:\/\/www.webdo.tn\/fr\/actualite\/international\/aucun-tunisien-ne-faisait-partie-des-otages-du-radisson-blu-a-bamako\/183759\/#breadcrumb"},"inLanguage":"fr-FR","potentialAction":[{"@type":"ReadAction","target":["https:\/\/www.webdo.tn\/fr\/actualite\/international\/aucun-tunisien-ne-faisait-partie-des-otages-du-radisson-blu-a-bamako\/183759\/"]}]},{"@type":"ImageObject","inLanguage":"fr-FR","@id":"https:\/\/www.webdo.tn\/fr\/actualite\/international\/aucun-tunisien-ne-faisait-partie-des-otages-du-radisson-blu-a-bamako\/183759\/#primaryimage","url":"https:\/\/www.webdo.tn\/fr\/wp-content\/uploads\/2015\/11\/bamako3-300x169-1.jpg","contentUrl":"https:\/\/www.webdo.tn\/fr\/wp-content\/uploads\/2015\/11\/bamako3-300x169-1.jpg","width":300,"height":169,"caption":"Aucun Tunisien ne faisait partie des otages du Radisson Blu \u00e0 Bamako"},{"@type":"BreadcrumbList","@id":"https:\/\/www.webdo.tn\/fr\/actualite\/international\/aucun-tunisien-ne-faisait-partie-des-otages-du-radisson-blu-a-bamako\/183759\/#breadcrumb","itemListElement":[{"@type":"ListItem","position":1,"name":"Accueil","item":"https:\/\/www.webdo.tn\/fr\/"},{"@type":"ListItem","position":2,"name":"Aucun Tunisien ne faisait partie des otages du Radisson Blu \u00e0 Bamako"}]},{"@type":"WebSite","@id":"https:\/\/www.webdo.tn\/fr\/#website","url":"https:\/\/www.webdo.tn\/fr\/","name":"webdo","description":"Tunisie - News en Tunisie et \u00e0 l&#039;international sur Webdo.tn","publisher":{"@id":"https:\/\/www.webdo.tn\/fr\/#organization"},"potentialAction":[{"@type":"SearchAction","target":{"@type":"EntryPoint","urlTemplate":"https:\/\/www.webdo.tn\/fr\/?s={search_term_string}"},"query-input":{"@type":"PropertyValueSpecification","valueRequired":true,"valueName":"search_term_string"}}],"inLanguage":"fr-FR"},{"@type":"Organization","@id":"https:\/\/www.webdo.tn\/fr\/#organization","name":"Webdo","alternateName":"Webdo.tn","url":"https:\/\/www.webdo.tn\/fr\/","logo":{"@type":"ImageObject","inLanguage":"fr-FR","@id":"https:\/\/www.webdo.tn\/fr\/#\/schema\/logo\/image\/","url":"https:\/\/www.webdo.tn\/fr\/wp-content\/uploads\/2025\/06\/Webdo-Tunisie_168377.jpg","contentUrl":"https:\/\/www.webdo.tn\/fr\/wp-content\/uploads\/2025\/06\/Webdo-Tunisie_168377.jpg","width":301,"height":301,"caption":"Webdo"},"image":{"@id":"https:\/\/www.webdo.tn\/fr\/#\/schema\/logo\/image\/"},"sameAs":["https:\/\/www.facebook.com\/webdotn","https:\/\/x.com\/webdo_tn"],"description":"Webdo est un m\u00e9dia num\u00e9rique tunisien fond\u00e9 en 2010, sp\u00e9cialis\u00e9 dans l\u2019actualit\u00e9 nationale et internationale, l\u2019\u00e9conomie, la soci\u00e9t\u00e9 et les analyses politiques. Le site s\u2019adresse \u00e0 un large public francophone et couvre l\u2019information tunisienne en temps r\u00e9el.","email":"redac@webdo.tn","legalName":"YNJ SARL","foundingDate":"2010-09-06","numberOfEmployees":{"@type":"QuantitativeValue","minValue":"11","maxValue":"50"}},{"@type":"Person","@id":"https:\/\/www.webdo.tn\/fr\/#\/schema\/person\/9a9c6118d687c117df8ef3cc36a4d175","name":"webdo.tn","image":{"@type":"ImageObject","inLanguage":"fr-FR","@id":"https:\/\/secure.gravatar.com\/avatar\/7ce1f28c0c3bbac99ff550b85ef8e44a6950c6ee24514fb6a5489e51d06f0298?s=96&d=mm&r=g","url":"https:\/\/secure.gravatar.com\/avatar\/7ce1f28c0c3bbac99ff550b85ef8e44a6950c6ee24514fb6a5489e51d06f0298?s=96&d=mm&r=g","contentUrl":"https:\/\/secure.gravatar.com\/avatar\/7ce1f28c0c3bbac99ff550b85ef8e44a6950c6ee24514fb6a5489e51d06f0298?s=96&d=mm&r=g","caption":"webdo.tn"},"url":"https:\/\/www.webdo.tn\/fr\/actualite\/author\/webdotn\/"}]}},"_links":{"self":[{"href":"https:\/\/www.webdo.tn\/fr\/wp-json\/wp\/v2\/posts\/183759","targetHints":{"allow":["GET"]}}],"collection":[{"href":"https:\/\/www.webdo.tn\/fr\/wp-json\/wp\/v2\/posts"}],"about":[{"href":"https:\/\/www.webdo.tn\/fr\/wp-json\/wp\/v2\/types\/post"}],"author":[{"embeddable":true,"href":"https:\/\/www.webdo.tn\/fr\/wp-json\/wp\/v2\/users\/3222"}],"replies":[{"embeddable":true,"href":"https:\/\/www.webdo.tn\/fr\/wp-json\/wp\/v2\/comments?post=183759"}],"version-history":[{"count":0,"href":"https:\/\/www.webdo.tn\/fr\/wp-json\/wp\/v2\/posts\/183759\/revisions"}],"wp:featuredmedia":[{"embeddable":true,"href":"https:\/\/www.webdo.tn\/fr\/wp-json\/wp\/v2\/media\/316401"}],"wp:attachment":[{"href":"https:\/\/www.webdo.tn\/fr\/wp-json\/wp\/v2\/media?parent=183759"}],"wp:term":[{"taxonomy":"category","embeddable":true,"href":"https:\/\/www.webdo.tn\/fr\/wp-json\/wp\/v2\/categories?post=183759"},{"taxonomy":"post_tag","embeddable":true,"href":"https:\/\/www.webdo.tn\/fr\/wp-json\/wp\/v2\/tags?post=183759"}],"curies":[{"name":"wp","href":"https:\/\/api.w.org\/{rel}","templated":true}]}}