{"id":183758,"date":"2015-11-21T11:05:00","date_gmt":"2015-11-21T11:05:00","guid":{"rendered":"https:\/\/www.webdo.tn\/fr\/actualite\/blog\/lattentat-de-bamako-porte-la-signature-de-lalgerien-mokhtar-belmokhtar\/183758\/"},"modified":"2025-05-22T12:47:16","modified_gmt":"2025-05-22T12:47:16","slug":"lattentat-de-bamako-porte-la-signature-de-lalgerien-mokhtar-belmokhtar","status":"publish","type":"post","link":"https:\/\/www.webdo.tn\/fr\/actualite\/international\/lattentat-de-bamako-porte-la-signature-de-lalgerien-mokhtar-belmokhtar\/183758\/","title":{"rendered":"L&rsquo;attentat de Bamako porte la signature de l\u2019Alg\u00e9rien Mokhtar Belmokhtar"},"content":{"rendered":"<p>Donn\u00e9 pour mort, l\u2019Alg\u00e9rien Mokhtar Belmokhtar serait \u00e0 l&rsquo;origine de la prise d\u2019otage au Mali. C&rsquo;est ce qu&rsquo;a indiqu\u00e9, vendredi 20 novembre, le ministre fran\u00e7ais de la D\u00e9fense, Jean-Yves Le Drian, mettant \u00ab\u00a0officiellement\u00a0\u00bb en doute la mort la mort du chef du groupe jihadiste Al-Mourabitoune, fid\u00e8le \u00e0 Al-Qa\u00efda.<\/p>\n<p>Le groupe djihadiste Al-Mourabitoune a revendiqu\u00e9 la prise d\u2019otages dans l\u2019h\u00f4tel Radisson \u00e0 Bamako, ayant fait au moins 27 morts parmi les otages et 3 morts parmi les terroristes, selon un nouveau bilan.<\/p>\n<p>\u00ab\u00a0Nous les Mourabitoune, avec la participation de nos fr\u00e8res d\u2019Al-Qa\u00efda au Maghreb islamique, revendiquons l\u2019op\u00e9ration de prise d\u2019otages \u00e0 l\u2019h\u00f4tel Radisson\u00a0\u00bb, indique la voix d\u2019un homme dans un document sonore diffus\u00e9 par la cha\u00eene qatarie Al-Jazeera.<br \/>\nLa mort de Mokhtar Belmokhtar remise en doute<br \/>\nAinsi, cette prise d&rsquo;otages et la revendication des Mourabitoune vient mettre en doute la version am\u00e9ricaine qui avait annonc\u00e9 la \u00ab\u00a0mort\u00a0\u00bb du djihadiste alg\u00e9rien en juin dernier.<\/p>\n<p>Mokhtar Belmokhtar, recherch\u00e9 par les Etats-Unis depuis plusieurs ann\u00e9es et dont la t\u00eate a \u00e9t\u00e9 mise \u00e0 prix 5 millions de dollars, aurait \u00e9t\u00e9 la cible d\u2019un raid a\u00e9rien am\u00e9ricain en juin. Le porte-parole du Pentagone, le Colonel Steve Warren avait m\u00eame confirm\u00e9 \u00ab\u00a0que la cible de l\u2019assaut antiterroriste men\u00e9 en Libye \u00e9tait Mokhtar Belmokhtar\u00a0\u00bb sans donner plus d&rsquo;\u00e9l\u00e9ments sur son \u00e9limination.<\/p>\n<p>Or, le 16 juin, le groupe djihadiste libyen Ansar Al-Sharia avait d\u00e9menti que le terroriste Mokhtar Belmokhtar ait \u00e9t\u00e9 tu\u00e9 par un raid a\u00e9rien am\u00e9ricain.<br \/>\nA.B.<\/p>\n","protected":false},"excerpt":{"rendered":"<p>L&rsquo;attentat de Bamako porte la signature de l\u2019Alg\u00e9rien Mokhtar Belmokhtar<\/p>\n","protected":false},"author":3222,"featured_media":351560,"comment_status":"open","ping_status":"closed","sticky":false,"template":"","format":"standard","meta":{"footnotes":""},"categories":[2598],"tags":[],"class_list":["post-183758","post","type-post","status-publish","format-standard","has-post-thumbnail","hentry","category-international"],"yoast_head":"<!-- This site is optimized with the Yoast SEO Premium plugin v27.5 (Yoast SEO v27.5) - https:\/\/yoast.com\/product\/yoast-seo-premium-wordpress\/ -->\n<title>L&#039;attentat de Bamako porte la signature de l\u2019Alg\u00e9rien Mokhtar Belmokhtar<\/title>\n<meta name=\"description\" content=\"L&#039;attentat de Bamako porte la signature de l\u2019Alg\u00e9rien Mokhtar Belmokhtar\" \/>\n<link rel=\"canonical\" href=\"https:\/\/www.webdo.tn\/fr\/actualite\/international\/lattentat-de-bamako-porte-la-signature-de-lalgerien-mokhtar-belmokhtar\/183758\/\" \/>\n<meta property=\"og:locale\" content=\"fr_FR\" \/>\n<meta property=\"og:type\" content=\"article\" \/>\n<meta property=\"og:title\" content=\"L&#039;attentat de Bamako porte la signature de l\u2019Alg\u00e9rien Mokhtar Belmokhtar\" \/>\n<meta property=\"og:description\" content=\"L&#039;attentat de Bamako porte la signature de l\u2019Alg\u00e9rien Mokhtar Belmokhtar\" \/>\n<meta property=\"og:url\" content=\"https:\/\/www.webdo.tn\/fr\/actualite\/international\/lattentat-de-bamako-porte-la-signature-de-lalgerien-mokhtar-belmokhtar\/183758\/\" \/>\n<meta property=\"og:site_name\" content=\"webdo\" \/>\n<meta property=\"article:publisher\" content=\"https:\/\/www.facebook.com\/webdotn\" \/>\n<meta property=\"article:published_time\" content=\"2015-11-21T11:05:00+00:00\" \/>\n<meta property=\"article:modified_time\" content=\"2025-05-22T12:47:16+00:00\" \/>\n<meta property=\"og:image\" content=\"https:\/\/www.webdo.tn\/fr\/wp-content\/uploads\/2015\/11\/bamako-300x169-2.jpg\" \/>\n\t<meta property=\"og:image:width\" content=\"300\" \/>\n\t<meta property=\"og:image:height\" content=\"169\" \/>\n\t<meta property=\"og:image:type\" content=\"image\/jpeg\" \/>\n<meta name=\"author\" content=\"webdo.tn\" \/>\n<meta name=\"twitter:card\" content=\"summary_large_image\" \/>\n<meta name=\"twitter:creator\" content=\"@webdo_tn\" \/>\n<meta name=\"twitter:site\" content=\"@webdo_tn\" \/>\n<meta name=\"twitter:label1\" content=\"\u00c9crit par\" \/>\n\t<meta name=\"twitter:data1\" content=\"webdo.tn\" \/>\n\t<meta name=\"twitter:label2\" content=\"Dur\u00e9e de lecture estim\u00e9e\" \/>\n\t<meta name=\"twitter:data2\" content=\"1 minute\" \/>\n<script type=\"application\/ld+json\" class=\"yoast-schema-graph\">{\"@context\":\"https:\\\/\\\/schema.org\",\"@graph\":[{\"@type\":\"NewsArticle\",\"@id\":\"https:\\\/\\\/www.webdo.tn\\\/fr\\\/actualite\\\/international\\\/lattentat-de-bamako-porte-la-signature-de-lalgerien-mokhtar-belmokhtar\\\/183758\\\/#article\",\"isPartOf\":{\"@id\":\"https:\\\/\\\/www.webdo.tn\\\/fr\\\/actualite\\\/international\\\/lattentat-de-bamako-porte-la-signature-de-lalgerien-mokhtar-belmokhtar\\\/183758\\\/\"},\"author\":{\"name\":\"webdo.tn\",\"@id\":\"https:\\\/\\\/www.webdo.tn\\\/fr\\\/#\\\/schema\\\/person\\\/9a9c6118d687c117df8ef3cc36a4d175\"},\"headline\":\"L&rsquo;attentat de Bamako porte la signature de l\u2019Alg\u00e9rien Mokhtar Belmokhtar\",\"datePublished\":\"2015-11-21T11:05:00+00:00\",\"dateModified\":\"2025-05-22T12:47:16+00:00\",\"mainEntityOfPage\":{\"@id\":\"https:\\\/\\\/www.webdo.tn\\\/fr\\\/actualite\\\/international\\\/lattentat-de-bamako-porte-la-signature-de-lalgerien-mokhtar-belmokhtar\\\/183758\\\/\"},\"wordCount\":282,\"commentCount\":0,\"publisher\":{\"@id\":\"https:\\\/\\\/www.webdo.tn\\\/fr\\\/#organization\"},\"image\":{\"@id\":\"https:\\\/\\\/www.webdo.tn\\\/fr\\\/actualite\\\/international\\\/lattentat-de-bamako-porte-la-signature-de-lalgerien-mokhtar-belmokhtar\\\/183758\\\/#primaryimage\"},\"thumbnailUrl\":\"https:\\\/\\\/www.webdo.tn\\\/fr\\\/wp-content\\\/uploads\\\/2015\\\/11\\\/bamako-300x169-2.jpg\",\"articleSection\":[\"International\"],\"inLanguage\":\"fr-FR\"},{\"@type\":\"WebPage\",\"@id\":\"https:\\\/\\\/www.webdo.tn\\\/fr\\\/actualite\\\/international\\\/lattentat-de-bamako-porte-la-signature-de-lalgerien-mokhtar-belmokhtar\\\/183758\\\/\",\"url\":\"https:\\\/\\\/www.webdo.tn\\\/fr\\\/actualite\\\/international\\\/lattentat-de-bamako-porte-la-signature-de-lalgerien-mokhtar-belmokhtar\\\/183758\\\/\",\"name\":\"L'attentat de Bamako porte la signature de l\u2019Alg\u00e9rien Mokhtar Belmokhtar\",\"isPartOf\":{\"@id\":\"https:\\\/\\\/www.webdo.tn\\\/fr\\\/#website\"},\"primaryImageOfPage\":{\"@id\":\"https:\\\/\\\/www.webdo.tn\\\/fr\\\/actualite\\\/international\\\/lattentat-de-bamako-porte-la-signature-de-lalgerien-mokhtar-belmokhtar\\\/183758\\\/#primaryimage\"},\"image\":{\"@id\":\"https:\\\/\\\/www.webdo.tn\\\/fr\\\/actualite\\\/international\\\/lattentat-de-bamako-porte-la-signature-de-lalgerien-mokhtar-belmokhtar\\\/183758\\\/#primaryimage\"},\"thumbnailUrl\":\"https:\\\/\\\/www.webdo.tn\\\/fr\\\/wp-content\\\/uploads\\\/2015\\\/11\\\/bamako-300x169-2.jpg\",\"datePublished\":\"2015-11-21T11:05:00+00:00\",\"dateModified\":\"2025-05-22T12:47:16+00:00\",\"description\":\"L'attentat de Bamako porte la signature de l\u2019Alg\u00e9rien Mokhtar Belmokhtar\",\"breadcrumb\":{\"@id\":\"https:\\\/\\\/www.webdo.tn\\\/fr\\\/actualite\\\/international\\\/lattentat-de-bamako-porte-la-signature-de-lalgerien-mokhtar-belmokhtar\\\/183758\\\/#breadcrumb\"},\"inLanguage\":\"fr-FR\",\"potentialAction\":[{\"@type\":\"ReadAction\",\"target\":[\"https:\\\/\\\/www.webdo.tn\\\/fr\\\/actualite\\\/international\\\/lattentat-de-bamako-porte-la-signature-de-lalgerien-mokhtar-belmokhtar\\\/183758\\\/\"]}]},{\"@type\":\"ImageObject\",\"inLanguage\":\"fr-FR\",\"@id\":\"https:\\\/\\\/www.webdo.tn\\\/fr\\\/actualite\\\/international\\\/lattentat-de-bamako-porte-la-signature-de-lalgerien-mokhtar-belmokhtar\\\/183758\\\/#primaryimage\",\"url\":\"https:\\\/\\\/www.webdo.tn\\\/fr\\\/wp-content\\\/uploads\\\/2015\\\/11\\\/bamako-300x169-2.jpg\",\"contentUrl\":\"https:\\\/\\\/www.webdo.tn\\\/fr\\\/wp-content\\\/uploads\\\/2015\\\/11\\\/bamako-300x169-2.jpg\",\"width\":300,\"height\":169,\"caption\":\"L'attentat de Bamako porte la signature de l\u2019Alg\u00e9rien Mokhtar Belmokhtar\"},{\"@type\":\"BreadcrumbList\",\"@id\":\"https:\\\/\\\/www.webdo.tn\\\/fr\\\/actualite\\\/international\\\/lattentat-de-bamako-porte-la-signature-de-lalgerien-mokhtar-belmokhtar\\\/183758\\\/#breadcrumb\",\"itemListElement\":[{\"@type\":\"ListItem\",\"position\":1,\"name\":\"Accueil\",\"item\":\"https:\\\/\\\/www.webdo.tn\\\/fr\\\/\"},{\"@type\":\"ListItem\",\"position\":2,\"name\":\"L&rsquo;attentat de Bamako porte la signature de l\u2019Alg\u00e9rien Mokhtar Belmokhtar\"}]},{\"@type\":\"WebSite\",\"@id\":\"https:\\\/\\\/www.webdo.tn\\\/fr\\\/#website\",\"url\":\"https:\\\/\\\/www.webdo.tn\\\/fr\\\/\",\"name\":\"webdo\",\"description\":\"Tunisie - News en Tunisie et \u00e0 l&#039;international sur Webdo.tn\",\"publisher\":{\"@id\":\"https:\\\/\\\/www.webdo.tn\\\/fr\\\/#organization\"},\"potentialAction\":[{\"@type\":\"SearchAction\",\"target\":{\"@type\":\"EntryPoint\",\"urlTemplate\":\"https:\\\/\\\/www.webdo.tn\\\/fr\\\/?s={search_term_string}\"},\"query-input\":{\"@type\":\"PropertyValueSpecification\",\"valueRequired\":true,\"valueName\":\"search_term_string\"}}],\"inLanguage\":\"fr-FR\"},{\"@type\":\"Organization\",\"@id\":\"https:\\\/\\\/www.webdo.tn\\\/fr\\\/#organization\",\"name\":\"Webdo\",\"alternateName\":\"Webdo.tn\",\"url\":\"https:\\\/\\\/www.webdo.tn\\\/fr\\\/\",\"logo\":{\"@type\":\"ImageObject\",\"inLanguage\":\"fr-FR\",\"@id\":\"https:\\\/\\\/www.webdo.tn\\\/fr\\\/#\\\/schema\\\/logo\\\/image\\\/\",\"url\":\"https:\\\/\\\/www.webdo.tn\\\/fr\\\/wp-content\\\/uploads\\\/2025\\\/06\\\/Webdo-Tunisie_168377.jpg\",\"contentUrl\":\"https:\\\/\\\/www.webdo.tn\\\/fr\\\/wp-content\\\/uploads\\\/2025\\\/06\\\/Webdo-Tunisie_168377.jpg\",\"width\":301,\"height\":301,\"caption\":\"Webdo\"},\"image\":{\"@id\":\"https:\\\/\\\/www.webdo.tn\\\/fr\\\/#\\\/schema\\\/logo\\\/image\\\/\"},\"sameAs\":[\"https:\\\/\\\/www.facebook.com\\\/webdotn\",\"https:\\\/\\\/x.com\\\/webdo_tn\"],\"description\":\"Webdo est un m\u00e9dia num\u00e9rique tunisien fond\u00e9 en 2010, sp\u00e9cialis\u00e9 dans l\u2019actualit\u00e9 nationale et internationale, l\u2019\u00e9conomie, la soci\u00e9t\u00e9 et les analyses politiques. Le site s\u2019adresse \u00e0 un large public francophone et couvre l\u2019information tunisienne en temps r\u00e9el.\",\"email\":\"redac@webdo.tn\",\"legalName\":\"YNJ SARL\",\"foundingDate\":\"2010-09-06\",\"numberOfEmployees\":{\"@type\":\"QuantitativeValue\",\"minValue\":\"11\",\"maxValue\":\"50\"}},{\"@type\":\"Person\",\"@id\":\"https:\\\/\\\/www.webdo.tn\\\/fr\\\/#\\\/schema\\\/person\\\/9a9c6118d687c117df8ef3cc36a4d175\",\"name\":\"webdo.tn\",\"image\":{\"@type\":\"ImageObject\",\"inLanguage\":\"fr-FR\",\"@id\":\"https:\\\/\\\/secure.gravatar.com\\\/avatar\\\/7ce1f28c0c3bbac99ff550b85ef8e44a6950c6ee24514fb6a5489e51d06f0298?s=96&d=mm&r=g\",\"url\":\"https:\\\/\\\/secure.gravatar.com\\\/avatar\\\/7ce1f28c0c3bbac99ff550b85ef8e44a6950c6ee24514fb6a5489e51d06f0298?s=96&d=mm&r=g\",\"contentUrl\":\"https:\\\/\\\/secure.gravatar.com\\\/avatar\\\/7ce1f28c0c3bbac99ff550b85ef8e44a6950c6ee24514fb6a5489e51d06f0298?s=96&d=mm&r=g\",\"caption\":\"webdo.tn\"},\"url\":\"https:\\\/\\\/www.webdo.tn\\\/fr\\\/actualite\\\/author\\\/webdotn\\\/\"}]}<\/script>\n<!-- \/ Yoast SEO Premium plugin. -->","yoast_head_json":{"title":"L'attentat de Bamako porte la signature de l\u2019Alg\u00e9rien Mokhtar Belmokhtar","description":"L'attentat de Bamako porte la signature de l\u2019Alg\u00e9rien Mokhtar Belmokhtar","canonical":"https:\/\/www.webdo.tn\/fr\/actualite\/international\/lattentat-de-bamako-porte-la-signature-de-lalgerien-mokhtar-belmokhtar\/183758\/","og_locale":"fr_FR","og_type":"article","og_title":"L'attentat de Bamako porte la signature de l\u2019Alg\u00e9rien Mokhtar Belmokhtar","og_description":"L'attentat de Bamako porte la signature de l\u2019Alg\u00e9rien Mokhtar Belmokhtar","og_url":"https:\/\/www.webdo.tn\/fr\/actualite\/international\/lattentat-de-bamako-porte-la-signature-de-lalgerien-mokhtar-belmokhtar\/183758\/","og_site_name":"webdo","article_publisher":"https:\/\/www.facebook.com\/webdotn","article_published_time":"2015-11-21T11:05:00+00:00","article_modified_time":"2025-05-22T12:47:16+00:00","og_image":[{"width":300,"height":169,"url":"https:\/\/www.webdo.tn\/fr\/wp-content\/uploads\/2015\/11\/bamako-300x169-2.jpg","type":"image\/jpeg"}],"author":"webdo.tn","twitter_card":"summary_large_image","twitter_creator":"@webdo_tn","twitter_site":"@webdo_tn","twitter_misc":{"\u00c9crit par":"webdo.tn","Dur\u00e9e de lecture estim\u00e9e":"1 minute"},"schema":{"@context":"https:\/\/schema.org","@graph":[{"@type":"NewsArticle","@id":"https:\/\/www.webdo.tn\/fr\/actualite\/international\/lattentat-de-bamako-porte-la-signature-de-lalgerien-mokhtar-belmokhtar\/183758\/#article","isPartOf":{"@id":"https:\/\/www.webdo.tn\/fr\/actualite\/international\/lattentat-de-bamako-porte-la-signature-de-lalgerien-mokhtar-belmokhtar\/183758\/"},"author":{"name":"webdo.tn","@id":"https:\/\/www.webdo.tn\/fr\/#\/schema\/person\/9a9c6118d687c117df8ef3cc36a4d175"},"headline":"L&rsquo;attentat de Bamako porte la signature de l\u2019Alg\u00e9rien Mokhtar Belmokhtar","datePublished":"2015-11-21T11:05:00+00:00","dateModified":"2025-05-22T12:47:16+00:00","mainEntityOfPage":{"@id":"https:\/\/www.webdo.tn\/fr\/actualite\/international\/lattentat-de-bamako-porte-la-signature-de-lalgerien-mokhtar-belmokhtar\/183758\/"},"wordCount":282,"commentCount":0,"publisher":{"@id":"https:\/\/www.webdo.tn\/fr\/#organization"},"image":{"@id":"https:\/\/www.webdo.tn\/fr\/actualite\/international\/lattentat-de-bamako-porte-la-signature-de-lalgerien-mokhtar-belmokhtar\/183758\/#primaryimage"},"thumbnailUrl":"https:\/\/www.webdo.tn\/fr\/wp-content\/uploads\/2015\/11\/bamako-300x169-2.jpg","articleSection":["International"],"inLanguage":"fr-FR"},{"@type":"WebPage","@id":"https:\/\/www.webdo.tn\/fr\/actualite\/international\/lattentat-de-bamako-porte-la-signature-de-lalgerien-mokhtar-belmokhtar\/183758\/","url":"https:\/\/www.webdo.tn\/fr\/actualite\/international\/lattentat-de-bamako-porte-la-signature-de-lalgerien-mokhtar-belmokhtar\/183758\/","name":"L'attentat de Bamako porte la signature de l\u2019Alg\u00e9rien Mokhtar Belmokhtar","isPartOf":{"@id":"https:\/\/www.webdo.tn\/fr\/#website"},"primaryImageOfPage":{"@id":"https:\/\/www.webdo.tn\/fr\/actualite\/international\/lattentat-de-bamako-porte-la-signature-de-lalgerien-mokhtar-belmokhtar\/183758\/#primaryimage"},"image":{"@id":"https:\/\/www.webdo.tn\/fr\/actualite\/international\/lattentat-de-bamako-porte-la-signature-de-lalgerien-mokhtar-belmokhtar\/183758\/#primaryimage"},"thumbnailUrl":"https:\/\/www.webdo.tn\/fr\/wp-content\/uploads\/2015\/11\/bamako-300x169-2.jpg","datePublished":"2015-11-21T11:05:00+00:00","dateModified":"2025-05-22T12:47:16+00:00","description":"L'attentat de Bamako porte la signature de l\u2019Alg\u00e9rien Mokhtar Belmokhtar","breadcrumb":{"@id":"https:\/\/www.webdo.tn\/fr\/actualite\/international\/lattentat-de-bamako-porte-la-signature-de-lalgerien-mokhtar-belmokhtar\/183758\/#breadcrumb"},"inLanguage":"fr-FR","potentialAction":[{"@type":"ReadAction","target":["https:\/\/www.webdo.tn\/fr\/actualite\/international\/lattentat-de-bamako-porte-la-signature-de-lalgerien-mokhtar-belmokhtar\/183758\/"]}]},{"@type":"ImageObject","inLanguage":"fr-FR","@id":"https:\/\/www.webdo.tn\/fr\/actualite\/international\/lattentat-de-bamako-porte-la-signature-de-lalgerien-mokhtar-belmokhtar\/183758\/#primaryimage","url":"https:\/\/www.webdo.tn\/fr\/wp-content\/uploads\/2015\/11\/bamako-300x169-2.jpg","contentUrl":"https:\/\/www.webdo.tn\/fr\/wp-content\/uploads\/2015\/11\/bamako-300x169-2.jpg","width":300,"height":169,"caption":"L'attentat de Bamako porte la signature de l\u2019Alg\u00e9rien Mokhtar Belmokhtar"},{"@type":"BreadcrumbList","@id":"https:\/\/www.webdo.tn\/fr\/actualite\/international\/lattentat-de-bamako-porte-la-signature-de-lalgerien-mokhtar-belmokhtar\/183758\/#breadcrumb","itemListElement":[{"@type":"ListItem","position":1,"name":"Accueil","item":"https:\/\/www.webdo.tn\/fr\/"},{"@type":"ListItem","position":2,"name":"L&rsquo;attentat de Bamako porte la signature de l\u2019Alg\u00e9rien Mokhtar Belmokhtar"}]},{"@type":"WebSite","@id":"https:\/\/www.webdo.tn\/fr\/#website","url":"https:\/\/www.webdo.tn\/fr\/","name":"webdo","description":"Tunisie - News en Tunisie et \u00e0 l&#039;international sur Webdo.tn","publisher":{"@id":"https:\/\/www.webdo.tn\/fr\/#organization"},"potentialAction":[{"@type":"SearchAction","target":{"@type":"EntryPoint","urlTemplate":"https:\/\/www.webdo.tn\/fr\/?s={search_term_string}"},"query-input":{"@type":"PropertyValueSpecification","valueRequired":true,"valueName":"search_term_string"}}],"inLanguage":"fr-FR"},{"@type":"Organization","@id":"https:\/\/www.webdo.tn\/fr\/#organization","name":"Webdo","alternateName":"Webdo.tn","url":"https:\/\/www.webdo.tn\/fr\/","logo":{"@type":"ImageObject","inLanguage":"fr-FR","@id":"https:\/\/www.webdo.tn\/fr\/#\/schema\/logo\/image\/","url":"https:\/\/www.webdo.tn\/fr\/wp-content\/uploads\/2025\/06\/Webdo-Tunisie_168377.jpg","contentUrl":"https:\/\/www.webdo.tn\/fr\/wp-content\/uploads\/2025\/06\/Webdo-Tunisie_168377.jpg","width":301,"height":301,"caption":"Webdo"},"image":{"@id":"https:\/\/www.webdo.tn\/fr\/#\/schema\/logo\/image\/"},"sameAs":["https:\/\/www.facebook.com\/webdotn","https:\/\/x.com\/webdo_tn"],"description":"Webdo est un m\u00e9dia num\u00e9rique tunisien fond\u00e9 en 2010, sp\u00e9cialis\u00e9 dans l\u2019actualit\u00e9 nationale et internationale, l\u2019\u00e9conomie, la soci\u00e9t\u00e9 et les analyses politiques. Le site s\u2019adresse \u00e0 un large public francophone et couvre l\u2019information tunisienne en temps r\u00e9el.","email":"redac@webdo.tn","legalName":"YNJ SARL","foundingDate":"2010-09-06","numberOfEmployees":{"@type":"QuantitativeValue","minValue":"11","maxValue":"50"}},{"@type":"Person","@id":"https:\/\/www.webdo.tn\/fr\/#\/schema\/person\/9a9c6118d687c117df8ef3cc36a4d175","name":"webdo.tn","image":{"@type":"ImageObject","inLanguage":"fr-FR","@id":"https:\/\/secure.gravatar.com\/avatar\/7ce1f28c0c3bbac99ff550b85ef8e44a6950c6ee24514fb6a5489e51d06f0298?s=96&d=mm&r=g","url":"https:\/\/secure.gravatar.com\/avatar\/7ce1f28c0c3bbac99ff550b85ef8e44a6950c6ee24514fb6a5489e51d06f0298?s=96&d=mm&r=g","contentUrl":"https:\/\/secure.gravatar.com\/avatar\/7ce1f28c0c3bbac99ff550b85ef8e44a6950c6ee24514fb6a5489e51d06f0298?s=96&d=mm&r=g","caption":"webdo.tn"},"url":"https:\/\/www.webdo.tn\/fr\/actualite\/author\/webdotn\/"}]}},"_links":{"self":[{"href":"https:\/\/www.webdo.tn\/fr\/wp-json\/wp\/v2\/posts\/183758","targetHints":{"allow":["GET"]}}],"collection":[{"href":"https:\/\/www.webdo.tn\/fr\/wp-json\/wp\/v2\/posts"}],"about":[{"href":"https:\/\/www.webdo.tn\/fr\/wp-json\/wp\/v2\/types\/post"}],"author":[{"embeddable":true,"href":"https:\/\/www.webdo.tn\/fr\/wp-json\/wp\/v2\/users\/3222"}],"replies":[{"embeddable":true,"href":"https:\/\/www.webdo.tn\/fr\/wp-json\/wp\/v2\/comments?post=183758"}],"version-history":[{"count":0,"href":"https:\/\/www.webdo.tn\/fr\/wp-json\/wp\/v2\/posts\/183758\/revisions"}],"wp:featuredmedia":[{"embeddable":true,"href":"https:\/\/www.webdo.tn\/fr\/wp-json\/wp\/v2\/media\/351560"}],"wp:attachment":[{"href":"https:\/\/www.webdo.tn\/fr\/wp-json\/wp\/v2\/media?parent=183758"}],"wp:term":[{"taxonomy":"category","embeddable":true,"href":"https:\/\/www.webdo.tn\/fr\/wp-json\/wp\/v2\/categories?post=183758"},{"taxonomy":"post_tag","embeddable":true,"href":"https:\/\/www.webdo.tn\/fr\/wp-json\/wp\/v2\/tags?post=183758"}],"curies":[{"name":"wp","href":"https:\/\/api.w.org\/{rel}","templated":true}]}}