{"id":183753,"date":"2015-11-22T11:38:00","date_gmt":"2015-11-22T11:38:00","guid":{"rendered":"https:\/\/www.webdo.tn\/fr\/blog\/bachar-al-assad-interpelle-la-france-et-denonce\/183753\/"},"modified":"2015-11-22T11:38:00","modified_gmt":"2015-11-22T11:38:00","slug":"bachar-al-assad-interpelle-la-france-et-denonce","status":"publish","type":"post","link":"https:\/\/www.webdo.tn\/fr\/actualite\/international\/bachar-al-assad-interpelle-la-france-et-denonce\/183753\/","title":{"rendered":"Bachar Al-Assad interpelle la France et d\u00e9nonce&#8230;"},"content":{"rendered":"<p>La revue fran\u00e7aise \u00ab\u00a0Valeurs Actuelles\u00a0\u00bb vient de frapper un grand coup m\u00e9diatique en publiant un entretien en \u00ab\u00a0exclusivit\u00e9 mondiale\u00a0\u00bb avec Bachar Al Assad.<br \/>\nLa Turquie, le Qatar et l&rsquo;Arabie dans le viseur de Bachar<br \/>\nRecueilli le 14 novembre \u00e0 Damas, cet entretien interpelle vivement les Fran\u00e7ais avec un<br \/>\n\u00ab\u00a0Vous ne pourrez pas combattre Daech en restant alli\u00e9s au Qatar et \u00e0 l&rsquo;Arabie saoudite qui arment les terroristes\u00a0\u00bb<br \/>\nAl-Assad, dans le m\u00eame esprit, pointe la Turquie du doigt en les termes suivants:<br \/>\n\u00ab\u00a0Certains pays soutiennent le Front al-Nosra li\u00e9 \u00e0 Al-Qaida. D&rsquo;autres soutiennent Daech. La Turquie, elle, soutient les deux organisations\u00a0\u00bb.<br \/>\nConsid\u00e9rant que ce dernier pays joue le pire des r\u00f4les dans la crise, le pr\u00e9sident syrien continue:<br \/>\n\u00ab\u00a0Cela est directement li\u00e9 \u00e0 Erdogan, en personne, de m\u00eame qu&rsquo;\u00e0 Ahmet Davutoglu, son premier ministre, les deux \u00e9tant le reflet de leur v\u00e9ritable id\u00e9ologie, celle des Fr\u00e8res musulmans\u00a0\u00bb.<br \/>\n\u00ab\u00a0Les erreurs diaboliques de Fabius\u00a0\u00bb<br \/>\nAvec une couverture tr\u00e8s martiale proclamant la \u00ab\u00a0Guerre aux Barbares\u00a0\u00bb, l&rsquo;hebdomadaire fran\u00e7ais brocarde \u00e9galement ce que l&rsquo;un de ses \u00e9ditorialistes qualifie des \u00ab\u00a0erreurs diaboliques de Fabius\u00a0\u00bb qui aurait \u00ab\u00a0fourvoy\u00e9 la France par dogmatisme et \u00e0 cause d&rsquo;une politique \u00e9trang\u00e8re contraire \u00e0 nos int\u00e9r\u00eats\u00a0\u00bb.<\/p>\n<p>Dans son ensemble, la presse fran\u00e7aise ne semble pas tr\u00e8s \u00e9loign\u00e9e de cette tonalit\u00e9 m\u00eame si les divergences sont claires en fonction de l&rsquo;ob\u00e9dience des titres qui, quasiment tous, soutiennent la volont\u00e9 du gouvernement fran\u00e7ais de s&rsquo;attaquer \u00e0 Daesh.<br \/>\nH.B.<\/p>\n","protected":false},"excerpt":{"rendered":"<p>Bachar Al-Assad interpelle la France et d\u00e9nonce&#8230;<\/p>\n","protected":false},"author":3222,"featured_media":336502,"comment_status":"open","ping_status":"closed","sticky":false,"template":"","format":"standard","meta":{"footnotes":""},"categories":[2598],"tags":[2600],"class_list":["post-183753","post","type-post","status-publish","format-standard","has-post-thumbnail","hentry","category-international","tag-guerre"],"yoast_head":"<!-- This site is optimized with the Yoast SEO Premium plugin v27.5 (Yoast SEO v27.5) - https:\/\/yoast.com\/product\/yoast-seo-premium-wordpress\/ -->\n<title>Bachar Al-Assad interpelle la France et d\u00e9nonce...<\/title>\n<meta name=\"description\" content=\"Bachar Al-Assad interpelle la France et d\u00e9nonce...\" \/>\n<link rel=\"canonical\" href=\"https:\/\/www.webdo.tn\/fr\/actualite\/international\/bachar-al-assad-interpelle-la-france-et-denonce\/183753\/\" \/>\n<meta property=\"og:locale\" content=\"fr_FR\" \/>\n<meta property=\"og:type\" content=\"article\" \/>\n<meta property=\"og:title\" content=\"Bachar Al-Assad interpelle la France et d\u00e9nonce...\" \/>\n<meta property=\"og:description\" content=\"Bachar Al-Assad interpelle la France et d\u00e9nonce...\" \/>\n<meta property=\"og:url\" content=\"https:\/\/www.webdo.tn\/fr\/actualite\/international\/bachar-al-assad-interpelle-la-france-et-denonce\/183753\/\" \/>\n<meta property=\"og:site_name\" content=\"webdo\" \/>\n<meta property=\"article:publisher\" content=\"https:\/\/www.facebook.com\/webdotn\" \/>\n<meta property=\"article:published_time\" content=\"2015-11-22T11:38:00+00:00\" \/>\n<meta property=\"og:image\" content=\"https:\/\/www.webdo.tn\/fr\/wp-content\/uploads\/2015\/11\/bachar-300x130-1.jpg\" \/>\n\t<meta property=\"og:image:width\" content=\"300\" \/>\n\t<meta property=\"og:image:height\" content=\"130\" \/>\n\t<meta property=\"og:image:type\" content=\"image\/jpeg\" \/>\n<meta name=\"author\" content=\"webdo.tn\" \/>\n<meta name=\"twitter:card\" content=\"summary_large_image\" \/>\n<meta name=\"twitter:creator\" content=\"@webdo_tn\" \/>\n<meta name=\"twitter:site\" content=\"@webdo_tn\" \/>\n<meta name=\"twitter:label1\" content=\"\u00c9crit par\" \/>\n\t<meta name=\"twitter:data1\" content=\"webdo.tn\" \/>\n\t<meta name=\"twitter:label2\" content=\"Dur\u00e9e de lecture estim\u00e9e\" \/>\n\t<meta name=\"twitter:data2\" content=\"1 minute\" \/>\n<script type=\"application\/ld+json\" class=\"yoast-schema-graph\">{\"@context\":\"https:\\\/\\\/schema.org\",\"@graph\":[{\"@type\":\"NewsArticle\",\"@id\":\"https:\\\/\\\/www.webdo.tn\\\/fr\\\/actualite\\\/international\\\/bachar-al-assad-interpelle-la-france-et-denonce\\\/183753\\\/#article\",\"isPartOf\":{\"@id\":\"https:\\\/\\\/www.webdo.tn\\\/fr\\\/actualite\\\/international\\\/bachar-al-assad-interpelle-la-france-et-denonce\\\/183753\\\/\"},\"author\":{\"name\":\"webdo.tn\",\"@id\":\"https:\\\/\\\/www.webdo.tn\\\/fr\\\/#\\\/schema\\\/person\\\/9a9c6118d687c117df8ef3cc36a4d175\"},\"headline\":\"Bachar Al-Assad interpelle la France et d\u00e9nonce&#8230;\",\"datePublished\":\"2015-11-22T11:38:00+00:00\",\"mainEntityOfPage\":{\"@id\":\"https:\\\/\\\/www.webdo.tn\\\/fr\\\/actualite\\\/international\\\/bachar-al-assad-interpelle-la-france-et-denonce\\\/183753\\\/\"},\"wordCount\":266,\"commentCount\":0,\"publisher\":{\"@id\":\"https:\\\/\\\/www.webdo.tn\\\/fr\\\/#organization\"},\"image\":{\"@id\":\"https:\\\/\\\/www.webdo.tn\\\/fr\\\/actualite\\\/international\\\/bachar-al-assad-interpelle-la-france-et-denonce\\\/183753\\\/#primaryimage\"},\"thumbnailUrl\":\"https:\\\/\\\/www.webdo.tn\\\/fr\\\/wp-content\\\/uploads\\\/2015\\\/11\\\/bachar-300x130-1.jpg\",\"keywords\":[\"guerre\"],\"articleSection\":[\"International\"],\"inLanguage\":\"fr-FR\"},{\"@type\":\"WebPage\",\"@id\":\"https:\\\/\\\/www.webdo.tn\\\/fr\\\/actualite\\\/international\\\/bachar-al-assad-interpelle-la-france-et-denonce\\\/183753\\\/\",\"url\":\"https:\\\/\\\/www.webdo.tn\\\/fr\\\/actualite\\\/international\\\/bachar-al-assad-interpelle-la-france-et-denonce\\\/183753\\\/\",\"name\":\"Bachar Al-Assad interpelle la France et d\u00e9nonce...\",\"isPartOf\":{\"@id\":\"https:\\\/\\\/www.webdo.tn\\\/fr\\\/#website\"},\"primaryImageOfPage\":{\"@id\":\"https:\\\/\\\/www.webdo.tn\\\/fr\\\/actualite\\\/international\\\/bachar-al-assad-interpelle-la-france-et-denonce\\\/183753\\\/#primaryimage\"},\"image\":{\"@id\":\"https:\\\/\\\/www.webdo.tn\\\/fr\\\/actualite\\\/international\\\/bachar-al-assad-interpelle-la-france-et-denonce\\\/183753\\\/#primaryimage\"},\"thumbnailUrl\":\"https:\\\/\\\/www.webdo.tn\\\/fr\\\/wp-content\\\/uploads\\\/2015\\\/11\\\/bachar-300x130-1.jpg\",\"datePublished\":\"2015-11-22T11:38:00+00:00\",\"description\":\"Bachar Al-Assad interpelle la France et d\u00e9nonce...\",\"breadcrumb\":{\"@id\":\"https:\\\/\\\/www.webdo.tn\\\/fr\\\/actualite\\\/international\\\/bachar-al-assad-interpelle-la-france-et-denonce\\\/183753\\\/#breadcrumb\"},\"inLanguage\":\"fr-FR\",\"potentialAction\":[{\"@type\":\"ReadAction\",\"target\":[\"https:\\\/\\\/www.webdo.tn\\\/fr\\\/actualite\\\/international\\\/bachar-al-assad-interpelle-la-france-et-denonce\\\/183753\\\/\"]}]},{\"@type\":\"ImageObject\",\"inLanguage\":\"fr-FR\",\"@id\":\"https:\\\/\\\/www.webdo.tn\\\/fr\\\/actualite\\\/international\\\/bachar-al-assad-interpelle-la-france-et-denonce\\\/183753\\\/#primaryimage\",\"url\":\"https:\\\/\\\/www.webdo.tn\\\/fr\\\/wp-content\\\/uploads\\\/2015\\\/11\\\/bachar-300x130-1.jpg\",\"contentUrl\":\"https:\\\/\\\/www.webdo.tn\\\/fr\\\/wp-content\\\/uploads\\\/2015\\\/11\\\/bachar-300x130-1.jpg\",\"width\":300,\"height\":130,\"caption\":\"Bachar Al-Assad interpelle la France et d\u00e9nonce...\"},{\"@type\":\"BreadcrumbList\",\"@id\":\"https:\\\/\\\/www.webdo.tn\\\/fr\\\/actualite\\\/international\\\/bachar-al-assad-interpelle-la-france-et-denonce\\\/183753\\\/#breadcrumb\",\"itemListElement\":[{\"@type\":\"ListItem\",\"position\":1,\"name\":\"Accueil\",\"item\":\"https:\\\/\\\/www.webdo.tn\\\/fr\\\/\"},{\"@type\":\"ListItem\",\"position\":2,\"name\":\"Bachar Al-Assad interpelle la France et d\u00e9nonce&#8230;\"}]},{\"@type\":\"WebSite\",\"@id\":\"https:\\\/\\\/www.webdo.tn\\\/fr\\\/#website\",\"url\":\"https:\\\/\\\/www.webdo.tn\\\/fr\\\/\",\"name\":\"webdo\",\"description\":\"Tunisie - News en Tunisie et \u00e0 l&#039;international sur Webdo.tn\",\"publisher\":{\"@id\":\"https:\\\/\\\/www.webdo.tn\\\/fr\\\/#organization\"},\"potentialAction\":[{\"@type\":\"SearchAction\",\"target\":{\"@type\":\"EntryPoint\",\"urlTemplate\":\"https:\\\/\\\/www.webdo.tn\\\/fr\\\/?s={search_term_string}\"},\"query-input\":{\"@type\":\"PropertyValueSpecification\",\"valueRequired\":true,\"valueName\":\"search_term_string\"}}],\"inLanguage\":\"fr-FR\"},{\"@type\":\"Organization\",\"@id\":\"https:\\\/\\\/www.webdo.tn\\\/fr\\\/#organization\",\"name\":\"Webdo\",\"alternateName\":\"Webdo.tn\",\"url\":\"https:\\\/\\\/www.webdo.tn\\\/fr\\\/\",\"logo\":{\"@type\":\"ImageObject\",\"inLanguage\":\"fr-FR\",\"@id\":\"https:\\\/\\\/www.webdo.tn\\\/fr\\\/#\\\/schema\\\/logo\\\/image\\\/\",\"url\":\"https:\\\/\\\/www.webdo.tn\\\/fr\\\/wp-content\\\/uploads\\\/2025\\\/06\\\/Webdo-Tunisie_168377.jpg\",\"contentUrl\":\"https:\\\/\\\/www.webdo.tn\\\/fr\\\/wp-content\\\/uploads\\\/2025\\\/06\\\/Webdo-Tunisie_168377.jpg\",\"width\":301,\"height\":301,\"caption\":\"Webdo\"},\"image\":{\"@id\":\"https:\\\/\\\/www.webdo.tn\\\/fr\\\/#\\\/schema\\\/logo\\\/image\\\/\"},\"sameAs\":[\"https:\\\/\\\/www.facebook.com\\\/webdotn\",\"https:\\\/\\\/x.com\\\/webdo_tn\"],\"description\":\"Webdo est un m\u00e9dia num\u00e9rique tunisien fond\u00e9 en 2010, sp\u00e9cialis\u00e9 dans l\u2019actualit\u00e9 nationale et internationale, l\u2019\u00e9conomie, la soci\u00e9t\u00e9 et les analyses politiques. Le site s\u2019adresse \u00e0 un large public francophone et couvre l\u2019information tunisienne en temps r\u00e9el.\",\"email\":\"redac@webdo.tn\",\"legalName\":\"YNJ SARL\",\"foundingDate\":\"2010-09-06\",\"numberOfEmployees\":{\"@type\":\"QuantitativeValue\",\"minValue\":\"11\",\"maxValue\":\"50\"}},{\"@type\":\"Person\",\"@id\":\"https:\\\/\\\/www.webdo.tn\\\/fr\\\/#\\\/schema\\\/person\\\/9a9c6118d687c117df8ef3cc36a4d175\",\"name\":\"webdo.tn\",\"image\":{\"@type\":\"ImageObject\",\"inLanguage\":\"fr-FR\",\"@id\":\"https:\\\/\\\/secure.gravatar.com\\\/avatar\\\/7ce1f28c0c3bbac99ff550b85ef8e44a6950c6ee24514fb6a5489e51d06f0298?s=96&d=mm&r=g\",\"url\":\"https:\\\/\\\/secure.gravatar.com\\\/avatar\\\/7ce1f28c0c3bbac99ff550b85ef8e44a6950c6ee24514fb6a5489e51d06f0298?s=96&d=mm&r=g\",\"contentUrl\":\"https:\\\/\\\/secure.gravatar.com\\\/avatar\\\/7ce1f28c0c3bbac99ff550b85ef8e44a6950c6ee24514fb6a5489e51d06f0298?s=96&d=mm&r=g\",\"caption\":\"webdo.tn\"},\"url\":\"https:\\\/\\\/www.webdo.tn\\\/fr\\\/actualite\\\/author\\\/webdotn\\\/\"}]}<\/script>\n<!-- \/ Yoast SEO Premium plugin. -->","yoast_head_json":{"title":"Bachar Al-Assad interpelle la France et d\u00e9nonce...","description":"Bachar Al-Assad interpelle la France et d\u00e9nonce...","canonical":"https:\/\/www.webdo.tn\/fr\/actualite\/international\/bachar-al-assad-interpelle-la-france-et-denonce\/183753\/","og_locale":"fr_FR","og_type":"article","og_title":"Bachar Al-Assad interpelle la France et d\u00e9nonce...","og_description":"Bachar Al-Assad interpelle la France et d\u00e9nonce...","og_url":"https:\/\/www.webdo.tn\/fr\/actualite\/international\/bachar-al-assad-interpelle-la-france-et-denonce\/183753\/","og_site_name":"webdo","article_publisher":"https:\/\/www.facebook.com\/webdotn","article_published_time":"2015-11-22T11:38:00+00:00","og_image":[{"width":300,"height":130,"url":"https:\/\/www.webdo.tn\/fr\/wp-content\/uploads\/2015\/11\/bachar-300x130-1.jpg","type":"image\/jpeg"}],"author":"webdo.tn","twitter_card":"summary_large_image","twitter_creator":"@webdo_tn","twitter_site":"@webdo_tn","twitter_misc":{"\u00c9crit par":"webdo.tn","Dur\u00e9e de lecture estim\u00e9e":"1 minute"},"schema":{"@context":"https:\/\/schema.org","@graph":[{"@type":"NewsArticle","@id":"https:\/\/www.webdo.tn\/fr\/actualite\/international\/bachar-al-assad-interpelle-la-france-et-denonce\/183753\/#article","isPartOf":{"@id":"https:\/\/www.webdo.tn\/fr\/actualite\/international\/bachar-al-assad-interpelle-la-france-et-denonce\/183753\/"},"author":{"name":"webdo.tn","@id":"https:\/\/www.webdo.tn\/fr\/#\/schema\/person\/9a9c6118d687c117df8ef3cc36a4d175"},"headline":"Bachar Al-Assad interpelle la France et d\u00e9nonce&#8230;","datePublished":"2015-11-22T11:38:00+00:00","mainEntityOfPage":{"@id":"https:\/\/www.webdo.tn\/fr\/actualite\/international\/bachar-al-assad-interpelle-la-france-et-denonce\/183753\/"},"wordCount":266,"commentCount":0,"publisher":{"@id":"https:\/\/www.webdo.tn\/fr\/#organization"},"image":{"@id":"https:\/\/www.webdo.tn\/fr\/actualite\/international\/bachar-al-assad-interpelle-la-france-et-denonce\/183753\/#primaryimage"},"thumbnailUrl":"https:\/\/www.webdo.tn\/fr\/wp-content\/uploads\/2015\/11\/bachar-300x130-1.jpg","keywords":["guerre"],"articleSection":["International"],"inLanguage":"fr-FR"},{"@type":"WebPage","@id":"https:\/\/www.webdo.tn\/fr\/actualite\/international\/bachar-al-assad-interpelle-la-france-et-denonce\/183753\/","url":"https:\/\/www.webdo.tn\/fr\/actualite\/international\/bachar-al-assad-interpelle-la-france-et-denonce\/183753\/","name":"Bachar Al-Assad interpelle la France et d\u00e9nonce...","isPartOf":{"@id":"https:\/\/www.webdo.tn\/fr\/#website"},"primaryImageOfPage":{"@id":"https:\/\/www.webdo.tn\/fr\/actualite\/international\/bachar-al-assad-interpelle-la-france-et-denonce\/183753\/#primaryimage"},"image":{"@id":"https:\/\/www.webdo.tn\/fr\/actualite\/international\/bachar-al-assad-interpelle-la-france-et-denonce\/183753\/#primaryimage"},"thumbnailUrl":"https:\/\/www.webdo.tn\/fr\/wp-content\/uploads\/2015\/11\/bachar-300x130-1.jpg","datePublished":"2015-11-22T11:38:00+00:00","description":"Bachar Al-Assad interpelle la France et d\u00e9nonce...","breadcrumb":{"@id":"https:\/\/www.webdo.tn\/fr\/actualite\/international\/bachar-al-assad-interpelle-la-france-et-denonce\/183753\/#breadcrumb"},"inLanguage":"fr-FR","potentialAction":[{"@type":"ReadAction","target":["https:\/\/www.webdo.tn\/fr\/actualite\/international\/bachar-al-assad-interpelle-la-france-et-denonce\/183753\/"]}]},{"@type":"ImageObject","inLanguage":"fr-FR","@id":"https:\/\/www.webdo.tn\/fr\/actualite\/international\/bachar-al-assad-interpelle-la-france-et-denonce\/183753\/#primaryimage","url":"https:\/\/www.webdo.tn\/fr\/wp-content\/uploads\/2015\/11\/bachar-300x130-1.jpg","contentUrl":"https:\/\/www.webdo.tn\/fr\/wp-content\/uploads\/2015\/11\/bachar-300x130-1.jpg","width":300,"height":130,"caption":"Bachar Al-Assad interpelle la France et d\u00e9nonce..."},{"@type":"BreadcrumbList","@id":"https:\/\/www.webdo.tn\/fr\/actualite\/international\/bachar-al-assad-interpelle-la-france-et-denonce\/183753\/#breadcrumb","itemListElement":[{"@type":"ListItem","position":1,"name":"Accueil","item":"https:\/\/www.webdo.tn\/fr\/"},{"@type":"ListItem","position":2,"name":"Bachar Al-Assad interpelle la France et d\u00e9nonce&#8230;"}]},{"@type":"WebSite","@id":"https:\/\/www.webdo.tn\/fr\/#website","url":"https:\/\/www.webdo.tn\/fr\/","name":"webdo","description":"Tunisie - News en Tunisie et \u00e0 l&#039;international sur Webdo.tn","publisher":{"@id":"https:\/\/www.webdo.tn\/fr\/#organization"},"potentialAction":[{"@type":"SearchAction","target":{"@type":"EntryPoint","urlTemplate":"https:\/\/www.webdo.tn\/fr\/?s={search_term_string}"},"query-input":{"@type":"PropertyValueSpecification","valueRequired":true,"valueName":"search_term_string"}}],"inLanguage":"fr-FR"},{"@type":"Organization","@id":"https:\/\/www.webdo.tn\/fr\/#organization","name":"Webdo","alternateName":"Webdo.tn","url":"https:\/\/www.webdo.tn\/fr\/","logo":{"@type":"ImageObject","inLanguage":"fr-FR","@id":"https:\/\/www.webdo.tn\/fr\/#\/schema\/logo\/image\/","url":"https:\/\/www.webdo.tn\/fr\/wp-content\/uploads\/2025\/06\/Webdo-Tunisie_168377.jpg","contentUrl":"https:\/\/www.webdo.tn\/fr\/wp-content\/uploads\/2025\/06\/Webdo-Tunisie_168377.jpg","width":301,"height":301,"caption":"Webdo"},"image":{"@id":"https:\/\/www.webdo.tn\/fr\/#\/schema\/logo\/image\/"},"sameAs":["https:\/\/www.facebook.com\/webdotn","https:\/\/x.com\/webdo_tn"],"description":"Webdo est un m\u00e9dia num\u00e9rique tunisien fond\u00e9 en 2010, sp\u00e9cialis\u00e9 dans l\u2019actualit\u00e9 nationale et internationale, l\u2019\u00e9conomie, la soci\u00e9t\u00e9 et les analyses politiques. Le site s\u2019adresse \u00e0 un large public francophone et couvre l\u2019information tunisienne en temps r\u00e9el.","email":"redac@webdo.tn","legalName":"YNJ SARL","foundingDate":"2010-09-06","numberOfEmployees":{"@type":"QuantitativeValue","minValue":"11","maxValue":"50"}},{"@type":"Person","@id":"https:\/\/www.webdo.tn\/fr\/#\/schema\/person\/9a9c6118d687c117df8ef3cc36a4d175","name":"webdo.tn","image":{"@type":"ImageObject","inLanguage":"fr-FR","@id":"https:\/\/secure.gravatar.com\/avatar\/7ce1f28c0c3bbac99ff550b85ef8e44a6950c6ee24514fb6a5489e51d06f0298?s=96&d=mm&r=g","url":"https:\/\/secure.gravatar.com\/avatar\/7ce1f28c0c3bbac99ff550b85ef8e44a6950c6ee24514fb6a5489e51d06f0298?s=96&d=mm&r=g","contentUrl":"https:\/\/secure.gravatar.com\/avatar\/7ce1f28c0c3bbac99ff550b85ef8e44a6950c6ee24514fb6a5489e51d06f0298?s=96&d=mm&r=g","caption":"webdo.tn"},"url":"https:\/\/www.webdo.tn\/fr\/actualite\/author\/webdotn\/"}]}},"_links":{"self":[{"href":"https:\/\/www.webdo.tn\/fr\/wp-json\/wp\/v2\/posts\/183753","targetHints":{"allow":["GET"]}}],"collection":[{"href":"https:\/\/www.webdo.tn\/fr\/wp-json\/wp\/v2\/posts"}],"about":[{"href":"https:\/\/www.webdo.tn\/fr\/wp-json\/wp\/v2\/types\/post"}],"author":[{"embeddable":true,"href":"https:\/\/www.webdo.tn\/fr\/wp-json\/wp\/v2\/users\/3222"}],"replies":[{"embeddable":true,"href":"https:\/\/www.webdo.tn\/fr\/wp-json\/wp\/v2\/comments?post=183753"}],"version-history":[{"count":0,"href":"https:\/\/www.webdo.tn\/fr\/wp-json\/wp\/v2\/posts\/183753\/revisions"}],"wp:featuredmedia":[{"embeddable":true,"href":"https:\/\/www.webdo.tn\/fr\/wp-json\/wp\/v2\/media\/336502"}],"wp:attachment":[{"href":"https:\/\/www.webdo.tn\/fr\/wp-json\/wp\/v2\/media?parent=183753"}],"wp:term":[{"taxonomy":"category","embeddable":true,"href":"https:\/\/www.webdo.tn\/fr\/wp-json\/wp\/v2\/categories?post=183753"},{"taxonomy":"post_tag","embeddable":true,"href":"https:\/\/www.webdo.tn\/fr\/wp-json\/wp\/v2\/tags?post=183753"}],"curies":[{"name":"wp","href":"https:\/\/api.w.org\/{rel}","templated":true}]}}