{"id":183750,"date":"2015-11-23T09:24:00","date_gmt":"2015-11-23T09:24:00","guid":{"rendered":"https:\/\/www.webdo.tn\/fr\/blog\/document-les-musulmans-de-france-denoncent-le-terrorisme-et-les-imposteurs\/183750\/"},"modified":"2025-05-18T21:58:47","modified_gmt":"2025-05-18T21:58:47","slug":"document-les-musulmans-de-france-denoncent-le-terrorisme-et-les-imposteurs","status":"publish","type":"post","link":"https:\/\/www.webdo.tn\/fr\/actualite\/international\/document-les-musulmans-de-france-denoncent-le-terrorisme-et-les-imposteurs\/183750\/","title":{"rendered":"Document &#8211; Les musulmans de France d\u00e9noncent le terrorisme et les \u00ab\u00a0imposteurs\u00a0\u00bb"},"content":{"rendered":"<p>Paris &#8211; Les pr\u00eaches prononc\u00e9s lors de la pri\u00e8re du vendredi dernier ont donn\u00e9 l&rsquo;occasion aux musulmans de France de clairement se d\u00e9marquer des funestes strat\u00e9gies du terrorisme jihadiste en lan\u00e7ant un appel solennel et en r\u00e9affirmant la sacralit\u00e9 de la vie dans la religion musulmane.<br \/>\nPar le biais du Conseil fran\u00e7ais du culte musulman, le texte-matrice de ces pr\u00eaches du vendredi 20 novembre a \u00e9t\u00e9 diffus\u00e9 aupr\u00e8s de l&rsquo;opinion. Ce texte appelle les musulmans \u00e0 assumer leurs responsabilit\u00e9s et d\u00e9nonce en les termes les plus vifs les \u00ab\u00a0imposteurs\u00a0\u00bb et la mani\u00e8re dont ils d\u00e9tournent les textes religieux.<br \/>\nSe basant sur des sourates coraniques et des hadiths authentiques, ces pr\u00eaches du vendredi 20 novembre sont une d\u00e9nonciation claire du terrorisme assortie d&rsquo;un appel \u00e0 la vigilance et \u00e0 la solidarit\u00e9.<br \/>\nWebdo a pu se procurer le texte de r\u00e9f\u00e9rence de ces pr\u00eaches. Nous vous proposons de le d\u00e9couvrir dans son int\u00e9gralit\u00e9.<br \/>\nPr\u00eache de la Pri\u00e8re du Vendredi<br \/>\nVendredi 20 novembre 2015<\/p>\n<p>Au nom d&rsquo;Allah, le Tr\u00e8s Cl\u00e9ment, le Tr\u00e8s Mis\u00e9ricordieux<br \/>\nPr\u00eache \/ \u00ab Khotba \u00bb :<\/p>\n<p>Apr\u00e8s les Louanges d&rsquo;Allah AWJ et la Pri\u00e8re sur Son Messager SAW :<\/p>\n<p>Nous avons tous suivi avec horreur et d\u00e9solation la vague d\u2019attentats meurtriers qui ont \u00e9branl\u00e9 notre pays, le vendredi 13 novembre dernier.<\/p>\n<p>En tant que citoyens fran\u00e7ais de confession musulmane, nous sommes tous concern\u00e9s par ce drame.<\/p>\n<p>D&rsquo;une part, parce qu&rsquo;\u00e0 l&rsquo;instar de tous les citoyens fran\u00e7ais, nous sommes des cibles potentielles de ce genre de tueries aveugles.<\/p>\n<p>D&rsquo;autre part, parce que ces actes criminels ont \u00e9t\u00e9 perp\u00e9tr\u00e9s par des enfants de France qui se pr\u00e9valent de l&rsquo;islam et qui se consid\u00e8rent comme des martyrs engag\u00e9s dans une entreprise djihadiste.<\/p>\n<p>Il est \u00e9vident que l\u2019ensemble des musulmans de France d\u00e9nonce sans \u00e9quivoque ces attentats tragiques et se d\u00e9marque de l&rsquo;id\u00e9ologie qui nourrit les auteurs de ces actes inqualifiables.<\/p>\n<p>Il est l\u00e9gitime de se demander si &#8211; en tant que musulmans &#8211; nous devions, encore une fois, nous justifier devant nos compatriotes, comme si nous \u00e9tions des \u00ab pr\u00e9sum\u00e9s coupables \u00bb.<\/p>\n<p>Mais devant les amalgames et les confusions qui risquent de nous faire subir une nouvelle vague de stigmatisations et d&rsquo;actes islamophobes, nous ne devons jamais nous lasser de dire et redire haut et fort que l&rsquo;islam authentique est \u00e0 des ann\u00e9es lumi\u00e8re de l&rsquo;id\u00e9ologie de haine de ces criminels terroristes.<\/p>\n<p>Nous ne devons jamais nous lasser de r\u00e9affirmer notre rejet cat\u00e9gorique et sans ambigu\u00eft\u00e9 de toute forme de violence ou de terrorisme, qui sont la n\u00e9gation m\u00eame des valeurs de Paix et de Fraternit\u00e9 que porte l&rsquo;Islam.<\/p>\n<p>Ces groupuscules terroristes qui ont sem\u00e9 la terreur dans le monde ne sont que l&rsquo;incarnation actuelle d&rsquo;une id\u00e9ologie ancestrale d&rsquo;un groupe de dissidents qui ont combattu les compagnons du Proph\u00e8te SAW.<br \/>\nIl s&rsquo;agit des \u00ab khawarij \u00bb des temps modernes.<\/p>\n<p>Le Proph\u00e8te SAW n&rsquo;a pas manqu\u00e9 dans une proph\u00e9tie de d\u00e9crire le profil de ces radicaux lorsqu&rsquo;il dit :<br \/>\n[quote_box_center]\u00a0\u00bbSortira \u00e0 la fin du temps de jeunes gens, aux ambitions sottes, ils lisent le Coran et ne d\u00e9passera pas leur gosiers, ils disent la meilleure des paroles, ils sortiront de la religion comme la fl\u00e8che sort de sa cible.\u00a0\u00bb<br \/>\n(Had\u00eeth authentique Rapport\u00e9 par Attirmidh\u00ee).<br \/>\n\u0642\u0627\u0644 \u0631\u0633\u0648\u0644 \u0627\u0644\u0644\u0647 \u0635\u0644\u0649 \u0627\u0644\u0644\u0647 \u0639\u0644\u064a\u0647 \u0648\u0633\u0644\u0645 :<br \/>\n(( \u064a\u062e\u0631\u062c \u0641\u064a \u0622\u062e\u0631 \u0627\u0644\u0632\u0645\u0627\u0646 \u0642\u0648\u0645 \u0623\u062d\u062f\u0627\u062b \u0627\u0644\u0623\u0633\u0646\u0627\u0646 \u060c \u0633\u0641\u0647\u0627\u0621 \u0627\u0644\u0623\u062d\u0644\u0627\u0645 \u060c \u064a\u0642\u0631\u0621\u0648\u0646 \u0627\u0644\u0642\u0631\u0622\u0646 \u0644\u0627 \u064a\u062c\u0627\u0648\u0632 \u062a\u0631\u0627\u0642\u064a\u0647\u0645 \u060c \u064a\u0642\u0648\u0644\u0648\u0646 \u0645\u0646 \u0642\u0648\u0644 \u062e\u064a\u0631 \u0627\u0644\u0628\u0631\u064a\u0629 \u060c \u064a\u0645\u0631\u0642\u0648\u0646 \u0645\u0646 \u0627\u0644\u062f\u064a\u0646 \u061b \u0643\u0645\u0627 \u064a\u0645\u0631\u0642 \u0627\u0644\u0633\u0647\u0645 \u0645\u0646 \u0627\u0644\u0631\u0645\u064a\u0629 )).[\/quote_box_center]<br \/>\nSi ces organisations ont malheureusement r\u00e9ussi parfois \u00e0 embrigader et \u00e0 recruter des jeunes de diff\u00e9rents horizons pour servir leur projet chaotique, c&rsquo;est parce qu&rsquo;ils ont &#8211; entre autres &#8211; instrumentalis\u00e9 des Textes religieux apr\u00e8s leur avoir attribu\u00e9 une interpr\u00e9tation d\u00e9voy\u00e9e.<\/p>\n<p>Le contexte g\u00e9opolitique bien difficile par lequel passe le Monde, la fragilit\u00e9 sociale et psychologique de certains jeunes et les nouveaux moyens de communication sont les fertilisants d&rsquo;un terreau qui a donn\u00e9 vie \u00e0 cette gangr\u00e8ne des temps modernes.<br \/>\nSur le plan Religieux, les Musulmans doivent assumer leur responsabilit\u00e9 :<br \/>\nEn effet, pour \u00e9viter ce genre de d\u00e9rives, les Textes scripturaires doivent \u00eatre appr\u00e9hend\u00e9s et expliqu\u00e9s par des R\u00e9f\u00e9rents religieux connus et reconnus, dou\u00e9s de Science et de Sagesse.<\/p>\n<p>Le Coran lui-m\u00eame l&rsquo;annonce :<br \/>\n[quote_box_center]\u00a0\u00bbC&rsquo;est Lui qui a fait descendre sur toi le Livre : il s&rsquo;y trouve des versets sans \u00e9quivoque, qui sont la base du Livre, et d&rsquo;autres versets qui peuvent pr\u00eater \u00e0 des interpr\u00e9tations diverses. Les gens, donc, qui ont au c\u0153ur une inclination vers l&rsquo;\u00e9garement, mettent l&rsquo;accent sur les versets \u00e9quivoques cherchant la dissension en essayant de leur trouver une interpr\u00e9tation d\u00e9voy\u00e9e. Alors que nul n&rsquo;en conna\u00eet l&rsquo;interpr\u00e9tation, \u00e0 part Allah. Mais ceux qui sont bien enracin\u00e9s dans la science disent: \u00abNous y croyons : tout est de la part de notre Seigneur !\u00bb Mais, seuls les dou\u00e9s d&rsquo;intelligence s&rsquo;en rappellent.\u00a0\u00bb Sourate 3 (\u00c2li Ilr\u00e2n), v. 7.[\/quote_box_center]<br \/>\nAllah AWJ proclame aussi :<br \/>\n[quote_box_center]\u00a0\u00bb&#8230;Demandez donc aux \u00e9rudits du Livre, si vous ne savez pas.\u00a0\u00bb<br \/>\nSourate 21 (Al Anbiy\u00e2&rsquo;), v. 7.[\/quote_box_center]<br \/>\nCes organisations se basent assez souvent sur des r\u00e9cits parlant des signes avant-coureurs de la fin du monde pour esquisser un sc\u00e9nario futuriste dans lequel elles s&rsquo;attribuent le r\u00f4le des sauveurs de l&rsquo;Islam et de l&rsquo;Humanit\u00e9.<br \/>\nElles vivent ainsi dans un monde imaginaire parall\u00e8le qui convoite les esprits fragiles.<\/p>\n<p>Ces r\u00e9cits sont pour certains, class\u00e9s comme faibles par les sp\u00e9cialistes des Sciences du Hadith. Pour d&rsquo;autres, ces r\u00e9cits sont tr\u00e8s loin de la r\u00e9alit\u00e9 actuelle du Monde.<\/p>\n<p>Concernant la caract\u00e9risation de ces groupuscules, on ne peut qu\u2019\u00eatre interpell\u00e9 par un r\u00e9cit qui, bien que sa cha\u00eene de transmission soit faible, donne une description r\u00e9v\u00e9latrice de la r\u00e9alit\u00e9 de ces imposteurs.<\/p>\n<p>Al H\u00e2fidh Na&rsquo;\u00eem Ibnou Hamm\u00e2d, un des ma\u00eetres d&rsquo;Alboukh\u00e2r\u00ee, rapporte que \u00b4Al\u00ee Ibn Ab\u00ee T\u00e2lib dit :<br \/>\n[quote_box_center]\u00a0\u00bbQuand vous verrez des drapeaux noirs, ne bougez pas de votre place, ne d\u00e9placez pas vos mains ni vos pieds. Apr\u00e8s, appara\u00eetra une communaut\u00e9 d&rsquo;immatures, \u00e0 qui on n&rsquo;accorde aucune importance. Leurs c\u0153urs sont comme des morceaux de m\u00e9tal. Ils se pr\u00e9sentent comme les repr\u00e9sentants de l&rsquo;Etat. Ils n&rsquo;acceptent ni discussion ni alliance. Ils appellent \u00e0 la v\u00e9rit\u00e9, mais ne sont pas eux-m\u00eames des gens de v\u00e9rit\u00e9. Leurs pr\u00e9noms sont des pr\u00e9noms d&#8217;emprunt et leur noms se rapportent \u00e0 des villages (ou des villes). Leurs cheveux sont longs et l\u00e2ch\u00e9s comme ceux des femmes. Ils sont proches les uns des autres, jusqu&rsquo;au moment o\u00f9 na\u00eetra des conflits internes parmi eux. Ensuite, Allah donnera la v\u00e9rit\u00e9 \u00e0 qui Il voudra\u00a0\u00bb.<br \/>\n\u0639\u064e\u0646\u0652 \u0639\u064e\u0644\u0650\u064a\u0651\u0650 \u0628\u0652\u0646\u0650 \u0623\u064e\u0628\u0650\u064a \u0637\u064e\u0627\u0644\u0650\u0628\u064d \u0631\u064e\u0636\u0650\u064a\u064e \u0627\u0644\u0644\u0651\u064e\u0647\u064f \u0639\u064e\u0646\u0652\u0647\u064f \u060c \u0642\u064e\u0627\u0644\u064e :<br \/>\n\u00a0\u00bb \u0625\u0650\u0630\u064e\u0627 \u0631\u064e\u0623\u064e\u064a\u0652\u062a\u064f\u0645\u064f \u0627\u0644\u0631\u0651\u064e\u0627\u064a\u064e\u0627\u062a\u0650 \u0627\u0644\u0633\u0651\u064f\u0648\u062f\u064e \u0641\u064e\u0627\u0644\u0652\u0632\u064e\u0645\u064f\u0648\u0627 \u0627\u0644\u0623\u064e\u0631\u0652\u0636\u064e \u0641\u064e\u0644\u0627 \u062a\u064f\u062d\u064e\u0631\u0651\u0650\u0643\u064f\u0648\u0627 \u0623\u064e\u064a\u0652\u062f\u0650\u064a\u064e\u0643\u064f\u0645\u0652 \u060c \u0648\u064e\u0644\u0627 \u0623\u064e\u0631\u0652\u062c\u064f\u0644\u064e\u0643\u064f\u0645\u0652 \u060c \u062b\u064f\u0645\u0651\u064e \u064a\u064e\u0638\u0652\u0647\u064e\u0631\u064f \u0642\u064e\u0648\u0652\u0645\u064c \u0636\u064f\u0639\u064e\u0641\u064e\u0627\u0621\u064f \u0644\u0627 \u064a\u064f\u0624\u0652\u0628\u064e\u0647\u064f \u0644\u064e\u0647\u064f\u0645\u0652 \u060c \u0642\u064f\u0644\u064f\u0648\u0628\u064f\u0647\u064f\u0645\u0652 \u0643\u064e\u0632\u064f\u0628\u064e\u0631\u0650 \u0627\u0644\u0652\u062d\u064e\u062f\u0650\u064a\u062f\u0650 \u060c \u0647\u064f\u0645\u0652 \u0623\u064e\u0635\u0652\u062d\u064e\u0627\u0628\u064f \u0627\u0644\u062f\u0651\u064e\u0648\u0652\u0644\u064e\u0629\u0650 \u060c \u0644\u0627 \u064a\u064e\u0641\u064f\u0648\u0646\u064e \u0628\u0650\u0639\u064e\u0647\u0652\u062f\u064d \u0648\u064e\u0644\u0627 \u0645\u0650\u064a\u062b\u064e\u0627\u0642\u064d \u060c \u064a\u064e\u062f\u0652\u0639\u064f\u0648\u0646\u064e \u0625\u0650\u0644\u064e\u0649 \u0627\u0644\u0652\u062d\u064e\u0642\u0651\u0650 \u0648\u064e\u0644\u064e\u064a\u0652\u0633\u064f\u0648\u0627 \u0645\u0650\u0646\u0652 \u0623\u064e\u0647\u0652\u0644\u0650\u0647\u0650 \u060c \u0623\u064e\u0633\u0652\u0645\u064e\u0627\u0624\u064f\u0647\u064f\u0645\u064f \u0627\u0644\u0652\u0643\u064f\u0646\u064e\u0649 \u060c \u0648\u064e\u0646\u0650\u0633\u0652\u0628\u064e\u062a\u064f\u0647\u064f\u0645\u064f \u0627\u0644\u0652\u0642\u064f\u0631\u064e\u0649 \u060c \u0648\u064e\u0634\u064f\u0639\u064f\u0648\u0631\u064f\u0647\u064f\u0645\u0652 \u0645\u064f\u0631\u0652\u062e\u064e\u0627\u0629\u064c \u0643\u064e\u0634\u064f\u0639\u064f\u0648\u0631\u0650 \u0627\u0644\u0646\u0651\u0650\u0633\u064e\u0627\u0621\u0650 \u060c \u062d\u064e\u062a\u0651\u064e\u0649 \u064a\u064e\u062e\u0652\u062a\u064e\u0644\u0650\u0641\u064f\u0648\u0627 \u0641\u0650\u064a\u0645\u064e\u0627 \u0628\u064e\u064a\u0652\u0646\u064e\u0647\u064f\u0645\u0652 \u060c \u062b\u064f\u0645\u0651\u064e \u064a\u064f\u0624\u0652\u062a\u0650\u064a \u0627\u0644\u0644\u0651\u064e\u0647\u064f \u0627\u0644\u0652\u062d\u064e\u0642\u0651\u064e \u0645\u064e\u0646\u0652 \u064a\u064e\u0634\u064e\u0627\u0621\u064f \u00ab\u00a0[\/quote_box_center]<\/p>\n<p>Les Savants (Oul\u00e9ma) musulmans sont unanimes pour dire que le Jihad se d\u00e9cline en plusieurs cat\u00e9gories dont les plus notables sont :<br \/>\n&#8211; Le Jihad contre soi-m\u00eame \u00e0 travers l\u2019\u00e9ducation, l\u2019\u00e9puration de l\u2019\u00e2me.<\/p>\n<p>&#8211; Le Jihad par la pens\u00e9e \u00e0 travers l\u2019effort intellectuel de mani\u00e8re \u00e0 servir les int\u00e9r\u00eats de l\u2019humanit\u00e9.<\/p>\n<p>&#8211; Le Jihad par l\u2019\u00e9criture, \u00e0 travers la publication d\u2019ouvrages utiles, la r\u00e9alisation d\u2019articles \u00e9clairants et contrant les fausses accusations \u00e0 l\u2019encontre de l\u2019Islam et des musulmans.<\/p>\n<p>&#8211; Le Jihad par l\u2019argent, \u00e0 travers la d\u00e9pense g\u00e9n\u00e9reuse en faveur du bien et la contribution au d\u00e9veloppement socio-\u00e9conomique.<\/p>\n<p>L\u2019Islam n\u2019autorise le Jihad par les armes qu\u2019en cas d\u2019extr\u00eame n\u00e9cessit\u00e9, en cas de l\u00e9gitime d\u00e9fense lorsque les musulmans sont attaqu\u00e9s par leurs ennemis et que toutes les voies pacifiques \u00e9chouent.<br \/>\nl&rsquo;Islam accorde une place consid\u00e9rable \u00e0 la sacralit\u00e9 de la vie :<br \/>\nLes Versets coraniques et les H\u00e2d\u00eeth authentiques sont sans \u00e9quivoque quant au bannissement de tout acte qui attente \u00e0 la vie des innocents.<\/p>\n<p>Allah AWJ dit :<br \/>\n[quote_box_center]\u00a0\u00bb&#8230;quiconque tuerait une personne non coupable d&rsquo;un meurtre ou d&rsquo;une corruption sur la terre, c&rsquo;est comme s&rsquo;il avait tu\u00e9 tous les hommes. \u00a0\u00bb<br \/>\nSourate 5 (Al M\u00e2idah), v. 32.[\/quote_box_center]<br \/>\nIl ne suffit pas \u00e0 une personne de se proclamer \u00ab moudjahid \u00bb pour qu&rsquo;elle le soit.<\/p>\n<p>Il ne suffit-il \u00e0 un groupuscule de se d\u00e9clarer \u00ab \u00e9tat islamique \u00bb pour qu&rsquo;il le soit.<br \/>\nAppel Solennel :<br \/>\n&#8211; Nous, Musulmans de France, r\u00e9affirmons notre rejet cat\u00e9gorique et sans ambigu\u00eft\u00e9 de toute forme de violence ou de terrorisme qui sont la n\u00e9gation m\u00eame des valeurs de paix et de fraternit\u00e9 que porte l\u2019Islam.<\/p>\n<p>&#8211; Nous, Musulmans de France, sommes des citoyens fran\u00e7ais \u00e0 part enti\u00e8re, faisant partie int\u00e9grante de la Nation, et solidaires de l\u2019ensemble de la communaut\u00e9 nationale.<\/p>\n<p>&#8211; Nous, Musulmans de France, proclamons notre attachement ind\u00e9fectible au pacte r\u00e9publicain qui nous unis tous.<\/p>\n<p>&#8211; Nous, Musulmans de France, proclamons notre adh\u00e9sion totale aux valeurs de la R\u00e9publique.<\/p>\n<p>Les Musulmans de France \u00e9l\u00e8vent leurs Pri\u00e8res vers Dieu, le Tr\u00e8s Cl\u00e9ment et le Tr\u00e8s Mis\u00e9ricordieux, pour qu\u2019Il pr\u00e9serve et qu\u2019Il b\u00e9nisse la France !<\/p>\n<p>Les Musulmans de France formulent tous leurs V\u0153ux de Paix, de S\u00e9curit\u00e9 et de Prosp\u00e9rit\u00e9 pour leur Patrie, la France.<\/p>\n<p>AMINE.<\/p>\n","protected":false},"excerpt":{"rendered":"<p>Document &#8211; Les musulmans de France d\u00e9noncent le terrorisme et les  imposteurs<\/p>\n","protected":false},"author":3222,"featured_media":316374,"comment_status":"open","ping_status":"closed","sticky":false,"template":"","format":"standard","meta":{"footnotes":""},"categories":[2598],"tags":[2600],"class_list":["post-183750","post","type-post","status-publish","format-standard","has-post-thumbnail","hentry","category-international","tag-guerre"],"yoast_head":"<!-- This site is optimized with the Yoast SEO Premium plugin v27.5 (Yoast SEO v27.5) - https:\/\/yoast.com\/product\/yoast-seo-premium-wordpress\/ -->\n<title>Document - Les musulmans de France d\u00e9noncent le terrorisme et les imposteurs<\/title>\n<meta name=\"description\" content=\"Document - Les musulmans de France d\u00e9noncent le terrorisme et les imposteurs\" \/>\n<link rel=\"canonical\" href=\"https:\/\/www.webdo.tn\/fr\/actualite\/international\/document-les-musulmans-de-france-denoncent-le-terrorisme-et-les-imposteurs\/183750\/\" \/>\n<meta property=\"og:locale\" content=\"fr_FR\" \/>\n<meta property=\"og:type\" content=\"article\" \/>\n<meta property=\"og:title\" content=\"Document - Les musulmans de France d\u00e9noncent le terrorisme et les &quot;imposteurs&quot;\" \/>\n<meta property=\"og:description\" content=\"Document - Les musulmans de France d\u00e9noncent le terrorisme et les imposteurs\" \/>\n<meta property=\"og:url\" content=\"https:\/\/www.webdo.tn\/fr\/actualite\/international\/document-les-musulmans-de-france-denoncent-le-terrorisme-et-les-imposteurs\/183750\/\" \/>\n<meta property=\"og:site_name\" content=\"webdo\" \/>\n<meta property=\"article:publisher\" content=\"https:\/\/www.facebook.com\/webdotn\" \/>\n<meta property=\"article:published_time\" content=\"2015-11-23T09:24:00+00:00\" \/>\n<meta property=\"article:modified_time\" content=\"2025-05-18T21:58:47+00:00\" \/>\n<meta property=\"og:image\" content=\"https:\/\/www.webdo.tn\/fr\/wp-content\/uploads\/2015\/11\/CFCM-300x200-1.jpg\" \/>\n\t<meta property=\"og:image:width\" content=\"300\" \/>\n\t<meta property=\"og:image:height\" content=\"200\" \/>\n\t<meta property=\"og:image:type\" content=\"image\/jpeg\" \/>\n<meta name=\"author\" content=\"webdo.tn\" \/>\n<meta name=\"twitter:card\" content=\"summary_large_image\" \/>\n<meta name=\"twitter:creator\" content=\"@webdo_tn\" \/>\n<meta name=\"twitter:site\" content=\"@webdo_tn\" \/>\n<meta name=\"twitter:label1\" content=\"\u00c9crit par\" \/>\n\t<meta name=\"twitter:data1\" content=\"webdo.tn\" \/>\n\t<meta name=\"twitter:label2\" content=\"Dur\u00e9e de lecture estim\u00e9e\" \/>\n\t<meta name=\"twitter:data2\" content=\"8 minutes\" \/>\n<script type=\"application\/ld+json\" class=\"yoast-schema-graph\">{\"@context\":\"https:\\\/\\\/schema.org\",\"@graph\":[{\"@type\":\"NewsArticle\",\"@id\":\"https:\\\/\\\/www.webdo.tn\\\/fr\\\/actualite\\\/international\\\/document-les-musulmans-de-france-denoncent-le-terrorisme-et-les-imposteurs\\\/183750\\\/#article\",\"isPartOf\":{\"@id\":\"https:\\\/\\\/www.webdo.tn\\\/fr\\\/actualite\\\/international\\\/document-les-musulmans-de-france-denoncent-le-terrorisme-et-les-imposteurs\\\/183750\\\/\"},\"author\":{\"name\":\"webdo.tn\",\"@id\":\"https:\\\/\\\/www.webdo.tn\\\/fr\\\/#\\\/schema\\\/person\\\/9a9c6118d687c117df8ef3cc36a4d175\"},\"headline\":\"Document &#8211; Les musulmans de France d\u00e9noncent le terrorisme et les \u00ab\u00a0imposteurs\u00a0\u00bb\",\"datePublished\":\"2015-11-23T09:24:00+00:00\",\"dateModified\":\"2025-05-18T21:58:47+00:00\",\"mainEntityOfPage\":{\"@id\":\"https:\\\/\\\/www.webdo.tn\\\/fr\\\/actualite\\\/international\\\/document-les-musulmans-de-france-denoncent-le-terrorisme-et-les-imposteurs\\\/183750\\\/\"},\"wordCount\":1627,\"commentCount\":0,\"publisher\":{\"@id\":\"https:\\\/\\\/www.webdo.tn\\\/fr\\\/#organization\"},\"image\":{\"@id\":\"https:\\\/\\\/www.webdo.tn\\\/fr\\\/actualite\\\/international\\\/document-les-musulmans-de-france-denoncent-le-terrorisme-et-les-imposteurs\\\/183750\\\/#primaryimage\"},\"thumbnailUrl\":\"https:\\\/\\\/www.webdo.tn\\\/fr\\\/wp-content\\\/uploads\\\/2015\\\/11\\\/CFCM-300x200-1.jpg\",\"keywords\":[\"guerre\"],\"articleSection\":[\"International\"],\"inLanguage\":\"fr-FR\"},{\"@type\":\"WebPage\",\"@id\":\"https:\\\/\\\/www.webdo.tn\\\/fr\\\/actualite\\\/international\\\/document-les-musulmans-de-france-denoncent-le-terrorisme-et-les-imposteurs\\\/183750\\\/\",\"url\":\"https:\\\/\\\/www.webdo.tn\\\/fr\\\/actualite\\\/international\\\/document-les-musulmans-de-france-denoncent-le-terrorisme-et-les-imposteurs\\\/183750\\\/\",\"name\":\"Document - Les musulmans de France d\u00e9noncent le terrorisme et les imposteurs\",\"isPartOf\":{\"@id\":\"https:\\\/\\\/www.webdo.tn\\\/fr\\\/#website\"},\"primaryImageOfPage\":{\"@id\":\"https:\\\/\\\/www.webdo.tn\\\/fr\\\/actualite\\\/international\\\/document-les-musulmans-de-france-denoncent-le-terrorisme-et-les-imposteurs\\\/183750\\\/#primaryimage\"},\"image\":{\"@id\":\"https:\\\/\\\/www.webdo.tn\\\/fr\\\/actualite\\\/international\\\/document-les-musulmans-de-france-denoncent-le-terrorisme-et-les-imposteurs\\\/183750\\\/#primaryimage\"},\"thumbnailUrl\":\"https:\\\/\\\/www.webdo.tn\\\/fr\\\/wp-content\\\/uploads\\\/2015\\\/11\\\/CFCM-300x200-1.jpg\",\"datePublished\":\"2015-11-23T09:24:00+00:00\",\"dateModified\":\"2025-05-18T21:58:47+00:00\",\"description\":\"Document - Les musulmans de France d\u00e9noncent le terrorisme et les imposteurs\",\"breadcrumb\":{\"@id\":\"https:\\\/\\\/www.webdo.tn\\\/fr\\\/actualite\\\/international\\\/document-les-musulmans-de-france-denoncent-le-terrorisme-et-les-imposteurs\\\/183750\\\/#breadcrumb\"},\"inLanguage\":\"fr-FR\",\"potentialAction\":[{\"@type\":\"ReadAction\",\"target\":[\"https:\\\/\\\/www.webdo.tn\\\/fr\\\/actualite\\\/international\\\/document-les-musulmans-de-france-denoncent-le-terrorisme-et-les-imposteurs\\\/183750\\\/\"]}]},{\"@type\":\"ImageObject\",\"inLanguage\":\"fr-FR\",\"@id\":\"https:\\\/\\\/www.webdo.tn\\\/fr\\\/actualite\\\/international\\\/document-les-musulmans-de-france-denoncent-le-terrorisme-et-les-imposteurs\\\/183750\\\/#primaryimage\",\"url\":\"https:\\\/\\\/www.webdo.tn\\\/fr\\\/wp-content\\\/uploads\\\/2015\\\/11\\\/CFCM-300x200-1.jpg\",\"contentUrl\":\"https:\\\/\\\/www.webdo.tn\\\/fr\\\/wp-content\\\/uploads\\\/2015\\\/11\\\/CFCM-300x200-1.jpg\",\"width\":300,\"height\":200,\"caption\":\"Document - Les musulmans de France d\u00e9noncent le terrorisme et les \\\"imposteurs\\\"\"},{\"@type\":\"BreadcrumbList\",\"@id\":\"https:\\\/\\\/www.webdo.tn\\\/fr\\\/actualite\\\/international\\\/document-les-musulmans-de-france-denoncent-le-terrorisme-et-les-imposteurs\\\/183750\\\/#breadcrumb\",\"itemListElement\":[{\"@type\":\"ListItem\",\"position\":1,\"name\":\"Accueil\",\"item\":\"https:\\\/\\\/www.webdo.tn\\\/fr\\\/\"},{\"@type\":\"ListItem\",\"position\":2,\"name\":\"Document &#8211; Les musulmans de France d\u00e9noncent le terrorisme et les \u00ab\u00a0imposteurs\u00a0\u00bb\"}]},{\"@type\":\"WebSite\",\"@id\":\"https:\\\/\\\/www.webdo.tn\\\/fr\\\/#website\",\"url\":\"https:\\\/\\\/www.webdo.tn\\\/fr\\\/\",\"name\":\"webdo\",\"description\":\"Tunisie - News en Tunisie et \u00e0 l&#039;international sur Webdo.tn\",\"publisher\":{\"@id\":\"https:\\\/\\\/www.webdo.tn\\\/fr\\\/#organization\"},\"potentialAction\":[{\"@type\":\"SearchAction\",\"target\":{\"@type\":\"EntryPoint\",\"urlTemplate\":\"https:\\\/\\\/www.webdo.tn\\\/fr\\\/?s={search_term_string}\"},\"query-input\":{\"@type\":\"PropertyValueSpecification\",\"valueRequired\":true,\"valueName\":\"search_term_string\"}}],\"inLanguage\":\"fr-FR\"},{\"@type\":\"Organization\",\"@id\":\"https:\\\/\\\/www.webdo.tn\\\/fr\\\/#organization\",\"name\":\"Webdo\",\"alternateName\":\"Webdo.tn\",\"url\":\"https:\\\/\\\/www.webdo.tn\\\/fr\\\/\",\"logo\":{\"@type\":\"ImageObject\",\"inLanguage\":\"fr-FR\",\"@id\":\"https:\\\/\\\/www.webdo.tn\\\/fr\\\/#\\\/schema\\\/logo\\\/image\\\/\",\"url\":\"https:\\\/\\\/www.webdo.tn\\\/fr\\\/wp-content\\\/uploads\\\/2025\\\/06\\\/Webdo-Tunisie_168377.jpg\",\"contentUrl\":\"https:\\\/\\\/www.webdo.tn\\\/fr\\\/wp-content\\\/uploads\\\/2025\\\/06\\\/Webdo-Tunisie_168377.jpg\",\"width\":301,\"height\":301,\"caption\":\"Webdo\"},\"image\":{\"@id\":\"https:\\\/\\\/www.webdo.tn\\\/fr\\\/#\\\/schema\\\/logo\\\/image\\\/\"},\"sameAs\":[\"https:\\\/\\\/www.facebook.com\\\/webdotn\",\"https:\\\/\\\/x.com\\\/webdo_tn\"],\"description\":\"Webdo est un m\u00e9dia num\u00e9rique tunisien fond\u00e9 en 2010, sp\u00e9cialis\u00e9 dans l\u2019actualit\u00e9 nationale et internationale, l\u2019\u00e9conomie, la soci\u00e9t\u00e9 et les analyses politiques. Le site s\u2019adresse \u00e0 un large public francophone et couvre l\u2019information tunisienne en temps r\u00e9el.\",\"email\":\"redac@webdo.tn\",\"legalName\":\"YNJ SARL\",\"foundingDate\":\"2010-09-06\",\"numberOfEmployees\":{\"@type\":\"QuantitativeValue\",\"minValue\":\"11\",\"maxValue\":\"50\"}},{\"@type\":\"Person\",\"@id\":\"https:\\\/\\\/www.webdo.tn\\\/fr\\\/#\\\/schema\\\/person\\\/9a9c6118d687c117df8ef3cc36a4d175\",\"name\":\"webdo.tn\",\"image\":{\"@type\":\"ImageObject\",\"inLanguage\":\"fr-FR\",\"@id\":\"https:\\\/\\\/secure.gravatar.com\\\/avatar\\\/7ce1f28c0c3bbac99ff550b85ef8e44a6950c6ee24514fb6a5489e51d06f0298?s=96&d=mm&r=g\",\"url\":\"https:\\\/\\\/secure.gravatar.com\\\/avatar\\\/7ce1f28c0c3bbac99ff550b85ef8e44a6950c6ee24514fb6a5489e51d06f0298?s=96&d=mm&r=g\",\"contentUrl\":\"https:\\\/\\\/secure.gravatar.com\\\/avatar\\\/7ce1f28c0c3bbac99ff550b85ef8e44a6950c6ee24514fb6a5489e51d06f0298?s=96&d=mm&r=g\",\"caption\":\"webdo.tn\"},\"url\":\"https:\\\/\\\/www.webdo.tn\\\/fr\\\/actualite\\\/author\\\/webdotn\\\/\"}]}<\/script>\n<!-- \/ Yoast SEO Premium plugin. -->","yoast_head_json":{"title":"Document - Les musulmans de France d\u00e9noncent le terrorisme et les imposteurs","description":"Document - Les musulmans de France d\u00e9noncent le terrorisme et les imposteurs","canonical":"https:\/\/www.webdo.tn\/fr\/actualite\/international\/document-les-musulmans-de-france-denoncent-le-terrorisme-et-les-imposteurs\/183750\/","og_locale":"fr_FR","og_type":"article","og_title":"Document - Les musulmans de France d\u00e9noncent le terrorisme et les \"imposteurs\"","og_description":"Document - Les musulmans de France d\u00e9noncent le terrorisme et les imposteurs","og_url":"https:\/\/www.webdo.tn\/fr\/actualite\/international\/document-les-musulmans-de-france-denoncent-le-terrorisme-et-les-imposteurs\/183750\/","og_site_name":"webdo","article_publisher":"https:\/\/www.facebook.com\/webdotn","article_published_time":"2015-11-23T09:24:00+00:00","article_modified_time":"2025-05-18T21:58:47+00:00","og_image":[{"width":300,"height":200,"url":"https:\/\/www.webdo.tn\/fr\/wp-content\/uploads\/2015\/11\/CFCM-300x200-1.jpg","type":"image\/jpeg"}],"author":"webdo.tn","twitter_card":"summary_large_image","twitter_creator":"@webdo_tn","twitter_site":"@webdo_tn","twitter_misc":{"\u00c9crit par":"webdo.tn","Dur\u00e9e de lecture estim\u00e9e":"8 minutes"},"schema":{"@context":"https:\/\/schema.org","@graph":[{"@type":"NewsArticle","@id":"https:\/\/www.webdo.tn\/fr\/actualite\/international\/document-les-musulmans-de-france-denoncent-le-terrorisme-et-les-imposteurs\/183750\/#article","isPartOf":{"@id":"https:\/\/www.webdo.tn\/fr\/actualite\/international\/document-les-musulmans-de-france-denoncent-le-terrorisme-et-les-imposteurs\/183750\/"},"author":{"name":"webdo.tn","@id":"https:\/\/www.webdo.tn\/fr\/#\/schema\/person\/9a9c6118d687c117df8ef3cc36a4d175"},"headline":"Document &#8211; Les musulmans de France d\u00e9noncent le terrorisme et les \u00ab\u00a0imposteurs\u00a0\u00bb","datePublished":"2015-11-23T09:24:00+00:00","dateModified":"2025-05-18T21:58:47+00:00","mainEntityOfPage":{"@id":"https:\/\/www.webdo.tn\/fr\/actualite\/international\/document-les-musulmans-de-france-denoncent-le-terrorisme-et-les-imposteurs\/183750\/"},"wordCount":1627,"commentCount":0,"publisher":{"@id":"https:\/\/www.webdo.tn\/fr\/#organization"},"image":{"@id":"https:\/\/www.webdo.tn\/fr\/actualite\/international\/document-les-musulmans-de-france-denoncent-le-terrorisme-et-les-imposteurs\/183750\/#primaryimage"},"thumbnailUrl":"https:\/\/www.webdo.tn\/fr\/wp-content\/uploads\/2015\/11\/CFCM-300x200-1.jpg","keywords":["guerre"],"articleSection":["International"],"inLanguage":"fr-FR"},{"@type":"WebPage","@id":"https:\/\/www.webdo.tn\/fr\/actualite\/international\/document-les-musulmans-de-france-denoncent-le-terrorisme-et-les-imposteurs\/183750\/","url":"https:\/\/www.webdo.tn\/fr\/actualite\/international\/document-les-musulmans-de-france-denoncent-le-terrorisme-et-les-imposteurs\/183750\/","name":"Document - Les musulmans de France d\u00e9noncent le terrorisme et les imposteurs","isPartOf":{"@id":"https:\/\/www.webdo.tn\/fr\/#website"},"primaryImageOfPage":{"@id":"https:\/\/www.webdo.tn\/fr\/actualite\/international\/document-les-musulmans-de-france-denoncent-le-terrorisme-et-les-imposteurs\/183750\/#primaryimage"},"image":{"@id":"https:\/\/www.webdo.tn\/fr\/actualite\/international\/document-les-musulmans-de-france-denoncent-le-terrorisme-et-les-imposteurs\/183750\/#primaryimage"},"thumbnailUrl":"https:\/\/www.webdo.tn\/fr\/wp-content\/uploads\/2015\/11\/CFCM-300x200-1.jpg","datePublished":"2015-11-23T09:24:00+00:00","dateModified":"2025-05-18T21:58:47+00:00","description":"Document - Les musulmans de France d\u00e9noncent le terrorisme et les imposteurs","breadcrumb":{"@id":"https:\/\/www.webdo.tn\/fr\/actualite\/international\/document-les-musulmans-de-france-denoncent-le-terrorisme-et-les-imposteurs\/183750\/#breadcrumb"},"inLanguage":"fr-FR","potentialAction":[{"@type":"ReadAction","target":["https:\/\/www.webdo.tn\/fr\/actualite\/international\/document-les-musulmans-de-france-denoncent-le-terrorisme-et-les-imposteurs\/183750\/"]}]},{"@type":"ImageObject","inLanguage":"fr-FR","@id":"https:\/\/www.webdo.tn\/fr\/actualite\/international\/document-les-musulmans-de-france-denoncent-le-terrorisme-et-les-imposteurs\/183750\/#primaryimage","url":"https:\/\/www.webdo.tn\/fr\/wp-content\/uploads\/2015\/11\/CFCM-300x200-1.jpg","contentUrl":"https:\/\/www.webdo.tn\/fr\/wp-content\/uploads\/2015\/11\/CFCM-300x200-1.jpg","width":300,"height":200,"caption":"Document - Les musulmans de France d\u00e9noncent le terrorisme et les \"imposteurs\""},{"@type":"BreadcrumbList","@id":"https:\/\/www.webdo.tn\/fr\/actualite\/international\/document-les-musulmans-de-france-denoncent-le-terrorisme-et-les-imposteurs\/183750\/#breadcrumb","itemListElement":[{"@type":"ListItem","position":1,"name":"Accueil","item":"https:\/\/www.webdo.tn\/fr\/"},{"@type":"ListItem","position":2,"name":"Document &#8211; Les musulmans de France d\u00e9noncent le terrorisme et les \u00ab\u00a0imposteurs\u00a0\u00bb"}]},{"@type":"WebSite","@id":"https:\/\/www.webdo.tn\/fr\/#website","url":"https:\/\/www.webdo.tn\/fr\/","name":"webdo","description":"Tunisie - News en Tunisie et \u00e0 l&#039;international sur Webdo.tn","publisher":{"@id":"https:\/\/www.webdo.tn\/fr\/#organization"},"potentialAction":[{"@type":"SearchAction","target":{"@type":"EntryPoint","urlTemplate":"https:\/\/www.webdo.tn\/fr\/?s={search_term_string}"},"query-input":{"@type":"PropertyValueSpecification","valueRequired":true,"valueName":"search_term_string"}}],"inLanguage":"fr-FR"},{"@type":"Organization","@id":"https:\/\/www.webdo.tn\/fr\/#organization","name":"Webdo","alternateName":"Webdo.tn","url":"https:\/\/www.webdo.tn\/fr\/","logo":{"@type":"ImageObject","inLanguage":"fr-FR","@id":"https:\/\/www.webdo.tn\/fr\/#\/schema\/logo\/image\/","url":"https:\/\/www.webdo.tn\/fr\/wp-content\/uploads\/2025\/06\/Webdo-Tunisie_168377.jpg","contentUrl":"https:\/\/www.webdo.tn\/fr\/wp-content\/uploads\/2025\/06\/Webdo-Tunisie_168377.jpg","width":301,"height":301,"caption":"Webdo"},"image":{"@id":"https:\/\/www.webdo.tn\/fr\/#\/schema\/logo\/image\/"},"sameAs":["https:\/\/www.facebook.com\/webdotn","https:\/\/x.com\/webdo_tn"],"description":"Webdo est un m\u00e9dia num\u00e9rique tunisien fond\u00e9 en 2010, sp\u00e9cialis\u00e9 dans l\u2019actualit\u00e9 nationale et internationale, l\u2019\u00e9conomie, la soci\u00e9t\u00e9 et les analyses politiques. Le site s\u2019adresse \u00e0 un large public francophone et couvre l\u2019information tunisienne en temps r\u00e9el.","email":"redac@webdo.tn","legalName":"YNJ SARL","foundingDate":"2010-09-06","numberOfEmployees":{"@type":"QuantitativeValue","minValue":"11","maxValue":"50"}},{"@type":"Person","@id":"https:\/\/www.webdo.tn\/fr\/#\/schema\/person\/9a9c6118d687c117df8ef3cc36a4d175","name":"webdo.tn","image":{"@type":"ImageObject","inLanguage":"fr-FR","@id":"https:\/\/secure.gravatar.com\/avatar\/7ce1f28c0c3bbac99ff550b85ef8e44a6950c6ee24514fb6a5489e51d06f0298?s=96&d=mm&r=g","url":"https:\/\/secure.gravatar.com\/avatar\/7ce1f28c0c3bbac99ff550b85ef8e44a6950c6ee24514fb6a5489e51d06f0298?s=96&d=mm&r=g","contentUrl":"https:\/\/secure.gravatar.com\/avatar\/7ce1f28c0c3bbac99ff550b85ef8e44a6950c6ee24514fb6a5489e51d06f0298?s=96&d=mm&r=g","caption":"webdo.tn"},"url":"https:\/\/www.webdo.tn\/fr\/actualite\/author\/webdotn\/"}]}},"_links":{"self":[{"href":"https:\/\/www.webdo.tn\/fr\/wp-json\/wp\/v2\/posts\/183750","targetHints":{"allow":["GET"]}}],"collection":[{"href":"https:\/\/www.webdo.tn\/fr\/wp-json\/wp\/v2\/posts"}],"about":[{"href":"https:\/\/www.webdo.tn\/fr\/wp-json\/wp\/v2\/types\/post"}],"author":[{"embeddable":true,"href":"https:\/\/www.webdo.tn\/fr\/wp-json\/wp\/v2\/users\/3222"}],"replies":[{"embeddable":true,"href":"https:\/\/www.webdo.tn\/fr\/wp-json\/wp\/v2\/comments?post=183750"}],"version-history":[{"count":0,"href":"https:\/\/www.webdo.tn\/fr\/wp-json\/wp\/v2\/posts\/183750\/revisions"}],"wp:featuredmedia":[{"embeddable":true,"href":"https:\/\/www.webdo.tn\/fr\/wp-json\/wp\/v2\/media\/316374"}],"wp:attachment":[{"href":"https:\/\/www.webdo.tn\/fr\/wp-json\/wp\/v2\/media?parent=183750"}],"wp:term":[{"taxonomy":"category","embeddable":true,"href":"https:\/\/www.webdo.tn\/fr\/wp-json\/wp\/v2\/categories?post=183750"},{"taxonomy":"post_tag","embeddable":true,"href":"https:\/\/www.webdo.tn\/fr\/wp-json\/wp\/v2\/tags?post=183750"}],"curies":[{"name":"wp","href":"https:\/\/api.w.org\/{rel}","templated":true}]}}