{"id":183746,"date":"2015-11-23T20:23:00","date_gmt":"2015-11-23T20:23:00","guid":{"rendered":"https:\/\/www.webdo.tn\/fr\/blog\/empeches-dembarquer-sur-un-vol-parce-quils-parlaient-arabe\/183746\/"},"modified":"2025-05-18T21:58:36","modified_gmt":"2025-05-18T21:58:36","slug":"empeches-dembarquer-sur-un-vol-parce-quils-parlaient-arabe","status":"publish","type":"post","link":"https:\/\/www.webdo.tn\/fr\/actualite\/international\/empeches-dembarquer-sur-un-vol-parce-quils-parlaient-arabe\/183746\/","title":{"rendered":"Emp\u00each\u00e9s d&#8217;embarquer sur un vol parce qu&rsquo;ils parlaient arabe"},"content":{"rendered":"<p>Maher Khalil, 29 ans et Anas Ayyad, 28 ans discutaient tranquillement en embarquant dans l&rsquo;avion qui qui devait les emmener de Chicago \u00e0 Philadelphie, le 18 novembre dernier.<\/p>\n<p>D&rsquo;origine palestinienne, ils parlaient en Arabe. Rien de tr\u00e8s \u00e9trange en somme, \u00e0 part que cela arrivait quelques jours apr\u00e8s les attentats \u00e0 Paris qui ont fait 129 morts.<\/p>\n<p>Un passager pris de panique, a d\u00e9clar\u00e9 qu&rsquo;ils ne pouvaient pas monter \u00e0 bord de l&rsquo;avion, parce que s&rsquo;ils parlaient Arabe, c&rsquo;est qu&rsquo;ils \u00e9taient forc\u00e9ment\u00a0terroristes.<\/p>\n<p>Pour arranger le tout, Maher transportait un petit paquet blanc qui soudain est devenu tr\u00e8s suspect.<\/p>\n<p>Tr\u00e8s volontiers, il accepta d&rsquo;ouvrir le dangereux colis qui contenait &#8230; des Baklawa!<\/p>\n<p>Les deux hommes ont \u00e9t\u00e9 emp\u00each\u00e9s d\u2019embarquer pendant 20\u00a0minutes et ont du se justifier simplement\u00a0pour avoir discut\u00e9 dans leur langue maternelle. Ils n&rsquo;ont pu embarquer qu&rsquo;apr\u00e8s avoir appel\u00e9 la police qui les a fait monter \u00e0 bord.<\/p>\n<p>Pas rancuniers pour un sou, selon le Daily Mail, ils ont m\u00eame partag\u00e9 leurs petits g\u00e2teaux avec les autres passagers.<br \/>\nS.B<\/p>\n","protected":false},"excerpt":{"rendered":"<p>Emp\u00each\u00e9s d&#8217;embarquer sur un vol parce qu&rsquo;ils parlaient arabe<\/p>\n","protected":false},"author":3222,"featured_media":316344,"comment_status":"open","ping_status":"closed","sticky":false,"template":"","format":"standard","meta":{"footnotes":""},"categories":[2598],"tags":[2600],"class_list":["post-183746","post","type-post","status-publish","format-standard","has-post-thumbnail","hentry","category-international","tag-guerre"],"yoast_head":"<!-- This site is optimized with the Yoast SEO Premium plugin v27.5 (Yoast SEO v27.5) - https:\/\/yoast.com\/product\/yoast-seo-premium-wordpress\/ -->\n<title>Emp\u00each\u00e9s d&#039;embarquer sur un vol parce qu&#039;ils parlaient arabe<\/title>\n<meta name=\"description\" content=\"Emp\u00each\u00e9s d&#039;embarquer sur un vol parce qu&#039;ils parlaient arabe\" \/>\n<link rel=\"canonical\" href=\"https:\/\/www.webdo.tn\/fr\/actualite\/international\/empeches-dembarquer-sur-un-vol-parce-quils-parlaient-arabe\/183746\/\" \/>\n<meta property=\"og:locale\" content=\"fr_FR\" \/>\n<meta property=\"og:type\" content=\"article\" \/>\n<meta property=\"og:title\" content=\"Emp\u00each\u00e9s d&#039;embarquer sur un vol parce qu&#039;ils parlaient arabe\" \/>\n<meta property=\"og:description\" content=\"Emp\u00each\u00e9s d&#039;embarquer sur un vol parce qu&#039;ils parlaient arabe\" \/>\n<meta property=\"og:url\" content=\"https:\/\/www.webdo.tn\/fr\/actualite\/international\/empeches-dembarquer-sur-un-vol-parce-quils-parlaient-arabe\/183746\/\" \/>\n<meta property=\"og:site_name\" content=\"webdo\" \/>\n<meta property=\"article:publisher\" content=\"https:\/\/www.facebook.com\/webdotn\" \/>\n<meta property=\"article:published_time\" content=\"2015-11-23T20:23:00+00:00\" \/>\n<meta property=\"article:modified_time\" content=\"2025-05-18T21:58:36+00:00\" \/>\n<meta property=\"og:image\" content=\"https:\/\/www.webdo.tn\/fr\/wp-content\/uploads\/2015\/11\/chicago-AIRPORT-300x199-1.jpg\" \/>\n\t<meta property=\"og:image:width\" content=\"300\" \/>\n\t<meta property=\"og:image:height\" content=\"199\" \/>\n\t<meta property=\"og:image:type\" content=\"image\/jpeg\" \/>\n<meta name=\"author\" content=\"webdo.tn\" \/>\n<meta name=\"twitter:card\" content=\"summary_large_image\" \/>\n<meta name=\"twitter:creator\" content=\"@webdo_tn\" \/>\n<meta name=\"twitter:site\" content=\"@webdo_tn\" \/>\n<meta name=\"twitter:label1\" content=\"\u00c9crit par\" \/>\n\t<meta name=\"twitter:data1\" content=\"webdo.tn\" \/>\n\t<meta name=\"twitter:label2\" content=\"Dur\u00e9e de lecture estim\u00e9e\" \/>\n\t<meta name=\"twitter:data2\" content=\"1 minute\" \/>\n<script type=\"application\/ld+json\" class=\"yoast-schema-graph\">{\"@context\":\"https:\\\/\\\/schema.org\",\"@graph\":[{\"@type\":\"NewsArticle\",\"@id\":\"https:\\\/\\\/www.webdo.tn\\\/fr\\\/actualite\\\/international\\\/empeches-dembarquer-sur-un-vol-parce-quils-parlaient-arabe\\\/183746\\\/#article\",\"isPartOf\":{\"@id\":\"https:\\\/\\\/www.webdo.tn\\\/fr\\\/actualite\\\/international\\\/empeches-dembarquer-sur-un-vol-parce-quils-parlaient-arabe\\\/183746\\\/\"},\"author\":{\"name\":\"webdo.tn\",\"@id\":\"https:\\\/\\\/www.webdo.tn\\\/fr\\\/#\\\/schema\\\/person\\\/9a9c6118d687c117df8ef3cc36a4d175\"},\"headline\":\"Emp\u00each\u00e9s d&#8217;embarquer sur un vol parce qu&rsquo;ils parlaient arabe\",\"datePublished\":\"2015-11-23T20:23:00+00:00\",\"dateModified\":\"2025-05-18T21:58:36+00:00\",\"mainEntityOfPage\":{\"@id\":\"https:\\\/\\\/www.webdo.tn\\\/fr\\\/actualite\\\/international\\\/empeches-dembarquer-sur-un-vol-parce-quils-parlaient-arabe\\\/183746\\\/\"},\"wordCount\":197,\"commentCount\":0,\"publisher\":{\"@id\":\"https:\\\/\\\/www.webdo.tn\\\/fr\\\/#organization\"},\"image\":{\"@id\":\"https:\\\/\\\/www.webdo.tn\\\/fr\\\/actualite\\\/international\\\/empeches-dembarquer-sur-un-vol-parce-quils-parlaient-arabe\\\/183746\\\/#primaryimage\"},\"thumbnailUrl\":\"https:\\\/\\\/www.webdo.tn\\\/fr\\\/wp-content\\\/uploads\\\/2015\\\/11\\\/chicago-AIRPORT-300x199-1.jpg\",\"keywords\":[\"guerre\"],\"articleSection\":[\"International\"],\"inLanguage\":\"fr-FR\"},{\"@type\":\"WebPage\",\"@id\":\"https:\\\/\\\/www.webdo.tn\\\/fr\\\/actualite\\\/international\\\/empeches-dembarquer-sur-un-vol-parce-quils-parlaient-arabe\\\/183746\\\/\",\"url\":\"https:\\\/\\\/www.webdo.tn\\\/fr\\\/actualite\\\/international\\\/empeches-dembarquer-sur-un-vol-parce-quils-parlaient-arabe\\\/183746\\\/\",\"name\":\"Emp\u00each\u00e9s d'embarquer sur un vol parce qu'ils parlaient arabe\",\"isPartOf\":{\"@id\":\"https:\\\/\\\/www.webdo.tn\\\/fr\\\/#website\"},\"primaryImageOfPage\":{\"@id\":\"https:\\\/\\\/www.webdo.tn\\\/fr\\\/actualite\\\/international\\\/empeches-dembarquer-sur-un-vol-parce-quils-parlaient-arabe\\\/183746\\\/#primaryimage\"},\"image\":{\"@id\":\"https:\\\/\\\/www.webdo.tn\\\/fr\\\/actualite\\\/international\\\/empeches-dembarquer-sur-un-vol-parce-quils-parlaient-arabe\\\/183746\\\/#primaryimage\"},\"thumbnailUrl\":\"https:\\\/\\\/www.webdo.tn\\\/fr\\\/wp-content\\\/uploads\\\/2015\\\/11\\\/chicago-AIRPORT-300x199-1.jpg\",\"datePublished\":\"2015-11-23T20:23:00+00:00\",\"dateModified\":\"2025-05-18T21:58:36+00:00\",\"description\":\"Emp\u00each\u00e9s d'embarquer sur un vol parce qu'ils parlaient arabe\",\"breadcrumb\":{\"@id\":\"https:\\\/\\\/www.webdo.tn\\\/fr\\\/actualite\\\/international\\\/empeches-dembarquer-sur-un-vol-parce-quils-parlaient-arabe\\\/183746\\\/#breadcrumb\"},\"inLanguage\":\"fr-FR\",\"potentialAction\":[{\"@type\":\"ReadAction\",\"target\":[\"https:\\\/\\\/www.webdo.tn\\\/fr\\\/actualite\\\/international\\\/empeches-dembarquer-sur-un-vol-parce-quils-parlaient-arabe\\\/183746\\\/\"]}]},{\"@type\":\"ImageObject\",\"inLanguage\":\"fr-FR\",\"@id\":\"https:\\\/\\\/www.webdo.tn\\\/fr\\\/actualite\\\/international\\\/empeches-dembarquer-sur-un-vol-parce-quils-parlaient-arabe\\\/183746\\\/#primaryimage\",\"url\":\"https:\\\/\\\/www.webdo.tn\\\/fr\\\/wp-content\\\/uploads\\\/2015\\\/11\\\/chicago-AIRPORT-300x199-1.jpg\",\"contentUrl\":\"https:\\\/\\\/www.webdo.tn\\\/fr\\\/wp-content\\\/uploads\\\/2015\\\/11\\\/chicago-AIRPORT-300x199-1.jpg\",\"width\":300,\"height\":199,\"caption\":\"Emp\u00each\u00e9s d'embarquer sur un vol parce qu'ils parlaient arabe\"},{\"@type\":\"BreadcrumbList\",\"@id\":\"https:\\\/\\\/www.webdo.tn\\\/fr\\\/actualite\\\/international\\\/empeches-dembarquer-sur-un-vol-parce-quils-parlaient-arabe\\\/183746\\\/#breadcrumb\",\"itemListElement\":[{\"@type\":\"ListItem\",\"position\":1,\"name\":\"Accueil\",\"item\":\"https:\\\/\\\/www.webdo.tn\\\/fr\\\/\"},{\"@type\":\"ListItem\",\"position\":2,\"name\":\"Emp\u00each\u00e9s d&#8217;embarquer sur un vol parce qu&rsquo;ils parlaient arabe\"}]},{\"@type\":\"WebSite\",\"@id\":\"https:\\\/\\\/www.webdo.tn\\\/fr\\\/#website\",\"url\":\"https:\\\/\\\/www.webdo.tn\\\/fr\\\/\",\"name\":\"webdo\",\"description\":\"Tunisie - News en Tunisie et \u00e0 l&#039;international sur Webdo.tn\",\"publisher\":{\"@id\":\"https:\\\/\\\/www.webdo.tn\\\/fr\\\/#organization\"},\"potentialAction\":[{\"@type\":\"SearchAction\",\"target\":{\"@type\":\"EntryPoint\",\"urlTemplate\":\"https:\\\/\\\/www.webdo.tn\\\/fr\\\/?s={search_term_string}\"},\"query-input\":{\"@type\":\"PropertyValueSpecification\",\"valueRequired\":true,\"valueName\":\"search_term_string\"}}],\"inLanguage\":\"fr-FR\"},{\"@type\":\"Organization\",\"@id\":\"https:\\\/\\\/www.webdo.tn\\\/fr\\\/#organization\",\"name\":\"Webdo\",\"alternateName\":\"Webdo.tn\",\"url\":\"https:\\\/\\\/www.webdo.tn\\\/fr\\\/\",\"logo\":{\"@type\":\"ImageObject\",\"inLanguage\":\"fr-FR\",\"@id\":\"https:\\\/\\\/www.webdo.tn\\\/fr\\\/#\\\/schema\\\/logo\\\/image\\\/\",\"url\":\"https:\\\/\\\/www.webdo.tn\\\/fr\\\/wp-content\\\/uploads\\\/2025\\\/06\\\/Webdo-Tunisie_168377.jpg\",\"contentUrl\":\"https:\\\/\\\/www.webdo.tn\\\/fr\\\/wp-content\\\/uploads\\\/2025\\\/06\\\/Webdo-Tunisie_168377.jpg\",\"width\":301,\"height\":301,\"caption\":\"Webdo\"},\"image\":{\"@id\":\"https:\\\/\\\/www.webdo.tn\\\/fr\\\/#\\\/schema\\\/logo\\\/image\\\/\"},\"sameAs\":[\"https:\\\/\\\/www.facebook.com\\\/webdotn\",\"https:\\\/\\\/x.com\\\/webdo_tn\"],\"description\":\"Webdo est un m\u00e9dia num\u00e9rique tunisien fond\u00e9 en 2010, sp\u00e9cialis\u00e9 dans l\u2019actualit\u00e9 nationale et internationale, l\u2019\u00e9conomie, la soci\u00e9t\u00e9 et les analyses politiques. Le site s\u2019adresse \u00e0 un large public francophone et couvre l\u2019information tunisienne en temps r\u00e9el.\",\"email\":\"redac@webdo.tn\",\"legalName\":\"YNJ SARL\",\"foundingDate\":\"2010-09-06\",\"numberOfEmployees\":{\"@type\":\"QuantitativeValue\",\"minValue\":\"11\",\"maxValue\":\"50\"}},{\"@type\":\"Person\",\"@id\":\"https:\\\/\\\/www.webdo.tn\\\/fr\\\/#\\\/schema\\\/person\\\/9a9c6118d687c117df8ef3cc36a4d175\",\"name\":\"webdo.tn\",\"image\":{\"@type\":\"ImageObject\",\"inLanguage\":\"fr-FR\",\"@id\":\"https:\\\/\\\/secure.gravatar.com\\\/avatar\\\/7ce1f28c0c3bbac99ff550b85ef8e44a6950c6ee24514fb6a5489e51d06f0298?s=96&d=mm&r=g\",\"url\":\"https:\\\/\\\/secure.gravatar.com\\\/avatar\\\/7ce1f28c0c3bbac99ff550b85ef8e44a6950c6ee24514fb6a5489e51d06f0298?s=96&d=mm&r=g\",\"contentUrl\":\"https:\\\/\\\/secure.gravatar.com\\\/avatar\\\/7ce1f28c0c3bbac99ff550b85ef8e44a6950c6ee24514fb6a5489e51d06f0298?s=96&d=mm&r=g\",\"caption\":\"webdo.tn\"},\"url\":\"https:\\\/\\\/www.webdo.tn\\\/fr\\\/actualite\\\/author\\\/webdotn\\\/\"}]}<\/script>\n<!-- \/ Yoast SEO Premium plugin. -->","yoast_head_json":{"title":"Emp\u00each\u00e9s d'embarquer sur un vol parce qu'ils parlaient arabe","description":"Emp\u00each\u00e9s d'embarquer sur un vol parce qu'ils parlaient arabe","canonical":"https:\/\/www.webdo.tn\/fr\/actualite\/international\/empeches-dembarquer-sur-un-vol-parce-quils-parlaient-arabe\/183746\/","og_locale":"fr_FR","og_type":"article","og_title":"Emp\u00each\u00e9s d'embarquer sur un vol parce qu'ils parlaient arabe","og_description":"Emp\u00each\u00e9s d'embarquer sur un vol parce qu'ils parlaient arabe","og_url":"https:\/\/www.webdo.tn\/fr\/actualite\/international\/empeches-dembarquer-sur-un-vol-parce-quils-parlaient-arabe\/183746\/","og_site_name":"webdo","article_publisher":"https:\/\/www.facebook.com\/webdotn","article_published_time":"2015-11-23T20:23:00+00:00","article_modified_time":"2025-05-18T21:58:36+00:00","og_image":[{"width":300,"height":199,"url":"https:\/\/www.webdo.tn\/fr\/wp-content\/uploads\/2015\/11\/chicago-AIRPORT-300x199-1.jpg","type":"image\/jpeg"}],"author":"webdo.tn","twitter_card":"summary_large_image","twitter_creator":"@webdo_tn","twitter_site":"@webdo_tn","twitter_misc":{"\u00c9crit par":"webdo.tn","Dur\u00e9e de lecture estim\u00e9e":"1 minute"},"schema":{"@context":"https:\/\/schema.org","@graph":[{"@type":"NewsArticle","@id":"https:\/\/www.webdo.tn\/fr\/actualite\/international\/empeches-dembarquer-sur-un-vol-parce-quils-parlaient-arabe\/183746\/#article","isPartOf":{"@id":"https:\/\/www.webdo.tn\/fr\/actualite\/international\/empeches-dembarquer-sur-un-vol-parce-quils-parlaient-arabe\/183746\/"},"author":{"name":"webdo.tn","@id":"https:\/\/www.webdo.tn\/fr\/#\/schema\/person\/9a9c6118d687c117df8ef3cc36a4d175"},"headline":"Emp\u00each\u00e9s d&#8217;embarquer sur un vol parce qu&rsquo;ils parlaient arabe","datePublished":"2015-11-23T20:23:00+00:00","dateModified":"2025-05-18T21:58:36+00:00","mainEntityOfPage":{"@id":"https:\/\/www.webdo.tn\/fr\/actualite\/international\/empeches-dembarquer-sur-un-vol-parce-quils-parlaient-arabe\/183746\/"},"wordCount":197,"commentCount":0,"publisher":{"@id":"https:\/\/www.webdo.tn\/fr\/#organization"},"image":{"@id":"https:\/\/www.webdo.tn\/fr\/actualite\/international\/empeches-dembarquer-sur-un-vol-parce-quils-parlaient-arabe\/183746\/#primaryimage"},"thumbnailUrl":"https:\/\/www.webdo.tn\/fr\/wp-content\/uploads\/2015\/11\/chicago-AIRPORT-300x199-1.jpg","keywords":["guerre"],"articleSection":["International"],"inLanguage":"fr-FR"},{"@type":"WebPage","@id":"https:\/\/www.webdo.tn\/fr\/actualite\/international\/empeches-dembarquer-sur-un-vol-parce-quils-parlaient-arabe\/183746\/","url":"https:\/\/www.webdo.tn\/fr\/actualite\/international\/empeches-dembarquer-sur-un-vol-parce-quils-parlaient-arabe\/183746\/","name":"Emp\u00each\u00e9s d'embarquer sur un vol parce qu'ils parlaient arabe","isPartOf":{"@id":"https:\/\/www.webdo.tn\/fr\/#website"},"primaryImageOfPage":{"@id":"https:\/\/www.webdo.tn\/fr\/actualite\/international\/empeches-dembarquer-sur-un-vol-parce-quils-parlaient-arabe\/183746\/#primaryimage"},"image":{"@id":"https:\/\/www.webdo.tn\/fr\/actualite\/international\/empeches-dembarquer-sur-un-vol-parce-quils-parlaient-arabe\/183746\/#primaryimage"},"thumbnailUrl":"https:\/\/www.webdo.tn\/fr\/wp-content\/uploads\/2015\/11\/chicago-AIRPORT-300x199-1.jpg","datePublished":"2015-11-23T20:23:00+00:00","dateModified":"2025-05-18T21:58:36+00:00","description":"Emp\u00each\u00e9s d'embarquer sur un vol parce qu'ils parlaient arabe","breadcrumb":{"@id":"https:\/\/www.webdo.tn\/fr\/actualite\/international\/empeches-dembarquer-sur-un-vol-parce-quils-parlaient-arabe\/183746\/#breadcrumb"},"inLanguage":"fr-FR","potentialAction":[{"@type":"ReadAction","target":["https:\/\/www.webdo.tn\/fr\/actualite\/international\/empeches-dembarquer-sur-un-vol-parce-quils-parlaient-arabe\/183746\/"]}]},{"@type":"ImageObject","inLanguage":"fr-FR","@id":"https:\/\/www.webdo.tn\/fr\/actualite\/international\/empeches-dembarquer-sur-un-vol-parce-quils-parlaient-arabe\/183746\/#primaryimage","url":"https:\/\/www.webdo.tn\/fr\/wp-content\/uploads\/2015\/11\/chicago-AIRPORT-300x199-1.jpg","contentUrl":"https:\/\/www.webdo.tn\/fr\/wp-content\/uploads\/2015\/11\/chicago-AIRPORT-300x199-1.jpg","width":300,"height":199,"caption":"Emp\u00each\u00e9s d'embarquer sur un vol parce qu'ils parlaient arabe"},{"@type":"BreadcrumbList","@id":"https:\/\/www.webdo.tn\/fr\/actualite\/international\/empeches-dembarquer-sur-un-vol-parce-quils-parlaient-arabe\/183746\/#breadcrumb","itemListElement":[{"@type":"ListItem","position":1,"name":"Accueil","item":"https:\/\/www.webdo.tn\/fr\/"},{"@type":"ListItem","position":2,"name":"Emp\u00each\u00e9s d&#8217;embarquer sur un vol parce qu&rsquo;ils parlaient arabe"}]},{"@type":"WebSite","@id":"https:\/\/www.webdo.tn\/fr\/#website","url":"https:\/\/www.webdo.tn\/fr\/","name":"webdo","description":"Tunisie - News en Tunisie et \u00e0 l&#039;international sur Webdo.tn","publisher":{"@id":"https:\/\/www.webdo.tn\/fr\/#organization"},"potentialAction":[{"@type":"SearchAction","target":{"@type":"EntryPoint","urlTemplate":"https:\/\/www.webdo.tn\/fr\/?s={search_term_string}"},"query-input":{"@type":"PropertyValueSpecification","valueRequired":true,"valueName":"search_term_string"}}],"inLanguage":"fr-FR"},{"@type":"Organization","@id":"https:\/\/www.webdo.tn\/fr\/#organization","name":"Webdo","alternateName":"Webdo.tn","url":"https:\/\/www.webdo.tn\/fr\/","logo":{"@type":"ImageObject","inLanguage":"fr-FR","@id":"https:\/\/www.webdo.tn\/fr\/#\/schema\/logo\/image\/","url":"https:\/\/www.webdo.tn\/fr\/wp-content\/uploads\/2025\/06\/Webdo-Tunisie_168377.jpg","contentUrl":"https:\/\/www.webdo.tn\/fr\/wp-content\/uploads\/2025\/06\/Webdo-Tunisie_168377.jpg","width":301,"height":301,"caption":"Webdo"},"image":{"@id":"https:\/\/www.webdo.tn\/fr\/#\/schema\/logo\/image\/"},"sameAs":["https:\/\/www.facebook.com\/webdotn","https:\/\/x.com\/webdo_tn"],"description":"Webdo est un m\u00e9dia num\u00e9rique tunisien fond\u00e9 en 2010, sp\u00e9cialis\u00e9 dans l\u2019actualit\u00e9 nationale et internationale, l\u2019\u00e9conomie, la soci\u00e9t\u00e9 et les analyses politiques. Le site s\u2019adresse \u00e0 un large public francophone et couvre l\u2019information tunisienne en temps r\u00e9el.","email":"redac@webdo.tn","legalName":"YNJ SARL","foundingDate":"2010-09-06","numberOfEmployees":{"@type":"QuantitativeValue","minValue":"11","maxValue":"50"}},{"@type":"Person","@id":"https:\/\/www.webdo.tn\/fr\/#\/schema\/person\/9a9c6118d687c117df8ef3cc36a4d175","name":"webdo.tn","image":{"@type":"ImageObject","inLanguage":"fr-FR","@id":"https:\/\/secure.gravatar.com\/avatar\/7ce1f28c0c3bbac99ff550b85ef8e44a6950c6ee24514fb6a5489e51d06f0298?s=96&d=mm&r=g","url":"https:\/\/secure.gravatar.com\/avatar\/7ce1f28c0c3bbac99ff550b85ef8e44a6950c6ee24514fb6a5489e51d06f0298?s=96&d=mm&r=g","contentUrl":"https:\/\/secure.gravatar.com\/avatar\/7ce1f28c0c3bbac99ff550b85ef8e44a6950c6ee24514fb6a5489e51d06f0298?s=96&d=mm&r=g","caption":"webdo.tn"},"url":"https:\/\/www.webdo.tn\/fr\/actualite\/author\/webdotn\/"}]}},"_links":{"self":[{"href":"https:\/\/www.webdo.tn\/fr\/wp-json\/wp\/v2\/posts\/183746","targetHints":{"allow":["GET"]}}],"collection":[{"href":"https:\/\/www.webdo.tn\/fr\/wp-json\/wp\/v2\/posts"}],"about":[{"href":"https:\/\/www.webdo.tn\/fr\/wp-json\/wp\/v2\/types\/post"}],"author":[{"embeddable":true,"href":"https:\/\/www.webdo.tn\/fr\/wp-json\/wp\/v2\/users\/3222"}],"replies":[{"embeddable":true,"href":"https:\/\/www.webdo.tn\/fr\/wp-json\/wp\/v2\/comments?post=183746"}],"version-history":[{"count":0,"href":"https:\/\/www.webdo.tn\/fr\/wp-json\/wp\/v2\/posts\/183746\/revisions"}],"wp:featuredmedia":[{"embeddable":true,"href":"https:\/\/www.webdo.tn\/fr\/wp-json\/wp\/v2\/media\/316344"}],"wp:attachment":[{"href":"https:\/\/www.webdo.tn\/fr\/wp-json\/wp\/v2\/media?parent=183746"}],"wp:term":[{"taxonomy":"category","embeddable":true,"href":"https:\/\/www.webdo.tn\/fr\/wp-json\/wp\/v2\/categories?post=183746"},{"taxonomy":"post_tag","embeddable":true,"href":"https:\/\/www.webdo.tn\/fr\/wp-json\/wp\/v2\/tags?post=183746"}],"curies":[{"name":"wp","href":"https:\/\/api.w.org\/{rel}","templated":true}]}}