{"id":183745,"date":"2015-11-24T09:47:00","date_gmt":"2015-11-24T09:47:00","guid":{"rendered":"https:\/\/www.webdo.tn\/fr\/blog\/abou-houdeifa-le-sulfureux-imam-radical-qui-scandalise-la-france\/183745\/"},"modified":"2025-05-18T21:58:37","modified_gmt":"2025-05-18T21:58:37","slug":"abou-houdeifa-le-sulfureux-imam-radical-qui-scandalise-la-france","status":"publish","type":"post","link":"https:\/\/www.webdo.tn\/fr\/actualite\/international\/abou-houdeifa-le-sulfureux-imam-radical-qui-scandalise-la-france\/183745\/","title":{"rendered":"Abou Houdeifa, le sulfureux imam radical qui scandalise la France"},"content":{"rendered":"<p>Paris &#8211; Apr\u00e8s les attentats du 13 novembre, le minist\u00e8re de l&rsquo;Int\u00e9rieur fran\u00e7ais \u00e9tudie les modalit\u00e9s d&rsquo;expulsion de certains imams radicaux d\u00e9sormais point\u00e9s du doigt.<\/p>\n<p>Pourtant, dans plusieurs cas, ces imams sont fran\u00e7ais et, m\u00eame si la sonnette d&rsquo;alarme a souvent \u00e9t\u00e9 tir\u00e9e \u00e0 leur propos, il semble que les pouvoirs publics ne pourront pas faire grand chose \u00e0 leur encontre.<\/p>\n<p>Rachid Abou Houdeifa est l&rsquo;un de ces imams aussi sulfureux que radicaux qui donnent du fil \u00e0 retordre \u00e0 la France.<br \/>\n\u00ab\u00a0Ecouter la musique est interdit et vous transformera en singe\u00a0\u00bb<br \/>\nImam de la mosqu\u00e9e \u00ab\u00a0Sunna\u00a0\u00bb \u00e0 Brest, Abou Houdeifa est consid\u00e9r\u00e9 comme fondamentaliste, susceptible de pouvoir flirter avec les jihadistes. D&rsquo;ailleurs, dimanche dernier, son domicile et aussi la mosqu\u00e9e de Brest ont \u00e9t\u00e9 perquisitionn\u00e9s, sans cons\u00e9quence.<\/p>\n<p>L&rsquo;imam vis\u00e9 a ensuite publi\u00e9 un communiqu\u00e9 apaisant \u00e0 propos de ce contr\u00f4le mal per\u00e7u par une partie des fid\u00e8les de cette mosqu\u00e9e \u00ab\u00a0Sunna\u00a0\u00bb.<\/p>\n<p>Tr\u00e8s pr\u00e9sent sur le web, aussi bien sur Facebook que Twitter ou You Tube, Abou Houdeifa a \u00e9t\u00e9 rattrap\u00e9 par une vid\u00e9o post\u00e9e en septembre dernier, dans laquelle, s&rsquo;adressant \u00e0 des enfants, il proclamait qu&rsquo;\u00e9couter la musique \u00e9tait interdit et que ceux qui le feraient seraient engloutis par la terre puis transform\u00e9s en singes et en porcs dans l&rsquo;au-del\u00e0.<br \/>\nAbou Houdeifa dans le collimateur de l&rsquo;opinion<br \/>\nApr\u00e8s les attentats du 13 novembre, cette vid\u00e9o a de nouveau circul\u00e9, mettant cet imam dans le collimateur de l&rsquo;opinion publique. D&rsquo;ailleurs, en ce moment, une p\u00e9tition, probablement en vain, r\u00e9clame son expulsion.<br \/>\nCalmant le jeu, Abou Houdeifa a vite fait de d\u00e9noncer les attentats, stigmatisant des \u00ab\u00a0actes barbares d&rsquo;\u00e9gar\u00e9s qui ne repr\u00e9sentent pas l&rsquo;islam\u00a0\u00bb.<\/p>\n<p>Mais cela ne suffira pas&#8230; En effet, maintenant, on reproche \u00e0 cet imam ses propos sur le voile et ses attaques contre les femmes non voil\u00e9es alors que plus d&rsquo;une centaine de riverains de la mosqu\u00e9e viennent de fonder une association. Une autre mani\u00e8re de souligner que le ton monte entre les Brestois et les fid\u00e8les de cette mosqu\u00e9e.<br \/>\nLe ton monte pour d\u00e9noncer les imams radicaux<br \/>\nSur un autre plan, tout en rappelant qu&rsquo;il n&rsquo;y a pas eu de fermeture de mosqu\u00e9es en France depuis 15 ans, de nombreuses voix commencent \u00e0 s&rsquo;\u00e9lever pour d\u00e9noncer le radicalisme ostentatoire de certaines mosqu\u00e9es. De plus, les opposants musulmans \u00e0 cette lecture rigoriste de leur religion haussent \u00e0 leur tour le ton pour d\u00e9noncer les d\u00e9rives des imams sectaires et radicaux.<\/p>\n<p>Plusieurs questions se posent en ce sens : quels recours ont les musulmans de France pour d\u00e9noncer cet islam d\u00e9natur\u00e9 ? Que fait l&rsquo;Etat pour d\u00e9fendre les musulmans et leurs enfants qu&rsquo;on tente d&rsquo;endoctriner ? Que peut faire le Conseil fran\u00e7ais du culte musulman contre ces imams ?<\/p>\n<p>Pays de droit, la France voit ainsi naitre un examen critique des d\u00e9rives li\u00e9es \u00e0 l&rsquo;islam. Longtemps diff\u00e9r\u00e9, ce d\u00e9bat est plus que jamais une urgence absolue, afin d&rsquo;\u00e9viter ces amalgames que tout le monde redoute et mettre un terme \u00e0 ces lectures criminelles de l&rsquo;islam.<br \/>\nH.B.<\/p>\n","protected":false},"excerpt":{"rendered":"<p>Abou Houdeifa, le sulfureux imam radical qui scandalise la France<\/p>\n","protected":false},"author":3222,"featured_media":316346,"comment_status":"open","ping_status":"closed","sticky":false,"template":"","format":"standard","meta":{"footnotes":""},"categories":[2598],"tags":[2600],"class_list":["post-183745","post","type-post","status-publish","format-standard","has-post-thumbnail","hentry","category-international","tag-guerre"],"yoast_head":"<!-- This site is optimized with the Yoast SEO Premium plugin v27.5 (Yoast SEO v27.5) - https:\/\/yoast.com\/product\/yoast-seo-premium-wordpress\/ -->\n<title>Abou Houdeifa, le sulfureux imam radical qui scandalise la France<\/title>\n<meta name=\"description\" content=\"Abou Houdeifa, le sulfureux imam radical qui scandalise la France\" \/>\n<link rel=\"canonical\" href=\"https:\/\/www.webdo.tn\/fr\/actualite\/international\/abou-houdeifa-le-sulfureux-imam-radical-qui-scandalise-la-france\/183745\/\" \/>\n<meta property=\"og:locale\" content=\"fr_FR\" \/>\n<meta property=\"og:type\" content=\"article\" \/>\n<meta property=\"og:title\" content=\"Abou Houdeifa, le sulfureux imam radical qui scandalise la France\" \/>\n<meta property=\"og:description\" content=\"Abou Houdeifa, le sulfureux imam radical qui scandalise la France\" \/>\n<meta property=\"og:url\" content=\"https:\/\/www.webdo.tn\/fr\/actualite\/international\/abou-houdeifa-le-sulfureux-imam-radical-qui-scandalise-la-france\/183745\/\" \/>\n<meta property=\"og:site_name\" content=\"webdo\" \/>\n<meta property=\"article:publisher\" content=\"https:\/\/www.facebook.com\/webdotn\" \/>\n<meta property=\"article:published_time\" content=\"2015-11-24T09:47:00+00:00\" \/>\n<meta property=\"article:modified_time\" content=\"2025-05-18T21:58:37+00:00\" \/>\n<meta property=\"og:image\" content=\"https:\/\/www.webdo.tn\/fr\/wp-content\/uploads\/2015\/11\/webdo_default-5.jpg\" \/>\n\t<meta property=\"og:image:width\" content=\"800\" \/>\n\t<meta property=\"og:image:height\" content=\"500\" \/>\n\t<meta property=\"og:image:type\" content=\"image\/jpeg\" \/>\n<meta name=\"author\" content=\"webdo.tn\" \/>\n<meta name=\"twitter:card\" content=\"summary_large_image\" \/>\n<meta name=\"twitter:creator\" content=\"@webdo_tn\" \/>\n<meta name=\"twitter:site\" content=\"@webdo_tn\" \/>\n<meta name=\"twitter:label1\" content=\"\u00c9crit par\" \/>\n\t<meta name=\"twitter:data1\" content=\"webdo.tn\" \/>\n\t<meta name=\"twitter:label2\" content=\"Dur\u00e9e de lecture estim\u00e9e\" \/>\n\t<meta name=\"twitter:data2\" content=\"3 minutes\" \/>\n<script type=\"application\/ld+json\" class=\"yoast-schema-graph\">{\"@context\":\"https:\\\/\\\/schema.org\",\"@graph\":[{\"@type\":\"NewsArticle\",\"@id\":\"https:\\\/\\\/www.webdo.tn\\\/fr\\\/actualite\\\/international\\\/abou-houdeifa-le-sulfureux-imam-radical-qui-scandalise-la-france\\\/183745\\\/#article\",\"isPartOf\":{\"@id\":\"https:\\\/\\\/www.webdo.tn\\\/fr\\\/actualite\\\/international\\\/abou-houdeifa-le-sulfureux-imam-radical-qui-scandalise-la-france\\\/183745\\\/\"},\"author\":{\"name\":\"webdo.tn\",\"@id\":\"https:\\\/\\\/www.webdo.tn\\\/fr\\\/#\\\/schema\\\/person\\\/9a9c6118d687c117df8ef3cc36a4d175\"},\"headline\":\"Abou Houdeifa, le sulfureux imam radical qui scandalise la France\",\"datePublished\":\"2015-11-24T09:47:00+00:00\",\"dateModified\":\"2025-05-18T21:58:37+00:00\",\"mainEntityOfPage\":{\"@id\":\"https:\\\/\\\/www.webdo.tn\\\/fr\\\/actualite\\\/international\\\/abou-houdeifa-le-sulfureux-imam-radical-qui-scandalise-la-france\\\/183745\\\/\"},\"wordCount\":562,\"commentCount\":0,\"publisher\":{\"@id\":\"https:\\\/\\\/www.webdo.tn\\\/fr\\\/#organization\"},\"image\":{\"@id\":\"https:\\\/\\\/www.webdo.tn\\\/fr\\\/actualite\\\/international\\\/abou-houdeifa-le-sulfureux-imam-radical-qui-scandalise-la-france\\\/183745\\\/#primaryimage\"},\"thumbnailUrl\":\"https:\\\/\\\/www.webdo.tn\\\/fr\\\/wp-content\\\/uploads\\\/2015\\\/11\\\/webdo_default-5.jpg\",\"keywords\":[\"guerre\"],\"articleSection\":[\"International\"],\"inLanguage\":\"fr-FR\"},{\"@type\":\"WebPage\",\"@id\":\"https:\\\/\\\/www.webdo.tn\\\/fr\\\/actualite\\\/international\\\/abou-houdeifa-le-sulfureux-imam-radical-qui-scandalise-la-france\\\/183745\\\/\",\"url\":\"https:\\\/\\\/www.webdo.tn\\\/fr\\\/actualite\\\/international\\\/abou-houdeifa-le-sulfureux-imam-radical-qui-scandalise-la-france\\\/183745\\\/\",\"name\":\"Abou Houdeifa, le sulfureux imam radical qui scandalise la France\",\"isPartOf\":{\"@id\":\"https:\\\/\\\/www.webdo.tn\\\/fr\\\/#website\"},\"primaryImageOfPage\":{\"@id\":\"https:\\\/\\\/www.webdo.tn\\\/fr\\\/actualite\\\/international\\\/abou-houdeifa-le-sulfureux-imam-radical-qui-scandalise-la-france\\\/183745\\\/#primaryimage\"},\"image\":{\"@id\":\"https:\\\/\\\/www.webdo.tn\\\/fr\\\/actualite\\\/international\\\/abou-houdeifa-le-sulfureux-imam-radical-qui-scandalise-la-france\\\/183745\\\/#primaryimage\"},\"thumbnailUrl\":\"https:\\\/\\\/www.webdo.tn\\\/fr\\\/wp-content\\\/uploads\\\/2015\\\/11\\\/webdo_default-5.jpg\",\"datePublished\":\"2015-11-24T09:47:00+00:00\",\"dateModified\":\"2025-05-18T21:58:37+00:00\",\"description\":\"Abou Houdeifa, le sulfureux imam radical qui scandalise la France\",\"breadcrumb\":{\"@id\":\"https:\\\/\\\/www.webdo.tn\\\/fr\\\/actualite\\\/international\\\/abou-houdeifa-le-sulfureux-imam-radical-qui-scandalise-la-france\\\/183745\\\/#breadcrumb\"},\"inLanguage\":\"fr-FR\",\"potentialAction\":[{\"@type\":\"ReadAction\",\"target\":[\"https:\\\/\\\/www.webdo.tn\\\/fr\\\/actualite\\\/international\\\/abou-houdeifa-le-sulfureux-imam-radical-qui-scandalise-la-france\\\/183745\\\/\"]}]},{\"@type\":\"ImageObject\",\"inLanguage\":\"fr-FR\",\"@id\":\"https:\\\/\\\/www.webdo.tn\\\/fr\\\/actualite\\\/international\\\/abou-houdeifa-le-sulfureux-imam-radical-qui-scandalise-la-france\\\/183745\\\/#primaryimage\",\"url\":\"https:\\\/\\\/www.webdo.tn\\\/fr\\\/wp-content\\\/uploads\\\/2015\\\/11\\\/webdo_default-5.jpg\",\"contentUrl\":\"https:\\\/\\\/www.webdo.tn\\\/fr\\\/wp-content\\\/uploads\\\/2015\\\/11\\\/webdo_default-5.jpg\",\"width\":800,\"height\":500,\"caption\":\"Abou Houdeifa, le sulfureux imam radical qui scandalise la France\"},{\"@type\":\"BreadcrumbList\",\"@id\":\"https:\\\/\\\/www.webdo.tn\\\/fr\\\/actualite\\\/international\\\/abou-houdeifa-le-sulfureux-imam-radical-qui-scandalise-la-france\\\/183745\\\/#breadcrumb\",\"itemListElement\":[{\"@type\":\"ListItem\",\"position\":1,\"name\":\"Accueil\",\"item\":\"https:\\\/\\\/www.webdo.tn\\\/fr\\\/\"},{\"@type\":\"ListItem\",\"position\":2,\"name\":\"Abou Houdeifa, le sulfureux imam radical qui scandalise la France\"}]},{\"@type\":\"WebSite\",\"@id\":\"https:\\\/\\\/www.webdo.tn\\\/fr\\\/#website\",\"url\":\"https:\\\/\\\/www.webdo.tn\\\/fr\\\/\",\"name\":\"webdo\",\"description\":\"Tunisie - News en Tunisie et \u00e0 l&#039;international sur Webdo.tn\",\"publisher\":{\"@id\":\"https:\\\/\\\/www.webdo.tn\\\/fr\\\/#organization\"},\"potentialAction\":[{\"@type\":\"SearchAction\",\"target\":{\"@type\":\"EntryPoint\",\"urlTemplate\":\"https:\\\/\\\/www.webdo.tn\\\/fr\\\/?s={search_term_string}\"},\"query-input\":{\"@type\":\"PropertyValueSpecification\",\"valueRequired\":true,\"valueName\":\"search_term_string\"}}],\"inLanguage\":\"fr-FR\"},{\"@type\":\"Organization\",\"@id\":\"https:\\\/\\\/www.webdo.tn\\\/fr\\\/#organization\",\"name\":\"Webdo\",\"alternateName\":\"Webdo.tn\",\"url\":\"https:\\\/\\\/www.webdo.tn\\\/fr\\\/\",\"logo\":{\"@type\":\"ImageObject\",\"inLanguage\":\"fr-FR\",\"@id\":\"https:\\\/\\\/www.webdo.tn\\\/fr\\\/#\\\/schema\\\/logo\\\/image\\\/\",\"url\":\"https:\\\/\\\/www.webdo.tn\\\/fr\\\/wp-content\\\/uploads\\\/2025\\\/06\\\/Webdo-Tunisie_168377.jpg\",\"contentUrl\":\"https:\\\/\\\/www.webdo.tn\\\/fr\\\/wp-content\\\/uploads\\\/2025\\\/06\\\/Webdo-Tunisie_168377.jpg\",\"width\":301,\"height\":301,\"caption\":\"Webdo\"},\"image\":{\"@id\":\"https:\\\/\\\/www.webdo.tn\\\/fr\\\/#\\\/schema\\\/logo\\\/image\\\/\"},\"sameAs\":[\"https:\\\/\\\/www.facebook.com\\\/webdotn\",\"https:\\\/\\\/x.com\\\/webdo_tn\"],\"description\":\"Webdo est un m\u00e9dia num\u00e9rique tunisien fond\u00e9 en 2010, sp\u00e9cialis\u00e9 dans l\u2019actualit\u00e9 nationale et internationale, l\u2019\u00e9conomie, la soci\u00e9t\u00e9 et les analyses politiques. Le site s\u2019adresse \u00e0 un large public francophone et couvre l\u2019information tunisienne en temps r\u00e9el.\",\"email\":\"redac@webdo.tn\",\"legalName\":\"YNJ SARL\",\"foundingDate\":\"2010-09-06\",\"numberOfEmployees\":{\"@type\":\"QuantitativeValue\",\"minValue\":\"11\",\"maxValue\":\"50\"}},{\"@type\":\"Person\",\"@id\":\"https:\\\/\\\/www.webdo.tn\\\/fr\\\/#\\\/schema\\\/person\\\/9a9c6118d687c117df8ef3cc36a4d175\",\"name\":\"webdo.tn\",\"image\":{\"@type\":\"ImageObject\",\"inLanguage\":\"fr-FR\",\"@id\":\"https:\\\/\\\/secure.gravatar.com\\\/avatar\\\/7ce1f28c0c3bbac99ff550b85ef8e44a6950c6ee24514fb6a5489e51d06f0298?s=96&d=mm&r=g\",\"url\":\"https:\\\/\\\/secure.gravatar.com\\\/avatar\\\/7ce1f28c0c3bbac99ff550b85ef8e44a6950c6ee24514fb6a5489e51d06f0298?s=96&d=mm&r=g\",\"contentUrl\":\"https:\\\/\\\/secure.gravatar.com\\\/avatar\\\/7ce1f28c0c3bbac99ff550b85ef8e44a6950c6ee24514fb6a5489e51d06f0298?s=96&d=mm&r=g\",\"caption\":\"webdo.tn\"},\"url\":\"https:\\\/\\\/www.webdo.tn\\\/fr\\\/actualite\\\/author\\\/webdotn\\\/\"}]}<\/script>\n<!-- \/ Yoast SEO Premium plugin. -->","yoast_head_json":{"title":"Abou Houdeifa, le sulfureux imam radical qui scandalise la France","description":"Abou Houdeifa, le sulfureux imam radical qui scandalise la France","canonical":"https:\/\/www.webdo.tn\/fr\/actualite\/international\/abou-houdeifa-le-sulfureux-imam-radical-qui-scandalise-la-france\/183745\/","og_locale":"fr_FR","og_type":"article","og_title":"Abou Houdeifa, le sulfureux imam radical qui scandalise la France","og_description":"Abou Houdeifa, le sulfureux imam radical qui scandalise la France","og_url":"https:\/\/www.webdo.tn\/fr\/actualite\/international\/abou-houdeifa-le-sulfureux-imam-radical-qui-scandalise-la-france\/183745\/","og_site_name":"webdo","article_publisher":"https:\/\/www.facebook.com\/webdotn","article_published_time":"2015-11-24T09:47:00+00:00","article_modified_time":"2025-05-18T21:58:37+00:00","og_image":[{"width":800,"height":500,"url":"https:\/\/www.webdo.tn\/fr\/wp-content\/uploads\/2015\/11\/webdo_default-5.jpg","type":"image\/jpeg"}],"author":"webdo.tn","twitter_card":"summary_large_image","twitter_creator":"@webdo_tn","twitter_site":"@webdo_tn","twitter_misc":{"\u00c9crit par":"webdo.tn","Dur\u00e9e de lecture estim\u00e9e":"3 minutes"},"schema":{"@context":"https:\/\/schema.org","@graph":[{"@type":"NewsArticle","@id":"https:\/\/www.webdo.tn\/fr\/actualite\/international\/abou-houdeifa-le-sulfureux-imam-radical-qui-scandalise-la-france\/183745\/#article","isPartOf":{"@id":"https:\/\/www.webdo.tn\/fr\/actualite\/international\/abou-houdeifa-le-sulfureux-imam-radical-qui-scandalise-la-france\/183745\/"},"author":{"name":"webdo.tn","@id":"https:\/\/www.webdo.tn\/fr\/#\/schema\/person\/9a9c6118d687c117df8ef3cc36a4d175"},"headline":"Abou Houdeifa, le sulfureux imam radical qui scandalise la France","datePublished":"2015-11-24T09:47:00+00:00","dateModified":"2025-05-18T21:58:37+00:00","mainEntityOfPage":{"@id":"https:\/\/www.webdo.tn\/fr\/actualite\/international\/abou-houdeifa-le-sulfureux-imam-radical-qui-scandalise-la-france\/183745\/"},"wordCount":562,"commentCount":0,"publisher":{"@id":"https:\/\/www.webdo.tn\/fr\/#organization"},"image":{"@id":"https:\/\/www.webdo.tn\/fr\/actualite\/international\/abou-houdeifa-le-sulfureux-imam-radical-qui-scandalise-la-france\/183745\/#primaryimage"},"thumbnailUrl":"https:\/\/www.webdo.tn\/fr\/wp-content\/uploads\/2015\/11\/webdo_default-5.jpg","keywords":["guerre"],"articleSection":["International"],"inLanguage":"fr-FR"},{"@type":"WebPage","@id":"https:\/\/www.webdo.tn\/fr\/actualite\/international\/abou-houdeifa-le-sulfureux-imam-radical-qui-scandalise-la-france\/183745\/","url":"https:\/\/www.webdo.tn\/fr\/actualite\/international\/abou-houdeifa-le-sulfureux-imam-radical-qui-scandalise-la-france\/183745\/","name":"Abou Houdeifa, le sulfureux imam radical qui scandalise la France","isPartOf":{"@id":"https:\/\/www.webdo.tn\/fr\/#website"},"primaryImageOfPage":{"@id":"https:\/\/www.webdo.tn\/fr\/actualite\/international\/abou-houdeifa-le-sulfureux-imam-radical-qui-scandalise-la-france\/183745\/#primaryimage"},"image":{"@id":"https:\/\/www.webdo.tn\/fr\/actualite\/international\/abou-houdeifa-le-sulfureux-imam-radical-qui-scandalise-la-france\/183745\/#primaryimage"},"thumbnailUrl":"https:\/\/www.webdo.tn\/fr\/wp-content\/uploads\/2015\/11\/webdo_default-5.jpg","datePublished":"2015-11-24T09:47:00+00:00","dateModified":"2025-05-18T21:58:37+00:00","description":"Abou Houdeifa, le sulfureux imam radical qui scandalise la France","breadcrumb":{"@id":"https:\/\/www.webdo.tn\/fr\/actualite\/international\/abou-houdeifa-le-sulfureux-imam-radical-qui-scandalise-la-france\/183745\/#breadcrumb"},"inLanguage":"fr-FR","potentialAction":[{"@type":"ReadAction","target":["https:\/\/www.webdo.tn\/fr\/actualite\/international\/abou-houdeifa-le-sulfureux-imam-radical-qui-scandalise-la-france\/183745\/"]}]},{"@type":"ImageObject","inLanguage":"fr-FR","@id":"https:\/\/www.webdo.tn\/fr\/actualite\/international\/abou-houdeifa-le-sulfureux-imam-radical-qui-scandalise-la-france\/183745\/#primaryimage","url":"https:\/\/www.webdo.tn\/fr\/wp-content\/uploads\/2015\/11\/webdo_default-5.jpg","contentUrl":"https:\/\/www.webdo.tn\/fr\/wp-content\/uploads\/2015\/11\/webdo_default-5.jpg","width":800,"height":500,"caption":"Abou Houdeifa, le sulfureux imam radical qui scandalise la France"},{"@type":"BreadcrumbList","@id":"https:\/\/www.webdo.tn\/fr\/actualite\/international\/abou-houdeifa-le-sulfureux-imam-radical-qui-scandalise-la-france\/183745\/#breadcrumb","itemListElement":[{"@type":"ListItem","position":1,"name":"Accueil","item":"https:\/\/www.webdo.tn\/fr\/"},{"@type":"ListItem","position":2,"name":"Abou Houdeifa, le sulfureux imam radical qui scandalise la France"}]},{"@type":"WebSite","@id":"https:\/\/www.webdo.tn\/fr\/#website","url":"https:\/\/www.webdo.tn\/fr\/","name":"webdo","description":"Tunisie - News en Tunisie et \u00e0 l&#039;international sur Webdo.tn","publisher":{"@id":"https:\/\/www.webdo.tn\/fr\/#organization"},"potentialAction":[{"@type":"SearchAction","target":{"@type":"EntryPoint","urlTemplate":"https:\/\/www.webdo.tn\/fr\/?s={search_term_string}"},"query-input":{"@type":"PropertyValueSpecification","valueRequired":true,"valueName":"search_term_string"}}],"inLanguage":"fr-FR"},{"@type":"Organization","@id":"https:\/\/www.webdo.tn\/fr\/#organization","name":"Webdo","alternateName":"Webdo.tn","url":"https:\/\/www.webdo.tn\/fr\/","logo":{"@type":"ImageObject","inLanguage":"fr-FR","@id":"https:\/\/www.webdo.tn\/fr\/#\/schema\/logo\/image\/","url":"https:\/\/www.webdo.tn\/fr\/wp-content\/uploads\/2025\/06\/Webdo-Tunisie_168377.jpg","contentUrl":"https:\/\/www.webdo.tn\/fr\/wp-content\/uploads\/2025\/06\/Webdo-Tunisie_168377.jpg","width":301,"height":301,"caption":"Webdo"},"image":{"@id":"https:\/\/www.webdo.tn\/fr\/#\/schema\/logo\/image\/"},"sameAs":["https:\/\/www.facebook.com\/webdotn","https:\/\/x.com\/webdo_tn"],"description":"Webdo est un m\u00e9dia num\u00e9rique tunisien fond\u00e9 en 2010, sp\u00e9cialis\u00e9 dans l\u2019actualit\u00e9 nationale et internationale, l\u2019\u00e9conomie, la soci\u00e9t\u00e9 et les analyses politiques. Le site s\u2019adresse \u00e0 un large public francophone et couvre l\u2019information tunisienne en temps r\u00e9el.","email":"redac@webdo.tn","legalName":"YNJ SARL","foundingDate":"2010-09-06","numberOfEmployees":{"@type":"QuantitativeValue","minValue":"11","maxValue":"50"}},{"@type":"Person","@id":"https:\/\/www.webdo.tn\/fr\/#\/schema\/person\/9a9c6118d687c117df8ef3cc36a4d175","name":"webdo.tn","image":{"@type":"ImageObject","inLanguage":"fr-FR","@id":"https:\/\/secure.gravatar.com\/avatar\/7ce1f28c0c3bbac99ff550b85ef8e44a6950c6ee24514fb6a5489e51d06f0298?s=96&d=mm&r=g","url":"https:\/\/secure.gravatar.com\/avatar\/7ce1f28c0c3bbac99ff550b85ef8e44a6950c6ee24514fb6a5489e51d06f0298?s=96&d=mm&r=g","contentUrl":"https:\/\/secure.gravatar.com\/avatar\/7ce1f28c0c3bbac99ff550b85ef8e44a6950c6ee24514fb6a5489e51d06f0298?s=96&d=mm&r=g","caption":"webdo.tn"},"url":"https:\/\/www.webdo.tn\/fr\/actualite\/author\/webdotn\/"}]}},"_links":{"self":[{"href":"https:\/\/www.webdo.tn\/fr\/wp-json\/wp\/v2\/posts\/183745","targetHints":{"allow":["GET"]}}],"collection":[{"href":"https:\/\/www.webdo.tn\/fr\/wp-json\/wp\/v2\/posts"}],"about":[{"href":"https:\/\/www.webdo.tn\/fr\/wp-json\/wp\/v2\/types\/post"}],"author":[{"embeddable":true,"href":"https:\/\/www.webdo.tn\/fr\/wp-json\/wp\/v2\/users\/3222"}],"replies":[{"embeddable":true,"href":"https:\/\/www.webdo.tn\/fr\/wp-json\/wp\/v2\/comments?post=183745"}],"version-history":[{"count":0,"href":"https:\/\/www.webdo.tn\/fr\/wp-json\/wp\/v2\/posts\/183745\/revisions"}],"wp:featuredmedia":[{"embeddable":true,"href":"https:\/\/www.webdo.tn\/fr\/wp-json\/wp\/v2\/media\/316346"}],"wp:attachment":[{"href":"https:\/\/www.webdo.tn\/fr\/wp-json\/wp\/v2\/media?parent=183745"}],"wp:term":[{"taxonomy":"category","embeddable":true,"href":"https:\/\/www.webdo.tn\/fr\/wp-json\/wp\/v2\/categories?post=183745"},{"taxonomy":"post_tag","embeddable":true,"href":"https:\/\/www.webdo.tn\/fr\/wp-json\/wp\/v2\/tags?post=183745"}],"curies":[{"name":"wp","href":"https:\/\/api.w.org\/{rel}","templated":true}]}}