{"id":183742,"date":"2015-11-24T12:53:00","date_gmt":"2015-11-24T12:53:00","guid":{"rendered":"https:\/\/www.webdo.tn\/fr\/blog\/le-terrorisme-a-tue-90-personnes-par-jour-dans-le-monde-en-2014\/183742\/"},"modified":"2025-05-18T21:58:45","modified_gmt":"2025-05-18T21:58:45","slug":"le-terrorisme-a-tue-90-personnes-par-jour-dans-le-monde-en-2014","status":"publish","type":"post","link":"https:\/\/www.webdo.tn\/fr\/actualite\/international\/le-terrorisme-a-tue-90-personnes-par-jour-dans-le-monde-en-2014\/183742\/","title":{"rendered":"Le terrorisme a tu\u00e9 90 personnes par jour dans le monde en 2014"},"content":{"rendered":"<p>Le terrorisme a fait 90 victimes par jour l\u2019an dernier. Le nombre de personnes tu\u00e9es dans des attentats a augment\u00e9 de 80% l\u2019an dernier, au plus haut niveau jamais enregistr\u00e9, indique mardi une \u00e9tude de l\u2019Institute for Economics and Peace.<\/p>\n<p>Selon l\u2019indice du terrorisme mondial, 32.658 personnes ont \u00e9t\u00e9 tu\u00e9es dans des attaques terroristes en 2014. En 2013, 18.111 personnes avaient perdu la vie.<\/p>\n<p>Le groupe islamiste arm\u00e9 Boko Haram, bas\u00e9 au Nigeria, et le groupe jihadiste Etat islamique (EI) sont \u00e0 l\u2019origine de plus de la moiti\u00e9 des d\u00e9c\u00e8s, d\u2019apr\u00e8s cette \u00e9tude, qui comptabilise les attentats ainsi que les morts et les dommages qui en r\u00e9sultent dans 162 pays.<\/p>\n<p>L\u2019\u00e9tude d\u00e9finit le terrorisme comme \u00ab la menace ou l\u2019usage effectif d\u2019une force ill\u00e9gale et de la violence par un acteur non \u00e9tatique pour atteindre un objectif politique, \u00e9conomique, religieux ou social \u00e0 travers la peur, la coercition ou l\u2019intimidation \u00bb. \u00ab Le terrorisme est mont\u00e9 en puissance \u00e0 un rythme in\u00e9dit \u00bb, affirme Steve Killelea, le pr\u00e9sident ex\u00e9cutif de l\u2019Institut. La hausse du nombre de morts \u00e9tait de 61% en 2013.<\/p>\n<p>L\u2019\u00e9tude montre que le terrorisme est hautement localis\u00e9, cinq pays &#8211; Afghanistan, Irak, Nigeria, Pakistan et Syrie &#8211; totalisant 78% des morts en 2014. L\u2019Irak est le pays le plus affect\u00e9, avec 9929 morts dues au terrorisme.<\/p>\n<p>L\u2019Etat conna\u00eet \u00e0 la fois le plus grand nombre d\u2019attentats et le plus grand nombre de victimes jamais enregistr\u00e9s par un pays. La plus forte hausse du nombre de morts touche en revanche le Nigeria, avec une augmentation de plus de 300%, \u00e0 7512 d\u00e9c\u00e8s.<\/p>\n<p>Le risque d\u2019\u00eatre victime d\u2019attentats est beaucoup moins \u00e9lev\u00e9 dans les Etats occidentaux, o\u00f9 ces actes sont davantage susceptibles d\u2019\u00eatre commis par des loups solitaires motiv\u00e9s par l\u2019extr\u00e9misme politique, le nationalisme ou le supr\u00e9matisme racial et religieux, plut\u00f4t que par le fondamentalisme musulman, d\u2019apr\u00e8s l\u2019\u00e9tude.<\/p>\n<p>La Grande-Bretagne \u00e9tait le pays occidental ayant connu le plus grand nombre d\u2019actes de ce type, principalement en rapport avec les paramilitaires r\u00e9publicains en Irlande du Nord.<br \/>\nToutefois, les attentats de Paris revendiqu\u00e9s par l\u2019EI et qui ont fait au moins 130 morts pourraient changer la donne, estime Killelea.<\/p>\n<p>Ces attaques \u00ab \u00e0 bien des \u00e9gards constituent un tournant au sein de l\u2019Europe. Cela montre que l\u2019EI a les moyens de lancer des attaques sophistiqu\u00e9es et mortelles en Europe \u00bb, dit Killelea.<\/p>\n<p>L\u2019\u00e9tude estime que le co\u00fbt \u00e9conomique du terrorisme s\u2019\u00e9levait en 2014 \u00e0 52,9 milliards de dollars, le plus haut niveau jamais comptabilis\u00e9, multipli\u00e9 par 10 depuis 2000.<br \/>\nA.B.<\/p>\n","protected":false},"excerpt":{"rendered":"<p>Le terrorisme a tu\u00e9 90 personnes par jour dans le monde en 2014<\/p>\n","protected":false},"author":3222,"featured_media":316363,"comment_status":"open","ping_status":"closed","sticky":false,"template":"","format":"standard","meta":{"footnotes":""},"categories":[2598],"tags":[2600],"class_list":["post-183742","post","type-post","status-publish","format-standard","has-post-thumbnail","hentry","category-international","tag-guerre"],"yoast_head":"<!-- This site is optimized with the Yoast SEO Premium plugin v27.5 (Yoast SEO v27.5) - https:\/\/yoast.com\/product\/yoast-seo-premium-wordpress\/ -->\n<title>Le terrorisme a tu\u00e9 90 personnes par jour dans le monde en 2014<\/title>\n<meta name=\"description\" content=\"Le terrorisme a tu\u00e9 90 personnes par jour dans le monde en 2014\" \/>\n<link rel=\"canonical\" href=\"https:\/\/www.webdo.tn\/fr\/actualite\/international\/le-terrorisme-a-tue-90-personnes-par-jour-dans-le-monde-en-2014\/183742\/\" \/>\n<meta property=\"og:locale\" content=\"fr_FR\" \/>\n<meta property=\"og:type\" content=\"article\" \/>\n<meta property=\"og:title\" content=\"Le terrorisme a tu\u00e9 90 personnes par jour dans le monde en 2014\" \/>\n<meta property=\"og:description\" content=\"Le terrorisme a tu\u00e9 90 personnes par jour dans le monde en 2014\" \/>\n<meta property=\"og:url\" content=\"https:\/\/www.webdo.tn\/fr\/actualite\/international\/le-terrorisme-a-tue-90-personnes-par-jour-dans-le-monde-en-2014\/183742\/\" \/>\n<meta property=\"og:site_name\" content=\"webdo\" \/>\n<meta property=\"article:publisher\" content=\"https:\/\/www.facebook.com\/webdotn\" \/>\n<meta property=\"article:published_time\" content=\"2015-11-24T12:53:00+00:00\" \/>\n<meta property=\"article:modified_time\" content=\"2025-05-18T21:58:45+00:00\" \/>\n<meta property=\"og:image\" content=\"https:\/\/www.webdo.tn\/fr\/wp-content\/uploads\/2015\/11\/IMG_0327-300x200-1.jpg\" \/>\n\t<meta property=\"og:image:width\" content=\"300\" \/>\n\t<meta property=\"og:image:height\" content=\"200\" \/>\n\t<meta property=\"og:image:type\" content=\"image\/jpeg\" \/>\n<meta name=\"author\" content=\"webdo.tn\" \/>\n<meta name=\"twitter:card\" content=\"summary_large_image\" \/>\n<meta name=\"twitter:creator\" content=\"@webdo_tn\" \/>\n<meta name=\"twitter:site\" content=\"@webdo_tn\" \/>\n<meta name=\"twitter:label1\" content=\"\u00c9crit par\" \/>\n\t<meta name=\"twitter:data1\" content=\"webdo.tn\" \/>\n\t<meta name=\"twitter:label2\" content=\"Dur\u00e9e de lecture estim\u00e9e\" \/>\n\t<meta name=\"twitter:data2\" content=\"2 minutes\" \/>\n<script type=\"application\/ld+json\" class=\"yoast-schema-graph\">{\"@context\":\"https:\\\/\\\/schema.org\",\"@graph\":[{\"@type\":\"NewsArticle\",\"@id\":\"https:\\\/\\\/www.webdo.tn\\\/fr\\\/actualite\\\/international\\\/le-terrorisme-a-tue-90-personnes-par-jour-dans-le-monde-en-2014\\\/183742\\\/#article\",\"isPartOf\":{\"@id\":\"https:\\\/\\\/www.webdo.tn\\\/fr\\\/actualite\\\/international\\\/le-terrorisme-a-tue-90-personnes-par-jour-dans-le-monde-en-2014\\\/183742\\\/\"},\"author\":{\"name\":\"webdo.tn\",\"@id\":\"https:\\\/\\\/www.webdo.tn\\\/fr\\\/#\\\/schema\\\/person\\\/9a9c6118d687c117df8ef3cc36a4d175\"},\"headline\":\"Le terrorisme a tu\u00e9 90 personnes par jour dans le monde en 2014\",\"datePublished\":\"2015-11-24T12:53:00+00:00\",\"dateModified\":\"2025-05-18T21:58:45+00:00\",\"mainEntityOfPage\":{\"@id\":\"https:\\\/\\\/www.webdo.tn\\\/fr\\\/actualite\\\/international\\\/le-terrorisme-a-tue-90-personnes-par-jour-dans-le-monde-en-2014\\\/183742\\\/\"},\"wordCount\":450,\"commentCount\":0,\"publisher\":{\"@id\":\"https:\\\/\\\/www.webdo.tn\\\/fr\\\/#organization\"},\"image\":{\"@id\":\"https:\\\/\\\/www.webdo.tn\\\/fr\\\/actualite\\\/international\\\/le-terrorisme-a-tue-90-personnes-par-jour-dans-le-monde-en-2014\\\/183742\\\/#primaryimage\"},\"thumbnailUrl\":\"https:\\\/\\\/www.webdo.tn\\\/fr\\\/wp-content\\\/uploads\\\/2015\\\/11\\\/IMG_0327-300x200-1.jpg\",\"keywords\":[\"guerre\"],\"articleSection\":[\"International\"],\"inLanguage\":\"fr-FR\"},{\"@type\":\"WebPage\",\"@id\":\"https:\\\/\\\/www.webdo.tn\\\/fr\\\/actualite\\\/international\\\/le-terrorisme-a-tue-90-personnes-par-jour-dans-le-monde-en-2014\\\/183742\\\/\",\"url\":\"https:\\\/\\\/www.webdo.tn\\\/fr\\\/actualite\\\/international\\\/le-terrorisme-a-tue-90-personnes-par-jour-dans-le-monde-en-2014\\\/183742\\\/\",\"name\":\"Le terrorisme a tu\u00e9 90 personnes par jour dans le monde en 2014\",\"isPartOf\":{\"@id\":\"https:\\\/\\\/www.webdo.tn\\\/fr\\\/#website\"},\"primaryImageOfPage\":{\"@id\":\"https:\\\/\\\/www.webdo.tn\\\/fr\\\/actualite\\\/international\\\/le-terrorisme-a-tue-90-personnes-par-jour-dans-le-monde-en-2014\\\/183742\\\/#primaryimage\"},\"image\":{\"@id\":\"https:\\\/\\\/www.webdo.tn\\\/fr\\\/actualite\\\/international\\\/le-terrorisme-a-tue-90-personnes-par-jour-dans-le-monde-en-2014\\\/183742\\\/#primaryimage\"},\"thumbnailUrl\":\"https:\\\/\\\/www.webdo.tn\\\/fr\\\/wp-content\\\/uploads\\\/2015\\\/11\\\/IMG_0327-300x200-1.jpg\",\"datePublished\":\"2015-11-24T12:53:00+00:00\",\"dateModified\":\"2025-05-18T21:58:45+00:00\",\"description\":\"Le terrorisme a tu\u00e9 90 personnes par jour dans le monde en 2014\",\"breadcrumb\":{\"@id\":\"https:\\\/\\\/www.webdo.tn\\\/fr\\\/actualite\\\/international\\\/le-terrorisme-a-tue-90-personnes-par-jour-dans-le-monde-en-2014\\\/183742\\\/#breadcrumb\"},\"inLanguage\":\"fr-FR\",\"potentialAction\":[{\"@type\":\"ReadAction\",\"target\":[\"https:\\\/\\\/www.webdo.tn\\\/fr\\\/actualite\\\/international\\\/le-terrorisme-a-tue-90-personnes-par-jour-dans-le-monde-en-2014\\\/183742\\\/\"]}]},{\"@type\":\"ImageObject\",\"inLanguage\":\"fr-FR\",\"@id\":\"https:\\\/\\\/www.webdo.tn\\\/fr\\\/actualite\\\/international\\\/le-terrorisme-a-tue-90-personnes-par-jour-dans-le-monde-en-2014\\\/183742\\\/#primaryimage\",\"url\":\"https:\\\/\\\/www.webdo.tn\\\/fr\\\/wp-content\\\/uploads\\\/2015\\\/11\\\/IMG_0327-300x200-1.jpg\",\"contentUrl\":\"https:\\\/\\\/www.webdo.tn\\\/fr\\\/wp-content\\\/uploads\\\/2015\\\/11\\\/IMG_0327-300x200-1.jpg\",\"width\":300,\"height\":200,\"caption\":\"Le terrorisme a tu\u00e9 90 personnes par jour dans le monde en 2014\"},{\"@type\":\"BreadcrumbList\",\"@id\":\"https:\\\/\\\/www.webdo.tn\\\/fr\\\/actualite\\\/international\\\/le-terrorisme-a-tue-90-personnes-par-jour-dans-le-monde-en-2014\\\/183742\\\/#breadcrumb\",\"itemListElement\":[{\"@type\":\"ListItem\",\"position\":1,\"name\":\"Accueil\",\"item\":\"https:\\\/\\\/www.webdo.tn\\\/fr\\\/\"},{\"@type\":\"ListItem\",\"position\":2,\"name\":\"Le terrorisme a tu\u00e9 90 personnes par jour dans le monde en 2014\"}]},{\"@type\":\"WebSite\",\"@id\":\"https:\\\/\\\/www.webdo.tn\\\/fr\\\/#website\",\"url\":\"https:\\\/\\\/www.webdo.tn\\\/fr\\\/\",\"name\":\"webdo\",\"description\":\"Tunisie - News en Tunisie et \u00e0 l&#039;international sur Webdo.tn\",\"publisher\":{\"@id\":\"https:\\\/\\\/www.webdo.tn\\\/fr\\\/#organization\"},\"potentialAction\":[{\"@type\":\"SearchAction\",\"target\":{\"@type\":\"EntryPoint\",\"urlTemplate\":\"https:\\\/\\\/www.webdo.tn\\\/fr\\\/?s={search_term_string}\"},\"query-input\":{\"@type\":\"PropertyValueSpecification\",\"valueRequired\":true,\"valueName\":\"search_term_string\"}}],\"inLanguage\":\"fr-FR\"},{\"@type\":\"Organization\",\"@id\":\"https:\\\/\\\/www.webdo.tn\\\/fr\\\/#organization\",\"name\":\"Webdo\",\"alternateName\":\"Webdo.tn\",\"url\":\"https:\\\/\\\/www.webdo.tn\\\/fr\\\/\",\"logo\":{\"@type\":\"ImageObject\",\"inLanguage\":\"fr-FR\",\"@id\":\"https:\\\/\\\/www.webdo.tn\\\/fr\\\/#\\\/schema\\\/logo\\\/image\\\/\",\"url\":\"https:\\\/\\\/www.webdo.tn\\\/fr\\\/wp-content\\\/uploads\\\/2025\\\/06\\\/Webdo-Tunisie_168377.jpg\",\"contentUrl\":\"https:\\\/\\\/www.webdo.tn\\\/fr\\\/wp-content\\\/uploads\\\/2025\\\/06\\\/Webdo-Tunisie_168377.jpg\",\"width\":301,\"height\":301,\"caption\":\"Webdo\"},\"image\":{\"@id\":\"https:\\\/\\\/www.webdo.tn\\\/fr\\\/#\\\/schema\\\/logo\\\/image\\\/\"},\"sameAs\":[\"https:\\\/\\\/www.facebook.com\\\/webdotn\",\"https:\\\/\\\/x.com\\\/webdo_tn\"],\"description\":\"Webdo est un m\u00e9dia num\u00e9rique tunisien fond\u00e9 en 2010, sp\u00e9cialis\u00e9 dans l\u2019actualit\u00e9 nationale et internationale, l\u2019\u00e9conomie, la soci\u00e9t\u00e9 et les analyses politiques. Le site s\u2019adresse \u00e0 un large public francophone et couvre l\u2019information tunisienne en temps r\u00e9el.\",\"email\":\"redac@webdo.tn\",\"legalName\":\"YNJ SARL\",\"foundingDate\":\"2010-09-06\",\"numberOfEmployees\":{\"@type\":\"QuantitativeValue\",\"minValue\":\"11\",\"maxValue\":\"50\"}},{\"@type\":\"Person\",\"@id\":\"https:\\\/\\\/www.webdo.tn\\\/fr\\\/#\\\/schema\\\/person\\\/9a9c6118d687c117df8ef3cc36a4d175\",\"name\":\"webdo.tn\",\"image\":{\"@type\":\"ImageObject\",\"inLanguage\":\"fr-FR\",\"@id\":\"https:\\\/\\\/secure.gravatar.com\\\/avatar\\\/7ce1f28c0c3bbac99ff550b85ef8e44a6950c6ee24514fb6a5489e51d06f0298?s=96&d=mm&r=g\",\"url\":\"https:\\\/\\\/secure.gravatar.com\\\/avatar\\\/7ce1f28c0c3bbac99ff550b85ef8e44a6950c6ee24514fb6a5489e51d06f0298?s=96&d=mm&r=g\",\"contentUrl\":\"https:\\\/\\\/secure.gravatar.com\\\/avatar\\\/7ce1f28c0c3bbac99ff550b85ef8e44a6950c6ee24514fb6a5489e51d06f0298?s=96&d=mm&r=g\",\"caption\":\"webdo.tn\"},\"url\":\"https:\\\/\\\/www.webdo.tn\\\/fr\\\/actualite\\\/author\\\/webdotn\\\/\"}]}<\/script>\n<!-- \/ Yoast SEO Premium plugin. -->","yoast_head_json":{"title":"Le terrorisme a tu\u00e9 90 personnes par jour dans le monde en 2014","description":"Le terrorisme a tu\u00e9 90 personnes par jour dans le monde en 2014","canonical":"https:\/\/www.webdo.tn\/fr\/actualite\/international\/le-terrorisme-a-tue-90-personnes-par-jour-dans-le-monde-en-2014\/183742\/","og_locale":"fr_FR","og_type":"article","og_title":"Le terrorisme a tu\u00e9 90 personnes par jour dans le monde en 2014","og_description":"Le terrorisme a tu\u00e9 90 personnes par jour dans le monde en 2014","og_url":"https:\/\/www.webdo.tn\/fr\/actualite\/international\/le-terrorisme-a-tue-90-personnes-par-jour-dans-le-monde-en-2014\/183742\/","og_site_name":"webdo","article_publisher":"https:\/\/www.facebook.com\/webdotn","article_published_time":"2015-11-24T12:53:00+00:00","article_modified_time":"2025-05-18T21:58:45+00:00","og_image":[{"width":300,"height":200,"url":"https:\/\/www.webdo.tn\/fr\/wp-content\/uploads\/2015\/11\/IMG_0327-300x200-1.jpg","type":"image\/jpeg"}],"author":"webdo.tn","twitter_card":"summary_large_image","twitter_creator":"@webdo_tn","twitter_site":"@webdo_tn","twitter_misc":{"\u00c9crit par":"webdo.tn","Dur\u00e9e de lecture estim\u00e9e":"2 minutes"},"schema":{"@context":"https:\/\/schema.org","@graph":[{"@type":"NewsArticle","@id":"https:\/\/www.webdo.tn\/fr\/actualite\/international\/le-terrorisme-a-tue-90-personnes-par-jour-dans-le-monde-en-2014\/183742\/#article","isPartOf":{"@id":"https:\/\/www.webdo.tn\/fr\/actualite\/international\/le-terrorisme-a-tue-90-personnes-par-jour-dans-le-monde-en-2014\/183742\/"},"author":{"name":"webdo.tn","@id":"https:\/\/www.webdo.tn\/fr\/#\/schema\/person\/9a9c6118d687c117df8ef3cc36a4d175"},"headline":"Le terrorisme a tu\u00e9 90 personnes par jour dans le monde en 2014","datePublished":"2015-11-24T12:53:00+00:00","dateModified":"2025-05-18T21:58:45+00:00","mainEntityOfPage":{"@id":"https:\/\/www.webdo.tn\/fr\/actualite\/international\/le-terrorisme-a-tue-90-personnes-par-jour-dans-le-monde-en-2014\/183742\/"},"wordCount":450,"commentCount":0,"publisher":{"@id":"https:\/\/www.webdo.tn\/fr\/#organization"},"image":{"@id":"https:\/\/www.webdo.tn\/fr\/actualite\/international\/le-terrorisme-a-tue-90-personnes-par-jour-dans-le-monde-en-2014\/183742\/#primaryimage"},"thumbnailUrl":"https:\/\/www.webdo.tn\/fr\/wp-content\/uploads\/2015\/11\/IMG_0327-300x200-1.jpg","keywords":["guerre"],"articleSection":["International"],"inLanguage":"fr-FR"},{"@type":"WebPage","@id":"https:\/\/www.webdo.tn\/fr\/actualite\/international\/le-terrorisme-a-tue-90-personnes-par-jour-dans-le-monde-en-2014\/183742\/","url":"https:\/\/www.webdo.tn\/fr\/actualite\/international\/le-terrorisme-a-tue-90-personnes-par-jour-dans-le-monde-en-2014\/183742\/","name":"Le terrorisme a tu\u00e9 90 personnes par jour dans le monde en 2014","isPartOf":{"@id":"https:\/\/www.webdo.tn\/fr\/#website"},"primaryImageOfPage":{"@id":"https:\/\/www.webdo.tn\/fr\/actualite\/international\/le-terrorisme-a-tue-90-personnes-par-jour-dans-le-monde-en-2014\/183742\/#primaryimage"},"image":{"@id":"https:\/\/www.webdo.tn\/fr\/actualite\/international\/le-terrorisme-a-tue-90-personnes-par-jour-dans-le-monde-en-2014\/183742\/#primaryimage"},"thumbnailUrl":"https:\/\/www.webdo.tn\/fr\/wp-content\/uploads\/2015\/11\/IMG_0327-300x200-1.jpg","datePublished":"2015-11-24T12:53:00+00:00","dateModified":"2025-05-18T21:58:45+00:00","description":"Le terrorisme a tu\u00e9 90 personnes par jour dans le monde en 2014","breadcrumb":{"@id":"https:\/\/www.webdo.tn\/fr\/actualite\/international\/le-terrorisme-a-tue-90-personnes-par-jour-dans-le-monde-en-2014\/183742\/#breadcrumb"},"inLanguage":"fr-FR","potentialAction":[{"@type":"ReadAction","target":["https:\/\/www.webdo.tn\/fr\/actualite\/international\/le-terrorisme-a-tue-90-personnes-par-jour-dans-le-monde-en-2014\/183742\/"]}]},{"@type":"ImageObject","inLanguage":"fr-FR","@id":"https:\/\/www.webdo.tn\/fr\/actualite\/international\/le-terrorisme-a-tue-90-personnes-par-jour-dans-le-monde-en-2014\/183742\/#primaryimage","url":"https:\/\/www.webdo.tn\/fr\/wp-content\/uploads\/2015\/11\/IMG_0327-300x200-1.jpg","contentUrl":"https:\/\/www.webdo.tn\/fr\/wp-content\/uploads\/2015\/11\/IMG_0327-300x200-1.jpg","width":300,"height":200,"caption":"Le terrorisme a tu\u00e9 90 personnes par jour dans le monde en 2014"},{"@type":"BreadcrumbList","@id":"https:\/\/www.webdo.tn\/fr\/actualite\/international\/le-terrorisme-a-tue-90-personnes-par-jour-dans-le-monde-en-2014\/183742\/#breadcrumb","itemListElement":[{"@type":"ListItem","position":1,"name":"Accueil","item":"https:\/\/www.webdo.tn\/fr\/"},{"@type":"ListItem","position":2,"name":"Le terrorisme a tu\u00e9 90 personnes par jour dans le monde en 2014"}]},{"@type":"WebSite","@id":"https:\/\/www.webdo.tn\/fr\/#website","url":"https:\/\/www.webdo.tn\/fr\/","name":"webdo","description":"Tunisie - News en Tunisie et \u00e0 l&#039;international sur Webdo.tn","publisher":{"@id":"https:\/\/www.webdo.tn\/fr\/#organization"},"potentialAction":[{"@type":"SearchAction","target":{"@type":"EntryPoint","urlTemplate":"https:\/\/www.webdo.tn\/fr\/?s={search_term_string}"},"query-input":{"@type":"PropertyValueSpecification","valueRequired":true,"valueName":"search_term_string"}}],"inLanguage":"fr-FR"},{"@type":"Organization","@id":"https:\/\/www.webdo.tn\/fr\/#organization","name":"Webdo","alternateName":"Webdo.tn","url":"https:\/\/www.webdo.tn\/fr\/","logo":{"@type":"ImageObject","inLanguage":"fr-FR","@id":"https:\/\/www.webdo.tn\/fr\/#\/schema\/logo\/image\/","url":"https:\/\/www.webdo.tn\/fr\/wp-content\/uploads\/2025\/06\/Webdo-Tunisie_168377.jpg","contentUrl":"https:\/\/www.webdo.tn\/fr\/wp-content\/uploads\/2025\/06\/Webdo-Tunisie_168377.jpg","width":301,"height":301,"caption":"Webdo"},"image":{"@id":"https:\/\/www.webdo.tn\/fr\/#\/schema\/logo\/image\/"},"sameAs":["https:\/\/www.facebook.com\/webdotn","https:\/\/x.com\/webdo_tn"],"description":"Webdo est un m\u00e9dia num\u00e9rique tunisien fond\u00e9 en 2010, sp\u00e9cialis\u00e9 dans l\u2019actualit\u00e9 nationale et internationale, l\u2019\u00e9conomie, la soci\u00e9t\u00e9 et les analyses politiques. Le site s\u2019adresse \u00e0 un large public francophone et couvre l\u2019information tunisienne en temps r\u00e9el.","email":"redac@webdo.tn","legalName":"YNJ SARL","foundingDate":"2010-09-06","numberOfEmployees":{"@type":"QuantitativeValue","minValue":"11","maxValue":"50"}},{"@type":"Person","@id":"https:\/\/www.webdo.tn\/fr\/#\/schema\/person\/9a9c6118d687c117df8ef3cc36a4d175","name":"webdo.tn","image":{"@type":"ImageObject","inLanguage":"fr-FR","@id":"https:\/\/secure.gravatar.com\/avatar\/7ce1f28c0c3bbac99ff550b85ef8e44a6950c6ee24514fb6a5489e51d06f0298?s=96&d=mm&r=g","url":"https:\/\/secure.gravatar.com\/avatar\/7ce1f28c0c3bbac99ff550b85ef8e44a6950c6ee24514fb6a5489e51d06f0298?s=96&d=mm&r=g","contentUrl":"https:\/\/secure.gravatar.com\/avatar\/7ce1f28c0c3bbac99ff550b85ef8e44a6950c6ee24514fb6a5489e51d06f0298?s=96&d=mm&r=g","caption":"webdo.tn"},"url":"https:\/\/www.webdo.tn\/fr\/actualite\/author\/webdotn\/"}]}},"_links":{"self":[{"href":"https:\/\/www.webdo.tn\/fr\/wp-json\/wp\/v2\/posts\/183742","targetHints":{"allow":["GET"]}}],"collection":[{"href":"https:\/\/www.webdo.tn\/fr\/wp-json\/wp\/v2\/posts"}],"about":[{"href":"https:\/\/www.webdo.tn\/fr\/wp-json\/wp\/v2\/types\/post"}],"author":[{"embeddable":true,"href":"https:\/\/www.webdo.tn\/fr\/wp-json\/wp\/v2\/users\/3222"}],"replies":[{"embeddable":true,"href":"https:\/\/www.webdo.tn\/fr\/wp-json\/wp\/v2\/comments?post=183742"}],"version-history":[{"count":0,"href":"https:\/\/www.webdo.tn\/fr\/wp-json\/wp\/v2\/posts\/183742\/revisions"}],"wp:featuredmedia":[{"embeddable":true,"href":"https:\/\/www.webdo.tn\/fr\/wp-json\/wp\/v2\/media\/316363"}],"wp:attachment":[{"href":"https:\/\/www.webdo.tn\/fr\/wp-json\/wp\/v2\/media?parent=183742"}],"wp:term":[{"taxonomy":"category","embeddable":true,"href":"https:\/\/www.webdo.tn\/fr\/wp-json\/wp\/v2\/categories?post=183742"},{"taxonomy":"post_tag","embeddable":true,"href":"https:\/\/www.webdo.tn\/fr\/wp-json\/wp\/v2\/tags?post=183742"}],"curies":[{"name":"wp","href":"https:\/\/api.w.org\/{rel}","templated":true}]}}