{"id":183738,"date":"2015-11-26T16:42:00","date_gmt":"2015-11-26T16:42:00","guid":{"rendered":"https:\/\/www.webdo.tn\/fr\/blog\/alerte-a-lanthrax-a-la-grande-mosquee-de-bruxelles\/183738\/"},"modified":"2015-11-26T16:42:00","modified_gmt":"2015-11-26T16:42:00","slug":"alerte-a-lanthrax-a-la-grande-mosquee-de-bruxelles","status":"publish","type":"post","link":"https:\/\/www.webdo.tn\/fr\/actualite\/international\/alerte-a-lanthrax-a-la-grande-mosquee-de-bruxelles\/183738\/","title":{"rendered":"Alerte \u00e0 l&rsquo;anthrax \u00e0 la Grande mosqu\u00e9e de Bruxelles"},"content":{"rendered":"<p>Une alerte \u00e0 l&rsquo;anthrax a \u00e9t\u00e9 d\u00e9clench\u00e9e \u00e0 la Grande mosqu\u00e9e de Bruxelles apr\u00e8s la d\u00e9couverte d&rsquo;enveloppes suspectes contenant une poudre blanche, ce jeudi 26 novembre. Onze personnes, qui ont \u00e9t\u00e9 expos\u00e9es sont en cours de d\u00e9contamination, rapporte Le Figaro.<\/p>\n<p>La poudre blanche retrouv\u00e9e dans les enveloppes est en cours d&rsquo;analyse pour d\u00e9terminer si c&rsquo;est bien de l&rsquo;anthrax. En attendant, la mosqu\u00e9e a \u00e9t\u00e9 \u00e9vacu\u00e9e.<\/p>\n<p>Selon l&rsquo;AFP, d&rsquo;autres mosqu\u00e9es de la r\u00e9gion de Bruxelles ont \u00e9t\u00e9 la cible de menaces, notamment l&rsquo;\u00e9tablissement Attadamoune de Molenbeek-Saint-Jean, qui a re\u00e7u en d\u00e9but de semaine des menaces de mort \u00e0 l&rsquo;encontre de la communaut\u00e9 musulmane sign\u00e9es \u00abl&rsquo;\u00c9tat chr\u00e9tien\u00bb.<\/p>\n<p>Bruxelles se trouve en alerte maximale de menace terroriste depuis samedi dernier.<br \/>\nA.B.<\/p>\n","protected":false},"excerpt":{"rendered":"<p>Alerte \u00e0 l&rsquo;anthrax \u00e0 la Grande mosqu\u00e9e de Bruxelles<\/p>\n","protected":false},"author":3222,"featured_media":372765,"comment_status":"open","ping_status":"closed","sticky":false,"template":"","format":"standard","meta":{"footnotes":""},"categories":[2598],"tags":[2600],"class_list":["post-183738","post","type-post","status-publish","format-standard","has-post-thumbnail","hentry","category-international","tag-guerre"],"yoast_head":"<!-- This site is optimized with the Yoast SEO Premium plugin v27.5 (Yoast SEO v27.5) - https:\/\/yoast.com\/product\/yoast-seo-premium-wordpress\/ -->\n<title>Alerte \u00e0 l&#039;anthrax \u00e0 la Grande mosqu\u00e9e de Bruxelles<\/title>\n<meta name=\"description\" content=\"Alerte \u00e0 l&#039;anthrax \u00e0 la Grande mosqu\u00e9e de Bruxelles\" \/>\n<link rel=\"canonical\" href=\"https:\/\/www.webdo.tn\/fr\/actualite\/international\/alerte-a-lanthrax-a-la-grande-mosquee-de-bruxelles\/183738\/\" \/>\n<meta property=\"og:locale\" content=\"fr_FR\" \/>\n<meta property=\"og:type\" content=\"article\" \/>\n<meta property=\"og:title\" content=\"Alerte \u00e0 l&#039;anthrax \u00e0 la Grande mosqu\u00e9e de Bruxelles\" \/>\n<meta property=\"og:description\" content=\"Alerte \u00e0 l&#039;anthrax \u00e0 la Grande mosqu\u00e9e de Bruxelles\" \/>\n<meta property=\"og:url\" content=\"https:\/\/www.webdo.tn\/fr\/actualite\/international\/alerte-a-lanthrax-a-la-grande-mosquee-de-bruxelles\/183738\/\" \/>\n<meta property=\"og:site_name\" content=\"webdo\" \/>\n<meta property=\"article:publisher\" content=\"https:\/\/www.facebook.com\/webdotn\" \/>\n<meta property=\"article:published_time\" content=\"2015-11-26T16:42:00+00:00\" \/>\n<meta name=\"author\" content=\"webdo.tn\" \/>\n<meta name=\"twitter:card\" content=\"summary_large_image\" \/>\n<meta name=\"twitter:creator\" content=\"@webdo_tn\" \/>\n<meta name=\"twitter:site\" content=\"@webdo_tn\" \/>\n<meta name=\"twitter:label1\" content=\"\u00c9crit par\" \/>\n\t<meta name=\"twitter:data1\" content=\"webdo.tn\" \/>\n\t<meta name=\"twitter:label2\" content=\"Dur\u00e9e de lecture estim\u00e9e\" \/>\n\t<meta name=\"twitter:data2\" content=\"1 minute\" \/>\n<script type=\"application\/ld+json\" class=\"yoast-schema-graph\">{\"@context\":\"https:\\\/\\\/schema.org\",\"@graph\":[{\"@type\":\"NewsArticle\",\"@id\":\"https:\\\/\\\/www.webdo.tn\\\/fr\\\/actualite\\\/international\\\/alerte-a-lanthrax-a-la-grande-mosquee-de-bruxelles\\\/183738\\\/#article\",\"isPartOf\":{\"@id\":\"https:\\\/\\\/www.webdo.tn\\\/fr\\\/actualite\\\/international\\\/alerte-a-lanthrax-a-la-grande-mosquee-de-bruxelles\\\/183738\\\/\"},\"author\":{\"name\":\"webdo.tn\",\"@id\":\"https:\\\/\\\/www.webdo.tn\\\/fr\\\/#\\\/schema\\\/person\\\/9a9c6118d687c117df8ef3cc36a4d175\"},\"headline\":\"Alerte \u00e0 l&rsquo;anthrax \u00e0 la Grande mosqu\u00e9e de Bruxelles\",\"datePublished\":\"2015-11-26T16:42:00+00:00\",\"mainEntityOfPage\":{\"@id\":\"https:\\\/\\\/www.webdo.tn\\\/fr\\\/actualite\\\/international\\\/alerte-a-lanthrax-a-la-grande-mosquee-de-bruxelles\\\/183738\\\/\"},\"wordCount\":151,\"commentCount\":0,\"publisher\":{\"@id\":\"https:\\\/\\\/www.webdo.tn\\\/fr\\\/#organization\"},\"image\":{\"@id\":\"https:\\\/\\\/www.webdo.tn\\\/fr\\\/actualite\\\/international\\\/alerte-a-lanthrax-a-la-grande-mosquee-de-bruxelles\\\/183738\\\/#primaryimage\"},\"thumbnailUrl\":\"https:\\\/\\\/www.webdo.tn\\\/fr\\\/wp-content\\\/uploads\\\/2025\\\/06\\\/Grande-mosquee-de-Bruxelles-300x169_183738.jpg\",\"keywords\":[\"guerre\"],\"articleSection\":[\"International\"],\"inLanguage\":\"fr-FR\"},{\"@type\":\"WebPage\",\"@id\":\"https:\\\/\\\/www.webdo.tn\\\/fr\\\/actualite\\\/international\\\/alerte-a-lanthrax-a-la-grande-mosquee-de-bruxelles\\\/183738\\\/\",\"url\":\"https:\\\/\\\/www.webdo.tn\\\/fr\\\/actualite\\\/international\\\/alerte-a-lanthrax-a-la-grande-mosquee-de-bruxelles\\\/183738\\\/\",\"name\":\"Alerte \u00e0 l'anthrax \u00e0 la Grande mosqu\u00e9e de Bruxelles\",\"isPartOf\":{\"@id\":\"https:\\\/\\\/www.webdo.tn\\\/fr\\\/#website\"},\"primaryImageOfPage\":{\"@id\":\"https:\\\/\\\/www.webdo.tn\\\/fr\\\/actualite\\\/international\\\/alerte-a-lanthrax-a-la-grande-mosquee-de-bruxelles\\\/183738\\\/#primaryimage\"},\"image\":{\"@id\":\"https:\\\/\\\/www.webdo.tn\\\/fr\\\/actualite\\\/international\\\/alerte-a-lanthrax-a-la-grande-mosquee-de-bruxelles\\\/183738\\\/#primaryimage\"},\"thumbnailUrl\":\"https:\\\/\\\/www.webdo.tn\\\/fr\\\/wp-content\\\/uploads\\\/2025\\\/06\\\/Grande-mosquee-de-Bruxelles-300x169_183738.jpg\",\"datePublished\":\"2015-11-26T16:42:00+00:00\",\"description\":\"Alerte \u00e0 l'anthrax \u00e0 la Grande mosqu\u00e9e de Bruxelles\",\"breadcrumb\":{\"@id\":\"https:\\\/\\\/www.webdo.tn\\\/fr\\\/actualite\\\/international\\\/alerte-a-lanthrax-a-la-grande-mosquee-de-bruxelles\\\/183738\\\/#breadcrumb\"},\"inLanguage\":\"fr-FR\",\"potentialAction\":[{\"@type\":\"ReadAction\",\"target\":[\"https:\\\/\\\/www.webdo.tn\\\/fr\\\/actualite\\\/international\\\/alerte-a-lanthrax-a-la-grande-mosquee-de-bruxelles\\\/183738\\\/\"]}]},{\"@type\":\"ImageObject\",\"inLanguage\":\"fr-FR\",\"@id\":\"https:\\\/\\\/www.webdo.tn\\\/fr\\\/actualite\\\/international\\\/alerte-a-lanthrax-a-la-grande-mosquee-de-bruxelles\\\/183738\\\/#primaryimage\",\"url\":\"https:\\\/\\\/www.webdo.tn\\\/fr\\\/wp-content\\\/uploads\\\/2025\\\/06\\\/Grande-mosquee-de-Bruxelles-300x169_183738.jpg\",\"contentUrl\":\"https:\\\/\\\/www.webdo.tn\\\/fr\\\/wp-content\\\/uploads\\\/2025\\\/06\\\/Grande-mosquee-de-Bruxelles-300x169_183738.jpg\",\"width\":300,\"height\":169,\"caption\":\"Alerte \u00e0 l'anthrax \u00e0 la Grande mosqu\u00e9e de Bruxelles\"},{\"@type\":\"BreadcrumbList\",\"@id\":\"https:\\\/\\\/www.webdo.tn\\\/fr\\\/actualite\\\/international\\\/alerte-a-lanthrax-a-la-grande-mosquee-de-bruxelles\\\/183738\\\/#breadcrumb\",\"itemListElement\":[{\"@type\":\"ListItem\",\"position\":1,\"name\":\"Accueil\",\"item\":\"https:\\\/\\\/www.webdo.tn\\\/fr\\\/\"},{\"@type\":\"ListItem\",\"position\":2,\"name\":\"Alerte \u00e0 l&rsquo;anthrax \u00e0 la Grande mosqu\u00e9e de Bruxelles\"}]},{\"@type\":\"WebSite\",\"@id\":\"https:\\\/\\\/www.webdo.tn\\\/fr\\\/#website\",\"url\":\"https:\\\/\\\/www.webdo.tn\\\/fr\\\/\",\"name\":\"webdo\",\"description\":\"Tunisie - News en Tunisie et \u00e0 l&#039;international sur Webdo.tn\",\"publisher\":{\"@id\":\"https:\\\/\\\/www.webdo.tn\\\/fr\\\/#organization\"},\"potentialAction\":[{\"@type\":\"SearchAction\",\"target\":{\"@type\":\"EntryPoint\",\"urlTemplate\":\"https:\\\/\\\/www.webdo.tn\\\/fr\\\/?s={search_term_string}\"},\"query-input\":{\"@type\":\"PropertyValueSpecification\",\"valueRequired\":true,\"valueName\":\"search_term_string\"}}],\"inLanguage\":\"fr-FR\"},{\"@type\":\"Organization\",\"@id\":\"https:\\\/\\\/www.webdo.tn\\\/fr\\\/#organization\",\"name\":\"Webdo\",\"alternateName\":\"Webdo.tn\",\"url\":\"https:\\\/\\\/www.webdo.tn\\\/fr\\\/\",\"logo\":{\"@type\":\"ImageObject\",\"inLanguage\":\"fr-FR\",\"@id\":\"https:\\\/\\\/www.webdo.tn\\\/fr\\\/#\\\/schema\\\/logo\\\/image\\\/\",\"url\":\"https:\\\/\\\/www.webdo.tn\\\/fr\\\/wp-content\\\/uploads\\\/2025\\\/06\\\/Webdo-Tunisie_168377.jpg\",\"contentUrl\":\"https:\\\/\\\/www.webdo.tn\\\/fr\\\/wp-content\\\/uploads\\\/2025\\\/06\\\/Webdo-Tunisie_168377.jpg\",\"width\":301,\"height\":301,\"caption\":\"Webdo\"},\"image\":{\"@id\":\"https:\\\/\\\/www.webdo.tn\\\/fr\\\/#\\\/schema\\\/logo\\\/image\\\/\"},\"sameAs\":[\"https:\\\/\\\/www.facebook.com\\\/webdotn\",\"https:\\\/\\\/x.com\\\/webdo_tn\"],\"description\":\"Webdo est un m\u00e9dia num\u00e9rique tunisien fond\u00e9 en 2010, sp\u00e9cialis\u00e9 dans l\u2019actualit\u00e9 nationale et internationale, l\u2019\u00e9conomie, la soci\u00e9t\u00e9 et les analyses politiques. Le site s\u2019adresse \u00e0 un large public francophone et couvre l\u2019information tunisienne en temps r\u00e9el.\",\"email\":\"redac@webdo.tn\",\"legalName\":\"YNJ SARL\",\"foundingDate\":\"2010-09-06\",\"numberOfEmployees\":{\"@type\":\"QuantitativeValue\",\"minValue\":\"11\",\"maxValue\":\"50\"}},{\"@type\":\"Person\",\"@id\":\"https:\\\/\\\/www.webdo.tn\\\/fr\\\/#\\\/schema\\\/person\\\/9a9c6118d687c117df8ef3cc36a4d175\",\"name\":\"webdo.tn\",\"image\":{\"@type\":\"ImageObject\",\"inLanguage\":\"fr-FR\",\"@id\":\"https:\\\/\\\/secure.gravatar.com\\\/avatar\\\/7ce1f28c0c3bbac99ff550b85ef8e44a6950c6ee24514fb6a5489e51d06f0298?s=96&d=mm&r=g\",\"url\":\"https:\\\/\\\/secure.gravatar.com\\\/avatar\\\/7ce1f28c0c3bbac99ff550b85ef8e44a6950c6ee24514fb6a5489e51d06f0298?s=96&d=mm&r=g\",\"contentUrl\":\"https:\\\/\\\/secure.gravatar.com\\\/avatar\\\/7ce1f28c0c3bbac99ff550b85ef8e44a6950c6ee24514fb6a5489e51d06f0298?s=96&d=mm&r=g\",\"caption\":\"webdo.tn\"},\"url\":\"https:\\\/\\\/www.webdo.tn\\\/fr\\\/actualite\\\/author\\\/webdotn\\\/\"}]}<\/script>\n<!-- \/ Yoast SEO Premium plugin. -->","yoast_head_json":{"title":"Alerte \u00e0 l'anthrax \u00e0 la Grande mosqu\u00e9e de Bruxelles","description":"Alerte \u00e0 l'anthrax \u00e0 la Grande mosqu\u00e9e de Bruxelles","canonical":"https:\/\/www.webdo.tn\/fr\/actualite\/international\/alerte-a-lanthrax-a-la-grande-mosquee-de-bruxelles\/183738\/","og_locale":"fr_FR","og_type":"article","og_title":"Alerte \u00e0 l'anthrax \u00e0 la Grande mosqu\u00e9e de Bruxelles","og_description":"Alerte \u00e0 l'anthrax \u00e0 la Grande mosqu\u00e9e de Bruxelles","og_url":"https:\/\/www.webdo.tn\/fr\/actualite\/international\/alerte-a-lanthrax-a-la-grande-mosquee-de-bruxelles\/183738\/","og_site_name":"webdo","article_publisher":"https:\/\/www.facebook.com\/webdotn","article_published_time":"2015-11-26T16:42:00+00:00","author":"webdo.tn","twitter_card":"summary_large_image","twitter_creator":"@webdo_tn","twitter_site":"@webdo_tn","twitter_misc":{"\u00c9crit par":"webdo.tn","Dur\u00e9e de lecture estim\u00e9e":"1 minute"},"schema":{"@context":"https:\/\/schema.org","@graph":[{"@type":"NewsArticle","@id":"https:\/\/www.webdo.tn\/fr\/actualite\/international\/alerte-a-lanthrax-a-la-grande-mosquee-de-bruxelles\/183738\/#article","isPartOf":{"@id":"https:\/\/www.webdo.tn\/fr\/actualite\/international\/alerte-a-lanthrax-a-la-grande-mosquee-de-bruxelles\/183738\/"},"author":{"name":"webdo.tn","@id":"https:\/\/www.webdo.tn\/fr\/#\/schema\/person\/9a9c6118d687c117df8ef3cc36a4d175"},"headline":"Alerte \u00e0 l&rsquo;anthrax \u00e0 la Grande mosqu\u00e9e de Bruxelles","datePublished":"2015-11-26T16:42:00+00:00","mainEntityOfPage":{"@id":"https:\/\/www.webdo.tn\/fr\/actualite\/international\/alerte-a-lanthrax-a-la-grande-mosquee-de-bruxelles\/183738\/"},"wordCount":151,"commentCount":0,"publisher":{"@id":"https:\/\/www.webdo.tn\/fr\/#organization"},"image":{"@id":"https:\/\/www.webdo.tn\/fr\/actualite\/international\/alerte-a-lanthrax-a-la-grande-mosquee-de-bruxelles\/183738\/#primaryimage"},"thumbnailUrl":"https:\/\/www.webdo.tn\/fr\/wp-content\/uploads\/2025\/06\/Grande-mosquee-de-Bruxelles-300x169_183738.jpg","keywords":["guerre"],"articleSection":["International"],"inLanguage":"fr-FR"},{"@type":"WebPage","@id":"https:\/\/www.webdo.tn\/fr\/actualite\/international\/alerte-a-lanthrax-a-la-grande-mosquee-de-bruxelles\/183738\/","url":"https:\/\/www.webdo.tn\/fr\/actualite\/international\/alerte-a-lanthrax-a-la-grande-mosquee-de-bruxelles\/183738\/","name":"Alerte \u00e0 l'anthrax \u00e0 la Grande mosqu\u00e9e de Bruxelles","isPartOf":{"@id":"https:\/\/www.webdo.tn\/fr\/#website"},"primaryImageOfPage":{"@id":"https:\/\/www.webdo.tn\/fr\/actualite\/international\/alerte-a-lanthrax-a-la-grande-mosquee-de-bruxelles\/183738\/#primaryimage"},"image":{"@id":"https:\/\/www.webdo.tn\/fr\/actualite\/international\/alerte-a-lanthrax-a-la-grande-mosquee-de-bruxelles\/183738\/#primaryimage"},"thumbnailUrl":"https:\/\/www.webdo.tn\/fr\/wp-content\/uploads\/2025\/06\/Grande-mosquee-de-Bruxelles-300x169_183738.jpg","datePublished":"2015-11-26T16:42:00+00:00","description":"Alerte \u00e0 l'anthrax \u00e0 la Grande mosqu\u00e9e de Bruxelles","breadcrumb":{"@id":"https:\/\/www.webdo.tn\/fr\/actualite\/international\/alerte-a-lanthrax-a-la-grande-mosquee-de-bruxelles\/183738\/#breadcrumb"},"inLanguage":"fr-FR","potentialAction":[{"@type":"ReadAction","target":["https:\/\/www.webdo.tn\/fr\/actualite\/international\/alerte-a-lanthrax-a-la-grande-mosquee-de-bruxelles\/183738\/"]}]},{"@type":"ImageObject","inLanguage":"fr-FR","@id":"https:\/\/www.webdo.tn\/fr\/actualite\/international\/alerte-a-lanthrax-a-la-grande-mosquee-de-bruxelles\/183738\/#primaryimage","url":"https:\/\/www.webdo.tn\/fr\/wp-content\/uploads\/2025\/06\/Grande-mosquee-de-Bruxelles-300x169_183738.jpg","contentUrl":"https:\/\/www.webdo.tn\/fr\/wp-content\/uploads\/2025\/06\/Grande-mosquee-de-Bruxelles-300x169_183738.jpg","width":300,"height":169,"caption":"Alerte \u00e0 l'anthrax \u00e0 la Grande mosqu\u00e9e de Bruxelles"},{"@type":"BreadcrumbList","@id":"https:\/\/www.webdo.tn\/fr\/actualite\/international\/alerte-a-lanthrax-a-la-grande-mosquee-de-bruxelles\/183738\/#breadcrumb","itemListElement":[{"@type":"ListItem","position":1,"name":"Accueil","item":"https:\/\/www.webdo.tn\/fr\/"},{"@type":"ListItem","position":2,"name":"Alerte \u00e0 l&rsquo;anthrax \u00e0 la Grande mosqu\u00e9e de Bruxelles"}]},{"@type":"WebSite","@id":"https:\/\/www.webdo.tn\/fr\/#website","url":"https:\/\/www.webdo.tn\/fr\/","name":"webdo","description":"Tunisie - News en Tunisie et \u00e0 l&#039;international sur Webdo.tn","publisher":{"@id":"https:\/\/www.webdo.tn\/fr\/#organization"},"potentialAction":[{"@type":"SearchAction","target":{"@type":"EntryPoint","urlTemplate":"https:\/\/www.webdo.tn\/fr\/?s={search_term_string}"},"query-input":{"@type":"PropertyValueSpecification","valueRequired":true,"valueName":"search_term_string"}}],"inLanguage":"fr-FR"},{"@type":"Organization","@id":"https:\/\/www.webdo.tn\/fr\/#organization","name":"Webdo","alternateName":"Webdo.tn","url":"https:\/\/www.webdo.tn\/fr\/","logo":{"@type":"ImageObject","inLanguage":"fr-FR","@id":"https:\/\/www.webdo.tn\/fr\/#\/schema\/logo\/image\/","url":"https:\/\/www.webdo.tn\/fr\/wp-content\/uploads\/2025\/06\/Webdo-Tunisie_168377.jpg","contentUrl":"https:\/\/www.webdo.tn\/fr\/wp-content\/uploads\/2025\/06\/Webdo-Tunisie_168377.jpg","width":301,"height":301,"caption":"Webdo"},"image":{"@id":"https:\/\/www.webdo.tn\/fr\/#\/schema\/logo\/image\/"},"sameAs":["https:\/\/www.facebook.com\/webdotn","https:\/\/x.com\/webdo_tn"],"description":"Webdo est un m\u00e9dia num\u00e9rique tunisien fond\u00e9 en 2010, sp\u00e9cialis\u00e9 dans l\u2019actualit\u00e9 nationale et internationale, l\u2019\u00e9conomie, la soci\u00e9t\u00e9 et les analyses politiques. Le site s\u2019adresse \u00e0 un large public francophone et couvre l\u2019information tunisienne en temps r\u00e9el.","email":"redac@webdo.tn","legalName":"YNJ SARL","foundingDate":"2010-09-06","numberOfEmployees":{"@type":"QuantitativeValue","minValue":"11","maxValue":"50"}},{"@type":"Person","@id":"https:\/\/www.webdo.tn\/fr\/#\/schema\/person\/9a9c6118d687c117df8ef3cc36a4d175","name":"webdo.tn","image":{"@type":"ImageObject","inLanguage":"fr-FR","@id":"https:\/\/secure.gravatar.com\/avatar\/7ce1f28c0c3bbac99ff550b85ef8e44a6950c6ee24514fb6a5489e51d06f0298?s=96&d=mm&r=g","url":"https:\/\/secure.gravatar.com\/avatar\/7ce1f28c0c3bbac99ff550b85ef8e44a6950c6ee24514fb6a5489e51d06f0298?s=96&d=mm&r=g","contentUrl":"https:\/\/secure.gravatar.com\/avatar\/7ce1f28c0c3bbac99ff550b85ef8e44a6950c6ee24514fb6a5489e51d06f0298?s=96&d=mm&r=g","caption":"webdo.tn"},"url":"https:\/\/www.webdo.tn\/fr\/actualite\/author\/webdotn\/"}]}},"_links":{"self":[{"href":"https:\/\/www.webdo.tn\/fr\/wp-json\/wp\/v2\/posts\/183738","targetHints":{"allow":["GET"]}}],"collection":[{"href":"https:\/\/www.webdo.tn\/fr\/wp-json\/wp\/v2\/posts"}],"about":[{"href":"https:\/\/www.webdo.tn\/fr\/wp-json\/wp\/v2\/types\/post"}],"author":[{"embeddable":true,"href":"https:\/\/www.webdo.tn\/fr\/wp-json\/wp\/v2\/users\/3222"}],"replies":[{"embeddable":true,"href":"https:\/\/www.webdo.tn\/fr\/wp-json\/wp\/v2\/comments?post=183738"}],"version-history":[{"count":0,"href":"https:\/\/www.webdo.tn\/fr\/wp-json\/wp\/v2\/posts\/183738\/revisions"}],"wp:featuredmedia":[{"embeddable":true,"href":"https:\/\/www.webdo.tn\/fr\/wp-json\/wp\/v2\/media\/372765"}],"wp:attachment":[{"href":"https:\/\/www.webdo.tn\/fr\/wp-json\/wp\/v2\/media?parent=183738"}],"wp:term":[{"taxonomy":"category","embeddable":true,"href":"https:\/\/www.webdo.tn\/fr\/wp-json\/wp\/v2\/categories?post=183738"},{"taxonomy":"post_tag","embeddable":true,"href":"https:\/\/www.webdo.tn\/fr\/wp-json\/wp\/v2\/tags?post=183738"}],"curies":[{"name":"wp","href":"https:\/\/api.w.org\/{rel}","templated":true}]}}