{"id":183737,"date":"2015-11-27T13:04:00","date_gmt":"2015-11-27T13:04:00","guid":{"rendered":"https:\/\/www.webdo.tn\/fr\/blog\/la-france-avertit-quelle-pourrait-violer-la-convention-des-droits-de-lhomme\/183737\/"},"modified":"2025-05-19T10:00:38","modified_gmt":"2025-05-19T10:00:38","slug":"la-france-avertit-quelle-pourrait-violer-la-convention-des-droits-de-lhomme","status":"publish","type":"post","link":"https:\/\/www.webdo.tn\/fr\/actualite\/international\/la-france-avertit-quelle-pourrait-violer-la-convention-des-droits-de-lhomme\/183737\/","title":{"rendered":"La France avertit qu&rsquo;elle pourrait violer la convention des droits de l&rsquo;homme"},"content":{"rendered":"<p>L&rsquo;\u00e9tat d&rsquo;urgence d\u00e9cr\u00e9t\u00e9 en France depuis les attentats du 13 novembre a pouss\u00e9 Paris \u00e0 informer le Conseil de l&rsquo;Europe \u00ab\u00a0de sa d\u00e9cision de d\u00e9roger \u00e0 la Convention europ\u00e9enne des droits de l&rsquo;homme\u00a0\u00bb.<\/p>\n<p>Les autorit\u00e9s fran\u00e7aises ont inform\u00e9 le secr\u00e9taire g\u00e9n\u00e9ral du Conseil de l&rsquo;Europe, Thorbjorn Jagland, \u00ab\u00a0d&rsquo;un certain nombre de mesures prises dans le cadre de l&rsquo;\u00e9tat d&rsquo;urgence instaur\u00e9 \u00e0 la suite des attentats terroristes de grande ampleur perp\u00e9tr\u00e9s \u00e0 Paris\u00a0\u00bb.<\/p>\n<p>Ces mesures, du fait de l&rsquo;adoption de l&rsquo;\u00e9tat d&rsquo;urgence apr\u00e8s les attentats de Paris, \u00ab\u00a0sont susceptibles de n\u00e9cessiter une d\u00e9rogation \u00e0 certains droits garantis par la convention europ\u00e9enne des droits de l&rsquo;homme\u00a0\u00bb, selon un communiqu\u00e9 du Conseil de l&rsquo;Europe.<br \/>\nA.B.<\/p>\n","protected":false},"excerpt":{"rendered":"<p>La France avertit qu&rsquo;elle pourrait violer la convention des droits de l&rsquo;homme<\/p>\n","protected":false},"author":3222,"featured_media":328990,"comment_status":"open","ping_status":"closed","sticky":false,"template":"","format":"standard","meta":{"footnotes":""},"categories":[2598],"tags":[2600],"class_list":["post-183737","post","type-post","status-publish","format-standard","has-post-thumbnail","hentry","category-international","tag-guerre"],"yoast_head":"<!-- This site is optimized with the Yoast SEO Premium plugin v27.5 (Yoast SEO v27.5) - https:\/\/yoast.com\/product\/yoast-seo-premium-wordpress\/ -->\n<title>La France avertit qu&#039;elle pourrait violer la convention des droits de l&#039;homme<\/title>\n<meta name=\"description\" content=\"La France avertit qu&#039;elle pourrait violer la convention des droits de l&#039;homme\" \/>\n<link rel=\"canonical\" href=\"https:\/\/www.webdo.tn\/fr\/actualite\/international\/la-france-avertit-quelle-pourrait-violer-la-convention-des-droits-de-lhomme\/183737\/\" \/>\n<meta property=\"og:locale\" content=\"fr_FR\" \/>\n<meta property=\"og:type\" content=\"article\" \/>\n<meta property=\"og:title\" content=\"La France avertit qu&#039;elle pourrait violer la convention des droits de l&#039;homme\" \/>\n<meta property=\"og:description\" content=\"La France avertit qu&#039;elle pourrait violer la convention des droits de l&#039;homme\" \/>\n<meta property=\"og:url\" content=\"https:\/\/www.webdo.tn\/fr\/actualite\/international\/la-france-avertit-quelle-pourrait-violer-la-convention-des-droits-de-lhomme\/183737\/\" \/>\n<meta property=\"og:site_name\" content=\"webdo\" \/>\n<meta property=\"article:publisher\" content=\"https:\/\/www.facebook.com\/webdotn\" \/>\n<meta property=\"article:published_time\" content=\"2015-11-27T13:04:00+00:00\" \/>\n<meta property=\"article:modified_time\" content=\"2025-05-19T10:00:38+00:00\" \/>\n<meta property=\"og:image\" content=\"https:\/\/www.webdo.tn\/fr\/wp-content\/uploads\/2015\/11\/870x489_epalive904254-300x169-1.jpg\" \/>\n\t<meta property=\"og:image:width\" content=\"300\" \/>\n\t<meta property=\"og:image:height\" content=\"169\" \/>\n\t<meta property=\"og:image:type\" content=\"image\/jpeg\" \/>\n<meta name=\"author\" content=\"webdo.tn\" \/>\n<meta name=\"twitter:card\" content=\"summary_large_image\" \/>\n<meta name=\"twitter:creator\" content=\"@webdo_tn\" \/>\n<meta name=\"twitter:site\" content=\"@webdo_tn\" \/>\n<meta name=\"twitter:label1\" content=\"\u00c9crit par\" \/>\n\t<meta name=\"twitter:data1\" content=\"webdo.tn\" \/>\n\t<meta name=\"twitter:label2\" content=\"Dur\u00e9e de lecture estim\u00e9e\" \/>\n\t<meta name=\"twitter:data2\" content=\"1 minute\" \/>\n<script type=\"application\/ld+json\" class=\"yoast-schema-graph\">{\"@context\":\"https:\\\/\\\/schema.org\",\"@graph\":[{\"@type\":\"NewsArticle\",\"@id\":\"https:\\\/\\\/www.webdo.tn\\\/fr\\\/actualite\\\/international\\\/la-france-avertit-quelle-pourrait-violer-la-convention-des-droits-de-lhomme\\\/183737\\\/#article\",\"isPartOf\":{\"@id\":\"https:\\\/\\\/www.webdo.tn\\\/fr\\\/actualite\\\/international\\\/la-france-avertit-quelle-pourrait-violer-la-convention-des-droits-de-lhomme\\\/183737\\\/\"},\"author\":{\"name\":\"webdo.tn\",\"@id\":\"https:\\\/\\\/www.webdo.tn\\\/fr\\\/#\\\/schema\\\/person\\\/9a9c6118d687c117df8ef3cc36a4d175\"},\"headline\":\"La France avertit qu&rsquo;elle pourrait violer la convention des droits de l&rsquo;homme\",\"datePublished\":\"2015-11-27T13:04:00+00:00\",\"dateModified\":\"2025-05-19T10:00:38+00:00\",\"mainEntityOfPage\":{\"@id\":\"https:\\\/\\\/www.webdo.tn\\\/fr\\\/actualite\\\/international\\\/la-france-avertit-quelle-pourrait-violer-la-convention-des-droits-de-lhomme\\\/183737\\\/\"},\"wordCount\":150,\"commentCount\":0,\"publisher\":{\"@id\":\"https:\\\/\\\/www.webdo.tn\\\/fr\\\/#organization\"},\"image\":{\"@id\":\"https:\\\/\\\/www.webdo.tn\\\/fr\\\/actualite\\\/international\\\/la-france-avertit-quelle-pourrait-violer-la-convention-des-droits-de-lhomme\\\/183737\\\/#primaryimage\"},\"thumbnailUrl\":\"https:\\\/\\\/www.webdo.tn\\\/fr\\\/wp-content\\\/uploads\\\/2015\\\/11\\\/870x489_epalive904254-300x169-1.jpg\",\"keywords\":[\"guerre\"],\"articleSection\":[\"International\"],\"inLanguage\":\"fr-FR\"},{\"@type\":\"WebPage\",\"@id\":\"https:\\\/\\\/www.webdo.tn\\\/fr\\\/actualite\\\/international\\\/la-france-avertit-quelle-pourrait-violer-la-convention-des-droits-de-lhomme\\\/183737\\\/\",\"url\":\"https:\\\/\\\/www.webdo.tn\\\/fr\\\/actualite\\\/international\\\/la-france-avertit-quelle-pourrait-violer-la-convention-des-droits-de-lhomme\\\/183737\\\/\",\"name\":\"La France avertit qu'elle pourrait violer la convention des droits de l'homme\",\"isPartOf\":{\"@id\":\"https:\\\/\\\/www.webdo.tn\\\/fr\\\/#website\"},\"primaryImageOfPage\":{\"@id\":\"https:\\\/\\\/www.webdo.tn\\\/fr\\\/actualite\\\/international\\\/la-france-avertit-quelle-pourrait-violer-la-convention-des-droits-de-lhomme\\\/183737\\\/#primaryimage\"},\"image\":{\"@id\":\"https:\\\/\\\/www.webdo.tn\\\/fr\\\/actualite\\\/international\\\/la-france-avertit-quelle-pourrait-violer-la-convention-des-droits-de-lhomme\\\/183737\\\/#primaryimage\"},\"thumbnailUrl\":\"https:\\\/\\\/www.webdo.tn\\\/fr\\\/wp-content\\\/uploads\\\/2015\\\/11\\\/870x489_epalive904254-300x169-1.jpg\",\"datePublished\":\"2015-11-27T13:04:00+00:00\",\"dateModified\":\"2025-05-19T10:00:38+00:00\",\"description\":\"La France avertit qu'elle pourrait violer la convention des droits de l'homme\",\"breadcrumb\":{\"@id\":\"https:\\\/\\\/www.webdo.tn\\\/fr\\\/actualite\\\/international\\\/la-france-avertit-quelle-pourrait-violer-la-convention-des-droits-de-lhomme\\\/183737\\\/#breadcrumb\"},\"inLanguage\":\"fr-FR\",\"potentialAction\":[{\"@type\":\"ReadAction\",\"target\":[\"https:\\\/\\\/www.webdo.tn\\\/fr\\\/actualite\\\/international\\\/la-france-avertit-quelle-pourrait-violer-la-convention-des-droits-de-lhomme\\\/183737\\\/\"]}]},{\"@type\":\"ImageObject\",\"inLanguage\":\"fr-FR\",\"@id\":\"https:\\\/\\\/www.webdo.tn\\\/fr\\\/actualite\\\/international\\\/la-france-avertit-quelle-pourrait-violer-la-convention-des-droits-de-lhomme\\\/183737\\\/#primaryimage\",\"url\":\"https:\\\/\\\/www.webdo.tn\\\/fr\\\/wp-content\\\/uploads\\\/2015\\\/11\\\/870x489_epalive904254-300x169-1.jpg\",\"contentUrl\":\"https:\\\/\\\/www.webdo.tn\\\/fr\\\/wp-content\\\/uploads\\\/2015\\\/11\\\/870x489_epalive904254-300x169-1.jpg\",\"width\":300,\"height\":169,\"caption\":\"La France avertit qu'elle pourrait violer la convention des droits de l'homme\"},{\"@type\":\"BreadcrumbList\",\"@id\":\"https:\\\/\\\/www.webdo.tn\\\/fr\\\/actualite\\\/international\\\/la-france-avertit-quelle-pourrait-violer-la-convention-des-droits-de-lhomme\\\/183737\\\/#breadcrumb\",\"itemListElement\":[{\"@type\":\"ListItem\",\"position\":1,\"name\":\"Accueil\",\"item\":\"https:\\\/\\\/www.webdo.tn\\\/fr\\\/\"},{\"@type\":\"ListItem\",\"position\":2,\"name\":\"La France avertit qu&rsquo;elle pourrait violer la convention des droits de l&rsquo;homme\"}]},{\"@type\":\"WebSite\",\"@id\":\"https:\\\/\\\/www.webdo.tn\\\/fr\\\/#website\",\"url\":\"https:\\\/\\\/www.webdo.tn\\\/fr\\\/\",\"name\":\"webdo\",\"description\":\"Tunisie - News en Tunisie et \u00e0 l&#039;international sur Webdo.tn\",\"publisher\":{\"@id\":\"https:\\\/\\\/www.webdo.tn\\\/fr\\\/#organization\"},\"potentialAction\":[{\"@type\":\"SearchAction\",\"target\":{\"@type\":\"EntryPoint\",\"urlTemplate\":\"https:\\\/\\\/www.webdo.tn\\\/fr\\\/?s={search_term_string}\"},\"query-input\":{\"@type\":\"PropertyValueSpecification\",\"valueRequired\":true,\"valueName\":\"search_term_string\"}}],\"inLanguage\":\"fr-FR\"},{\"@type\":\"Organization\",\"@id\":\"https:\\\/\\\/www.webdo.tn\\\/fr\\\/#organization\",\"name\":\"Webdo\",\"alternateName\":\"Webdo.tn\",\"url\":\"https:\\\/\\\/www.webdo.tn\\\/fr\\\/\",\"logo\":{\"@type\":\"ImageObject\",\"inLanguage\":\"fr-FR\",\"@id\":\"https:\\\/\\\/www.webdo.tn\\\/fr\\\/#\\\/schema\\\/logo\\\/image\\\/\",\"url\":\"https:\\\/\\\/www.webdo.tn\\\/fr\\\/wp-content\\\/uploads\\\/2025\\\/06\\\/Webdo-Tunisie_168377.jpg\",\"contentUrl\":\"https:\\\/\\\/www.webdo.tn\\\/fr\\\/wp-content\\\/uploads\\\/2025\\\/06\\\/Webdo-Tunisie_168377.jpg\",\"width\":301,\"height\":301,\"caption\":\"Webdo\"},\"image\":{\"@id\":\"https:\\\/\\\/www.webdo.tn\\\/fr\\\/#\\\/schema\\\/logo\\\/image\\\/\"},\"sameAs\":[\"https:\\\/\\\/www.facebook.com\\\/webdotn\",\"https:\\\/\\\/x.com\\\/webdo_tn\"],\"description\":\"Webdo est un m\u00e9dia num\u00e9rique tunisien fond\u00e9 en 2010, sp\u00e9cialis\u00e9 dans l\u2019actualit\u00e9 nationale et internationale, l\u2019\u00e9conomie, la soci\u00e9t\u00e9 et les analyses politiques. Le site s\u2019adresse \u00e0 un large public francophone et couvre l\u2019information tunisienne en temps r\u00e9el.\",\"email\":\"redac@webdo.tn\",\"legalName\":\"YNJ SARL\",\"foundingDate\":\"2010-09-06\",\"numberOfEmployees\":{\"@type\":\"QuantitativeValue\",\"minValue\":\"11\",\"maxValue\":\"50\"}},{\"@type\":\"Person\",\"@id\":\"https:\\\/\\\/www.webdo.tn\\\/fr\\\/#\\\/schema\\\/person\\\/9a9c6118d687c117df8ef3cc36a4d175\",\"name\":\"webdo.tn\",\"image\":{\"@type\":\"ImageObject\",\"inLanguage\":\"fr-FR\",\"@id\":\"https:\\\/\\\/secure.gravatar.com\\\/avatar\\\/7ce1f28c0c3bbac99ff550b85ef8e44a6950c6ee24514fb6a5489e51d06f0298?s=96&d=mm&r=g\",\"url\":\"https:\\\/\\\/secure.gravatar.com\\\/avatar\\\/7ce1f28c0c3bbac99ff550b85ef8e44a6950c6ee24514fb6a5489e51d06f0298?s=96&d=mm&r=g\",\"contentUrl\":\"https:\\\/\\\/secure.gravatar.com\\\/avatar\\\/7ce1f28c0c3bbac99ff550b85ef8e44a6950c6ee24514fb6a5489e51d06f0298?s=96&d=mm&r=g\",\"caption\":\"webdo.tn\"},\"url\":\"https:\\\/\\\/www.webdo.tn\\\/fr\\\/actualite\\\/author\\\/webdotn\\\/\"}]}<\/script>\n<!-- \/ Yoast SEO Premium plugin. -->","yoast_head_json":{"title":"La France avertit qu'elle pourrait violer la convention des droits de l'homme","description":"La France avertit qu'elle pourrait violer la convention des droits de l'homme","canonical":"https:\/\/www.webdo.tn\/fr\/actualite\/international\/la-france-avertit-quelle-pourrait-violer-la-convention-des-droits-de-lhomme\/183737\/","og_locale":"fr_FR","og_type":"article","og_title":"La France avertit qu'elle pourrait violer la convention des droits de l'homme","og_description":"La France avertit qu'elle pourrait violer la convention des droits de l'homme","og_url":"https:\/\/www.webdo.tn\/fr\/actualite\/international\/la-france-avertit-quelle-pourrait-violer-la-convention-des-droits-de-lhomme\/183737\/","og_site_name":"webdo","article_publisher":"https:\/\/www.facebook.com\/webdotn","article_published_time":"2015-11-27T13:04:00+00:00","article_modified_time":"2025-05-19T10:00:38+00:00","og_image":[{"width":300,"height":169,"url":"https:\/\/www.webdo.tn\/fr\/wp-content\/uploads\/2015\/11\/870x489_epalive904254-300x169-1.jpg","type":"image\/jpeg"}],"author":"webdo.tn","twitter_card":"summary_large_image","twitter_creator":"@webdo_tn","twitter_site":"@webdo_tn","twitter_misc":{"\u00c9crit par":"webdo.tn","Dur\u00e9e de lecture estim\u00e9e":"1 minute"},"schema":{"@context":"https:\/\/schema.org","@graph":[{"@type":"NewsArticle","@id":"https:\/\/www.webdo.tn\/fr\/actualite\/international\/la-france-avertit-quelle-pourrait-violer-la-convention-des-droits-de-lhomme\/183737\/#article","isPartOf":{"@id":"https:\/\/www.webdo.tn\/fr\/actualite\/international\/la-france-avertit-quelle-pourrait-violer-la-convention-des-droits-de-lhomme\/183737\/"},"author":{"name":"webdo.tn","@id":"https:\/\/www.webdo.tn\/fr\/#\/schema\/person\/9a9c6118d687c117df8ef3cc36a4d175"},"headline":"La France avertit qu&rsquo;elle pourrait violer la convention des droits de l&rsquo;homme","datePublished":"2015-11-27T13:04:00+00:00","dateModified":"2025-05-19T10:00:38+00:00","mainEntityOfPage":{"@id":"https:\/\/www.webdo.tn\/fr\/actualite\/international\/la-france-avertit-quelle-pourrait-violer-la-convention-des-droits-de-lhomme\/183737\/"},"wordCount":150,"commentCount":0,"publisher":{"@id":"https:\/\/www.webdo.tn\/fr\/#organization"},"image":{"@id":"https:\/\/www.webdo.tn\/fr\/actualite\/international\/la-france-avertit-quelle-pourrait-violer-la-convention-des-droits-de-lhomme\/183737\/#primaryimage"},"thumbnailUrl":"https:\/\/www.webdo.tn\/fr\/wp-content\/uploads\/2015\/11\/870x489_epalive904254-300x169-1.jpg","keywords":["guerre"],"articleSection":["International"],"inLanguage":"fr-FR"},{"@type":"WebPage","@id":"https:\/\/www.webdo.tn\/fr\/actualite\/international\/la-france-avertit-quelle-pourrait-violer-la-convention-des-droits-de-lhomme\/183737\/","url":"https:\/\/www.webdo.tn\/fr\/actualite\/international\/la-france-avertit-quelle-pourrait-violer-la-convention-des-droits-de-lhomme\/183737\/","name":"La France avertit qu'elle pourrait violer la convention des droits de l'homme","isPartOf":{"@id":"https:\/\/www.webdo.tn\/fr\/#website"},"primaryImageOfPage":{"@id":"https:\/\/www.webdo.tn\/fr\/actualite\/international\/la-france-avertit-quelle-pourrait-violer-la-convention-des-droits-de-lhomme\/183737\/#primaryimage"},"image":{"@id":"https:\/\/www.webdo.tn\/fr\/actualite\/international\/la-france-avertit-quelle-pourrait-violer-la-convention-des-droits-de-lhomme\/183737\/#primaryimage"},"thumbnailUrl":"https:\/\/www.webdo.tn\/fr\/wp-content\/uploads\/2015\/11\/870x489_epalive904254-300x169-1.jpg","datePublished":"2015-11-27T13:04:00+00:00","dateModified":"2025-05-19T10:00:38+00:00","description":"La France avertit qu'elle pourrait violer la convention des droits de l'homme","breadcrumb":{"@id":"https:\/\/www.webdo.tn\/fr\/actualite\/international\/la-france-avertit-quelle-pourrait-violer-la-convention-des-droits-de-lhomme\/183737\/#breadcrumb"},"inLanguage":"fr-FR","potentialAction":[{"@type":"ReadAction","target":["https:\/\/www.webdo.tn\/fr\/actualite\/international\/la-france-avertit-quelle-pourrait-violer-la-convention-des-droits-de-lhomme\/183737\/"]}]},{"@type":"ImageObject","inLanguage":"fr-FR","@id":"https:\/\/www.webdo.tn\/fr\/actualite\/international\/la-france-avertit-quelle-pourrait-violer-la-convention-des-droits-de-lhomme\/183737\/#primaryimage","url":"https:\/\/www.webdo.tn\/fr\/wp-content\/uploads\/2015\/11\/870x489_epalive904254-300x169-1.jpg","contentUrl":"https:\/\/www.webdo.tn\/fr\/wp-content\/uploads\/2015\/11\/870x489_epalive904254-300x169-1.jpg","width":300,"height":169,"caption":"La France avertit qu'elle pourrait violer la convention des droits de l'homme"},{"@type":"BreadcrumbList","@id":"https:\/\/www.webdo.tn\/fr\/actualite\/international\/la-france-avertit-quelle-pourrait-violer-la-convention-des-droits-de-lhomme\/183737\/#breadcrumb","itemListElement":[{"@type":"ListItem","position":1,"name":"Accueil","item":"https:\/\/www.webdo.tn\/fr\/"},{"@type":"ListItem","position":2,"name":"La France avertit qu&rsquo;elle pourrait violer la convention des droits de l&rsquo;homme"}]},{"@type":"WebSite","@id":"https:\/\/www.webdo.tn\/fr\/#website","url":"https:\/\/www.webdo.tn\/fr\/","name":"webdo","description":"Tunisie - News en Tunisie et \u00e0 l&#039;international sur Webdo.tn","publisher":{"@id":"https:\/\/www.webdo.tn\/fr\/#organization"},"potentialAction":[{"@type":"SearchAction","target":{"@type":"EntryPoint","urlTemplate":"https:\/\/www.webdo.tn\/fr\/?s={search_term_string}"},"query-input":{"@type":"PropertyValueSpecification","valueRequired":true,"valueName":"search_term_string"}}],"inLanguage":"fr-FR"},{"@type":"Organization","@id":"https:\/\/www.webdo.tn\/fr\/#organization","name":"Webdo","alternateName":"Webdo.tn","url":"https:\/\/www.webdo.tn\/fr\/","logo":{"@type":"ImageObject","inLanguage":"fr-FR","@id":"https:\/\/www.webdo.tn\/fr\/#\/schema\/logo\/image\/","url":"https:\/\/www.webdo.tn\/fr\/wp-content\/uploads\/2025\/06\/Webdo-Tunisie_168377.jpg","contentUrl":"https:\/\/www.webdo.tn\/fr\/wp-content\/uploads\/2025\/06\/Webdo-Tunisie_168377.jpg","width":301,"height":301,"caption":"Webdo"},"image":{"@id":"https:\/\/www.webdo.tn\/fr\/#\/schema\/logo\/image\/"},"sameAs":["https:\/\/www.facebook.com\/webdotn","https:\/\/x.com\/webdo_tn"],"description":"Webdo est un m\u00e9dia num\u00e9rique tunisien fond\u00e9 en 2010, sp\u00e9cialis\u00e9 dans l\u2019actualit\u00e9 nationale et internationale, l\u2019\u00e9conomie, la soci\u00e9t\u00e9 et les analyses politiques. Le site s\u2019adresse \u00e0 un large public francophone et couvre l\u2019information tunisienne en temps r\u00e9el.","email":"redac@webdo.tn","legalName":"YNJ SARL","foundingDate":"2010-09-06","numberOfEmployees":{"@type":"QuantitativeValue","minValue":"11","maxValue":"50"}},{"@type":"Person","@id":"https:\/\/www.webdo.tn\/fr\/#\/schema\/person\/9a9c6118d687c117df8ef3cc36a4d175","name":"webdo.tn","image":{"@type":"ImageObject","inLanguage":"fr-FR","@id":"https:\/\/secure.gravatar.com\/avatar\/7ce1f28c0c3bbac99ff550b85ef8e44a6950c6ee24514fb6a5489e51d06f0298?s=96&d=mm&r=g","url":"https:\/\/secure.gravatar.com\/avatar\/7ce1f28c0c3bbac99ff550b85ef8e44a6950c6ee24514fb6a5489e51d06f0298?s=96&d=mm&r=g","contentUrl":"https:\/\/secure.gravatar.com\/avatar\/7ce1f28c0c3bbac99ff550b85ef8e44a6950c6ee24514fb6a5489e51d06f0298?s=96&d=mm&r=g","caption":"webdo.tn"},"url":"https:\/\/www.webdo.tn\/fr\/actualite\/author\/webdotn\/"}]}},"_links":{"self":[{"href":"https:\/\/www.webdo.tn\/fr\/wp-json\/wp\/v2\/posts\/183737","targetHints":{"allow":["GET"]}}],"collection":[{"href":"https:\/\/www.webdo.tn\/fr\/wp-json\/wp\/v2\/posts"}],"about":[{"href":"https:\/\/www.webdo.tn\/fr\/wp-json\/wp\/v2\/types\/post"}],"author":[{"embeddable":true,"href":"https:\/\/www.webdo.tn\/fr\/wp-json\/wp\/v2\/users\/3222"}],"replies":[{"embeddable":true,"href":"https:\/\/www.webdo.tn\/fr\/wp-json\/wp\/v2\/comments?post=183737"}],"version-history":[{"count":0,"href":"https:\/\/www.webdo.tn\/fr\/wp-json\/wp\/v2\/posts\/183737\/revisions"}],"wp:featuredmedia":[{"embeddable":true,"href":"https:\/\/www.webdo.tn\/fr\/wp-json\/wp\/v2\/media\/328990"}],"wp:attachment":[{"href":"https:\/\/www.webdo.tn\/fr\/wp-json\/wp\/v2\/media?parent=183737"}],"wp:term":[{"taxonomy":"category","embeddable":true,"href":"https:\/\/www.webdo.tn\/fr\/wp-json\/wp\/v2\/categories?post=183737"},{"taxonomy":"post_tag","embeddable":true,"href":"https:\/\/www.webdo.tn\/fr\/wp-json\/wp\/v2\/tags?post=183737"}],"curies":[{"name":"wp","href":"https:\/\/api.w.org\/{rel}","templated":true}]}}