{"id":183734,"date":"2015-11-27T22:26:00","date_gmt":"2015-11-27T22:26:00","guid":{"rendered":"https:\/\/www.webdo.tn\/fr\/blog\/allemagne-un-tunisien-soupconne-de-preparer-un-acte-de-violence-grave\/183734\/"},"modified":"2015-11-27T22:26:00","modified_gmt":"2015-11-27T22:26:00","slug":"allemagne-un-tunisien-soupconne-de-preparer-un-acte-de-violence-grave","status":"publish","type":"post","link":"https:\/\/www.webdo.tn\/fr\/actualite\/international\/allemagne-un-tunisien-soupconne-de-preparer-un-acte-de-violence-grave\/183734\/","title":{"rendered":"Allemagne : Un tunisien soup\u00e7onn\u00e9 de pr\u00e9parer un \u00ab\u00a0acte de violence grave\u00a0\u00bb"},"content":{"rendered":"<p>Selon le journal allemand Der Tagesspiegel, la police allemande a arret\u00e9, aujourd&rsquo;hui 26 novembre 2015, deux hommes \u00e0 Berlin. Un Tunisien de 28 ans et son comp\u00e8re syrien de 46 ans.<\/p>\n<p>Les deux hommes sont soup\u00e7onn\u00e9s d&rsquo;avoir planifi\u00e9 de commettre un \u00ab\u00a0acte de violence grave repr\u00e9sentant un danger pour l&rsquo;Etat\u00a0\u00bb \u00e0 Dortmund. Ils \u00e9taient en contact avec une mouvance islamiste. Selon les policiers, les locaux de l&rsquo;association pouvaient avoir servi \u00e0 stocker les composants d&rsquo;un engin explosif.<\/p>\n<p>Cependant, Les autorit\u00e9s n&rsquo;ont donn\u00e9 aucune pr\u00e9cision sur la nature des soup\u00e7ons pesant sur les deux hommes, ni sur leur projet suppos\u00e9 ou sur les indices ayant conduit \u00e0 leur interpellation.<\/p>\n<p>Les deux suspects ont finalement \u00e9t\u00e9 rel\u00e2ch\u00e9s, en fin de journ\u00e9e, alors que ni armes ni explosifs n&rsquo;ont \u00e9t\u00e9 retrouv\u00e9s dans les locaux de l&rsquo;association et dans le v\u00e9hicule des deux hommes.<br \/>\nN.J.<\/p>\n","protected":false},"excerpt":{"rendered":"<p>Allemagne : Un tunisien soup\u00e7onn\u00e9 de pr\u00e9parer un  acte de violence grave<\/p>\n","protected":false},"author":3222,"featured_media":336533,"comment_status":"open","ping_status":"closed","sticky":false,"template":"","format":"standard","meta":{"footnotes":""},"categories":[2598],"tags":[2600],"class_list":["post-183734","post","type-post","status-publish","format-standard","has-post-thumbnail","hentry","category-international","tag-guerre"],"yoast_head":"<!-- This site is optimized with the Yoast SEO Premium plugin v27.5 (Yoast SEO v27.5) - https:\/\/yoast.com\/product\/yoast-seo-premium-wordpress\/ -->\n<title>Allemagne : Un tunisien soup\u00e7onn\u00e9 de pr\u00e9parer un acte de violence grave<\/title>\n<meta name=\"description\" content=\"Allemagne : Un tunisien soup\u00e7onn\u00e9 de pr\u00e9parer un acte de violence grave\" \/>\n<link rel=\"canonical\" href=\"https:\/\/www.webdo.tn\/fr\/actualite\/international\/allemagne-un-tunisien-soupconne-de-preparer-un-acte-de-violence-grave\/183734\/\" \/>\n<meta property=\"og:locale\" content=\"fr_FR\" \/>\n<meta property=\"og:type\" content=\"article\" \/>\n<meta property=\"og:title\" content=\"Allemagne : Un tunisien soup\u00e7onn\u00e9 de pr\u00e9parer un &quot;acte de violence grave&quot;\" \/>\n<meta property=\"og:description\" content=\"Allemagne : Un tunisien soup\u00e7onn\u00e9 de pr\u00e9parer un acte de violence grave\" \/>\n<meta property=\"og:url\" content=\"https:\/\/www.webdo.tn\/fr\/actualite\/international\/allemagne-un-tunisien-soupconne-de-preparer-un-acte-de-violence-grave\/183734\/\" \/>\n<meta property=\"og:site_name\" content=\"webdo\" \/>\n<meta property=\"article:publisher\" content=\"https:\/\/www.facebook.com\/webdotn\" \/>\n<meta property=\"article:published_time\" content=\"2015-11-27T22:26:00+00:00\" \/>\n<meta property=\"og:image\" content=\"https:\/\/www.webdo.tn\/fr\/wp-content\/uploads\/2015\/11\/7387521-300x169-1.jpg\" \/>\n\t<meta property=\"og:image:width\" content=\"300\" \/>\n\t<meta property=\"og:image:height\" content=\"169\" \/>\n\t<meta property=\"og:image:type\" content=\"image\/jpeg\" \/>\n<meta name=\"author\" content=\"webdo.tn\" \/>\n<meta name=\"twitter:card\" content=\"summary_large_image\" \/>\n<meta name=\"twitter:creator\" content=\"@webdo_tn\" \/>\n<meta name=\"twitter:site\" content=\"@webdo_tn\" \/>\n<meta name=\"twitter:label1\" content=\"\u00c9crit par\" \/>\n\t<meta name=\"twitter:data1\" content=\"webdo.tn\" \/>\n\t<meta name=\"twitter:label2\" content=\"Dur\u00e9e de lecture estim\u00e9e\" \/>\n\t<meta name=\"twitter:data2\" content=\"1 minute\" \/>\n<script type=\"application\/ld+json\" class=\"yoast-schema-graph\">{\"@context\":\"https:\\\/\\\/schema.org\",\"@graph\":[{\"@type\":\"NewsArticle\",\"@id\":\"https:\\\/\\\/www.webdo.tn\\\/fr\\\/actualite\\\/international\\\/allemagne-un-tunisien-soupconne-de-preparer-un-acte-de-violence-grave\\\/183734\\\/#article\",\"isPartOf\":{\"@id\":\"https:\\\/\\\/www.webdo.tn\\\/fr\\\/actualite\\\/international\\\/allemagne-un-tunisien-soupconne-de-preparer-un-acte-de-violence-grave\\\/183734\\\/\"},\"author\":{\"name\":\"webdo.tn\",\"@id\":\"https:\\\/\\\/www.webdo.tn\\\/fr\\\/#\\\/schema\\\/person\\\/9a9c6118d687c117df8ef3cc36a4d175\"},\"headline\":\"Allemagne : Un tunisien soup\u00e7onn\u00e9 de pr\u00e9parer un \u00ab\u00a0acte de violence grave\u00a0\u00bb\",\"datePublished\":\"2015-11-27T22:26:00+00:00\",\"mainEntityOfPage\":{\"@id\":\"https:\\\/\\\/www.webdo.tn\\\/fr\\\/actualite\\\/international\\\/allemagne-un-tunisien-soupconne-de-preparer-un-acte-de-violence-grave\\\/183734\\\/\"},\"wordCount\":167,\"commentCount\":0,\"publisher\":{\"@id\":\"https:\\\/\\\/www.webdo.tn\\\/fr\\\/#organization\"},\"image\":{\"@id\":\"https:\\\/\\\/www.webdo.tn\\\/fr\\\/actualite\\\/international\\\/allemagne-un-tunisien-soupconne-de-preparer-un-acte-de-violence-grave\\\/183734\\\/#primaryimage\"},\"thumbnailUrl\":\"https:\\\/\\\/www.webdo.tn\\\/fr\\\/wp-content\\\/uploads\\\/2015\\\/11\\\/7387521-300x169-1.jpg\",\"keywords\":[\"guerre\"],\"articleSection\":[\"International\"],\"inLanguage\":\"fr-FR\"},{\"@type\":\"WebPage\",\"@id\":\"https:\\\/\\\/www.webdo.tn\\\/fr\\\/actualite\\\/international\\\/allemagne-un-tunisien-soupconne-de-preparer-un-acte-de-violence-grave\\\/183734\\\/\",\"url\":\"https:\\\/\\\/www.webdo.tn\\\/fr\\\/actualite\\\/international\\\/allemagne-un-tunisien-soupconne-de-preparer-un-acte-de-violence-grave\\\/183734\\\/\",\"name\":\"Allemagne : Un tunisien soup\u00e7onn\u00e9 de pr\u00e9parer un acte de violence grave\",\"isPartOf\":{\"@id\":\"https:\\\/\\\/www.webdo.tn\\\/fr\\\/#website\"},\"primaryImageOfPage\":{\"@id\":\"https:\\\/\\\/www.webdo.tn\\\/fr\\\/actualite\\\/international\\\/allemagne-un-tunisien-soupconne-de-preparer-un-acte-de-violence-grave\\\/183734\\\/#primaryimage\"},\"image\":{\"@id\":\"https:\\\/\\\/www.webdo.tn\\\/fr\\\/actualite\\\/international\\\/allemagne-un-tunisien-soupconne-de-preparer-un-acte-de-violence-grave\\\/183734\\\/#primaryimage\"},\"thumbnailUrl\":\"https:\\\/\\\/www.webdo.tn\\\/fr\\\/wp-content\\\/uploads\\\/2015\\\/11\\\/7387521-300x169-1.jpg\",\"datePublished\":\"2015-11-27T22:26:00+00:00\",\"description\":\"Allemagne : Un tunisien soup\u00e7onn\u00e9 de pr\u00e9parer un acte de violence grave\",\"breadcrumb\":{\"@id\":\"https:\\\/\\\/www.webdo.tn\\\/fr\\\/actualite\\\/international\\\/allemagne-un-tunisien-soupconne-de-preparer-un-acte-de-violence-grave\\\/183734\\\/#breadcrumb\"},\"inLanguage\":\"fr-FR\",\"potentialAction\":[{\"@type\":\"ReadAction\",\"target\":[\"https:\\\/\\\/www.webdo.tn\\\/fr\\\/actualite\\\/international\\\/allemagne-un-tunisien-soupconne-de-preparer-un-acte-de-violence-grave\\\/183734\\\/\"]}]},{\"@type\":\"ImageObject\",\"inLanguage\":\"fr-FR\",\"@id\":\"https:\\\/\\\/www.webdo.tn\\\/fr\\\/actualite\\\/international\\\/allemagne-un-tunisien-soupconne-de-preparer-un-acte-de-violence-grave\\\/183734\\\/#primaryimage\",\"url\":\"https:\\\/\\\/www.webdo.tn\\\/fr\\\/wp-content\\\/uploads\\\/2015\\\/11\\\/7387521-300x169-1.jpg\",\"contentUrl\":\"https:\\\/\\\/www.webdo.tn\\\/fr\\\/wp-content\\\/uploads\\\/2015\\\/11\\\/7387521-300x169-1.jpg\",\"width\":300,\"height\":169,\"caption\":\"Allemagne : Un tunisien soup\u00e7onn\u00e9 de pr\u00e9parer un \\\"acte de violence grave\\\"\"},{\"@type\":\"BreadcrumbList\",\"@id\":\"https:\\\/\\\/www.webdo.tn\\\/fr\\\/actualite\\\/international\\\/allemagne-un-tunisien-soupconne-de-preparer-un-acte-de-violence-grave\\\/183734\\\/#breadcrumb\",\"itemListElement\":[{\"@type\":\"ListItem\",\"position\":1,\"name\":\"Accueil\",\"item\":\"https:\\\/\\\/www.webdo.tn\\\/fr\\\/\"},{\"@type\":\"ListItem\",\"position\":2,\"name\":\"Allemagne : Un tunisien soup\u00e7onn\u00e9 de pr\u00e9parer un \u00ab\u00a0acte de violence grave\u00a0\u00bb\"}]},{\"@type\":\"WebSite\",\"@id\":\"https:\\\/\\\/www.webdo.tn\\\/fr\\\/#website\",\"url\":\"https:\\\/\\\/www.webdo.tn\\\/fr\\\/\",\"name\":\"webdo\",\"description\":\"Tunisie - News en Tunisie et \u00e0 l&#039;international sur Webdo.tn\",\"publisher\":{\"@id\":\"https:\\\/\\\/www.webdo.tn\\\/fr\\\/#organization\"},\"potentialAction\":[{\"@type\":\"SearchAction\",\"target\":{\"@type\":\"EntryPoint\",\"urlTemplate\":\"https:\\\/\\\/www.webdo.tn\\\/fr\\\/?s={search_term_string}\"},\"query-input\":{\"@type\":\"PropertyValueSpecification\",\"valueRequired\":true,\"valueName\":\"search_term_string\"}}],\"inLanguage\":\"fr-FR\"},{\"@type\":\"Organization\",\"@id\":\"https:\\\/\\\/www.webdo.tn\\\/fr\\\/#organization\",\"name\":\"Webdo\",\"alternateName\":\"Webdo.tn\",\"url\":\"https:\\\/\\\/www.webdo.tn\\\/fr\\\/\",\"logo\":{\"@type\":\"ImageObject\",\"inLanguage\":\"fr-FR\",\"@id\":\"https:\\\/\\\/www.webdo.tn\\\/fr\\\/#\\\/schema\\\/logo\\\/image\\\/\",\"url\":\"https:\\\/\\\/www.webdo.tn\\\/fr\\\/wp-content\\\/uploads\\\/2025\\\/06\\\/Webdo-Tunisie_168377.jpg\",\"contentUrl\":\"https:\\\/\\\/www.webdo.tn\\\/fr\\\/wp-content\\\/uploads\\\/2025\\\/06\\\/Webdo-Tunisie_168377.jpg\",\"width\":301,\"height\":301,\"caption\":\"Webdo\"},\"image\":{\"@id\":\"https:\\\/\\\/www.webdo.tn\\\/fr\\\/#\\\/schema\\\/logo\\\/image\\\/\"},\"sameAs\":[\"https:\\\/\\\/www.facebook.com\\\/webdotn\",\"https:\\\/\\\/x.com\\\/webdo_tn\"],\"description\":\"Webdo est un m\u00e9dia num\u00e9rique tunisien fond\u00e9 en 2010, sp\u00e9cialis\u00e9 dans l\u2019actualit\u00e9 nationale et internationale, l\u2019\u00e9conomie, la soci\u00e9t\u00e9 et les analyses politiques. Le site s\u2019adresse \u00e0 un large public francophone et couvre l\u2019information tunisienne en temps r\u00e9el.\",\"email\":\"redac@webdo.tn\",\"legalName\":\"YNJ SARL\",\"foundingDate\":\"2010-09-06\",\"numberOfEmployees\":{\"@type\":\"QuantitativeValue\",\"minValue\":\"11\",\"maxValue\":\"50\"}},{\"@type\":\"Person\",\"@id\":\"https:\\\/\\\/www.webdo.tn\\\/fr\\\/#\\\/schema\\\/person\\\/9a9c6118d687c117df8ef3cc36a4d175\",\"name\":\"webdo.tn\",\"image\":{\"@type\":\"ImageObject\",\"inLanguage\":\"fr-FR\",\"@id\":\"https:\\\/\\\/secure.gravatar.com\\\/avatar\\\/7ce1f28c0c3bbac99ff550b85ef8e44a6950c6ee24514fb6a5489e51d06f0298?s=96&d=mm&r=g\",\"url\":\"https:\\\/\\\/secure.gravatar.com\\\/avatar\\\/7ce1f28c0c3bbac99ff550b85ef8e44a6950c6ee24514fb6a5489e51d06f0298?s=96&d=mm&r=g\",\"contentUrl\":\"https:\\\/\\\/secure.gravatar.com\\\/avatar\\\/7ce1f28c0c3bbac99ff550b85ef8e44a6950c6ee24514fb6a5489e51d06f0298?s=96&d=mm&r=g\",\"caption\":\"webdo.tn\"},\"url\":\"https:\\\/\\\/www.webdo.tn\\\/fr\\\/actualite\\\/author\\\/webdotn\\\/\"}]}<\/script>\n<!-- \/ Yoast SEO Premium plugin. -->","yoast_head_json":{"title":"Allemagne : Un tunisien soup\u00e7onn\u00e9 de pr\u00e9parer un acte de violence grave","description":"Allemagne : Un tunisien soup\u00e7onn\u00e9 de pr\u00e9parer un acte de violence grave","canonical":"https:\/\/www.webdo.tn\/fr\/actualite\/international\/allemagne-un-tunisien-soupconne-de-preparer-un-acte-de-violence-grave\/183734\/","og_locale":"fr_FR","og_type":"article","og_title":"Allemagne : Un tunisien soup\u00e7onn\u00e9 de pr\u00e9parer un \"acte de violence grave\"","og_description":"Allemagne : Un tunisien soup\u00e7onn\u00e9 de pr\u00e9parer un acte de violence grave","og_url":"https:\/\/www.webdo.tn\/fr\/actualite\/international\/allemagne-un-tunisien-soupconne-de-preparer-un-acte-de-violence-grave\/183734\/","og_site_name":"webdo","article_publisher":"https:\/\/www.facebook.com\/webdotn","article_published_time":"2015-11-27T22:26:00+00:00","og_image":[{"width":300,"height":169,"url":"https:\/\/www.webdo.tn\/fr\/wp-content\/uploads\/2015\/11\/7387521-300x169-1.jpg","type":"image\/jpeg"}],"author":"webdo.tn","twitter_card":"summary_large_image","twitter_creator":"@webdo_tn","twitter_site":"@webdo_tn","twitter_misc":{"\u00c9crit par":"webdo.tn","Dur\u00e9e de lecture estim\u00e9e":"1 minute"},"schema":{"@context":"https:\/\/schema.org","@graph":[{"@type":"NewsArticle","@id":"https:\/\/www.webdo.tn\/fr\/actualite\/international\/allemagne-un-tunisien-soupconne-de-preparer-un-acte-de-violence-grave\/183734\/#article","isPartOf":{"@id":"https:\/\/www.webdo.tn\/fr\/actualite\/international\/allemagne-un-tunisien-soupconne-de-preparer-un-acte-de-violence-grave\/183734\/"},"author":{"name":"webdo.tn","@id":"https:\/\/www.webdo.tn\/fr\/#\/schema\/person\/9a9c6118d687c117df8ef3cc36a4d175"},"headline":"Allemagne : Un tunisien soup\u00e7onn\u00e9 de pr\u00e9parer un \u00ab\u00a0acte de violence grave\u00a0\u00bb","datePublished":"2015-11-27T22:26:00+00:00","mainEntityOfPage":{"@id":"https:\/\/www.webdo.tn\/fr\/actualite\/international\/allemagne-un-tunisien-soupconne-de-preparer-un-acte-de-violence-grave\/183734\/"},"wordCount":167,"commentCount":0,"publisher":{"@id":"https:\/\/www.webdo.tn\/fr\/#organization"},"image":{"@id":"https:\/\/www.webdo.tn\/fr\/actualite\/international\/allemagne-un-tunisien-soupconne-de-preparer-un-acte-de-violence-grave\/183734\/#primaryimage"},"thumbnailUrl":"https:\/\/www.webdo.tn\/fr\/wp-content\/uploads\/2015\/11\/7387521-300x169-1.jpg","keywords":["guerre"],"articleSection":["International"],"inLanguage":"fr-FR"},{"@type":"WebPage","@id":"https:\/\/www.webdo.tn\/fr\/actualite\/international\/allemagne-un-tunisien-soupconne-de-preparer-un-acte-de-violence-grave\/183734\/","url":"https:\/\/www.webdo.tn\/fr\/actualite\/international\/allemagne-un-tunisien-soupconne-de-preparer-un-acte-de-violence-grave\/183734\/","name":"Allemagne : Un tunisien soup\u00e7onn\u00e9 de pr\u00e9parer un acte de violence grave","isPartOf":{"@id":"https:\/\/www.webdo.tn\/fr\/#website"},"primaryImageOfPage":{"@id":"https:\/\/www.webdo.tn\/fr\/actualite\/international\/allemagne-un-tunisien-soupconne-de-preparer-un-acte-de-violence-grave\/183734\/#primaryimage"},"image":{"@id":"https:\/\/www.webdo.tn\/fr\/actualite\/international\/allemagne-un-tunisien-soupconne-de-preparer-un-acte-de-violence-grave\/183734\/#primaryimage"},"thumbnailUrl":"https:\/\/www.webdo.tn\/fr\/wp-content\/uploads\/2015\/11\/7387521-300x169-1.jpg","datePublished":"2015-11-27T22:26:00+00:00","description":"Allemagne : Un tunisien soup\u00e7onn\u00e9 de pr\u00e9parer un acte de violence grave","breadcrumb":{"@id":"https:\/\/www.webdo.tn\/fr\/actualite\/international\/allemagne-un-tunisien-soupconne-de-preparer-un-acte-de-violence-grave\/183734\/#breadcrumb"},"inLanguage":"fr-FR","potentialAction":[{"@type":"ReadAction","target":["https:\/\/www.webdo.tn\/fr\/actualite\/international\/allemagne-un-tunisien-soupconne-de-preparer-un-acte-de-violence-grave\/183734\/"]}]},{"@type":"ImageObject","inLanguage":"fr-FR","@id":"https:\/\/www.webdo.tn\/fr\/actualite\/international\/allemagne-un-tunisien-soupconne-de-preparer-un-acte-de-violence-grave\/183734\/#primaryimage","url":"https:\/\/www.webdo.tn\/fr\/wp-content\/uploads\/2015\/11\/7387521-300x169-1.jpg","contentUrl":"https:\/\/www.webdo.tn\/fr\/wp-content\/uploads\/2015\/11\/7387521-300x169-1.jpg","width":300,"height":169,"caption":"Allemagne : Un tunisien soup\u00e7onn\u00e9 de pr\u00e9parer un \"acte de violence grave\""},{"@type":"BreadcrumbList","@id":"https:\/\/www.webdo.tn\/fr\/actualite\/international\/allemagne-un-tunisien-soupconne-de-preparer-un-acte-de-violence-grave\/183734\/#breadcrumb","itemListElement":[{"@type":"ListItem","position":1,"name":"Accueil","item":"https:\/\/www.webdo.tn\/fr\/"},{"@type":"ListItem","position":2,"name":"Allemagne : Un tunisien soup\u00e7onn\u00e9 de pr\u00e9parer un \u00ab\u00a0acte de violence grave\u00a0\u00bb"}]},{"@type":"WebSite","@id":"https:\/\/www.webdo.tn\/fr\/#website","url":"https:\/\/www.webdo.tn\/fr\/","name":"webdo","description":"Tunisie - News en Tunisie et \u00e0 l&#039;international sur Webdo.tn","publisher":{"@id":"https:\/\/www.webdo.tn\/fr\/#organization"},"potentialAction":[{"@type":"SearchAction","target":{"@type":"EntryPoint","urlTemplate":"https:\/\/www.webdo.tn\/fr\/?s={search_term_string}"},"query-input":{"@type":"PropertyValueSpecification","valueRequired":true,"valueName":"search_term_string"}}],"inLanguage":"fr-FR"},{"@type":"Organization","@id":"https:\/\/www.webdo.tn\/fr\/#organization","name":"Webdo","alternateName":"Webdo.tn","url":"https:\/\/www.webdo.tn\/fr\/","logo":{"@type":"ImageObject","inLanguage":"fr-FR","@id":"https:\/\/www.webdo.tn\/fr\/#\/schema\/logo\/image\/","url":"https:\/\/www.webdo.tn\/fr\/wp-content\/uploads\/2025\/06\/Webdo-Tunisie_168377.jpg","contentUrl":"https:\/\/www.webdo.tn\/fr\/wp-content\/uploads\/2025\/06\/Webdo-Tunisie_168377.jpg","width":301,"height":301,"caption":"Webdo"},"image":{"@id":"https:\/\/www.webdo.tn\/fr\/#\/schema\/logo\/image\/"},"sameAs":["https:\/\/www.facebook.com\/webdotn","https:\/\/x.com\/webdo_tn"],"description":"Webdo est un m\u00e9dia num\u00e9rique tunisien fond\u00e9 en 2010, sp\u00e9cialis\u00e9 dans l\u2019actualit\u00e9 nationale et internationale, l\u2019\u00e9conomie, la soci\u00e9t\u00e9 et les analyses politiques. Le site s\u2019adresse \u00e0 un large public francophone et couvre l\u2019information tunisienne en temps r\u00e9el.","email":"redac@webdo.tn","legalName":"YNJ SARL","foundingDate":"2010-09-06","numberOfEmployees":{"@type":"QuantitativeValue","minValue":"11","maxValue":"50"}},{"@type":"Person","@id":"https:\/\/www.webdo.tn\/fr\/#\/schema\/person\/9a9c6118d687c117df8ef3cc36a4d175","name":"webdo.tn","image":{"@type":"ImageObject","inLanguage":"fr-FR","@id":"https:\/\/secure.gravatar.com\/avatar\/7ce1f28c0c3bbac99ff550b85ef8e44a6950c6ee24514fb6a5489e51d06f0298?s=96&d=mm&r=g","url":"https:\/\/secure.gravatar.com\/avatar\/7ce1f28c0c3bbac99ff550b85ef8e44a6950c6ee24514fb6a5489e51d06f0298?s=96&d=mm&r=g","contentUrl":"https:\/\/secure.gravatar.com\/avatar\/7ce1f28c0c3bbac99ff550b85ef8e44a6950c6ee24514fb6a5489e51d06f0298?s=96&d=mm&r=g","caption":"webdo.tn"},"url":"https:\/\/www.webdo.tn\/fr\/actualite\/author\/webdotn\/"}]}},"_links":{"self":[{"href":"https:\/\/www.webdo.tn\/fr\/wp-json\/wp\/v2\/posts\/183734","targetHints":{"allow":["GET"]}}],"collection":[{"href":"https:\/\/www.webdo.tn\/fr\/wp-json\/wp\/v2\/posts"}],"about":[{"href":"https:\/\/www.webdo.tn\/fr\/wp-json\/wp\/v2\/types\/post"}],"author":[{"embeddable":true,"href":"https:\/\/www.webdo.tn\/fr\/wp-json\/wp\/v2\/users\/3222"}],"replies":[{"embeddable":true,"href":"https:\/\/www.webdo.tn\/fr\/wp-json\/wp\/v2\/comments?post=183734"}],"version-history":[{"count":0,"href":"https:\/\/www.webdo.tn\/fr\/wp-json\/wp\/v2\/posts\/183734\/revisions"}],"wp:featuredmedia":[{"embeddable":true,"href":"https:\/\/www.webdo.tn\/fr\/wp-json\/wp\/v2\/media\/336533"}],"wp:attachment":[{"href":"https:\/\/www.webdo.tn\/fr\/wp-json\/wp\/v2\/media?parent=183734"}],"wp:term":[{"taxonomy":"category","embeddable":true,"href":"https:\/\/www.webdo.tn\/fr\/wp-json\/wp\/v2\/categories?post=183734"},{"taxonomy":"post_tag","embeddable":true,"href":"https:\/\/www.webdo.tn\/fr\/wp-json\/wp\/v2\/tags?post=183734"}],"curies":[{"name":"wp","href":"https:\/\/api.w.org\/{rel}","templated":true}]}}