{"id":183731,"date":"2015-12-01T09:36:00","date_gmt":"2015-12-01T09:36:00","guid":{"rendered":"https:\/\/www.webdo.tn\/fr\/blog\/poutine-accuse-erdogan-de-proteger-le-petrole-de-daech\/183731\/"},"modified":"2025-05-18T21:58:07","modified_gmt":"2025-05-18T21:58:07","slug":"poutine-accuse-erdogan-de-proteger-le-petrole-de-daech","status":"publish","type":"post","link":"https:\/\/www.webdo.tn\/fr\/actualite\/international\/poutine-accuse-erdogan-de-proteger-le-petrole-de-daech\/183731\/","title":{"rendered":"Poutine accuse Erdogan de prot\u00e9ger le p\u00e9trole de Daech"},"content":{"rendered":"<p>\u00ab\u00a0La Turquie a abattu notre bombardier pr\u00e8s de la fronti\u00e8re syrienne pour prot\u00e9ger le trafic de p\u00e9trole de l&rsquo;organisation \u00c9tat islamique (EI)\u00a0\u00bb, a accus\u00e9, lundi 30 novembre, le pr\u00e9sident russe Vladimir Poutine.<\/p>\n<p>\u00ab\u00a0Nous avons toutes les raisons de penser que la d\u00e9cision d&rsquo;abattre notre avion a \u00e9t\u00e9 dict\u00e9e par la volont\u00e9 de prot\u00e9ger ces chemins d&rsquo;acheminement de p\u00e9trole vers le territoire turc, justement vers ces ports depuis lesquels il est charg\u00e9 sur des navires-citernes\u00a0\u00bb, a d\u00e9clar\u00e9 M. Poutine lors d&rsquo;une conf\u00e9rence de presse en marge de la Cop21 pr\u00e8s de Paris.<\/p>\n<p>\u00ab\u00a0Nous avons re\u00e7u des informations compl\u00e9mentaires qui confirment malheureusement que ce p\u00e9trole, produit dans les endroits contr\u00f4l\u00e9s par l&rsquo;EI et d&rsquo;autres organisations terroristes, est achemin\u00e9 massivement, de mani\u00e8re industrielle, vers la Turquie\u00a0\u00bb, a-t-il poursuivi.<\/p>\n<p>Moscou a d\u00e9j\u00e0 accus\u00e9 Ankara la semaine derni\u00e8re, apr\u00e8s le crash d&rsquo;un Su-24 abattu pr\u00e8s de la fronti\u00e8re syrienne par l&rsquo;aviation turque, de \u00ab\u00a0prot\u00e9ger\u00a0\u00bb les jihadistes de l&rsquo;EI et de couvrir le trafic de p\u00e9trole qui constitue une des principales sources de financement de l&rsquo;organisation.<br \/>\nA.B.<\/p>\n","protected":false},"excerpt":{"rendered":"<p>Poutine accuse Erdogan de prot\u00e9ger le p\u00e9trole de Daech<\/p>\n","protected":false},"author":3222,"featured_media":372757,"comment_status":"open","ping_status":"closed","sticky":false,"template":"","format":"standard","meta":{"footnotes":""},"categories":[2598],"tags":[2600],"class_list":["post-183731","post","type-post","status-publish","format-standard","has-post-thumbnail","hentry","category-international","tag-guerre"],"yoast_head":"<!-- This site is optimized with the Yoast SEO Premium plugin v27.5 (Yoast SEO v27.5) - https:\/\/yoast.com\/product\/yoast-seo-premium-wordpress\/ -->\n<title>Poutine accuse Erdogan de prot\u00e9ger le p\u00e9trole de Daech<\/title>\n<meta name=\"description\" content=\"Poutine accuse Erdogan de prot\u00e9ger le p\u00e9trole de Daech\" \/>\n<link rel=\"canonical\" href=\"https:\/\/www.webdo.tn\/fr\/actualite\/international\/poutine-accuse-erdogan-de-proteger-le-petrole-de-daech\/183731\/\" \/>\n<meta property=\"og:locale\" content=\"fr_FR\" \/>\n<meta property=\"og:type\" content=\"article\" \/>\n<meta property=\"og:title\" content=\"Poutine accuse Erdogan de prot\u00e9ger le p\u00e9trole de Daech\" \/>\n<meta property=\"og:description\" content=\"Poutine accuse Erdogan de prot\u00e9ger le p\u00e9trole de Daech\" \/>\n<meta property=\"og:url\" content=\"https:\/\/www.webdo.tn\/fr\/actualite\/international\/poutine-accuse-erdogan-de-proteger-le-petrole-de-daech\/183731\/\" \/>\n<meta property=\"og:site_name\" content=\"webdo\" \/>\n<meta property=\"article:publisher\" content=\"https:\/\/www.facebook.com\/webdotn\" \/>\n<meta property=\"article:published_time\" content=\"2015-12-01T09:36:00+00:00\" \/>\n<meta property=\"article:modified_time\" content=\"2025-05-18T21:58:07+00:00\" \/>\n<meta name=\"author\" content=\"webdo.tn\" \/>\n<meta name=\"twitter:card\" content=\"summary_large_image\" \/>\n<meta name=\"twitter:creator\" content=\"@webdo_tn\" \/>\n<meta name=\"twitter:site\" content=\"@webdo_tn\" \/>\n<meta name=\"twitter:label1\" content=\"\u00c9crit par\" \/>\n\t<meta name=\"twitter:data1\" content=\"webdo.tn\" \/>\n\t<meta name=\"twitter:label2\" content=\"Dur\u00e9e de lecture estim\u00e9e\" \/>\n\t<meta name=\"twitter:data2\" content=\"1 minute\" \/>\n<script type=\"application\/ld+json\" class=\"yoast-schema-graph\">{\"@context\":\"https:\\\/\\\/schema.org\",\"@graph\":[{\"@type\":\"NewsArticle\",\"@id\":\"https:\\\/\\\/www.webdo.tn\\\/fr\\\/actualite\\\/international\\\/poutine-accuse-erdogan-de-proteger-le-petrole-de-daech\\\/183731\\\/#article\",\"isPartOf\":{\"@id\":\"https:\\\/\\\/www.webdo.tn\\\/fr\\\/actualite\\\/international\\\/poutine-accuse-erdogan-de-proteger-le-petrole-de-daech\\\/183731\\\/\"},\"author\":{\"name\":\"webdo.tn\",\"@id\":\"https:\\\/\\\/www.webdo.tn\\\/fr\\\/#\\\/schema\\\/person\\\/9a9c6118d687c117df8ef3cc36a4d175\"},\"headline\":\"Poutine accuse Erdogan de prot\u00e9ger le p\u00e9trole de Daech\",\"datePublished\":\"2015-12-01T09:36:00+00:00\",\"dateModified\":\"2025-05-18T21:58:07+00:00\",\"mainEntityOfPage\":{\"@id\":\"https:\\\/\\\/www.webdo.tn\\\/fr\\\/actualite\\\/international\\\/poutine-accuse-erdogan-de-proteger-le-petrole-de-daech\\\/183731\\\/\"},\"wordCount\":217,\"commentCount\":0,\"publisher\":{\"@id\":\"https:\\\/\\\/www.webdo.tn\\\/fr\\\/#organization\"},\"image\":{\"@id\":\"https:\\\/\\\/www.webdo.tn\\\/fr\\\/actualite\\\/international\\\/poutine-accuse-erdogan-de-proteger-le-petrole-de-daech\\\/183731\\\/#primaryimage\"},\"thumbnailUrl\":\"https:\\\/\\\/www.webdo.tn\\\/fr\\\/wp-content\\\/uploads\\\/2025\\\/06\\\/Recep-Tayyip-Erdogan-photo-wikipedia_183731.jpg\",\"keywords\":[\"guerre\"],\"articleSection\":[\"International\"],\"inLanguage\":\"fr-FR\"},{\"@type\":\"WebPage\",\"@id\":\"https:\\\/\\\/www.webdo.tn\\\/fr\\\/actualite\\\/international\\\/poutine-accuse-erdogan-de-proteger-le-petrole-de-daech\\\/183731\\\/\",\"url\":\"https:\\\/\\\/www.webdo.tn\\\/fr\\\/actualite\\\/international\\\/poutine-accuse-erdogan-de-proteger-le-petrole-de-daech\\\/183731\\\/\",\"name\":\"Poutine accuse Erdogan de prot\u00e9ger le p\u00e9trole de Daech\",\"isPartOf\":{\"@id\":\"https:\\\/\\\/www.webdo.tn\\\/fr\\\/#website\"},\"primaryImageOfPage\":{\"@id\":\"https:\\\/\\\/www.webdo.tn\\\/fr\\\/actualite\\\/international\\\/poutine-accuse-erdogan-de-proteger-le-petrole-de-daech\\\/183731\\\/#primaryimage\"},\"image\":{\"@id\":\"https:\\\/\\\/www.webdo.tn\\\/fr\\\/actualite\\\/international\\\/poutine-accuse-erdogan-de-proteger-le-petrole-de-daech\\\/183731\\\/#primaryimage\"},\"thumbnailUrl\":\"https:\\\/\\\/www.webdo.tn\\\/fr\\\/wp-content\\\/uploads\\\/2025\\\/06\\\/Recep-Tayyip-Erdogan-photo-wikipedia_183731.jpg\",\"datePublished\":\"2015-12-01T09:36:00+00:00\",\"dateModified\":\"2025-05-18T21:58:07+00:00\",\"description\":\"Poutine accuse Erdogan de prot\u00e9ger le p\u00e9trole de Daech\",\"breadcrumb\":{\"@id\":\"https:\\\/\\\/www.webdo.tn\\\/fr\\\/actualite\\\/international\\\/poutine-accuse-erdogan-de-proteger-le-petrole-de-daech\\\/183731\\\/#breadcrumb\"},\"inLanguage\":\"fr-FR\",\"potentialAction\":[{\"@type\":\"ReadAction\",\"target\":[\"https:\\\/\\\/www.webdo.tn\\\/fr\\\/actualite\\\/international\\\/poutine-accuse-erdogan-de-proteger-le-petrole-de-daech\\\/183731\\\/\"]}]},{\"@type\":\"ImageObject\",\"inLanguage\":\"fr-FR\",\"@id\":\"https:\\\/\\\/www.webdo.tn\\\/fr\\\/actualite\\\/international\\\/poutine-accuse-erdogan-de-proteger-le-petrole-de-daech\\\/183731\\\/#primaryimage\",\"url\":\"https:\\\/\\\/www.webdo.tn\\\/fr\\\/wp-content\\\/uploads\\\/2025\\\/06\\\/Recep-Tayyip-Erdogan-photo-wikipedia_183731.jpg\",\"contentUrl\":\"https:\\\/\\\/www.webdo.tn\\\/fr\\\/wp-content\\\/uploads\\\/2025\\\/06\\\/Recep-Tayyip-Erdogan-photo-wikipedia_183731.jpg\",\"width\":228,\"height\":299,\"caption\":\"Poutine accuse Erdogan de prot\u00e9ger le p\u00e9trole de Daech\"},{\"@type\":\"BreadcrumbList\",\"@id\":\"https:\\\/\\\/www.webdo.tn\\\/fr\\\/actualite\\\/international\\\/poutine-accuse-erdogan-de-proteger-le-petrole-de-daech\\\/183731\\\/#breadcrumb\",\"itemListElement\":[{\"@type\":\"ListItem\",\"position\":1,\"name\":\"Accueil\",\"item\":\"https:\\\/\\\/www.webdo.tn\\\/fr\\\/\"},{\"@type\":\"ListItem\",\"position\":2,\"name\":\"Poutine accuse Erdogan de prot\u00e9ger le p\u00e9trole de Daech\"}]},{\"@type\":\"WebSite\",\"@id\":\"https:\\\/\\\/www.webdo.tn\\\/fr\\\/#website\",\"url\":\"https:\\\/\\\/www.webdo.tn\\\/fr\\\/\",\"name\":\"webdo\",\"description\":\"Tunisie - News en Tunisie et \u00e0 l&#039;international sur Webdo.tn\",\"publisher\":{\"@id\":\"https:\\\/\\\/www.webdo.tn\\\/fr\\\/#organization\"},\"potentialAction\":[{\"@type\":\"SearchAction\",\"target\":{\"@type\":\"EntryPoint\",\"urlTemplate\":\"https:\\\/\\\/www.webdo.tn\\\/fr\\\/?s={search_term_string}\"},\"query-input\":{\"@type\":\"PropertyValueSpecification\",\"valueRequired\":true,\"valueName\":\"search_term_string\"}}],\"inLanguage\":\"fr-FR\"},{\"@type\":\"Organization\",\"@id\":\"https:\\\/\\\/www.webdo.tn\\\/fr\\\/#organization\",\"name\":\"Webdo\",\"alternateName\":\"Webdo.tn\",\"url\":\"https:\\\/\\\/www.webdo.tn\\\/fr\\\/\",\"logo\":{\"@type\":\"ImageObject\",\"inLanguage\":\"fr-FR\",\"@id\":\"https:\\\/\\\/www.webdo.tn\\\/fr\\\/#\\\/schema\\\/logo\\\/image\\\/\",\"url\":\"https:\\\/\\\/www.webdo.tn\\\/fr\\\/wp-content\\\/uploads\\\/2025\\\/06\\\/Webdo-Tunisie_168377.jpg\",\"contentUrl\":\"https:\\\/\\\/www.webdo.tn\\\/fr\\\/wp-content\\\/uploads\\\/2025\\\/06\\\/Webdo-Tunisie_168377.jpg\",\"width\":301,\"height\":301,\"caption\":\"Webdo\"},\"image\":{\"@id\":\"https:\\\/\\\/www.webdo.tn\\\/fr\\\/#\\\/schema\\\/logo\\\/image\\\/\"},\"sameAs\":[\"https:\\\/\\\/www.facebook.com\\\/webdotn\",\"https:\\\/\\\/x.com\\\/webdo_tn\"],\"description\":\"Webdo est un m\u00e9dia num\u00e9rique tunisien fond\u00e9 en 2010, sp\u00e9cialis\u00e9 dans l\u2019actualit\u00e9 nationale et internationale, l\u2019\u00e9conomie, la soci\u00e9t\u00e9 et les analyses politiques. Le site s\u2019adresse \u00e0 un large public francophone et couvre l\u2019information tunisienne en temps r\u00e9el.\",\"email\":\"redac@webdo.tn\",\"legalName\":\"YNJ SARL\",\"foundingDate\":\"2010-09-06\",\"numberOfEmployees\":{\"@type\":\"QuantitativeValue\",\"minValue\":\"11\",\"maxValue\":\"50\"}},{\"@type\":\"Person\",\"@id\":\"https:\\\/\\\/www.webdo.tn\\\/fr\\\/#\\\/schema\\\/person\\\/9a9c6118d687c117df8ef3cc36a4d175\",\"name\":\"webdo.tn\",\"image\":{\"@type\":\"ImageObject\",\"inLanguage\":\"fr-FR\",\"@id\":\"https:\\\/\\\/secure.gravatar.com\\\/avatar\\\/7ce1f28c0c3bbac99ff550b85ef8e44a6950c6ee24514fb6a5489e51d06f0298?s=96&d=mm&r=g\",\"url\":\"https:\\\/\\\/secure.gravatar.com\\\/avatar\\\/7ce1f28c0c3bbac99ff550b85ef8e44a6950c6ee24514fb6a5489e51d06f0298?s=96&d=mm&r=g\",\"contentUrl\":\"https:\\\/\\\/secure.gravatar.com\\\/avatar\\\/7ce1f28c0c3bbac99ff550b85ef8e44a6950c6ee24514fb6a5489e51d06f0298?s=96&d=mm&r=g\",\"caption\":\"webdo.tn\"},\"url\":\"https:\\\/\\\/www.webdo.tn\\\/fr\\\/actualite\\\/author\\\/webdotn\\\/\"}]}<\/script>\n<!-- \/ Yoast SEO Premium plugin. -->","yoast_head_json":{"title":"Poutine accuse Erdogan de prot\u00e9ger le p\u00e9trole de Daech","description":"Poutine accuse Erdogan de prot\u00e9ger le p\u00e9trole de Daech","canonical":"https:\/\/www.webdo.tn\/fr\/actualite\/international\/poutine-accuse-erdogan-de-proteger-le-petrole-de-daech\/183731\/","og_locale":"fr_FR","og_type":"article","og_title":"Poutine accuse Erdogan de prot\u00e9ger le p\u00e9trole de Daech","og_description":"Poutine accuse Erdogan de prot\u00e9ger le p\u00e9trole de Daech","og_url":"https:\/\/www.webdo.tn\/fr\/actualite\/international\/poutine-accuse-erdogan-de-proteger-le-petrole-de-daech\/183731\/","og_site_name":"webdo","article_publisher":"https:\/\/www.facebook.com\/webdotn","article_published_time":"2015-12-01T09:36:00+00:00","article_modified_time":"2025-05-18T21:58:07+00:00","author":"webdo.tn","twitter_card":"summary_large_image","twitter_creator":"@webdo_tn","twitter_site":"@webdo_tn","twitter_misc":{"\u00c9crit par":"webdo.tn","Dur\u00e9e de lecture estim\u00e9e":"1 minute"},"schema":{"@context":"https:\/\/schema.org","@graph":[{"@type":"NewsArticle","@id":"https:\/\/www.webdo.tn\/fr\/actualite\/international\/poutine-accuse-erdogan-de-proteger-le-petrole-de-daech\/183731\/#article","isPartOf":{"@id":"https:\/\/www.webdo.tn\/fr\/actualite\/international\/poutine-accuse-erdogan-de-proteger-le-petrole-de-daech\/183731\/"},"author":{"name":"webdo.tn","@id":"https:\/\/www.webdo.tn\/fr\/#\/schema\/person\/9a9c6118d687c117df8ef3cc36a4d175"},"headline":"Poutine accuse Erdogan de prot\u00e9ger le p\u00e9trole de Daech","datePublished":"2015-12-01T09:36:00+00:00","dateModified":"2025-05-18T21:58:07+00:00","mainEntityOfPage":{"@id":"https:\/\/www.webdo.tn\/fr\/actualite\/international\/poutine-accuse-erdogan-de-proteger-le-petrole-de-daech\/183731\/"},"wordCount":217,"commentCount":0,"publisher":{"@id":"https:\/\/www.webdo.tn\/fr\/#organization"},"image":{"@id":"https:\/\/www.webdo.tn\/fr\/actualite\/international\/poutine-accuse-erdogan-de-proteger-le-petrole-de-daech\/183731\/#primaryimage"},"thumbnailUrl":"https:\/\/www.webdo.tn\/fr\/wp-content\/uploads\/2025\/06\/Recep-Tayyip-Erdogan-photo-wikipedia_183731.jpg","keywords":["guerre"],"articleSection":["International"],"inLanguage":"fr-FR"},{"@type":"WebPage","@id":"https:\/\/www.webdo.tn\/fr\/actualite\/international\/poutine-accuse-erdogan-de-proteger-le-petrole-de-daech\/183731\/","url":"https:\/\/www.webdo.tn\/fr\/actualite\/international\/poutine-accuse-erdogan-de-proteger-le-petrole-de-daech\/183731\/","name":"Poutine accuse Erdogan de prot\u00e9ger le p\u00e9trole de Daech","isPartOf":{"@id":"https:\/\/www.webdo.tn\/fr\/#website"},"primaryImageOfPage":{"@id":"https:\/\/www.webdo.tn\/fr\/actualite\/international\/poutine-accuse-erdogan-de-proteger-le-petrole-de-daech\/183731\/#primaryimage"},"image":{"@id":"https:\/\/www.webdo.tn\/fr\/actualite\/international\/poutine-accuse-erdogan-de-proteger-le-petrole-de-daech\/183731\/#primaryimage"},"thumbnailUrl":"https:\/\/www.webdo.tn\/fr\/wp-content\/uploads\/2025\/06\/Recep-Tayyip-Erdogan-photo-wikipedia_183731.jpg","datePublished":"2015-12-01T09:36:00+00:00","dateModified":"2025-05-18T21:58:07+00:00","description":"Poutine accuse Erdogan de prot\u00e9ger le p\u00e9trole de Daech","breadcrumb":{"@id":"https:\/\/www.webdo.tn\/fr\/actualite\/international\/poutine-accuse-erdogan-de-proteger-le-petrole-de-daech\/183731\/#breadcrumb"},"inLanguage":"fr-FR","potentialAction":[{"@type":"ReadAction","target":["https:\/\/www.webdo.tn\/fr\/actualite\/international\/poutine-accuse-erdogan-de-proteger-le-petrole-de-daech\/183731\/"]}]},{"@type":"ImageObject","inLanguage":"fr-FR","@id":"https:\/\/www.webdo.tn\/fr\/actualite\/international\/poutine-accuse-erdogan-de-proteger-le-petrole-de-daech\/183731\/#primaryimage","url":"https:\/\/www.webdo.tn\/fr\/wp-content\/uploads\/2025\/06\/Recep-Tayyip-Erdogan-photo-wikipedia_183731.jpg","contentUrl":"https:\/\/www.webdo.tn\/fr\/wp-content\/uploads\/2025\/06\/Recep-Tayyip-Erdogan-photo-wikipedia_183731.jpg","width":228,"height":299,"caption":"Poutine accuse Erdogan de prot\u00e9ger le p\u00e9trole de Daech"},{"@type":"BreadcrumbList","@id":"https:\/\/www.webdo.tn\/fr\/actualite\/international\/poutine-accuse-erdogan-de-proteger-le-petrole-de-daech\/183731\/#breadcrumb","itemListElement":[{"@type":"ListItem","position":1,"name":"Accueil","item":"https:\/\/www.webdo.tn\/fr\/"},{"@type":"ListItem","position":2,"name":"Poutine accuse Erdogan de prot\u00e9ger le p\u00e9trole de Daech"}]},{"@type":"WebSite","@id":"https:\/\/www.webdo.tn\/fr\/#website","url":"https:\/\/www.webdo.tn\/fr\/","name":"webdo","description":"Tunisie - News en Tunisie et \u00e0 l&#039;international sur Webdo.tn","publisher":{"@id":"https:\/\/www.webdo.tn\/fr\/#organization"},"potentialAction":[{"@type":"SearchAction","target":{"@type":"EntryPoint","urlTemplate":"https:\/\/www.webdo.tn\/fr\/?s={search_term_string}"},"query-input":{"@type":"PropertyValueSpecification","valueRequired":true,"valueName":"search_term_string"}}],"inLanguage":"fr-FR"},{"@type":"Organization","@id":"https:\/\/www.webdo.tn\/fr\/#organization","name":"Webdo","alternateName":"Webdo.tn","url":"https:\/\/www.webdo.tn\/fr\/","logo":{"@type":"ImageObject","inLanguage":"fr-FR","@id":"https:\/\/www.webdo.tn\/fr\/#\/schema\/logo\/image\/","url":"https:\/\/www.webdo.tn\/fr\/wp-content\/uploads\/2025\/06\/Webdo-Tunisie_168377.jpg","contentUrl":"https:\/\/www.webdo.tn\/fr\/wp-content\/uploads\/2025\/06\/Webdo-Tunisie_168377.jpg","width":301,"height":301,"caption":"Webdo"},"image":{"@id":"https:\/\/www.webdo.tn\/fr\/#\/schema\/logo\/image\/"},"sameAs":["https:\/\/www.facebook.com\/webdotn","https:\/\/x.com\/webdo_tn"],"description":"Webdo est un m\u00e9dia num\u00e9rique tunisien fond\u00e9 en 2010, sp\u00e9cialis\u00e9 dans l\u2019actualit\u00e9 nationale et internationale, l\u2019\u00e9conomie, la soci\u00e9t\u00e9 et les analyses politiques. Le site s\u2019adresse \u00e0 un large public francophone et couvre l\u2019information tunisienne en temps r\u00e9el.","email":"redac@webdo.tn","legalName":"YNJ SARL","foundingDate":"2010-09-06","numberOfEmployees":{"@type":"QuantitativeValue","minValue":"11","maxValue":"50"}},{"@type":"Person","@id":"https:\/\/www.webdo.tn\/fr\/#\/schema\/person\/9a9c6118d687c117df8ef3cc36a4d175","name":"webdo.tn","image":{"@type":"ImageObject","inLanguage":"fr-FR","@id":"https:\/\/secure.gravatar.com\/avatar\/7ce1f28c0c3bbac99ff550b85ef8e44a6950c6ee24514fb6a5489e51d06f0298?s=96&d=mm&r=g","url":"https:\/\/secure.gravatar.com\/avatar\/7ce1f28c0c3bbac99ff550b85ef8e44a6950c6ee24514fb6a5489e51d06f0298?s=96&d=mm&r=g","contentUrl":"https:\/\/secure.gravatar.com\/avatar\/7ce1f28c0c3bbac99ff550b85ef8e44a6950c6ee24514fb6a5489e51d06f0298?s=96&d=mm&r=g","caption":"webdo.tn"},"url":"https:\/\/www.webdo.tn\/fr\/actualite\/author\/webdotn\/"}]}},"_links":{"self":[{"href":"https:\/\/www.webdo.tn\/fr\/wp-json\/wp\/v2\/posts\/183731","targetHints":{"allow":["GET"]}}],"collection":[{"href":"https:\/\/www.webdo.tn\/fr\/wp-json\/wp\/v2\/posts"}],"about":[{"href":"https:\/\/www.webdo.tn\/fr\/wp-json\/wp\/v2\/types\/post"}],"author":[{"embeddable":true,"href":"https:\/\/www.webdo.tn\/fr\/wp-json\/wp\/v2\/users\/3222"}],"replies":[{"embeddable":true,"href":"https:\/\/www.webdo.tn\/fr\/wp-json\/wp\/v2\/comments?post=183731"}],"version-history":[{"count":0,"href":"https:\/\/www.webdo.tn\/fr\/wp-json\/wp\/v2\/posts\/183731\/revisions"}],"wp:featuredmedia":[{"embeddable":true,"href":"https:\/\/www.webdo.tn\/fr\/wp-json\/wp\/v2\/media\/372757"}],"wp:attachment":[{"href":"https:\/\/www.webdo.tn\/fr\/wp-json\/wp\/v2\/media?parent=183731"}],"wp:term":[{"taxonomy":"category","embeddable":true,"href":"https:\/\/www.webdo.tn\/fr\/wp-json\/wp\/v2\/categories?post=183731"},{"taxonomy":"post_tag","embeddable":true,"href":"https:\/\/www.webdo.tn\/fr\/wp-json\/wp\/v2\/tags?post=183731"}],"curies":[{"name":"wp","href":"https:\/\/api.w.org\/{rel}","templated":true}]}}