{"id":183727,"date":"2015-12-01T22:42:00","date_gmt":"2015-12-01T22:42:00","guid":{"rendered":"https:\/\/www.webdo.tn\/fr\/blog\/une-tunisienne-du-comite-international-de-la-croix-rouge-enlevee-au-yemen\/183727\/"},"modified":"2015-12-01T22:42:00","modified_gmt":"2015-12-01T22:42:00","slug":"une-tunisienne-du-comite-international-de-la-croix-rouge-enlevee-au-yemen","status":"publish","type":"post","link":"https:\/\/www.webdo.tn\/fr\/actualite\/international\/une-tunisienne-du-comite-international-de-la-croix-rouge-enlevee-au-yemen\/183727\/","title":{"rendered":"Une Tunisienne du Comit\u00e9 international de la Croix-Rouge enlev\u00e9e au Yemen"},"content":{"rendered":"<p>Deux membres du Comit\u00e9 international de la Croix-Rouge ont \u00e9t\u00e9 enlev\u00e9s ce matin, 1er d\u00e9cembre, \u00e0 Sanaa, capitale du Yemen.<\/p>\n<p>Selon une porte-parole du Cicr le premier otage de nationalit\u00e9 y\u00e9m\u00e9nite, a \u00e9t\u00e9 lib\u00e9r\u00e9 mais la Tunisienne Nourhan Hawas, responsable du programme de protection humanitaire au Y\u00e9men est toujours d\u00e9tenue.<\/p>\n<p>Pour le moment, on ignore tout de l&rsquo;identit\u00e9 des ravisseurs et de leurs motivations.<\/p>\n<p>On rappelle que le Y\u00e9men est en proie \u00e0 un conflit meurtrier depuis que Sanaa ainsi que plusieurs autres provinces du pays sont entre les mains des rebelles.<br \/>\nS.B<\/p>\n","protected":false},"excerpt":{"rendered":"<p>Une Tunisienne du Comit\u00e9 international de la Croix-Rouge enlev\u00e9e au Yemen<\/p>\n","protected":false},"author":3222,"featured_media":375482,"comment_status":"open","ping_status":"closed","sticky":false,"template":"","format":"standard","meta":{"footnotes":""},"categories":[2598],"tags":[2600],"class_list":["post-183727","post","type-post","status-publish","format-standard","has-post-thumbnail","hentry","category-international","tag-guerre"],"yoast_head":"<!-- This site is optimized with the Yoast SEO Premium plugin v27.5 (Yoast SEO v27.5) - https:\/\/yoast.com\/product\/yoast-seo-premium-wordpress\/ -->\n<title>Une Tunisienne du Comit\u00e9 international de la Croix-Rouge enlev\u00e9e au Yemen<\/title>\n<meta name=\"description\" content=\"Une Tunisienne du Comit\u00e9 international de la Croix-Rouge enlev\u00e9e au Yemen\" \/>\n<link rel=\"canonical\" href=\"https:\/\/www.webdo.tn\/fr\/actualite\/international\/une-tunisienne-du-comite-international-de-la-croix-rouge-enlevee-au-yemen\/183727\/\" \/>\n<meta property=\"og:locale\" content=\"fr_FR\" \/>\n<meta property=\"og:type\" content=\"article\" \/>\n<meta property=\"og:title\" content=\"Une Tunisienne du Comit\u00e9 international de la Croix-Rouge enlev\u00e9e au Yemen\" \/>\n<meta property=\"og:description\" content=\"Une Tunisienne du Comit\u00e9 international de la Croix-Rouge enlev\u00e9e au Yemen\" \/>\n<meta property=\"og:url\" content=\"https:\/\/www.webdo.tn\/fr\/actualite\/international\/une-tunisienne-du-comite-international-de-la-croix-rouge-enlevee-au-yemen\/183727\/\" \/>\n<meta property=\"og:site_name\" content=\"webdo\" \/>\n<meta property=\"article:publisher\" content=\"https:\/\/www.facebook.com\/webdotn\" \/>\n<meta property=\"article:published_time\" content=\"2015-12-01T22:42:00+00:00\" \/>\n<meta name=\"author\" content=\"webdo.tn\" \/>\n<meta name=\"twitter:card\" content=\"summary_large_image\" \/>\n<meta name=\"twitter:creator\" content=\"@webdo_tn\" \/>\n<meta name=\"twitter:site\" content=\"@webdo_tn\" \/>\n<meta name=\"twitter:label1\" content=\"\u00c9crit par\" \/>\n\t<meta name=\"twitter:data1\" content=\"webdo.tn\" \/>\n\t<meta name=\"twitter:label2\" content=\"Dur\u00e9e de lecture estim\u00e9e\" \/>\n\t<meta name=\"twitter:data2\" content=\"1 minute\" \/>\n<script type=\"application\/ld+json\" class=\"yoast-schema-graph\">{\"@context\":\"https:\\\/\\\/schema.org\",\"@graph\":[{\"@type\":\"NewsArticle\",\"@id\":\"https:\\\/\\\/www.webdo.tn\\\/fr\\\/actualite\\\/international\\\/une-tunisienne-du-comite-international-de-la-croix-rouge-enlevee-au-yemen\\\/183727\\\/#article\",\"isPartOf\":{\"@id\":\"https:\\\/\\\/www.webdo.tn\\\/fr\\\/actualite\\\/international\\\/une-tunisienne-du-comite-international-de-la-croix-rouge-enlevee-au-yemen\\\/183727\\\/\"},\"author\":{\"name\":\"webdo.tn\",\"@id\":\"https:\\\/\\\/www.webdo.tn\\\/fr\\\/#\\\/schema\\\/person\\\/9a9c6118d687c117df8ef3cc36a4d175\"},\"headline\":\"Une Tunisienne du Comit\u00e9 international de la Croix-Rouge enlev\u00e9e au Yemen\",\"datePublished\":\"2015-12-01T22:42:00+00:00\",\"mainEntityOfPage\":{\"@id\":\"https:\\\/\\\/www.webdo.tn\\\/fr\\\/actualite\\\/international\\\/une-tunisienne-du-comite-international-de-la-croix-rouge-enlevee-au-yemen\\\/183727\\\/\"},\"wordCount\":113,\"commentCount\":0,\"publisher\":{\"@id\":\"https:\\\/\\\/www.webdo.tn\\\/fr\\\/#organization\"},\"image\":{\"@id\":\"https:\\\/\\\/www.webdo.tn\\\/fr\\\/actualite\\\/international\\\/une-tunisienne-du-comite-international-de-la-croix-rouge-enlevee-au-yemen\\\/183727\\\/#primaryimage\"},\"thumbnailUrl\":\"https:\\\/\\\/www.webdo.tn\\\/fr\\\/wp-content\\\/uploads\\\/2025\\\/06\\\/Yemen-itele-300x169_183727.jpg\",\"keywords\":[\"guerre\"],\"articleSection\":[\"International\"],\"inLanguage\":\"fr-FR\"},{\"@type\":\"WebPage\",\"@id\":\"https:\\\/\\\/www.webdo.tn\\\/fr\\\/actualite\\\/international\\\/une-tunisienne-du-comite-international-de-la-croix-rouge-enlevee-au-yemen\\\/183727\\\/\",\"url\":\"https:\\\/\\\/www.webdo.tn\\\/fr\\\/actualite\\\/international\\\/une-tunisienne-du-comite-international-de-la-croix-rouge-enlevee-au-yemen\\\/183727\\\/\",\"name\":\"Une Tunisienne du Comit\u00e9 international de la Croix-Rouge enlev\u00e9e au Yemen\",\"isPartOf\":{\"@id\":\"https:\\\/\\\/www.webdo.tn\\\/fr\\\/#website\"},\"primaryImageOfPage\":{\"@id\":\"https:\\\/\\\/www.webdo.tn\\\/fr\\\/actualite\\\/international\\\/une-tunisienne-du-comite-international-de-la-croix-rouge-enlevee-au-yemen\\\/183727\\\/#primaryimage\"},\"image\":{\"@id\":\"https:\\\/\\\/www.webdo.tn\\\/fr\\\/actualite\\\/international\\\/une-tunisienne-du-comite-international-de-la-croix-rouge-enlevee-au-yemen\\\/183727\\\/#primaryimage\"},\"thumbnailUrl\":\"https:\\\/\\\/www.webdo.tn\\\/fr\\\/wp-content\\\/uploads\\\/2025\\\/06\\\/Yemen-itele-300x169_183727.jpg\",\"datePublished\":\"2015-12-01T22:42:00+00:00\",\"description\":\"Une Tunisienne du Comit\u00e9 international de la Croix-Rouge enlev\u00e9e au Yemen\",\"breadcrumb\":{\"@id\":\"https:\\\/\\\/www.webdo.tn\\\/fr\\\/actualite\\\/international\\\/une-tunisienne-du-comite-international-de-la-croix-rouge-enlevee-au-yemen\\\/183727\\\/#breadcrumb\"},\"inLanguage\":\"fr-FR\",\"potentialAction\":[{\"@type\":\"ReadAction\",\"target\":[\"https:\\\/\\\/www.webdo.tn\\\/fr\\\/actualite\\\/international\\\/une-tunisienne-du-comite-international-de-la-croix-rouge-enlevee-au-yemen\\\/183727\\\/\"]}]},{\"@type\":\"ImageObject\",\"inLanguage\":\"fr-FR\",\"@id\":\"https:\\\/\\\/www.webdo.tn\\\/fr\\\/actualite\\\/international\\\/une-tunisienne-du-comite-international-de-la-croix-rouge-enlevee-au-yemen\\\/183727\\\/#primaryimage\",\"url\":\"https:\\\/\\\/www.webdo.tn\\\/fr\\\/wp-content\\\/uploads\\\/2025\\\/06\\\/Yemen-itele-300x169_183727.jpg\",\"contentUrl\":\"https:\\\/\\\/www.webdo.tn\\\/fr\\\/wp-content\\\/uploads\\\/2025\\\/06\\\/Yemen-itele-300x169_183727.jpg\",\"width\":300,\"height\":169,\"caption\":\"Une Tunisienne du Comit\u00e9 international de la Croix-Rouge enlev\u00e9e au Yemen\"},{\"@type\":\"BreadcrumbList\",\"@id\":\"https:\\\/\\\/www.webdo.tn\\\/fr\\\/actualite\\\/international\\\/une-tunisienne-du-comite-international-de-la-croix-rouge-enlevee-au-yemen\\\/183727\\\/#breadcrumb\",\"itemListElement\":[{\"@type\":\"ListItem\",\"position\":1,\"name\":\"Accueil\",\"item\":\"https:\\\/\\\/www.webdo.tn\\\/fr\\\/\"},{\"@type\":\"ListItem\",\"position\":2,\"name\":\"Une Tunisienne du Comit\u00e9 international de la Croix-Rouge enlev\u00e9e au Yemen\"}]},{\"@type\":\"WebSite\",\"@id\":\"https:\\\/\\\/www.webdo.tn\\\/fr\\\/#website\",\"url\":\"https:\\\/\\\/www.webdo.tn\\\/fr\\\/\",\"name\":\"webdo\",\"description\":\"Tunisie - News en Tunisie et \u00e0 l&#039;international sur Webdo.tn\",\"publisher\":{\"@id\":\"https:\\\/\\\/www.webdo.tn\\\/fr\\\/#organization\"},\"potentialAction\":[{\"@type\":\"SearchAction\",\"target\":{\"@type\":\"EntryPoint\",\"urlTemplate\":\"https:\\\/\\\/www.webdo.tn\\\/fr\\\/?s={search_term_string}\"},\"query-input\":{\"@type\":\"PropertyValueSpecification\",\"valueRequired\":true,\"valueName\":\"search_term_string\"}}],\"inLanguage\":\"fr-FR\"},{\"@type\":\"Organization\",\"@id\":\"https:\\\/\\\/www.webdo.tn\\\/fr\\\/#organization\",\"name\":\"Webdo\",\"alternateName\":\"Webdo.tn\",\"url\":\"https:\\\/\\\/www.webdo.tn\\\/fr\\\/\",\"logo\":{\"@type\":\"ImageObject\",\"inLanguage\":\"fr-FR\",\"@id\":\"https:\\\/\\\/www.webdo.tn\\\/fr\\\/#\\\/schema\\\/logo\\\/image\\\/\",\"url\":\"https:\\\/\\\/www.webdo.tn\\\/fr\\\/wp-content\\\/uploads\\\/2025\\\/06\\\/Webdo-Tunisie_168377.jpg\",\"contentUrl\":\"https:\\\/\\\/www.webdo.tn\\\/fr\\\/wp-content\\\/uploads\\\/2025\\\/06\\\/Webdo-Tunisie_168377.jpg\",\"width\":301,\"height\":301,\"caption\":\"Webdo\"},\"image\":{\"@id\":\"https:\\\/\\\/www.webdo.tn\\\/fr\\\/#\\\/schema\\\/logo\\\/image\\\/\"},\"sameAs\":[\"https:\\\/\\\/www.facebook.com\\\/webdotn\",\"https:\\\/\\\/x.com\\\/webdo_tn\"],\"description\":\"Webdo est un m\u00e9dia num\u00e9rique tunisien fond\u00e9 en 2010, sp\u00e9cialis\u00e9 dans l\u2019actualit\u00e9 nationale et internationale, l\u2019\u00e9conomie, la soci\u00e9t\u00e9 et les analyses politiques. Le site s\u2019adresse \u00e0 un large public francophone et couvre l\u2019information tunisienne en temps r\u00e9el.\",\"email\":\"redac@webdo.tn\",\"legalName\":\"YNJ SARL\",\"foundingDate\":\"2010-09-06\",\"numberOfEmployees\":{\"@type\":\"QuantitativeValue\",\"minValue\":\"11\",\"maxValue\":\"50\"}},{\"@type\":\"Person\",\"@id\":\"https:\\\/\\\/www.webdo.tn\\\/fr\\\/#\\\/schema\\\/person\\\/9a9c6118d687c117df8ef3cc36a4d175\",\"name\":\"webdo.tn\",\"image\":{\"@type\":\"ImageObject\",\"inLanguage\":\"fr-FR\",\"@id\":\"https:\\\/\\\/secure.gravatar.com\\\/avatar\\\/7ce1f28c0c3bbac99ff550b85ef8e44a6950c6ee24514fb6a5489e51d06f0298?s=96&d=mm&r=g\",\"url\":\"https:\\\/\\\/secure.gravatar.com\\\/avatar\\\/7ce1f28c0c3bbac99ff550b85ef8e44a6950c6ee24514fb6a5489e51d06f0298?s=96&d=mm&r=g\",\"contentUrl\":\"https:\\\/\\\/secure.gravatar.com\\\/avatar\\\/7ce1f28c0c3bbac99ff550b85ef8e44a6950c6ee24514fb6a5489e51d06f0298?s=96&d=mm&r=g\",\"caption\":\"webdo.tn\"},\"url\":\"https:\\\/\\\/www.webdo.tn\\\/fr\\\/actualite\\\/author\\\/webdotn\\\/\"}]}<\/script>\n<!-- \/ Yoast SEO Premium plugin. -->","yoast_head_json":{"title":"Une Tunisienne du Comit\u00e9 international de la Croix-Rouge enlev\u00e9e au Yemen","description":"Une Tunisienne du Comit\u00e9 international de la Croix-Rouge enlev\u00e9e au Yemen","canonical":"https:\/\/www.webdo.tn\/fr\/actualite\/international\/une-tunisienne-du-comite-international-de-la-croix-rouge-enlevee-au-yemen\/183727\/","og_locale":"fr_FR","og_type":"article","og_title":"Une Tunisienne du Comit\u00e9 international de la Croix-Rouge enlev\u00e9e au Yemen","og_description":"Une Tunisienne du Comit\u00e9 international de la Croix-Rouge enlev\u00e9e au Yemen","og_url":"https:\/\/www.webdo.tn\/fr\/actualite\/international\/une-tunisienne-du-comite-international-de-la-croix-rouge-enlevee-au-yemen\/183727\/","og_site_name":"webdo","article_publisher":"https:\/\/www.facebook.com\/webdotn","article_published_time":"2015-12-01T22:42:00+00:00","author":"webdo.tn","twitter_card":"summary_large_image","twitter_creator":"@webdo_tn","twitter_site":"@webdo_tn","twitter_misc":{"\u00c9crit par":"webdo.tn","Dur\u00e9e de lecture estim\u00e9e":"1 minute"},"schema":{"@context":"https:\/\/schema.org","@graph":[{"@type":"NewsArticle","@id":"https:\/\/www.webdo.tn\/fr\/actualite\/international\/une-tunisienne-du-comite-international-de-la-croix-rouge-enlevee-au-yemen\/183727\/#article","isPartOf":{"@id":"https:\/\/www.webdo.tn\/fr\/actualite\/international\/une-tunisienne-du-comite-international-de-la-croix-rouge-enlevee-au-yemen\/183727\/"},"author":{"name":"webdo.tn","@id":"https:\/\/www.webdo.tn\/fr\/#\/schema\/person\/9a9c6118d687c117df8ef3cc36a4d175"},"headline":"Une Tunisienne du Comit\u00e9 international de la Croix-Rouge enlev\u00e9e au Yemen","datePublished":"2015-12-01T22:42:00+00:00","mainEntityOfPage":{"@id":"https:\/\/www.webdo.tn\/fr\/actualite\/international\/une-tunisienne-du-comite-international-de-la-croix-rouge-enlevee-au-yemen\/183727\/"},"wordCount":113,"commentCount":0,"publisher":{"@id":"https:\/\/www.webdo.tn\/fr\/#organization"},"image":{"@id":"https:\/\/www.webdo.tn\/fr\/actualite\/international\/une-tunisienne-du-comite-international-de-la-croix-rouge-enlevee-au-yemen\/183727\/#primaryimage"},"thumbnailUrl":"https:\/\/www.webdo.tn\/fr\/wp-content\/uploads\/2025\/06\/Yemen-itele-300x169_183727.jpg","keywords":["guerre"],"articleSection":["International"],"inLanguage":"fr-FR"},{"@type":"WebPage","@id":"https:\/\/www.webdo.tn\/fr\/actualite\/international\/une-tunisienne-du-comite-international-de-la-croix-rouge-enlevee-au-yemen\/183727\/","url":"https:\/\/www.webdo.tn\/fr\/actualite\/international\/une-tunisienne-du-comite-international-de-la-croix-rouge-enlevee-au-yemen\/183727\/","name":"Une Tunisienne du Comit\u00e9 international de la Croix-Rouge enlev\u00e9e au Yemen","isPartOf":{"@id":"https:\/\/www.webdo.tn\/fr\/#website"},"primaryImageOfPage":{"@id":"https:\/\/www.webdo.tn\/fr\/actualite\/international\/une-tunisienne-du-comite-international-de-la-croix-rouge-enlevee-au-yemen\/183727\/#primaryimage"},"image":{"@id":"https:\/\/www.webdo.tn\/fr\/actualite\/international\/une-tunisienne-du-comite-international-de-la-croix-rouge-enlevee-au-yemen\/183727\/#primaryimage"},"thumbnailUrl":"https:\/\/www.webdo.tn\/fr\/wp-content\/uploads\/2025\/06\/Yemen-itele-300x169_183727.jpg","datePublished":"2015-12-01T22:42:00+00:00","description":"Une Tunisienne du Comit\u00e9 international de la Croix-Rouge enlev\u00e9e au Yemen","breadcrumb":{"@id":"https:\/\/www.webdo.tn\/fr\/actualite\/international\/une-tunisienne-du-comite-international-de-la-croix-rouge-enlevee-au-yemen\/183727\/#breadcrumb"},"inLanguage":"fr-FR","potentialAction":[{"@type":"ReadAction","target":["https:\/\/www.webdo.tn\/fr\/actualite\/international\/une-tunisienne-du-comite-international-de-la-croix-rouge-enlevee-au-yemen\/183727\/"]}]},{"@type":"ImageObject","inLanguage":"fr-FR","@id":"https:\/\/www.webdo.tn\/fr\/actualite\/international\/une-tunisienne-du-comite-international-de-la-croix-rouge-enlevee-au-yemen\/183727\/#primaryimage","url":"https:\/\/www.webdo.tn\/fr\/wp-content\/uploads\/2025\/06\/Yemen-itele-300x169_183727.jpg","contentUrl":"https:\/\/www.webdo.tn\/fr\/wp-content\/uploads\/2025\/06\/Yemen-itele-300x169_183727.jpg","width":300,"height":169,"caption":"Une Tunisienne du Comit\u00e9 international de la Croix-Rouge enlev\u00e9e au Yemen"},{"@type":"BreadcrumbList","@id":"https:\/\/www.webdo.tn\/fr\/actualite\/international\/une-tunisienne-du-comite-international-de-la-croix-rouge-enlevee-au-yemen\/183727\/#breadcrumb","itemListElement":[{"@type":"ListItem","position":1,"name":"Accueil","item":"https:\/\/www.webdo.tn\/fr\/"},{"@type":"ListItem","position":2,"name":"Une Tunisienne du Comit\u00e9 international de la Croix-Rouge enlev\u00e9e au Yemen"}]},{"@type":"WebSite","@id":"https:\/\/www.webdo.tn\/fr\/#website","url":"https:\/\/www.webdo.tn\/fr\/","name":"webdo","description":"Tunisie - News en Tunisie et \u00e0 l&#039;international sur Webdo.tn","publisher":{"@id":"https:\/\/www.webdo.tn\/fr\/#organization"},"potentialAction":[{"@type":"SearchAction","target":{"@type":"EntryPoint","urlTemplate":"https:\/\/www.webdo.tn\/fr\/?s={search_term_string}"},"query-input":{"@type":"PropertyValueSpecification","valueRequired":true,"valueName":"search_term_string"}}],"inLanguage":"fr-FR"},{"@type":"Organization","@id":"https:\/\/www.webdo.tn\/fr\/#organization","name":"Webdo","alternateName":"Webdo.tn","url":"https:\/\/www.webdo.tn\/fr\/","logo":{"@type":"ImageObject","inLanguage":"fr-FR","@id":"https:\/\/www.webdo.tn\/fr\/#\/schema\/logo\/image\/","url":"https:\/\/www.webdo.tn\/fr\/wp-content\/uploads\/2025\/06\/Webdo-Tunisie_168377.jpg","contentUrl":"https:\/\/www.webdo.tn\/fr\/wp-content\/uploads\/2025\/06\/Webdo-Tunisie_168377.jpg","width":301,"height":301,"caption":"Webdo"},"image":{"@id":"https:\/\/www.webdo.tn\/fr\/#\/schema\/logo\/image\/"},"sameAs":["https:\/\/www.facebook.com\/webdotn","https:\/\/x.com\/webdo_tn"],"description":"Webdo est un m\u00e9dia num\u00e9rique tunisien fond\u00e9 en 2010, sp\u00e9cialis\u00e9 dans l\u2019actualit\u00e9 nationale et internationale, l\u2019\u00e9conomie, la soci\u00e9t\u00e9 et les analyses politiques. Le site s\u2019adresse \u00e0 un large public francophone et couvre l\u2019information tunisienne en temps r\u00e9el.","email":"redac@webdo.tn","legalName":"YNJ SARL","foundingDate":"2010-09-06","numberOfEmployees":{"@type":"QuantitativeValue","minValue":"11","maxValue":"50"}},{"@type":"Person","@id":"https:\/\/www.webdo.tn\/fr\/#\/schema\/person\/9a9c6118d687c117df8ef3cc36a4d175","name":"webdo.tn","image":{"@type":"ImageObject","inLanguage":"fr-FR","@id":"https:\/\/secure.gravatar.com\/avatar\/7ce1f28c0c3bbac99ff550b85ef8e44a6950c6ee24514fb6a5489e51d06f0298?s=96&d=mm&r=g","url":"https:\/\/secure.gravatar.com\/avatar\/7ce1f28c0c3bbac99ff550b85ef8e44a6950c6ee24514fb6a5489e51d06f0298?s=96&d=mm&r=g","contentUrl":"https:\/\/secure.gravatar.com\/avatar\/7ce1f28c0c3bbac99ff550b85ef8e44a6950c6ee24514fb6a5489e51d06f0298?s=96&d=mm&r=g","caption":"webdo.tn"},"url":"https:\/\/www.webdo.tn\/fr\/actualite\/author\/webdotn\/"}]}},"_links":{"self":[{"href":"https:\/\/www.webdo.tn\/fr\/wp-json\/wp\/v2\/posts\/183727","targetHints":{"allow":["GET"]}}],"collection":[{"href":"https:\/\/www.webdo.tn\/fr\/wp-json\/wp\/v2\/posts"}],"about":[{"href":"https:\/\/www.webdo.tn\/fr\/wp-json\/wp\/v2\/types\/post"}],"author":[{"embeddable":true,"href":"https:\/\/www.webdo.tn\/fr\/wp-json\/wp\/v2\/users\/3222"}],"replies":[{"embeddable":true,"href":"https:\/\/www.webdo.tn\/fr\/wp-json\/wp\/v2\/comments?post=183727"}],"version-history":[{"count":0,"href":"https:\/\/www.webdo.tn\/fr\/wp-json\/wp\/v2\/posts\/183727\/revisions"}],"wp:featuredmedia":[{"embeddable":true,"href":"https:\/\/www.webdo.tn\/fr\/wp-json\/wp\/v2\/media\/375482"}],"wp:attachment":[{"href":"https:\/\/www.webdo.tn\/fr\/wp-json\/wp\/v2\/media?parent=183727"}],"wp:term":[{"taxonomy":"category","embeddable":true,"href":"https:\/\/www.webdo.tn\/fr\/wp-json\/wp\/v2\/categories?post=183727"},{"taxonomy":"post_tag","embeddable":true,"href":"https:\/\/www.webdo.tn\/fr\/wp-json\/wp\/v2\/tags?post=183727"}],"curies":[{"name":"wp","href":"https:\/\/api.w.org\/{rel}","templated":true}]}}